{"id":9947,"date":"2023-05-10T12:10:40","date_gmt":"2023-05-10T12:10:40","guid":{"rendered":"https:\/\/www.autojm.fr\/blog\/?p=9947"},"modified":"2024-05-30T12:14:55","modified_gmt":"2024-05-30T12:14:55","slug":"voiture-electrique-prix-d-achat-et-couts-supplementaires","status":"publish","type":"post","link":"https:\/\/www.autojm.fr\/blog\/voiture-electrique-prix-d-achat-et-couts-supplementaires\/","title":{"rendered":"Voiture \u00e9lectrique : prix d\u2019achat et co\u00fbts suppl\u00e9mentaires\u00a0"},"content":{"rendered":"","protected":false},"excerpt":{"rendered":"<p>Sur le march\u00e9 fran\u00e7ais de l\u2019auto, le prix d&rsquo;une voiture \u00e9lectrique varie en fonction de la marque, du mod\u00e8le et des options choisies. Si les voitures \u00e9lectriques les moins ch\u00e8res sont les citadines et les compactes qui peuvent \u00eatre achet\u00e9es \u00e0 partir de 20 000 \u20ac environ, d\u2019autres mod\u00e8les restent aujourd\u2019hui moins accessibles au grand public en raison du co\u00fbt \u00e9lev\u00e9 de leurs \u00e9quipements. <\/p>\n","protected":false},"author":6,"featured_media":9949,"comment_status":"open","ping_status":"open","sticky":false,"template":"","format":"standard","meta":{"_acf_changed":false,"content-type":"","footnotes":""},"categories":[347],"tags":[88,91,318,90,301,87,85,112,126,92,74,105,109,98,259,106,83,80,108,130,82,145,107,73,121,123,78,96],"class_list":["post-9947","post","type-post","status-publish","format-standard","has-post-thumbnail","hentry","category-conseils-voitures-propres","tag-88","tag-arkana","tag-austral","tag-autojm","tag-c3","tag-captur","tag-citroen-2","tag-citroen-c4x","tag-citroen-jumpy-fg-tole","tag-clio-5","tag-dacia","tag-ds","tag-ford","tag-formentor","tag-hyundai","tag-kia","tag-leon-5-portes","tag-leon-sportstourer","tag-nissan","tag-nouveau-c5-aircross","tag-nouvelle-c4","tag-nouvelle-ds7","tag-opel","tag-peugeot","tag-peugeot-expert-fourgon-tole","tag-peugeot-partner-fourgon-tole","tag-renault","tag-volkswagen"],"acf":[],"yoast_head":"<!-- This site is optimized with the Yoast SEO plugin v27.5 - https:\/\/yoast.com\/product\/yoast-seo-wordpress\/ -->\n<title>Voiture \u00e9lectrique : prix d\u2019achat et co\u00fbts suppl\u00e9mentaires\u00a0<\/title>\n<meta name=\"description\" content=\"Sur le march\u00e9 fran\u00e7ais de l\u2019auto, le prix d&#039;une voiture \u00e9lectrique varie en fonction de la marque, du mod\u00e8le et des options choisies...\" \/>\n<meta name=\"robots\" content=\"index, follow, max-snippet:-1, max-image-preview:large, max-video-preview:-1\" \/>\n<link rel=\"canonical\" href=\"https:\/\/www.autojm.fr\/blog\/voiture-electrique-prix-d-achat-et-couts-supplementaires\/\" \/>\n<meta property=\"og:locale\" content=\"fr_FR\" \/>\n<meta property=\"og:type\" content=\"article\" \/>\n<meta property=\"og:title\" content=\"Voiture \u00e9lectrique : prix d\u2019achat et co\u00fbts suppl\u00e9mentaires\u00a0\" \/>\n<meta property=\"og:description\" content=\"Sur le march\u00e9 fran\u00e7ais de l\u2019auto, le prix d&#039;une voiture \u00e9lectrique varie en fonction de la marque, du mod\u00e8le et des options choisies...\" \/>\n<meta property=\"og:url\" content=\"https:\/\/www.autojm.fr\/blog\/voiture-electrique-prix-d-achat-et-couts-supplementaires\/\" \/>\n<meta property=\"og:site_name\" content=\"AutoJM Mag\" \/>\n<meta property=\"article:publisher\" content=\"https:\/\/www.facebook.com\/AutoJM25\" \/>\n<meta property=\"article:published_time\" content=\"2023-05-10T12:10:40+00:00\" \/>\n<meta property=\"article:modified_time\" content=\"2024-05-30T12:14:55+00:00\" \/>\n<meta property=\"og:image\" content=\"https:\/\/www.autojm.fr\/blog\/wp-content\/uploads\/2023\/05\/Voiture-electrique.jpg\" \/>\n\t<meta property=\"og:image:width\" content=\"1000\" \/>\n\t<meta property=\"og:image:height\" content=\"500\" \/>\n\t<meta property=\"og:image:type\" content=\"image\/jpeg\" \/>\n<meta name=\"author\" content=\"Justine Tripard\" \/>\n<meta name=\"twitter:card\" content=\"summary_large_image\" \/>\n<meta name=\"twitter:label1\" content=\"\u00c9crit par\" \/>\n\t<meta name=\"twitter:data1\" content=\"Justine Tripard\" \/>\n\t<meta name=\"twitter:label2\" content=\"Dur\u00e9e de lecture estim\u00e9e\" \/>\n\t<meta name=\"twitter:data2\" content=\"5 minutes\" \/>\n<script type=\"application\/ld+json\" class=\"yoast-schema-graph\">{\"@context\":\"https:\\\/\\\/schema.org\",\"@graph\":[{\"@type\":\"Article\",\"@id\":\"https:\\\/\\\/www.autojm.fr\\\/blog\\\/voiture-electrique-prix-d-achat-et-couts-supplementaires\\\/#article\",\"isPartOf\":{\"@id\":\"https:\\\/\\\/www.autojm.fr\\\/blog\\\/voiture-electrique-prix-d-achat-et-couts-supplementaires\\\/\"},\"author\":{\"name\":\"Justine Tripard\",\"@id\":\"https:\\\/\\\/www.autojm.fr\\\/blog\\\/#\\\/schema\\\/person\\\/1cc83a91548d88a62eb8cf06f562a72c\"},\"headline\":\"Voiture \u00e9lectrique : prix d\u2019achat et co\u00fbts suppl\u00e9mentaires\u00a0\",\"datePublished\":\"2023-05-10T12:10:40+00:00\",\"dateModified\":\"2024-05-30T12:14:55+00:00\",\"mainEntityOfPage\":{\"@id\":\"https:\\\/\\\/www.autojm.fr\\\/blog\\\/voiture-electrique-prix-d-achat-et-couts-supplementaires\\\/\"},\"wordCount\":10,\"commentCount\":0,\"publisher\":{\"@id\":\"https:\\\/\\\/www.autojm.fr\\\/blog\\\/#organization\"},\"image\":{\"@id\":\"https:\\\/\\\/www.autojm.fr\\\/blog\\\/voiture-electrique-prix-d-achat-et-couts-supplementaires\\\/#primaryimage\"},\"thumbnailUrl\":\"https:\\\/\\\/www.autojm.fr\\\/blog\\\/wp-content\\\/uploads\\\/2023\\\/05\\\/Voiture-electrique.jpg\",\"keywords\":[\"208\",\"arkana\",\"Austral\",\"autojm\",\"C3\",\"captur\",\"Citro\u00ebn\",\"Citro\u00ebn C4X\",\"Citro\u00ebn Jumpy FG Tole\",\"Clio 5\",\"dacia\",\"DS\",\"Ford\",\"formentor\",\"Hyundai\",\"Kia\",\"leon 5 portes\",\"leon sportstourer\",\"Nissan\",\"Nouveau C5 Aircross\",\"nouvelle c4\",\"nouvelle DS7\",\"Opel\",\"peugeot\",\"Peugeot Expert Fourgon Tole\",\"Peugeot Partner Fourgon Tole\",\"renault\",\"Volkswagen\"],\"articleSection\":[\"Conseils voitures propres\"],\"inLanguage\":\"fr-FR\",\"potentialAction\":[{\"@type\":\"CommentAction\",\"name\":\"Comment\",\"target\":[\"https:\\\/\\\/www.autojm.fr\\\/blog\\\/voiture-electrique-prix-d-achat-et-couts-supplementaires\\\/#respond\"]}]},{\"@type\":\"WebPage\",\"@id\":\"https:\\\/\\\/www.autojm.fr\\\/blog\\\/voiture-electrique-prix-d-achat-et-couts-supplementaires\\\/\",\"url\":\"https:\\\/\\\/www.autojm.fr\\\/blog\\\/voiture-electrique-prix-d-achat-et-couts-supplementaires\\\/\",\"name\":\"Voiture \u00e9lectrique : prix d\u2019achat et co\u00fbts suppl\u00e9mentaires\u00a0\",\"isPartOf\":{\"@id\":\"https:\\\/\\\/www.autojm.fr\\\/blog\\\/#website\"},\"primaryImageOfPage\":{\"@id\":\"https:\\\/\\\/www.autojm.fr\\\/blog\\\/voiture-electrique-prix-d-achat-et-couts-supplementaires\\\/#primaryimage\"},\"image\":{\"@id\":\"https:\\\/\\\/www.autojm.fr\\\/blog\\\/voiture-electrique-prix-d-achat-et-couts-supplementaires\\\/#primaryimage\"},\"thumbnailUrl\":\"https:\\\/\\\/www.autojm.fr\\\/blog\\\/wp-content\\\/uploads\\\/2023\\\/05\\\/Voiture-electrique.jpg\",\"datePublished\":\"2023-05-10T12:10:40+00:00\",\"dateModified\":\"2024-05-30T12:14:55+00:00\",\"description\":\"Sur le march\u00e9 fran\u00e7ais de l\u2019auto, le prix d'une voiture \u00e9lectrique varie en fonction de la marque, du mod\u00e8le et des options choisies...\",\"breadcrumb\":{\"@id\":\"https:\\\/\\\/www.autojm.fr\\\/blog\\\/voiture-electrique-prix-d-achat-et-couts-supplementaires\\\/#breadcrumb\"},\"inLanguage\":\"fr-FR\",\"potentialAction\":[{\"@type\":\"ReadAction\",\"target\":[\"https:\\\/\\\/www.autojm.fr\\\/blog\\\/voiture-electrique-prix-d-achat-et-couts-supplementaires\\\/\"]}]},{\"@type\":\"ImageObject\",\"inLanguage\":\"fr-FR\",\"@id\":\"https:\\\/\\\/www.autojm.fr\\\/blog\\\/voiture-electrique-prix-d-achat-et-couts-supplementaires\\\/#primaryimage\",\"url\":\"https:\\\/\\\/www.autojm.fr\\\/blog\\\/wp-content\\\/uploads\\\/2023\\\/05\\\/Voiture-electrique.jpg\",\"contentUrl\":\"https:\\\/\\\/www.autojm.fr\\\/blog\\\/wp-content\\\/uploads\\\/2023\\\/05\\\/Voiture-electrique.jpg\",\"width\":1000,\"height\":500,\"caption\":\"Voiture \u00e9lectrique\"},{\"@type\":\"BreadcrumbList\",\"@id\":\"https:\\\/\\\/www.autojm.fr\\\/blog\\\/voiture-electrique-prix-d-achat-et-couts-supplementaires\\\/#breadcrumb\",\"itemListElement\":[{\"@type\":\"ListItem\",\"position\":1,\"name\":\"Accueil\",\"item\":\"https:\\\/\\\/www.autojm.fr\\\/blog\\\/\"},{\"@type\":\"ListItem\",\"position\":2,\"name\":\"Conseils &amp; Astuces\",\"item\":\"https:\\\/\\\/www.autojm.fr\\\/blog\\\/conseils-astuces\\\/\"},{\"@type\":\"ListItem\",\"position\":3,\"name\":\"Conseils voitures propres\",\"item\":\"https:\\\/\\\/www.autojm.fr\\\/blog\\\/conseils-astuces\\\/conseils-voitures-propres\\\/\"},{\"@type\":\"ListItem\",\"position\":4,\"name\":\"Voiture \u00e9lectrique : prix d\u2019achat et co\u00fbts suppl\u00e9mentaires\u00a0\"}]},{\"@type\":\"WebSite\",\"@id\":\"https:\\\/\\\/www.autojm.fr\\\/blog\\\/#website\",\"url\":\"https:\\\/\\\/www.autojm.fr\\\/blog\\\/\",\"name\":\"AutoJM Mag\",\"description\":\"Toute l&#039;actu auto en 1 clic !\",\"publisher\":{\"@id\":\"https:\\\/\\\/www.autojm.fr\\\/blog\\\/#organization\"},\"potentialAction\":[{\"@type\":\"SearchAction\",\"target\":{\"@type\":\"EntryPoint\",\"urlTemplate\":\"https:\\\/\\\/www.autojm.fr\\\/blog\\\/?s={search_term_string}\"},\"query-input\":{\"@type\":\"PropertyValueSpecification\",\"valueRequired\":true,\"valueName\":\"search_term_string\"}}],\"inLanguage\":\"fr-FR\"},{\"@type\":\"Organization\",\"@id\":\"https:\\\/\\\/www.autojm.fr\\\/blog\\\/#organization\",\"name\":\"AutoJM Mag\",\"url\":\"https:\\\/\\\/www.autojm.fr\\\/blog\\\/\",\"logo\":{\"@type\":\"ImageObject\",\"inLanguage\":\"fr-FR\",\"@id\":\"https:\\\/\\\/www.autojm.fr\\\/blog\\\/#\\\/schema\\\/logo\\\/image\\\/\",\"url\":\"https:\\\/\\\/www.autojm.fr\\\/blog\\\/wp-content\\\/uploads\\\/2022\\\/12\\\/cropped-AutoJMag-png.png\",\"contentUrl\":\"https:\\\/\\\/www.autojm.fr\\\/blog\\\/wp-content\\\/uploads\\\/2022\\\/12\\\/cropped-AutoJMag-png.png\",\"width\":2834,\"height\":585,\"caption\":\"AutoJM Mag\"},\"image\":{\"@id\":\"https:\\\/\\\/www.autojm.fr\\\/blog\\\/#\\\/schema\\\/logo\\\/image\\\/\"},\"sameAs\":[\"https:\\\/\\\/www.facebook.com\\\/AutoJM25\"]},{\"@type\":\"Person\",\"@id\":\"https:\\\/\\\/www.autojm.fr\\\/blog\\\/#\\\/schema\\\/person\\\/1cc83a91548d88a62eb8cf06f562a72c\",\"name\":\"Justine Tripard\",\"image\":{\"@type\":\"ImageObject\",\"inLanguage\":\"fr-FR\",\"@id\":\"https:\\\/\\\/secure.gravatar.com\\\/avatar\\\/b8b45209a4cf0b7b127b9238ec348090e7302306d2485eeaab17b6761fe84991?s=96&d=mm&r=g\",\"url\":\"https:\\\/\\\/secure.gravatar.com\\\/avatar\\\/b8b45209a4cf0b7b127b9238ec348090e7302306d2485eeaab17b6761fe84991?s=96&d=mm&r=g\",\"contentUrl\":\"https:\\\/\\\/secure.gravatar.com\\\/avatar\\\/b8b45209a4cf0b7b127b9238ec348090e7302306d2485eeaab17b6761fe84991?s=96&d=mm&r=g\",\"caption\":\"Justine Tripard\"},\"url\":\"https:\\\/\\\/www.autojm.fr\\\/blog\\\/author\\\/justine\\\/\"}]}<\/script>\n<!-- \/ Yoast SEO plugin. -->","yoast_head_json":{"title":"Voiture \u00e9lectrique : prix d\u2019achat et co\u00fbts suppl\u00e9mentaires\u00a0","description":"Sur le march\u00e9 fran\u00e7ais de l\u2019auto, le prix d'une voiture \u00e9lectrique varie en fonction de la marque, du mod\u00e8le et des options choisies...","robots":{"index":"index","follow":"follow","max-snippet":"max-snippet:-1","max-image-preview":"max-image-preview:large","max-video-preview":"max-video-preview:-1"},"canonical":"https:\/\/www.autojm.fr\/blog\/voiture-electrique-prix-d-achat-et-couts-supplementaires\/","og_locale":"fr_FR","og_type":"article","og_title":"Voiture \u00e9lectrique : prix d\u2019achat et co\u00fbts suppl\u00e9mentaires\u00a0","og_description":"Sur le march\u00e9 fran\u00e7ais de l\u2019auto, le prix d'une voiture \u00e9lectrique varie en fonction de la marque, du mod\u00e8le et des options choisies...","og_url":"https:\/\/www.autojm.fr\/blog\/voiture-electrique-prix-d-achat-et-couts-supplementaires\/","og_site_name":"AutoJM Mag","article_publisher":"https:\/\/www.facebook.com\/AutoJM25","article_published_time":"2023-05-10T12:10:40+00:00","article_modified_time":"2024-05-30T12:14:55+00:00","og_image":[{"width":1000,"height":500,"url":"https:\/\/www.autojm.fr\/blog\/wp-content\/uploads\/2023\/05\/Voiture-electrique.jpg","type":"image\/jpeg"}],"author":"Justine Tripard","twitter_card":"summary_large_image","twitter_misc":{"\u00c9crit par":"Justine Tripard","Dur\u00e9e de lecture estim\u00e9e":"5 minutes"},"schema":{"@context":"https:\/\/schema.org","@graph":[{"@type":"Article","@id":"https:\/\/www.autojm.fr\/blog\/voiture-electrique-prix-d-achat-et-couts-supplementaires\/#article","isPartOf":{"@id":"https:\/\/www.autojm.fr\/blog\/voiture-electrique-prix-d-achat-et-couts-supplementaires\/"},"author":{"name":"Justine Tripard","@id":"https:\/\/www.autojm.fr\/blog\/#\/schema\/person\/1cc83a91548d88a62eb8cf06f562a72c"},"headline":"Voiture \u00e9lectrique : prix d\u2019achat et co\u00fbts suppl\u00e9mentaires\u00a0","datePublished":"2023-05-10T12:10:40+00:00","dateModified":"2024-05-30T12:14:55+00:00","mainEntityOfPage":{"@id":"https:\/\/www.autojm.fr\/blog\/voiture-electrique-prix-d-achat-et-couts-supplementaires\/"},"wordCount":10,"commentCount":0,"publisher":{"@id":"https:\/\/www.autojm.fr\/blog\/#organization"},"image":{"@id":"https:\/\/www.autojm.fr\/blog\/voiture-electrique-prix-d-achat-et-couts-supplementaires\/#primaryimage"},"thumbnailUrl":"https:\/\/www.autojm.fr\/blog\/wp-content\/uploads\/2023\/05\/Voiture-electrique.jpg","keywords":["208","arkana","Austral","autojm","C3","captur","Citro\u00ebn","Citro\u00ebn C4X","Citro\u00ebn Jumpy FG Tole","Clio 5","dacia","DS","Ford","formentor","Hyundai","Kia","leon 5 portes","leon sportstourer","Nissan","Nouveau C5 Aircross","nouvelle c4","nouvelle DS7","Opel","peugeot","Peugeot Expert Fourgon Tole","Peugeot Partner Fourgon Tole","renault","Volkswagen"],"articleSection":["Conseils voitures propres"],"inLanguage":"fr-FR","potentialAction":[{"@type":"CommentAction","name":"Comment","target":["https:\/\/www.autojm.fr\/blog\/voiture-electrique-prix-d-achat-et-couts-supplementaires\/#respond"]}]},{"@type":"WebPage","@id":"https:\/\/www.autojm.fr\/blog\/voiture-electrique-prix-d-achat-et-couts-supplementaires\/","url":"https:\/\/www.autojm.fr\/blog\/voiture-electrique-prix-d-achat-et-couts-supplementaires\/","name":"Voiture \u00e9lectrique : prix d\u2019achat et co\u00fbts suppl\u00e9mentaires\u00a0","isPartOf":{"@id":"https:\/\/www.autojm.fr\/blog\/#website"},"primaryImageOfPage":{"@id":"https:\/\/www.autojm.fr\/blog\/voiture-electrique-prix-d-achat-et-couts-supplementaires\/#primaryimage"},"image":{"@id":"https:\/\/www.autojm.fr\/blog\/voiture-electrique-prix-d-achat-et-couts-supplementaires\/#primaryimage"},"thumbnailUrl":"https:\/\/www.autojm.fr\/blog\/wp-content\/uploads\/2023\/05\/Voiture-electrique.jpg","datePublished":"2023-05-10T12:10:40+00:00","dateModified":"2024-05-30T12:14:55+00:00","description":"Sur le march\u00e9 fran\u00e7ais de l\u2019auto, le prix d'une voiture \u00e9lectrique varie en fonction de la marque, du mod\u00e8le et des options choisies...","breadcrumb":{"@id":"https:\/\/www.autojm.fr\/blog\/voiture-electrique-prix-d-achat-et-couts-supplementaires\/#breadcrumb"},"inLanguage":"fr-FR","potentialAction":[{"@type":"ReadAction","target":["https:\/\/www.autojm.fr\/blog\/voiture-electrique-prix-d-achat-et-couts-supplementaires\/"]}]},{"@type":"ImageObject","inLanguage":"fr-FR","@id":"https:\/\/www.autojm.fr\/blog\/voiture-electrique-prix-d-achat-et-couts-supplementaires\/#primaryimage","url":"https:\/\/www.autojm.fr\/blog\/wp-content\/uploads\/2023\/05\/Voiture-electrique.jpg","contentUrl":"https:\/\/www.autojm.fr\/blog\/wp-content\/uploads\/2023\/05\/Voiture-electrique.jpg","width":1000,"height":500,"caption":"Voiture \u00e9lectrique"},{"@type":"BreadcrumbList","@id":"https:\/\/www.autojm.fr\/blog\/voiture-electrique-prix-d-achat-et-couts-supplementaires\/#breadcrumb","itemListElement":[{"@type":"ListItem","position":1,"name":"Accueil","item":"https:\/\/www.autojm.fr\/blog\/"},{"@type":"ListItem","position":2,"name":"Conseils &amp; Astuces","item":"https:\/\/www.autojm.fr\/blog\/conseils-astuces\/"},{"@type":"ListItem","position":3,"name":"Conseils voitures propres","item":"https:\/\/www.autojm.fr\/blog\/conseils-astuces\/conseils-voitures-propres\/"},{"@type":"ListItem","position":4,"name":"Voiture \u00e9lectrique : prix d\u2019achat et co\u00fbts suppl\u00e9mentaires\u00a0"}]},{"@type":"WebSite","@id":"https:\/\/www.autojm.fr\/blog\/#website","url":"https:\/\/www.autojm.fr\/blog\/","name":"AutoJM Mag","description":"Toute l&#039;actu auto en 1 clic !","publisher":{"@id":"https:\/\/www.autojm.fr\/blog\/#organization"},"potentialAction":[{"@type":"SearchAction","target":{"@type":"EntryPoint","urlTemplate":"https:\/\/www.autojm.fr\/blog\/?s={search_term_string}"},"query-input":{"@type":"PropertyValueSpecification","valueRequired":true,"valueName":"search_term_string"}}],"inLanguage":"fr-FR"},{"@type":"Organization","@id":"https:\/\/www.autojm.fr\/blog\/#organization","name":"AutoJM Mag","url":"https:\/\/www.autojm.fr\/blog\/","logo":{"@type":"ImageObject","inLanguage":"fr-FR","@id":"https:\/\/www.autojm.fr\/blog\/#\/schema\/logo\/image\/","url":"https:\/\/www.autojm.fr\/blog\/wp-content\/uploads\/2022\/12\/cropped-AutoJMag-png.png","contentUrl":"https:\/\/www.autojm.fr\/blog\/wp-content\/uploads\/2022\/12\/cropped-AutoJMag-png.png","width":2834,"height":585,"caption":"AutoJM Mag"},"image":{"@id":"https:\/\/www.autojm.fr\/blog\/#\/schema\/logo\/image\/"},"sameAs":["https:\/\/www.facebook.com\/AutoJM25"]},{"@type":"Person","@id":"https:\/\/www.autojm.fr\/blog\/#\/schema\/person\/1cc83a91548d88a62eb8cf06f562a72c","name":"Justine Tripard","image":{"@type":"ImageObject","inLanguage":"fr-FR","@id":"https:\/\/secure.gravatar.com\/avatar\/b8b45209a4cf0b7b127b9238ec348090e7302306d2485eeaab17b6761fe84991?s=96&d=mm&r=g","url":"https:\/\/secure.gravatar.com\/avatar\/b8b45209a4cf0b7b127b9238ec348090e7302306d2485eeaab17b6761fe84991?s=96&d=mm&r=g","contentUrl":"https:\/\/secure.gravatar.com\/avatar\/b8b45209a4cf0b7b127b9238ec348090e7302306d2485eeaab17b6761fe84991?s=96&d=mm&r=g","caption":"Justine Tripard"},"url":"https:\/\/www.autojm.fr\/blog\/author\/justine\/"}]}},"_links":{"self":[{"href":"https:\/\/www.autojm.fr\/blog\/wp-json\/wp\/v2\/posts\/9947","targetHints":{"allow":["GET"]}}],"collection":[{"href":"https:\/\/www.autojm.fr\/blog\/wp-json\/wp\/v2\/posts"}],"about":[{"href":"https:\/\/www.autojm.fr\/blog\/wp-json\/wp\/v2\/types\/post"}],"author":[{"embeddable":true,"href":"https:\/\/www.autojm.fr\/blog\/wp-json\/wp\/v2\/users\/6"}],"replies":[{"embeddable":true,"href":"https:\/\/www.autojm.fr\/blog\/wp-json\/wp\/v2\/comments?post=9947"}],"version-history":[{"count":16,"href":"https:\/\/www.autojm.fr\/blog\/wp-json\/wp\/v2\/posts\/9947\/revisions"}],"predecessor-version":[{"id":17335,"href":"https:\/\/www.autojm.fr\/blog\/wp-json\/wp\/v2\/posts\/9947\/revisions\/17335"}],"wp:featuredmedia":[{"embeddable":true,"href":"https:\/\/www.autojm.fr\/blog\/wp-json\/wp\/v2\/media\/9949"}],"wp:attachment":[{"href":"https:\/\/www.autojm.fr\/blog\/wp-json\/wp\/v2\/media?parent=9947"}],"wp:term":[{"taxonomy":"category","embeddable":true,"href":"https:\/\/www.autojm.fr\/blog\/wp-json\/wp\/v2\/categories?post=9947"},{"taxonomy":"post_tag","embeddable":true,"href":"https:\/\/www.autojm.fr\/blog\/wp-json\/wp\/v2\/tags?post=9947"}],"curies":[{"name":"wp","href":"https:\/\/api.w.org\/{rel}","templated":true}]}}