{"id":9807,"date":"2023-05-02T12:40:46","date_gmt":"2023-05-02T12:40:46","guid":{"rendered":"https:\/\/www.autojm.fr\/blog\/?p=9807"},"modified":"2024-06-07T14:26:21","modified_gmt":"2024-06-07T14:26:21","slug":"les-ventes-de-vehicules-neufs-poursuivent-leur-progression","status":"publish","type":"post","link":"https:\/\/www.autojm.fr\/blog\/les-ventes-de-vehicules-neufs-poursuivent-leur-progression\/","title":{"rendered":"Les ventes de v\u00e9hicules neufs poursuivent leur progression\u00a0"},"content":{"rendered":"","protected":false},"excerpt":{"rendered":"<p>Gr\u00e2ce aux 132 509 immatriculations enregistr\u00e9es au mois d\u2019avril, les ventes de voitures particuli\u00e8res neuves ont augment\u00e9 de 21.9% par rapport \u00e0 avril 2022. Sur les quatre premiers mois de l\u2019ann\u00e9e, le march\u00e9 de l\u2019automobile totalise une hausse de 16.7% avec 553 396 immatriculations. Avec un recul de l\u2019ordre de 11% sur les 10 derni\u00e8res ann\u00e9es et une situation proche de celle de 1970, le march\u00e9 est encore loin d\u2019une reprise r\u00e9elle en France. Le retour de la disponibilit\u00e9 des v\u00e9hicules demeure n\u00e9anmoins un indicateur qui incite \u00e0 l\u2019optimisme. <\/p>\n","protected":false},"author":6,"featured_media":9809,"comment_status":"open","ping_status":"open","sticky":false,"template":"","format":"standard","meta":{"_acf_changed":false,"content-type":"","footnotes":""},"categories":[5],"tags":[88,333,314,91,318,90,301,87,85,92,74,105,109,98,259,106,83,80,108,130,82,145,107,73,78,96],"class_list":["post-9807","post","type-post","status-publish","format-standard","has-post-thumbnail","hentry","category-actualite-automobile","tag-88","tag-333","tag-314","tag-arkana","tag-austral","tag-autojm","tag-c3","tag-captur","tag-citroen-2","tag-clio-5","tag-dacia","tag-ds","tag-ford","tag-formentor","tag-hyundai","tag-kia","tag-leon-5-portes","tag-leon-sportstourer","tag-nissan","tag-nouveau-c5-aircross","tag-nouvelle-c4","tag-nouvelle-ds7","tag-opel","tag-peugeot","tag-renault","tag-volkswagen"],"acf":[],"yoast_head":"<!-- This site is optimized with the Yoast SEO plugin v27.5 - https:\/\/yoast.com\/product\/yoast-seo-wordpress\/ -->\n<title>Les ventes de v\u00e9hicules neufs poursuivent leur progression\u00a0<\/title>\n<meta name=\"description\" content=\"Gr\u00e2ce aux 132 509 immatriculations enregistr\u00e9es au mois d\u2019avril, les ventes de voitures particuli\u00e8res neuves ont augment\u00e9 de 21.9%...\" \/>\n<meta name=\"robots\" content=\"index, follow, max-snippet:-1, max-image-preview:large, max-video-preview:-1\" \/>\n<link rel=\"canonical\" href=\"https:\/\/www.autojm.fr\/blog\/les-ventes-de-vehicules-neufs-poursuivent-leur-progression\/\" \/>\n<meta property=\"og:locale\" content=\"fr_FR\" \/>\n<meta property=\"og:type\" content=\"article\" \/>\n<meta property=\"og:title\" content=\"Les ventes de v\u00e9hicules neufs poursuivent leur progression\u00a0\" \/>\n<meta property=\"og:description\" content=\"Gr\u00e2ce aux 132 509 immatriculations enregistr\u00e9es au mois d\u2019avril, les ventes de voitures particuli\u00e8res neuves ont augment\u00e9 de 21.9%...\" \/>\n<meta property=\"og:url\" content=\"https:\/\/www.autojm.fr\/blog\/les-ventes-de-vehicules-neufs-poursuivent-leur-progression\/\" \/>\n<meta property=\"og:site_name\" content=\"AutoJM Mag\" \/>\n<meta property=\"article:publisher\" content=\"https:\/\/www.facebook.com\/AutoJM25\" \/>\n<meta property=\"article:published_time\" content=\"2023-05-02T12:40:46+00:00\" \/>\n<meta property=\"article:modified_time\" content=\"2024-06-07T14:26:21+00:00\" \/>\n<meta property=\"og:image\" content=\"https:\/\/www.autojm.fr\/blog\/wp-content\/uploads\/2023\/05\/Immatriculations-avril-2023.jpg\" \/>\n\t<meta property=\"og:image:width\" content=\"1000\" \/>\n\t<meta property=\"og:image:height\" content=\"500\" \/>\n\t<meta property=\"og:image:type\" content=\"image\/jpeg\" \/>\n<meta name=\"author\" content=\"Justine Tripard\" \/>\n<meta name=\"twitter:card\" content=\"summary_large_image\" \/>\n<meta name=\"twitter:label1\" content=\"\u00c9crit par\" \/>\n\t<meta name=\"twitter:data1\" content=\"Justine Tripard\" \/>\n\t<meta name=\"twitter:label2\" content=\"Dur\u00e9e de lecture estim\u00e9e\" \/>\n\t<meta name=\"twitter:data2\" content=\"4 minutes\" \/>\n<script type=\"application\/ld+json\" class=\"yoast-schema-graph\">{\"@context\":\"https:\\\/\\\/schema.org\",\"@graph\":[{\"@type\":\"Article\",\"@id\":\"https:\\\/\\\/www.autojm.fr\\\/blog\\\/les-ventes-de-vehicules-neufs-poursuivent-leur-progression\\\/#article\",\"isPartOf\":{\"@id\":\"https:\\\/\\\/www.autojm.fr\\\/blog\\\/les-ventes-de-vehicules-neufs-poursuivent-leur-progression\\\/\"},\"author\":{\"name\":\"Justine Tripard\",\"@id\":\"https:\\\/\\\/www.autojm.fr\\\/blog\\\/#\\\/schema\\\/person\\\/1cc83a91548d88a62eb8cf06f562a72c\"},\"headline\":\"Les ventes de v\u00e9hicules neufs poursuivent leur progression\u00a0\",\"datePublished\":\"2023-05-02T12:40:46+00:00\",\"dateModified\":\"2024-06-07T14:26:21+00:00\",\"mainEntityOfPage\":{\"@id\":\"https:\\\/\\\/www.autojm.fr\\\/blog\\\/les-ventes-de-vehicules-neufs-poursuivent-leur-progression\\\/\"},\"wordCount\":9,\"commentCount\":0,\"publisher\":{\"@id\":\"https:\\\/\\\/www.autojm.fr\\\/blog\\\/#organization\"},\"image\":{\"@id\":\"https:\\\/\\\/www.autojm.fr\\\/blog\\\/les-ventes-de-vehicules-neufs-poursuivent-leur-progression\\\/#primaryimage\"},\"thumbnailUrl\":\"https:\\\/\\\/www.autojm.fr\\\/blog\\\/wp-content\\\/uploads\\\/2023\\\/05\\\/Immatriculations-avril-2023.jpg\",\"keywords\":[\"208\",\"308\",\"408\",\"arkana\",\"Austral\",\"autojm\",\"C3\",\"captur\",\"Citro\u00ebn\",\"Clio 5\",\"dacia\",\"DS\",\"Ford\",\"formentor\",\"Hyundai\",\"Kia\",\"leon 5 portes\",\"leon sportstourer\",\"Nissan\",\"Nouveau C5 Aircross\",\"nouvelle c4\",\"nouvelle DS7\",\"Opel\",\"peugeot\",\"renault\",\"Volkswagen\"],\"articleSection\":[\"Actualit\u00e9 Automobile\"],\"inLanguage\":\"fr-FR\",\"potentialAction\":[{\"@type\":\"CommentAction\",\"name\":\"Comment\",\"target\":[\"https:\\\/\\\/www.autojm.fr\\\/blog\\\/les-ventes-de-vehicules-neufs-poursuivent-leur-progression\\\/#respond\"]}]},{\"@type\":\"WebPage\",\"@id\":\"https:\\\/\\\/www.autojm.fr\\\/blog\\\/les-ventes-de-vehicules-neufs-poursuivent-leur-progression\\\/\",\"url\":\"https:\\\/\\\/www.autojm.fr\\\/blog\\\/les-ventes-de-vehicules-neufs-poursuivent-leur-progression\\\/\",\"name\":\"Les ventes de v\u00e9hicules neufs poursuivent leur progression\u00a0\",\"isPartOf\":{\"@id\":\"https:\\\/\\\/www.autojm.fr\\\/blog\\\/#website\"},\"primaryImageOfPage\":{\"@id\":\"https:\\\/\\\/www.autojm.fr\\\/blog\\\/les-ventes-de-vehicules-neufs-poursuivent-leur-progression\\\/#primaryimage\"},\"image\":{\"@id\":\"https:\\\/\\\/www.autojm.fr\\\/blog\\\/les-ventes-de-vehicules-neufs-poursuivent-leur-progression\\\/#primaryimage\"},\"thumbnailUrl\":\"https:\\\/\\\/www.autojm.fr\\\/blog\\\/wp-content\\\/uploads\\\/2023\\\/05\\\/Immatriculations-avril-2023.jpg\",\"datePublished\":\"2023-05-02T12:40:46+00:00\",\"dateModified\":\"2024-06-07T14:26:21+00:00\",\"description\":\"Gr\u00e2ce aux 132 509 immatriculations enregistr\u00e9es au mois d\u2019avril, les ventes de voitures particuli\u00e8res neuves ont augment\u00e9 de 21.9%...\",\"breadcrumb\":{\"@id\":\"https:\\\/\\\/www.autojm.fr\\\/blog\\\/les-ventes-de-vehicules-neufs-poursuivent-leur-progression\\\/#breadcrumb\"},\"inLanguage\":\"fr-FR\",\"potentialAction\":[{\"@type\":\"ReadAction\",\"target\":[\"https:\\\/\\\/www.autojm.fr\\\/blog\\\/les-ventes-de-vehicules-neufs-poursuivent-leur-progression\\\/\"]}]},{\"@type\":\"ImageObject\",\"inLanguage\":\"fr-FR\",\"@id\":\"https:\\\/\\\/www.autojm.fr\\\/blog\\\/les-ventes-de-vehicules-neufs-poursuivent-leur-progression\\\/#primaryimage\",\"url\":\"https:\\\/\\\/www.autojm.fr\\\/blog\\\/wp-content\\\/uploads\\\/2023\\\/05\\\/Immatriculations-avril-2023.jpg\",\"contentUrl\":\"https:\\\/\\\/www.autojm.fr\\\/blog\\\/wp-content\\\/uploads\\\/2023\\\/05\\\/Immatriculations-avril-2023.jpg\",\"width\":1000,\"height\":500,\"caption\":\"Immatriculations avril 2023\"},{\"@type\":\"BreadcrumbList\",\"@id\":\"https:\\\/\\\/www.autojm.fr\\\/blog\\\/les-ventes-de-vehicules-neufs-poursuivent-leur-progression\\\/#breadcrumb\",\"itemListElement\":[{\"@type\":\"ListItem\",\"position\":1,\"name\":\"Accueil\",\"item\":\"https:\\\/\\\/www.autojm.fr\\\/blog\\\/\"},{\"@type\":\"ListItem\",\"position\":2,\"name\":\"Actualit\u00e9 Automobile\",\"item\":\"https:\\\/\\\/www.autojm.fr\\\/blog\\\/actualite-automobile\\\/\"},{\"@type\":\"ListItem\",\"position\":3,\"name\":\"Les ventes de v\u00e9hicules neufs poursuivent leur progression\u00a0\"}]},{\"@type\":\"WebSite\",\"@id\":\"https:\\\/\\\/www.autojm.fr\\\/blog\\\/#website\",\"url\":\"https:\\\/\\\/www.autojm.fr\\\/blog\\\/\",\"name\":\"AutoJM Mag\",\"description\":\"Toute l&#039;actu auto en 1 clic !\",\"publisher\":{\"@id\":\"https:\\\/\\\/www.autojm.fr\\\/blog\\\/#organization\"},\"potentialAction\":[{\"@type\":\"SearchAction\",\"target\":{\"@type\":\"EntryPoint\",\"urlTemplate\":\"https:\\\/\\\/www.autojm.fr\\\/blog\\\/?s={search_term_string}\"},\"query-input\":{\"@type\":\"PropertyValueSpecification\",\"valueRequired\":true,\"valueName\":\"search_term_string\"}}],\"inLanguage\":\"fr-FR\"},{\"@type\":\"Organization\",\"@id\":\"https:\\\/\\\/www.autojm.fr\\\/blog\\\/#organization\",\"name\":\"AutoJM Mag\",\"url\":\"https:\\\/\\\/www.autojm.fr\\\/blog\\\/\",\"logo\":{\"@type\":\"ImageObject\",\"inLanguage\":\"fr-FR\",\"@id\":\"https:\\\/\\\/www.autojm.fr\\\/blog\\\/#\\\/schema\\\/logo\\\/image\\\/\",\"url\":\"https:\\\/\\\/www.autojm.fr\\\/blog\\\/wp-content\\\/uploads\\\/2022\\\/12\\\/cropped-AutoJMag-png.png\",\"contentUrl\":\"https:\\\/\\\/www.autojm.fr\\\/blog\\\/wp-content\\\/uploads\\\/2022\\\/12\\\/cropped-AutoJMag-png.png\",\"width\":2834,\"height\":585,\"caption\":\"AutoJM Mag\"},\"image\":{\"@id\":\"https:\\\/\\\/www.autojm.fr\\\/blog\\\/#\\\/schema\\\/logo\\\/image\\\/\"},\"sameAs\":[\"https:\\\/\\\/www.facebook.com\\\/AutoJM25\"]},{\"@type\":\"Person\",\"@id\":\"https:\\\/\\\/www.autojm.fr\\\/blog\\\/#\\\/schema\\\/person\\\/1cc83a91548d88a62eb8cf06f562a72c\",\"name\":\"Justine Tripard\",\"image\":{\"@type\":\"ImageObject\",\"inLanguage\":\"fr-FR\",\"@id\":\"https:\\\/\\\/secure.gravatar.com\\\/avatar\\\/b8b45209a4cf0b7b127b9238ec348090e7302306d2485eeaab17b6761fe84991?s=96&d=mm&r=g\",\"url\":\"https:\\\/\\\/secure.gravatar.com\\\/avatar\\\/b8b45209a4cf0b7b127b9238ec348090e7302306d2485eeaab17b6761fe84991?s=96&d=mm&r=g\",\"contentUrl\":\"https:\\\/\\\/secure.gravatar.com\\\/avatar\\\/b8b45209a4cf0b7b127b9238ec348090e7302306d2485eeaab17b6761fe84991?s=96&d=mm&r=g\",\"caption\":\"Justine Tripard\"},\"url\":\"https:\\\/\\\/www.autojm.fr\\\/blog\\\/author\\\/justine\\\/\"}]}<\/script>\n<!-- \/ Yoast SEO plugin. -->","yoast_head_json":{"title":"Les ventes de v\u00e9hicules neufs poursuivent leur progression\u00a0","description":"Gr\u00e2ce aux 132 509 immatriculations enregistr\u00e9es au mois d\u2019avril, les ventes de voitures particuli\u00e8res neuves ont augment\u00e9 de 21.9%...","robots":{"index":"index","follow":"follow","max-snippet":"max-snippet:-1","max-image-preview":"max-image-preview:large","max-video-preview":"max-video-preview:-1"},"canonical":"https:\/\/www.autojm.fr\/blog\/les-ventes-de-vehicules-neufs-poursuivent-leur-progression\/","og_locale":"fr_FR","og_type":"article","og_title":"Les ventes de v\u00e9hicules neufs poursuivent leur progression\u00a0","og_description":"Gr\u00e2ce aux 132 509 immatriculations enregistr\u00e9es au mois d\u2019avril, les ventes de voitures particuli\u00e8res neuves ont augment\u00e9 de 21.9%...","og_url":"https:\/\/www.autojm.fr\/blog\/les-ventes-de-vehicules-neufs-poursuivent-leur-progression\/","og_site_name":"AutoJM Mag","article_publisher":"https:\/\/www.facebook.com\/AutoJM25","article_published_time":"2023-05-02T12:40:46+00:00","article_modified_time":"2024-06-07T14:26:21+00:00","og_image":[{"width":1000,"height":500,"url":"https:\/\/www.autojm.fr\/blog\/wp-content\/uploads\/2023\/05\/Immatriculations-avril-2023.jpg","type":"image\/jpeg"}],"author":"Justine Tripard","twitter_card":"summary_large_image","twitter_misc":{"\u00c9crit par":"Justine Tripard","Dur\u00e9e de lecture estim\u00e9e":"4 minutes"},"schema":{"@context":"https:\/\/schema.org","@graph":[{"@type":"Article","@id":"https:\/\/www.autojm.fr\/blog\/les-ventes-de-vehicules-neufs-poursuivent-leur-progression\/#article","isPartOf":{"@id":"https:\/\/www.autojm.fr\/blog\/les-ventes-de-vehicules-neufs-poursuivent-leur-progression\/"},"author":{"name":"Justine Tripard","@id":"https:\/\/www.autojm.fr\/blog\/#\/schema\/person\/1cc83a91548d88a62eb8cf06f562a72c"},"headline":"Les ventes de v\u00e9hicules neufs poursuivent leur progression\u00a0","datePublished":"2023-05-02T12:40:46+00:00","dateModified":"2024-06-07T14:26:21+00:00","mainEntityOfPage":{"@id":"https:\/\/www.autojm.fr\/blog\/les-ventes-de-vehicules-neufs-poursuivent-leur-progression\/"},"wordCount":9,"commentCount":0,"publisher":{"@id":"https:\/\/www.autojm.fr\/blog\/#organization"},"image":{"@id":"https:\/\/www.autojm.fr\/blog\/les-ventes-de-vehicules-neufs-poursuivent-leur-progression\/#primaryimage"},"thumbnailUrl":"https:\/\/www.autojm.fr\/blog\/wp-content\/uploads\/2023\/05\/Immatriculations-avril-2023.jpg","keywords":["208","308","408","arkana","Austral","autojm","C3","captur","Citro\u00ebn","Clio 5","dacia","DS","Ford","formentor","Hyundai","Kia","leon 5 portes","leon sportstourer","Nissan","Nouveau C5 Aircross","nouvelle c4","nouvelle DS7","Opel","peugeot","renault","Volkswagen"],"articleSection":["Actualit\u00e9 Automobile"],"inLanguage":"fr-FR","potentialAction":[{"@type":"CommentAction","name":"Comment","target":["https:\/\/www.autojm.fr\/blog\/les-ventes-de-vehicules-neufs-poursuivent-leur-progression\/#respond"]}]},{"@type":"WebPage","@id":"https:\/\/www.autojm.fr\/blog\/les-ventes-de-vehicules-neufs-poursuivent-leur-progression\/","url":"https:\/\/www.autojm.fr\/blog\/les-ventes-de-vehicules-neufs-poursuivent-leur-progression\/","name":"Les ventes de v\u00e9hicules neufs poursuivent leur progression\u00a0","isPartOf":{"@id":"https:\/\/www.autojm.fr\/blog\/#website"},"primaryImageOfPage":{"@id":"https:\/\/www.autojm.fr\/blog\/les-ventes-de-vehicules-neufs-poursuivent-leur-progression\/#primaryimage"},"image":{"@id":"https:\/\/www.autojm.fr\/blog\/les-ventes-de-vehicules-neufs-poursuivent-leur-progression\/#primaryimage"},"thumbnailUrl":"https:\/\/www.autojm.fr\/blog\/wp-content\/uploads\/2023\/05\/Immatriculations-avril-2023.jpg","datePublished":"2023-05-02T12:40:46+00:00","dateModified":"2024-06-07T14:26:21+00:00","description":"Gr\u00e2ce aux 132 509 immatriculations enregistr\u00e9es au mois d\u2019avril, les ventes de voitures particuli\u00e8res neuves ont augment\u00e9 de 21.9%...","breadcrumb":{"@id":"https:\/\/www.autojm.fr\/blog\/les-ventes-de-vehicules-neufs-poursuivent-leur-progression\/#breadcrumb"},"inLanguage":"fr-FR","potentialAction":[{"@type":"ReadAction","target":["https:\/\/www.autojm.fr\/blog\/les-ventes-de-vehicules-neufs-poursuivent-leur-progression\/"]}]},{"@type":"ImageObject","inLanguage":"fr-FR","@id":"https:\/\/www.autojm.fr\/blog\/les-ventes-de-vehicules-neufs-poursuivent-leur-progression\/#primaryimage","url":"https:\/\/www.autojm.fr\/blog\/wp-content\/uploads\/2023\/05\/Immatriculations-avril-2023.jpg","contentUrl":"https:\/\/www.autojm.fr\/blog\/wp-content\/uploads\/2023\/05\/Immatriculations-avril-2023.jpg","width":1000,"height":500,"caption":"Immatriculations avril 2023"},{"@type":"BreadcrumbList","@id":"https:\/\/www.autojm.fr\/blog\/les-ventes-de-vehicules-neufs-poursuivent-leur-progression\/#breadcrumb","itemListElement":[{"@type":"ListItem","position":1,"name":"Accueil","item":"https:\/\/www.autojm.fr\/blog\/"},{"@type":"ListItem","position":2,"name":"Actualit\u00e9 Automobile","item":"https:\/\/www.autojm.fr\/blog\/actualite-automobile\/"},{"@type":"ListItem","position":3,"name":"Les ventes de v\u00e9hicules neufs poursuivent leur progression\u00a0"}]},{"@type":"WebSite","@id":"https:\/\/www.autojm.fr\/blog\/#website","url":"https:\/\/www.autojm.fr\/blog\/","name":"AutoJM Mag","description":"Toute l&#039;actu auto en 1 clic !","publisher":{"@id":"https:\/\/www.autojm.fr\/blog\/#organization"},"potentialAction":[{"@type":"SearchAction","target":{"@type":"EntryPoint","urlTemplate":"https:\/\/www.autojm.fr\/blog\/?s={search_term_string}"},"query-input":{"@type":"PropertyValueSpecification","valueRequired":true,"valueName":"search_term_string"}}],"inLanguage":"fr-FR"},{"@type":"Organization","@id":"https:\/\/www.autojm.fr\/blog\/#organization","name":"AutoJM Mag","url":"https:\/\/www.autojm.fr\/blog\/","logo":{"@type":"ImageObject","inLanguage":"fr-FR","@id":"https:\/\/www.autojm.fr\/blog\/#\/schema\/logo\/image\/","url":"https:\/\/www.autojm.fr\/blog\/wp-content\/uploads\/2022\/12\/cropped-AutoJMag-png.png","contentUrl":"https:\/\/www.autojm.fr\/blog\/wp-content\/uploads\/2022\/12\/cropped-AutoJMag-png.png","width":2834,"height":585,"caption":"AutoJM Mag"},"image":{"@id":"https:\/\/www.autojm.fr\/blog\/#\/schema\/logo\/image\/"},"sameAs":["https:\/\/www.facebook.com\/AutoJM25"]},{"@type":"Person","@id":"https:\/\/www.autojm.fr\/blog\/#\/schema\/person\/1cc83a91548d88a62eb8cf06f562a72c","name":"Justine Tripard","image":{"@type":"ImageObject","inLanguage":"fr-FR","@id":"https:\/\/secure.gravatar.com\/avatar\/b8b45209a4cf0b7b127b9238ec348090e7302306d2485eeaab17b6761fe84991?s=96&d=mm&r=g","url":"https:\/\/secure.gravatar.com\/avatar\/b8b45209a4cf0b7b127b9238ec348090e7302306d2485eeaab17b6761fe84991?s=96&d=mm&r=g","contentUrl":"https:\/\/secure.gravatar.com\/avatar\/b8b45209a4cf0b7b127b9238ec348090e7302306d2485eeaab17b6761fe84991?s=96&d=mm&r=g","caption":"Justine Tripard"},"url":"https:\/\/www.autojm.fr\/blog\/author\/justine\/"}]}},"_links":{"self":[{"href":"https:\/\/www.autojm.fr\/blog\/wp-json\/wp\/v2\/posts\/9807","targetHints":{"allow":["GET"]}}],"collection":[{"href":"https:\/\/www.autojm.fr\/blog\/wp-json\/wp\/v2\/posts"}],"about":[{"href":"https:\/\/www.autojm.fr\/blog\/wp-json\/wp\/v2\/types\/post"}],"author":[{"embeddable":true,"href":"https:\/\/www.autojm.fr\/blog\/wp-json\/wp\/v2\/users\/6"}],"replies":[{"embeddable":true,"href":"https:\/\/www.autojm.fr\/blog\/wp-json\/wp\/v2\/comments?post=9807"}],"version-history":[{"count":8,"href":"https:\/\/www.autojm.fr\/blog\/wp-json\/wp\/v2\/posts\/9807\/revisions"}],"predecessor-version":[{"id":9900,"href":"https:\/\/www.autojm.fr\/blog\/wp-json\/wp\/v2\/posts\/9807\/revisions\/9900"}],"wp:featuredmedia":[{"embeddable":true,"href":"https:\/\/www.autojm.fr\/blog\/wp-json\/wp\/v2\/media\/9809"}],"wp:attachment":[{"href":"https:\/\/www.autojm.fr\/blog\/wp-json\/wp\/v2\/media?parent=9807"}],"wp:term":[{"taxonomy":"category","embeddable":true,"href":"https:\/\/www.autojm.fr\/blog\/wp-json\/wp\/v2\/categories?post=9807"},{"taxonomy":"post_tag","embeddable":true,"href":"https:\/\/www.autojm.fr\/blog\/wp-json\/wp\/v2\/tags?post=9807"}],"curies":[{"name":"wp","href":"https:\/\/api.w.org\/{rel}","templated":true}]}}