{"id":9753,"date":"2023-04-26T09:46:53","date_gmt":"2023-04-26T09:46:53","guid":{"rendered":"https:\/\/www.autojm.fr\/blog\/?p=9753"},"modified":"2024-09-25T12:35:29","modified_gmt":"2024-09-25T12:35:29","slug":"combien-de-kilometres-dautonomie-pour-une-voiture-electrique","status":"publish","type":"post","link":"https:\/\/www.autojm.fr\/blog\/combien-de-kilometres-dautonomie-pour-une-voiture-electrique\/","title":{"rendered":"Voiture \u00e9lectrique : combien de kilom\u00e8tres d\u2019autonomie ?\u00a0"},"content":{"rendered":"","protected":false},"excerpt":{"rendered":"<p>Alors que l\u2019interdiction des ventes de voitures thermiques neuves dans l\u2019Union Europ\u00e9enne se profile \u00e0 l\u2019horizon 2035, l\u2019engouement pour les v\u00e9hicules \u00e9lectriques ne cesse de cro\u00eetre au fil des ans sur le march\u00e9 de l\u2019auto en France. \u00c0 l\u2019instar des mod\u00e8les hybrides rechargeables, ce type de mobilit\u00e9 s\u2019inscrit dans le cadre des normes environnementales impos\u00e9es aux constructeurs visant \u00e0 r\u00e9duire les \u00e9missions de CO2. D\u00e9couvrez notre s\u00e9lection de mod\u00e8les \u00e9lectriques dont l\u2019autonomie varie selon la puissance de leur moteur et la capacit\u00e9 de leur batterie. <\/p>\n","protected":false},"author":6,"featured_media":9755,"comment_status":"open","ping_status":"open","sticky":false,"template":"","format":"standard","meta":{"_acf_changed":false,"content-type":"","footnotes":""},"categories":[22,347],"tags":[88,333,314,91,318,90,301,87,85,92,74,105,110,109,98,259,106,83,80,108,130,82,145,107,73,78,96],"class_list":["post-9753","post","type-post","status-publish","format-standard","has-post-thumbnail","hentry","category-conseils-astuces","category-conseils-voitures-propres","tag-88","tag-333","tag-314","tag-arkana","tag-austral","tag-autojm","tag-c3","tag-captur","tag-citroen-2","tag-clio-5","tag-dacia","tag-ds","tag-fiat","tag-ford","tag-formentor","tag-hyundai","tag-kia","tag-leon-5-portes","tag-leon-sportstourer","tag-nissan","tag-nouveau-c5-aircross","tag-nouvelle-c4","tag-nouvelle-ds7","tag-opel","tag-peugeot","tag-renault","tag-volkswagen"],"acf":[],"yoast_head":"<!-- This site is optimized with the Yoast SEO plugin v27.5 - https:\/\/yoast.com\/product\/yoast-seo-wordpress\/ -->\n<title>Voiture \u00e9lectrique : combien de kilom\u00e8tres d\u2019autonomie ?\u00a0<\/title>\n<meta name=\"description\" content=\"Alors que l\u2019interdiction des ventes de voitures thermiques neuves dans l\u2019Union europ\u00e9enne interviendra en 2035, la voiture \u00e9lectrique...\" \/>\n<meta name=\"robots\" content=\"index, follow, max-snippet:-1, max-image-preview:large, max-video-preview:-1\" \/>\n<link rel=\"canonical\" href=\"https:\/\/www.autojm.fr\/blog\/combien-de-kilometres-dautonomie-pour-une-voiture-electrique\/\" \/>\n<meta property=\"og:locale\" content=\"fr_FR\" \/>\n<meta property=\"og:type\" content=\"article\" \/>\n<meta property=\"og:title\" content=\"Voiture \u00e9lectrique : combien de kilom\u00e8tres d\u2019autonomie ?\u00a0\" \/>\n<meta property=\"og:description\" content=\"Alors que l\u2019interdiction des ventes de voitures thermiques neuves dans l\u2019Union europ\u00e9enne interviendra en 2035, la voiture \u00e9lectrique...\" \/>\n<meta property=\"og:url\" content=\"https:\/\/www.autojm.fr\/blog\/combien-de-kilometres-dautonomie-pour-une-voiture-electrique\/\" \/>\n<meta property=\"og:site_name\" content=\"AutoJM Mag\" \/>\n<meta property=\"article:publisher\" content=\"https:\/\/www.facebook.com\/AutoJM25\" \/>\n<meta property=\"article:published_time\" content=\"2023-04-26T09:46:53+00:00\" \/>\n<meta property=\"article:modified_time\" content=\"2024-09-25T12:35:29+00:00\" \/>\n<meta property=\"og:image\" content=\"https:\/\/www.autojm.fr\/blog\/wp-content\/uploads\/2023\/04\/Autonomie-voiture-electrique.jpg\" \/>\n\t<meta property=\"og:image:width\" content=\"1000\" \/>\n\t<meta property=\"og:image:height\" content=\"500\" \/>\n\t<meta property=\"og:image:type\" content=\"image\/jpeg\" \/>\n<meta name=\"author\" content=\"Justine Tripard\" \/>\n<meta name=\"twitter:card\" content=\"summary_large_image\" \/>\n<meta name=\"twitter:label1\" content=\"\u00c9crit par\" \/>\n\t<meta name=\"twitter:data1\" content=\"Justine Tripard\" \/>\n\t<meta name=\"twitter:label2\" content=\"Dur\u00e9e de lecture estim\u00e9e\" \/>\n\t<meta name=\"twitter:data2\" content=\"6 minutes\" \/>\n<script type=\"application\/ld+json\" class=\"yoast-schema-graph\">{\"@context\":\"https:\\\/\\\/schema.org\",\"@graph\":[{\"@type\":\"Article\",\"@id\":\"https:\\\/\\\/www.autojm.fr\\\/blog\\\/combien-de-kilometres-dautonomie-pour-une-voiture-electrique\\\/#article\",\"isPartOf\":{\"@id\":\"https:\\\/\\\/www.autojm.fr\\\/blog\\\/combien-de-kilometres-dautonomie-pour-une-voiture-electrique\\\/\"},\"author\":{\"name\":\"Justine Tripard\",\"@id\":\"https:\\\/\\\/www.autojm.fr\\\/blog\\\/#\\\/schema\\\/person\\\/1cc83a91548d88a62eb8cf06f562a72c\"},\"headline\":\"Voiture \u00e9lectrique : combien de kilom\u00e8tres d\u2019autonomie ?\u00a0\",\"datePublished\":\"2023-04-26T09:46:53+00:00\",\"dateModified\":\"2024-09-25T12:35:29+00:00\",\"mainEntityOfPage\":{\"@id\":\"https:\\\/\\\/www.autojm.fr\\\/blog\\\/combien-de-kilometres-dautonomie-pour-une-voiture-electrique\\\/\"},\"wordCount\":8,\"commentCount\":0,\"publisher\":{\"@id\":\"https:\\\/\\\/www.autojm.fr\\\/blog\\\/#organization\"},\"image\":{\"@id\":\"https:\\\/\\\/www.autojm.fr\\\/blog\\\/combien-de-kilometres-dautonomie-pour-une-voiture-electrique\\\/#primaryimage\"},\"thumbnailUrl\":\"https:\\\/\\\/www.autojm.fr\\\/blog\\\/wp-content\\\/uploads\\\/2023\\\/04\\\/Autonomie-voiture-electrique.jpg\",\"keywords\":[\"208\",\"308\",\"408\",\"arkana\",\"Austral\",\"autojm\",\"C3\",\"captur\",\"Citro\u00ebn\",\"Clio 5\",\"dacia\",\"DS\",\"Fiat\",\"Ford\",\"formentor\",\"Hyundai\",\"Kia\",\"leon 5 portes\",\"leon sportstourer\",\"Nissan\",\"Nouveau C5 Aircross\",\"nouvelle c4\",\"nouvelle DS7\",\"Opel\",\"peugeot\",\"renault\",\"Volkswagen\"],\"articleSection\":[\"Conseils &amp; Astuces\",\"Conseils voitures propres\"],\"inLanguage\":\"fr-FR\",\"potentialAction\":[{\"@type\":\"CommentAction\",\"name\":\"Comment\",\"target\":[\"https:\\\/\\\/www.autojm.fr\\\/blog\\\/combien-de-kilometres-dautonomie-pour-une-voiture-electrique\\\/#respond\"]}]},{\"@type\":\"WebPage\",\"@id\":\"https:\\\/\\\/www.autojm.fr\\\/blog\\\/combien-de-kilometres-dautonomie-pour-une-voiture-electrique\\\/\",\"url\":\"https:\\\/\\\/www.autojm.fr\\\/blog\\\/combien-de-kilometres-dautonomie-pour-une-voiture-electrique\\\/\",\"name\":\"Voiture \u00e9lectrique : combien de kilom\u00e8tres d\u2019autonomie ?\u00a0\",\"isPartOf\":{\"@id\":\"https:\\\/\\\/www.autojm.fr\\\/blog\\\/#website\"},\"primaryImageOfPage\":{\"@id\":\"https:\\\/\\\/www.autojm.fr\\\/blog\\\/combien-de-kilometres-dautonomie-pour-une-voiture-electrique\\\/#primaryimage\"},\"image\":{\"@id\":\"https:\\\/\\\/www.autojm.fr\\\/blog\\\/combien-de-kilometres-dautonomie-pour-une-voiture-electrique\\\/#primaryimage\"},\"thumbnailUrl\":\"https:\\\/\\\/www.autojm.fr\\\/blog\\\/wp-content\\\/uploads\\\/2023\\\/04\\\/Autonomie-voiture-electrique.jpg\",\"datePublished\":\"2023-04-26T09:46:53+00:00\",\"dateModified\":\"2024-09-25T12:35:29+00:00\",\"description\":\"Alors que l\u2019interdiction des ventes de voitures thermiques neuves dans l\u2019Union europ\u00e9enne interviendra en 2035, la voiture \u00e9lectrique...\",\"breadcrumb\":{\"@id\":\"https:\\\/\\\/www.autojm.fr\\\/blog\\\/combien-de-kilometres-dautonomie-pour-une-voiture-electrique\\\/#breadcrumb\"},\"inLanguage\":\"fr-FR\",\"potentialAction\":[{\"@type\":\"ReadAction\",\"target\":[\"https:\\\/\\\/www.autojm.fr\\\/blog\\\/combien-de-kilometres-dautonomie-pour-une-voiture-electrique\\\/\"]}]},{\"@type\":\"ImageObject\",\"inLanguage\":\"fr-FR\",\"@id\":\"https:\\\/\\\/www.autojm.fr\\\/blog\\\/combien-de-kilometres-dautonomie-pour-une-voiture-electrique\\\/#primaryimage\",\"url\":\"https:\\\/\\\/www.autojm.fr\\\/blog\\\/wp-content\\\/uploads\\\/2023\\\/04\\\/Autonomie-voiture-electrique.jpg\",\"contentUrl\":\"https:\\\/\\\/www.autojm.fr\\\/blog\\\/wp-content\\\/uploads\\\/2023\\\/04\\\/Autonomie-voiture-electrique.jpg\",\"width\":1000,\"height\":500,\"caption\":\"Voiture \u00e9lectrique\"},{\"@type\":\"BreadcrumbList\",\"@id\":\"https:\\\/\\\/www.autojm.fr\\\/blog\\\/combien-de-kilometres-dautonomie-pour-une-voiture-electrique\\\/#breadcrumb\",\"itemListElement\":[{\"@type\":\"ListItem\",\"position\":1,\"name\":\"Accueil\",\"item\":\"https:\\\/\\\/www.autojm.fr\\\/blog\\\/\"},{\"@type\":\"ListItem\",\"position\":2,\"name\":\"Conseils &amp; Astuces\",\"item\":\"https:\\\/\\\/www.autojm.fr\\\/blog\\\/conseils-astuces\\\/\"},{\"@type\":\"ListItem\",\"position\":3,\"name\":\"Voiture \u00e9lectrique : combien de kilom\u00e8tres d\u2019autonomie ?\u00a0\"}]},{\"@type\":\"WebSite\",\"@id\":\"https:\\\/\\\/www.autojm.fr\\\/blog\\\/#website\",\"url\":\"https:\\\/\\\/www.autojm.fr\\\/blog\\\/\",\"name\":\"AutoJM Mag\",\"description\":\"Toute l&#039;actu auto en 1 clic !\",\"publisher\":{\"@id\":\"https:\\\/\\\/www.autojm.fr\\\/blog\\\/#organization\"},\"potentialAction\":[{\"@type\":\"SearchAction\",\"target\":{\"@type\":\"EntryPoint\",\"urlTemplate\":\"https:\\\/\\\/www.autojm.fr\\\/blog\\\/?s={search_term_string}\"},\"query-input\":{\"@type\":\"PropertyValueSpecification\",\"valueRequired\":true,\"valueName\":\"search_term_string\"}}],\"inLanguage\":\"fr-FR\"},{\"@type\":\"Organization\",\"@id\":\"https:\\\/\\\/www.autojm.fr\\\/blog\\\/#organization\",\"name\":\"AutoJM Mag\",\"url\":\"https:\\\/\\\/www.autojm.fr\\\/blog\\\/\",\"logo\":{\"@type\":\"ImageObject\",\"inLanguage\":\"fr-FR\",\"@id\":\"https:\\\/\\\/www.autojm.fr\\\/blog\\\/#\\\/schema\\\/logo\\\/image\\\/\",\"url\":\"https:\\\/\\\/www.autojm.fr\\\/blog\\\/wp-content\\\/uploads\\\/2022\\\/12\\\/cropped-AutoJMag-png.png\",\"contentUrl\":\"https:\\\/\\\/www.autojm.fr\\\/blog\\\/wp-content\\\/uploads\\\/2022\\\/12\\\/cropped-AutoJMag-png.png\",\"width\":2834,\"height\":585,\"caption\":\"AutoJM Mag\"},\"image\":{\"@id\":\"https:\\\/\\\/www.autojm.fr\\\/blog\\\/#\\\/schema\\\/logo\\\/image\\\/\"},\"sameAs\":[\"https:\\\/\\\/www.facebook.com\\\/AutoJM25\"]},{\"@type\":\"Person\",\"@id\":\"https:\\\/\\\/www.autojm.fr\\\/blog\\\/#\\\/schema\\\/person\\\/1cc83a91548d88a62eb8cf06f562a72c\",\"name\":\"Justine Tripard\",\"image\":{\"@type\":\"ImageObject\",\"inLanguage\":\"fr-FR\",\"@id\":\"https:\\\/\\\/secure.gravatar.com\\\/avatar\\\/b8b45209a4cf0b7b127b9238ec348090e7302306d2485eeaab17b6761fe84991?s=96&d=mm&r=g\",\"url\":\"https:\\\/\\\/secure.gravatar.com\\\/avatar\\\/b8b45209a4cf0b7b127b9238ec348090e7302306d2485eeaab17b6761fe84991?s=96&d=mm&r=g\",\"contentUrl\":\"https:\\\/\\\/secure.gravatar.com\\\/avatar\\\/b8b45209a4cf0b7b127b9238ec348090e7302306d2485eeaab17b6761fe84991?s=96&d=mm&r=g\",\"caption\":\"Justine Tripard\"},\"url\":\"https:\\\/\\\/www.autojm.fr\\\/blog\\\/author\\\/justine\\\/\"}]}<\/script>\n<!-- \/ Yoast SEO plugin. -->","yoast_head_json":{"title":"Voiture \u00e9lectrique : combien de kilom\u00e8tres d\u2019autonomie ?\u00a0","description":"Alors que l\u2019interdiction des ventes de voitures thermiques neuves dans l\u2019Union europ\u00e9enne interviendra en 2035, la voiture \u00e9lectrique...","robots":{"index":"index","follow":"follow","max-snippet":"max-snippet:-1","max-image-preview":"max-image-preview:large","max-video-preview":"max-video-preview:-1"},"canonical":"https:\/\/www.autojm.fr\/blog\/combien-de-kilometres-dautonomie-pour-une-voiture-electrique\/","og_locale":"fr_FR","og_type":"article","og_title":"Voiture \u00e9lectrique : combien de kilom\u00e8tres d\u2019autonomie ?\u00a0","og_description":"Alors que l\u2019interdiction des ventes de voitures thermiques neuves dans l\u2019Union europ\u00e9enne interviendra en 2035, la voiture \u00e9lectrique...","og_url":"https:\/\/www.autojm.fr\/blog\/combien-de-kilometres-dautonomie-pour-une-voiture-electrique\/","og_site_name":"AutoJM Mag","article_publisher":"https:\/\/www.facebook.com\/AutoJM25","article_published_time":"2023-04-26T09:46:53+00:00","article_modified_time":"2024-09-25T12:35:29+00:00","og_image":[{"width":1000,"height":500,"url":"https:\/\/www.autojm.fr\/blog\/wp-content\/uploads\/2023\/04\/Autonomie-voiture-electrique.jpg","type":"image\/jpeg"}],"author":"Justine Tripard","twitter_card":"summary_large_image","twitter_misc":{"\u00c9crit par":"Justine Tripard","Dur\u00e9e de lecture estim\u00e9e":"6 minutes"},"schema":{"@context":"https:\/\/schema.org","@graph":[{"@type":"Article","@id":"https:\/\/www.autojm.fr\/blog\/combien-de-kilometres-dautonomie-pour-une-voiture-electrique\/#article","isPartOf":{"@id":"https:\/\/www.autojm.fr\/blog\/combien-de-kilometres-dautonomie-pour-une-voiture-electrique\/"},"author":{"name":"Justine Tripard","@id":"https:\/\/www.autojm.fr\/blog\/#\/schema\/person\/1cc83a91548d88a62eb8cf06f562a72c"},"headline":"Voiture \u00e9lectrique : combien de kilom\u00e8tres d\u2019autonomie ?\u00a0","datePublished":"2023-04-26T09:46:53+00:00","dateModified":"2024-09-25T12:35:29+00:00","mainEntityOfPage":{"@id":"https:\/\/www.autojm.fr\/blog\/combien-de-kilometres-dautonomie-pour-une-voiture-electrique\/"},"wordCount":8,"commentCount":0,"publisher":{"@id":"https:\/\/www.autojm.fr\/blog\/#organization"},"image":{"@id":"https:\/\/www.autojm.fr\/blog\/combien-de-kilometres-dautonomie-pour-une-voiture-electrique\/#primaryimage"},"thumbnailUrl":"https:\/\/www.autojm.fr\/blog\/wp-content\/uploads\/2023\/04\/Autonomie-voiture-electrique.jpg","keywords":["208","308","408","arkana","Austral","autojm","C3","captur","Citro\u00ebn","Clio 5","dacia","DS","Fiat","Ford","formentor","Hyundai","Kia","leon 5 portes","leon sportstourer","Nissan","Nouveau C5 Aircross","nouvelle c4","nouvelle DS7","Opel","peugeot","renault","Volkswagen"],"articleSection":["Conseils &amp; Astuces","Conseils voitures propres"],"inLanguage":"fr-FR","potentialAction":[{"@type":"CommentAction","name":"Comment","target":["https:\/\/www.autojm.fr\/blog\/combien-de-kilometres-dautonomie-pour-une-voiture-electrique\/#respond"]}]},{"@type":"WebPage","@id":"https:\/\/www.autojm.fr\/blog\/combien-de-kilometres-dautonomie-pour-une-voiture-electrique\/","url":"https:\/\/www.autojm.fr\/blog\/combien-de-kilometres-dautonomie-pour-une-voiture-electrique\/","name":"Voiture \u00e9lectrique : combien de kilom\u00e8tres d\u2019autonomie ?\u00a0","isPartOf":{"@id":"https:\/\/www.autojm.fr\/blog\/#website"},"primaryImageOfPage":{"@id":"https:\/\/www.autojm.fr\/blog\/combien-de-kilometres-dautonomie-pour-une-voiture-electrique\/#primaryimage"},"image":{"@id":"https:\/\/www.autojm.fr\/blog\/combien-de-kilometres-dautonomie-pour-une-voiture-electrique\/#primaryimage"},"thumbnailUrl":"https:\/\/www.autojm.fr\/blog\/wp-content\/uploads\/2023\/04\/Autonomie-voiture-electrique.jpg","datePublished":"2023-04-26T09:46:53+00:00","dateModified":"2024-09-25T12:35:29+00:00","description":"Alors que l\u2019interdiction des ventes de voitures thermiques neuves dans l\u2019Union europ\u00e9enne interviendra en 2035, la voiture \u00e9lectrique...","breadcrumb":{"@id":"https:\/\/www.autojm.fr\/blog\/combien-de-kilometres-dautonomie-pour-une-voiture-electrique\/#breadcrumb"},"inLanguage":"fr-FR","potentialAction":[{"@type":"ReadAction","target":["https:\/\/www.autojm.fr\/blog\/combien-de-kilometres-dautonomie-pour-une-voiture-electrique\/"]}]},{"@type":"ImageObject","inLanguage":"fr-FR","@id":"https:\/\/www.autojm.fr\/blog\/combien-de-kilometres-dautonomie-pour-une-voiture-electrique\/#primaryimage","url":"https:\/\/www.autojm.fr\/blog\/wp-content\/uploads\/2023\/04\/Autonomie-voiture-electrique.jpg","contentUrl":"https:\/\/www.autojm.fr\/blog\/wp-content\/uploads\/2023\/04\/Autonomie-voiture-electrique.jpg","width":1000,"height":500,"caption":"Voiture \u00e9lectrique"},{"@type":"BreadcrumbList","@id":"https:\/\/www.autojm.fr\/blog\/combien-de-kilometres-dautonomie-pour-une-voiture-electrique\/#breadcrumb","itemListElement":[{"@type":"ListItem","position":1,"name":"Accueil","item":"https:\/\/www.autojm.fr\/blog\/"},{"@type":"ListItem","position":2,"name":"Conseils &amp; Astuces","item":"https:\/\/www.autojm.fr\/blog\/conseils-astuces\/"},{"@type":"ListItem","position":3,"name":"Voiture \u00e9lectrique : combien de kilom\u00e8tres d\u2019autonomie ?\u00a0"}]},{"@type":"WebSite","@id":"https:\/\/www.autojm.fr\/blog\/#website","url":"https:\/\/www.autojm.fr\/blog\/","name":"AutoJM Mag","description":"Toute l&#039;actu auto en 1 clic !","publisher":{"@id":"https:\/\/www.autojm.fr\/blog\/#organization"},"potentialAction":[{"@type":"SearchAction","target":{"@type":"EntryPoint","urlTemplate":"https:\/\/www.autojm.fr\/blog\/?s={search_term_string}"},"query-input":{"@type":"PropertyValueSpecification","valueRequired":true,"valueName":"search_term_string"}}],"inLanguage":"fr-FR"},{"@type":"Organization","@id":"https:\/\/www.autojm.fr\/blog\/#organization","name":"AutoJM Mag","url":"https:\/\/www.autojm.fr\/blog\/","logo":{"@type":"ImageObject","inLanguage":"fr-FR","@id":"https:\/\/www.autojm.fr\/blog\/#\/schema\/logo\/image\/","url":"https:\/\/www.autojm.fr\/blog\/wp-content\/uploads\/2022\/12\/cropped-AutoJMag-png.png","contentUrl":"https:\/\/www.autojm.fr\/blog\/wp-content\/uploads\/2022\/12\/cropped-AutoJMag-png.png","width":2834,"height":585,"caption":"AutoJM Mag"},"image":{"@id":"https:\/\/www.autojm.fr\/blog\/#\/schema\/logo\/image\/"},"sameAs":["https:\/\/www.facebook.com\/AutoJM25"]},{"@type":"Person","@id":"https:\/\/www.autojm.fr\/blog\/#\/schema\/person\/1cc83a91548d88a62eb8cf06f562a72c","name":"Justine Tripard","image":{"@type":"ImageObject","inLanguage":"fr-FR","@id":"https:\/\/secure.gravatar.com\/avatar\/b8b45209a4cf0b7b127b9238ec348090e7302306d2485eeaab17b6761fe84991?s=96&d=mm&r=g","url":"https:\/\/secure.gravatar.com\/avatar\/b8b45209a4cf0b7b127b9238ec348090e7302306d2485eeaab17b6761fe84991?s=96&d=mm&r=g","contentUrl":"https:\/\/secure.gravatar.com\/avatar\/b8b45209a4cf0b7b127b9238ec348090e7302306d2485eeaab17b6761fe84991?s=96&d=mm&r=g","caption":"Justine Tripard"},"url":"https:\/\/www.autojm.fr\/blog\/author\/justine\/"}]}},"_links":{"self":[{"href":"https:\/\/www.autojm.fr\/blog\/wp-json\/wp\/v2\/posts\/9753","targetHints":{"allow":["GET"]}}],"collection":[{"href":"https:\/\/www.autojm.fr\/blog\/wp-json\/wp\/v2\/posts"}],"about":[{"href":"https:\/\/www.autojm.fr\/blog\/wp-json\/wp\/v2\/types\/post"}],"author":[{"embeddable":true,"href":"https:\/\/www.autojm.fr\/blog\/wp-json\/wp\/v2\/users\/6"}],"replies":[{"embeddable":true,"href":"https:\/\/www.autojm.fr\/blog\/wp-json\/wp\/v2\/comments?post=9753"}],"version-history":[{"count":9,"href":"https:\/\/www.autojm.fr\/blog\/wp-json\/wp\/v2\/posts\/9753\/revisions"}],"predecessor-version":[{"id":19396,"href":"https:\/\/www.autojm.fr\/blog\/wp-json\/wp\/v2\/posts\/9753\/revisions\/19396"}],"wp:featuredmedia":[{"embeddable":true,"href":"https:\/\/www.autojm.fr\/blog\/wp-json\/wp\/v2\/media\/9755"}],"wp:attachment":[{"href":"https:\/\/www.autojm.fr\/blog\/wp-json\/wp\/v2\/media?parent=9753"}],"wp:term":[{"taxonomy":"category","embeddable":true,"href":"https:\/\/www.autojm.fr\/blog\/wp-json\/wp\/v2\/categories?post=9753"},{"taxonomy":"post_tag","embeddable":true,"href":"https:\/\/www.autojm.fr\/blog\/wp-json\/wp\/v2\/tags?post=9753"}],"curies":[{"name":"wp","href":"https:\/\/api.w.org\/{rel}","templated":true}]}}