{"id":9110,"date":"2023-05-17T11:52:10","date_gmt":"2023-05-17T11:52:10","guid":{"rendered":"https:\/\/www.autojm.fr\/blog\/?p=9110"},"modified":"2023-05-31T11:42:10","modified_gmt":"2023-05-31T11:42:10","slug":"quelle-version-choisir-parmi-la-gamme-renault-captur","status":"publish","type":"post","link":"https:\/\/www.autojm.fr\/blog\/quelle-version-choisir-parmi-la-gamme-renault-captur\/","title":{"rendered":"Quelle version choisir parmi la gamme Renault Captur ?\u00a0"},"content":{"rendered":"","protected":false},"excerpt":{"rendered":"<p>Plus muscl\u00e9 que son pr\u00e9d\u00e9cesseur, le Renault Captur r\u00e9v\u00e8le un look moderne et chic qui se prolonge jusque dans l&rsquo;habitacle. Spacieux et sportif, le SUV urbain est \u00e9quip\u00e9 de nombreuses technologies embarqu\u00e9es et se d\u00e9cline en diff\u00e9rents niveaux d\u2019hybridation. Tour d\u2019horizon des sp\u00e9cificit\u00e9s du mod\u00e8le de la marque au losange \u00e0 travers ce guide d\u2019achat. <\/p>\n","protected":false},"author":6,"featured_media":9112,"comment_status":"open","ping_status":"open","sticky":false,"template":"","format":"standard","meta":{"_acf_changed":false,"content-type":"","footnotes":""},"categories":[75],"tags":[90,92,78,142,101,104,141],"class_list":["post-9110","post","type-post","status-publish","format-standard","has-post-thumbnail","hentry","category-guide-dachat","tag-autojm","tag-clio-5","tag-renault","tag-renault-arkana","tag-renault-austral","tag-renault-captur","tag-renault-megane"],"acf":[],"yoast_head":"<!-- This site is optimized with the Yoast SEO plugin v27.5 - https:\/\/yoast.com\/product\/yoast-seo-wordpress\/ -->\n<title>Quelle version choisir parmi la gamme Renault Captur ?\u00a0<\/title>\n<meta name=\"description\" content=\"Plus muscl\u00e9 que son pr\u00e9d\u00e9cesseur, le Renault Captur r\u00e9v\u00e8le un look moderne et chic qui se prolonge jusque dans l&#039;habitacle. Spacieux et...\" \/>\n<meta name=\"robots\" content=\"index, follow, max-snippet:-1, max-image-preview:large, max-video-preview:-1\" \/>\n<link rel=\"canonical\" href=\"https:\/\/www.autojm.fr\/blog\/quelle-version-choisir-parmi-la-gamme-renault-captur\/\" \/>\n<meta property=\"og:locale\" content=\"fr_FR\" \/>\n<meta property=\"og:type\" content=\"article\" \/>\n<meta property=\"og:title\" content=\"Quelle version choisir parmi la gamme Renault Captur ?\u00a0\" \/>\n<meta property=\"og:description\" content=\"Plus muscl\u00e9 que son pr\u00e9d\u00e9cesseur, le Renault Captur r\u00e9v\u00e8le un look moderne et chic qui se prolonge jusque dans l&#039;habitacle. Spacieux et...\" \/>\n<meta property=\"og:url\" content=\"https:\/\/www.autojm.fr\/blog\/quelle-version-choisir-parmi-la-gamme-renault-captur\/\" \/>\n<meta property=\"og:site_name\" content=\"AutoJM Mag\" \/>\n<meta property=\"article:publisher\" content=\"https:\/\/www.facebook.com\/AutoJM25\" \/>\n<meta property=\"article:published_time\" content=\"2023-05-17T11:52:10+00:00\" \/>\n<meta property=\"article:modified_time\" content=\"2023-05-31T11:42:10+00:00\" \/>\n<meta property=\"og:image\" content=\"https:\/\/www.autojm.fr\/blog\/wp-content\/uploads\/2023\/04\/Renault-Captur-1.jpg\" \/>\n\t<meta property=\"og:image:width\" content=\"1000\" \/>\n\t<meta property=\"og:image:height\" content=\"500\" \/>\n\t<meta property=\"og:image:type\" content=\"image\/jpeg\" \/>\n<meta name=\"author\" content=\"Justine Tripard\" \/>\n<meta name=\"twitter:card\" content=\"summary_large_image\" \/>\n<meta name=\"twitter:label1\" content=\"\u00c9crit par\" \/>\n\t<meta name=\"twitter:data1\" content=\"Justine Tripard\" \/>\n<script type=\"application\/ld+json\" class=\"yoast-schema-graph\">{\"@context\":\"https:\\\/\\\/schema.org\",\"@graph\":[{\"@type\":\"Article\",\"@id\":\"https:\\\/\\\/www.autojm.fr\\\/blog\\\/quelle-version-choisir-parmi-la-gamme-renault-captur\\\/#article\",\"isPartOf\":{\"@id\":\"https:\\\/\\\/www.autojm.fr\\\/blog\\\/quelle-version-choisir-parmi-la-gamme-renault-captur\\\/\"},\"author\":{\"name\":\"Justine Tripard\",\"@id\":\"https:\\\/\\\/www.autojm.fr\\\/blog\\\/#\\\/schema\\\/person\\\/1cc83a91548d88a62eb8cf06f562a72c\"},\"headline\":\"Quelle version choisir parmi la gamme Renault Captur ?\u00a0\",\"datePublished\":\"2023-05-17T11:52:10+00:00\",\"dateModified\":\"2023-05-31T11:42:10+00:00\",\"mainEntityOfPage\":{\"@id\":\"https:\\\/\\\/www.autojm.fr\\\/blog\\\/quelle-version-choisir-parmi-la-gamme-renault-captur\\\/\"},\"wordCount\":8,\"commentCount\":0,\"publisher\":{\"@id\":\"https:\\\/\\\/www.autojm.fr\\\/blog\\\/#organization\"},\"image\":{\"@id\":\"https:\\\/\\\/www.autojm.fr\\\/blog\\\/quelle-version-choisir-parmi-la-gamme-renault-captur\\\/#primaryimage\"},\"thumbnailUrl\":\"https:\\\/\\\/www.autojm.fr\\\/blog\\\/wp-content\\\/uploads\\\/2023\\\/04\\\/Renault-Captur-1.jpg\",\"keywords\":[\"autojm\",\"Clio 5\",\"renault\",\"Renault Arkana\",\"Renault Austral\",\"Renault Captur\",\"Renault Megane\"],\"articleSection\":[\"Guides d'achat\"],\"inLanguage\":\"fr-FR\",\"potentialAction\":[{\"@type\":\"CommentAction\",\"name\":\"Comment\",\"target\":[\"https:\\\/\\\/www.autojm.fr\\\/blog\\\/quelle-version-choisir-parmi-la-gamme-renault-captur\\\/#respond\"]}]},{\"@type\":\"WebPage\",\"@id\":\"https:\\\/\\\/www.autojm.fr\\\/blog\\\/quelle-version-choisir-parmi-la-gamme-renault-captur\\\/\",\"url\":\"https:\\\/\\\/www.autojm.fr\\\/blog\\\/quelle-version-choisir-parmi-la-gamme-renault-captur\\\/\",\"name\":\"Quelle version choisir parmi la gamme Renault Captur ?\u00a0\",\"isPartOf\":{\"@id\":\"https:\\\/\\\/www.autojm.fr\\\/blog\\\/#website\"},\"primaryImageOfPage\":{\"@id\":\"https:\\\/\\\/www.autojm.fr\\\/blog\\\/quelle-version-choisir-parmi-la-gamme-renault-captur\\\/#primaryimage\"},\"image\":{\"@id\":\"https:\\\/\\\/www.autojm.fr\\\/blog\\\/quelle-version-choisir-parmi-la-gamme-renault-captur\\\/#primaryimage\"},\"thumbnailUrl\":\"https:\\\/\\\/www.autojm.fr\\\/blog\\\/wp-content\\\/uploads\\\/2023\\\/04\\\/Renault-Captur-1.jpg\",\"datePublished\":\"2023-05-17T11:52:10+00:00\",\"dateModified\":\"2023-05-31T11:42:10+00:00\",\"description\":\"Plus muscl\u00e9 que son pr\u00e9d\u00e9cesseur, le Renault Captur r\u00e9v\u00e8le un look moderne et chic qui se prolonge jusque dans l'habitacle. Spacieux et...\",\"breadcrumb\":{\"@id\":\"https:\\\/\\\/www.autojm.fr\\\/blog\\\/quelle-version-choisir-parmi-la-gamme-renault-captur\\\/#breadcrumb\"},\"inLanguage\":\"fr-FR\",\"potentialAction\":[{\"@type\":\"ReadAction\",\"target\":[\"https:\\\/\\\/www.autojm.fr\\\/blog\\\/quelle-version-choisir-parmi-la-gamme-renault-captur\\\/\"]}]},{\"@type\":\"ImageObject\",\"inLanguage\":\"fr-FR\",\"@id\":\"https:\\\/\\\/www.autojm.fr\\\/blog\\\/quelle-version-choisir-parmi-la-gamme-renault-captur\\\/#primaryimage\",\"url\":\"https:\\\/\\\/www.autojm.fr\\\/blog\\\/wp-content\\\/uploads\\\/2023\\\/04\\\/Renault-Captur-1.jpg\",\"contentUrl\":\"https:\\\/\\\/www.autojm.fr\\\/blog\\\/wp-content\\\/uploads\\\/2023\\\/04\\\/Renault-Captur-1.jpg\",\"width\":1000,\"height\":500,\"caption\":\"Renault Captur\"},{\"@type\":\"BreadcrumbList\",\"@id\":\"https:\\\/\\\/www.autojm.fr\\\/blog\\\/quelle-version-choisir-parmi-la-gamme-renault-captur\\\/#breadcrumb\",\"itemListElement\":[{\"@type\":\"ListItem\",\"position\":1,\"name\":\"Accueil\",\"item\":\"https:\\\/\\\/www.autojm.fr\\\/blog\\\/\"},{\"@type\":\"ListItem\",\"position\":2,\"name\":\"Guides d'achat\",\"item\":\"https:\\\/\\\/www.autojm.fr\\\/blog\\\/guide-dachat\\\/\"},{\"@type\":\"ListItem\",\"position\":3,\"name\":\"Quelle version choisir parmi la gamme Renault Captur ?\u00a0\"}]},{\"@type\":\"WebSite\",\"@id\":\"https:\\\/\\\/www.autojm.fr\\\/blog\\\/#website\",\"url\":\"https:\\\/\\\/www.autojm.fr\\\/blog\\\/\",\"name\":\"AutoJM Mag\",\"description\":\"Toute l&#039;actu auto en 1 clic !\",\"publisher\":{\"@id\":\"https:\\\/\\\/www.autojm.fr\\\/blog\\\/#organization\"},\"potentialAction\":[{\"@type\":\"SearchAction\",\"target\":{\"@type\":\"EntryPoint\",\"urlTemplate\":\"https:\\\/\\\/www.autojm.fr\\\/blog\\\/?s={search_term_string}\"},\"query-input\":{\"@type\":\"PropertyValueSpecification\",\"valueRequired\":true,\"valueName\":\"search_term_string\"}}],\"inLanguage\":\"fr-FR\"},{\"@type\":\"Organization\",\"@id\":\"https:\\\/\\\/www.autojm.fr\\\/blog\\\/#organization\",\"name\":\"AutoJM Mag\",\"url\":\"https:\\\/\\\/www.autojm.fr\\\/blog\\\/\",\"logo\":{\"@type\":\"ImageObject\",\"inLanguage\":\"fr-FR\",\"@id\":\"https:\\\/\\\/www.autojm.fr\\\/blog\\\/#\\\/schema\\\/logo\\\/image\\\/\",\"url\":\"https:\\\/\\\/www.autojm.fr\\\/blog\\\/wp-content\\\/uploads\\\/2022\\\/12\\\/cropped-AutoJMag-png.png\",\"contentUrl\":\"https:\\\/\\\/www.autojm.fr\\\/blog\\\/wp-content\\\/uploads\\\/2022\\\/12\\\/cropped-AutoJMag-png.png\",\"width\":2834,\"height\":585,\"caption\":\"AutoJM Mag\"},\"image\":{\"@id\":\"https:\\\/\\\/www.autojm.fr\\\/blog\\\/#\\\/schema\\\/logo\\\/image\\\/\"},\"sameAs\":[\"https:\\\/\\\/www.facebook.com\\\/AutoJM25\"]},{\"@type\":\"Person\",\"@id\":\"https:\\\/\\\/www.autojm.fr\\\/blog\\\/#\\\/schema\\\/person\\\/1cc83a91548d88a62eb8cf06f562a72c\",\"name\":\"Justine Tripard\",\"image\":{\"@type\":\"ImageObject\",\"inLanguage\":\"fr-FR\",\"@id\":\"https:\\\/\\\/secure.gravatar.com\\\/avatar\\\/b8b45209a4cf0b7b127b9238ec348090e7302306d2485eeaab17b6761fe84991?s=96&d=mm&r=g\",\"url\":\"https:\\\/\\\/secure.gravatar.com\\\/avatar\\\/b8b45209a4cf0b7b127b9238ec348090e7302306d2485eeaab17b6761fe84991?s=96&d=mm&r=g\",\"contentUrl\":\"https:\\\/\\\/secure.gravatar.com\\\/avatar\\\/b8b45209a4cf0b7b127b9238ec348090e7302306d2485eeaab17b6761fe84991?s=96&d=mm&r=g\",\"caption\":\"Justine Tripard\"},\"url\":\"https:\\\/\\\/www.autojm.fr\\\/blog\\\/author\\\/justine\\\/\"}]}<\/script>\n<!-- \/ Yoast SEO plugin. -->","yoast_head_json":{"title":"Quelle version choisir parmi la gamme Renault Captur ?\u00a0","description":"Plus muscl\u00e9 que son pr\u00e9d\u00e9cesseur, le Renault Captur r\u00e9v\u00e8le un look moderne et chic qui se prolonge jusque dans l'habitacle. Spacieux et...","robots":{"index":"index","follow":"follow","max-snippet":"max-snippet:-1","max-image-preview":"max-image-preview:large","max-video-preview":"max-video-preview:-1"},"canonical":"https:\/\/www.autojm.fr\/blog\/quelle-version-choisir-parmi-la-gamme-renault-captur\/","og_locale":"fr_FR","og_type":"article","og_title":"Quelle version choisir parmi la gamme Renault Captur ?\u00a0","og_description":"Plus muscl\u00e9 que son pr\u00e9d\u00e9cesseur, le Renault Captur r\u00e9v\u00e8le un look moderne et chic qui se prolonge jusque dans l'habitacle. Spacieux et...","og_url":"https:\/\/www.autojm.fr\/blog\/quelle-version-choisir-parmi-la-gamme-renault-captur\/","og_site_name":"AutoJM Mag","article_publisher":"https:\/\/www.facebook.com\/AutoJM25","article_published_time":"2023-05-17T11:52:10+00:00","article_modified_time":"2023-05-31T11:42:10+00:00","og_image":[{"width":1000,"height":500,"url":"https:\/\/www.autojm.fr\/blog\/wp-content\/uploads\/2023\/04\/Renault-Captur-1.jpg","type":"image\/jpeg"}],"author":"Justine Tripard","twitter_card":"summary_large_image","twitter_misc":{"\u00c9crit par":"Justine Tripard"},"schema":{"@context":"https:\/\/schema.org","@graph":[{"@type":"Article","@id":"https:\/\/www.autojm.fr\/blog\/quelle-version-choisir-parmi-la-gamme-renault-captur\/#article","isPartOf":{"@id":"https:\/\/www.autojm.fr\/blog\/quelle-version-choisir-parmi-la-gamme-renault-captur\/"},"author":{"name":"Justine Tripard","@id":"https:\/\/www.autojm.fr\/blog\/#\/schema\/person\/1cc83a91548d88a62eb8cf06f562a72c"},"headline":"Quelle version choisir parmi la gamme Renault Captur ?\u00a0","datePublished":"2023-05-17T11:52:10+00:00","dateModified":"2023-05-31T11:42:10+00:00","mainEntityOfPage":{"@id":"https:\/\/www.autojm.fr\/blog\/quelle-version-choisir-parmi-la-gamme-renault-captur\/"},"wordCount":8,"commentCount":0,"publisher":{"@id":"https:\/\/www.autojm.fr\/blog\/#organization"},"image":{"@id":"https:\/\/www.autojm.fr\/blog\/quelle-version-choisir-parmi-la-gamme-renault-captur\/#primaryimage"},"thumbnailUrl":"https:\/\/www.autojm.fr\/blog\/wp-content\/uploads\/2023\/04\/Renault-Captur-1.jpg","keywords":["autojm","Clio 5","renault","Renault Arkana","Renault Austral","Renault Captur","Renault Megane"],"articleSection":["Guides d'achat"],"inLanguage":"fr-FR","potentialAction":[{"@type":"CommentAction","name":"Comment","target":["https:\/\/www.autojm.fr\/blog\/quelle-version-choisir-parmi-la-gamme-renault-captur\/#respond"]}]},{"@type":"WebPage","@id":"https:\/\/www.autojm.fr\/blog\/quelle-version-choisir-parmi-la-gamme-renault-captur\/","url":"https:\/\/www.autojm.fr\/blog\/quelle-version-choisir-parmi-la-gamme-renault-captur\/","name":"Quelle version choisir parmi la gamme Renault Captur ?\u00a0","isPartOf":{"@id":"https:\/\/www.autojm.fr\/blog\/#website"},"primaryImageOfPage":{"@id":"https:\/\/www.autojm.fr\/blog\/quelle-version-choisir-parmi-la-gamme-renault-captur\/#primaryimage"},"image":{"@id":"https:\/\/www.autojm.fr\/blog\/quelle-version-choisir-parmi-la-gamme-renault-captur\/#primaryimage"},"thumbnailUrl":"https:\/\/www.autojm.fr\/blog\/wp-content\/uploads\/2023\/04\/Renault-Captur-1.jpg","datePublished":"2023-05-17T11:52:10+00:00","dateModified":"2023-05-31T11:42:10+00:00","description":"Plus muscl\u00e9 que son pr\u00e9d\u00e9cesseur, le Renault Captur r\u00e9v\u00e8le un look moderne et chic qui se prolonge jusque dans l'habitacle. Spacieux et...","breadcrumb":{"@id":"https:\/\/www.autojm.fr\/blog\/quelle-version-choisir-parmi-la-gamme-renault-captur\/#breadcrumb"},"inLanguage":"fr-FR","potentialAction":[{"@type":"ReadAction","target":["https:\/\/www.autojm.fr\/blog\/quelle-version-choisir-parmi-la-gamme-renault-captur\/"]}]},{"@type":"ImageObject","inLanguage":"fr-FR","@id":"https:\/\/www.autojm.fr\/blog\/quelle-version-choisir-parmi-la-gamme-renault-captur\/#primaryimage","url":"https:\/\/www.autojm.fr\/blog\/wp-content\/uploads\/2023\/04\/Renault-Captur-1.jpg","contentUrl":"https:\/\/www.autojm.fr\/blog\/wp-content\/uploads\/2023\/04\/Renault-Captur-1.jpg","width":1000,"height":500,"caption":"Renault Captur"},{"@type":"BreadcrumbList","@id":"https:\/\/www.autojm.fr\/blog\/quelle-version-choisir-parmi-la-gamme-renault-captur\/#breadcrumb","itemListElement":[{"@type":"ListItem","position":1,"name":"Accueil","item":"https:\/\/www.autojm.fr\/blog\/"},{"@type":"ListItem","position":2,"name":"Guides d'achat","item":"https:\/\/www.autojm.fr\/blog\/guide-dachat\/"},{"@type":"ListItem","position":3,"name":"Quelle version choisir parmi la gamme Renault Captur ?\u00a0"}]},{"@type":"WebSite","@id":"https:\/\/www.autojm.fr\/blog\/#website","url":"https:\/\/www.autojm.fr\/blog\/","name":"AutoJM Mag","description":"Toute l&#039;actu auto en 1 clic !","publisher":{"@id":"https:\/\/www.autojm.fr\/blog\/#organization"},"potentialAction":[{"@type":"SearchAction","target":{"@type":"EntryPoint","urlTemplate":"https:\/\/www.autojm.fr\/blog\/?s={search_term_string}"},"query-input":{"@type":"PropertyValueSpecification","valueRequired":true,"valueName":"search_term_string"}}],"inLanguage":"fr-FR"},{"@type":"Organization","@id":"https:\/\/www.autojm.fr\/blog\/#organization","name":"AutoJM Mag","url":"https:\/\/www.autojm.fr\/blog\/","logo":{"@type":"ImageObject","inLanguage":"fr-FR","@id":"https:\/\/www.autojm.fr\/blog\/#\/schema\/logo\/image\/","url":"https:\/\/www.autojm.fr\/blog\/wp-content\/uploads\/2022\/12\/cropped-AutoJMag-png.png","contentUrl":"https:\/\/www.autojm.fr\/blog\/wp-content\/uploads\/2022\/12\/cropped-AutoJMag-png.png","width":2834,"height":585,"caption":"AutoJM Mag"},"image":{"@id":"https:\/\/www.autojm.fr\/blog\/#\/schema\/logo\/image\/"},"sameAs":["https:\/\/www.facebook.com\/AutoJM25"]},{"@type":"Person","@id":"https:\/\/www.autojm.fr\/blog\/#\/schema\/person\/1cc83a91548d88a62eb8cf06f562a72c","name":"Justine Tripard","image":{"@type":"ImageObject","inLanguage":"fr-FR","@id":"https:\/\/secure.gravatar.com\/avatar\/b8b45209a4cf0b7b127b9238ec348090e7302306d2485eeaab17b6761fe84991?s=96&d=mm&r=g","url":"https:\/\/secure.gravatar.com\/avatar\/b8b45209a4cf0b7b127b9238ec348090e7302306d2485eeaab17b6761fe84991?s=96&d=mm&r=g","contentUrl":"https:\/\/secure.gravatar.com\/avatar\/b8b45209a4cf0b7b127b9238ec348090e7302306d2485eeaab17b6761fe84991?s=96&d=mm&r=g","caption":"Justine Tripard"},"url":"https:\/\/www.autojm.fr\/blog\/author\/justine\/"}]}},"_links":{"self":[{"href":"https:\/\/www.autojm.fr\/blog\/wp-json\/wp\/v2\/posts\/9110","targetHints":{"allow":["GET"]}}],"collection":[{"href":"https:\/\/www.autojm.fr\/blog\/wp-json\/wp\/v2\/posts"}],"about":[{"href":"https:\/\/www.autojm.fr\/blog\/wp-json\/wp\/v2\/types\/post"}],"author":[{"embeddable":true,"href":"https:\/\/www.autojm.fr\/blog\/wp-json\/wp\/v2\/users\/6"}],"replies":[{"embeddable":true,"href":"https:\/\/www.autojm.fr\/blog\/wp-json\/wp\/v2\/comments?post=9110"}],"version-history":[{"count":10,"href":"https:\/\/www.autojm.fr\/blog\/wp-json\/wp\/v2\/posts\/9110\/revisions"}],"predecessor-version":[{"id":9226,"href":"https:\/\/www.autojm.fr\/blog\/wp-json\/wp\/v2\/posts\/9110\/revisions\/9226"}],"wp:featuredmedia":[{"embeddable":true,"href":"https:\/\/www.autojm.fr\/blog\/wp-json\/wp\/v2\/media\/9112"}],"wp:attachment":[{"href":"https:\/\/www.autojm.fr\/blog\/wp-json\/wp\/v2\/media?parent=9110"}],"wp:term":[{"taxonomy":"category","embeddable":true,"href":"https:\/\/www.autojm.fr\/blog\/wp-json\/wp\/v2\/categories?post=9110"},{"taxonomy":"post_tag","embeddable":true,"href":"https:\/\/www.autojm.fr\/blog\/wp-json\/wp\/v2\/tags?post=9110"}],"curies":[{"name":"wp","href":"https:\/\/api.w.org\/{rel}","templated":true}]}}