{"id":9054,"date":"2023-04-24T12:29:20","date_gmt":"2023-04-24T12:29:20","guid":{"rendered":"https:\/\/www.autojm.fr\/blog\/?p=9054"},"modified":"2024-07-19T14:55:52","modified_gmt":"2024-07-19T14:55:52","slug":"peugeot-2008-la-version-restylee-en-approche","status":"publish","type":"post","link":"https:\/\/www.autojm.fr\/blog\/peugeot-2008-la-version-restylee-en-approche\/","title":{"rendered":"Peugeot 2008 : la version restyl\u00e9e en approche\u00a0"},"content":{"rendered":"","protected":false},"excerpt":{"rendered":"<p>Lanc\u00e9 en f\u00e9vrier 2020, le Peugeot 2008 va subir un lifting et b\u00e9n\u00e9ficiera d\u2019une \u00e9volution esth\u00e9tique et technique avant d\u2019\u00eatre commercialis\u00e9 en septembre prochain. Le restylage du SUV urbain le plus vendu en 2022 interviendra avant celui de la 208, alors que la citadine avait \u00e9t\u00e9 mise sur le march\u00e9 de l\u2019auto en fin d\u2019ann\u00e9e 2019.  <\/p>\n","protected":false},"author":6,"featured_media":9056,"comment_status":"open","ping_status":"open","sticky":false,"template":"","format":"standard","meta":{"_acf_changed":false,"content-type":"","footnotes":""},"categories":[235],"tags":[88,333,314,90,73,167,159,137,160,136,138,119,122,139,121,123,168],"class_list":["post-9054","post","type-post","status-publish","format-standard","has-post-thumbnail","hentry","category-nouveaute-peugeot","tag-88","tag-333","tag-314","tag-autojm","tag-peugeot","tag-peugeot-2008","tag-peugeot-3008","tag-peugeot-308-sw","tag-peugeot-5008","tag-peugeot-508","tag-peugeot-508-sw","tag-peugeot-boxer-fg-tole","tag-peugeot-boxer-fourgon-tole","tag-peugeot-e-rifter","tag-peugeot-expert-fourgon-tole","tag-peugeot-partner-fourgon-tole","tag-peugeot-traveller"],"acf":[],"yoast_head":"<!-- This site is optimized with the Yoast SEO plugin v27.5 - https:\/\/yoast.com\/product\/yoast-seo-wordpress\/ -->\n<title>Peugeot 2008 : la version restyl\u00e9e en approche\u00a0 - AutoJM Mag<\/title>\n<meta name=\"description\" content=\"Lanc\u00e9 en f\u00e9vrier 2020, le Peugeot 2008 va subir un lifting et b\u00e9n\u00e9ficiera d\u2019une \u00e9volution esth\u00e9tique et technique avant d\u2019\u00eatre...\" \/>\n<meta name=\"robots\" content=\"index, follow, max-snippet:-1, max-image-preview:large, max-video-preview:-1\" \/>\n<link rel=\"canonical\" href=\"https:\/\/www.autojm.fr\/blog\/peugeot-2008-la-version-restylee-en-approche\/\" \/>\n<meta property=\"og:locale\" content=\"fr_FR\" \/>\n<meta property=\"og:type\" content=\"article\" \/>\n<meta property=\"og:title\" content=\"Peugeot 2008 : la version restyl\u00e9e en approche\u00a0 - AutoJM Mag\" \/>\n<meta property=\"og:description\" content=\"Lanc\u00e9 en f\u00e9vrier 2020, le Peugeot 2008 va subir un lifting et b\u00e9n\u00e9ficiera d\u2019une \u00e9volution esth\u00e9tique et technique avant d\u2019\u00eatre...\" \/>\n<meta property=\"og:url\" content=\"https:\/\/www.autojm.fr\/blog\/peugeot-2008-la-version-restylee-en-approche\/\" \/>\n<meta property=\"og:site_name\" content=\"AutoJM Mag\" \/>\n<meta property=\"article:publisher\" content=\"https:\/\/www.facebook.com\/AutoJM25\" \/>\n<meta property=\"article:published_time\" content=\"2023-04-24T12:29:20+00:00\" \/>\n<meta property=\"article:modified_time\" content=\"2024-07-19T14:55:52+00:00\" \/>\n<meta property=\"og:image\" content=\"https:\/\/www.autojm.fr\/blog\/wp-content\/uploads\/2023\/04\/Peugeot-2008-avant.jpg\" \/>\n\t<meta property=\"og:image:width\" content=\"1000\" \/>\n\t<meta property=\"og:image:height\" content=\"500\" \/>\n\t<meta property=\"og:image:type\" content=\"image\/jpeg\" \/>\n<meta name=\"author\" content=\"Justine Tripard\" \/>\n<meta name=\"twitter:card\" content=\"summary_large_image\" \/>\n<meta name=\"twitter:label1\" content=\"\u00c9crit par\" \/>\n\t<meta name=\"twitter:data1\" content=\"Justine Tripard\" \/>\n\t<meta name=\"twitter:label2\" content=\"Dur\u00e9e de lecture estim\u00e9e\" \/>\n\t<meta name=\"twitter:data2\" content=\"5 minutes\" \/>\n<script type=\"application\/ld+json\" class=\"yoast-schema-graph\">{\"@context\":\"https:\\\/\\\/schema.org\",\"@graph\":[{\"@type\":\"Article\",\"@id\":\"https:\\\/\\\/www.autojm.fr\\\/blog\\\/peugeot-2008-la-version-restylee-en-approche\\\/#article\",\"isPartOf\":{\"@id\":\"https:\\\/\\\/www.autojm.fr\\\/blog\\\/peugeot-2008-la-version-restylee-en-approche\\\/\"},\"author\":{\"name\":\"Justine Tripard\",\"@id\":\"https:\\\/\\\/www.autojm.fr\\\/blog\\\/#\\\/schema\\\/person\\\/1cc83a91548d88a62eb8cf06f562a72c\"},\"headline\":\"Peugeot 2008 : la version restyl\u00e9e en approche\u00a0\",\"datePublished\":\"2023-04-24T12:29:20+00:00\",\"dateModified\":\"2024-07-19T14:55:52+00:00\",\"mainEntityOfPage\":{\"@id\":\"https:\\\/\\\/www.autojm.fr\\\/blog\\\/peugeot-2008-la-version-restylee-en-approche\\\/\"},\"wordCount\":7,\"commentCount\":0,\"publisher\":{\"@id\":\"https:\\\/\\\/www.autojm.fr\\\/blog\\\/#organization\"},\"image\":{\"@id\":\"https:\\\/\\\/www.autojm.fr\\\/blog\\\/peugeot-2008-la-version-restylee-en-approche\\\/#primaryimage\"},\"thumbnailUrl\":\"https:\\\/\\\/www.autojm.fr\\\/blog\\\/wp-content\\\/uploads\\\/2023\\\/04\\\/Peugeot-2008-avant.jpg\",\"keywords\":[\"208\",\"308\",\"408\",\"autojm\",\"peugeot\",\"Peugeot 2008\",\"Peugeot 3008\",\"Peugeot 308 SW\",\"Peugeot 5008\",\"Peugeot 508\",\"Peugeot 508 SW\",\"Peugeot Boxer FG Tole\",\"Peugeot Boxer Fourgon Tole\",\"Peugeot E-Rifter\",\"Peugeot Expert Fourgon Tole\",\"Peugeot Partner Fourgon Tole\",\"Peugeot Traveller\"],\"articleSection\":[\"Nouveaut\u00e9 Peugeot\"],\"inLanguage\":\"fr-FR\",\"potentialAction\":[{\"@type\":\"CommentAction\",\"name\":\"Comment\",\"target\":[\"https:\\\/\\\/www.autojm.fr\\\/blog\\\/peugeot-2008-la-version-restylee-en-approche\\\/#respond\"]}]},{\"@type\":\"WebPage\",\"@id\":\"https:\\\/\\\/www.autojm.fr\\\/blog\\\/peugeot-2008-la-version-restylee-en-approche\\\/\",\"url\":\"https:\\\/\\\/www.autojm.fr\\\/blog\\\/peugeot-2008-la-version-restylee-en-approche\\\/\",\"name\":\"Peugeot 2008 : la version restyl\u00e9e en approche\u00a0 - AutoJM Mag\",\"isPartOf\":{\"@id\":\"https:\\\/\\\/www.autojm.fr\\\/blog\\\/#website\"},\"primaryImageOfPage\":{\"@id\":\"https:\\\/\\\/www.autojm.fr\\\/blog\\\/peugeot-2008-la-version-restylee-en-approche\\\/#primaryimage\"},\"image\":{\"@id\":\"https:\\\/\\\/www.autojm.fr\\\/blog\\\/peugeot-2008-la-version-restylee-en-approche\\\/#primaryimage\"},\"thumbnailUrl\":\"https:\\\/\\\/www.autojm.fr\\\/blog\\\/wp-content\\\/uploads\\\/2023\\\/04\\\/Peugeot-2008-avant.jpg\",\"datePublished\":\"2023-04-24T12:29:20+00:00\",\"dateModified\":\"2024-07-19T14:55:52+00:00\",\"description\":\"Lanc\u00e9 en f\u00e9vrier 2020, le Peugeot 2008 va subir un lifting et b\u00e9n\u00e9ficiera d\u2019une \u00e9volution esth\u00e9tique et technique avant d\u2019\u00eatre...\",\"breadcrumb\":{\"@id\":\"https:\\\/\\\/www.autojm.fr\\\/blog\\\/peugeot-2008-la-version-restylee-en-approche\\\/#breadcrumb\"},\"inLanguage\":\"fr-FR\",\"potentialAction\":[{\"@type\":\"ReadAction\",\"target\":[\"https:\\\/\\\/www.autojm.fr\\\/blog\\\/peugeot-2008-la-version-restylee-en-approche\\\/\"]}]},{\"@type\":\"ImageObject\",\"inLanguage\":\"fr-FR\",\"@id\":\"https:\\\/\\\/www.autojm.fr\\\/blog\\\/peugeot-2008-la-version-restylee-en-approche\\\/#primaryimage\",\"url\":\"https:\\\/\\\/www.autojm.fr\\\/blog\\\/wp-content\\\/uploads\\\/2023\\\/04\\\/Peugeot-2008-avant.jpg\",\"contentUrl\":\"https:\\\/\\\/www.autojm.fr\\\/blog\\\/wp-content\\\/uploads\\\/2023\\\/04\\\/Peugeot-2008-avant.jpg\",\"width\":1000,\"height\":500,\"caption\":\"Peugeot 2008\"},{\"@type\":\"BreadcrumbList\",\"@id\":\"https:\\\/\\\/www.autojm.fr\\\/blog\\\/peugeot-2008-la-version-restylee-en-approche\\\/#breadcrumb\",\"itemListElement\":[{\"@type\":\"ListItem\",\"position\":1,\"name\":\"Accueil\",\"item\":\"https:\\\/\\\/www.autojm.fr\\\/blog\\\/\"},{\"@type\":\"ListItem\",\"position\":2,\"name\":\"Nouveaut\u00e9s Autos\",\"item\":\"https:\\\/\\\/www.autojm.fr\\\/blog\\\/nouveautes-autos\\\/\"},{\"@type\":\"ListItem\",\"position\":3,\"name\":\"Nouveaut\u00e9 Peugeot\",\"item\":\"https:\\\/\\\/www.autojm.fr\\\/blog\\\/nouveautes-autos\\\/nouveaute-peugeot\\\/\"},{\"@type\":\"ListItem\",\"position\":4,\"name\":\"Peugeot 2008 : la version restyl\u00e9e en approche\u00a0\"}]},{\"@type\":\"WebSite\",\"@id\":\"https:\\\/\\\/www.autojm.fr\\\/blog\\\/#website\",\"url\":\"https:\\\/\\\/www.autojm.fr\\\/blog\\\/\",\"name\":\"AutoJM Mag\",\"description\":\"Toute l&#039;actu auto en 1 clic !\",\"publisher\":{\"@id\":\"https:\\\/\\\/www.autojm.fr\\\/blog\\\/#organization\"},\"potentialAction\":[{\"@type\":\"SearchAction\",\"target\":{\"@type\":\"EntryPoint\",\"urlTemplate\":\"https:\\\/\\\/www.autojm.fr\\\/blog\\\/?s={search_term_string}\"},\"query-input\":{\"@type\":\"PropertyValueSpecification\",\"valueRequired\":true,\"valueName\":\"search_term_string\"}}],\"inLanguage\":\"fr-FR\"},{\"@type\":\"Organization\",\"@id\":\"https:\\\/\\\/www.autojm.fr\\\/blog\\\/#organization\",\"name\":\"AutoJM Mag\",\"url\":\"https:\\\/\\\/www.autojm.fr\\\/blog\\\/\",\"logo\":{\"@type\":\"ImageObject\",\"inLanguage\":\"fr-FR\",\"@id\":\"https:\\\/\\\/www.autojm.fr\\\/blog\\\/#\\\/schema\\\/logo\\\/image\\\/\",\"url\":\"https:\\\/\\\/www.autojm.fr\\\/blog\\\/wp-content\\\/uploads\\\/2022\\\/12\\\/cropped-AutoJMag-png.png\",\"contentUrl\":\"https:\\\/\\\/www.autojm.fr\\\/blog\\\/wp-content\\\/uploads\\\/2022\\\/12\\\/cropped-AutoJMag-png.png\",\"width\":2834,\"height\":585,\"caption\":\"AutoJM Mag\"},\"image\":{\"@id\":\"https:\\\/\\\/www.autojm.fr\\\/blog\\\/#\\\/schema\\\/logo\\\/image\\\/\"},\"sameAs\":[\"https:\\\/\\\/www.facebook.com\\\/AutoJM25\"]},{\"@type\":\"Person\",\"@id\":\"https:\\\/\\\/www.autojm.fr\\\/blog\\\/#\\\/schema\\\/person\\\/1cc83a91548d88a62eb8cf06f562a72c\",\"name\":\"Justine Tripard\",\"image\":{\"@type\":\"ImageObject\",\"inLanguage\":\"fr-FR\",\"@id\":\"https:\\\/\\\/secure.gravatar.com\\\/avatar\\\/b8b45209a4cf0b7b127b9238ec348090e7302306d2485eeaab17b6761fe84991?s=96&d=mm&r=g\",\"url\":\"https:\\\/\\\/secure.gravatar.com\\\/avatar\\\/b8b45209a4cf0b7b127b9238ec348090e7302306d2485eeaab17b6761fe84991?s=96&d=mm&r=g\",\"contentUrl\":\"https:\\\/\\\/secure.gravatar.com\\\/avatar\\\/b8b45209a4cf0b7b127b9238ec348090e7302306d2485eeaab17b6761fe84991?s=96&d=mm&r=g\",\"caption\":\"Justine Tripard\"},\"url\":\"https:\\\/\\\/www.autojm.fr\\\/blog\\\/author\\\/justine\\\/\"}]}<\/script>\n<!-- \/ Yoast SEO plugin. -->","yoast_head_json":{"title":"Peugeot 2008 : la version restyl\u00e9e en approche\u00a0 - AutoJM Mag","description":"Lanc\u00e9 en f\u00e9vrier 2020, le Peugeot 2008 va subir un lifting et b\u00e9n\u00e9ficiera d\u2019une \u00e9volution esth\u00e9tique et technique avant d\u2019\u00eatre...","robots":{"index":"index","follow":"follow","max-snippet":"max-snippet:-1","max-image-preview":"max-image-preview:large","max-video-preview":"max-video-preview:-1"},"canonical":"https:\/\/www.autojm.fr\/blog\/peugeot-2008-la-version-restylee-en-approche\/","og_locale":"fr_FR","og_type":"article","og_title":"Peugeot 2008 : la version restyl\u00e9e en approche\u00a0 - AutoJM Mag","og_description":"Lanc\u00e9 en f\u00e9vrier 2020, le Peugeot 2008 va subir un lifting et b\u00e9n\u00e9ficiera d\u2019une \u00e9volution esth\u00e9tique et technique avant d\u2019\u00eatre...","og_url":"https:\/\/www.autojm.fr\/blog\/peugeot-2008-la-version-restylee-en-approche\/","og_site_name":"AutoJM Mag","article_publisher":"https:\/\/www.facebook.com\/AutoJM25","article_published_time":"2023-04-24T12:29:20+00:00","article_modified_time":"2024-07-19T14:55:52+00:00","og_image":[{"width":1000,"height":500,"url":"https:\/\/www.autojm.fr\/blog\/wp-content\/uploads\/2023\/04\/Peugeot-2008-avant.jpg","type":"image\/jpeg"}],"author":"Justine Tripard","twitter_card":"summary_large_image","twitter_misc":{"\u00c9crit par":"Justine Tripard","Dur\u00e9e de lecture estim\u00e9e":"5 minutes"},"schema":{"@context":"https:\/\/schema.org","@graph":[{"@type":"Article","@id":"https:\/\/www.autojm.fr\/blog\/peugeot-2008-la-version-restylee-en-approche\/#article","isPartOf":{"@id":"https:\/\/www.autojm.fr\/blog\/peugeot-2008-la-version-restylee-en-approche\/"},"author":{"name":"Justine Tripard","@id":"https:\/\/www.autojm.fr\/blog\/#\/schema\/person\/1cc83a91548d88a62eb8cf06f562a72c"},"headline":"Peugeot 2008 : la version restyl\u00e9e en approche\u00a0","datePublished":"2023-04-24T12:29:20+00:00","dateModified":"2024-07-19T14:55:52+00:00","mainEntityOfPage":{"@id":"https:\/\/www.autojm.fr\/blog\/peugeot-2008-la-version-restylee-en-approche\/"},"wordCount":7,"commentCount":0,"publisher":{"@id":"https:\/\/www.autojm.fr\/blog\/#organization"},"image":{"@id":"https:\/\/www.autojm.fr\/blog\/peugeot-2008-la-version-restylee-en-approche\/#primaryimage"},"thumbnailUrl":"https:\/\/www.autojm.fr\/blog\/wp-content\/uploads\/2023\/04\/Peugeot-2008-avant.jpg","keywords":["208","308","408","autojm","peugeot","Peugeot 2008","Peugeot 3008","Peugeot 308 SW","Peugeot 5008","Peugeot 508","Peugeot 508 SW","Peugeot Boxer FG Tole","Peugeot Boxer Fourgon Tole","Peugeot E-Rifter","Peugeot Expert Fourgon Tole","Peugeot Partner Fourgon Tole","Peugeot Traveller"],"articleSection":["Nouveaut\u00e9 Peugeot"],"inLanguage":"fr-FR","potentialAction":[{"@type":"CommentAction","name":"Comment","target":["https:\/\/www.autojm.fr\/blog\/peugeot-2008-la-version-restylee-en-approche\/#respond"]}]},{"@type":"WebPage","@id":"https:\/\/www.autojm.fr\/blog\/peugeot-2008-la-version-restylee-en-approche\/","url":"https:\/\/www.autojm.fr\/blog\/peugeot-2008-la-version-restylee-en-approche\/","name":"Peugeot 2008 : la version restyl\u00e9e en approche\u00a0 - AutoJM Mag","isPartOf":{"@id":"https:\/\/www.autojm.fr\/blog\/#website"},"primaryImageOfPage":{"@id":"https:\/\/www.autojm.fr\/blog\/peugeot-2008-la-version-restylee-en-approche\/#primaryimage"},"image":{"@id":"https:\/\/www.autojm.fr\/blog\/peugeot-2008-la-version-restylee-en-approche\/#primaryimage"},"thumbnailUrl":"https:\/\/www.autojm.fr\/blog\/wp-content\/uploads\/2023\/04\/Peugeot-2008-avant.jpg","datePublished":"2023-04-24T12:29:20+00:00","dateModified":"2024-07-19T14:55:52+00:00","description":"Lanc\u00e9 en f\u00e9vrier 2020, le Peugeot 2008 va subir un lifting et b\u00e9n\u00e9ficiera d\u2019une \u00e9volution esth\u00e9tique et technique avant d\u2019\u00eatre...","breadcrumb":{"@id":"https:\/\/www.autojm.fr\/blog\/peugeot-2008-la-version-restylee-en-approche\/#breadcrumb"},"inLanguage":"fr-FR","potentialAction":[{"@type":"ReadAction","target":["https:\/\/www.autojm.fr\/blog\/peugeot-2008-la-version-restylee-en-approche\/"]}]},{"@type":"ImageObject","inLanguage":"fr-FR","@id":"https:\/\/www.autojm.fr\/blog\/peugeot-2008-la-version-restylee-en-approche\/#primaryimage","url":"https:\/\/www.autojm.fr\/blog\/wp-content\/uploads\/2023\/04\/Peugeot-2008-avant.jpg","contentUrl":"https:\/\/www.autojm.fr\/blog\/wp-content\/uploads\/2023\/04\/Peugeot-2008-avant.jpg","width":1000,"height":500,"caption":"Peugeot 2008"},{"@type":"BreadcrumbList","@id":"https:\/\/www.autojm.fr\/blog\/peugeot-2008-la-version-restylee-en-approche\/#breadcrumb","itemListElement":[{"@type":"ListItem","position":1,"name":"Accueil","item":"https:\/\/www.autojm.fr\/blog\/"},{"@type":"ListItem","position":2,"name":"Nouveaut\u00e9s Autos","item":"https:\/\/www.autojm.fr\/blog\/nouveautes-autos\/"},{"@type":"ListItem","position":3,"name":"Nouveaut\u00e9 Peugeot","item":"https:\/\/www.autojm.fr\/blog\/nouveautes-autos\/nouveaute-peugeot\/"},{"@type":"ListItem","position":4,"name":"Peugeot 2008 : la version restyl\u00e9e en approche\u00a0"}]},{"@type":"WebSite","@id":"https:\/\/www.autojm.fr\/blog\/#website","url":"https:\/\/www.autojm.fr\/blog\/","name":"AutoJM Mag","description":"Toute l&#039;actu auto en 1 clic !","publisher":{"@id":"https:\/\/www.autojm.fr\/blog\/#organization"},"potentialAction":[{"@type":"SearchAction","target":{"@type":"EntryPoint","urlTemplate":"https:\/\/www.autojm.fr\/blog\/?s={search_term_string}"},"query-input":{"@type":"PropertyValueSpecification","valueRequired":true,"valueName":"search_term_string"}}],"inLanguage":"fr-FR"},{"@type":"Organization","@id":"https:\/\/www.autojm.fr\/blog\/#organization","name":"AutoJM Mag","url":"https:\/\/www.autojm.fr\/blog\/","logo":{"@type":"ImageObject","inLanguage":"fr-FR","@id":"https:\/\/www.autojm.fr\/blog\/#\/schema\/logo\/image\/","url":"https:\/\/www.autojm.fr\/blog\/wp-content\/uploads\/2022\/12\/cropped-AutoJMag-png.png","contentUrl":"https:\/\/www.autojm.fr\/blog\/wp-content\/uploads\/2022\/12\/cropped-AutoJMag-png.png","width":2834,"height":585,"caption":"AutoJM Mag"},"image":{"@id":"https:\/\/www.autojm.fr\/blog\/#\/schema\/logo\/image\/"},"sameAs":["https:\/\/www.facebook.com\/AutoJM25"]},{"@type":"Person","@id":"https:\/\/www.autojm.fr\/blog\/#\/schema\/person\/1cc83a91548d88a62eb8cf06f562a72c","name":"Justine Tripard","image":{"@type":"ImageObject","inLanguage":"fr-FR","@id":"https:\/\/secure.gravatar.com\/avatar\/b8b45209a4cf0b7b127b9238ec348090e7302306d2485eeaab17b6761fe84991?s=96&d=mm&r=g","url":"https:\/\/secure.gravatar.com\/avatar\/b8b45209a4cf0b7b127b9238ec348090e7302306d2485eeaab17b6761fe84991?s=96&d=mm&r=g","contentUrl":"https:\/\/secure.gravatar.com\/avatar\/b8b45209a4cf0b7b127b9238ec348090e7302306d2485eeaab17b6761fe84991?s=96&d=mm&r=g","caption":"Justine Tripard"},"url":"https:\/\/www.autojm.fr\/blog\/author\/justine\/"}]}},"_links":{"self":[{"href":"https:\/\/www.autojm.fr\/blog\/wp-json\/wp\/v2\/posts\/9054","targetHints":{"allow":["GET"]}}],"collection":[{"href":"https:\/\/www.autojm.fr\/blog\/wp-json\/wp\/v2\/posts"}],"about":[{"href":"https:\/\/www.autojm.fr\/blog\/wp-json\/wp\/v2\/types\/post"}],"author":[{"embeddable":true,"href":"https:\/\/www.autojm.fr\/blog\/wp-json\/wp\/v2\/users\/6"}],"replies":[{"embeddable":true,"href":"https:\/\/www.autojm.fr\/blog\/wp-json\/wp\/v2\/comments?post=9054"}],"version-history":[{"count":9,"href":"https:\/\/www.autojm.fr\/blog\/wp-json\/wp\/v2\/posts\/9054\/revisions"}],"predecessor-version":[{"id":18369,"href":"https:\/\/www.autojm.fr\/blog\/wp-json\/wp\/v2\/posts\/9054\/revisions\/18369"}],"wp:featuredmedia":[{"embeddable":true,"href":"https:\/\/www.autojm.fr\/blog\/wp-json\/wp\/v2\/media\/9056"}],"wp:attachment":[{"href":"https:\/\/www.autojm.fr\/blog\/wp-json\/wp\/v2\/media?parent=9054"}],"wp:term":[{"taxonomy":"category","embeddable":true,"href":"https:\/\/www.autojm.fr\/blog\/wp-json\/wp\/v2\/categories?post=9054"},{"taxonomy":"post_tag","embeddable":true,"href":"https:\/\/www.autojm.fr\/blog\/wp-json\/wp\/v2\/tags?post=9054"}],"curies":[{"name":"wp","href":"https:\/\/api.w.org\/{rel}","templated":true}]}}