{"id":8965,"date":"2023-04-05T09:38:00","date_gmt":"2023-04-05T09:38:00","guid":{"rendered":"https:\/\/www.autojm.fr\/blog\/?p=8965"},"modified":"2024-06-07T14:20:51","modified_gmt":"2024-06-07T14:20:51","slug":"quand-recharger-sa-voiture-electrique-et-a-quelle-frequence","status":"publish","type":"post","link":"https:\/\/www.autojm.fr\/blog\/quand-recharger-sa-voiture-electrique-et-a-quelle-frequence\/","title":{"rendered":"Quand recharger sa voiture \u00e9lectrique et \u00e0 quelle fr\u00e9quence?"},"content":{"rendered":"","protected":false},"excerpt":{"rendered":"<p>La fr\u00e9quence de rechargement d\u2019un v\u00e9hicule \u00e9lectrique constitue un facteur ayant une incidence sur la long\u00e9vit\u00e9 de la batterie. S\u2019il n\u2019est pas n\u00e9cessaire de la charger quotidiennement, son utilisation et son autonomie peuvent varier d\u2019un propri\u00e9taire \u00e0 un autre selon le mode de vie et la consommation. D\u00e9couvrez \u00e0 travers cet article nos conseils de nature \u00e0 influer sur la capacit\u00e9 de la batterie \u00e0 long terme. <\/p>\n","protected":false},"author":6,"featured_media":8967,"comment_status":"open","ping_status":"open","sticky":false,"template":"","format":"standard","meta":{"_acf_changed":false,"content-type":"","footnotes":""},"categories":[22,347],"tags":[90,85,74,105,109,259,106,108,107,73,78,193,96],"class_list":["post-8965","post","type-post","status-publish","format-standard","has-post-thumbnail","hentry","category-conseils-astuces","category-conseils-voitures-propres","tag-autojm","tag-citroen-2","tag-dacia","tag-ds","tag-ford","tag-hyundai","tag-kia","tag-nissan","tag-opel","tag-peugeot","tag-renault","tag-skoda","tag-volkswagen"],"acf":[],"yoast_head":"<!-- This site is optimized with the Yoast SEO plugin v27.5 - https:\/\/yoast.com\/product\/yoast-seo-wordpress\/ -->\n<title>Quand recharger sa voiture \u00e9lectrique et \u00e0 quelle fr\u00e9quence?<\/title>\n<meta name=\"description\" content=\"La fr\u00e9quence de rechargement d\u2019un v\u00e9hicule \u00e9lectrique constitue un facteur ayant une incidence sur la long\u00e9vit\u00e9 de la batterie. S\u2019il n\u2019est...\" \/>\n<meta name=\"robots\" content=\"index, follow, max-snippet:-1, max-image-preview:large, max-video-preview:-1\" \/>\n<link rel=\"canonical\" href=\"https:\/\/www.autojm.fr\/blog\/quand-recharger-sa-voiture-electrique-et-a-quelle-frequence\/\" \/>\n<meta property=\"og:locale\" content=\"fr_FR\" \/>\n<meta property=\"og:type\" content=\"article\" \/>\n<meta property=\"og:title\" content=\"Quand recharger sa voiture \u00e9lectrique et \u00e0 quelle fr\u00e9quence?\" \/>\n<meta property=\"og:description\" content=\"La fr\u00e9quence de rechargement d\u2019un v\u00e9hicule \u00e9lectrique constitue un facteur ayant une incidence sur la long\u00e9vit\u00e9 de la batterie. S\u2019il n\u2019est...\" \/>\n<meta property=\"og:url\" content=\"https:\/\/www.autojm.fr\/blog\/quand-recharger-sa-voiture-electrique-et-a-quelle-frequence\/\" \/>\n<meta property=\"og:site_name\" content=\"AutoJM Mag\" \/>\n<meta property=\"article:publisher\" content=\"https:\/\/www.facebook.com\/AutoJM25\" \/>\n<meta property=\"article:published_time\" content=\"2023-04-05T09:38:00+00:00\" \/>\n<meta property=\"article:modified_time\" content=\"2024-06-07T14:20:51+00:00\" \/>\n<meta property=\"og:image\" content=\"https:\/\/www.autojm.fr\/blog\/wp-content\/uploads\/2023\/04\/Recharge-voiture-electrique.jpg\" \/>\n\t<meta property=\"og:image:width\" content=\"1000\" \/>\n\t<meta property=\"og:image:height\" content=\"500\" \/>\n\t<meta property=\"og:image:type\" content=\"image\/jpeg\" \/>\n<meta name=\"author\" content=\"Justine Tripard\" \/>\n<meta name=\"twitter:card\" content=\"summary_large_image\" \/>\n<meta name=\"twitter:label1\" content=\"\u00c9crit par\" \/>\n\t<meta name=\"twitter:data1\" content=\"Justine Tripard\" \/>\n\t<meta name=\"twitter:label2\" content=\"Dur\u00e9e de lecture estim\u00e9e\" \/>\n\t<meta name=\"twitter:data2\" content=\"4 minutes\" \/>\n<script type=\"application\/ld+json\" class=\"yoast-schema-graph\">{\"@context\":\"https:\\\/\\\/schema.org\",\"@graph\":[{\"@type\":\"Article\",\"@id\":\"https:\\\/\\\/www.autojm.fr\\\/blog\\\/quand-recharger-sa-voiture-electrique-et-a-quelle-frequence\\\/#article\",\"isPartOf\":{\"@id\":\"https:\\\/\\\/www.autojm.fr\\\/blog\\\/quand-recharger-sa-voiture-electrique-et-a-quelle-frequence\\\/\"},\"author\":{\"name\":\"Justine Tripard\",\"@id\":\"https:\\\/\\\/www.autojm.fr\\\/blog\\\/#\\\/schema\\\/person\\\/1cc83a91548d88a62eb8cf06f562a72c\"},\"headline\":\"Quand recharger sa voiture \u00e9lectrique et \u00e0 quelle fr\u00e9quence?\",\"datePublished\":\"2023-04-05T09:38:00+00:00\",\"dateModified\":\"2024-06-07T14:20:51+00:00\",\"mainEntityOfPage\":{\"@id\":\"https:\\\/\\\/www.autojm.fr\\\/blog\\\/quand-recharger-sa-voiture-electrique-et-a-quelle-frequence\\\/\"},\"wordCount\":9,\"commentCount\":0,\"publisher\":{\"@id\":\"https:\\\/\\\/www.autojm.fr\\\/blog\\\/#organization\"},\"image\":{\"@id\":\"https:\\\/\\\/www.autojm.fr\\\/blog\\\/quand-recharger-sa-voiture-electrique-et-a-quelle-frequence\\\/#primaryimage\"},\"thumbnailUrl\":\"https:\\\/\\\/www.autojm.fr\\\/blog\\\/wp-content\\\/uploads\\\/2023\\\/04\\\/Recharge-voiture-electrique.jpg\",\"keywords\":[\"autojm\",\"Citro\u00ebn\",\"dacia\",\"DS\",\"Ford\",\"Hyundai\",\"Kia\",\"Nissan\",\"Opel\",\"peugeot\",\"renault\",\"Skoda\",\"Volkswagen\"],\"articleSection\":[\"Conseils &amp; Astuces\",\"Conseils voitures propres\"],\"inLanguage\":\"fr-FR\",\"potentialAction\":[{\"@type\":\"CommentAction\",\"name\":\"Comment\",\"target\":[\"https:\\\/\\\/www.autojm.fr\\\/blog\\\/quand-recharger-sa-voiture-electrique-et-a-quelle-frequence\\\/#respond\"]}]},{\"@type\":\"WebPage\",\"@id\":\"https:\\\/\\\/www.autojm.fr\\\/blog\\\/quand-recharger-sa-voiture-electrique-et-a-quelle-frequence\\\/\",\"url\":\"https:\\\/\\\/www.autojm.fr\\\/blog\\\/quand-recharger-sa-voiture-electrique-et-a-quelle-frequence\\\/\",\"name\":\"Quand recharger sa voiture \u00e9lectrique et \u00e0 quelle fr\u00e9quence?\",\"isPartOf\":{\"@id\":\"https:\\\/\\\/www.autojm.fr\\\/blog\\\/#website\"},\"primaryImageOfPage\":{\"@id\":\"https:\\\/\\\/www.autojm.fr\\\/blog\\\/quand-recharger-sa-voiture-electrique-et-a-quelle-frequence\\\/#primaryimage\"},\"image\":{\"@id\":\"https:\\\/\\\/www.autojm.fr\\\/blog\\\/quand-recharger-sa-voiture-electrique-et-a-quelle-frequence\\\/#primaryimage\"},\"thumbnailUrl\":\"https:\\\/\\\/www.autojm.fr\\\/blog\\\/wp-content\\\/uploads\\\/2023\\\/04\\\/Recharge-voiture-electrique.jpg\",\"datePublished\":\"2023-04-05T09:38:00+00:00\",\"dateModified\":\"2024-06-07T14:20:51+00:00\",\"description\":\"La fr\u00e9quence de rechargement d\u2019un v\u00e9hicule \u00e9lectrique constitue un facteur ayant une incidence sur la long\u00e9vit\u00e9 de la batterie. S\u2019il n\u2019est...\",\"breadcrumb\":{\"@id\":\"https:\\\/\\\/www.autojm.fr\\\/blog\\\/quand-recharger-sa-voiture-electrique-et-a-quelle-frequence\\\/#breadcrumb\"},\"inLanguage\":\"fr-FR\",\"potentialAction\":[{\"@type\":\"ReadAction\",\"target\":[\"https:\\\/\\\/www.autojm.fr\\\/blog\\\/quand-recharger-sa-voiture-electrique-et-a-quelle-frequence\\\/\"]}]},{\"@type\":\"ImageObject\",\"inLanguage\":\"fr-FR\",\"@id\":\"https:\\\/\\\/www.autojm.fr\\\/blog\\\/quand-recharger-sa-voiture-electrique-et-a-quelle-frequence\\\/#primaryimage\",\"url\":\"https:\\\/\\\/www.autojm.fr\\\/blog\\\/wp-content\\\/uploads\\\/2023\\\/04\\\/Recharge-voiture-electrique.jpg\",\"contentUrl\":\"https:\\\/\\\/www.autojm.fr\\\/blog\\\/wp-content\\\/uploads\\\/2023\\\/04\\\/Recharge-voiture-electrique.jpg\",\"width\":1000,\"height\":500,\"caption\":\"Recharge voiture \u00e9lectrique\"},{\"@type\":\"BreadcrumbList\",\"@id\":\"https:\\\/\\\/www.autojm.fr\\\/blog\\\/quand-recharger-sa-voiture-electrique-et-a-quelle-frequence\\\/#breadcrumb\",\"itemListElement\":[{\"@type\":\"ListItem\",\"position\":1,\"name\":\"Accueil\",\"item\":\"https:\\\/\\\/www.autojm.fr\\\/blog\\\/\"},{\"@type\":\"ListItem\",\"position\":2,\"name\":\"Conseils &amp; Astuces\",\"item\":\"https:\\\/\\\/www.autojm.fr\\\/blog\\\/conseils-astuces\\\/\"},{\"@type\":\"ListItem\",\"position\":3,\"name\":\"Quand recharger sa voiture \u00e9lectrique et \u00e0 quelle fr\u00e9quence?\"}]},{\"@type\":\"WebSite\",\"@id\":\"https:\\\/\\\/www.autojm.fr\\\/blog\\\/#website\",\"url\":\"https:\\\/\\\/www.autojm.fr\\\/blog\\\/\",\"name\":\"AutoJM Mag\",\"description\":\"Toute l&#039;actu auto en 1 clic !\",\"publisher\":{\"@id\":\"https:\\\/\\\/www.autojm.fr\\\/blog\\\/#organization\"},\"potentialAction\":[{\"@type\":\"SearchAction\",\"target\":{\"@type\":\"EntryPoint\",\"urlTemplate\":\"https:\\\/\\\/www.autojm.fr\\\/blog\\\/?s={search_term_string}\"},\"query-input\":{\"@type\":\"PropertyValueSpecification\",\"valueRequired\":true,\"valueName\":\"search_term_string\"}}],\"inLanguage\":\"fr-FR\"},{\"@type\":\"Organization\",\"@id\":\"https:\\\/\\\/www.autojm.fr\\\/blog\\\/#organization\",\"name\":\"AutoJM Mag\",\"url\":\"https:\\\/\\\/www.autojm.fr\\\/blog\\\/\",\"logo\":{\"@type\":\"ImageObject\",\"inLanguage\":\"fr-FR\",\"@id\":\"https:\\\/\\\/www.autojm.fr\\\/blog\\\/#\\\/schema\\\/logo\\\/image\\\/\",\"url\":\"https:\\\/\\\/www.autojm.fr\\\/blog\\\/wp-content\\\/uploads\\\/2022\\\/12\\\/cropped-AutoJMag-png.png\",\"contentUrl\":\"https:\\\/\\\/www.autojm.fr\\\/blog\\\/wp-content\\\/uploads\\\/2022\\\/12\\\/cropped-AutoJMag-png.png\",\"width\":2834,\"height\":585,\"caption\":\"AutoJM Mag\"},\"image\":{\"@id\":\"https:\\\/\\\/www.autojm.fr\\\/blog\\\/#\\\/schema\\\/logo\\\/image\\\/\"},\"sameAs\":[\"https:\\\/\\\/www.facebook.com\\\/AutoJM25\"]},{\"@type\":\"Person\",\"@id\":\"https:\\\/\\\/www.autojm.fr\\\/blog\\\/#\\\/schema\\\/person\\\/1cc83a91548d88a62eb8cf06f562a72c\",\"name\":\"Justine Tripard\",\"image\":{\"@type\":\"ImageObject\",\"inLanguage\":\"fr-FR\",\"@id\":\"https:\\\/\\\/secure.gravatar.com\\\/avatar\\\/b8b45209a4cf0b7b127b9238ec348090e7302306d2485eeaab17b6761fe84991?s=96&d=mm&r=g\",\"url\":\"https:\\\/\\\/secure.gravatar.com\\\/avatar\\\/b8b45209a4cf0b7b127b9238ec348090e7302306d2485eeaab17b6761fe84991?s=96&d=mm&r=g\",\"contentUrl\":\"https:\\\/\\\/secure.gravatar.com\\\/avatar\\\/b8b45209a4cf0b7b127b9238ec348090e7302306d2485eeaab17b6761fe84991?s=96&d=mm&r=g\",\"caption\":\"Justine Tripard\"},\"url\":\"https:\\\/\\\/www.autojm.fr\\\/blog\\\/author\\\/justine\\\/\"}]}<\/script>\n<!-- \/ Yoast SEO plugin. -->","yoast_head_json":{"title":"Quand recharger sa voiture \u00e9lectrique et \u00e0 quelle fr\u00e9quence?","description":"La fr\u00e9quence de rechargement d\u2019un v\u00e9hicule \u00e9lectrique constitue un facteur ayant une incidence sur la long\u00e9vit\u00e9 de la batterie. S\u2019il n\u2019est...","robots":{"index":"index","follow":"follow","max-snippet":"max-snippet:-1","max-image-preview":"max-image-preview:large","max-video-preview":"max-video-preview:-1"},"canonical":"https:\/\/www.autojm.fr\/blog\/quand-recharger-sa-voiture-electrique-et-a-quelle-frequence\/","og_locale":"fr_FR","og_type":"article","og_title":"Quand recharger sa voiture \u00e9lectrique et \u00e0 quelle fr\u00e9quence?","og_description":"La fr\u00e9quence de rechargement d\u2019un v\u00e9hicule \u00e9lectrique constitue un facteur ayant une incidence sur la long\u00e9vit\u00e9 de la batterie. S\u2019il n\u2019est...","og_url":"https:\/\/www.autojm.fr\/blog\/quand-recharger-sa-voiture-electrique-et-a-quelle-frequence\/","og_site_name":"AutoJM Mag","article_publisher":"https:\/\/www.facebook.com\/AutoJM25","article_published_time":"2023-04-05T09:38:00+00:00","article_modified_time":"2024-06-07T14:20:51+00:00","og_image":[{"width":1000,"height":500,"url":"https:\/\/www.autojm.fr\/blog\/wp-content\/uploads\/2023\/04\/Recharge-voiture-electrique.jpg","type":"image\/jpeg"}],"author":"Justine Tripard","twitter_card":"summary_large_image","twitter_misc":{"\u00c9crit par":"Justine Tripard","Dur\u00e9e de lecture estim\u00e9e":"4 minutes"},"schema":{"@context":"https:\/\/schema.org","@graph":[{"@type":"Article","@id":"https:\/\/www.autojm.fr\/blog\/quand-recharger-sa-voiture-electrique-et-a-quelle-frequence\/#article","isPartOf":{"@id":"https:\/\/www.autojm.fr\/blog\/quand-recharger-sa-voiture-electrique-et-a-quelle-frequence\/"},"author":{"name":"Justine Tripard","@id":"https:\/\/www.autojm.fr\/blog\/#\/schema\/person\/1cc83a91548d88a62eb8cf06f562a72c"},"headline":"Quand recharger sa voiture \u00e9lectrique et \u00e0 quelle fr\u00e9quence?","datePublished":"2023-04-05T09:38:00+00:00","dateModified":"2024-06-07T14:20:51+00:00","mainEntityOfPage":{"@id":"https:\/\/www.autojm.fr\/blog\/quand-recharger-sa-voiture-electrique-et-a-quelle-frequence\/"},"wordCount":9,"commentCount":0,"publisher":{"@id":"https:\/\/www.autojm.fr\/blog\/#organization"},"image":{"@id":"https:\/\/www.autojm.fr\/blog\/quand-recharger-sa-voiture-electrique-et-a-quelle-frequence\/#primaryimage"},"thumbnailUrl":"https:\/\/www.autojm.fr\/blog\/wp-content\/uploads\/2023\/04\/Recharge-voiture-electrique.jpg","keywords":["autojm","Citro\u00ebn","dacia","DS","Ford","Hyundai","Kia","Nissan","Opel","peugeot","renault","Skoda","Volkswagen"],"articleSection":["Conseils &amp; Astuces","Conseils voitures propres"],"inLanguage":"fr-FR","potentialAction":[{"@type":"CommentAction","name":"Comment","target":["https:\/\/www.autojm.fr\/blog\/quand-recharger-sa-voiture-electrique-et-a-quelle-frequence\/#respond"]}]},{"@type":"WebPage","@id":"https:\/\/www.autojm.fr\/blog\/quand-recharger-sa-voiture-electrique-et-a-quelle-frequence\/","url":"https:\/\/www.autojm.fr\/blog\/quand-recharger-sa-voiture-electrique-et-a-quelle-frequence\/","name":"Quand recharger sa voiture \u00e9lectrique et \u00e0 quelle fr\u00e9quence?","isPartOf":{"@id":"https:\/\/www.autojm.fr\/blog\/#website"},"primaryImageOfPage":{"@id":"https:\/\/www.autojm.fr\/blog\/quand-recharger-sa-voiture-electrique-et-a-quelle-frequence\/#primaryimage"},"image":{"@id":"https:\/\/www.autojm.fr\/blog\/quand-recharger-sa-voiture-electrique-et-a-quelle-frequence\/#primaryimage"},"thumbnailUrl":"https:\/\/www.autojm.fr\/blog\/wp-content\/uploads\/2023\/04\/Recharge-voiture-electrique.jpg","datePublished":"2023-04-05T09:38:00+00:00","dateModified":"2024-06-07T14:20:51+00:00","description":"La fr\u00e9quence de rechargement d\u2019un v\u00e9hicule \u00e9lectrique constitue un facteur ayant une incidence sur la long\u00e9vit\u00e9 de la batterie. S\u2019il n\u2019est...","breadcrumb":{"@id":"https:\/\/www.autojm.fr\/blog\/quand-recharger-sa-voiture-electrique-et-a-quelle-frequence\/#breadcrumb"},"inLanguage":"fr-FR","potentialAction":[{"@type":"ReadAction","target":["https:\/\/www.autojm.fr\/blog\/quand-recharger-sa-voiture-electrique-et-a-quelle-frequence\/"]}]},{"@type":"ImageObject","inLanguage":"fr-FR","@id":"https:\/\/www.autojm.fr\/blog\/quand-recharger-sa-voiture-electrique-et-a-quelle-frequence\/#primaryimage","url":"https:\/\/www.autojm.fr\/blog\/wp-content\/uploads\/2023\/04\/Recharge-voiture-electrique.jpg","contentUrl":"https:\/\/www.autojm.fr\/blog\/wp-content\/uploads\/2023\/04\/Recharge-voiture-electrique.jpg","width":1000,"height":500,"caption":"Recharge voiture \u00e9lectrique"},{"@type":"BreadcrumbList","@id":"https:\/\/www.autojm.fr\/blog\/quand-recharger-sa-voiture-electrique-et-a-quelle-frequence\/#breadcrumb","itemListElement":[{"@type":"ListItem","position":1,"name":"Accueil","item":"https:\/\/www.autojm.fr\/blog\/"},{"@type":"ListItem","position":2,"name":"Conseils &amp; Astuces","item":"https:\/\/www.autojm.fr\/blog\/conseils-astuces\/"},{"@type":"ListItem","position":3,"name":"Quand recharger sa voiture \u00e9lectrique et \u00e0 quelle fr\u00e9quence?"}]},{"@type":"WebSite","@id":"https:\/\/www.autojm.fr\/blog\/#website","url":"https:\/\/www.autojm.fr\/blog\/","name":"AutoJM Mag","description":"Toute l&#039;actu auto en 1 clic !","publisher":{"@id":"https:\/\/www.autojm.fr\/blog\/#organization"},"potentialAction":[{"@type":"SearchAction","target":{"@type":"EntryPoint","urlTemplate":"https:\/\/www.autojm.fr\/blog\/?s={search_term_string}"},"query-input":{"@type":"PropertyValueSpecification","valueRequired":true,"valueName":"search_term_string"}}],"inLanguage":"fr-FR"},{"@type":"Organization","@id":"https:\/\/www.autojm.fr\/blog\/#organization","name":"AutoJM Mag","url":"https:\/\/www.autojm.fr\/blog\/","logo":{"@type":"ImageObject","inLanguage":"fr-FR","@id":"https:\/\/www.autojm.fr\/blog\/#\/schema\/logo\/image\/","url":"https:\/\/www.autojm.fr\/blog\/wp-content\/uploads\/2022\/12\/cropped-AutoJMag-png.png","contentUrl":"https:\/\/www.autojm.fr\/blog\/wp-content\/uploads\/2022\/12\/cropped-AutoJMag-png.png","width":2834,"height":585,"caption":"AutoJM Mag"},"image":{"@id":"https:\/\/www.autojm.fr\/blog\/#\/schema\/logo\/image\/"},"sameAs":["https:\/\/www.facebook.com\/AutoJM25"]},{"@type":"Person","@id":"https:\/\/www.autojm.fr\/blog\/#\/schema\/person\/1cc83a91548d88a62eb8cf06f562a72c","name":"Justine Tripard","image":{"@type":"ImageObject","inLanguage":"fr-FR","@id":"https:\/\/secure.gravatar.com\/avatar\/b8b45209a4cf0b7b127b9238ec348090e7302306d2485eeaab17b6761fe84991?s=96&d=mm&r=g","url":"https:\/\/secure.gravatar.com\/avatar\/b8b45209a4cf0b7b127b9238ec348090e7302306d2485eeaab17b6761fe84991?s=96&d=mm&r=g","contentUrl":"https:\/\/secure.gravatar.com\/avatar\/b8b45209a4cf0b7b127b9238ec348090e7302306d2485eeaab17b6761fe84991?s=96&d=mm&r=g","caption":"Justine Tripard"},"url":"https:\/\/www.autojm.fr\/blog\/author\/justine\/"}]}},"_links":{"self":[{"href":"https:\/\/www.autojm.fr\/blog\/wp-json\/wp\/v2\/posts\/8965","targetHints":{"allow":["GET"]}}],"collection":[{"href":"https:\/\/www.autojm.fr\/blog\/wp-json\/wp\/v2\/posts"}],"about":[{"href":"https:\/\/www.autojm.fr\/blog\/wp-json\/wp\/v2\/types\/post"}],"author":[{"embeddable":true,"href":"https:\/\/www.autojm.fr\/blog\/wp-json\/wp\/v2\/users\/6"}],"replies":[{"embeddable":true,"href":"https:\/\/www.autojm.fr\/blog\/wp-json\/wp\/v2\/comments?post=8965"}],"version-history":[{"count":4,"href":"https:\/\/www.autojm.fr\/blog\/wp-json\/wp\/v2\/posts\/8965\/revisions"}],"predecessor-version":[{"id":14554,"href":"https:\/\/www.autojm.fr\/blog\/wp-json\/wp\/v2\/posts\/8965\/revisions\/14554"}],"wp:featuredmedia":[{"embeddable":true,"href":"https:\/\/www.autojm.fr\/blog\/wp-json\/wp\/v2\/media\/8967"}],"wp:attachment":[{"href":"https:\/\/www.autojm.fr\/blog\/wp-json\/wp\/v2\/media?parent=8965"}],"wp:term":[{"taxonomy":"category","embeddable":true,"href":"https:\/\/www.autojm.fr\/blog\/wp-json\/wp\/v2\/categories?post=8965"},{"taxonomy":"post_tag","embeddable":true,"href":"https:\/\/www.autojm.fr\/blog\/wp-json\/wp\/v2\/tags?post=8965"}],"curies":[{"name":"wp","href":"https:\/\/api.w.org\/{rel}","templated":true}]}}