{"id":8905,"date":"2023-03-29T12:37:51","date_gmt":"2023-03-29T12:37:51","guid":{"rendered":"https:\/\/www.autojm.fr\/blog\/?p=8905"},"modified":"2024-09-13T13:58:15","modified_gmt":"2024-09-13T13:58:15","slug":"hyundai-kona-la-seconde-generation-du-suv-electrique","status":"publish","type":"post","link":"https:\/\/www.autojm.fr\/blog\/hyundai-kona-la-seconde-generation-du-suv-electrique\/","title":{"rendered":"Hyundai Kona : la seconde g\u00e9n\u00e9ration du SUV \u00e9lectrique\u00a0"},"content":{"rendered":"","protected":false},"excerpt":{"rendered":"<p>Commercialis\u00e9 dans l\u2019Hexagone depuis 2018, le premier SUV \u00e9lectrique de la marque cor\u00e9enne a subi un premier restylage en 2021. Des changements esth\u00e9tiques et la mise \u00e0 jour d\u2019une signature lumineuse pixelis\u00e9e caract\u00e9risent la nouvelle g\u00e9n\u00e9ration du crossover annonc\u00e9e pour 2023 et qui adopte un style futuriste. <\/p>\n","protected":false},"author":6,"featured_media":8907,"comment_status":"open","ping_status":"open","sticky":false,"template":"","format":"standard","meta":{"_acf_changed":false,"content-type":"","footnotes":""},"categories":[341],"tags":[90,259,286],"class_list":["post-8905","post","type-post","status-publish","format-standard","has-post-thumbnail","hentry","category-nouveaute-hyundai","tag-autojm","tag-hyundai","tag-hyundai-tucson"],"acf":[],"yoast_head":"<!-- This site is optimized with the Yoast SEO plugin v27.5 - https:\/\/yoast.com\/product\/yoast-seo-wordpress\/ -->\n<title>Hyundai Kona : la seconde g\u00e9n\u00e9ration du SUV \u00e9lectrique<\/title>\n<meta name=\"description\" content=\"Commercialis\u00e9 dans l\u2019Hexagone depuis 2018, le Hyundai Kona \u00e9lectrique a subi un premier restylage en 2021...\" \/>\n<meta name=\"robots\" content=\"index, follow, max-snippet:-1, max-image-preview:large, max-video-preview:-1\" \/>\n<link rel=\"canonical\" href=\"https:\/\/www.autojm.fr\/blog\/hyundai-kona-la-seconde-generation-du-suv-electrique\/\" \/>\n<meta property=\"og:locale\" content=\"fr_FR\" \/>\n<meta property=\"og:type\" content=\"article\" \/>\n<meta property=\"og:title\" content=\"Hyundai Kona : la seconde g\u00e9n\u00e9ration du SUV \u00e9lectrique\" \/>\n<meta property=\"og:description\" content=\"Commercialis\u00e9 dans l\u2019Hexagone depuis 2018, le Hyundai Kona \u00e9lectrique a subi un premier restylage en 2021...\" \/>\n<meta property=\"og:url\" content=\"https:\/\/www.autojm.fr\/blog\/hyundai-kona-la-seconde-generation-du-suv-electrique\/\" \/>\n<meta property=\"og:site_name\" content=\"AutoJM Mag\" \/>\n<meta property=\"article:publisher\" content=\"https:\/\/www.facebook.com\/AutoJM25\" \/>\n<meta property=\"article:published_time\" content=\"2023-03-29T12:37:51+00:00\" \/>\n<meta property=\"article:modified_time\" content=\"2024-09-13T13:58:15+00:00\" \/>\n<meta property=\"og:image\" content=\"https:\/\/www.autojm.fr\/blog\/wp-content\/uploads\/2023\/03\/Hyundai-Kona-Electric.jpg\" \/>\n\t<meta property=\"og:image:width\" content=\"1000\" \/>\n\t<meta property=\"og:image:height\" content=\"500\" \/>\n\t<meta property=\"og:image:type\" content=\"image\/jpeg\" \/>\n<meta name=\"author\" content=\"Justine Tripard\" \/>\n<meta name=\"twitter:card\" content=\"summary_large_image\" \/>\n<meta name=\"twitter:label1\" content=\"\u00c9crit par\" \/>\n\t<meta name=\"twitter:data1\" content=\"Justine Tripard\" \/>\n\t<meta name=\"twitter:label2\" content=\"Dur\u00e9e de lecture estim\u00e9e\" \/>\n\t<meta name=\"twitter:data2\" content=\"5 minutes\" \/>\n<script type=\"application\/ld+json\" class=\"yoast-schema-graph\">{\"@context\":\"https:\\\/\\\/schema.org\",\"@graph\":[{\"@type\":\"Article\",\"@id\":\"https:\\\/\\\/www.autojm.fr\\\/blog\\\/hyundai-kona-la-seconde-generation-du-suv-electrique\\\/#article\",\"isPartOf\":{\"@id\":\"https:\\\/\\\/www.autojm.fr\\\/blog\\\/hyundai-kona-la-seconde-generation-du-suv-electrique\\\/\"},\"author\":{\"name\":\"Justine Tripard\",\"@id\":\"https:\\\/\\\/www.autojm.fr\\\/blog\\\/#\\\/schema\\\/person\\\/1cc83a91548d88a62eb8cf06f562a72c\"},\"headline\":\"Hyundai Kona : la seconde g\u00e9n\u00e9ration du SUV \u00e9lectrique\u00a0\",\"datePublished\":\"2023-03-29T12:37:51+00:00\",\"dateModified\":\"2024-09-13T13:58:15+00:00\",\"mainEntityOfPage\":{\"@id\":\"https:\\\/\\\/www.autojm.fr\\\/blog\\\/hyundai-kona-la-seconde-generation-du-suv-electrique\\\/\"},\"wordCount\":10,\"commentCount\":0,\"publisher\":{\"@id\":\"https:\\\/\\\/www.autojm.fr\\\/blog\\\/#organization\"},\"image\":{\"@id\":\"https:\\\/\\\/www.autojm.fr\\\/blog\\\/hyundai-kona-la-seconde-generation-du-suv-electrique\\\/#primaryimage\"},\"thumbnailUrl\":\"https:\\\/\\\/www.autojm.fr\\\/blog\\\/wp-content\\\/uploads\\\/2023\\\/03\\\/Hyundai-Kona-Electric.jpg\",\"keywords\":[\"autojm\",\"Hyundai\",\"Hyundai Tucson\"],\"articleSection\":[\"Nouveaut\u00e9 Hyundai\"],\"inLanguage\":\"fr-FR\",\"potentialAction\":[{\"@type\":\"CommentAction\",\"name\":\"Comment\",\"target\":[\"https:\\\/\\\/www.autojm.fr\\\/blog\\\/hyundai-kona-la-seconde-generation-du-suv-electrique\\\/#respond\"]}]},{\"@type\":\"WebPage\",\"@id\":\"https:\\\/\\\/www.autojm.fr\\\/blog\\\/hyundai-kona-la-seconde-generation-du-suv-electrique\\\/\",\"url\":\"https:\\\/\\\/www.autojm.fr\\\/blog\\\/hyundai-kona-la-seconde-generation-du-suv-electrique\\\/\",\"name\":\"Hyundai Kona : la seconde g\u00e9n\u00e9ration du SUV \u00e9lectrique\",\"isPartOf\":{\"@id\":\"https:\\\/\\\/www.autojm.fr\\\/blog\\\/#website\"},\"primaryImageOfPage\":{\"@id\":\"https:\\\/\\\/www.autojm.fr\\\/blog\\\/hyundai-kona-la-seconde-generation-du-suv-electrique\\\/#primaryimage\"},\"image\":{\"@id\":\"https:\\\/\\\/www.autojm.fr\\\/blog\\\/hyundai-kona-la-seconde-generation-du-suv-electrique\\\/#primaryimage\"},\"thumbnailUrl\":\"https:\\\/\\\/www.autojm.fr\\\/blog\\\/wp-content\\\/uploads\\\/2023\\\/03\\\/Hyundai-Kona-Electric.jpg\",\"datePublished\":\"2023-03-29T12:37:51+00:00\",\"dateModified\":\"2024-09-13T13:58:15+00:00\",\"description\":\"Commercialis\u00e9 dans l\u2019Hexagone depuis 2018, le Hyundai Kona \u00e9lectrique a subi un premier restylage en 2021...\",\"breadcrumb\":{\"@id\":\"https:\\\/\\\/www.autojm.fr\\\/blog\\\/hyundai-kona-la-seconde-generation-du-suv-electrique\\\/#breadcrumb\"},\"inLanguage\":\"fr-FR\",\"potentialAction\":[{\"@type\":\"ReadAction\",\"target\":[\"https:\\\/\\\/www.autojm.fr\\\/blog\\\/hyundai-kona-la-seconde-generation-du-suv-electrique\\\/\"]}]},{\"@type\":\"ImageObject\",\"inLanguage\":\"fr-FR\",\"@id\":\"https:\\\/\\\/www.autojm.fr\\\/blog\\\/hyundai-kona-la-seconde-generation-du-suv-electrique\\\/#primaryimage\",\"url\":\"https:\\\/\\\/www.autojm.fr\\\/blog\\\/wp-content\\\/uploads\\\/2023\\\/03\\\/Hyundai-Kona-Electric.jpg\",\"contentUrl\":\"https:\\\/\\\/www.autojm.fr\\\/blog\\\/wp-content\\\/uploads\\\/2023\\\/03\\\/Hyundai-Kona-Electric.jpg\",\"width\":1000,\"height\":500,\"caption\":\"Hyundai Kona Electric\"},{\"@type\":\"BreadcrumbList\",\"@id\":\"https:\\\/\\\/www.autojm.fr\\\/blog\\\/hyundai-kona-la-seconde-generation-du-suv-electrique\\\/#breadcrumb\",\"itemListElement\":[{\"@type\":\"ListItem\",\"position\":1,\"name\":\"Accueil\",\"item\":\"https:\\\/\\\/www.autojm.fr\\\/blog\\\/\"},{\"@type\":\"ListItem\",\"position\":2,\"name\":\"Nouveaut\u00e9s Autos\",\"item\":\"https:\\\/\\\/www.autojm.fr\\\/blog\\\/nouveautes-autos\\\/\"},{\"@type\":\"ListItem\",\"position\":3,\"name\":\"Nouveaut\u00e9 Hyundai\",\"item\":\"https:\\\/\\\/www.autojm.fr\\\/blog\\\/nouveautes-autos\\\/nouveaute-hyundai\\\/\"},{\"@type\":\"ListItem\",\"position\":4,\"name\":\"Hyundai Kona : la seconde g\u00e9n\u00e9ration du SUV \u00e9lectrique\u00a0\"}]},{\"@type\":\"WebSite\",\"@id\":\"https:\\\/\\\/www.autojm.fr\\\/blog\\\/#website\",\"url\":\"https:\\\/\\\/www.autojm.fr\\\/blog\\\/\",\"name\":\"AutoJM Mag\",\"description\":\"Toute l&#039;actu auto en 1 clic !\",\"publisher\":{\"@id\":\"https:\\\/\\\/www.autojm.fr\\\/blog\\\/#organization\"},\"potentialAction\":[{\"@type\":\"SearchAction\",\"target\":{\"@type\":\"EntryPoint\",\"urlTemplate\":\"https:\\\/\\\/www.autojm.fr\\\/blog\\\/?s={search_term_string}\"},\"query-input\":{\"@type\":\"PropertyValueSpecification\",\"valueRequired\":true,\"valueName\":\"search_term_string\"}}],\"inLanguage\":\"fr-FR\"},{\"@type\":\"Organization\",\"@id\":\"https:\\\/\\\/www.autojm.fr\\\/blog\\\/#organization\",\"name\":\"AutoJM Mag\",\"url\":\"https:\\\/\\\/www.autojm.fr\\\/blog\\\/\",\"logo\":{\"@type\":\"ImageObject\",\"inLanguage\":\"fr-FR\",\"@id\":\"https:\\\/\\\/www.autojm.fr\\\/blog\\\/#\\\/schema\\\/logo\\\/image\\\/\",\"url\":\"https:\\\/\\\/www.autojm.fr\\\/blog\\\/wp-content\\\/uploads\\\/2022\\\/12\\\/cropped-AutoJMag-png.png\",\"contentUrl\":\"https:\\\/\\\/www.autojm.fr\\\/blog\\\/wp-content\\\/uploads\\\/2022\\\/12\\\/cropped-AutoJMag-png.png\",\"width\":2834,\"height\":585,\"caption\":\"AutoJM Mag\"},\"image\":{\"@id\":\"https:\\\/\\\/www.autojm.fr\\\/blog\\\/#\\\/schema\\\/logo\\\/image\\\/\"},\"sameAs\":[\"https:\\\/\\\/www.facebook.com\\\/AutoJM25\"]},{\"@type\":\"Person\",\"@id\":\"https:\\\/\\\/www.autojm.fr\\\/blog\\\/#\\\/schema\\\/person\\\/1cc83a91548d88a62eb8cf06f562a72c\",\"name\":\"Justine Tripard\",\"image\":{\"@type\":\"ImageObject\",\"inLanguage\":\"fr-FR\",\"@id\":\"https:\\\/\\\/secure.gravatar.com\\\/avatar\\\/b8b45209a4cf0b7b127b9238ec348090e7302306d2485eeaab17b6761fe84991?s=96&d=mm&r=g\",\"url\":\"https:\\\/\\\/secure.gravatar.com\\\/avatar\\\/b8b45209a4cf0b7b127b9238ec348090e7302306d2485eeaab17b6761fe84991?s=96&d=mm&r=g\",\"contentUrl\":\"https:\\\/\\\/secure.gravatar.com\\\/avatar\\\/b8b45209a4cf0b7b127b9238ec348090e7302306d2485eeaab17b6761fe84991?s=96&d=mm&r=g\",\"caption\":\"Justine Tripard\"},\"url\":\"https:\\\/\\\/www.autojm.fr\\\/blog\\\/author\\\/justine\\\/\"}]}<\/script>\n<!-- \/ Yoast SEO plugin. -->","yoast_head_json":{"title":"Hyundai Kona : la seconde g\u00e9n\u00e9ration du SUV \u00e9lectrique","description":"Commercialis\u00e9 dans l\u2019Hexagone depuis 2018, le Hyundai Kona \u00e9lectrique a subi un premier restylage en 2021...","robots":{"index":"index","follow":"follow","max-snippet":"max-snippet:-1","max-image-preview":"max-image-preview:large","max-video-preview":"max-video-preview:-1"},"canonical":"https:\/\/www.autojm.fr\/blog\/hyundai-kona-la-seconde-generation-du-suv-electrique\/","og_locale":"fr_FR","og_type":"article","og_title":"Hyundai Kona : la seconde g\u00e9n\u00e9ration du SUV \u00e9lectrique","og_description":"Commercialis\u00e9 dans l\u2019Hexagone depuis 2018, le Hyundai Kona \u00e9lectrique a subi un premier restylage en 2021...","og_url":"https:\/\/www.autojm.fr\/blog\/hyundai-kona-la-seconde-generation-du-suv-electrique\/","og_site_name":"AutoJM Mag","article_publisher":"https:\/\/www.facebook.com\/AutoJM25","article_published_time":"2023-03-29T12:37:51+00:00","article_modified_time":"2024-09-13T13:58:15+00:00","og_image":[{"width":1000,"height":500,"url":"https:\/\/www.autojm.fr\/blog\/wp-content\/uploads\/2023\/03\/Hyundai-Kona-Electric.jpg","type":"image\/jpeg"}],"author":"Justine Tripard","twitter_card":"summary_large_image","twitter_misc":{"\u00c9crit par":"Justine Tripard","Dur\u00e9e de lecture estim\u00e9e":"5 minutes"},"schema":{"@context":"https:\/\/schema.org","@graph":[{"@type":"Article","@id":"https:\/\/www.autojm.fr\/blog\/hyundai-kona-la-seconde-generation-du-suv-electrique\/#article","isPartOf":{"@id":"https:\/\/www.autojm.fr\/blog\/hyundai-kona-la-seconde-generation-du-suv-electrique\/"},"author":{"name":"Justine Tripard","@id":"https:\/\/www.autojm.fr\/blog\/#\/schema\/person\/1cc83a91548d88a62eb8cf06f562a72c"},"headline":"Hyundai Kona : la seconde g\u00e9n\u00e9ration du SUV \u00e9lectrique\u00a0","datePublished":"2023-03-29T12:37:51+00:00","dateModified":"2024-09-13T13:58:15+00:00","mainEntityOfPage":{"@id":"https:\/\/www.autojm.fr\/blog\/hyundai-kona-la-seconde-generation-du-suv-electrique\/"},"wordCount":10,"commentCount":0,"publisher":{"@id":"https:\/\/www.autojm.fr\/blog\/#organization"},"image":{"@id":"https:\/\/www.autojm.fr\/blog\/hyundai-kona-la-seconde-generation-du-suv-electrique\/#primaryimage"},"thumbnailUrl":"https:\/\/www.autojm.fr\/blog\/wp-content\/uploads\/2023\/03\/Hyundai-Kona-Electric.jpg","keywords":["autojm","Hyundai","Hyundai Tucson"],"articleSection":["Nouveaut\u00e9 Hyundai"],"inLanguage":"fr-FR","potentialAction":[{"@type":"CommentAction","name":"Comment","target":["https:\/\/www.autojm.fr\/blog\/hyundai-kona-la-seconde-generation-du-suv-electrique\/#respond"]}]},{"@type":"WebPage","@id":"https:\/\/www.autojm.fr\/blog\/hyundai-kona-la-seconde-generation-du-suv-electrique\/","url":"https:\/\/www.autojm.fr\/blog\/hyundai-kona-la-seconde-generation-du-suv-electrique\/","name":"Hyundai Kona : la seconde g\u00e9n\u00e9ration du SUV \u00e9lectrique","isPartOf":{"@id":"https:\/\/www.autojm.fr\/blog\/#website"},"primaryImageOfPage":{"@id":"https:\/\/www.autojm.fr\/blog\/hyundai-kona-la-seconde-generation-du-suv-electrique\/#primaryimage"},"image":{"@id":"https:\/\/www.autojm.fr\/blog\/hyundai-kona-la-seconde-generation-du-suv-electrique\/#primaryimage"},"thumbnailUrl":"https:\/\/www.autojm.fr\/blog\/wp-content\/uploads\/2023\/03\/Hyundai-Kona-Electric.jpg","datePublished":"2023-03-29T12:37:51+00:00","dateModified":"2024-09-13T13:58:15+00:00","description":"Commercialis\u00e9 dans l\u2019Hexagone depuis 2018, le Hyundai Kona \u00e9lectrique a subi un premier restylage en 2021...","breadcrumb":{"@id":"https:\/\/www.autojm.fr\/blog\/hyundai-kona-la-seconde-generation-du-suv-electrique\/#breadcrumb"},"inLanguage":"fr-FR","potentialAction":[{"@type":"ReadAction","target":["https:\/\/www.autojm.fr\/blog\/hyundai-kona-la-seconde-generation-du-suv-electrique\/"]}]},{"@type":"ImageObject","inLanguage":"fr-FR","@id":"https:\/\/www.autojm.fr\/blog\/hyundai-kona-la-seconde-generation-du-suv-electrique\/#primaryimage","url":"https:\/\/www.autojm.fr\/blog\/wp-content\/uploads\/2023\/03\/Hyundai-Kona-Electric.jpg","contentUrl":"https:\/\/www.autojm.fr\/blog\/wp-content\/uploads\/2023\/03\/Hyundai-Kona-Electric.jpg","width":1000,"height":500,"caption":"Hyundai Kona Electric"},{"@type":"BreadcrumbList","@id":"https:\/\/www.autojm.fr\/blog\/hyundai-kona-la-seconde-generation-du-suv-electrique\/#breadcrumb","itemListElement":[{"@type":"ListItem","position":1,"name":"Accueil","item":"https:\/\/www.autojm.fr\/blog\/"},{"@type":"ListItem","position":2,"name":"Nouveaut\u00e9s Autos","item":"https:\/\/www.autojm.fr\/blog\/nouveautes-autos\/"},{"@type":"ListItem","position":3,"name":"Nouveaut\u00e9 Hyundai","item":"https:\/\/www.autojm.fr\/blog\/nouveautes-autos\/nouveaute-hyundai\/"},{"@type":"ListItem","position":4,"name":"Hyundai Kona : la seconde g\u00e9n\u00e9ration du SUV \u00e9lectrique\u00a0"}]},{"@type":"WebSite","@id":"https:\/\/www.autojm.fr\/blog\/#website","url":"https:\/\/www.autojm.fr\/blog\/","name":"AutoJM Mag","description":"Toute l&#039;actu auto en 1 clic !","publisher":{"@id":"https:\/\/www.autojm.fr\/blog\/#organization"},"potentialAction":[{"@type":"SearchAction","target":{"@type":"EntryPoint","urlTemplate":"https:\/\/www.autojm.fr\/blog\/?s={search_term_string}"},"query-input":{"@type":"PropertyValueSpecification","valueRequired":true,"valueName":"search_term_string"}}],"inLanguage":"fr-FR"},{"@type":"Organization","@id":"https:\/\/www.autojm.fr\/blog\/#organization","name":"AutoJM Mag","url":"https:\/\/www.autojm.fr\/blog\/","logo":{"@type":"ImageObject","inLanguage":"fr-FR","@id":"https:\/\/www.autojm.fr\/blog\/#\/schema\/logo\/image\/","url":"https:\/\/www.autojm.fr\/blog\/wp-content\/uploads\/2022\/12\/cropped-AutoJMag-png.png","contentUrl":"https:\/\/www.autojm.fr\/blog\/wp-content\/uploads\/2022\/12\/cropped-AutoJMag-png.png","width":2834,"height":585,"caption":"AutoJM Mag"},"image":{"@id":"https:\/\/www.autojm.fr\/blog\/#\/schema\/logo\/image\/"},"sameAs":["https:\/\/www.facebook.com\/AutoJM25"]},{"@type":"Person","@id":"https:\/\/www.autojm.fr\/blog\/#\/schema\/person\/1cc83a91548d88a62eb8cf06f562a72c","name":"Justine Tripard","image":{"@type":"ImageObject","inLanguage":"fr-FR","@id":"https:\/\/secure.gravatar.com\/avatar\/b8b45209a4cf0b7b127b9238ec348090e7302306d2485eeaab17b6761fe84991?s=96&d=mm&r=g","url":"https:\/\/secure.gravatar.com\/avatar\/b8b45209a4cf0b7b127b9238ec348090e7302306d2485eeaab17b6761fe84991?s=96&d=mm&r=g","contentUrl":"https:\/\/secure.gravatar.com\/avatar\/b8b45209a4cf0b7b127b9238ec348090e7302306d2485eeaab17b6761fe84991?s=96&d=mm&r=g","caption":"Justine Tripard"},"url":"https:\/\/www.autojm.fr\/blog\/author\/justine\/"}]}},"_links":{"self":[{"href":"https:\/\/www.autojm.fr\/blog\/wp-json\/wp\/v2\/posts\/8905","targetHints":{"allow":["GET"]}}],"collection":[{"href":"https:\/\/www.autojm.fr\/blog\/wp-json\/wp\/v2\/posts"}],"about":[{"href":"https:\/\/www.autojm.fr\/blog\/wp-json\/wp\/v2\/types\/post"}],"author":[{"embeddable":true,"href":"https:\/\/www.autojm.fr\/blog\/wp-json\/wp\/v2\/users\/6"}],"replies":[{"embeddable":true,"href":"https:\/\/www.autojm.fr\/blog\/wp-json\/wp\/v2\/comments?post=8905"}],"version-history":[{"count":5,"href":"https:\/\/www.autojm.fr\/blog\/wp-json\/wp\/v2\/posts\/8905\/revisions"}],"predecessor-version":[{"id":19201,"href":"https:\/\/www.autojm.fr\/blog\/wp-json\/wp\/v2\/posts\/8905\/revisions\/19201"}],"wp:featuredmedia":[{"embeddable":true,"href":"https:\/\/www.autojm.fr\/blog\/wp-json\/wp\/v2\/media\/8907"}],"wp:attachment":[{"href":"https:\/\/www.autojm.fr\/blog\/wp-json\/wp\/v2\/media?parent=8905"}],"wp:term":[{"taxonomy":"category","embeddable":true,"href":"https:\/\/www.autojm.fr\/blog\/wp-json\/wp\/v2\/categories?post=8905"},{"taxonomy":"post_tag","embeddable":true,"href":"https:\/\/www.autojm.fr\/blog\/wp-json\/wp\/v2\/tags?post=8905"}],"curies":[{"name":"wp","href":"https:\/\/api.w.org\/{rel}","templated":true}]}}