{"id":8865,"date":"2023-03-24T13:08:31","date_gmt":"2023-03-24T13:08:31","guid":{"rendered":"https:\/\/www.autojm.fr\/blog\/?p=8865"},"modified":"2024-04-05T15:49:24","modified_gmt":"2024-04-05T15:49:24","slug":"quelle-version-choisir-parmi-la-gamme-peugeot-308","status":"publish","type":"post","link":"https:\/\/www.autojm.fr\/blog\/quelle-version-choisir-parmi-la-gamme-peugeot-308\/","title":{"rendered":"Quelle version choisir parmi la gamme Peugeot 308 ?"},"content":{"rendered":"","protected":false},"excerpt":{"rendered":"<p>En m\u00ealant histoire et modernit\u00e9, la nouvelle g\u00e9n\u00e9ration de la Peugeot 308 se donne clairement un coup de jeune. La berline qui adopte un positionnement davantage haut de gamme a r\u00e9ussi son op\u00e9ration s\u00e9duction sur le march\u00e9 de l\u2019auto en France gr\u00e2ce \u00e0 un style dynamique alli\u00e9 \u00e0 un look sport. Passage en revue des diff\u00e9rents niveaux de finitions du mod\u00e8le de la marque au lion. <\/p>\n","protected":false},"author":6,"featured_media":8867,"comment_status":"open","ping_status":"open","sticky":false,"template":"","format":"standard","meta":{"_acf_changed":false,"content-type":"","footnotes":""},"categories":[75],"tags":[88,336,333,314,90,73,167,137,160,136,138,119,122,139,121,123],"class_list":["post-8865","post","type-post","status-publish","format-standard","has-post-thumbnail","hentry","category-guide-dachat","tag-88","tag-336","tag-333","tag-314","tag-autojm","tag-peugeot","tag-peugeot-2008","tag-peugeot-308-sw","tag-peugeot-5008","tag-peugeot-508","tag-peugeot-508-sw","tag-peugeot-boxer-fg-tole","tag-peugeot-boxer-fourgon-tole","tag-peugeot-e-rifter","tag-peugeot-expert-fourgon-tole","tag-peugeot-partner-fourgon-tole"],"acf":[],"yoast_head":"<!-- This site is optimized with the Yoast SEO plugin v27.5 - https:\/\/yoast.com\/product\/yoast-seo-wordpress\/ -->\n<title>Quelle version choisir parmi la gamme Peugeot 308 ?<\/title>\n<meta name=\"description\" content=\"En m\u00ealant histoire et modernit\u00e9, la nouvelle g\u00e9n\u00e9ration de la Peugeot 308 se donne clairement un coup de jeune. La berline qui adopte un...\" \/>\n<meta name=\"robots\" content=\"index, follow, max-snippet:-1, max-image-preview:large, max-video-preview:-1\" \/>\n<link rel=\"canonical\" href=\"https:\/\/www.autojm.fr\/blog\/quelle-version-choisir-parmi-la-gamme-peugeot-308\/\" \/>\n<meta property=\"og:locale\" content=\"fr_FR\" \/>\n<meta property=\"og:type\" content=\"article\" \/>\n<meta property=\"og:title\" content=\"Quelle version choisir parmi la gamme Peugeot 308 ?\" \/>\n<meta property=\"og:description\" content=\"En m\u00ealant histoire et modernit\u00e9, la nouvelle g\u00e9n\u00e9ration de la Peugeot 308 se donne clairement un coup de jeune. La berline qui adopte un...\" \/>\n<meta property=\"og:url\" content=\"https:\/\/www.autojm.fr\/blog\/quelle-version-choisir-parmi-la-gamme-peugeot-308\/\" \/>\n<meta property=\"og:site_name\" content=\"AutoJM Mag\" \/>\n<meta property=\"article:publisher\" content=\"https:\/\/www.facebook.com\/AutoJM25\" \/>\n<meta property=\"article:published_time\" content=\"2023-03-24T13:08:31+00:00\" \/>\n<meta property=\"article:modified_time\" content=\"2024-04-05T15:49:24+00:00\" \/>\n<meta property=\"og:image\" content=\"https:\/\/www.autojm.fr\/blog\/wp-content\/uploads\/2023\/03\/Peugeot-308.jpg\" \/>\n\t<meta property=\"og:image:width\" content=\"1000\" \/>\n\t<meta property=\"og:image:height\" content=\"500\" \/>\n\t<meta property=\"og:image:type\" content=\"image\/jpeg\" \/>\n<meta name=\"author\" content=\"Justine Tripard\" \/>\n<meta name=\"twitter:card\" content=\"summary_large_image\" \/>\n<meta name=\"twitter:label1\" content=\"\u00c9crit par\" \/>\n\t<meta name=\"twitter:data1\" content=\"Justine Tripard\" \/>\n\t<meta name=\"twitter:label2\" content=\"Dur\u00e9e de lecture estim\u00e9e\" \/>\n\t<meta name=\"twitter:data2\" content=\"5 minutes\" \/>\n<script type=\"application\/ld+json\" class=\"yoast-schema-graph\">{\"@context\":\"https:\\\/\\\/schema.org\",\"@graph\":[{\"@type\":\"Article\",\"@id\":\"https:\\\/\\\/www.autojm.fr\\\/blog\\\/quelle-version-choisir-parmi-la-gamme-peugeot-308\\\/#article\",\"isPartOf\":{\"@id\":\"https:\\\/\\\/www.autojm.fr\\\/blog\\\/quelle-version-choisir-parmi-la-gamme-peugeot-308\\\/\"},\"author\":{\"name\":\"Justine Tripard\",\"@id\":\"https:\\\/\\\/www.autojm.fr\\\/blog\\\/#\\\/schema\\\/person\\\/1cc83a91548d88a62eb8cf06f562a72c\"},\"headline\":\"Quelle version choisir parmi la gamme Peugeot 308 ?\",\"datePublished\":\"2023-03-24T13:08:31+00:00\",\"dateModified\":\"2024-04-05T15:49:24+00:00\",\"mainEntityOfPage\":{\"@id\":\"https:\\\/\\\/www.autojm.fr\\\/blog\\\/quelle-version-choisir-parmi-la-gamme-peugeot-308\\\/\"},\"wordCount\":7,\"commentCount\":0,\"publisher\":{\"@id\":\"https:\\\/\\\/www.autojm.fr\\\/blog\\\/#organization\"},\"image\":{\"@id\":\"https:\\\/\\\/www.autojm.fr\\\/blog\\\/quelle-version-choisir-parmi-la-gamme-peugeot-308\\\/#primaryimage\"},\"thumbnailUrl\":\"https:\\\/\\\/www.autojm.fr\\\/blog\\\/wp-content\\\/uploads\\\/2023\\\/03\\\/Peugeot-308.jpg\",\"keywords\":[\"208\",\"3008\",\"308\",\"408\",\"autojm\",\"peugeot\",\"Peugeot 2008\",\"Peugeot 308 SW\",\"Peugeot 5008\",\"Peugeot 508\",\"Peugeot 508 SW\",\"Peugeot Boxer FG Tole\",\"Peugeot Boxer Fourgon Tole\",\"Peugeot E-Rifter\",\"Peugeot Expert Fourgon Tole\",\"Peugeot Partner Fourgon Tole\"],\"articleSection\":[\"Guides d'achat\"],\"inLanguage\":\"fr-FR\",\"potentialAction\":[{\"@type\":\"CommentAction\",\"name\":\"Comment\",\"target\":[\"https:\\\/\\\/www.autojm.fr\\\/blog\\\/quelle-version-choisir-parmi-la-gamme-peugeot-308\\\/#respond\"]}]},{\"@type\":\"WebPage\",\"@id\":\"https:\\\/\\\/www.autojm.fr\\\/blog\\\/quelle-version-choisir-parmi-la-gamme-peugeot-308\\\/\",\"url\":\"https:\\\/\\\/www.autojm.fr\\\/blog\\\/quelle-version-choisir-parmi-la-gamme-peugeot-308\\\/\",\"name\":\"Quelle version choisir parmi la gamme Peugeot 308 ?\",\"isPartOf\":{\"@id\":\"https:\\\/\\\/www.autojm.fr\\\/blog\\\/#website\"},\"primaryImageOfPage\":{\"@id\":\"https:\\\/\\\/www.autojm.fr\\\/blog\\\/quelle-version-choisir-parmi-la-gamme-peugeot-308\\\/#primaryimage\"},\"image\":{\"@id\":\"https:\\\/\\\/www.autojm.fr\\\/blog\\\/quelle-version-choisir-parmi-la-gamme-peugeot-308\\\/#primaryimage\"},\"thumbnailUrl\":\"https:\\\/\\\/www.autojm.fr\\\/blog\\\/wp-content\\\/uploads\\\/2023\\\/03\\\/Peugeot-308.jpg\",\"datePublished\":\"2023-03-24T13:08:31+00:00\",\"dateModified\":\"2024-04-05T15:49:24+00:00\",\"description\":\"En m\u00ealant histoire et modernit\u00e9, la nouvelle g\u00e9n\u00e9ration de la Peugeot 308 se donne clairement un coup de jeune. La berline qui adopte un...\",\"breadcrumb\":{\"@id\":\"https:\\\/\\\/www.autojm.fr\\\/blog\\\/quelle-version-choisir-parmi-la-gamme-peugeot-308\\\/#breadcrumb\"},\"inLanguage\":\"fr-FR\",\"potentialAction\":[{\"@type\":\"ReadAction\",\"target\":[\"https:\\\/\\\/www.autojm.fr\\\/blog\\\/quelle-version-choisir-parmi-la-gamme-peugeot-308\\\/\"]}]},{\"@type\":\"ImageObject\",\"inLanguage\":\"fr-FR\",\"@id\":\"https:\\\/\\\/www.autojm.fr\\\/blog\\\/quelle-version-choisir-parmi-la-gamme-peugeot-308\\\/#primaryimage\",\"url\":\"https:\\\/\\\/www.autojm.fr\\\/blog\\\/wp-content\\\/uploads\\\/2023\\\/03\\\/Peugeot-308.jpg\",\"contentUrl\":\"https:\\\/\\\/www.autojm.fr\\\/blog\\\/wp-content\\\/uploads\\\/2023\\\/03\\\/Peugeot-308.jpg\",\"width\":1000,\"height\":500,\"caption\":\"Peugeot 308\"},{\"@type\":\"BreadcrumbList\",\"@id\":\"https:\\\/\\\/www.autojm.fr\\\/blog\\\/quelle-version-choisir-parmi-la-gamme-peugeot-308\\\/#breadcrumb\",\"itemListElement\":[{\"@type\":\"ListItem\",\"position\":1,\"name\":\"Accueil\",\"item\":\"https:\\\/\\\/www.autojm.fr\\\/blog\\\/\"},{\"@type\":\"ListItem\",\"position\":2,\"name\":\"Guides d'achat\",\"item\":\"https:\\\/\\\/www.autojm.fr\\\/blog\\\/guide-dachat\\\/\"},{\"@type\":\"ListItem\",\"position\":3,\"name\":\"Quelle version choisir parmi la gamme Peugeot 308 ?\"}]},{\"@type\":\"WebSite\",\"@id\":\"https:\\\/\\\/www.autojm.fr\\\/blog\\\/#website\",\"url\":\"https:\\\/\\\/www.autojm.fr\\\/blog\\\/\",\"name\":\"AutoJM Mag\",\"description\":\"Toute l&#039;actu auto en 1 clic !\",\"publisher\":{\"@id\":\"https:\\\/\\\/www.autojm.fr\\\/blog\\\/#organization\"},\"potentialAction\":[{\"@type\":\"SearchAction\",\"target\":{\"@type\":\"EntryPoint\",\"urlTemplate\":\"https:\\\/\\\/www.autojm.fr\\\/blog\\\/?s={search_term_string}\"},\"query-input\":{\"@type\":\"PropertyValueSpecification\",\"valueRequired\":true,\"valueName\":\"search_term_string\"}}],\"inLanguage\":\"fr-FR\"},{\"@type\":\"Organization\",\"@id\":\"https:\\\/\\\/www.autojm.fr\\\/blog\\\/#organization\",\"name\":\"AutoJM Mag\",\"url\":\"https:\\\/\\\/www.autojm.fr\\\/blog\\\/\",\"logo\":{\"@type\":\"ImageObject\",\"inLanguage\":\"fr-FR\",\"@id\":\"https:\\\/\\\/www.autojm.fr\\\/blog\\\/#\\\/schema\\\/logo\\\/image\\\/\",\"url\":\"https:\\\/\\\/www.autojm.fr\\\/blog\\\/wp-content\\\/uploads\\\/2022\\\/12\\\/cropped-AutoJMag-png.png\",\"contentUrl\":\"https:\\\/\\\/www.autojm.fr\\\/blog\\\/wp-content\\\/uploads\\\/2022\\\/12\\\/cropped-AutoJMag-png.png\",\"width\":2834,\"height\":585,\"caption\":\"AutoJM Mag\"},\"image\":{\"@id\":\"https:\\\/\\\/www.autojm.fr\\\/blog\\\/#\\\/schema\\\/logo\\\/image\\\/\"},\"sameAs\":[\"https:\\\/\\\/www.facebook.com\\\/AutoJM25\"]},{\"@type\":\"Person\",\"@id\":\"https:\\\/\\\/www.autojm.fr\\\/blog\\\/#\\\/schema\\\/person\\\/1cc83a91548d88a62eb8cf06f562a72c\",\"name\":\"Justine Tripard\",\"image\":{\"@type\":\"ImageObject\",\"inLanguage\":\"fr-FR\",\"@id\":\"https:\\\/\\\/secure.gravatar.com\\\/avatar\\\/b8b45209a4cf0b7b127b9238ec348090e7302306d2485eeaab17b6761fe84991?s=96&d=mm&r=g\",\"url\":\"https:\\\/\\\/secure.gravatar.com\\\/avatar\\\/b8b45209a4cf0b7b127b9238ec348090e7302306d2485eeaab17b6761fe84991?s=96&d=mm&r=g\",\"contentUrl\":\"https:\\\/\\\/secure.gravatar.com\\\/avatar\\\/b8b45209a4cf0b7b127b9238ec348090e7302306d2485eeaab17b6761fe84991?s=96&d=mm&r=g\",\"caption\":\"Justine Tripard\"},\"url\":\"https:\\\/\\\/www.autojm.fr\\\/blog\\\/author\\\/justine\\\/\"}]}<\/script>\n<!-- \/ Yoast SEO plugin. -->","yoast_head_json":{"title":"Quelle version choisir parmi la gamme Peugeot 308 ?","description":"En m\u00ealant histoire et modernit\u00e9, la nouvelle g\u00e9n\u00e9ration de la Peugeot 308 se donne clairement un coup de jeune. La berline qui adopte un...","robots":{"index":"index","follow":"follow","max-snippet":"max-snippet:-1","max-image-preview":"max-image-preview:large","max-video-preview":"max-video-preview:-1"},"canonical":"https:\/\/www.autojm.fr\/blog\/quelle-version-choisir-parmi-la-gamme-peugeot-308\/","og_locale":"fr_FR","og_type":"article","og_title":"Quelle version choisir parmi la gamme Peugeot 308 ?","og_description":"En m\u00ealant histoire et modernit\u00e9, la nouvelle g\u00e9n\u00e9ration de la Peugeot 308 se donne clairement un coup de jeune. La berline qui adopte un...","og_url":"https:\/\/www.autojm.fr\/blog\/quelle-version-choisir-parmi-la-gamme-peugeot-308\/","og_site_name":"AutoJM Mag","article_publisher":"https:\/\/www.facebook.com\/AutoJM25","article_published_time":"2023-03-24T13:08:31+00:00","article_modified_time":"2024-04-05T15:49:24+00:00","og_image":[{"width":1000,"height":500,"url":"https:\/\/www.autojm.fr\/blog\/wp-content\/uploads\/2023\/03\/Peugeot-308.jpg","type":"image\/jpeg"}],"author":"Justine Tripard","twitter_card":"summary_large_image","twitter_misc":{"\u00c9crit par":"Justine Tripard","Dur\u00e9e de lecture estim\u00e9e":"5 minutes"},"schema":{"@context":"https:\/\/schema.org","@graph":[{"@type":"Article","@id":"https:\/\/www.autojm.fr\/blog\/quelle-version-choisir-parmi-la-gamme-peugeot-308\/#article","isPartOf":{"@id":"https:\/\/www.autojm.fr\/blog\/quelle-version-choisir-parmi-la-gamme-peugeot-308\/"},"author":{"name":"Justine Tripard","@id":"https:\/\/www.autojm.fr\/blog\/#\/schema\/person\/1cc83a91548d88a62eb8cf06f562a72c"},"headline":"Quelle version choisir parmi la gamme Peugeot 308 ?","datePublished":"2023-03-24T13:08:31+00:00","dateModified":"2024-04-05T15:49:24+00:00","mainEntityOfPage":{"@id":"https:\/\/www.autojm.fr\/blog\/quelle-version-choisir-parmi-la-gamme-peugeot-308\/"},"wordCount":7,"commentCount":0,"publisher":{"@id":"https:\/\/www.autojm.fr\/blog\/#organization"},"image":{"@id":"https:\/\/www.autojm.fr\/blog\/quelle-version-choisir-parmi-la-gamme-peugeot-308\/#primaryimage"},"thumbnailUrl":"https:\/\/www.autojm.fr\/blog\/wp-content\/uploads\/2023\/03\/Peugeot-308.jpg","keywords":["208","3008","308","408","autojm","peugeot","Peugeot 2008","Peugeot 308 SW","Peugeot 5008","Peugeot 508","Peugeot 508 SW","Peugeot Boxer FG Tole","Peugeot Boxer Fourgon Tole","Peugeot E-Rifter","Peugeot Expert Fourgon Tole","Peugeot Partner Fourgon Tole"],"articleSection":["Guides d'achat"],"inLanguage":"fr-FR","potentialAction":[{"@type":"CommentAction","name":"Comment","target":["https:\/\/www.autojm.fr\/blog\/quelle-version-choisir-parmi-la-gamme-peugeot-308\/#respond"]}]},{"@type":"WebPage","@id":"https:\/\/www.autojm.fr\/blog\/quelle-version-choisir-parmi-la-gamme-peugeot-308\/","url":"https:\/\/www.autojm.fr\/blog\/quelle-version-choisir-parmi-la-gamme-peugeot-308\/","name":"Quelle version choisir parmi la gamme Peugeot 308 ?","isPartOf":{"@id":"https:\/\/www.autojm.fr\/blog\/#website"},"primaryImageOfPage":{"@id":"https:\/\/www.autojm.fr\/blog\/quelle-version-choisir-parmi-la-gamme-peugeot-308\/#primaryimage"},"image":{"@id":"https:\/\/www.autojm.fr\/blog\/quelle-version-choisir-parmi-la-gamme-peugeot-308\/#primaryimage"},"thumbnailUrl":"https:\/\/www.autojm.fr\/blog\/wp-content\/uploads\/2023\/03\/Peugeot-308.jpg","datePublished":"2023-03-24T13:08:31+00:00","dateModified":"2024-04-05T15:49:24+00:00","description":"En m\u00ealant histoire et modernit\u00e9, la nouvelle g\u00e9n\u00e9ration de la Peugeot 308 se donne clairement un coup de jeune. La berline qui adopte un...","breadcrumb":{"@id":"https:\/\/www.autojm.fr\/blog\/quelle-version-choisir-parmi-la-gamme-peugeot-308\/#breadcrumb"},"inLanguage":"fr-FR","potentialAction":[{"@type":"ReadAction","target":["https:\/\/www.autojm.fr\/blog\/quelle-version-choisir-parmi-la-gamme-peugeot-308\/"]}]},{"@type":"ImageObject","inLanguage":"fr-FR","@id":"https:\/\/www.autojm.fr\/blog\/quelle-version-choisir-parmi-la-gamme-peugeot-308\/#primaryimage","url":"https:\/\/www.autojm.fr\/blog\/wp-content\/uploads\/2023\/03\/Peugeot-308.jpg","contentUrl":"https:\/\/www.autojm.fr\/blog\/wp-content\/uploads\/2023\/03\/Peugeot-308.jpg","width":1000,"height":500,"caption":"Peugeot 308"},{"@type":"BreadcrumbList","@id":"https:\/\/www.autojm.fr\/blog\/quelle-version-choisir-parmi-la-gamme-peugeot-308\/#breadcrumb","itemListElement":[{"@type":"ListItem","position":1,"name":"Accueil","item":"https:\/\/www.autojm.fr\/blog\/"},{"@type":"ListItem","position":2,"name":"Guides d'achat","item":"https:\/\/www.autojm.fr\/blog\/guide-dachat\/"},{"@type":"ListItem","position":3,"name":"Quelle version choisir parmi la gamme Peugeot 308 ?"}]},{"@type":"WebSite","@id":"https:\/\/www.autojm.fr\/blog\/#website","url":"https:\/\/www.autojm.fr\/blog\/","name":"AutoJM Mag","description":"Toute l&#039;actu auto en 1 clic !","publisher":{"@id":"https:\/\/www.autojm.fr\/blog\/#organization"},"potentialAction":[{"@type":"SearchAction","target":{"@type":"EntryPoint","urlTemplate":"https:\/\/www.autojm.fr\/blog\/?s={search_term_string}"},"query-input":{"@type":"PropertyValueSpecification","valueRequired":true,"valueName":"search_term_string"}}],"inLanguage":"fr-FR"},{"@type":"Organization","@id":"https:\/\/www.autojm.fr\/blog\/#organization","name":"AutoJM Mag","url":"https:\/\/www.autojm.fr\/blog\/","logo":{"@type":"ImageObject","inLanguage":"fr-FR","@id":"https:\/\/www.autojm.fr\/blog\/#\/schema\/logo\/image\/","url":"https:\/\/www.autojm.fr\/blog\/wp-content\/uploads\/2022\/12\/cropped-AutoJMag-png.png","contentUrl":"https:\/\/www.autojm.fr\/blog\/wp-content\/uploads\/2022\/12\/cropped-AutoJMag-png.png","width":2834,"height":585,"caption":"AutoJM Mag"},"image":{"@id":"https:\/\/www.autojm.fr\/blog\/#\/schema\/logo\/image\/"},"sameAs":["https:\/\/www.facebook.com\/AutoJM25"]},{"@type":"Person","@id":"https:\/\/www.autojm.fr\/blog\/#\/schema\/person\/1cc83a91548d88a62eb8cf06f562a72c","name":"Justine Tripard","image":{"@type":"ImageObject","inLanguage":"fr-FR","@id":"https:\/\/secure.gravatar.com\/avatar\/b8b45209a4cf0b7b127b9238ec348090e7302306d2485eeaab17b6761fe84991?s=96&d=mm&r=g","url":"https:\/\/secure.gravatar.com\/avatar\/b8b45209a4cf0b7b127b9238ec348090e7302306d2485eeaab17b6761fe84991?s=96&d=mm&r=g","contentUrl":"https:\/\/secure.gravatar.com\/avatar\/b8b45209a4cf0b7b127b9238ec348090e7302306d2485eeaab17b6761fe84991?s=96&d=mm&r=g","caption":"Justine Tripard"},"url":"https:\/\/www.autojm.fr\/blog\/author\/justine\/"}]}},"_links":{"self":[{"href":"https:\/\/www.autojm.fr\/blog\/wp-json\/wp\/v2\/posts\/8865","targetHints":{"allow":["GET"]}}],"collection":[{"href":"https:\/\/www.autojm.fr\/blog\/wp-json\/wp\/v2\/posts"}],"about":[{"href":"https:\/\/www.autojm.fr\/blog\/wp-json\/wp\/v2\/types\/post"}],"author":[{"embeddable":true,"href":"https:\/\/www.autojm.fr\/blog\/wp-json\/wp\/v2\/users\/6"}],"replies":[{"embeddable":true,"href":"https:\/\/www.autojm.fr\/blog\/wp-json\/wp\/v2\/comments?post=8865"}],"version-history":[{"count":7,"href":"https:\/\/www.autojm.fr\/blog\/wp-json\/wp\/v2\/posts\/8865\/revisions"}],"predecessor-version":[{"id":16602,"href":"https:\/\/www.autojm.fr\/blog\/wp-json\/wp\/v2\/posts\/8865\/revisions\/16602"}],"wp:featuredmedia":[{"embeddable":true,"href":"https:\/\/www.autojm.fr\/blog\/wp-json\/wp\/v2\/media\/8867"}],"wp:attachment":[{"href":"https:\/\/www.autojm.fr\/blog\/wp-json\/wp\/v2\/media?parent=8865"}],"wp:term":[{"taxonomy":"category","embeddable":true,"href":"https:\/\/www.autojm.fr\/blog\/wp-json\/wp\/v2\/categories?post=8865"},{"taxonomy":"post_tag","embeddable":true,"href":"https:\/\/www.autojm.fr\/blog\/wp-json\/wp\/v2\/tags?post=8865"}],"curies":[{"name":"wp","href":"https:\/\/api.w.org\/{rel}","templated":true}]}}