{"id":8822,"date":"2023-03-17T10:19:17","date_gmt":"2023-03-17T10:19:17","guid":{"rendered":"https:\/\/www.autojm.fr\/blog\/?p=8822"},"modified":"2024-05-30T12:16:30","modified_gmt":"2024-05-30T12:16:30","slug":"volkswagen-id-7-la-berline-electrique-succede-a-la-passat","status":"publish","type":"post","link":"https:\/\/www.autojm.fr\/blog\/volkswagen-id-7-la-berline-electrique-succede-a-la-passat\/","title":{"rendered":"Volkswagen ID.7 : la berline \u00e9lectrique succ\u00e8de \u00e0 la Passat"},"content":{"rendered":"","protected":false},"excerpt":{"rendered":"<p>Apr\u00e8s l\u2019ID.4, la Volkswagen ID.7 est le deuxi\u00e8me mod\u00e8le du constructeur allemand con\u00e7u \u00e0 partir de la plateforme MEB et destin\u00e9 au march\u00e9 mondial. Produite \u00e0 l\u2019automne 2023 dans le cadre d\u2019une commercialisation europ\u00e9enne, la version \u00e9lectrifi\u00e9e de la berline se positionne comme la successeure de la Passat au sein de la gamme. D\u00e9cryptage d\u2019un mod\u00e8le qui affiche jusqu&rsquo;\u00e0 620 km d\u2019autonomie en une seule charge.  <\/p>\n","protected":false},"author":6,"featured_media":8824,"comment_status":"open","ping_status":"open","sticky":false,"template":"","format":"standard","meta":{"_acf_changed":false,"content-type":"","footnotes":""},"categories":[264],"tags":[90,81,214,96],"class_list":["post-8822","post","type-post","status-publish","format-standard","has-post-thumbnail","hentry","category-nouveaute-volkswagen","tag-autojm","tag-t-roc","tag-tiguan","tag-volkswagen"],"acf":[],"yoast_head":"<!-- This site is optimized with the Yoast SEO plugin v27.5 - https:\/\/yoast.com\/product\/yoast-seo-wordpress\/ -->\n<title>Volkswagen ID.7 : la berline \u00e9lectrique succ\u00e8de \u00e0 la Passat<\/title>\n<meta name=\"description\" content=\"Apr\u00e8s l\u2019ID.4, la Volkswagen ID.7 est le deuxi\u00e8me mod\u00e8le du constructeur allemand con\u00e7u \u00e0 partir de la plateforme MEB et destin\u00e9 au march\u00e9...\" \/>\n<meta name=\"robots\" content=\"index, follow, max-snippet:-1, max-image-preview:large, max-video-preview:-1\" \/>\n<link rel=\"canonical\" href=\"https:\/\/www.autojm.fr\/blog\/volkswagen-id-7-la-berline-electrique-succede-a-la-passat\/\" \/>\n<meta property=\"og:locale\" content=\"fr_FR\" \/>\n<meta property=\"og:type\" content=\"article\" \/>\n<meta property=\"og:title\" content=\"Volkswagen ID.7 : la berline \u00e9lectrique succ\u00e8de \u00e0 la Passat\" \/>\n<meta property=\"og:description\" content=\"Apr\u00e8s l\u2019ID.4, la Volkswagen ID.7 est le deuxi\u00e8me mod\u00e8le du constructeur allemand con\u00e7u \u00e0 partir de la plateforme MEB et destin\u00e9 au march\u00e9...\" \/>\n<meta property=\"og:url\" content=\"https:\/\/www.autojm.fr\/blog\/volkswagen-id-7-la-berline-electrique-succede-a-la-passat\/\" \/>\n<meta property=\"og:site_name\" content=\"AutoJM Mag\" \/>\n<meta property=\"article:publisher\" content=\"https:\/\/www.facebook.com\/AutoJM25\" \/>\n<meta property=\"article:published_time\" content=\"2023-03-17T10:19:17+00:00\" \/>\n<meta property=\"article:modified_time\" content=\"2024-05-30T12:16:30+00:00\" \/>\n<meta property=\"og:image\" content=\"https:\/\/www.autojm.fr\/blog\/wp-content\/uploads\/2023\/03\/Volkswagen-ID.7-Youtube.jpg\" \/>\n\t<meta property=\"og:image:width\" content=\"1000\" \/>\n\t<meta property=\"og:image:height\" content=\"500\" \/>\n\t<meta property=\"og:image:type\" content=\"image\/jpeg\" \/>\n<meta name=\"author\" content=\"Justine Tripard\" \/>\n<meta name=\"twitter:card\" content=\"summary_large_image\" \/>\n<meta name=\"twitter:label1\" content=\"\u00c9crit par\" \/>\n\t<meta name=\"twitter:data1\" content=\"Justine Tripard\" \/>\n\t<meta name=\"twitter:label2\" content=\"Dur\u00e9e de lecture estim\u00e9e\" \/>\n\t<meta name=\"twitter:data2\" content=\"5 minutes\" \/>\n<script type=\"application\/ld+json\" class=\"yoast-schema-graph\">{\"@context\":\"https:\\\/\\\/schema.org\",\"@graph\":[{\"@type\":\"Article\",\"@id\":\"https:\\\/\\\/www.autojm.fr\\\/blog\\\/volkswagen-id-7-la-berline-electrique-succede-a-la-passat\\\/#article\",\"isPartOf\":{\"@id\":\"https:\\\/\\\/www.autojm.fr\\\/blog\\\/volkswagen-id-7-la-berline-electrique-succede-a-la-passat\\\/\"},\"author\":{\"name\":\"Justine Tripard\",\"@id\":\"https:\\\/\\\/www.autojm.fr\\\/blog\\\/#\\\/schema\\\/person\\\/1cc83a91548d88a62eb8cf06f562a72c\"},\"headline\":\"Volkswagen ID.7 : la berline \u00e9lectrique succ\u00e8de \u00e0 la Passat\",\"datePublished\":\"2023-03-17T10:19:17+00:00\",\"dateModified\":\"2024-05-30T12:16:30+00:00\",\"mainEntityOfPage\":{\"@id\":\"https:\\\/\\\/www.autojm.fr\\\/blog\\\/volkswagen-id-7-la-berline-electrique-succede-a-la-passat\\\/\"},\"wordCount\":9,\"commentCount\":0,\"publisher\":{\"@id\":\"https:\\\/\\\/www.autojm.fr\\\/blog\\\/#organization\"},\"image\":{\"@id\":\"https:\\\/\\\/www.autojm.fr\\\/blog\\\/volkswagen-id-7-la-berline-electrique-succede-a-la-passat\\\/#primaryimage\"},\"thumbnailUrl\":\"https:\\\/\\\/www.autojm.fr\\\/blog\\\/wp-content\\\/uploads\\\/2023\\\/03\\\/Volkswagen-ID.7-Youtube.jpg\",\"keywords\":[\"autojm\",\"t-roc\",\"Tiguan\",\"Volkswagen\"],\"articleSection\":[\"Nouveaut\u00e9 Volkswagen\"],\"inLanguage\":\"fr-FR\",\"potentialAction\":[{\"@type\":\"CommentAction\",\"name\":\"Comment\",\"target\":[\"https:\\\/\\\/www.autojm.fr\\\/blog\\\/volkswagen-id-7-la-berline-electrique-succede-a-la-passat\\\/#respond\"]}]},{\"@type\":\"WebPage\",\"@id\":\"https:\\\/\\\/www.autojm.fr\\\/blog\\\/volkswagen-id-7-la-berline-electrique-succede-a-la-passat\\\/\",\"url\":\"https:\\\/\\\/www.autojm.fr\\\/blog\\\/volkswagen-id-7-la-berline-electrique-succede-a-la-passat\\\/\",\"name\":\"Volkswagen ID.7 : la berline \u00e9lectrique succ\u00e8de \u00e0 la Passat\",\"isPartOf\":{\"@id\":\"https:\\\/\\\/www.autojm.fr\\\/blog\\\/#website\"},\"primaryImageOfPage\":{\"@id\":\"https:\\\/\\\/www.autojm.fr\\\/blog\\\/volkswagen-id-7-la-berline-electrique-succede-a-la-passat\\\/#primaryimage\"},\"image\":{\"@id\":\"https:\\\/\\\/www.autojm.fr\\\/blog\\\/volkswagen-id-7-la-berline-electrique-succede-a-la-passat\\\/#primaryimage\"},\"thumbnailUrl\":\"https:\\\/\\\/www.autojm.fr\\\/blog\\\/wp-content\\\/uploads\\\/2023\\\/03\\\/Volkswagen-ID.7-Youtube.jpg\",\"datePublished\":\"2023-03-17T10:19:17+00:00\",\"dateModified\":\"2024-05-30T12:16:30+00:00\",\"description\":\"Apr\u00e8s l\u2019ID.4, la Volkswagen ID.7 est le deuxi\u00e8me mod\u00e8le du constructeur allemand con\u00e7u \u00e0 partir de la plateforme MEB et destin\u00e9 au march\u00e9...\",\"breadcrumb\":{\"@id\":\"https:\\\/\\\/www.autojm.fr\\\/blog\\\/volkswagen-id-7-la-berline-electrique-succede-a-la-passat\\\/#breadcrumb\"},\"inLanguage\":\"fr-FR\",\"potentialAction\":[{\"@type\":\"ReadAction\",\"target\":[\"https:\\\/\\\/www.autojm.fr\\\/blog\\\/volkswagen-id-7-la-berline-electrique-succede-a-la-passat\\\/\"]}]},{\"@type\":\"ImageObject\",\"inLanguage\":\"fr-FR\",\"@id\":\"https:\\\/\\\/www.autojm.fr\\\/blog\\\/volkswagen-id-7-la-berline-electrique-succede-a-la-passat\\\/#primaryimage\",\"url\":\"https:\\\/\\\/www.autojm.fr\\\/blog\\\/wp-content\\\/uploads\\\/2023\\\/03\\\/Volkswagen-ID.7-Youtube.jpg\",\"contentUrl\":\"https:\\\/\\\/www.autojm.fr\\\/blog\\\/wp-content\\\/uploads\\\/2023\\\/03\\\/Volkswagen-ID.7-Youtube.jpg\",\"width\":1000,\"height\":500,\"caption\":\"Volkswagen ID.7\"},{\"@type\":\"BreadcrumbList\",\"@id\":\"https:\\\/\\\/www.autojm.fr\\\/blog\\\/volkswagen-id-7-la-berline-electrique-succede-a-la-passat\\\/#breadcrumb\",\"itemListElement\":[{\"@type\":\"ListItem\",\"position\":1,\"name\":\"Accueil\",\"item\":\"https:\\\/\\\/www.autojm.fr\\\/blog\\\/\"},{\"@type\":\"ListItem\",\"position\":2,\"name\":\"Nouveaut\u00e9s Autos\",\"item\":\"https:\\\/\\\/www.autojm.fr\\\/blog\\\/nouveautes-autos\\\/\"},{\"@type\":\"ListItem\",\"position\":3,\"name\":\"Nouveaut\u00e9 Volkswagen\",\"item\":\"https:\\\/\\\/www.autojm.fr\\\/blog\\\/nouveautes-autos\\\/nouveaute-volkswagen\\\/\"},{\"@type\":\"ListItem\",\"position\":4,\"name\":\"Volkswagen ID.7 : la berline \u00e9lectrique succ\u00e8de \u00e0 la Passat\"}]},{\"@type\":\"WebSite\",\"@id\":\"https:\\\/\\\/www.autojm.fr\\\/blog\\\/#website\",\"url\":\"https:\\\/\\\/www.autojm.fr\\\/blog\\\/\",\"name\":\"AutoJM Mag\",\"description\":\"Toute l&#039;actu auto en 1 clic !\",\"publisher\":{\"@id\":\"https:\\\/\\\/www.autojm.fr\\\/blog\\\/#organization\"},\"potentialAction\":[{\"@type\":\"SearchAction\",\"target\":{\"@type\":\"EntryPoint\",\"urlTemplate\":\"https:\\\/\\\/www.autojm.fr\\\/blog\\\/?s={search_term_string}\"},\"query-input\":{\"@type\":\"PropertyValueSpecification\",\"valueRequired\":true,\"valueName\":\"search_term_string\"}}],\"inLanguage\":\"fr-FR\"},{\"@type\":\"Organization\",\"@id\":\"https:\\\/\\\/www.autojm.fr\\\/blog\\\/#organization\",\"name\":\"AutoJM Mag\",\"url\":\"https:\\\/\\\/www.autojm.fr\\\/blog\\\/\",\"logo\":{\"@type\":\"ImageObject\",\"inLanguage\":\"fr-FR\",\"@id\":\"https:\\\/\\\/www.autojm.fr\\\/blog\\\/#\\\/schema\\\/logo\\\/image\\\/\",\"url\":\"https:\\\/\\\/www.autojm.fr\\\/blog\\\/wp-content\\\/uploads\\\/2022\\\/12\\\/cropped-AutoJMag-png.png\",\"contentUrl\":\"https:\\\/\\\/www.autojm.fr\\\/blog\\\/wp-content\\\/uploads\\\/2022\\\/12\\\/cropped-AutoJMag-png.png\",\"width\":2834,\"height\":585,\"caption\":\"AutoJM Mag\"},\"image\":{\"@id\":\"https:\\\/\\\/www.autojm.fr\\\/blog\\\/#\\\/schema\\\/logo\\\/image\\\/\"},\"sameAs\":[\"https:\\\/\\\/www.facebook.com\\\/AutoJM25\"]},{\"@type\":\"Person\",\"@id\":\"https:\\\/\\\/www.autojm.fr\\\/blog\\\/#\\\/schema\\\/person\\\/1cc83a91548d88a62eb8cf06f562a72c\",\"name\":\"Justine Tripard\",\"image\":{\"@type\":\"ImageObject\",\"inLanguage\":\"fr-FR\",\"@id\":\"https:\\\/\\\/secure.gravatar.com\\\/avatar\\\/b8b45209a4cf0b7b127b9238ec348090e7302306d2485eeaab17b6761fe84991?s=96&d=mm&r=g\",\"url\":\"https:\\\/\\\/secure.gravatar.com\\\/avatar\\\/b8b45209a4cf0b7b127b9238ec348090e7302306d2485eeaab17b6761fe84991?s=96&d=mm&r=g\",\"contentUrl\":\"https:\\\/\\\/secure.gravatar.com\\\/avatar\\\/b8b45209a4cf0b7b127b9238ec348090e7302306d2485eeaab17b6761fe84991?s=96&d=mm&r=g\",\"caption\":\"Justine Tripard\"},\"url\":\"https:\\\/\\\/www.autojm.fr\\\/blog\\\/author\\\/justine\\\/\"}]}<\/script>\n<!-- \/ Yoast SEO plugin. -->","yoast_head_json":{"title":"Volkswagen ID.7 : la berline \u00e9lectrique succ\u00e8de \u00e0 la Passat","description":"Apr\u00e8s l\u2019ID.4, la Volkswagen ID.7 est le deuxi\u00e8me mod\u00e8le du constructeur allemand con\u00e7u \u00e0 partir de la plateforme MEB et destin\u00e9 au march\u00e9...","robots":{"index":"index","follow":"follow","max-snippet":"max-snippet:-1","max-image-preview":"max-image-preview:large","max-video-preview":"max-video-preview:-1"},"canonical":"https:\/\/www.autojm.fr\/blog\/volkswagen-id-7-la-berline-electrique-succede-a-la-passat\/","og_locale":"fr_FR","og_type":"article","og_title":"Volkswagen ID.7 : la berline \u00e9lectrique succ\u00e8de \u00e0 la Passat","og_description":"Apr\u00e8s l\u2019ID.4, la Volkswagen ID.7 est le deuxi\u00e8me mod\u00e8le du constructeur allemand con\u00e7u \u00e0 partir de la plateforme MEB et destin\u00e9 au march\u00e9...","og_url":"https:\/\/www.autojm.fr\/blog\/volkswagen-id-7-la-berline-electrique-succede-a-la-passat\/","og_site_name":"AutoJM Mag","article_publisher":"https:\/\/www.facebook.com\/AutoJM25","article_published_time":"2023-03-17T10:19:17+00:00","article_modified_time":"2024-05-30T12:16:30+00:00","og_image":[{"width":1000,"height":500,"url":"https:\/\/www.autojm.fr\/blog\/wp-content\/uploads\/2023\/03\/Volkswagen-ID.7-Youtube.jpg","type":"image\/jpeg"}],"author":"Justine Tripard","twitter_card":"summary_large_image","twitter_misc":{"\u00c9crit par":"Justine Tripard","Dur\u00e9e de lecture estim\u00e9e":"5 minutes"},"schema":{"@context":"https:\/\/schema.org","@graph":[{"@type":"Article","@id":"https:\/\/www.autojm.fr\/blog\/volkswagen-id-7-la-berline-electrique-succede-a-la-passat\/#article","isPartOf":{"@id":"https:\/\/www.autojm.fr\/blog\/volkswagen-id-7-la-berline-electrique-succede-a-la-passat\/"},"author":{"name":"Justine Tripard","@id":"https:\/\/www.autojm.fr\/blog\/#\/schema\/person\/1cc83a91548d88a62eb8cf06f562a72c"},"headline":"Volkswagen ID.7 : la berline \u00e9lectrique succ\u00e8de \u00e0 la Passat","datePublished":"2023-03-17T10:19:17+00:00","dateModified":"2024-05-30T12:16:30+00:00","mainEntityOfPage":{"@id":"https:\/\/www.autojm.fr\/blog\/volkswagen-id-7-la-berline-electrique-succede-a-la-passat\/"},"wordCount":9,"commentCount":0,"publisher":{"@id":"https:\/\/www.autojm.fr\/blog\/#organization"},"image":{"@id":"https:\/\/www.autojm.fr\/blog\/volkswagen-id-7-la-berline-electrique-succede-a-la-passat\/#primaryimage"},"thumbnailUrl":"https:\/\/www.autojm.fr\/blog\/wp-content\/uploads\/2023\/03\/Volkswagen-ID.7-Youtube.jpg","keywords":["autojm","t-roc","Tiguan","Volkswagen"],"articleSection":["Nouveaut\u00e9 Volkswagen"],"inLanguage":"fr-FR","potentialAction":[{"@type":"CommentAction","name":"Comment","target":["https:\/\/www.autojm.fr\/blog\/volkswagen-id-7-la-berline-electrique-succede-a-la-passat\/#respond"]}]},{"@type":"WebPage","@id":"https:\/\/www.autojm.fr\/blog\/volkswagen-id-7-la-berline-electrique-succede-a-la-passat\/","url":"https:\/\/www.autojm.fr\/blog\/volkswagen-id-7-la-berline-electrique-succede-a-la-passat\/","name":"Volkswagen ID.7 : la berline \u00e9lectrique succ\u00e8de \u00e0 la Passat","isPartOf":{"@id":"https:\/\/www.autojm.fr\/blog\/#website"},"primaryImageOfPage":{"@id":"https:\/\/www.autojm.fr\/blog\/volkswagen-id-7-la-berline-electrique-succede-a-la-passat\/#primaryimage"},"image":{"@id":"https:\/\/www.autojm.fr\/blog\/volkswagen-id-7-la-berline-electrique-succede-a-la-passat\/#primaryimage"},"thumbnailUrl":"https:\/\/www.autojm.fr\/blog\/wp-content\/uploads\/2023\/03\/Volkswagen-ID.7-Youtube.jpg","datePublished":"2023-03-17T10:19:17+00:00","dateModified":"2024-05-30T12:16:30+00:00","description":"Apr\u00e8s l\u2019ID.4, la Volkswagen ID.7 est le deuxi\u00e8me mod\u00e8le du constructeur allemand con\u00e7u \u00e0 partir de la plateforme MEB et destin\u00e9 au march\u00e9...","breadcrumb":{"@id":"https:\/\/www.autojm.fr\/blog\/volkswagen-id-7-la-berline-electrique-succede-a-la-passat\/#breadcrumb"},"inLanguage":"fr-FR","potentialAction":[{"@type":"ReadAction","target":["https:\/\/www.autojm.fr\/blog\/volkswagen-id-7-la-berline-electrique-succede-a-la-passat\/"]}]},{"@type":"ImageObject","inLanguage":"fr-FR","@id":"https:\/\/www.autojm.fr\/blog\/volkswagen-id-7-la-berline-electrique-succede-a-la-passat\/#primaryimage","url":"https:\/\/www.autojm.fr\/blog\/wp-content\/uploads\/2023\/03\/Volkswagen-ID.7-Youtube.jpg","contentUrl":"https:\/\/www.autojm.fr\/blog\/wp-content\/uploads\/2023\/03\/Volkswagen-ID.7-Youtube.jpg","width":1000,"height":500,"caption":"Volkswagen ID.7"},{"@type":"BreadcrumbList","@id":"https:\/\/www.autojm.fr\/blog\/volkswagen-id-7-la-berline-electrique-succede-a-la-passat\/#breadcrumb","itemListElement":[{"@type":"ListItem","position":1,"name":"Accueil","item":"https:\/\/www.autojm.fr\/blog\/"},{"@type":"ListItem","position":2,"name":"Nouveaut\u00e9s Autos","item":"https:\/\/www.autojm.fr\/blog\/nouveautes-autos\/"},{"@type":"ListItem","position":3,"name":"Nouveaut\u00e9 Volkswagen","item":"https:\/\/www.autojm.fr\/blog\/nouveautes-autos\/nouveaute-volkswagen\/"},{"@type":"ListItem","position":4,"name":"Volkswagen ID.7 : la berline \u00e9lectrique succ\u00e8de \u00e0 la Passat"}]},{"@type":"WebSite","@id":"https:\/\/www.autojm.fr\/blog\/#website","url":"https:\/\/www.autojm.fr\/blog\/","name":"AutoJM Mag","description":"Toute l&#039;actu auto en 1 clic !","publisher":{"@id":"https:\/\/www.autojm.fr\/blog\/#organization"},"potentialAction":[{"@type":"SearchAction","target":{"@type":"EntryPoint","urlTemplate":"https:\/\/www.autojm.fr\/blog\/?s={search_term_string}"},"query-input":{"@type":"PropertyValueSpecification","valueRequired":true,"valueName":"search_term_string"}}],"inLanguage":"fr-FR"},{"@type":"Organization","@id":"https:\/\/www.autojm.fr\/blog\/#organization","name":"AutoJM Mag","url":"https:\/\/www.autojm.fr\/blog\/","logo":{"@type":"ImageObject","inLanguage":"fr-FR","@id":"https:\/\/www.autojm.fr\/blog\/#\/schema\/logo\/image\/","url":"https:\/\/www.autojm.fr\/blog\/wp-content\/uploads\/2022\/12\/cropped-AutoJMag-png.png","contentUrl":"https:\/\/www.autojm.fr\/blog\/wp-content\/uploads\/2022\/12\/cropped-AutoJMag-png.png","width":2834,"height":585,"caption":"AutoJM Mag"},"image":{"@id":"https:\/\/www.autojm.fr\/blog\/#\/schema\/logo\/image\/"},"sameAs":["https:\/\/www.facebook.com\/AutoJM25"]},{"@type":"Person","@id":"https:\/\/www.autojm.fr\/blog\/#\/schema\/person\/1cc83a91548d88a62eb8cf06f562a72c","name":"Justine Tripard","image":{"@type":"ImageObject","inLanguage":"fr-FR","@id":"https:\/\/secure.gravatar.com\/avatar\/b8b45209a4cf0b7b127b9238ec348090e7302306d2485eeaab17b6761fe84991?s=96&d=mm&r=g","url":"https:\/\/secure.gravatar.com\/avatar\/b8b45209a4cf0b7b127b9238ec348090e7302306d2485eeaab17b6761fe84991?s=96&d=mm&r=g","contentUrl":"https:\/\/secure.gravatar.com\/avatar\/b8b45209a4cf0b7b127b9238ec348090e7302306d2485eeaab17b6761fe84991?s=96&d=mm&r=g","caption":"Justine Tripard"},"url":"https:\/\/www.autojm.fr\/blog\/author\/justine\/"}]}},"_links":{"self":[{"href":"https:\/\/www.autojm.fr\/blog\/wp-json\/wp\/v2\/posts\/8822","targetHints":{"allow":["GET"]}}],"collection":[{"href":"https:\/\/www.autojm.fr\/blog\/wp-json\/wp\/v2\/posts"}],"about":[{"href":"https:\/\/www.autojm.fr\/blog\/wp-json\/wp\/v2\/types\/post"}],"author":[{"embeddable":true,"href":"https:\/\/www.autojm.fr\/blog\/wp-json\/wp\/v2\/users\/6"}],"replies":[{"embeddable":true,"href":"https:\/\/www.autojm.fr\/blog\/wp-json\/wp\/v2\/comments?post=8822"}],"version-history":[{"count":4,"href":"https:\/\/www.autojm.fr\/blog\/wp-json\/wp\/v2\/posts\/8822\/revisions"}],"predecessor-version":[{"id":11712,"href":"https:\/\/www.autojm.fr\/blog\/wp-json\/wp\/v2\/posts\/8822\/revisions\/11712"}],"wp:featuredmedia":[{"embeddable":true,"href":"https:\/\/www.autojm.fr\/blog\/wp-json\/wp\/v2\/media\/8824"}],"wp:attachment":[{"href":"https:\/\/www.autojm.fr\/blog\/wp-json\/wp\/v2\/media?parent=8822"}],"wp:term":[{"taxonomy":"category","embeddable":true,"href":"https:\/\/www.autojm.fr\/blog\/wp-json\/wp\/v2\/categories?post=8822"},{"taxonomy":"post_tag","embeddable":true,"href":"https:\/\/www.autojm.fr\/blog\/wp-json\/wp\/v2\/tags?post=8822"}],"curies":[{"name":"wp","href":"https:\/\/api.w.org\/{rel}","templated":true}]}}