{"id":8784,"date":"2023-03-15T14:15:12","date_gmt":"2023-03-15T14:15:12","guid":{"rendered":"https:\/\/www.autojm.fr\/blog\/?p=8784"},"modified":"2023-03-15T14:40:40","modified_gmt":"2023-03-15T14:40:40","slug":"quelle-version-choisir-parmi-la-gamme-citroen-c5-aircross","status":"publish","type":"post","link":"https:\/\/www.autojm.fr\/blog\/quelle-version-choisir-parmi-la-gamme-citroen-c5-aircross\/","title":{"rendered":"Quelle version choisir parmi la gamme Citro\u00ebn C5 Aircross ?\u00a0"},"content":{"rendered":"","protected":false},"excerpt":{"rendered":"<p>Gr\u00e2ce \u00e0 son espace \u00e0 bord g\u00e9n\u00e9reux, sa modularit\u00e9 et son confort optimal, le nouveau Citro\u00ebn C5 Aircross fait aujourd\u2019hui figure de r\u00e9f\u00e9rence dans le segment des SUV compacts. Un an apr\u00e8s son lancement, le crossover restyl\u00e9 de la marque aux chevrons se d\u00e9cline sur le march\u00e9 de l\u2019auto en plusieurs finitions et motorisations avec des mod\u00e8les thermiques et hybrides rechargeables. D\u00e9couvrez en d\u00e9tail notre guide d\u2019achat. <\/p>\n","protected":false},"author":6,"featured_media":8786,"comment_status":"open","ping_status":"open","sticky":false,"template":"","format":"standard","meta":{"_acf_changed":false,"content-type":"","footnotes":""},"categories":[75],"tags":[90,301,85,209,127,112,125,126,184,130,82,143],"class_list":["post-8784","post","type-post","status-publish","format-standard","has-post-thumbnail","hentry","category-guide-dachat","tag-autojm","tag-c3","tag-citroen-2","tag-citroen-berlingo","tag-citroen-berlingo-van","tag-citroen-c4x","tag-citroen-jumper-fourgon-tole","tag-citroen-jumpy-fg-tole","tag-citroen-nouveau-c3-aircross","tag-nouveau-c5-aircross","tag-nouvelle-c4","tag-nouvelle-c5x"],"acf":[],"yoast_head":"<!-- This site is optimized with the Yoast SEO plugin v27.5 - https:\/\/yoast.com\/product\/yoast-seo-wordpress\/ -->\n<title>Quelle version choisir parmi la gamme Citro\u00ebn C5 Aircross ?\u00a0<\/title>\n<meta name=\"description\" content=\"Gr\u00e2ce \u00e0 son espace \u00e0 bord g\u00e9n\u00e9reux, sa modularit\u00e9 et son confort optimal, le nouveau Citro\u00ebn C5 Aircross fait aujourd\u2019hui figure de...\" \/>\n<meta name=\"robots\" content=\"index, follow, max-snippet:-1, max-image-preview:large, max-video-preview:-1\" \/>\n<link rel=\"canonical\" href=\"https:\/\/www.autojm.fr\/blog\/quelle-version-choisir-parmi-la-gamme-citroen-c5-aircross\/\" \/>\n<meta property=\"og:locale\" content=\"fr_FR\" \/>\n<meta property=\"og:type\" content=\"article\" \/>\n<meta property=\"og:title\" content=\"Quelle version choisir parmi la gamme Citro\u00ebn C5 Aircross ?\u00a0\" \/>\n<meta property=\"og:description\" content=\"Gr\u00e2ce \u00e0 son espace \u00e0 bord g\u00e9n\u00e9reux, sa modularit\u00e9 et son confort optimal, le nouveau Citro\u00ebn C5 Aircross fait aujourd\u2019hui figure de...\" \/>\n<meta property=\"og:url\" content=\"https:\/\/www.autojm.fr\/blog\/quelle-version-choisir-parmi-la-gamme-citroen-c5-aircross\/\" \/>\n<meta property=\"og:site_name\" content=\"AutoJM Mag\" \/>\n<meta property=\"article:publisher\" content=\"https:\/\/www.facebook.com\/AutoJM25\" \/>\n<meta property=\"article:published_time\" content=\"2023-03-15T14:15:12+00:00\" \/>\n<meta property=\"article:modified_time\" content=\"2023-03-15T14:40:40+00:00\" \/>\n<meta property=\"og:image\" content=\"https:\/\/www.autojm.fr\/blog\/wp-content\/uploads\/2023\/03\/Nouveau-Citroen-C5-Aircross.jpg\" \/>\n\t<meta property=\"og:image:width\" content=\"1000\" \/>\n\t<meta property=\"og:image:height\" content=\"500\" \/>\n\t<meta property=\"og:image:type\" content=\"image\/jpeg\" \/>\n<meta name=\"author\" content=\"Justine Tripard\" \/>\n<meta name=\"twitter:card\" content=\"summary_large_image\" \/>\n<meta name=\"twitter:label1\" content=\"\u00c9crit par\" \/>\n\t<meta name=\"twitter:data1\" content=\"Justine Tripard\" \/>\n<script type=\"application\/ld+json\" class=\"yoast-schema-graph\">{\"@context\":\"https:\\\/\\\/schema.org\",\"@graph\":[{\"@type\":\"Article\",\"@id\":\"https:\\\/\\\/www.autojm.fr\\\/blog\\\/quelle-version-choisir-parmi-la-gamme-citroen-c5-aircross\\\/#article\",\"isPartOf\":{\"@id\":\"https:\\\/\\\/www.autojm.fr\\\/blog\\\/quelle-version-choisir-parmi-la-gamme-citroen-c5-aircross\\\/\"},\"author\":{\"name\":\"Justine Tripard\",\"@id\":\"https:\\\/\\\/www.autojm.fr\\\/blog\\\/#\\\/schema\\\/person\\\/1cc83a91548d88a62eb8cf06f562a72c\"},\"headline\":\"Quelle version choisir parmi la gamme Citro\u00ebn C5 Aircross ?\u00a0\",\"datePublished\":\"2023-03-15T14:15:12+00:00\",\"dateModified\":\"2023-03-15T14:40:40+00:00\",\"mainEntityOfPage\":{\"@id\":\"https:\\\/\\\/www.autojm.fr\\\/blog\\\/quelle-version-choisir-parmi-la-gamme-citroen-c5-aircross\\\/\"},\"wordCount\":10,\"commentCount\":0,\"publisher\":{\"@id\":\"https:\\\/\\\/www.autojm.fr\\\/blog\\\/#organization\"},\"image\":{\"@id\":\"https:\\\/\\\/www.autojm.fr\\\/blog\\\/quelle-version-choisir-parmi-la-gamme-citroen-c5-aircross\\\/#primaryimage\"},\"thumbnailUrl\":\"https:\\\/\\\/www.autojm.fr\\\/blog\\\/wp-content\\\/uploads\\\/2023\\\/03\\\/Nouveau-Citroen-C5-Aircross.jpg\",\"keywords\":[\"autojm\",\"C3\",\"Citro\u00ebn\",\"Citro\u00ebn Berlingo\",\"Citro\u00ebn Berlingo Van\",\"Citro\u00ebn C4X\",\"Citro\u00ebn Jumper Fourgon Tole\",\"Citro\u00ebn Jumpy FG Tole\",\"Citro\u00ebn Nouveau C3 Aircross\",\"Nouveau C5 Aircross\",\"nouvelle c4\",\"Nouvelle C5X\"],\"articleSection\":[\"Guides d'achat\"],\"inLanguage\":\"fr-FR\",\"potentialAction\":[{\"@type\":\"CommentAction\",\"name\":\"Comment\",\"target\":[\"https:\\\/\\\/www.autojm.fr\\\/blog\\\/quelle-version-choisir-parmi-la-gamme-citroen-c5-aircross\\\/#respond\"]}]},{\"@type\":\"WebPage\",\"@id\":\"https:\\\/\\\/www.autojm.fr\\\/blog\\\/quelle-version-choisir-parmi-la-gamme-citroen-c5-aircross\\\/\",\"url\":\"https:\\\/\\\/www.autojm.fr\\\/blog\\\/quelle-version-choisir-parmi-la-gamme-citroen-c5-aircross\\\/\",\"name\":\"Quelle version choisir parmi la gamme Citro\u00ebn C5 Aircross ?\u00a0\",\"isPartOf\":{\"@id\":\"https:\\\/\\\/www.autojm.fr\\\/blog\\\/#website\"},\"primaryImageOfPage\":{\"@id\":\"https:\\\/\\\/www.autojm.fr\\\/blog\\\/quelle-version-choisir-parmi-la-gamme-citroen-c5-aircross\\\/#primaryimage\"},\"image\":{\"@id\":\"https:\\\/\\\/www.autojm.fr\\\/blog\\\/quelle-version-choisir-parmi-la-gamme-citroen-c5-aircross\\\/#primaryimage\"},\"thumbnailUrl\":\"https:\\\/\\\/www.autojm.fr\\\/blog\\\/wp-content\\\/uploads\\\/2023\\\/03\\\/Nouveau-Citroen-C5-Aircross.jpg\",\"datePublished\":\"2023-03-15T14:15:12+00:00\",\"dateModified\":\"2023-03-15T14:40:40+00:00\",\"description\":\"Gr\u00e2ce \u00e0 son espace \u00e0 bord g\u00e9n\u00e9reux, sa modularit\u00e9 et son confort optimal, le nouveau Citro\u00ebn C5 Aircross fait aujourd\u2019hui figure de...\",\"breadcrumb\":{\"@id\":\"https:\\\/\\\/www.autojm.fr\\\/blog\\\/quelle-version-choisir-parmi-la-gamme-citroen-c5-aircross\\\/#breadcrumb\"},\"inLanguage\":\"fr-FR\",\"potentialAction\":[{\"@type\":\"ReadAction\",\"target\":[\"https:\\\/\\\/www.autojm.fr\\\/blog\\\/quelle-version-choisir-parmi-la-gamme-citroen-c5-aircross\\\/\"]}]},{\"@type\":\"ImageObject\",\"inLanguage\":\"fr-FR\",\"@id\":\"https:\\\/\\\/www.autojm.fr\\\/blog\\\/quelle-version-choisir-parmi-la-gamme-citroen-c5-aircross\\\/#primaryimage\",\"url\":\"https:\\\/\\\/www.autojm.fr\\\/blog\\\/wp-content\\\/uploads\\\/2023\\\/03\\\/Nouveau-Citroen-C5-Aircross.jpg\",\"contentUrl\":\"https:\\\/\\\/www.autojm.fr\\\/blog\\\/wp-content\\\/uploads\\\/2023\\\/03\\\/Nouveau-Citroen-C5-Aircross.jpg\",\"width\":1000,\"height\":500,\"caption\":\"Citro\u00ebn nouveau C5 Aircross\"},{\"@type\":\"BreadcrumbList\",\"@id\":\"https:\\\/\\\/www.autojm.fr\\\/blog\\\/quelle-version-choisir-parmi-la-gamme-citroen-c5-aircross\\\/#breadcrumb\",\"itemListElement\":[{\"@type\":\"ListItem\",\"position\":1,\"name\":\"Accueil\",\"item\":\"https:\\\/\\\/www.autojm.fr\\\/blog\\\/\"},{\"@type\":\"ListItem\",\"position\":2,\"name\":\"Guides d'achat\",\"item\":\"https:\\\/\\\/www.autojm.fr\\\/blog\\\/guide-dachat\\\/\"},{\"@type\":\"ListItem\",\"position\":3,\"name\":\"Quelle version choisir parmi la gamme Citro\u00ebn C5 Aircross ?\u00a0\"}]},{\"@type\":\"WebSite\",\"@id\":\"https:\\\/\\\/www.autojm.fr\\\/blog\\\/#website\",\"url\":\"https:\\\/\\\/www.autojm.fr\\\/blog\\\/\",\"name\":\"AutoJM Mag\",\"description\":\"Toute l&#039;actu auto en 1 clic !\",\"publisher\":{\"@id\":\"https:\\\/\\\/www.autojm.fr\\\/blog\\\/#organization\"},\"potentialAction\":[{\"@type\":\"SearchAction\",\"target\":{\"@type\":\"EntryPoint\",\"urlTemplate\":\"https:\\\/\\\/www.autojm.fr\\\/blog\\\/?s={search_term_string}\"},\"query-input\":{\"@type\":\"PropertyValueSpecification\",\"valueRequired\":true,\"valueName\":\"search_term_string\"}}],\"inLanguage\":\"fr-FR\"},{\"@type\":\"Organization\",\"@id\":\"https:\\\/\\\/www.autojm.fr\\\/blog\\\/#organization\",\"name\":\"AutoJM Mag\",\"url\":\"https:\\\/\\\/www.autojm.fr\\\/blog\\\/\",\"logo\":{\"@type\":\"ImageObject\",\"inLanguage\":\"fr-FR\",\"@id\":\"https:\\\/\\\/www.autojm.fr\\\/blog\\\/#\\\/schema\\\/logo\\\/image\\\/\",\"url\":\"https:\\\/\\\/www.autojm.fr\\\/blog\\\/wp-content\\\/uploads\\\/2022\\\/12\\\/cropped-AutoJMag-png.png\",\"contentUrl\":\"https:\\\/\\\/www.autojm.fr\\\/blog\\\/wp-content\\\/uploads\\\/2022\\\/12\\\/cropped-AutoJMag-png.png\",\"width\":2834,\"height\":585,\"caption\":\"AutoJM Mag\"},\"image\":{\"@id\":\"https:\\\/\\\/www.autojm.fr\\\/blog\\\/#\\\/schema\\\/logo\\\/image\\\/\"},\"sameAs\":[\"https:\\\/\\\/www.facebook.com\\\/AutoJM25\"]},{\"@type\":\"Person\",\"@id\":\"https:\\\/\\\/www.autojm.fr\\\/blog\\\/#\\\/schema\\\/person\\\/1cc83a91548d88a62eb8cf06f562a72c\",\"name\":\"Justine Tripard\",\"image\":{\"@type\":\"ImageObject\",\"inLanguage\":\"fr-FR\",\"@id\":\"https:\\\/\\\/secure.gravatar.com\\\/avatar\\\/b8b45209a4cf0b7b127b9238ec348090e7302306d2485eeaab17b6761fe84991?s=96&d=mm&r=g\",\"url\":\"https:\\\/\\\/secure.gravatar.com\\\/avatar\\\/b8b45209a4cf0b7b127b9238ec348090e7302306d2485eeaab17b6761fe84991?s=96&d=mm&r=g\",\"contentUrl\":\"https:\\\/\\\/secure.gravatar.com\\\/avatar\\\/b8b45209a4cf0b7b127b9238ec348090e7302306d2485eeaab17b6761fe84991?s=96&d=mm&r=g\",\"caption\":\"Justine Tripard\"},\"url\":\"https:\\\/\\\/www.autojm.fr\\\/blog\\\/author\\\/justine\\\/\"}]}<\/script>\n<!-- \/ Yoast SEO plugin. -->","yoast_head_json":{"title":"Quelle version choisir parmi la gamme Citro\u00ebn C5 Aircross ?\u00a0","description":"Gr\u00e2ce \u00e0 son espace \u00e0 bord g\u00e9n\u00e9reux, sa modularit\u00e9 et son confort optimal, le nouveau Citro\u00ebn C5 Aircross fait aujourd\u2019hui figure de...","robots":{"index":"index","follow":"follow","max-snippet":"max-snippet:-1","max-image-preview":"max-image-preview:large","max-video-preview":"max-video-preview:-1"},"canonical":"https:\/\/www.autojm.fr\/blog\/quelle-version-choisir-parmi-la-gamme-citroen-c5-aircross\/","og_locale":"fr_FR","og_type":"article","og_title":"Quelle version choisir parmi la gamme Citro\u00ebn C5 Aircross ?\u00a0","og_description":"Gr\u00e2ce \u00e0 son espace \u00e0 bord g\u00e9n\u00e9reux, sa modularit\u00e9 et son confort optimal, le nouveau Citro\u00ebn C5 Aircross fait aujourd\u2019hui figure de...","og_url":"https:\/\/www.autojm.fr\/blog\/quelle-version-choisir-parmi-la-gamme-citroen-c5-aircross\/","og_site_name":"AutoJM Mag","article_publisher":"https:\/\/www.facebook.com\/AutoJM25","article_published_time":"2023-03-15T14:15:12+00:00","article_modified_time":"2023-03-15T14:40:40+00:00","og_image":[{"width":1000,"height":500,"url":"https:\/\/www.autojm.fr\/blog\/wp-content\/uploads\/2023\/03\/Nouveau-Citroen-C5-Aircross.jpg","type":"image\/jpeg"}],"author":"Justine Tripard","twitter_card":"summary_large_image","twitter_misc":{"\u00c9crit par":"Justine Tripard"},"schema":{"@context":"https:\/\/schema.org","@graph":[{"@type":"Article","@id":"https:\/\/www.autojm.fr\/blog\/quelle-version-choisir-parmi-la-gamme-citroen-c5-aircross\/#article","isPartOf":{"@id":"https:\/\/www.autojm.fr\/blog\/quelle-version-choisir-parmi-la-gamme-citroen-c5-aircross\/"},"author":{"name":"Justine Tripard","@id":"https:\/\/www.autojm.fr\/blog\/#\/schema\/person\/1cc83a91548d88a62eb8cf06f562a72c"},"headline":"Quelle version choisir parmi la gamme Citro\u00ebn C5 Aircross ?\u00a0","datePublished":"2023-03-15T14:15:12+00:00","dateModified":"2023-03-15T14:40:40+00:00","mainEntityOfPage":{"@id":"https:\/\/www.autojm.fr\/blog\/quelle-version-choisir-parmi-la-gamme-citroen-c5-aircross\/"},"wordCount":10,"commentCount":0,"publisher":{"@id":"https:\/\/www.autojm.fr\/blog\/#organization"},"image":{"@id":"https:\/\/www.autojm.fr\/blog\/quelle-version-choisir-parmi-la-gamme-citroen-c5-aircross\/#primaryimage"},"thumbnailUrl":"https:\/\/www.autojm.fr\/blog\/wp-content\/uploads\/2023\/03\/Nouveau-Citroen-C5-Aircross.jpg","keywords":["autojm","C3","Citro\u00ebn","Citro\u00ebn Berlingo","Citro\u00ebn Berlingo Van","Citro\u00ebn C4X","Citro\u00ebn Jumper Fourgon Tole","Citro\u00ebn Jumpy FG Tole","Citro\u00ebn Nouveau C3 Aircross","Nouveau C5 Aircross","nouvelle c4","Nouvelle C5X"],"articleSection":["Guides d'achat"],"inLanguage":"fr-FR","potentialAction":[{"@type":"CommentAction","name":"Comment","target":["https:\/\/www.autojm.fr\/blog\/quelle-version-choisir-parmi-la-gamme-citroen-c5-aircross\/#respond"]}]},{"@type":"WebPage","@id":"https:\/\/www.autojm.fr\/blog\/quelle-version-choisir-parmi-la-gamme-citroen-c5-aircross\/","url":"https:\/\/www.autojm.fr\/blog\/quelle-version-choisir-parmi-la-gamme-citroen-c5-aircross\/","name":"Quelle version choisir parmi la gamme Citro\u00ebn C5 Aircross ?\u00a0","isPartOf":{"@id":"https:\/\/www.autojm.fr\/blog\/#website"},"primaryImageOfPage":{"@id":"https:\/\/www.autojm.fr\/blog\/quelle-version-choisir-parmi-la-gamme-citroen-c5-aircross\/#primaryimage"},"image":{"@id":"https:\/\/www.autojm.fr\/blog\/quelle-version-choisir-parmi-la-gamme-citroen-c5-aircross\/#primaryimage"},"thumbnailUrl":"https:\/\/www.autojm.fr\/blog\/wp-content\/uploads\/2023\/03\/Nouveau-Citroen-C5-Aircross.jpg","datePublished":"2023-03-15T14:15:12+00:00","dateModified":"2023-03-15T14:40:40+00:00","description":"Gr\u00e2ce \u00e0 son espace \u00e0 bord g\u00e9n\u00e9reux, sa modularit\u00e9 et son confort optimal, le nouveau Citro\u00ebn C5 Aircross fait aujourd\u2019hui figure de...","breadcrumb":{"@id":"https:\/\/www.autojm.fr\/blog\/quelle-version-choisir-parmi-la-gamme-citroen-c5-aircross\/#breadcrumb"},"inLanguage":"fr-FR","potentialAction":[{"@type":"ReadAction","target":["https:\/\/www.autojm.fr\/blog\/quelle-version-choisir-parmi-la-gamme-citroen-c5-aircross\/"]}]},{"@type":"ImageObject","inLanguage":"fr-FR","@id":"https:\/\/www.autojm.fr\/blog\/quelle-version-choisir-parmi-la-gamme-citroen-c5-aircross\/#primaryimage","url":"https:\/\/www.autojm.fr\/blog\/wp-content\/uploads\/2023\/03\/Nouveau-Citroen-C5-Aircross.jpg","contentUrl":"https:\/\/www.autojm.fr\/blog\/wp-content\/uploads\/2023\/03\/Nouveau-Citroen-C5-Aircross.jpg","width":1000,"height":500,"caption":"Citro\u00ebn nouveau C5 Aircross"},{"@type":"BreadcrumbList","@id":"https:\/\/www.autojm.fr\/blog\/quelle-version-choisir-parmi-la-gamme-citroen-c5-aircross\/#breadcrumb","itemListElement":[{"@type":"ListItem","position":1,"name":"Accueil","item":"https:\/\/www.autojm.fr\/blog\/"},{"@type":"ListItem","position":2,"name":"Guides d'achat","item":"https:\/\/www.autojm.fr\/blog\/guide-dachat\/"},{"@type":"ListItem","position":3,"name":"Quelle version choisir parmi la gamme Citro\u00ebn C5 Aircross ?\u00a0"}]},{"@type":"WebSite","@id":"https:\/\/www.autojm.fr\/blog\/#website","url":"https:\/\/www.autojm.fr\/blog\/","name":"AutoJM Mag","description":"Toute l&#039;actu auto en 1 clic !","publisher":{"@id":"https:\/\/www.autojm.fr\/blog\/#organization"},"potentialAction":[{"@type":"SearchAction","target":{"@type":"EntryPoint","urlTemplate":"https:\/\/www.autojm.fr\/blog\/?s={search_term_string}"},"query-input":{"@type":"PropertyValueSpecification","valueRequired":true,"valueName":"search_term_string"}}],"inLanguage":"fr-FR"},{"@type":"Organization","@id":"https:\/\/www.autojm.fr\/blog\/#organization","name":"AutoJM Mag","url":"https:\/\/www.autojm.fr\/blog\/","logo":{"@type":"ImageObject","inLanguage":"fr-FR","@id":"https:\/\/www.autojm.fr\/blog\/#\/schema\/logo\/image\/","url":"https:\/\/www.autojm.fr\/blog\/wp-content\/uploads\/2022\/12\/cropped-AutoJMag-png.png","contentUrl":"https:\/\/www.autojm.fr\/blog\/wp-content\/uploads\/2022\/12\/cropped-AutoJMag-png.png","width":2834,"height":585,"caption":"AutoJM Mag"},"image":{"@id":"https:\/\/www.autojm.fr\/blog\/#\/schema\/logo\/image\/"},"sameAs":["https:\/\/www.facebook.com\/AutoJM25"]},{"@type":"Person","@id":"https:\/\/www.autojm.fr\/blog\/#\/schema\/person\/1cc83a91548d88a62eb8cf06f562a72c","name":"Justine Tripard","image":{"@type":"ImageObject","inLanguage":"fr-FR","@id":"https:\/\/secure.gravatar.com\/avatar\/b8b45209a4cf0b7b127b9238ec348090e7302306d2485eeaab17b6761fe84991?s=96&d=mm&r=g","url":"https:\/\/secure.gravatar.com\/avatar\/b8b45209a4cf0b7b127b9238ec348090e7302306d2485eeaab17b6761fe84991?s=96&d=mm&r=g","contentUrl":"https:\/\/secure.gravatar.com\/avatar\/b8b45209a4cf0b7b127b9238ec348090e7302306d2485eeaab17b6761fe84991?s=96&d=mm&r=g","caption":"Justine Tripard"},"url":"https:\/\/www.autojm.fr\/blog\/author\/justine\/"}]}},"_links":{"self":[{"href":"https:\/\/www.autojm.fr\/blog\/wp-json\/wp\/v2\/posts\/8784","targetHints":{"allow":["GET"]}}],"collection":[{"href":"https:\/\/www.autojm.fr\/blog\/wp-json\/wp\/v2\/posts"}],"about":[{"href":"https:\/\/www.autojm.fr\/blog\/wp-json\/wp\/v2\/types\/post"}],"author":[{"embeddable":true,"href":"https:\/\/www.autojm.fr\/blog\/wp-json\/wp\/v2\/users\/6"}],"replies":[{"embeddable":true,"href":"https:\/\/www.autojm.fr\/blog\/wp-json\/wp\/v2\/comments?post=8784"}],"version-history":[{"count":16,"href":"https:\/\/www.autojm.fr\/blog\/wp-json\/wp\/v2\/posts\/8784\/revisions"}],"predecessor-version":[{"id":8818,"href":"https:\/\/www.autojm.fr\/blog\/wp-json\/wp\/v2\/posts\/8784\/revisions\/8818"}],"wp:featuredmedia":[{"embeddable":true,"href":"https:\/\/www.autojm.fr\/blog\/wp-json\/wp\/v2\/media\/8786"}],"wp:attachment":[{"href":"https:\/\/www.autojm.fr\/blog\/wp-json\/wp\/v2\/media?parent=8784"}],"wp:term":[{"taxonomy":"category","embeddable":true,"href":"https:\/\/www.autojm.fr\/blog\/wp-json\/wp\/v2\/categories?post=8784"},{"taxonomy":"post_tag","embeddable":true,"href":"https:\/\/www.autojm.fr\/blog\/wp-json\/wp\/v2\/tags?post=8784"}],"curies":[{"name":"wp","href":"https:\/\/api.w.org\/{rel}","templated":true}]}}