{"id":8708,"date":"2023-03-06T10:46:40","date_gmt":"2023-03-06T10:46:40","guid":{"rendered":"https:\/\/www.autojm.fr\/blog\/?p=8708"},"modified":"2024-07-18T14:09:28","modified_gmt":"2024-07-18T14:09:28","slug":"limportation-de-vehicules-de-nouveau-autorisee-en-algerie","status":"publish","type":"post","link":"https:\/\/www.autojm.fr\/blog\/limportation-de-vehicules-de-nouveau-autorisee-en-algerie\/","title":{"rendered":"L\u2019importation de v\u00e9hicules de nouveau autoris\u00e9e en Alg\u00e9rie"},"content":{"rendered":"","protected":false},"excerpt":{"rendered":"<p>Apr\u00e8s plusieurs ann\u00e9es d\u2019interdiction, importer une voiture de moins de trois ans est d\u00e9sormais autoris\u00e9 en Alg\u00e9rie. Le d\u00e9cret publi\u00e9 dans le Journal officiel du 22 f\u00e9vrier 2023 s\u2019applique aux v\u00e9hicules de tourisme et autres utilitaires d\u2019occasion \u00e0 destination des particuliers. Des licences pr\u00e9alables sont quant \u00e0 elles accord\u00e9es aux concessionnaires pour l\u2019importation de v\u00e9hicules neufs. <\/p>\n","protected":false},"author":6,"featured_media":8710,"comment_status":"open","ping_status":"open","sticky":false,"template":"","format":"standard","meta":{"_acf_changed":false,"content-type":"","footnotes":""},"categories":[5],"tags":[314,90,301,79,74,105,109,98,259,106,83,80,108,107,73,78,193,81,169,96],"class_list":["post-8708","post","type-post","status-publish","format-standard","has-post-thumbnail","hentry","category-actualite-automobile","tag-314","tag-autojm","tag-c3","tag-citroen","tag-dacia","tag-ds","tag-ford","tag-formentor","tag-hyundai","tag-kia","tag-leon-5-portes","tag-leon-sportstourer","tag-nissan","tag-opel","tag-peugeot","tag-renault","tag-skoda","tag-t-roc","tag-toyota","tag-volkswagen"],"acf":[],"yoast_head":"<!-- This site is optimized with the Yoast SEO plugin v27.5 - https:\/\/yoast.com\/product\/yoast-seo-wordpress\/ -->\n<title>L\u2019importation de v\u00e9hicules de nouveau autoris\u00e9e en Alg\u00e9rie<\/title>\n<meta name=\"description\" content=\"Apr\u00e8s plusieurs ann\u00e9es d\u2019interdiction, importer une voiture de moins de trois ans est d\u00e9sormais autoris\u00e9 en Alg\u00e9rie. Le d\u00e9cret...\" \/>\n<meta name=\"robots\" content=\"index, follow, max-snippet:-1, max-image-preview:large, max-video-preview:-1\" \/>\n<link rel=\"canonical\" href=\"https:\/\/www.autojm.fr\/blog\/limportation-de-vehicules-de-nouveau-autorisee-en-algerie\/\" \/>\n<meta property=\"og:locale\" content=\"fr_FR\" \/>\n<meta property=\"og:type\" content=\"article\" \/>\n<meta property=\"og:title\" content=\"L\u2019importation de v\u00e9hicules de nouveau autoris\u00e9e en Alg\u00e9rie\" \/>\n<meta property=\"og:description\" content=\"Apr\u00e8s plusieurs ann\u00e9es d\u2019interdiction, importer une voiture de moins de trois ans est d\u00e9sormais autoris\u00e9 en Alg\u00e9rie. Le d\u00e9cret...\" \/>\n<meta property=\"og:url\" content=\"https:\/\/www.autojm.fr\/blog\/limportation-de-vehicules-de-nouveau-autorisee-en-algerie\/\" \/>\n<meta property=\"og:site_name\" content=\"AutoJM Mag\" \/>\n<meta property=\"article:publisher\" content=\"https:\/\/www.facebook.com\/AutoJM25\" \/>\n<meta property=\"article:published_time\" content=\"2023-03-06T10:46:40+00:00\" \/>\n<meta property=\"article:modified_time\" content=\"2024-07-18T14:09:28+00:00\" \/>\n<meta property=\"og:image\" content=\"https:\/\/www.autojm.fr\/blog\/wp-content\/uploads\/2023\/03\/Algerie.jpg\" \/>\n\t<meta property=\"og:image:width\" content=\"1000\" \/>\n\t<meta property=\"og:image:height\" content=\"500\" \/>\n\t<meta property=\"og:image:type\" content=\"image\/jpeg\" \/>\n<meta name=\"author\" content=\"Justine Tripard\" \/>\n<meta name=\"twitter:card\" content=\"summary_large_image\" \/>\n<meta name=\"twitter:label1\" content=\"\u00c9crit par\" \/>\n\t<meta name=\"twitter:data1\" content=\"Justine Tripard\" \/>\n\t<meta name=\"twitter:label2\" content=\"Dur\u00e9e de lecture estim\u00e9e\" \/>\n\t<meta name=\"twitter:data2\" content=\"5 minutes\" \/>\n<script type=\"application\/ld+json\" class=\"yoast-schema-graph\">{\"@context\":\"https:\\\/\\\/schema.org\",\"@graph\":[{\"@type\":\"Article\",\"@id\":\"https:\\\/\\\/www.autojm.fr\\\/blog\\\/limportation-de-vehicules-de-nouveau-autorisee-en-algerie\\\/#article\",\"isPartOf\":{\"@id\":\"https:\\\/\\\/www.autojm.fr\\\/blog\\\/limportation-de-vehicules-de-nouveau-autorisee-en-algerie\\\/\"},\"author\":{\"name\":\"Justine Tripard\",\"@id\":\"https:\\\/\\\/www.autojm.fr\\\/blog\\\/#\\\/schema\\\/person\\\/1cc83a91548d88a62eb8cf06f562a72c\"},\"headline\":\"L\u2019importation de v\u00e9hicules de nouveau autoris\u00e9e en Alg\u00e9rie\",\"datePublished\":\"2023-03-06T10:46:40+00:00\",\"dateModified\":\"2024-07-18T14:09:28+00:00\",\"mainEntityOfPage\":{\"@id\":\"https:\\\/\\\/www.autojm.fr\\\/blog\\\/limportation-de-vehicules-de-nouveau-autorisee-en-algerie\\\/\"},\"wordCount\":12,\"commentCount\":0,\"publisher\":{\"@id\":\"https:\\\/\\\/www.autojm.fr\\\/blog\\\/#organization\"},\"image\":{\"@id\":\"https:\\\/\\\/www.autojm.fr\\\/blog\\\/limportation-de-vehicules-de-nouveau-autorisee-en-algerie\\\/#primaryimage\"},\"thumbnailUrl\":\"https:\\\/\\\/www.autojm.fr\\\/blog\\\/wp-content\\\/uploads\\\/2023\\\/03\\\/Algerie.jpg\",\"keywords\":[\"408\",\"autojm\",\"C3\",\"citroen\",\"dacia\",\"DS\",\"Ford\",\"formentor\",\"Hyundai\",\"Kia\",\"leon 5 portes\",\"leon sportstourer\",\"Nissan\",\"Opel\",\"peugeot\",\"renault\",\"Skoda\",\"t-roc\",\"Toyota\",\"Volkswagen\"],\"articleSection\":[\"Actualit\u00e9 Automobile\"],\"inLanguage\":\"fr-FR\",\"potentialAction\":[{\"@type\":\"CommentAction\",\"name\":\"Comment\",\"target\":[\"https:\\\/\\\/www.autojm.fr\\\/blog\\\/limportation-de-vehicules-de-nouveau-autorisee-en-algerie\\\/#respond\"]}]},{\"@type\":\"WebPage\",\"@id\":\"https:\\\/\\\/www.autojm.fr\\\/blog\\\/limportation-de-vehicules-de-nouveau-autorisee-en-algerie\\\/\",\"url\":\"https:\\\/\\\/www.autojm.fr\\\/blog\\\/limportation-de-vehicules-de-nouveau-autorisee-en-algerie\\\/\",\"name\":\"L\u2019importation de v\u00e9hicules de nouveau autoris\u00e9e en Alg\u00e9rie\",\"isPartOf\":{\"@id\":\"https:\\\/\\\/www.autojm.fr\\\/blog\\\/#website\"},\"primaryImageOfPage\":{\"@id\":\"https:\\\/\\\/www.autojm.fr\\\/blog\\\/limportation-de-vehicules-de-nouveau-autorisee-en-algerie\\\/#primaryimage\"},\"image\":{\"@id\":\"https:\\\/\\\/www.autojm.fr\\\/blog\\\/limportation-de-vehicules-de-nouveau-autorisee-en-algerie\\\/#primaryimage\"},\"thumbnailUrl\":\"https:\\\/\\\/www.autojm.fr\\\/blog\\\/wp-content\\\/uploads\\\/2023\\\/03\\\/Algerie.jpg\",\"datePublished\":\"2023-03-06T10:46:40+00:00\",\"dateModified\":\"2024-07-18T14:09:28+00:00\",\"description\":\"Apr\u00e8s plusieurs ann\u00e9es d\u2019interdiction, importer une voiture de moins de trois ans est d\u00e9sormais autoris\u00e9 en Alg\u00e9rie. Le d\u00e9cret...\",\"breadcrumb\":{\"@id\":\"https:\\\/\\\/www.autojm.fr\\\/blog\\\/limportation-de-vehicules-de-nouveau-autorisee-en-algerie\\\/#breadcrumb\"},\"inLanguage\":\"fr-FR\",\"potentialAction\":[{\"@type\":\"ReadAction\",\"target\":[\"https:\\\/\\\/www.autojm.fr\\\/blog\\\/limportation-de-vehicules-de-nouveau-autorisee-en-algerie\\\/\"]}]},{\"@type\":\"ImageObject\",\"inLanguage\":\"fr-FR\",\"@id\":\"https:\\\/\\\/www.autojm.fr\\\/blog\\\/limportation-de-vehicules-de-nouveau-autorisee-en-algerie\\\/#primaryimage\",\"url\":\"https:\\\/\\\/www.autojm.fr\\\/blog\\\/wp-content\\\/uploads\\\/2023\\\/03\\\/Algerie.jpg\",\"contentUrl\":\"https:\\\/\\\/www.autojm.fr\\\/blog\\\/wp-content\\\/uploads\\\/2023\\\/03\\\/Algerie.jpg\",\"width\":1000,\"height\":500,\"caption\":\"Importation de voitures en Alg\u00e9rie\"},{\"@type\":\"BreadcrumbList\",\"@id\":\"https:\\\/\\\/www.autojm.fr\\\/blog\\\/limportation-de-vehicules-de-nouveau-autorisee-en-algerie\\\/#breadcrumb\",\"itemListElement\":[{\"@type\":\"ListItem\",\"position\":1,\"name\":\"Accueil\",\"item\":\"https:\\\/\\\/www.autojm.fr\\\/blog\\\/\"},{\"@type\":\"ListItem\",\"position\":2,\"name\":\"Actualit\u00e9 Automobile\",\"item\":\"https:\\\/\\\/www.autojm.fr\\\/blog\\\/actualite-automobile\\\/\"},{\"@type\":\"ListItem\",\"position\":3,\"name\":\"L\u2019importation de v\u00e9hicules de nouveau autoris\u00e9e en Alg\u00e9rie\"}]},{\"@type\":\"WebSite\",\"@id\":\"https:\\\/\\\/www.autojm.fr\\\/blog\\\/#website\",\"url\":\"https:\\\/\\\/www.autojm.fr\\\/blog\\\/\",\"name\":\"AutoJM Mag\",\"description\":\"Toute l&#039;actu auto en 1 clic !\",\"publisher\":{\"@id\":\"https:\\\/\\\/www.autojm.fr\\\/blog\\\/#organization\"},\"potentialAction\":[{\"@type\":\"SearchAction\",\"target\":{\"@type\":\"EntryPoint\",\"urlTemplate\":\"https:\\\/\\\/www.autojm.fr\\\/blog\\\/?s={search_term_string}\"},\"query-input\":{\"@type\":\"PropertyValueSpecification\",\"valueRequired\":true,\"valueName\":\"search_term_string\"}}],\"inLanguage\":\"fr-FR\"},{\"@type\":\"Organization\",\"@id\":\"https:\\\/\\\/www.autojm.fr\\\/blog\\\/#organization\",\"name\":\"AutoJM Mag\",\"url\":\"https:\\\/\\\/www.autojm.fr\\\/blog\\\/\",\"logo\":{\"@type\":\"ImageObject\",\"inLanguage\":\"fr-FR\",\"@id\":\"https:\\\/\\\/www.autojm.fr\\\/blog\\\/#\\\/schema\\\/logo\\\/image\\\/\",\"url\":\"https:\\\/\\\/www.autojm.fr\\\/blog\\\/wp-content\\\/uploads\\\/2022\\\/12\\\/cropped-AutoJMag-png.png\",\"contentUrl\":\"https:\\\/\\\/www.autojm.fr\\\/blog\\\/wp-content\\\/uploads\\\/2022\\\/12\\\/cropped-AutoJMag-png.png\",\"width\":2834,\"height\":585,\"caption\":\"AutoJM Mag\"},\"image\":{\"@id\":\"https:\\\/\\\/www.autojm.fr\\\/blog\\\/#\\\/schema\\\/logo\\\/image\\\/\"},\"sameAs\":[\"https:\\\/\\\/www.facebook.com\\\/AutoJM25\"]},{\"@type\":\"Person\",\"@id\":\"https:\\\/\\\/www.autojm.fr\\\/blog\\\/#\\\/schema\\\/person\\\/1cc83a91548d88a62eb8cf06f562a72c\",\"name\":\"Justine Tripard\",\"image\":{\"@type\":\"ImageObject\",\"inLanguage\":\"fr-FR\",\"@id\":\"https:\\\/\\\/secure.gravatar.com\\\/avatar\\\/b8b45209a4cf0b7b127b9238ec348090e7302306d2485eeaab17b6761fe84991?s=96&d=mm&r=g\",\"url\":\"https:\\\/\\\/secure.gravatar.com\\\/avatar\\\/b8b45209a4cf0b7b127b9238ec348090e7302306d2485eeaab17b6761fe84991?s=96&d=mm&r=g\",\"contentUrl\":\"https:\\\/\\\/secure.gravatar.com\\\/avatar\\\/b8b45209a4cf0b7b127b9238ec348090e7302306d2485eeaab17b6761fe84991?s=96&d=mm&r=g\",\"caption\":\"Justine Tripard\"},\"url\":\"https:\\\/\\\/www.autojm.fr\\\/blog\\\/author\\\/justine\\\/\"}]}<\/script>\n<!-- \/ Yoast SEO plugin. -->","yoast_head_json":{"title":"L\u2019importation de v\u00e9hicules de nouveau autoris\u00e9e en Alg\u00e9rie","description":"Apr\u00e8s plusieurs ann\u00e9es d\u2019interdiction, importer une voiture de moins de trois ans est d\u00e9sormais autoris\u00e9 en Alg\u00e9rie. Le d\u00e9cret...","robots":{"index":"index","follow":"follow","max-snippet":"max-snippet:-1","max-image-preview":"max-image-preview:large","max-video-preview":"max-video-preview:-1"},"canonical":"https:\/\/www.autojm.fr\/blog\/limportation-de-vehicules-de-nouveau-autorisee-en-algerie\/","og_locale":"fr_FR","og_type":"article","og_title":"L\u2019importation de v\u00e9hicules de nouveau autoris\u00e9e en Alg\u00e9rie","og_description":"Apr\u00e8s plusieurs ann\u00e9es d\u2019interdiction, importer une voiture de moins de trois ans est d\u00e9sormais autoris\u00e9 en Alg\u00e9rie. Le d\u00e9cret...","og_url":"https:\/\/www.autojm.fr\/blog\/limportation-de-vehicules-de-nouveau-autorisee-en-algerie\/","og_site_name":"AutoJM Mag","article_publisher":"https:\/\/www.facebook.com\/AutoJM25","article_published_time":"2023-03-06T10:46:40+00:00","article_modified_time":"2024-07-18T14:09:28+00:00","og_image":[{"width":1000,"height":500,"url":"https:\/\/www.autojm.fr\/blog\/wp-content\/uploads\/2023\/03\/Algerie.jpg","type":"image\/jpeg"}],"author":"Justine Tripard","twitter_card":"summary_large_image","twitter_misc":{"\u00c9crit par":"Justine Tripard","Dur\u00e9e de lecture estim\u00e9e":"5 minutes"},"schema":{"@context":"https:\/\/schema.org","@graph":[{"@type":"Article","@id":"https:\/\/www.autojm.fr\/blog\/limportation-de-vehicules-de-nouveau-autorisee-en-algerie\/#article","isPartOf":{"@id":"https:\/\/www.autojm.fr\/blog\/limportation-de-vehicules-de-nouveau-autorisee-en-algerie\/"},"author":{"name":"Justine Tripard","@id":"https:\/\/www.autojm.fr\/blog\/#\/schema\/person\/1cc83a91548d88a62eb8cf06f562a72c"},"headline":"L\u2019importation de v\u00e9hicules de nouveau autoris\u00e9e en Alg\u00e9rie","datePublished":"2023-03-06T10:46:40+00:00","dateModified":"2024-07-18T14:09:28+00:00","mainEntityOfPage":{"@id":"https:\/\/www.autojm.fr\/blog\/limportation-de-vehicules-de-nouveau-autorisee-en-algerie\/"},"wordCount":12,"commentCount":0,"publisher":{"@id":"https:\/\/www.autojm.fr\/blog\/#organization"},"image":{"@id":"https:\/\/www.autojm.fr\/blog\/limportation-de-vehicules-de-nouveau-autorisee-en-algerie\/#primaryimage"},"thumbnailUrl":"https:\/\/www.autojm.fr\/blog\/wp-content\/uploads\/2023\/03\/Algerie.jpg","keywords":["408","autojm","C3","citroen","dacia","DS","Ford","formentor","Hyundai","Kia","leon 5 portes","leon sportstourer","Nissan","Opel","peugeot","renault","Skoda","t-roc","Toyota","Volkswagen"],"articleSection":["Actualit\u00e9 Automobile"],"inLanguage":"fr-FR","potentialAction":[{"@type":"CommentAction","name":"Comment","target":["https:\/\/www.autojm.fr\/blog\/limportation-de-vehicules-de-nouveau-autorisee-en-algerie\/#respond"]}]},{"@type":"WebPage","@id":"https:\/\/www.autojm.fr\/blog\/limportation-de-vehicules-de-nouveau-autorisee-en-algerie\/","url":"https:\/\/www.autojm.fr\/blog\/limportation-de-vehicules-de-nouveau-autorisee-en-algerie\/","name":"L\u2019importation de v\u00e9hicules de nouveau autoris\u00e9e en Alg\u00e9rie","isPartOf":{"@id":"https:\/\/www.autojm.fr\/blog\/#website"},"primaryImageOfPage":{"@id":"https:\/\/www.autojm.fr\/blog\/limportation-de-vehicules-de-nouveau-autorisee-en-algerie\/#primaryimage"},"image":{"@id":"https:\/\/www.autojm.fr\/blog\/limportation-de-vehicules-de-nouveau-autorisee-en-algerie\/#primaryimage"},"thumbnailUrl":"https:\/\/www.autojm.fr\/blog\/wp-content\/uploads\/2023\/03\/Algerie.jpg","datePublished":"2023-03-06T10:46:40+00:00","dateModified":"2024-07-18T14:09:28+00:00","description":"Apr\u00e8s plusieurs ann\u00e9es d\u2019interdiction, importer une voiture de moins de trois ans est d\u00e9sormais autoris\u00e9 en Alg\u00e9rie. Le d\u00e9cret...","breadcrumb":{"@id":"https:\/\/www.autojm.fr\/blog\/limportation-de-vehicules-de-nouveau-autorisee-en-algerie\/#breadcrumb"},"inLanguage":"fr-FR","potentialAction":[{"@type":"ReadAction","target":["https:\/\/www.autojm.fr\/blog\/limportation-de-vehicules-de-nouveau-autorisee-en-algerie\/"]}]},{"@type":"ImageObject","inLanguage":"fr-FR","@id":"https:\/\/www.autojm.fr\/blog\/limportation-de-vehicules-de-nouveau-autorisee-en-algerie\/#primaryimage","url":"https:\/\/www.autojm.fr\/blog\/wp-content\/uploads\/2023\/03\/Algerie.jpg","contentUrl":"https:\/\/www.autojm.fr\/blog\/wp-content\/uploads\/2023\/03\/Algerie.jpg","width":1000,"height":500,"caption":"Importation de voitures en Alg\u00e9rie"},{"@type":"BreadcrumbList","@id":"https:\/\/www.autojm.fr\/blog\/limportation-de-vehicules-de-nouveau-autorisee-en-algerie\/#breadcrumb","itemListElement":[{"@type":"ListItem","position":1,"name":"Accueil","item":"https:\/\/www.autojm.fr\/blog\/"},{"@type":"ListItem","position":2,"name":"Actualit\u00e9 Automobile","item":"https:\/\/www.autojm.fr\/blog\/actualite-automobile\/"},{"@type":"ListItem","position":3,"name":"L\u2019importation de v\u00e9hicules de nouveau autoris\u00e9e en Alg\u00e9rie"}]},{"@type":"WebSite","@id":"https:\/\/www.autojm.fr\/blog\/#website","url":"https:\/\/www.autojm.fr\/blog\/","name":"AutoJM Mag","description":"Toute l&#039;actu auto en 1 clic !","publisher":{"@id":"https:\/\/www.autojm.fr\/blog\/#organization"},"potentialAction":[{"@type":"SearchAction","target":{"@type":"EntryPoint","urlTemplate":"https:\/\/www.autojm.fr\/blog\/?s={search_term_string}"},"query-input":{"@type":"PropertyValueSpecification","valueRequired":true,"valueName":"search_term_string"}}],"inLanguage":"fr-FR"},{"@type":"Organization","@id":"https:\/\/www.autojm.fr\/blog\/#organization","name":"AutoJM Mag","url":"https:\/\/www.autojm.fr\/blog\/","logo":{"@type":"ImageObject","inLanguage":"fr-FR","@id":"https:\/\/www.autojm.fr\/blog\/#\/schema\/logo\/image\/","url":"https:\/\/www.autojm.fr\/blog\/wp-content\/uploads\/2022\/12\/cropped-AutoJMag-png.png","contentUrl":"https:\/\/www.autojm.fr\/blog\/wp-content\/uploads\/2022\/12\/cropped-AutoJMag-png.png","width":2834,"height":585,"caption":"AutoJM Mag"},"image":{"@id":"https:\/\/www.autojm.fr\/blog\/#\/schema\/logo\/image\/"},"sameAs":["https:\/\/www.facebook.com\/AutoJM25"]},{"@type":"Person","@id":"https:\/\/www.autojm.fr\/blog\/#\/schema\/person\/1cc83a91548d88a62eb8cf06f562a72c","name":"Justine Tripard","image":{"@type":"ImageObject","inLanguage":"fr-FR","@id":"https:\/\/secure.gravatar.com\/avatar\/b8b45209a4cf0b7b127b9238ec348090e7302306d2485eeaab17b6761fe84991?s=96&d=mm&r=g","url":"https:\/\/secure.gravatar.com\/avatar\/b8b45209a4cf0b7b127b9238ec348090e7302306d2485eeaab17b6761fe84991?s=96&d=mm&r=g","contentUrl":"https:\/\/secure.gravatar.com\/avatar\/b8b45209a4cf0b7b127b9238ec348090e7302306d2485eeaab17b6761fe84991?s=96&d=mm&r=g","caption":"Justine Tripard"},"url":"https:\/\/www.autojm.fr\/blog\/author\/justine\/"}]}},"_links":{"self":[{"href":"https:\/\/www.autojm.fr\/blog\/wp-json\/wp\/v2\/posts\/8708","targetHints":{"allow":["GET"]}}],"collection":[{"href":"https:\/\/www.autojm.fr\/blog\/wp-json\/wp\/v2\/posts"}],"about":[{"href":"https:\/\/www.autojm.fr\/blog\/wp-json\/wp\/v2\/types\/post"}],"author":[{"embeddable":true,"href":"https:\/\/www.autojm.fr\/blog\/wp-json\/wp\/v2\/users\/6"}],"replies":[{"embeddable":true,"href":"https:\/\/www.autojm.fr\/blog\/wp-json\/wp\/v2\/comments?post=8708"}],"version-history":[{"count":18,"href":"https:\/\/www.autojm.fr\/blog\/wp-json\/wp\/v2\/posts\/8708\/revisions"}],"predecessor-version":[{"id":18249,"href":"https:\/\/www.autojm.fr\/blog\/wp-json\/wp\/v2\/posts\/8708\/revisions\/18249"}],"wp:featuredmedia":[{"embeddable":true,"href":"https:\/\/www.autojm.fr\/blog\/wp-json\/wp\/v2\/media\/8710"}],"wp:attachment":[{"href":"https:\/\/www.autojm.fr\/blog\/wp-json\/wp\/v2\/media?parent=8708"}],"wp:term":[{"taxonomy":"category","embeddable":true,"href":"https:\/\/www.autojm.fr\/blog\/wp-json\/wp\/v2\/categories?post=8708"},{"taxonomy":"post_tag","embeddable":true,"href":"https:\/\/www.autojm.fr\/blog\/wp-json\/wp\/v2\/tags?post=8708"}],"curies":[{"name":"wp","href":"https:\/\/api.w.org\/{rel}","templated":true}]}}