{"id":8682,"date":"2023-03-03T08:17:40","date_gmt":"2023-03-03T08:17:40","guid":{"rendered":"https:\/\/www.autojm.fr\/blog\/?p=8682"},"modified":"2024-06-07T14:24:07","modified_gmt":"2024-06-07T14:24:07","slug":"le-marche-automobile-francais-poursuit-sa-remontee","status":"publish","type":"post","link":"https:\/\/www.autojm.fr\/blog\/le-marche-automobile-francais-poursuit-sa-remontee\/","title":{"rendered":"Le march\u00e9 automobile fran\u00e7ais poursuit sa remont\u00e9e"},"content":{"rendered":"","protected":false},"excerpt":{"rendered":"<p>Avec 126 237 immatriculations de voitures enregistr\u00e9es au mois de f\u00e9vrier, les ventes de v\u00e9hicules neufs sont en hausse de 9.4% dans l\u2019Hexagone en comparaison avec f\u00e9vrier 2022. Un redressement de l\u2019industrie automobile qui se confirme apr\u00e8s la premi\u00e8re progression de 8.8% en janvier. <\/p>\n","protected":false},"author":6,"featured_media":8684,"comment_status":"open","ping_status":"open","sticky":false,"template":"","format":"standard","meta":{"_acf_changed":false,"content-type":"","footnotes":""},"categories":[5],"tags":[88,336,333,90,301,87,85,92,74,155,105,109,98,259,106,83,80,108,145,107,73,167,78,193,81,169,96],"class_list":["post-8682","post","type-post","status-publish","format-standard","has-post-thumbnail","hentry","category-actualite-automobile","tag-88","tag-336","tag-333","tag-autojm","tag-c3","tag-captur","tag-citroen-2","tag-clio-5","tag-dacia","tag-dacia-duster","tag-ds","tag-ford","tag-formentor","tag-hyundai","tag-kia","tag-leon-5-portes","tag-leon-sportstourer","tag-nissan","tag-nouvelle-ds7","tag-opel","tag-peugeot","tag-peugeot-2008","tag-renault","tag-skoda","tag-t-roc","tag-toyota","tag-volkswagen"],"acf":[],"yoast_head":"<!-- This site is optimized with the Yoast SEO plugin v27.5 - https:\/\/yoast.com\/product\/yoast-seo-wordpress\/ -->\n<title>Le march\u00e9 automobile fran\u00e7ais poursuit sa remont\u00e9e - AutoJM Mag<\/title>\n<meta name=\"description\" content=\"Avec 126 237 immatriculations de voitures enregistr\u00e9es au mois de f\u00e9vrier, le march\u00e9 automobile fran\u00e7ais est en hausse de 9.4% dans...\" \/>\n<meta name=\"robots\" content=\"index, follow, max-snippet:-1, max-image-preview:large, max-video-preview:-1\" \/>\n<link rel=\"canonical\" href=\"https:\/\/www.autojm.fr\/blog\/le-marche-automobile-francais-poursuit-sa-remontee\/\" \/>\n<meta property=\"og:locale\" content=\"fr_FR\" \/>\n<meta property=\"og:type\" content=\"article\" \/>\n<meta property=\"og:title\" content=\"Le march\u00e9 automobile fran\u00e7ais poursuit sa remont\u00e9e - AutoJM Mag\" \/>\n<meta property=\"og:description\" content=\"Avec 126 237 immatriculations de voitures enregistr\u00e9es au mois de f\u00e9vrier, le march\u00e9 automobile fran\u00e7ais est en hausse de 9.4% dans...\" \/>\n<meta property=\"og:url\" content=\"https:\/\/www.autojm.fr\/blog\/le-marche-automobile-francais-poursuit-sa-remontee\/\" \/>\n<meta property=\"og:site_name\" content=\"AutoJM Mag\" \/>\n<meta property=\"article:publisher\" content=\"https:\/\/www.facebook.com\/AutoJM25\" \/>\n<meta property=\"article:published_time\" content=\"2023-03-03T08:17:40+00:00\" \/>\n<meta property=\"article:modified_time\" content=\"2024-06-07T14:24:07+00:00\" \/>\n<meta property=\"og:image\" content=\"https:\/\/www.autojm.fr\/blog\/wp-content\/uploads\/2023\/03\/Immatriculations-fevrier.jpg\" \/>\n\t<meta property=\"og:image:width\" content=\"1000\" \/>\n\t<meta property=\"og:image:height\" content=\"500\" \/>\n\t<meta property=\"og:image:type\" content=\"image\/jpeg\" \/>\n<meta name=\"author\" content=\"Justine Tripard\" \/>\n<meta name=\"twitter:card\" content=\"summary_large_image\" \/>\n<meta name=\"twitter:label1\" content=\"\u00c9crit par\" \/>\n\t<meta name=\"twitter:data1\" content=\"Justine Tripard\" \/>\n\t<meta name=\"twitter:label2\" content=\"Dur\u00e9e de lecture estim\u00e9e\" \/>\n\t<meta name=\"twitter:data2\" content=\"4 minutes\" \/>\n<script type=\"application\/ld+json\" class=\"yoast-schema-graph\">{\"@context\":\"https:\\\/\\\/schema.org\",\"@graph\":[{\"@type\":\"Article\",\"@id\":\"https:\\\/\\\/www.autojm.fr\\\/blog\\\/le-marche-automobile-francais-poursuit-sa-remontee\\\/#article\",\"isPartOf\":{\"@id\":\"https:\\\/\\\/www.autojm.fr\\\/blog\\\/le-marche-automobile-francais-poursuit-sa-remontee\\\/\"},\"author\":{\"name\":\"Justine Tripard\",\"@id\":\"https:\\\/\\\/www.autojm.fr\\\/blog\\\/#\\\/schema\\\/person\\\/1cc83a91548d88a62eb8cf06f562a72c\"},\"headline\":\"Le march\u00e9 automobile fran\u00e7ais poursuit sa remont\u00e9e\",\"datePublished\":\"2023-03-03T08:17:40+00:00\",\"dateModified\":\"2024-06-07T14:24:07+00:00\",\"mainEntityOfPage\":{\"@id\":\"https:\\\/\\\/www.autojm.fr\\\/blog\\\/le-marche-automobile-francais-poursuit-sa-remontee\\\/\"},\"wordCount\":9,\"commentCount\":0,\"publisher\":{\"@id\":\"https:\\\/\\\/www.autojm.fr\\\/blog\\\/#organization\"},\"image\":{\"@id\":\"https:\\\/\\\/www.autojm.fr\\\/blog\\\/le-marche-automobile-francais-poursuit-sa-remontee\\\/#primaryimage\"},\"thumbnailUrl\":\"https:\\\/\\\/www.autojm.fr\\\/blog\\\/wp-content\\\/uploads\\\/2023\\\/03\\\/Immatriculations-fevrier.jpg\",\"keywords\":[\"208\",\"3008\",\"308\",\"autojm\",\"C3\",\"captur\",\"Citro\u00ebn\",\"Clio 5\",\"dacia\",\"Dacia Duster\",\"DS\",\"Ford\",\"formentor\",\"Hyundai\",\"Kia\",\"leon 5 portes\",\"leon sportstourer\",\"Nissan\",\"nouvelle DS7\",\"Opel\",\"peugeot\",\"Peugeot 2008\",\"renault\",\"Skoda\",\"t-roc\",\"Toyota\",\"Volkswagen\"],\"articleSection\":[\"Actualit\u00e9 Automobile\"],\"inLanguage\":\"fr-FR\",\"potentialAction\":[{\"@type\":\"CommentAction\",\"name\":\"Comment\",\"target\":[\"https:\\\/\\\/www.autojm.fr\\\/blog\\\/le-marche-automobile-francais-poursuit-sa-remontee\\\/#respond\"]}]},{\"@type\":\"WebPage\",\"@id\":\"https:\\\/\\\/www.autojm.fr\\\/blog\\\/le-marche-automobile-francais-poursuit-sa-remontee\\\/\",\"url\":\"https:\\\/\\\/www.autojm.fr\\\/blog\\\/le-marche-automobile-francais-poursuit-sa-remontee\\\/\",\"name\":\"Le march\u00e9 automobile fran\u00e7ais poursuit sa remont\u00e9e - AutoJM Mag\",\"isPartOf\":{\"@id\":\"https:\\\/\\\/www.autojm.fr\\\/blog\\\/#website\"},\"primaryImageOfPage\":{\"@id\":\"https:\\\/\\\/www.autojm.fr\\\/blog\\\/le-marche-automobile-francais-poursuit-sa-remontee\\\/#primaryimage\"},\"image\":{\"@id\":\"https:\\\/\\\/www.autojm.fr\\\/blog\\\/le-marche-automobile-francais-poursuit-sa-remontee\\\/#primaryimage\"},\"thumbnailUrl\":\"https:\\\/\\\/www.autojm.fr\\\/blog\\\/wp-content\\\/uploads\\\/2023\\\/03\\\/Immatriculations-fevrier.jpg\",\"datePublished\":\"2023-03-03T08:17:40+00:00\",\"dateModified\":\"2024-06-07T14:24:07+00:00\",\"description\":\"Avec 126 237 immatriculations de voitures enregistr\u00e9es au mois de f\u00e9vrier, le march\u00e9 automobile fran\u00e7ais est en hausse de 9.4% dans...\",\"breadcrumb\":{\"@id\":\"https:\\\/\\\/www.autojm.fr\\\/blog\\\/le-marche-automobile-francais-poursuit-sa-remontee\\\/#breadcrumb\"},\"inLanguage\":\"fr-FR\",\"potentialAction\":[{\"@type\":\"ReadAction\",\"target\":[\"https:\\\/\\\/www.autojm.fr\\\/blog\\\/le-marche-automobile-francais-poursuit-sa-remontee\\\/\"]}]},{\"@type\":\"ImageObject\",\"inLanguage\":\"fr-FR\",\"@id\":\"https:\\\/\\\/www.autojm.fr\\\/blog\\\/le-marche-automobile-francais-poursuit-sa-remontee\\\/#primaryimage\",\"url\":\"https:\\\/\\\/www.autojm.fr\\\/blog\\\/wp-content\\\/uploads\\\/2023\\\/03\\\/Immatriculations-fevrier.jpg\",\"contentUrl\":\"https:\\\/\\\/www.autojm.fr\\\/blog\\\/wp-content\\\/uploads\\\/2023\\\/03\\\/Immatriculations-fevrier.jpg\",\"width\":1000,\"height\":500,\"caption\":\"March\u00e9 automobile\"},{\"@type\":\"BreadcrumbList\",\"@id\":\"https:\\\/\\\/www.autojm.fr\\\/blog\\\/le-marche-automobile-francais-poursuit-sa-remontee\\\/#breadcrumb\",\"itemListElement\":[{\"@type\":\"ListItem\",\"position\":1,\"name\":\"Accueil\",\"item\":\"https:\\\/\\\/www.autojm.fr\\\/blog\\\/\"},{\"@type\":\"ListItem\",\"position\":2,\"name\":\"Actualit\u00e9 Automobile\",\"item\":\"https:\\\/\\\/www.autojm.fr\\\/blog\\\/actualite-automobile\\\/\"},{\"@type\":\"ListItem\",\"position\":3,\"name\":\"Le march\u00e9 automobile fran\u00e7ais poursuit sa remont\u00e9e\"}]},{\"@type\":\"WebSite\",\"@id\":\"https:\\\/\\\/www.autojm.fr\\\/blog\\\/#website\",\"url\":\"https:\\\/\\\/www.autojm.fr\\\/blog\\\/\",\"name\":\"AutoJM Mag\",\"description\":\"Toute l&#039;actu auto en 1 clic !\",\"publisher\":{\"@id\":\"https:\\\/\\\/www.autojm.fr\\\/blog\\\/#organization\"},\"potentialAction\":[{\"@type\":\"SearchAction\",\"target\":{\"@type\":\"EntryPoint\",\"urlTemplate\":\"https:\\\/\\\/www.autojm.fr\\\/blog\\\/?s={search_term_string}\"},\"query-input\":{\"@type\":\"PropertyValueSpecification\",\"valueRequired\":true,\"valueName\":\"search_term_string\"}}],\"inLanguage\":\"fr-FR\"},{\"@type\":\"Organization\",\"@id\":\"https:\\\/\\\/www.autojm.fr\\\/blog\\\/#organization\",\"name\":\"AutoJM Mag\",\"url\":\"https:\\\/\\\/www.autojm.fr\\\/blog\\\/\",\"logo\":{\"@type\":\"ImageObject\",\"inLanguage\":\"fr-FR\",\"@id\":\"https:\\\/\\\/www.autojm.fr\\\/blog\\\/#\\\/schema\\\/logo\\\/image\\\/\",\"url\":\"https:\\\/\\\/www.autojm.fr\\\/blog\\\/wp-content\\\/uploads\\\/2022\\\/12\\\/cropped-AutoJMag-png.png\",\"contentUrl\":\"https:\\\/\\\/www.autojm.fr\\\/blog\\\/wp-content\\\/uploads\\\/2022\\\/12\\\/cropped-AutoJMag-png.png\",\"width\":2834,\"height\":585,\"caption\":\"AutoJM Mag\"},\"image\":{\"@id\":\"https:\\\/\\\/www.autojm.fr\\\/blog\\\/#\\\/schema\\\/logo\\\/image\\\/\"},\"sameAs\":[\"https:\\\/\\\/www.facebook.com\\\/AutoJM25\"]},{\"@type\":\"Person\",\"@id\":\"https:\\\/\\\/www.autojm.fr\\\/blog\\\/#\\\/schema\\\/person\\\/1cc83a91548d88a62eb8cf06f562a72c\",\"name\":\"Justine Tripard\",\"image\":{\"@type\":\"ImageObject\",\"inLanguage\":\"fr-FR\",\"@id\":\"https:\\\/\\\/secure.gravatar.com\\\/avatar\\\/b8b45209a4cf0b7b127b9238ec348090e7302306d2485eeaab17b6761fe84991?s=96&d=mm&r=g\",\"url\":\"https:\\\/\\\/secure.gravatar.com\\\/avatar\\\/b8b45209a4cf0b7b127b9238ec348090e7302306d2485eeaab17b6761fe84991?s=96&d=mm&r=g\",\"contentUrl\":\"https:\\\/\\\/secure.gravatar.com\\\/avatar\\\/b8b45209a4cf0b7b127b9238ec348090e7302306d2485eeaab17b6761fe84991?s=96&d=mm&r=g\",\"caption\":\"Justine Tripard\"},\"url\":\"https:\\\/\\\/www.autojm.fr\\\/blog\\\/author\\\/justine\\\/\"}]}<\/script>\n<!-- \/ Yoast SEO plugin. -->","yoast_head_json":{"title":"Le march\u00e9 automobile fran\u00e7ais poursuit sa remont\u00e9e - AutoJM Mag","description":"Avec 126 237 immatriculations de voitures enregistr\u00e9es au mois de f\u00e9vrier, le march\u00e9 automobile fran\u00e7ais est en hausse de 9.4% dans...","robots":{"index":"index","follow":"follow","max-snippet":"max-snippet:-1","max-image-preview":"max-image-preview:large","max-video-preview":"max-video-preview:-1"},"canonical":"https:\/\/www.autojm.fr\/blog\/le-marche-automobile-francais-poursuit-sa-remontee\/","og_locale":"fr_FR","og_type":"article","og_title":"Le march\u00e9 automobile fran\u00e7ais poursuit sa remont\u00e9e - AutoJM Mag","og_description":"Avec 126 237 immatriculations de voitures enregistr\u00e9es au mois de f\u00e9vrier, le march\u00e9 automobile fran\u00e7ais est en hausse de 9.4% dans...","og_url":"https:\/\/www.autojm.fr\/blog\/le-marche-automobile-francais-poursuit-sa-remontee\/","og_site_name":"AutoJM Mag","article_publisher":"https:\/\/www.facebook.com\/AutoJM25","article_published_time":"2023-03-03T08:17:40+00:00","article_modified_time":"2024-06-07T14:24:07+00:00","og_image":[{"width":1000,"height":500,"url":"https:\/\/www.autojm.fr\/blog\/wp-content\/uploads\/2023\/03\/Immatriculations-fevrier.jpg","type":"image\/jpeg"}],"author":"Justine Tripard","twitter_card":"summary_large_image","twitter_misc":{"\u00c9crit par":"Justine Tripard","Dur\u00e9e de lecture estim\u00e9e":"4 minutes"},"schema":{"@context":"https:\/\/schema.org","@graph":[{"@type":"Article","@id":"https:\/\/www.autojm.fr\/blog\/le-marche-automobile-francais-poursuit-sa-remontee\/#article","isPartOf":{"@id":"https:\/\/www.autojm.fr\/blog\/le-marche-automobile-francais-poursuit-sa-remontee\/"},"author":{"name":"Justine Tripard","@id":"https:\/\/www.autojm.fr\/blog\/#\/schema\/person\/1cc83a91548d88a62eb8cf06f562a72c"},"headline":"Le march\u00e9 automobile fran\u00e7ais poursuit sa remont\u00e9e","datePublished":"2023-03-03T08:17:40+00:00","dateModified":"2024-06-07T14:24:07+00:00","mainEntityOfPage":{"@id":"https:\/\/www.autojm.fr\/blog\/le-marche-automobile-francais-poursuit-sa-remontee\/"},"wordCount":9,"commentCount":0,"publisher":{"@id":"https:\/\/www.autojm.fr\/blog\/#organization"},"image":{"@id":"https:\/\/www.autojm.fr\/blog\/le-marche-automobile-francais-poursuit-sa-remontee\/#primaryimage"},"thumbnailUrl":"https:\/\/www.autojm.fr\/blog\/wp-content\/uploads\/2023\/03\/Immatriculations-fevrier.jpg","keywords":["208","3008","308","autojm","C3","captur","Citro\u00ebn","Clio 5","dacia","Dacia Duster","DS","Ford","formentor","Hyundai","Kia","leon 5 portes","leon sportstourer","Nissan","nouvelle DS7","Opel","peugeot","Peugeot 2008","renault","Skoda","t-roc","Toyota","Volkswagen"],"articleSection":["Actualit\u00e9 Automobile"],"inLanguage":"fr-FR","potentialAction":[{"@type":"CommentAction","name":"Comment","target":["https:\/\/www.autojm.fr\/blog\/le-marche-automobile-francais-poursuit-sa-remontee\/#respond"]}]},{"@type":"WebPage","@id":"https:\/\/www.autojm.fr\/blog\/le-marche-automobile-francais-poursuit-sa-remontee\/","url":"https:\/\/www.autojm.fr\/blog\/le-marche-automobile-francais-poursuit-sa-remontee\/","name":"Le march\u00e9 automobile fran\u00e7ais poursuit sa remont\u00e9e - AutoJM Mag","isPartOf":{"@id":"https:\/\/www.autojm.fr\/blog\/#website"},"primaryImageOfPage":{"@id":"https:\/\/www.autojm.fr\/blog\/le-marche-automobile-francais-poursuit-sa-remontee\/#primaryimage"},"image":{"@id":"https:\/\/www.autojm.fr\/blog\/le-marche-automobile-francais-poursuit-sa-remontee\/#primaryimage"},"thumbnailUrl":"https:\/\/www.autojm.fr\/blog\/wp-content\/uploads\/2023\/03\/Immatriculations-fevrier.jpg","datePublished":"2023-03-03T08:17:40+00:00","dateModified":"2024-06-07T14:24:07+00:00","description":"Avec 126 237 immatriculations de voitures enregistr\u00e9es au mois de f\u00e9vrier, le march\u00e9 automobile fran\u00e7ais est en hausse de 9.4% dans...","breadcrumb":{"@id":"https:\/\/www.autojm.fr\/blog\/le-marche-automobile-francais-poursuit-sa-remontee\/#breadcrumb"},"inLanguage":"fr-FR","potentialAction":[{"@type":"ReadAction","target":["https:\/\/www.autojm.fr\/blog\/le-marche-automobile-francais-poursuit-sa-remontee\/"]}]},{"@type":"ImageObject","inLanguage":"fr-FR","@id":"https:\/\/www.autojm.fr\/blog\/le-marche-automobile-francais-poursuit-sa-remontee\/#primaryimage","url":"https:\/\/www.autojm.fr\/blog\/wp-content\/uploads\/2023\/03\/Immatriculations-fevrier.jpg","contentUrl":"https:\/\/www.autojm.fr\/blog\/wp-content\/uploads\/2023\/03\/Immatriculations-fevrier.jpg","width":1000,"height":500,"caption":"March\u00e9 automobile"},{"@type":"BreadcrumbList","@id":"https:\/\/www.autojm.fr\/blog\/le-marche-automobile-francais-poursuit-sa-remontee\/#breadcrumb","itemListElement":[{"@type":"ListItem","position":1,"name":"Accueil","item":"https:\/\/www.autojm.fr\/blog\/"},{"@type":"ListItem","position":2,"name":"Actualit\u00e9 Automobile","item":"https:\/\/www.autojm.fr\/blog\/actualite-automobile\/"},{"@type":"ListItem","position":3,"name":"Le march\u00e9 automobile fran\u00e7ais poursuit sa remont\u00e9e"}]},{"@type":"WebSite","@id":"https:\/\/www.autojm.fr\/blog\/#website","url":"https:\/\/www.autojm.fr\/blog\/","name":"AutoJM Mag","description":"Toute l&#039;actu auto en 1 clic !","publisher":{"@id":"https:\/\/www.autojm.fr\/blog\/#organization"},"potentialAction":[{"@type":"SearchAction","target":{"@type":"EntryPoint","urlTemplate":"https:\/\/www.autojm.fr\/blog\/?s={search_term_string}"},"query-input":{"@type":"PropertyValueSpecification","valueRequired":true,"valueName":"search_term_string"}}],"inLanguage":"fr-FR"},{"@type":"Organization","@id":"https:\/\/www.autojm.fr\/blog\/#organization","name":"AutoJM Mag","url":"https:\/\/www.autojm.fr\/blog\/","logo":{"@type":"ImageObject","inLanguage":"fr-FR","@id":"https:\/\/www.autojm.fr\/blog\/#\/schema\/logo\/image\/","url":"https:\/\/www.autojm.fr\/blog\/wp-content\/uploads\/2022\/12\/cropped-AutoJMag-png.png","contentUrl":"https:\/\/www.autojm.fr\/blog\/wp-content\/uploads\/2022\/12\/cropped-AutoJMag-png.png","width":2834,"height":585,"caption":"AutoJM Mag"},"image":{"@id":"https:\/\/www.autojm.fr\/blog\/#\/schema\/logo\/image\/"},"sameAs":["https:\/\/www.facebook.com\/AutoJM25"]},{"@type":"Person","@id":"https:\/\/www.autojm.fr\/blog\/#\/schema\/person\/1cc83a91548d88a62eb8cf06f562a72c","name":"Justine Tripard","image":{"@type":"ImageObject","inLanguage":"fr-FR","@id":"https:\/\/secure.gravatar.com\/avatar\/b8b45209a4cf0b7b127b9238ec348090e7302306d2485eeaab17b6761fe84991?s=96&d=mm&r=g","url":"https:\/\/secure.gravatar.com\/avatar\/b8b45209a4cf0b7b127b9238ec348090e7302306d2485eeaab17b6761fe84991?s=96&d=mm&r=g","contentUrl":"https:\/\/secure.gravatar.com\/avatar\/b8b45209a4cf0b7b127b9238ec348090e7302306d2485eeaab17b6761fe84991?s=96&d=mm&r=g","caption":"Justine Tripard"},"url":"https:\/\/www.autojm.fr\/blog\/author\/justine\/"}]}},"_links":{"self":[{"href":"https:\/\/www.autojm.fr\/blog\/wp-json\/wp\/v2\/posts\/8682","targetHints":{"allow":["GET"]}}],"collection":[{"href":"https:\/\/www.autojm.fr\/blog\/wp-json\/wp\/v2\/posts"}],"about":[{"href":"https:\/\/www.autojm.fr\/blog\/wp-json\/wp\/v2\/types\/post"}],"author":[{"embeddable":true,"href":"https:\/\/www.autojm.fr\/blog\/wp-json\/wp\/v2\/users\/6"}],"replies":[{"embeddable":true,"href":"https:\/\/www.autojm.fr\/blog\/wp-json\/wp\/v2\/comments?post=8682"}],"version-history":[{"count":6,"href":"https:\/\/www.autojm.fr\/blog\/wp-json\/wp\/v2\/posts\/8682\/revisions"}],"predecessor-version":[{"id":17597,"href":"https:\/\/www.autojm.fr\/blog\/wp-json\/wp\/v2\/posts\/8682\/revisions\/17597"}],"wp:featuredmedia":[{"embeddable":true,"href":"https:\/\/www.autojm.fr\/blog\/wp-json\/wp\/v2\/media\/8684"}],"wp:attachment":[{"href":"https:\/\/www.autojm.fr\/blog\/wp-json\/wp\/v2\/media?parent=8682"}],"wp:term":[{"taxonomy":"category","embeddable":true,"href":"https:\/\/www.autojm.fr\/blog\/wp-json\/wp\/v2\/categories?post=8682"},{"taxonomy":"post_tag","embeddable":true,"href":"https:\/\/www.autojm.fr\/blog\/wp-json\/wp\/v2\/tags?post=8682"}],"curies":[{"name":"wp","href":"https:\/\/api.w.org\/{rel}","templated":true}]}}