{"id":8637,"date":"2023-02-27T12:43:05","date_gmt":"2023-02-27T12:43:05","guid":{"rendered":"https:\/\/www.autojm.fr\/blog\/?p=8637"},"modified":"2024-06-07T14:21:23","modified_gmt":"2024-06-07T14:21:23","slug":"les-nouveautes-attendues-en-2023","status":"publish","type":"post","link":"https:\/\/www.autojm.fr\/blog\/les-nouveautes-attendues-en-2023\/","title":{"rendered":"Les nouveaut\u00e9s attendues en 2023\u00a0"},"content":{"rendered":"","protected":false},"excerpt":{"rendered":"<p>Apr\u00e8s une ann\u00e9e 2022 marqu\u00e9e par un recul des ventes de v\u00e9hicules neufs sur le march\u00e9 automobile en France, 2023 devrait \u00eatre riche en nouveaut\u00e9s auto et plac\u00e9e sous le signe du restylage. L\u2019op\u00e9ration s\u00e9duction lanc\u00e9e par les constructeurs et les marques se mat\u00e9rialise par le lancement de nouveaux mod\u00e8les qui seront progressivement d\u00e9voil\u00e9s au grand public.  <\/p>\n","protected":false},"author":6,"featured_media":8639,"comment_status":"open","ping_status":"open","sticky":false,"template":"","format":"standard","meta":{"_acf_changed":false,"content-type":"","footnotes":""},"categories":[5],"tags":[318,90,85,197,74,155,73,159,78,214,96],"class_list":["post-8637","post","type-post","status-publish","format-standard","has-post-thumbnail","hentry","category-actualite-automobile","tag-austral","tag-autojm","tag-citroen-2","tag-citroen-c3","tag-dacia","tag-dacia-duster","tag-peugeot","tag-peugeot-3008","tag-renault","tag-tiguan","tag-volkswagen"],"acf":[],"yoast_head":"<!-- This site is optimized with the Yoast SEO plugin v27.5 - https:\/\/yoast.com\/product\/yoast-seo-wordpress\/ -->\n<title>Les nouveaut\u00e9s attendues en 2023\u00a0 - AutoJM Mag<\/title>\n<meta name=\"description\" content=\"Apr\u00e8s une ann\u00e9e 2022 marqu\u00e9e par un recul des ventes de v\u00e9hicules neufs sur le march\u00e9 automobile en France, 2023 devrait \u00eatre riche en...\" \/>\n<meta name=\"robots\" content=\"index, follow, max-snippet:-1, max-image-preview:large, max-video-preview:-1\" \/>\n<link rel=\"canonical\" href=\"https:\/\/www.autojm.fr\/blog\/les-nouveautes-attendues-en-2023\/\" \/>\n<meta property=\"og:locale\" content=\"fr_FR\" \/>\n<meta property=\"og:type\" content=\"article\" \/>\n<meta property=\"og:title\" content=\"Les nouveaut\u00e9s attendues en 2023\u00a0 - AutoJM Mag\" \/>\n<meta property=\"og:description\" content=\"Apr\u00e8s une ann\u00e9e 2022 marqu\u00e9e par un recul des ventes de v\u00e9hicules neufs sur le march\u00e9 automobile en France, 2023 devrait \u00eatre riche en...\" \/>\n<meta property=\"og:url\" content=\"https:\/\/www.autojm.fr\/blog\/les-nouveautes-attendues-en-2023\/\" \/>\n<meta property=\"og:site_name\" content=\"AutoJM Mag\" \/>\n<meta property=\"article:publisher\" content=\"https:\/\/www.facebook.com\/AutoJM25\" \/>\n<meta property=\"article:published_time\" content=\"2023-02-27T12:43:05+00:00\" \/>\n<meta property=\"article:modified_time\" content=\"2024-06-07T14:21:23+00:00\" \/>\n<meta property=\"og:image\" content=\"https:\/\/www.autojm.fr\/blog\/wp-content\/uploads\/2023\/02\/Volkswagen-Tiguan.jpg\" \/>\n\t<meta property=\"og:image:width\" content=\"1000\" \/>\n\t<meta property=\"og:image:height\" content=\"500\" \/>\n\t<meta property=\"og:image:type\" content=\"image\/jpeg\" \/>\n<meta name=\"author\" content=\"Justine Tripard\" \/>\n<meta name=\"twitter:card\" content=\"summary_large_image\" \/>\n<meta name=\"twitter:label1\" content=\"\u00c9crit par\" \/>\n\t<meta name=\"twitter:data1\" content=\"Justine Tripard\" \/>\n\t<meta name=\"twitter:label2\" content=\"Dur\u00e9e de lecture estim\u00e9e\" \/>\n\t<meta name=\"twitter:data2\" content=\"5 minutes\" \/>\n<script type=\"application\/ld+json\" class=\"yoast-schema-graph\">{\"@context\":\"https:\\\/\\\/schema.org\",\"@graph\":[{\"@type\":\"Article\",\"@id\":\"https:\\\/\\\/www.autojm.fr\\\/blog\\\/les-nouveautes-attendues-en-2023\\\/#article\",\"isPartOf\":{\"@id\":\"https:\\\/\\\/www.autojm.fr\\\/blog\\\/les-nouveautes-attendues-en-2023\\\/\"},\"author\":{\"name\":\"Justine Tripard\",\"@id\":\"https:\\\/\\\/www.autojm.fr\\\/blog\\\/#\\\/schema\\\/person\\\/1cc83a91548d88a62eb8cf06f562a72c\"},\"headline\":\"Les nouveaut\u00e9s attendues en 2023\u00a0\",\"datePublished\":\"2023-02-27T12:43:05+00:00\",\"dateModified\":\"2024-06-07T14:21:23+00:00\",\"mainEntityOfPage\":{\"@id\":\"https:\\\/\\\/www.autojm.fr\\\/blog\\\/les-nouveautes-attendues-en-2023\\\/\"},\"wordCount\":5,\"commentCount\":0,\"publisher\":{\"@id\":\"https:\\\/\\\/www.autojm.fr\\\/blog\\\/#organization\"},\"image\":{\"@id\":\"https:\\\/\\\/www.autojm.fr\\\/blog\\\/les-nouveautes-attendues-en-2023\\\/#primaryimage\"},\"thumbnailUrl\":\"https:\\\/\\\/www.autojm.fr\\\/blog\\\/wp-content\\\/uploads\\\/2023\\\/02\\\/Volkswagen-Tiguan.jpg\",\"keywords\":[\"Austral\",\"autojm\",\"Citro\u00ebn\",\"Citro\u00ebn C3\",\"dacia\",\"Dacia Duster\",\"peugeot\",\"Peugeot 3008\",\"renault\",\"Tiguan\",\"Volkswagen\"],\"articleSection\":[\"Actualit\u00e9 Automobile\"],\"inLanguage\":\"fr-FR\",\"potentialAction\":[{\"@type\":\"CommentAction\",\"name\":\"Comment\",\"target\":[\"https:\\\/\\\/www.autojm.fr\\\/blog\\\/les-nouveautes-attendues-en-2023\\\/#respond\"]}]},{\"@type\":\"WebPage\",\"@id\":\"https:\\\/\\\/www.autojm.fr\\\/blog\\\/les-nouveautes-attendues-en-2023\\\/\",\"url\":\"https:\\\/\\\/www.autojm.fr\\\/blog\\\/les-nouveautes-attendues-en-2023\\\/\",\"name\":\"Les nouveaut\u00e9s attendues en 2023\u00a0 - AutoJM Mag\",\"isPartOf\":{\"@id\":\"https:\\\/\\\/www.autojm.fr\\\/blog\\\/#website\"},\"primaryImageOfPage\":{\"@id\":\"https:\\\/\\\/www.autojm.fr\\\/blog\\\/les-nouveautes-attendues-en-2023\\\/#primaryimage\"},\"image\":{\"@id\":\"https:\\\/\\\/www.autojm.fr\\\/blog\\\/les-nouveautes-attendues-en-2023\\\/#primaryimage\"},\"thumbnailUrl\":\"https:\\\/\\\/www.autojm.fr\\\/blog\\\/wp-content\\\/uploads\\\/2023\\\/02\\\/Volkswagen-Tiguan.jpg\",\"datePublished\":\"2023-02-27T12:43:05+00:00\",\"dateModified\":\"2024-06-07T14:21:23+00:00\",\"description\":\"Apr\u00e8s une ann\u00e9e 2022 marqu\u00e9e par un recul des ventes de v\u00e9hicules neufs sur le march\u00e9 automobile en France, 2023 devrait \u00eatre riche en...\",\"breadcrumb\":{\"@id\":\"https:\\\/\\\/www.autojm.fr\\\/blog\\\/les-nouveautes-attendues-en-2023\\\/#breadcrumb\"},\"inLanguage\":\"fr-FR\",\"potentialAction\":[{\"@type\":\"ReadAction\",\"target\":[\"https:\\\/\\\/www.autojm.fr\\\/blog\\\/les-nouveautes-attendues-en-2023\\\/\"]}]},{\"@type\":\"ImageObject\",\"inLanguage\":\"fr-FR\",\"@id\":\"https:\\\/\\\/www.autojm.fr\\\/blog\\\/les-nouveautes-attendues-en-2023\\\/#primaryimage\",\"url\":\"https:\\\/\\\/www.autojm.fr\\\/blog\\\/wp-content\\\/uploads\\\/2023\\\/02\\\/Volkswagen-Tiguan.jpg\",\"contentUrl\":\"https:\\\/\\\/www.autojm.fr\\\/blog\\\/wp-content\\\/uploads\\\/2023\\\/02\\\/Volkswagen-Tiguan.jpg\",\"width\":1000,\"height\":500,\"caption\":\"Volkswagen Tiguan\"},{\"@type\":\"BreadcrumbList\",\"@id\":\"https:\\\/\\\/www.autojm.fr\\\/blog\\\/les-nouveautes-attendues-en-2023\\\/#breadcrumb\",\"itemListElement\":[{\"@type\":\"ListItem\",\"position\":1,\"name\":\"Accueil\",\"item\":\"https:\\\/\\\/www.autojm.fr\\\/blog\\\/\"},{\"@type\":\"ListItem\",\"position\":2,\"name\":\"Actualit\u00e9 Automobile\",\"item\":\"https:\\\/\\\/www.autojm.fr\\\/blog\\\/actualite-automobile\\\/\"},{\"@type\":\"ListItem\",\"position\":3,\"name\":\"Les nouveaut\u00e9s attendues en 2023\u00a0\"}]},{\"@type\":\"WebSite\",\"@id\":\"https:\\\/\\\/www.autojm.fr\\\/blog\\\/#website\",\"url\":\"https:\\\/\\\/www.autojm.fr\\\/blog\\\/\",\"name\":\"AutoJM Mag\",\"description\":\"Toute l&#039;actu auto en 1 clic !\",\"publisher\":{\"@id\":\"https:\\\/\\\/www.autojm.fr\\\/blog\\\/#organization\"},\"potentialAction\":[{\"@type\":\"SearchAction\",\"target\":{\"@type\":\"EntryPoint\",\"urlTemplate\":\"https:\\\/\\\/www.autojm.fr\\\/blog\\\/?s={search_term_string}\"},\"query-input\":{\"@type\":\"PropertyValueSpecification\",\"valueRequired\":true,\"valueName\":\"search_term_string\"}}],\"inLanguage\":\"fr-FR\"},{\"@type\":\"Organization\",\"@id\":\"https:\\\/\\\/www.autojm.fr\\\/blog\\\/#organization\",\"name\":\"AutoJM Mag\",\"url\":\"https:\\\/\\\/www.autojm.fr\\\/blog\\\/\",\"logo\":{\"@type\":\"ImageObject\",\"inLanguage\":\"fr-FR\",\"@id\":\"https:\\\/\\\/www.autojm.fr\\\/blog\\\/#\\\/schema\\\/logo\\\/image\\\/\",\"url\":\"https:\\\/\\\/www.autojm.fr\\\/blog\\\/wp-content\\\/uploads\\\/2022\\\/12\\\/cropped-AutoJMag-png.png\",\"contentUrl\":\"https:\\\/\\\/www.autojm.fr\\\/blog\\\/wp-content\\\/uploads\\\/2022\\\/12\\\/cropped-AutoJMag-png.png\",\"width\":2834,\"height\":585,\"caption\":\"AutoJM Mag\"},\"image\":{\"@id\":\"https:\\\/\\\/www.autojm.fr\\\/blog\\\/#\\\/schema\\\/logo\\\/image\\\/\"},\"sameAs\":[\"https:\\\/\\\/www.facebook.com\\\/AutoJM25\"]},{\"@type\":\"Person\",\"@id\":\"https:\\\/\\\/www.autojm.fr\\\/blog\\\/#\\\/schema\\\/person\\\/1cc83a91548d88a62eb8cf06f562a72c\",\"name\":\"Justine Tripard\",\"image\":{\"@type\":\"ImageObject\",\"inLanguage\":\"fr-FR\",\"@id\":\"https:\\\/\\\/secure.gravatar.com\\\/avatar\\\/b8b45209a4cf0b7b127b9238ec348090e7302306d2485eeaab17b6761fe84991?s=96&d=mm&r=g\",\"url\":\"https:\\\/\\\/secure.gravatar.com\\\/avatar\\\/b8b45209a4cf0b7b127b9238ec348090e7302306d2485eeaab17b6761fe84991?s=96&d=mm&r=g\",\"contentUrl\":\"https:\\\/\\\/secure.gravatar.com\\\/avatar\\\/b8b45209a4cf0b7b127b9238ec348090e7302306d2485eeaab17b6761fe84991?s=96&d=mm&r=g\",\"caption\":\"Justine Tripard\"},\"url\":\"https:\\\/\\\/www.autojm.fr\\\/blog\\\/author\\\/justine\\\/\"}]}<\/script>\n<!-- \/ Yoast SEO plugin. -->","yoast_head_json":{"title":"Les nouveaut\u00e9s attendues en 2023\u00a0 - AutoJM Mag","description":"Apr\u00e8s une ann\u00e9e 2022 marqu\u00e9e par un recul des ventes de v\u00e9hicules neufs sur le march\u00e9 automobile en France, 2023 devrait \u00eatre riche en...","robots":{"index":"index","follow":"follow","max-snippet":"max-snippet:-1","max-image-preview":"max-image-preview:large","max-video-preview":"max-video-preview:-1"},"canonical":"https:\/\/www.autojm.fr\/blog\/les-nouveautes-attendues-en-2023\/","og_locale":"fr_FR","og_type":"article","og_title":"Les nouveaut\u00e9s attendues en 2023\u00a0 - AutoJM Mag","og_description":"Apr\u00e8s une ann\u00e9e 2022 marqu\u00e9e par un recul des ventes de v\u00e9hicules neufs sur le march\u00e9 automobile en France, 2023 devrait \u00eatre riche en...","og_url":"https:\/\/www.autojm.fr\/blog\/les-nouveautes-attendues-en-2023\/","og_site_name":"AutoJM Mag","article_publisher":"https:\/\/www.facebook.com\/AutoJM25","article_published_time":"2023-02-27T12:43:05+00:00","article_modified_time":"2024-06-07T14:21:23+00:00","og_image":[{"width":1000,"height":500,"url":"https:\/\/www.autojm.fr\/blog\/wp-content\/uploads\/2023\/02\/Volkswagen-Tiguan.jpg","type":"image\/jpeg"}],"author":"Justine Tripard","twitter_card":"summary_large_image","twitter_misc":{"\u00c9crit par":"Justine Tripard","Dur\u00e9e de lecture estim\u00e9e":"5 minutes"},"schema":{"@context":"https:\/\/schema.org","@graph":[{"@type":"Article","@id":"https:\/\/www.autojm.fr\/blog\/les-nouveautes-attendues-en-2023\/#article","isPartOf":{"@id":"https:\/\/www.autojm.fr\/blog\/les-nouveautes-attendues-en-2023\/"},"author":{"name":"Justine Tripard","@id":"https:\/\/www.autojm.fr\/blog\/#\/schema\/person\/1cc83a91548d88a62eb8cf06f562a72c"},"headline":"Les nouveaut\u00e9s attendues en 2023\u00a0","datePublished":"2023-02-27T12:43:05+00:00","dateModified":"2024-06-07T14:21:23+00:00","mainEntityOfPage":{"@id":"https:\/\/www.autojm.fr\/blog\/les-nouveautes-attendues-en-2023\/"},"wordCount":5,"commentCount":0,"publisher":{"@id":"https:\/\/www.autojm.fr\/blog\/#organization"},"image":{"@id":"https:\/\/www.autojm.fr\/blog\/les-nouveautes-attendues-en-2023\/#primaryimage"},"thumbnailUrl":"https:\/\/www.autojm.fr\/blog\/wp-content\/uploads\/2023\/02\/Volkswagen-Tiguan.jpg","keywords":["Austral","autojm","Citro\u00ebn","Citro\u00ebn C3","dacia","Dacia Duster","peugeot","Peugeot 3008","renault","Tiguan","Volkswagen"],"articleSection":["Actualit\u00e9 Automobile"],"inLanguage":"fr-FR","potentialAction":[{"@type":"CommentAction","name":"Comment","target":["https:\/\/www.autojm.fr\/blog\/les-nouveautes-attendues-en-2023\/#respond"]}]},{"@type":"WebPage","@id":"https:\/\/www.autojm.fr\/blog\/les-nouveautes-attendues-en-2023\/","url":"https:\/\/www.autojm.fr\/blog\/les-nouveautes-attendues-en-2023\/","name":"Les nouveaut\u00e9s attendues en 2023\u00a0 - AutoJM Mag","isPartOf":{"@id":"https:\/\/www.autojm.fr\/blog\/#website"},"primaryImageOfPage":{"@id":"https:\/\/www.autojm.fr\/blog\/les-nouveautes-attendues-en-2023\/#primaryimage"},"image":{"@id":"https:\/\/www.autojm.fr\/blog\/les-nouveautes-attendues-en-2023\/#primaryimage"},"thumbnailUrl":"https:\/\/www.autojm.fr\/blog\/wp-content\/uploads\/2023\/02\/Volkswagen-Tiguan.jpg","datePublished":"2023-02-27T12:43:05+00:00","dateModified":"2024-06-07T14:21:23+00:00","description":"Apr\u00e8s une ann\u00e9e 2022 marqu\u00e9e par un recul des ventes de v\u00e9hicules neufs sur le march\u00e9 automobile en France, 2023 devrait \u00eatre riche en...","breadcrumb":{"@id":"https:\/\/www.autojm.fr\/blog\/les-nouveautes-attendues-en-2023\/#breadcrumb"},"inLanguage":"fr-FR","potentialAction":[{"@type":"ReadAction","target":["https:\/\/www.autojm.fr\/blog\/les-nouveautes-attendues-en-2023\/"]}]},{"@type":"ImageObject","inLanguage":"fr-FR","@id":"https:\/\/www.autojm.fr\/blog\/les-nouveautes-attendues-en-2023\/#primaryimage","url":"https:\/\/www.autojm.fr\/blog\/wp-content\/uploads\/2023\/02\/Volkswagen-Tiguan.jpg","contentUrl":"https:\/\/www.autojm.fr\/blog\/wp-content\/uploads\/2023\/02\/Volkswagen-Tiguan.jpg","width":1000,"height":500,"caption":"Volkswagen Tiguan"},{"@type":"BreadcrumbList","@id":"https:\/\/www.autojm.fr\/blog\/les-nouveautes-attendues-en-2023\/#breadcrumb","itemListElement":[{"@type":"ListItem","position":1,"name":"Accueil","item":"https:\/\/www.autojm.fr\/blog\/"},{"@type":"ListItem","position":2,"name":"Actualit\u00e9 Automobile","item":"https:\/\/www.autojm.fr\/blog\/actualite-automobile\/"},{"@type":"ListItem","position":3,"name":"Les nouveaut\u00e9s attendues en 2023\u00a0"}]},{"@type":"WebSite","@id":"https:\/\/www.autojm.fr\/blog\/#website","url":"https:\/\/www.autojm.fr\/blog\/","name":"AutoJM Mag","description":"Toute l&#039;actu auto en 1 clic !","publisher":{"@id":"https:\/\/www.autojm.fr\/blog\/#organization"},"potentialAction":[{"@type":"SearchAction","target":{"@type":"EntryPoint","urlTemplate":"https:\/\/www.autojm.fr\/blog\/?s={search_term_string}"},"query-input":{"@type":"PropertyValueSpecification","valueRequired":true,"valueName":"search_term_string"}}],"inLanguage":"fr-FR"},{"@type":"Organization","@id":"https:\/\/www.autojm.fr\/blog\/#organization","name":"AutoJM Mag","url":"https:\/\/www.autojm.fr\/blog\/","logo":{"@type":"ImageObject","inLanguage":"fr-FR","@id":"https:\/\/www.autojm.fr\/blog\/#\/schema\/logo\/image\/","url":"https:\/\/www.autojm.fr\/blog\/wp-content\/uploads\/2022\/12\/cropped-AutoJMag-png.png","contentUrl":"https:\/\/www.autojm.fr\/blog\/wp-content\/uploads\/2022\/12\/cropped-AutoJMag-png.png","width":2834,"height":585,"caption":"AutoJM Mag"},"image":{"@id":"https:\/\/www.autojm.fr\/blog\/#\/schema\/logo\/image\/"},"sameAs":["https:\/\/www.facebook.com\/AutoJM25"]},{"@type":"Person","@id":"https:\/\/www.autojm.fr\/blog\/#\/schema\/person\/1cc83a91548d88a62eb8cf06f562a72c","name":"Justine Tripard","image":{"@type":"ImageObject","inLanguage":"fr-FR","@id":"https:\/\/secure.gravatar.com\/avatar\/b8b45209a4cf0b7b127b9238ec348090e7302306d2485eeaab17b6761fe84991?s=96&d=mm&r=g","url":"https:\/\/secure.gravatar.com\/avatar\/b8b45209a4cf0b7b127b9238ec348090e7302306d2485eeaab17b6761fe84991?s=96&d=mm&r=g","contentUrl":"https:\/\/secure.gravatar.com\/avatar\/b8b45209a4cf0b7b127b9238ec348090e7302306d2485eeaab17b6761fe84991?s=96&d=mm&r=g","caption":"Justine Tripard"},"url":"https:\/\/www.autojm.fr\/blog\/author\/justine\/"}]}},"_links":{"self":[{"href":"https:\/\/www.autojm.fr\/blog\/wp-json\/wp\/v2\/posts\/8637","targetHints":{"allow":["GET"]}}],"collection":[{"href":"https:\/\/www.autojm.fr\/blog\/wp-json\/wp\/v2\/posts"}],"about":[{"href":"https:\/\/www.autojm.fr\/blog\/wp-json\/wp\/v2\/types\/post"}],"author":[{"embeddable":true,"href":"https:\/\/www.autojm.fr\/blog\/wp-json\/wp\/v2\/users\/6"}],"replies":[{"embeddable":true,"href":"https:\/\/www.autojm.fr\/blog\/wp-json\/wp\/v2\/comments?post=8637"}],"version-history":[{"count":4,"href":"https:\/\/www.autojm.fr\/blog\/wp-json\/wp\/v2\/posts\/8637\/revisions"}],"predecessor-version":[{"id":11720,"href":"https:\/\/www.autojm.fr\/blog\/wp-json\/wp\/v2\/posts\/8637\/revisions\/11720"}],"wp:featuredmedia":[{"embeddable":true,"href":"https:\/\/www.autojm.fr\/blog\/wp-json\/wp\/v2\/media\/8639"}],"wp:attachment":[{"href":"https:\/\/www.autojm.fr\/blog\/wp-json\/wp\/v2\/media?parent=8637"}],"wp:term":[{"taxonomy":"category","embeddable":true,"href":"https:\/\/www.autojm.fr\/blog\/wp-json\/wp\/v2\/categories?post=8637"},{"taxonomy":"post_tag","embeddable":true,"href":"https:\/\/www.autojm.fr\/blog\/wp-json\/wp\/v2\/tags?post=8637"}],"curies":[{"name":"wp","href":"https:\/\/api.w.org\/{rel}","templated":true}]}}