{"id":8475,"date":"2023-02-08T10:35:59","date_gmt":"2023-02-08T10:35:59","guid":{"rendered":"https:\/\/www.autojm.fr\/blog\/?p=8475"},"modified":"2023-02-08T10:35:59","modified_gmt":"2023-02-08T10:35:59","slug":"le-bigster-pret-a-completer-la-gamme-dacia","status":"publish","type":"post","link":"https:\/\/www.autojm.fr\/blog\/le-bigster-pret-a-completer-la-gamme-dacia\/","title":{"rendered":"Le Bigster pr\u00eat \u00e0 compl\u00e9ter la gamme Dacia\u00a0"},"content":{"rendered":"","protected":false},"excerpt":{"rendered":"<p>Dans le cadre de la strat\u00e9gie Renaulution, la filiale du groupe fran\u00e7ais Dacia travaille sur le lancement d\u2019un futur grand SUV qui pourrait intervenir en 2024. Le mod\u00e8le Dacia Bigster devrait \u00eatre synonyme de nouveau d\u00e9part pour la marque roumaine aux c\u00f4t\u00e9s de la nouvelle g\u00e9n\u00e9ration du Dacia Duster. <\/p>\n","protected":false},"author":6,"featured_media":8477,"comment_status":"open","ping_status":"open","sticky":false,"template":"","format":"standard","meta":{"_acf_changed":false,"content-type":"","footnotes":""},"categories":[263],"tags":[90,74,155],"class_list":["post-8475","post","type-post","status-publish","format-standard","has-post-thumbnail","hentry","category-nouveaute-dacia","tag-autojm","tag-dacia","tag-dacia-duster"],"acf":[],"yoast_head":"<!-- This site is optimized with the Yoast SEO plugin v27.5 - https:\/\/yoast.com\/product\/yoast-seo-wordpress\/ -->\n<title>Le Bigster pr\u00eat \u00e0 compl\u00e9ter la gamme Dacia\u00a0 - AutoJM Mag<\/title>\n<meta name=\"description\" content=\"Dans le cadre de la strat\u00e9gie Renaulution, la filiale du groupe fran\u00e7ais Dacia travaille sur le lancement d\u2019un futur grand SUV qui pourrait...\" \/>\n<meta name=\"robots\" content=\"index, follow, max-snippet:-1, max-image-preview:large, max-video-preview:-1\" \/>\n<link rel=\"canonical\" href=\"https:\/\/www.autojm.fr\/blog\/le-bigster-pret-a-completer-la-gamme-dacia\/\" \/>\n<meta property=\"og:locale\" content=\"fr_FR\" \/>\n<meta property=\"og:type\" content=\"article\" \/>\n<meta property=\"og:title\" content=\"Le Bigster pr\u00eat \u00e0 compl\u00e9ter la gamme Dacia\u00a0 - AutoJM Mag\" \/>\n<meta property=\"og:description\" content=\"Dans le cadre de la strat\u00e9gie Renaulution, la filiale du groupe fran\u00e7ais Dacia travaille sur le lancement d\u2019un futur grand SUV qui pourrait...\" \/>\n<meta property=\"og:url\" content=\"https:\/\/www.autojm.fr\/blog\/le-bigster-pret-a-completer-la-gamme-dacia\/\" \/>\n<meta property=\"og:site_name\" content=\"AutoJM Mag\" \/>\n<meta property=\"article:publisher\" content=\"https:\/\/www.facebook.com\/AutoJM25\" \/>\n<meta property=\"article:published_time\" content=\"2023-02-08T10:35:59+00:00\" \/>\n<meta property=\"og:image\" content=\"https:\/\/www.autojm.fr\/blog\/wp-content\/uploads\/2023\/02\/Dacia-Bigster.jpg\" \/>\n\t<meta property=\"og:image:width\" content=\"1000\" \/>\n\t<meta property=\"og:image:height\" content=\"500\" \/>\n\t<meta property=\"og:image:type\" content=\"image\/jpeg\" \/>\n<meta name=\"author\" content=\"Justine Tripard\" \/>\n<meta name=\"twitter:card\" content=\"summary_large_image\" \/>\n<meta name=\"twitter:label1\" content=\"\u00c9crit par\" \/>\n\t<meta name=\"twitter:data1\" content=\"Justine Tripard\" \/>\n<script type=\"application\/ld+json\" class=\"yoast-schema-graph\">{\"@context\":\"https:\\\/\\\/schema.org\",\"@graph\":[{\"@type\":\"Article\",\"@id\":\"https:\\\/\\\/www.autojm.fr\\\/blog\\\/le-bigster-pret-a-completer-la-gamme-dacia\\\/#article\",\"isPartOf\":{\"@id\":\"https:\\\/\\\/www.autojm.fr\\\/blog\\\/le-bigster-pret-a-completer-la-gamme-dacia\\\/\"},\"author\":{\"name\":\"Justine Tripard\",\"@id\":\"https:\\\/\\\/www.autojm.fr\\\/blog\\\/#\\\/schema\\\/person\\\/1cc83a91548d88a62eb8cf06f562a72c\"},\"headline\":\"Le Bigster pr\u00eat \u00e0 compl\u00e9ter la gamme Dacia\u00a0\",\"datePublished\":\"2023-02-08T10:35:59+00:00\",\"mainEntityOfPage\":{\"@id\":\"https:\\\/\\\/www.autojm.fr\\\/blog\\\/le-bigster-pret-a-completer-la-gamme-dacia\\\/\"},\"wordCount\":9,\"commentCount\":0,\"publisher\":{\"@id\":\"https:\\\/\\\/www.autojm.fr\\\/blog\\\/#organization\"},\"image\":{\"@id\":\"https:\\\/\\\/www.autojm.fr\\\/blog\\\/le-bigster-pret-a-completer-la-gamme-dacia\\\/#primaryimage\"},\"thumbnailUrl\":\"https:\\\/\\\/www.autojm.fr\\\/blog\\\/wp-content\\\/uploads\\\/2023\\\/02\\\/Dacia-Bigster.jpg\",\"keywords\":[\"autojm\",\"dacia\",\"Dacia Duster\"],\"articleSection\":[\"Nouveaut\u00e9 Dacia\"],\"inLanguage\":\"fr-FR\",\"potentialAction\":[{\"@type\":\"CommentAction\",\"name\":\"Comment\",\"target\":[\"https:\\\/\\\/www.autojm.fr\\\/blog\\\/le-bigster-pret-a-completer-la-gamme-dacia\\\/#respond\"]}]},{\"@type\":\"WebPage\",\"@id\":\"https:\\\/\\\/www.autojm.fr\\\/blog\\\/le-bigster-pret-a-completer-la-gamme-dacia\\\/\",\"url\":\"https:\\\/\\\/www.autojm.fr\\\/blog\\\/le-bigster-pret-a-completer-la-gamme-dacia\\\/\",\"name\":\"Le Bigster pr\u00eat \u00e0 compl\u00e9ter la gamme Dacia\u00a0 - AutoJM Mag\",\"isPartOf\":{\"@id\":\"https:\\\/\\\/www.autojm.fr\\\/blog\\\/#website\"},\"primaryImageOfPage\":{\"@id\":\"https:\\\/\\\/www.autojm.fr\\\/blog\\\/le-bigster-pret-a-completer-la-gamme-dacia\\\/#primaryimage\"},\"image\":{\"@id\":\"https:\\\/\\\/www.autojm.fr\\\/blog\\\/le-bigster-pret-a-completer-la-gamme-dacia\\\/#primaryimage\"},\"thumbnailUrl\":\"https:\\\/\\\/www.autojm.fr\\\/blog\\\/wp-content\\\/uploads\\\/2023\\\/02\\\/Dacia-Bigster.jpg\",\"datePublished\":\"2023-02-08T10:35:59+00:00\",\"description\":\"Dans le cadre de la strat\u00e9gie Renaulution, la filiale du groupe fran\u00e7ais Dacia travaille sur le lancement d\u2019un futur grand SUV qui pourrait...\",\"breadcrumb\":{\"@id\":\"https:\\\/\\\/www.autojm.fr\\\/blog\\\/le-bigster-pret-a-completer-la-gamme-dacia\\\/#breadcrumb\"},\"inLanguage\":\"fr-FR\",\"potentialAction\":[{\"@type\":\"ReadAction\",\"target\":[\"https:\\\/\\\/www.autojm.fr\\\/blog\\\/le-bigster-pret-a-completer-la-gamme-dacia\\\/\"]}]},{\"@type\":\"ImageObject\",\"inLanguage\":\"fr-FR\",\"@id\":\"https:\\\/\\\/www.autojm.fr\\\/blog\\\/le-bigster-pret-a-completer-la-gamme-dacia\\\/#primaryimage\",\"url\":\"https:\\\/\\\/www.autojm.fr\\\/blog\\\/wp-content\\\/uploads\\\/2023\\\/02\\\/Dacia-Bigster.jpg\",\"contentUrl\":\"https:\\\/\\\/www.autojm.fr\\\/blog\\\/wp-content\\\/uploads\\\/2023\\\/02\\\/Dacia-Bigster.jpg\",\"width\":1000,\"height\":500,\"caption\":\"Dacia Bigster\"},{\"@type\":\"BreadcrumbList\",\"@id\":\"https:\\\/\\\/www.autojm.fr\\\/blog\\\/le-bigster-pret-a-completer-la-gamme-dacia\\\/#breadcrumb\",\"itemListElement\":[{\"@type\":\"ListItem\",\"position\":1,\"name\":\"Accueil\",\"item\":\"https:\\\/\\\/www.autojm.fr\\\/blog\\\/\"},{\"@type\":\"ListItem\",\"position\":2,\"name\":\"Nouveaut\u00e9s Autos\",\"item\":\"https:\\\/\\\/www.autojm.fr\\\/blog\\\/nouveautes-autos\\\/\"},{\"@type\":\"ListItem\",\"position\":3,\"name\":\"Nouveaut\u00e9 Dacia\",\"item\":\"https:\\\/\\\/www.autojm.fr\\\/blog\\\/nouveautes-autos\\\/nouveaute-dacia\\\/\"},{\"@type\":\"ListItem\",\"position\":4,\"name\":\"Le Bigster pr\u00eat \u00e0 compl\u00e9ter la gamme Dacia\u00a0\"}]},{\"@type\":\"WebSite\",\"@id\":\"https:\\\/\\\/www.autojm.fr\\\/blog\\\/#website\",\"url\":\"https:\\\/\\\/www.autojm.fr\\\/blog\\\/\",\"name\":\"AutoJM Mag\",\"description\":\"Toute l&#039;actu auto en 1 clic !\",\"publisher\":{\"@id\":\"https:\\\/\\\/www.autojm.fr\\\/blog\\\/#organization\"},\"potentialAction\":[{\"@type\":\"SearchAction\",\"target\":{\"@type\":\"EntryPoint\",\"urlTemplate\":\"https:\\\/\\\/www.autojm.fr\\\/blog\\\/?s={search_term_string}\"},\"query-input\":{\"@type\":\"PropertyValueSpecification\",\"valueRequired\":true,\"valueName\":\"search_term_string\"}}],\"inLanguage\":\"fr-FR\"},{\"@type\":\"Organization\",\"@id\":\"https:\\\/\\\/www.autojm.fr\\\/blog\\\/#organization\",\"name\":\"AutoJM Mag\",\"url\":\"https:\\\/\\\/www.autojm.fr\\\/blog\\\/\",\"logo\":{\"@type\":\"ImageObject\",\"inLanguage\":\"fr-FR\",\"@id\":\"https:\\\/\\\/www.autojm.fr\\\/blog\\\/#\\\/schema\\\/logo\\\/image\\\/\",\"url\":\"https:\\\/\\\/www.autojm.fr\\\/blog\\\/wp-content\\\/uploads\\\/2022\\\/12\\\/cropped-AutoJMag-png.png\",\"contentUrl\":\"https:\\\/\\\/www.autojm.fr\\\/blog\\\/wp-content\\\/uploads\\\/2022\\\/12\\\/cropped-AutoJMag-png.png\",\"width\":2834,\"height\":585,\"caption\":\"AutoJM Mag\"},\"image\":{\"@id\":\"https:\\\/\\\/www.autojm.fr\\\/blog\\\/#\\\/schema\\\/logo\\\/image\\\/\"},\"sameAs\":[\"https:\\\/\\\/www.facebook.com\\\/AutoJM25\"]},{\"@type\":\"Person\",\"@id\":\"https:\\\/\\\/www.autojm.fr\\\/blog\\\/#\\\/schema\\\/person\\\/1cc83a91548d88a62eb8cf06f562a72c\",\"name\":\"Justine Tripard\",\"image\":{\"@type\":\"ImageObject\",\"inLanguage\":\"fr-FR\",\"@id\":\"https:\\\/\\\/secure.gravatar.com\\\/avatar\\\/b8b45209a4cf0b7b127b9238ec348090e7302306d2485eeaab17b6761fe84991?s=96&d=mm&r=g\",\"url\":\"https:\\\/\\\/secure.gravatar.com\\\/avatar\\\/b8b45209a4cf0b7b127b9238ec348090e7302306d2485eeaab17b6761fe84991?s=96&d=mm&r=g\",\"contentUrl\":\"https:\\\/\\\/secure.gravatar.com\\\/avatar\\\/b8b45209a4cf0b7b127b9238ec348090e7302306d2485eeaab17b6761fe84991?s=96&d=mm&r=g\",\"caption\":\"Justine Tripard\"},\"url\":\"https:\\\/\\\/www.autojm.fr\\\/blog\\\/author\\\/justine\\\/\"}]}<\/script>\n<!-- \/ Yoast SEO plugin. -->","yoast_head_json":{"title":"Le Bigster pr\u00eat \u00e0 compl\u00e9ter la gamme Dacia\u00a0 - AutoJM Mag","description":"Dans le cadre de la strat\u00e9gie Renaulution, la filiale du groupe fran\u00e7ais Dacia travaille sur le lancement d\u2019un futur grand SUV qui pourrait...","robots":{"index":"index","follow":"follow","max-snippet":"max-snippet:-1","max-image-preview":"max-image-preview:large","max-video-preview":"max-video-preview:-1"},"canonical":"https:\/\/www.autojm.fr\/blog\/le-bigster-pret-a-completer-la-gamme-dacia\/","og_locale":"fr_FR","og_type":"article","og_title":"Le Bigster pr\u00eat \u00e0 compl\u00e9ter la gamme Dacia\u00a0 - AutoJM Mag","og_description":"Dans le cadre de la strat\u00e9gie Renaulution, la filiale du groupe fran\u00e7ais Dacia travaille sur le lancement d\u2019un futur grand SUV qui pourrait...","og_url":"https:\/\/www.autojm.fr\/blog\/le-bigster-pret-a-completer-la-gamme-dacia\/","og_site_name":"AutoJM Mag","article_publisher":"https:\/\/www.facebook.com\/AutoJM25","article_published_time":"2023-02-08T10:35:59+00:00","og_image":[{"width":1000,"height":500,"url":"https:\/\/www.autojm.fr\/blog\/wp-content\/uploads\/2023\/02\/Dacia-Bigster.jpg","type":"image\/jpeg"}],"author":"Justine Tripard","twitter_card":"summary_large_image","twitter_misc":{"\u00c9crit par":"Justine Tripard"},"schema":{"@context":"https:\/\/schema.org","@graph":[{"@type":"Article","@id":"https:\/\/www.autojm.fr\/blog\/le-bigster-pret-a-completer-la-gamme-dacia\/#article","isPartOf":{"@id":"https:\/\/www.autojm.fr\/blog\/le-bigster-pret-a-completer-la-gamme-dacia\/"},"author":{"name":"Justine Tripard","@id":"https:\/\/www.autojm.fr\/blog\/#\/schema\/person\/1cc83a91548d88a62eb8cf06f562a72c"},"headline":"Le Bigster pr\u00eat \u00e0 compl\u00e9ter la gamme Dacia\u00a0","datePublished":"2023-02-08T10:35:59+00:00","mainEntityOfPage":{"@id":"https:\/\/www.autojm.fr\/blog\/le-bigster-pret-a-completer-la-gamme-dacia\/"},"wordCount":9,"commentCount":0,"publisher":{"@id":"https:\/\/www.autojm.fr\/blog\/#organization"},"image":{"@id":"https:\/\/www.autojm.fr\/blog\/le-bigster-pret-a-completer-la-gamme-dacia\/#primaryimage"},"thumbnailUrl":"https:\/\/www.autojm.fr\/blog\/wp-content\/uploads\/2023\/02\/Dacia-Bigster.jpg","keywords":["autojm","dacia","Dacia Duster"],"articleSection":["Nouveaut\u00e9 Dacia"],"inLanguage":"fr-FR","potentialAction":[{"@type":"CommentAction","name":"Comment","target":["https:\/\/www.autojm.fr\/blog\/le-bigster-pret-a-completer-la-gamme-dacia\/#respond"]}]},{"@type":"WebPage","@id":"https:\/\/www.autojm.fr\/blog\/le-bigster-pret-a-completer-la-gamme-dacia\/","url":"https:\/\/www.autojm.fr\/blog\/le-bigster-pret-a-completer-la-gamme-dacia\/","name":"Le Bigster pr\u00eat \u00e0 compl\u00e9ter la gamme Dacia\u00a0 - AutoJM Mag","isPartOf":{"@id":"https:\/\/www.autojm.fr\/blog\/#website"},"primaryImageOfPage":{"@id":"https:\/\/www.autojm.fr\/blog\/le-bigster-pret-a-completer-la-gamme-dacia\/#primaryimage"},"image":{"@id":"https:\/\/www.autojm.fr\/blog\/le-bigster-pret-a-completer-la-gamme-dacia\/#primaryimage"},"thumbnailUrl":"https:\/\/www.autojm.fr\/blog\/wp-content\/uploads\/2023\/02\/Dacia-Bigster.jpg","datePublished":"2023-02-08T10:35:59+00:00","description":"Dans le cadre de la strat\u00e9gie Renaulution, la filiale du groupe fran\u00e7ais Dacia travaille sur le lancement d\u2019un futur grand SUV qui pourrait...","breadcrumb":{"@id":"https:\/\/www.autojm.fr\/blog\/le-bigster-pret-a-completer-la-gamme-dacia\/#breadcrumb"},"inLanguage":"fr-FR","potentialAction":[{"@type":"ReadAction","target":["https:\/\/www.autojm.fr\/blog\/le-bigster-pret-a-completer-la-gamme-dacia\/"]}]},{"@type":"ImageObject","inLanguage":"fr-FR","@id":"https:\/\/www.autojm.fr\/blog\/le-bigster-pret-a-completer-la-gamme-dacia\/#primaryimage","url":"https:\/\/www.autojm.fr\/blog\/wp-content\/uploads\/2023\/02\/Dacia-Bigster.jpg","contentUrl":"https:\/\/www.autojm.fr\/blog\/wp-content\/uploads\/2023\/02\/Dacia-Bigster.jpg","width":1000,"height":500,"caption":"Dacia Bigster"},{"@type":"BreadcrumbList","@id":"https:\/\/www.autojm.fr\/blog\/le-bigster-pret-a-completer-la-gamme-dacia\/#breadcrumb","itemListElement":[{"@type":"ListItem","position":1,"name":"Accueil","item":"https:\/\/www.autojm.fr\/blog\/"},{"@type":"ListItem","position":2,"name":"Nouveaut\u00e9s Autos","item":"https:\/\/www.autojm.fr\/blog\/nouveautes-autos\/"},{"@type":"ListItem","position":3,"name":"Nouveaut\u00e9 Dacia","item":"https:\/\/www.autojm.fr\/blog\/nouveautes-autos\/nouveaute-dacia\/"},{"@type":"ListItem","position":4,"name":"Le Bigster pr\u00eat \u00e0 compl\u00e9ter la gamme Dacia\u00a0"}]},{"@type":"WebSite","@id":"https:\/\/www.autojm.fr\/blog\/#website","url":"https:\/\/www.autojm.fr\/blog\/","name":"AutoJM Mag","description":"Toute l&#039;actu auto en 1 clic !","publisher":{"@id":"https:\/\/www.autojm.fr\/blog\/#organization"},"potentialAction":[{"@type":"SearchAction","target":{"@type":"EntryPoint","urlTemplate":"https:\/\/www.autojm.fr\/blog\/?s={search_term_string}"},"query-input":{"@type":"PropertyValueSpecification","valueRequired":true,"valueName":"search_term_string"}}],"inLanguage":"fr-FR"},{"@type":"Organization","@id":"https:\/\/www.autojm.fr\/blog\/#organization","name":"AutoJM Mag","url":"https:\/\/www.autojm.fr\/blog\/","logo":{"@type":"ImageObject","inLanguage":"fr-FR","@id":"https:\/\/www.autojm.fr\/blog\/#\/schema\/logo\/image\/","url":"https:\/\/www.autojm.fr\/blog\/wp-content\/uploads\/2022\/12\/cropped-AutoJMag-png.png","contentUrl":"https:\/\/www.autojm.fr\/blog\/wp-content\/uploads\/2022\/12\/cropped-AutoJMag-png.png","width":2834,"height":585,"caption":"AutoJM Mag"},"image":{"@id":"https:\/\/www.autojm.fr\/blog\/#\/schema\/logo\/image\/"},"sameAs":["https:\/\/www.facebook.com\/AutoJM25"]},{"@type":"Person","@id":"https:\/\/www.autojm.fr\/blog\/#\/schema\/person\/1cc83a91548d88a62eb8cf06f562a72c","name":"Justine Tripard","image":{"@type":"ImageObject","inLanguage":"fr-FR","@id":"https:\/\/secure.gravatar.com\/avatar\/b8b45209a4cf0b7b127b9238ec348090e7302306d2485eeaab17b6761fe84991?s=96&d=mm&r=g","url":"https:\/\/secure.gravatar.com\/avatar\/b8b45209a4cf0b7b127b9238ec348090e7302306d2485eeaab17b6761fe84991?s=96&d=mm&r=g","contentUrl":"https:\/\/secure.gravatar.com\/avatar\/b8b45209a4cf0b7b127b9238ec348090e7302306d2485eeaab17b6761fe84991?s=96&d=mm&r=g","caption":"Justine Tripard"},"url":"https:\/\/www.autojm.fr\/blog\/author\/justine\/"}]}},"_links":{"self":[{"href":"https:\/\/www.autojm.fr\/blog\/wp-json\/wp\/v2\/posts\/8475","targetHints":{"allow":["GET"]}}],"collection":[{"href":"https:\/\/www.autojm.fr\/blog\/wp-json\/wp\/v2\/posts"}],"about":[{"href":"https:\/\/www.autojm.fr\/blog\/wp-json\/wp\/v2\/types\/post"}],"author":[{"embeddable":true,"href":"https:\/\/www.autojm.fr\/blog\/wp-json\/wp\/v2\/users\/6"}],"replies":[{"embeddable":true,"href":"https:\/\/www.autojm.fr\/blog\/wp-json\/wp\/v2\/comments?post=8475"}],"version-history":[{"count":2,"href":"https:\/\/www.autojm.fr\/blog\/wp-json\/wp\/v2\/posts\/8475\/revisions"}],"predecessor-version":[{"id":8483,"href":"https:\/\/www.autojm.fr\/blog\/wp-json\/wp\/v2\/posts\/8475\/revisions\/8483"}],"wp:featuredmedia":[{"embeddable":true,"href":"https:\/\/www.autojm.fr\/blog\/wp-json\/wp\/v2\/media\/8477"}],"wp:attachment":[{"href":"https:\/\/www.autojm.fr\/blog\/wp-json\/wp\/v2\/media?parent=8475"}],"wp:term":[{"taxonomy":"category","embeddable":true,"href":"https:\/\/www.autojm.fr\/blog\/wp-json\/wp\/v2\/categories?post=8475"},{"taxonomy":"post_tag","embeddable":true,"href":"https:\/\/www.autojm.fr\/blog\/wp-json\/wp\/v2\/tags?post=8475"}],"curies":[{"name":"wp","href":"https:\/\/api.w.org\/{rel}","templated":true}]}}