{"id":8366,"date":"2023-01-27T08:12:28","date_gmt":"2023-01-27T08:12:28","guid":{"rendered":"https:\/\/www.autojm.fr\/blog\/?p=8366"},"modified":"2023-06-20T12:02:43","modified_gmt":"2023-06-20T12:02:43","slug":"le-pret-a-taux-zero-pour-lachat-dun-vehicule-peu-polluant","status":"publish","type":"post","link":"https:\/\/www.autojm.fr\/blog\/le-pret-a-taux-zero-pour-lachat-dun-vehicule-peu-polluant\/","title":{"rendered":"Le pr\u00eat \u00e0 taux z\u00e9ro pour l&rsquo;achat d&rsquo;un v\u00e9hicule peu polluant"},"content":{"rendered":"","protected":false},"excerpt":{"rendered":"<p>Avec le d\u00e9veloppement des Zones \u00e0 Faibles \u00c9missions (ZFE), les v\u00e9hicules \u00e9lectriques, hybrides et hybrides rechargeables sont de plus en plus populaires. Mais comment financer l\u2019achat d\u2019un v\u00e9hicule peu polluant ? Le pr\u00eat \u00e0 taux z\u00e9ro est une solution int\u00e9ressante pour les m\u00e9nages modestes et les familles nombreuses. D\u00e9couvrez dans cet article les avantages et les conditions pour b\u00e9n\u00e9ficier d\u2019un cr\u00e9dit \u00e0 taux z\u00e9ro. Une exp\u00e9rimentation lanc\u00e9e par le Gouvernement et applicable depuis le 1er janvier 2023. <\/p>\n","protected":false},"author":6,"featured_media":8368,"comment_status":"open","ping_status":"open","sticky":false,"template":"","format":"standard","meta":{"_acf_changed":false,"content-type":"","footnotes":""},"categories":[22,347],"tags":[90,85,74,105,110,109,259,106,108,107,73,78,169,96],"class_list":["post-8366","post","type-post","status-publish","format-standard","has-post-thumbnail","hentry","category-conseils-astuces","category-conseils-voitures-propres","tag-autojm","tag-citroen-2","tag-dacia","tag-ds","tag-fiat","tag-ford","tag-hyundai","tag-kia","tag-nissan","tag-opel","tag-peugeot","tag-renault","tag-toyota","tag-volkswagen"],"acf":[],"yoast_head":"<!-- This site is optimized with the Yoast SEO plugin v27.5 - https:\/\/yoast.com\/product\/yoast-seo-wordpress\/ -->\n<title>Le pr\u00eat \u00e0 taux z\u00e9ro pour l&#039;achat d&#039;un v\u00e9hicule peu polluant<\/title>\n<meta name=\"description\" content=\"Avec le d\u00e9veloppement des Zones \u00e0 Faibles \u00c9missions (ZFE), les v\u00e9hicules \u00e9lectriques, hybrides et hybrides rechargeables sont de plus en...\" \/>\n<meta name=\"robots\" content=\"index, follow, max-snippet:-1, max-image-preview:large, max-video-preview:-1\" \/>\n<link rel=\"canonical\" href=\"https:\/\/www.autojm.fr\/blog\/le-pret-a-taux-zero-pour-lachat-dun-vehicule-peu-polluant\/\" \/>\n<meta property=\"og:locale\" content=\"fr_FR\" \/>\n<meta property=\"og:type\" content=\"article\" \/>\n<meta property=\"og:title\" content=\"Le pr\u00eat \u00e0 taux z\u00e9ro pour l&#039;achat d&#039;un v\u00e9hicule peu polluant\" \/>\n<meta property=\"og:description\" content=\"Avec le d\u00e9veloppement des Zones \u00e0 Faibles \u00c9missions (ZFE), les v\u00e9hicules \u00e9lectriques, hybrides et hybrides rechargeables sont de plus en...\" \/>\n<meta property=\"og:url\" content=\"https:\/\/www.autojm.fr\/blog\/le-pret-a-taux-zero-pour-lachat-dun-vehicule-peu-polluant\/\" \/>\n<meta property=\"og:site_name\" content=\"AutoJM Mag\" \/>\n<meta property=\"article:publisher\" content=\"https:\/\/www.facebook.com\/AutoJM25\" \/>\n<meta property=\"article:published_time\" content=\"2023-01-27T08:12:28+00:00\" \/>\n<meta property=\"article:modified_time\" content=\"2023-06-20T12:02:43+00:00\" \/>\n<meta property=\"og:image\" content=\"https:\/\/www.autojm.fr\/blog\/wp-content\/uploads\/2023\/01\/Pret-a-taux-zero.jpg\" \/>\n\t<meta property=\"og:image:width\" content=\"1000\" \/>\n\t<meta property=\"og:image:height\" content=\"500\" \/>\n\t<meta property=\"og:image:type\" content=\"image\/jpeg\" \/>\n<meta name=\"author\" content=\"Justine Tripard\" \/>\n<meta name=\"twitter:card\" content=\"summary_large_image\" \/>\n<meta name=\"twitter:label1\" content=\"\u00c9crit par\" \/>\n\t<meta name=\"twitter:data1\" content=\"Justine Tripard\" \/>\n<script type=\"application\/ld+json\" class=\"yoast-schema-graph\">{\"@context\":\"https:\\\/\\\/schema.org\",\"@graph\":[{\"@type\":\"Article\",\"@id\":\"https:\\\/\\\/www.autojm.fr\\\/blog\\\/le-pret-a-taux-zero-pour-lachat-dun-vehicule-peu-polluant\\\/#article\",\"isPartOf\":{\"@id\":\"https:\\\/\\\/www.autojm.fr\\\/blog\\\/le-pret-a-taux-zero-pour-lachat-dun-vehicule-peu-polluant\\\/\"},\"author\":{\"name\":\"Justine Tripard\",\"@id\":\"https:\\\/\\\/www.autojm.fr\\\/blog\\\/#\\\/schema\\\/person\\\/1cc83a91548d88a62eb8cf06f562a72c\"},\"headline\":\"Le pr\u00eat \u00e0 taux z\u00e9ro pour l&rsquo;achat d&rsquo;un v\u00e9hicule peu polluant\",\"datePublished\":\"2023-01-27T08:12:28+00:00\",\"dateModified\":\"2023-06-20T12:02:43+00:00\",\"mainEntityOfPage\":{\"@id\":\"https:\\\/\\\/www.autojm.fr\\\/blog\\\/le-pret-a-taux-zero-pour-lachat-dun-vehicule-peu-polluant\\\/\"},\"wordCount\":13,\"commentCount\":0,\"publisher\":{\"@id\":\"https:\\\/\\\/www.autojm.fr\\\/blog\\\/#organization\"},\"image\":{\"@id\":\"https:\\\/\\\/www.autojm.fr\\\/blog\\\/le-pret-a-taux-zero-pour-lachat-dun-vehicule-peu-polluant\\\/#primaryimage\"},\"thumbnailUrl\":\"https:\\\/\\\/www.autojm.fr\\\/blog\\\/wp-content\\\/uploads\\\/2023\\\/01\\\/Pret-a-taux-zero.jpg\",\"keywords\":[\"autojm\",\"Citro\u00ebn\",\"dacia\",\"DS\",\"Fiat\",\"Ford\",\"Hyundai\",\"Kia\",\"Nissan\",\"Opel\",\"peugeot\",\"renault\",\"Toyota\",\"Volkswagen\"],\"articleSection\":[\"Conseils &amp; Astuces\",\"Conseils voitures propres\"],\"inLanguage\":\"fr-FR\",\"potentialAction\":[{\"@type\":\"CommentAction\",\"name\":\"Comment\",\"target\":[\"https:\\\/\\\/www.autojm.fr\\\/blog\\\/le-pret-a-taux-zero-pour-lachat-dun-vehicule-peu-polluant\\\/#respond\"]}]},{\"@type\":\"WebPage\",\"@id\":\"https:\\\/\\\/www.autojm.fr\\\/blog\\\/le-pret-a-taux-zero-pour-lachat-dun-vehicule-peu-polluant\\\/\",\"url\":\"https:\\\/\\\/www.autojm.fr\\\/blog\\\/le-pret-a-taux-zero-pour-lachat-dun-vehicule-peu-polluant\\\/\",\"name\":\"Le pr\u00eat \u00e0 taux z\u00e9ro pour l'achat d'un v\u00e9hicule peu polluant\",\"isPartOf\":{\"@id\":\"https:\\\/\\\/www.autojm.fr\\\/blog\\\/#website\"},\"primaryImageOfPage\":{\"@id\":\"https:\\\/\\\/www.autojm.fr\\\/blog\\\/le-pret-a-taux-zero-pour-lachat-dun-vehicule-peu-polluant\\\/#primaryimage\"},\"image\":{\"@id\":\"https:\\\/\\\/www.autojm.fr\\\/blog\\\/le-pret-a-taux-zero-pour-lachat-dun-vehicule-peu-polluant\\\/#primaryimage\"},\"thumbnailUrl\":\"https:\\\/\\\/www.autojm.fr\\\/blog\\\/wp-content\\\/uploads\\\/2023\\\/01\\\/Pret-a-taux-zero.jpg\",\"datePublished\":\"2023-01-27T08:12:28+00:00\",\"dateModified\":\"2023-06-20T12:02:43+00:00\",\"description\":\"Avec le d\u00e9veloppement des Zones \u00e0 Faibles \u00c9missions (ZFE), les v\u00e9hicules \u00e9lectriques, hybrides et hybrides rechargeables sont de plus en...\",\"breadcrumb\":{\"@id\":\"https:\\\/\\\/www.autojm.fr\\\/blog\\\/le-pret-a-taux-zero-pour-lachat-dun-vehicule-peu-polluant\\\/#breadcrumb\"},\"inLanguage\":\"fr-FR\",\"potentialAction\":[{\"@type\":\"ReadAction\",\"target\":[\"https:\\\/\\\/www.autojm.fr\\\/blog\\\/le-pret-a-taux-zero-pour-lachat-dun-vehicule-peu-polluant\\\/\"]}]},{\"@type\":\"ImageObject\",\"inLanguage\":\"fr-FR\",\"@id\":\"https:\\\/\\\/www.autojm.fr\\\/blog\\\/le-pret-a-taux-zero-pour-lachat-dun-vehicule-peu-polluant\\\/#primaryimage\",\"url\":\"https:\\\/\\\/www.autojm.fr\\\/blog\\\/wp-content\\\/uploads\\\/2023\\\/01\\\/Pret-a-taux-zero.jpg\",\"contentUrl\":\"https:\\\/\\\/www.autojm.fr\\\/blog\\\/wp-content\\\/uploads\\\/2023\\\/01\\\/Pret-a-taux-zero.jpg\",\"width\":1000,\"height\":500,\"caption\":\"Pr\u00eat \u00e0 taux z\u00e9ro\"},{\"@type\":\"BreadcrumbList\",\"@id\":\"https:\\\/\\\/www.autojm.fr\\\/blog\\\/le-pret-a-taux-zero-pour-lachat-dun-vehicule-peu-polluant\\\/#breadcrumb\",\"itemListElement\":[{\"@type\":\"ListItem\",\"position\":1,\"name\":\"Accueil\",\"item\":\"https:\\\/\\\/www.autojm.fr\\\/blog\\\/\"},{\"@type\":\"ListItem\",\"position\":2,\"name\":\"Conseils &amp; Astuces\",\"item\":\"https:\\\/\\\/www.autojm.fr\\\/blog\\\/conseils-astuces\\\/\"},{\"@type\":\"ListItem\",\"position\":3,\"name\":\"Le pr\u00eat \u00e0 taux z\u00e9ro pour l&rsquo;achat d&rsquo;un v\u00e9hicule peu polluant\"}]},{\"@type\":\"WebSite\",\"@id\":\"https:\\\/\\\/www.autojm.fr\\\/blog\\\/#website\",\"url\":\"https:\\\/\\\/www.autojm.fr\\\/blog\\\/\",\"name\":\"AutoJM Mag\",\"description\":\"Toute l&#039;actu auto en 1 clic !\",\"publisher\":{\"@id\":\"https:\\\/\\\/www.autojm.fr\\\/blog\\\/#organization\"},\"potentialAction\":[{\"@type\":\"SearchAction\",\"target\":{\"@type\":\"EntryPoint\",\"urlTemplate\":\"https:\\\/\\\/www.autojm.fr\\\/blog\\\/?s={search_term_string}\"},\"query-input\":{\"@type\":\"PropertyValueSpecification\",\"valueRequired\":true,\"valueName\":\"search_term_string\"}}],\"inLanguage\":\"fr-FR\"},{\"@type\":\"Organization\",\"@id\":\"https:\\\/\\\/www.autojm.fr\\\/blog\\\/#organization\",\"name\":\"AutoJM Mag\",\"url\":\"https:\\\/\\\/www.autojm.fr\\\/blog\\\/\",\"logo\":{\"@type\":\"ImageObject\",\"inLanguage\":\"fr-FR\",\"@id\":\"https:\\\/\\\/www.autojm.fr\\\/blog\\\/#\\\/schema\\\/logo\\\/image\\\/\",\"url\":\"https:\\\/\\\/www.autojm.fr\\\/blog\\\/wp-content\\\/uploads\\\/2022\\\/12\\\/cropped-AutoJMag-png.png\",\"contentUrl\":\"https:\\\/\\\/www.autojm.fr\\\/blog\\\/wp-content\\\/uploads\\\/2022\\\/12\\\/cropped-AutoJMag-png.png\",\"width\":2834,\"height\":585,\"caption\":\"AutoJM Mag\"},\"image\":{\"@id\":\"https:\\\/\\\/www.autojm.fr\\\/blog\\\/#\\\/schema\\\/logo\\\/image\\\/\"},\"sameAs\":[\"https:\\\/\\\/www.facebook.com\\\/AutoJM25\"]},{\"@type\":\"Person\",\"@id\":\"https:\\\/\\\/www.autojm.fr\\\/blog\\\/#\\\/schema\\\/person\\\/1cc83a91548d88a62eb8cf06f562a72c\",\"name\":\"Justine Tripard\",\"image\":{\"@type\":\"ImageObject\",\"inLanguage\":\"fr-FR\",\"@id\":\"https:\\\/\\\/secure.gravatar.com\\\/avatar\\\/b8b45209a4cf0b7b127b9238ec348090e7302306d2485eeaab17b6761fe84991?s=96&d=mm&r=g\",\"url\":\"https:\\\/\\\/secure.gravatar.com\\\/avatar\\\/b8b45209a4cf0b7b127b9238ec348090e7302306d2485eeaab17b6761fe84991?s=96&d=mm&r=g\",\"contentUrl\":\"https:\\\/\\\/secure.gravatar.com\\\/avatar\\\/b8b45209a4cf0b7b127b9238ec348090e7302306d2485eeaab17b6761fe84991?s=96&d=mm&r=g\",\"caption\":\"Justine Tripard\"},\"url\":\"https:\\\/\\\/www.autojm.fr\\\/blog\\\/author\\\/justine\\\/\"}]}<\/script>\n<!-- \/ Yoast SEO plugin. -->","yoast_head_json":{"title":"Le pr\u00eat \u00e0 taux z\u00e9ro pour l'achat d'un v\u00e9hicule peu polluant","description":"Avec le d\u00e9veloppement des Zones \u00e0 Faibles \u00c9missions (ZFE), les v\u00e9hicules \u00e9lectriques, hybrides et hybrides rechargeables sont de plus en...","robots":{"index":"index","follow":"follow","max-snippet":"max-snippet:-1","max-image-preview":"max-image-preview:large","max-video-preview":"max-video-preview:-1"},"canonical":"https:\/\/www.autojm.fr\/blog\/le-pret-a-taux-zero-pour-lachat-dun-vehicule-peu-polluant\/","og_locale":"fr_FR","og_type":"article","og_title":"Le pr\u00eat \u00e0 taux z\u00e9ro pour l'achat d'un v\u00e9hicule peu polluant","og_description":"Avec le d\u00e9veloppement des Zones \u00e0 Faibles \u00c9missions (ZFE), les v\u00e9hicules \u00e9lectriques, hybrides et hybrides rechargeables sont de plus en...","og_url":"https:\/\/www.autojm.fr\/blog\/le-pret-a-taux-zero-pour-lachat-dun-vehicule-peu-polluant\/","og_site_name":"AutoJM Mag","article_publisher":"https:\/\/www.facebook.com\/AutoJM25","article_published_time":"2023-01-27T08:12:28+00:00","article_modified_time":"2023-06-20T12:02:43+00:00","og_image":[{"width":1000,"height":500,"url":"https:\/\/www.autojm.fr\/blog\/wp-content\/uploads\/2023\/01\/Pret-a-taux-zero.jpg","type":"image\/jpeg"}],"author":"Justine Tripard","twitter_card":"summary_large_image","twitter_misc":{"\u00c9crit par":"Justine Tripard"},"schema":{"@context":"https:\/\/schema.org","@graph":[{"@type":"Article","@id":"https:\/\/www.autojm.fr\/blog\/le-pret-a-taux-zero-pour-lachat-dun-vehicule-peu-polluant\/#article","isPartOf":{"@id":"https:\/\/www.autojm.fr\/blog\/le-pret-a-taux-zero-pour-lachat-dun-vehicule-peu-polluant\/"},"author":{"name":"Justine Tripard","@id":"https:\/\/www.autojm.fr\/blog\/#\/schema\/person\/1cc83a91548d88a62eb8cf06f562a72c"},"headline":"Le pr\u00eat \u00e0 taux z\u00e9ro pour l&rsquo;achat d&rsquo;un v\u00e9hicule peu polluant","datePublished":"2023-01-27T08:12:28+00:00","dateModified":"2023-06-20T12:02:43+00:00","mainEntityOfPage":{"@id":"https:\/\/www.autojm.fr\/blog\/le-pret-a-taux-zero-pour-lachat-dun-vehicule-peu-polluant\/"},"wordCount":13,"commentCount":0,"publisher":{"@id":"https:\/\/www.autojm.fr\/blog\/#organization"},"image":{"@id":"https:\/\/www.autojm.fr\/blog\/le-pret-a-taux-zero-pour-lachat-dun-vehicule-peu-polluant\/#primaryimage"},"thumbnailUrl":"https:\/\/www.autojm.fr\/blog\/wp-content\/uploads\/2023\/01\/Pret-a-taux-zero.jpg","keywords":["autojm","Citro\u00ebn","dacia","DS","Fiat","Ford","Hyundai","Kia","Nissan","Opel","peugeot","renault","Toyota","Volkswagen"],"articleSection":["Conseils &amp; Astuces","Conseils voitures propres"],"inLanguage":"fr-FR","potentialAction":[{"@type":"CommentAction","name":"Comment","target":["https:\/\/www.autojm.fr\/blog\/le-pret-a-taux-zero-pour-lachat-dun-vehicule-peu-polluant\/#respond"]}]},{"@type":"WebPage","@id":"https:\/\/www.autojm.fr\/blog\/le-pret-a-taux-zero-pour-lachat-dun-vehicule-peu-polluant\/","url":"https:\/\/www.autojm.fr\/blog\/le-pret-a-taux-zero-pour-lachat-dun-vehicule-peu-polluant\/","name":"Le pr\u00eat \u00e0 taux z\u00e9ro pour l'achat d'un v\u00e9hicule peu polluant","isPartOf":{"@id":"https:\/\/www.autojm.fr\/blog\/#website"},"primaryImageOfPage":{"@id":"https:\/\/www.autojm.fr\/blog\/le-pret-a-taux-zero-pour-lachat-dun-vehicule-peu-polluant\/#primaryimage"},"image":{"@id":"https:\/\/www.autojm.fr\/blog\/le-pret-a-taux-zero-pour-lachat-dun-vehicule-peu-polluant\/#primaryimage"},"thumbnailUrl":"https:\/\/www.autojm.fr\/blog\/wp-content\/uploads\/2023\/01\/Pret-a-taux-zero.jpg","datePublished":"2023-01-27T08:12:28+00:00","dateModified":"2023-06-20T12:02:43+00:00","description":"Avec le d\u00e9veloppement des Zones \u00e0 Faibles \u00c9missions (ZFE), les v\u00e9hicules \u00e9lectriques, hybrides et hybrides rechargeables sont de plus en...","breadcrumb":{"@id":"https:\/\/www.autojm.fr\/blog\/le-pret-a-taux-zero-pour-lachat-dun-vehicule-peu-polluant\/#breadcrumb"},"inLanguage":"fr-FR","potentialAction":[{"@type":"ReadAction","target":["https:\/\/www.autojm.fr\/blog\/le-pret-a-taux-zero-pour-lachat-dun-vehicule-peu-polluant\/"]}]},{"@type":"ImageObject","inLanguage":"fr-FR","@id":"https:\/\/www.autojm.fr\/blog\/le-pret-a-taux-zero-pour-lachat-dun-vehicule-peu-polluant\/#primaryimage","url":"https:\/\/www.autojm.fr\/blog\/wp-content\/uploads\/2023\/01\/Pret-a-taux-zero.jpg","contentUrl":"https:\/\/www.autojm.fr\/blog\/wp-content\/uploads\/2023\/01\/Pret-a-taux-zero.jpg","width":1000,"height":500,"caption":"Pr\u00eat \u00e0 taux z\u00e9ro"},{"@type":"BreadcrumbList","@id":"https:\/\/www.autojm.fr\/blog\/le-pret-a-taux-zero-pour-lachat-dun-vehicule-peu-polluant\/#breadcrumb","itemListElement":[{"@type":"ListItem","position":1,"name":"Accueil","item":"https:\/\/www.autojm.fr\/blog\/"},{"@type":"ListItem","position":2,"name":"Conseils &amp; Astuces","item":"https:\/\/www.autojm.fr\/blog\/conseils-astuces\/"},{"@type":"ListItem","position":3,"name":"Le pr\u00eat \u00e0 taux z\u00e9ro pour l&rsquo;achat d&rsquo;un v\u00e9hicule peu polluant"}]},{"@type":"WebSite","@id":"https:\/\/www.autojm.fr\/blog\/#website","url":"https:\/\/www.autojm.fr\/blog\/","name":"AutoJM Mag","description":"Toute l&#039;actu auto en 1 clic !","publisher":{"@id":"https:\/\/www.autojm.fr\/blog\/#organization"},"potentialAction":[{"@type":"SearchAction","target":{"@type":"EntryPoint","urlTemplate":"https:\/\/www.autojm.fr\/blog\/?s={search_term_string}"},"query-input":{"@type":"PropertyValueSpecification","valueRequired":true,"valueName":"search_term_string"}}],"inLanguage":"fr-FR"},{"@type":"Organization","@id":"https:\/\/www.autojm.fr\/blog\/#organization","name":"AutoJM Mag","url":"https:\/\/www.autojm.fr\/blog\/","logo":{"@type":"ImageObject","inLanguage":"fr-FR","@id":"https:\/\/www.autojm.fr\/blog\/#\/schema\/logo\/image\/","url":"https:\/\/www.autojm.fr\/blog\/wp-content\/uploads\/2022\/12\/cropped-AutoJMag-png.png","contentUrl":"https:\/\/www.autojm.fr\/blog\/wp-content\/uploads\/2022\/12\/cropped-AutoJMag-png.png","width":2834,"height":585,"caption":"AutoJM Mag"},"image":{"@id":"https:\/\/www.autojm.fr\/blog\/#\/schema\/logo\/image\/"},"sameAs":["https:\/\/www.facebook.com\/AutoJM25"]},{"@type":"Person","@id":"https:\/\/www.autojm.fr\/blog\/#\/schema\/person\/1cc83a91548d88a62eb8cf06f562a72c","name":"Justine Tripard","image":{"@type":"ImageObject","inLanguage":"fr-FR","@id":"https:\/\/secure.gravatar.com\/avatar\/b8b45209a4cf0b7b127b9238ec348090e7302306d2485eeaab17b6761fe84991?s=96&d=mm&r=g","url":"https:\/\/secure.gravatar.com\/avatar\/b8b45209a4cf0b7b127b9238ec348090e7302306d2485eeaab17b6761fe84991?s=96&d=mm&r=g","contentUrl":"https:\/\/secure.gravatar.com\/avatar\/b8b45209a4cf0b7b127b9238ec348090e7302306d2485eeaab17b6761fe84991?s=96&d=mm&r=g","caption":"Justine Tripard"},"url":"https:\/\/www.autojm.fr\/blog\/author\/justine\/"}]}},"_links":{"self":[{"href":"https:\/\/www.autojm.fr\/blog\/wp-json\/wp\/v2\/posts\/8366","targetHints":{"allow":["GET"]}}],"collection":[{"href":"https:\/\/www.autojm.fr\/blog\/wp-json\/wp\/v2\/posts"}],"about":[{"href":"https:\/\/www.autojm.fr\/blog\/wp-json\/wp\/v2\/types\/post"}],"author":[{"embeddable":true,"href":"https:\/\/www.autojm.fr\/blog\/wp-json\/wp\/v2\/users\/6"}],"replies":[{"embeddable":true,"href":"https:\/\/www.autojm.fr\/blog\/wp-json\/wp\/v2\/comments?post=8366"}],"version-history":[{"count":4,"href":"https:\/\/www.autojm.fr\/blog\/wp-json\/wp\/v2\/posts\/8366\/revisions"}],"predecessor-version":[{"id":10317,"href":"https:\/\/www.autojm.fr\/blog\/wp-json\/wp\/v2\/posts\/8366\/revisions\/10317"}],"wp:featuredmedia":[{"embeddable":true,"href":"https:\/\/www.autojm.fr\/blog\/wp-json\/wp\/v2\/media\/8368"}],"wp:attachment":[{"href":"https:\/\/www.autojm.fr\/blog\/wp-json\/wp\/v2\/media?parent=8366"}],"wp:term":[{"taxonomy":"category","embeddable":true,"href":"https:\/\/www.autojm.fr\/blog\/wp-json\/wp\/v2\/categories?post=8366"},{"taxonomy":"post_tag","embeddable":true,"href":"https:\/\/www.autojm.fr\/blog\/wp-json\/wp\/v2\/tags?post=8366"}],"curies":[{"name":"wp","href":"https:\/\/api.w.org\/{rel}","templated":true}]}}