{"id":8301,"date":"2023-01-20T14:03:13","date_gmt":"2023-01-20T14:03:13","guid":{"rendered":"https:\/\/www.autojm.fr\/blog\/?p=8301"},"modified":"2024-05-30T13:06:39","modified_gmt":"2024-05-30T13:06:39","slug":"comment-immatriculer-une-voiture-suisse-en-france","status":"publish","type":"post","link":"https:\/\/www.autojm.fr\/blog\/comment-immatriculer-une-voiture-suisse-en-france\/","title":{"rendered":"Comment immatriculer une voiture suisse en France ?\u00a0"},"content":{"rendered":"","protected":false},"excerpt":{"rendered":"<p>La Suisse ne faisant pas partie de l\u2019Union Europ\u00e9enne, immatriculer un v\u00e9hicule helv\u00e9tique dans l\u2019Hexagone implique une proc\u00e9dure sp\u00e9cifique afin de constituer une demande de certificat d\u2019immatriculation fran\u00e7ais (ex carte grise). Si un v\u00e9hicule achet\u00e9 en Suisse peut s\u2019av\u00e9rer attrayant avec notamment des mod\u00e8les de faible kilom\u00e9trage g\u00e9n\u00e9ralement soign\u00e9s et bien entretenus, il existe diff\u00e9rentes \u00e9tapes avant de pouvoir obtenir le pr\u00e9cieux s\u00e9same de l\u2019autre c\u00f4t\u00e9 de la fronti\u00e8re. <\/p>\n","protected":false},"author":6,"featured_media":8303,"comment_status":"open","ping_status":"open","sticky":false,"template":"","format":"standard","meta":{"_acf_changed":false,"content-type":"","footnotes":""},"categories":[22],"tags":[333,90],"class_list":["post-8301","post","type-post","status-publish","format-standard","has-post-thumbnail","hentry","category-conseils-astuces","tag-333","tag-autojm"],"acf":[],"yoast_head":"<!-- This site is optimized with the Yoast SEO plugin v27.5 - https:\/\/yoast.com\/product\/yoast-seo-wordpress\/ -->\n<title>Comment immatriculer une voiture suisse en France ? AutoJM Mag<\/title>\n<meta name=\"description\" content=\"La Suisse ne faisant pas partie de l\u2019Union Europ\u00e9enne, immatriculer un v\u00e9hicule helv\u00e9tique dans l\u2019Hexagone implique une proc\u00e9dure...\" \/>\n<meta name=\"robots\" content=\"index, follow, max-snippet:-1, max-image-preview:large, max-video-preview:-1\" \/>\n<link rel=\"canonical\" href=\"https:\/\/www.autojm.fr\/blog\/comment-immatriculer-une-voiture-suisse-en-france\/\" \/>\n<meta property=\"og:locale\" content=\"fr_FR\" \/>\n<meta property=\"og:type\" content=\"article\" \/>\n<meta property=\"og:title\" content=\"Comment immatriculer une voiture suisse en France ? AutoJM Mag\" \/>\n<meta property=\"og:description\" content=\"La Suisse ne faisant pas partie de l\u2019Union Europ\u00e9enne, immatriculer un v\u00e9hicule helv\u00e9tique dans l\u2019Hexagone implique une proc\u00e9dure...\" \/>\n<meta property=\"og:url\" content=\"https:\/\/www.autojm.fr\/blog\/comment-immatriculer-une-voiture-suisse-en-france\/\" \/>\n<meta property=\"og:site_name\" content=\"AutoJM Mag\" \/>\n<meta property=\"article:publisher\" content=\"https:\/\/www.facebook.com\/AutoJM25\" \/>\n<meta property=\"article:published_time\" content=\"2023-01-20T14:03:13+00:00\" \/>\n<meta property=\"article:modified_time\" content=\"2024-05-30T13:06:39+00:00\" \/>\n<meta property=\"og:image\" content=\"https:\/\/www.autojm.fr\/blog\/wp-content\/uploads\/2023\/01\/Immatriculation.jpg\" \/>\n\t<meta property=\"og:image:width\" content=\"1200\" \/>\n\t<meta property=\"og:image:height\" content=\"626\" \/>\n\t<meta property=\"og:image:type\" content=\"image\/jpeg\" \/>\n<meta name=\"author\" content=\"Justine Tripard\" \/>\n<meta name=\"twitter:card\" content=\"summary_large_image\" \/>\n<meta name=\"twitter:label1\" content=\"\u00c9crit par\" \/>\n\t<meta name=\"twitter:data1\" content=\"Justine Tripard\" \/>\n\t<meta name=\"twitter:label2\" content=\"Dur\u00e9e de lecture estim\u00e9e\" \/>\n\t<meta name=\"twitter:data2\" content=\"5 minutes\" \/>\n<script type=\"application\/ld+json\" class=\"yoast-schema-graph\">{\"@context\":\"https:\\\/\\\/schema.org\",\"@graph\":[{\"@type\":\"Article\",\"@id\":\"https:\\\/\\\/www.autojm.fr\\\/blog\\\/comment-immatriculer-une-voiture-suisse-en-france\\\/#article\",\"isPartOf\":{\"@id\":\"https:\\\/\\\/www.autojm.fr\\\/blog\\\/comment-immatriculer-une-voiture-suisse-en-france\\\/\"},\"author\":{\"name\":\"Justine Tripard\",\"@id\":\"https:\\\/\\\/www.autojm.fr\\\/blog\\\/#\\\/schema\\\/person\\\/1cc83a91548d88a62eb8cf06f562a72c\"},\"headline\":\"Comment immatriculer une voiture suisse en France ?\u00a0\",\"datePublished\":\"2023-01-20T14:03:13+00:00\",\"dateModified\":\"2024-05-30T13:06:39+00:00\",\"mainEntityOfPage\":{\"@id\":\"https:\\\/\\\/www.autojm.fr\\\/blog\\\/comment-immatriculer-une-voiture-suisse-en-france\\\/\"},\"wordCount\":7,\"commentCount\":0,\"publisher\":{\"@id\":\"https:\\\/\\\/www.autojm.fr\\\/blog\\\/#organization\"},\"image\":{\"@id\":\"https:\\\/\\\/www.autojm.fr\\\/blog\\\/comment-immatriculer-une-voiture-suisse-en-france\\\/#primaryimage\"},\"thumbnailUrl\":\"https:\\\/\\\/www.autojm.fr\\\/blog\\\/wp-content\\\/uploads\\\/2023\\\/01\\\/Immatriculation.jpg\",\"keywords\":[\"308\",\"autojm\"],\"articleSection\":[\"Conseils &amp; Astuces\"],\"inLanguage\":\"fr-FR\",\"potentialAction\":[{\"@type\":\"CommentAction\",\"name\":\"Comment\",\"target\":[\"https:\\\/\\\/www.autojm.fr\\\/blog\\\/comment-immatriculer-une-voiture-suisse-en-france\\\/#respond\"]}]},{\"@type\":\"WebPage\",\"@id\":\"https:\\\/\\\/www.autojm.fr\\\/blog\\\/comment-immatriculer-une-voiture-suisse-en-france\\\/\",\"url\":\"https:\\\/\\\/www.autojm.fr\\\/blog\\\/comment-immatriculer-une-voiture-suisse-en-france\\\/\",\"name\":\"Comment immatriculer une voiture suisse en France ? AutoJM Mag\",\"isPartOf\":{\"@id\":\"https:\\\/\\\/www.autojm.fr\\\/blog\\\/#website\"},\"primaryImageOfPage\":{\"@id\":\"https:\\\/\\\/www.autojm.fr\\\/blog\\\/comment-immatriculer-une-voiture-suisse-en-france\\\/#primaryimage\"},\"image\":{\"@id\":\"https:\\\/\\\/www.autojm.fr\\\/blog\\\/comment-immatriculer-une-voiture-suisse-en-france\\\/#primaryimage\"},\"thumbnailUrl\":\"https:\\\/\\\/www.autojm.fr\\\/blog\\\/wp-content\\\/uploads\\\/2023\\\/01\\\/Immatriculation.jpg\",\"datePublished\":\"2023-01-20T14:03:13+00:00\",\"dateModified\":\"2024-05-30T13:06:39+00:00\",\"description\":\"La Suisse ne faisant pas partie de l\u2019Union Europ\u00e9enne, immatriculer un v\u00e9hicule helv\u00e9tique dans l\u2019Hexagone implique une proc\u00e9dure...\",\"breadcrumb\":{\"@id\":\"https:\\\/\\\/www.autojm.fr\\\/blog\\\/comment-immatriculer-une-voiture-suisse-en-france\\\/#breadcrumb\"},\"inLanguage\":\"fr-FR\",\"potentialAction\":[{\"@type\":\"ReadAction\",\"target\":[\"https:\\\/\\\/www.autojm.fr\\\/blog\\\/comment-immatriculer-une-voiture-suisse-en-france\\\/\"]}]},{\"@type\":\"ImageObject\",\"inLanguage\":\"fr-FR\",\"@id\":\"https:\\\/\\\/www.autojm.fr\\\/blog\\\/comment-immatriculer-une-voiture-suisse-en-france\\\/#primaryimage\",\"url\":\"https:\\\/\\\/www.autojm.fr\\\/blog\\\/wp-content\\\/uploads\\\/2023\\\/01\\\/Immatriculation.jpg\",\"contentUrl\":\"https:\\\/\\\/www.autojm.fr\\\/blog\\\/wp-content\\\/uploads\\\/2023\\\/01\\\/Immatriculation.jpg\",\"width\":1200,\"height\":626,\"caption\":\"Immatriculation\"},{\"@type\":\"BreadcrumbList\",\"@id\":\"https:\\\/\\\/www.autojm.fr\\\/blog\\\/comment-immatriculer-une-voiture-suisse-en-france\\\/#breadcrumb\",\"itemListElement\":[{\"@type\":\"ListItem\",\"position\":1,\"name\":\"Accueil\",\"item\":\"https:\\\/\\\/www.autojm.fr\\\/blog\\\/\"},{\"@type\":\"ListItem\",\"position\":2,\"name\":\"Conseils &amp; Astuces\",\"item\":\"https:\\\/\\\/www.autojm.fr\\\/blog\\\/conseils-astuces\\\/\"},{\"@type\":\"ListItem\",\"position\":3,\"name\":\"Comment immatriculer une voiture suisse en France ?\u00a0\"}]},{\"@type\":\"WebSite\",\"@id\":\"https:\\\/\\\/www.autojm.fr\\\/blog\\\/#website\",\"url\":\"https:\\\/\\\/www.autojm.fr\\\/blog\\\/\",\"name\":\"AutoJM Mag\",\"description\":\"Toute l&#039;actu auto en 1 clic !\",\"publisher\":{\"@id\":\"https:\\\/\\\/www.autojm.fr\\\/blog\\\/#organization\"},\"potentialAction\":[{\"@type\":\"SearchAction\",\"target\":{\"@type\":\"EntryPoint\",\"urlTemplate\":\"https:\\\/\\\/www.autojm.fr\\\/blog\\\/?s={search_term_string}\"},\"query-input\":{\"@type\":\"PropertyValueSpecification\",\"valueRequired\":true,\"valueName\":\"search_term_string\"}}],\"inLanguage\":\"fr-FR\"},{\"@type\":\"Organization\",\"@id\":\"https:\\\/\\\/www.autojm.fr\\\/blog\\\/#organization\",\"name\":\"AutoJM Mag\",\"url\":\"https:\\\/\\\/www.autojm.fr\\\/blog\\\/\",\"logo\":{\"@type\":\"ImageObject\",\"inLanguage\":\"fr-FR\",\"@id\":\"https:\\\/\\\/www.autojm.fr\\\/blog\\\/#\\\/schema\\\/logo\\\/image\\\/\",\"url\":\"https:\\\/\\\/www.autojm.fr\\\/blog\\\/wp-content\\\/uploads\\\/2022\\\/12\\\/cropped-AutoJMag-png.png\",\"contentUrl\":\"https:\\\/\\\/www.autojm.fr\\\/blog\\\/wp-content\\\/uploads\\\/2022\\\/12\\\/cropped-AutoJMag-png.png\",\"width\":2834,\"height\":585,\"caption\":\"AutoJM Mag\"},\"image\":{\"@id\":\"https:\\\/\\\/www.autojm.fr\\\/blog\\\/#\\\/schema\\\/logo\\\/image\\\/\"},\"sameAs\":[\"https:\\\/\\\/www.facebook.com\\\/AutoJM25\"]},{\"@type\":\"Person\",\"@id\":\"https:\\\/\\\/www.autojm.fr\\\/blog\\\/#\\\/schema\\\/person\\\/1cc83a91548d88a62eb8cf06f562a72c\",\"name\":\"Justine Tripard\",\"image\":{\"@type\":\"ImageObject\",\"inLanguage\":\"fr-FR\",\"@id\":\"https:\\\/\\\/secure.gravatar.com\\\/avatar\\\/b8b45209a4cf0b7b127b9238ec348090e7302306d2485eeaab17b6761fe84991?s=96&d=mm&r=g\",\"url\":\"https:\\\/\\\/secure.gravatar.com\\\/avatar\\\/b8b45209a4cf0b7b127b9238ec348090e7302306d2485eeaab17b6761fe84991?s=96&d=mm&r=g\",\"contentUrl\":\"https:\\\/\\\/secure.gravatar.com\\\/avatar\\\/b8b45209a4cf0b7b127b9238ec348090e7302306d2485eeaab17b6761fe84991?s=96&d=mm&r=g\",\"caption\":\"Justine Tripard\"},\"url\":\"https:\\\/\\\/www.autojm.fr\\\/blog\\\/author\\\/justine\\\/\"}]}<\/script>\n<!-- \/ Yoast SEO plugin. -->","yoast_head_json":{"title":"Comment immatriculer une voiture suisse en France ? AutoJM Mag","description":"La Suisse ne faisant pas partie de l\u2019Union Europ\u00e9enne, immatriculer un v\u00e9hicule helv\u00e9tique dans l\u2019Hexagone implique une proc\u00e9dure...","robots":{"index":"index","follow":"follow","max-snippet":"max-snippet:-1","max-image-preview":"max-image-preview:large","max-video-preview":"max-video-preview:-1"},"canonical":"https:\/\/www.autojm.fr\/blog\/comment-immatriculer-une-voiture-suisse-en-france\/","og_locale":"fr_FR","og_type":"article","og_title":"Comment immatriculer une voiture suisse en France ? AutoJM Mag","og_description":"La Suisse ne faisant pas partie de l\u2019Union Europ\u00e9enne, immatriculer un v\u00e9hicule helv\u00e9tique dans l\u2019Hexagone implique une proc\u00e9dure...","og_url":"https:\/\/www.autojm.fr\/blog\/comment-immatriculer-une-voiture-suisse-en-france\/","og_site_name":"AutoJM Mag","article_publisher":"https:\/\/www.facebook.com\/AutoJM25","article_published_time":"2023-01-20T14:03:13+00:00","article_modified_time":"2024-05-30T13:06:39+00:00","og_image":[{"width":1200,"height":626,"url":"https:\/\/www.autojm.fr\/blog\/wp-content\/uploads\/2023\/01\/Immatriculation.jpg","type":"image\/jpeg"}],"author":"Justine Tripard","twitter_card":"summary_large_image","twitter_misc":{"\u00c9crit par":"Justine Tripard","Dur\u00e9e de lecture estim\u00e9e":"5 minutes"},"schema":{"@context":"https:\/\/schema.org","@graph":[{"@type":"Article","@id":"https:\/\/www.autojm.fr\/blog\/comment-immatriculer-une-voiture-suisse-en-france\/#article","isPartOf":{"@id":"https:\/\/www.autojm.fr\/blog\/comment-immatriculer-une-voiture-suisse-en-france\/"},"author":{"name":"Justine Tripard","@id":"https:\/\/www.autojm.fr\/blog\/#\/schema\/person\/1cc83a91548d88a62eb8cf06f562a72c"},"headline":"Comment immatriculer une voiture suisse en France ?\u00a0","datePublished":"2023-01-20T14:03:13+00:00","dateModified":"2024-05-30T13:06:39+00:00","mainEntityOfPage":{"@id":"https:\/\/www.autojm.fr\/blog\/comment-immatriculer-une-voiture-suisse-en-france\/"},"wordCount":7,"commentCount":0,"publisher":{"@id":"https:\/\/www.autojm.fr\/blog\/#organization"},"image":{"@id":"https:\/\/www.autojm.fr\/blog\/comment-immatriculer-une-voiture-suisse-en-france\/#primaryimage"},"thumbnailUrl":"https:\/\/www.autojm.fr\/blog\/wp-content\/uploads\/2023\/01\/Immatriculation.jpg","keywords":["308","autojm"],"articleSection":["Conseils &amp; Astuces"],"inLanguage":"fr-FR","potentialAction":[{"@type":"CommentAction","name":"Comment","target":["https:\/\/www.autojm.fr\/blog\/comment-immatriculer-une-voiture-suisse-en-france\/#respond"]}]},{"@type":"WebPage","@id":"https:\/\/www.autojm.fr\/blog\/comment-immatriculer-une-voiture-suisse-en-france\/","url":"https:\/\/www.autojm.fr\/blog\/comment-immatriculer-une-voiture-suisse-en-france\/","name":"Comment immatriculer une voiture suisse en France ? AutoJM Mag","isPartOf":{"@id":"https:\/\/www.autojm.fr\/blog\/#website"},"primaryImageOfPage":{"@id":"https:\/\/www.autojm.fr\/blog\/comment-immatriculer-une-voiture-suisse-en-france\/#primaryimage"},"image":{"@id":"https:\/\/www.autojm.fr\/blog\/comment-immatriculer-une-voiture-suisse-en-france\/#primaryimage"},"thumbnailUrl":"https:\/\/www.autojm.fr\/blog\/wp-content\/uploads\/2023\/01\/Immatriculation.jpg","datePublished":"2023-01-20T14:03:13+00:00","dateModified":"2024-05-30T13:06:39+00:00","description":"La Suisse ne faisant pas partie de l\u2019Union Europ\u00e9enne, immatriculer un v\u00e9hicule helv\u00e9tique dans l\u2019Hexagone implique une proc\u00e9dure...","breadcrumb":{"@id":"https:\/\/www.autojm.fr\/blog\/comment-immatriculer-une-voiture-suisse-en-france\/#breadcrumb"},"inLanguage":"fr-FR","potentialAction":[{"@type":"ReadAction","target":["https:\/\/www.autojm.fr\/blog\/comment-immatriculer-une-voiture-suisse-en-france\/"]}]},{"@type":"ImageObject","inLanguage":"fr-FR","@id":"https:\/\/www.autojm.fr\/blog\/comment-immatriculer-une-voiture-suisse-en-france\/#primaryimage","url":"https:\/\/www.autojm.fr\/blog\/wp-content\/uploads\/2023\/01\/Immatriculation.jpg","contentUrl":"https:\/\/www.autojm.fr\/blog\/wp-content\/uploads\/2023\/01\/Immatriculation.jpg","width":1200,"height":626,"caption":"Immatriculation"},{"@type":"BreadcrumbList","@id":"https:\/\/www.autojm.fr\/blog\/comment-immatriculer-une-voiture-suisse-en-france\/#breadcrumb","itemListElement":[{"@type":"ListItem","position":1,"name":"Accueil","item":"https:\/\/www.autojm.fr\/blog\/"},{"@type":"ListItem","position":2,"name":"Conseils &amp; Astuces","item":"https:\/\/www.autojm.fr\/blog\/conseils-astuces\/"},{"@type":"ListItem","position":3,"name":"Comment immatriculer une voiture suisse en France ?\u00a0"}]},{"@type":"WebSite","@id":"https:\/\/www.autojm.fr\/blog\/#website","url":"https:\/\/www.autojm.fr\/blog\/","name":"AutoJM Mag","description":"Toute l&#039;actu auto en 1 clic !","publisher":{"@id":"https:\/\/www.autojm.fr\/blog\/#organization"},"potentialAction":[{"@type":"SearchAction","target":{"@type":"EntryPoint","urlTemplate":"https:\/\/www.autojm.fr\/blog\/?s={search_term_string}"},"query-input":{"@type":"PropertyValueSpecification","valueRequired":true,"valueName":"search_term_string"}}],"inLanguage":"fr-FR"},{"@type":"Organization","@id":"https:\/\/www.autojm.fr\/blog\/#organization","name":"AutoJM Mag","url":"https:\/\/www.autojm.fr\/blog\/","logo":{"@type":"ImageObject","inLanguage":"fr-FR","@id":"https:\/\/www.autojm.fr\/blog\/#\/schema\/logo\/image\/","url":"https:\/\/www.autojm.fr\/blog\/wp-content\/uploads\/2022\/12\/cropped-AutoJMag-png.png","contentUrl":"https:\/\/www.autojm.fr\/blog\/wp-content\/uploads\/2022\/12\/cropped-AutoJMag-png.png","width":2834,"height":585,"caption":"AutoJM Mag"},"image":{"@id":"https:\/\/www.autojm.fr\/blog\/#\/schema\/logo\/image\/"},"sameAs":["https:\/\/www.facebook.com\/AutoJM25"]},{"@type":"Person","@id":"https:\/\/www.autojm.fr\/blog\/#\/schema\/person\/1cc83a91548d88a62eb8cf06f562a72c","name":"Justine Tripard","image":{"@type":"ImageObject","inLanguage":"fr-FR","@id":"https:\/\/secure.gravatar.com\/avatar\/b8b45209a4cf0b7b127b9238ec348090e7302306d2485eeaab17b6761fe84991?s=96&d=mm&r=g","url":"https:\/\/secure.gravatar.com\/avatar\/b8b45209a4cf0b7b127b9238ec348090e7302306d2485eeaab17b6761fe84991?s=96&d=mm&r=g","contentUrl":"https:\/\/secure.gravatar.com\/avatar\/b8b45209a4cf0b7b127b9238ec348090e7302306d2485eeaab17b6761fe84991?s=96&d=mm&r=g","caption":"Justine Tripard"},"url":"https:\/\/www.autojm.fr\/blog\/author\/justine\/"}]}},"_links":{"self":[{"href":"https:\/\/www.autojm.fr\/blog\/wp-json\/wp\/v2\/posts\/8301","targetHints":{"allow":["GET"]}}],"collection":[{"href":"https:\/\/www.autojm.fr\/blog\/wp-json\/wp\/v2\/posts"}],"about":[{"href":"https:\/\/www.autojm.fr\/blog\/wp-json\/wp\/v2\/types\/post"}],"author":[{"embeddable":true,"href":"https:\/\/www.autojm.fr\/blog\/wp-json\/wp\/v2\/users\/6"}],"replies":[{"embeddable":true,"href":"https:\/\/www.autojm.fr\/blog\/wp-json\/wp\/v2\/comments?post=8301"}],"version-history":[{"count":5,"href":"https:\/\/www.autojm.fr\/blog\/wp-json\/wp\/v2\/posts\/8301\/revisions"}],"predecessor-version":[{"id":8313,"href":"https:\/\/www.autojm.fr\/blog\/wp-json\/wp\/v2\/posts\/8301\/revisions\/8313"}],"wp:featuredmedia":[{"embeddable":true,"href":"https:\/\/www.autojm.fr\/blog\/wp-json\/wp\/v2\/media\/8303"}],"wp:attachment":[{"href":"https:\/\/www.autojm.fr\/blog\/wp-json\/wp\/v2\/media?parent=8301"}],"wp:term":[{"taxonomy":"category","embeddable":true,"href":"https:\/\/www.autojm.fr\/blog\/wp-json\/wp\/v2\/categories?post=8301"},{"taxonomy":"post_tag","embeddable":true,"href":"https:\/\/www.autojm.fr\/blog\/wp-json\/wp\/v2\/tags?post=8301"}],"curies":[{"name":"wp","href":"https:\/\/api.w.org\/{rel}","templated":true}]}}