{"id":8252,"date":"2023-01-18T13:46:31","date_gmt":"2023-01-18T13:46:31","guid":{"rendered":"https:\/\/www.autojm.fr\/blog\/?p=8252"},"modified":"2023-07-21T15:51:56","modified_gmt":"2023-07-21T15:51:56","slug":"opel-passe-la-seconde-avec-lelectrique","status":"publish","type":"post","link":"https:\/\/www.autojm.fr\/blog\/opel-passe-la-seconde-avec-lelectrique\/","title":{"rendered":"Opel passe la seconde avec l\u2019\u00e9lectrique\u00a0"},"content":{"rendered":"","protected":false},"excerpt":{"rendered":"<p>Tandis que le SUV \u00e9lectrique Opel Mokka-e change de nom au profit de Mokka Electric avec \u00e0 la cl\u00e9 une nouvelle motorisation, la marque allemande profite de l\u2019occasion pour lever le voile sur l\u2019Astra Electric qui reprend la technologie de la Peugeot e-308. <\/p>\n","protected":false},"author":6,"featured_media":8257,"comment_status":"open","ping_status":"open","sticky":false,"template":"","format":"standard","meta":{"_acf_changed":false,"content-type":"","footnotes":""},"categories":[328],"tags":[105,324,98,83,80,145,107,322,320],"class_list":["post-8252","post","type-post","status-publish","format-standard","has-post-thumbnail","hentry","category-actualites-opel-actualite-automobile","tag-ds","tag-ds3-e-tense","tag-formentor","tag-leon-5-portes","tag-leon-sportstourer","tag-nouvelle-ds7","tag-opel","tag-opel-astra-electric","tag-opel-mokka-electric"],"acf":[],"yoast_head":"<!-- This site is optimized with the Yoast SEO plugin v27.5 - https:\/\/yoast.com\/product\/yoast-seo-wordpress\/ -->\n<title>Opel passe la seconde avec l\u2019\u00e9lectrique\u00a0 - AutoJM Mag<\/title>\n<meta name=\"description\" content=\"Tandis que le SUV \u00e9lectrique Opel Mokka-e change de nom au profit de Mokka Electric avec \u00e0 la cl\u00e9 une nouvelle motorisation, la marque...\" \/>\n<meta name=\"robots\" content=\"index, follow, max-snippet:-1, max-image-preview:large, max-video-preview:-1\" \/>\n<link rel=\"canonical\" href=\"https:\/\/www.autojm.fr\/blog\/opel-passe-la-seconde-avec-lelectrique\/\" \/>\n<meta property=\"og:locale\" content=\"fr_FR\" \/>\n<meta property=\"og:type\" content=\"article\" \/>\n<meta property=\"og:title\" content=\"Opel passe la seconde avec l\u2019\u00e9lectrique\u00a0 - AutoJM Mag\" \/>\n<meta property=\"og:description\" content=\"Tandis que le SUV \u00e9lectrique Opel Mokka-e change de nom au profit de Mokka Electric avec \u00e0 la cl\u00e9 une nouvelle motorisation, la marque...\" \/>\n<meta property=\"og:url\" content=\"https:\/\/www.autojm.fr\/blog\/opel-passe-la-seconde-avec-lelectrique\/\" \/>\n<meta property=\"og:site_name\" content=\"AutoJM Mag\" \/>\n<meta property=\"article:publisher\" content=\"https:\/\/www.facebook.com\/AutoJM25\" \/>\n<meta property=\"article:published_time\" content=\"2023-01-18T13:46:31+00:00\" \/>\n<meta property=\"article:modified_time\" content=\"2023-07-21T15:51:56+00:00\" \/>\n<meta property=\"og:image\" content=\"https:\/\/www.autojm.fr\/blog\/wp-content\/uploads\/2023\/01\/Opel-Mokka-electrique.jpg\" \/>\n\t<meta property=\"og:image:width\" content=\"1000\" \/>\n\t<meta property=\"og:image:height\" content=\"500\" \/>\n\t<meta property=\"og:image:type\" content=\"image\/jpeg\" \/>\n<meta name=\"author\" content=\"Justine Tripard\" \/>\n<meta name=\"twitter:card\" content=\"summary_large_image\" \/>\n<meta name=\"twitter:label1\" content=\"\u00c9crit par\" \/>\n\t<meta name=\"twitter:data1\" content=\"Justine Tripard\" \/>\n<script type=\"application\/ld+json\" class=\"yoast-schema-graph\">{\"@context\":\"https:\\\/\\\/schema.org\",\"@graph\":[{\"@type\":\"Article\",\"@id\":\"https:\\\/\\\/www.autojm.fr\\\/blog\\\/opel-passe-la-seconde-avec-lelectrique\\\/#article\",\"isPartOf\":{\"@id\":\"https:\\\/\\\/www.autojm.fr\\\/blog\\\/opel-passe-la-seconde-avec-lelectrique\\\/\"},\"author\":{\"name\":\"Justine Tripard\",\"@id\":\"https:\\\/\\\/www.autojm.fr\\\/blog\\\/#\\\/schema\\\/person\\\/1cc83a91548d88a62eb8cf06f562a72c\"},\"headline\":\"Opel passe la seconde avec l\u2019\u00e9lectrique\u00a0\",\"datePublished\":\"2023-01-18T13:46:31+00:00\",\"dateModified\":\"2023-07-21T15:51:56+00:00\",\"mainEntityOfPage\":{\"@id\":\"https:\\\/\\\/www.autojm.fr\\\/blog\\\/opel-passe-la-seconde-avec-lelectrique\\\/\"},\"wordCount\":7,\"commentCount\":0,\"publisher\":{\"@id\":\"https:\\\/\\\/www.autojm.fr\\\/blog\\\/#organization\"},\"image\":{\"@id\":\"https:\\\/\\\/www.autojm.fr\\\/blog\\\/opel-passe-la-seconde-avec-lelectrique\\\/#primaryimage\"},\"thumbnailUrl\":\"https:\\\/\\\/www.autojm.fr\\\/blog\\\/wp-content\\\/uploads\\\/2023\\\/01\\\/Opel-Mokka-electrique.jpg\",\"keywords\":[\"DS\",\"DS3 E-Tense\",\"formentor\",\"leon 5 portes\",\"leon sportstourer\",\"nouvelle DS7\",\"Opel\",\"Opel Astra Electric\",\"Opel Mokka Electric\"],\"articleSection\":[\"Actualit\u00e9s Opel\"],\"inLanguage\":\"fr-FR\",\"potentialAction\":[{\"@type\":\"CommentAction\",\"name\":\"Comment\",\"target\":[\"https:\\\/\\\/www.autojm.fr\\\/blog\\\/opel-passe-la-seconde-avec-lelectrique\\\/#respond\"]}]},{\"@type\":\"WebPage\",\"@id\":\"https:\\\/\\\/www.autojm.fr\\\/blog\\\/opel-passe-la-seconde-avec-lelectrique\\\/\",\"url\":\"https:\\\/\\\/www.autojm.fr\\\/blog\\\/opel-passe-la-seconde-avec-lelectrique\\\/\",\"name\":\"Opel passe la seconde avec l\u2019\u00e9lectrique\u00a0 - AutoJM Mag\",\"isPartOf\":{\"@id\":\"https:\\\/\\\/www.autojm.fr\\\/blog\\\/#website\"},\"primaryImageOfPage\":{\"@id\":\"https:\\\/\\\/www.autojm.fr\\\/blog\\\/opel-passe-la-seconde-avec-lelectrique\\\/#primaryimage\"},\"image\":{\"@id\":\"https:\\\/\\\/www.autojm.fr\\\/blog\\\/opel-passe-la-seconde-avec-lelectrique\\\/#primaryimage\"},\"thumbnailUrl\":\"https:\\\/\\\/www.autojm.fr\\\/blog\\\/wp-content\\\/uploads\\\/2023\\\/01\\\/Opel-Mokka-electrique.jpg\",\"datePublished\":\"2023-01-18T13:46:31+00:00\",\"dateModified\":\"2023-07-21T15:51:56+00:00\",\"description\":\"Tandis que le SUV \u00e9lectrique Opel Mokka-e change de nom au profit de Mokka Electric avec \u00e0 la cl\u00e9 une nouvelle motorisation, la marque...\",\"breadcrumb\":{\"@id\":\"https:\\\/\\\/www.autojm.fr\\\/blog\\\/opel-passe-la-seconde-avec-lelectrique\\\/#breadcrumb\"},\"inLanguage\":\"fr-FR\",\"potentialAction\":[{\"@type\":\"ReadAction\",\"target\":[\"https:\\\/\\\/www.autojm.fr\\\/blog\\\/opel-passe-la-seconde-avec-lelectrique\\\/\"]}]},{\"@type\":\"ImageObject\",\"inLanguage\":\"fr-FR\",\"@id\":\"https:\\\/\\\/www.autojm.fr\\\/blog\\\/opel-passe-la-seconde-avec-lelectrique\\\/#primaryimage\",\"url\":\"https:\\\/\\\/www.autojm.fr\\\/blog\\\/wp-content\\\/uploads\\\/2023\\\/01\\\/Opel-Mokka-electrique.jpg\",\"contentUrl\":\"https:\\\/\\\/www.autojm.fr\\\/blog\\\/wp-content\\\/uploads\\\/2023\\\/01\\\/Opel-Mokka-electrique.jpg\",\"width\":1000,\"height\":500,\"caption\":\"Opel Mokka \u00e9lectrique\"},{\"@type\":\"BreadcrumbList\",\"@id\":\"https:\\\/\\\/www.autojm.fr\\\/blog\\\/opel-passe-la-seconde-avec-lelectrique\\\/#breadcrumb\",\"itemListElement\":[{\"@type\":\"ListItem\",\"position\":1,\"name\":\"Accueil\",\"item\":\"https:\\\/\\\/www.autojm.fr\\\/blog\\\/\"},{\"@type\":\"ListItem\",\"position\":2,\"name\":\"Actualit\u00e9 Automobile\",\"item\":\"https:\\\/\\\/www.autojm.fr\\\/blog\\\/actualite-automobile\\\/\"},{\"@type\":\"ListItem\",\"position\":3,\"name\":\"Actualit\u00e9s Opel\",\"item\":\"https:\\\/\\\/www.autojm.fr\\\/blog\\\/actualite-automobile\\\/actualites-opel-actualite-automobile\\\/\"},{\"@type\":\"ListItem\",\"position\":4,\"name\":\"Opel passe la seconde avec l\u2019\u00e9lectrique\u00a0\"}]},{\"@type\":\"WebSite\",\"@id\":\"https:\\\/\\\/www.autojm.fr\\\/blog\\\/#website\",\"url\":\"https:\\\/\\\/www.autojm.fr\\\/blog\\\/\",\"name\":\"AutoJM Mag\",\"description\":\"Toute l&#039;actu auto en 1 clic !\",\"publisher\":{\"@id\":\"https:\\\/\\\/www.autojm.fr\\\/blog\\\/#organization\"},\"potentialAction\":[{\"@type\":\"SearchAction\",\"target\":{\"@type\":\"EntryPoint\",\"urlTemplate\":\"https:\\\/\\\/www.autojm.fr\\\/blog\\\/?s={search_term_string}\"},\"query-input\":{\"@type\":\"PropertyValueSpecification\",\"valueRequired\":true,\"valueName\":\"search_term_string\"}}],\"inLanguage\":\"fr-FR\"},{\"@type\":\"Organization\",\"@id\":\"https:\\\/\\\/www.autojm.fr\\\/blog\\\/#organization\",\"name\":\"AutoJM Mag\",\"url\":\"https:\\\/\\\/www.autojm.fr\\\/blog\\\/\",\"logo\":{\"@type\":\"ImageObject\",\"inLanguage\":\"fr-FR\",\"@id\":\"https:\\\/\\\/www.autojm.fr\\\/blog\\\/#\\\/schema\\\/logo\\\/image\\\/\",\"url\":\"https:\\\/\\\/www.autojm.fr\\\/blog\\\/wp-content\\\/uploads\\\/2022\\\/12\\\/cropped-AutoJMag-png.png\",\"contentUrl\":\"https:\\\/\\\/www.autojm.fr\\\/blog\\\/wp-content\\\/uploads\\\/2022\\\/12\\\/cropped-AutoJMag-png.png\",\"width\":2834,\"height\":585,\"caption\":\"AutoJM Mag\"},\"image\":{\"@id\":\"https:\\\/\\\/www.autojm.fr\\\/blog\\\/#\\\/schema\\\/logo\\\/image\\\/\"},\"sameAs\":[\"https:\\\/\\\/www.facebook.com\\\/AutoJM25\"]},{\"@type\":\"Person\",\"@id\":\"https:\\\/\\\/www.autojm.fr\\\/blog\\\/#\\\/schema\\\/person\\\/1cc83a91548d88a62eb8cf06f562a72c\",\"name\":\"Justine Tripard\",\"image\":{\"@type\":\"ImageObject\",\"inLanguage\":\"fr-FR\",\"@id\":\"https:\\\/\\\/secure.gravatar.com\\\/avatar\\\/b8b45209a4cf0b7b127b9238ec348090e7302306d2485eeaab17b6761fe84991?s=96&d=mm&r=g\",\"url\":\"https:\\\/\\\/secure.gravatar.com\\\/avatar\\\/b8b45209a4cf0b7b127b9238ec348090e7302306d2485eeaab17b6761fe84991?s=96&d=mm&r=g\",\"contentUrl\":\"https:\\\/\\\/secure.gravatar.com\\\/avatar\\\/b8b45209a4cf0b7b127b9238ec348090e7302306d2485eeaab17b6761fe84991?s=96&d=mm&r=g\",\"caption\":\"Justine Tripard\"},\"url\":\"https:\\\/\\\/www.autojm.fr\\\/blog\\\/author\\\/justine\\\/\"}]}<\/script>\n<!-- \/ Yoast SEO plugin. -->","yoast_head_json":{"title":"Opel passe la seconde avec l\u2019\u00e9lectrique\u00a0 - AutoJM Mag","description":"Tandis que le SUV \u00e9lectrique Opel Mokka-e change de nom au profit de Mokka Electric avec \u00e0 la cl\u00e9 une nouvelle motorisation, la marque...","robots":{"index":"index","follow":"follow","max-snippet":"max-snippet:-1","max-image-preview":"max-image-preview:large","max-video-preview":"max-video-preview:-1"},"canonical":"https:\/\/www.autojm.fr\/blog\/opel-passe-la-seconde-avec-lelectrique\/","og_locale":"fr_FR","og_type":"article","og_title":"Opel passe la seconde avec l\u2019\u00e9lectrique\u00a0 - AutoJM Mag","og_description":"Tandis que le SUV \u00e9lectrique Opel Mokka-e change de nom au profit de Mokka Electric avec \u00e0 la cl\u00e9 une nouvelle motorisation, la marque...","og_url":"https:\/\/www.autojm.fr\/blog\/opel-passe-la-seconde-avec-lelectrique\/","og_site_name":"AutoJM Mag","article_publisher":"https:\/\/www.facebook.com\/AutoJM25","article_published_time":"2023-01-18T13:46:31+00:00","article_modified_time":"2023-07-21T15:51:56+00:00","og_image":[{"width":1000,"height":500,"url":"https:\/\/www.autojm.fr\/blog\/wp-content\/uploads\/2023\/01\/Opel-Mokka-electrique.jpg","type":"image\/jpeg"}],"author":"Justine Tripard","twitter_card":"summary_large_image","twitter_misc":{"\u00c9crit par":"Justine Tripard"},"schema":{"@context":"https:\/\/schema.org","@graph":[{"@type":"Article","@id":"https:\/\/www.autojm.fr\/blog\/opel-passe-la-seconde-avec-lelectrique\/#article","isPartOf":{"@id":"https:\/\/www.autojm.fr\/blog\/opel-passe-la-seconde-avec-lelectrique\/"},"author":{"name":"Justine Tripard","@id":"https:\/\/www.autojm.fr\/blog\/#\/schema\/person\/1cc83a91548d88a62eb8cf06f562a72c"},"headline":"Opel passe la seconde avec l\u2019\u00e9lectrique\u00a0","datePublished":"2023-01-18T13:46:31+00:00","dateModified":"2023-07-21T15:51:56+00:00","mainEntityOfPage":{"@id":"https:\/\/www.autojm.fr\/blog\/opel-passe-la-seconde-avec-lelectrique\/"},"wordCount":7,"commentCount":0,"publisher":{"@id":"https:\/\/www.autojm.fr\/blog\/#organization"},"image":{"@id":"https:\/\/www.autojm.fr\/blog\/opel-passe-la-seconde-avec-lelectrique\/#primaryimage"},"thumbnailUrl":"https:\/\/www.autojm.fr\/blog\/wp-content\/uploads\/2023\/01\/Opel-Mokka-electrique.jpg","keywords":["DS","DS3 E-Tense","formentor","leon 5 portes","leon sportstourer","nouvelle DS7","Opel","Opel Astra Electric","Opel Mokka Electric"],"articleSection":["Actualit\u00e9s Opel"],"inLanguage":"fr-FR","potentialAction":[{"@type":"CommentAction","name":"Comment","target":["https:\/\/www.autojm.fr\/blog\/opel-passe-la-seconde-avec-lelectrique\/#respond"]}]},{"@type":"WebPage","@id":"https:\/\/www.autojm.fr\/blog\/opel-passe-la-seconde-avec-lelectrique\/","url":"https:\/\/www.autojm.fr\/blog\/opel-passe-la-seconde-avec-lelectrique\/","name":"Opel passe la seconde avec l\u2019\u00e9lectrique\u00a0 - AutoJM Mag","isPartOf":{"@id":"https:\/\/www.autojm.fr\/blog\/#website"},"primaryImageOfPage":{"@id":"https:\/\/www.autojm.fr\/blog\/opel-passe-la-seconde-avec-lelectrique\/#primaryimage"},"image":{"@id":"https:\/\/www.autojm.fr\/blog\/opel-passe-la-seconde-avec-lelectrique\/#primaryimage"},"thumbnailUrl":"https:\/\/www.autojm.fr\/blog\/wp-content\/uploads\/2023\/01\/Opel-Mokka-electrique.jpg","datePublished":"2023-01-18T13:46:31+00:00","dateModified":"2023-07-21T15:51:56+00:00","description":"Tandis que le SUV \u00e9lectrique Opel Mokka-e change de nom au profit de Mokka Electric avec \u00e0 la cl\u00e9 une nouvelle motorisation, la marque...","breadcrumb":{"@id":"https:\/\/www.autojm.fr\/blog\/opel-passe-la-seconde-avec-lelectrique\/#breadcrumb"},"inLanguage":"fr-FR","potentialAction":[{"@type":"ReadAction","target":["https:\/\/www.autojm.fr\/blog\/opel-passe-la-seconde-avec-lelectrique\/"]}]},{"@type":"ImageObject","inLanguage":"fr-FR","@id":"https:\/\/www.autojm.fr\/blog\/opel-passe-la-seconde-avec-lelectrique\/#primaryimage","url":"https:\/\/www.autojm.fr\/blog\/wp-content\/uploads\/2023\/01\/Opel-Mokka-electrique.jpg","contentUrl":"https:\/\/www.autojm.fr\/blog\/wp-content\/uploads\/2023\/01\/Opel-Mokka-electrique.jpg","width":1000,"height":500,"caption":"Opel Mokka \u00e9lectrique"},{"@type":"BreadcrumbList","@id":"https:\/\/www.autojm.fr\/blog\/opel-passe-la-seconde-avec-lelectrique\/#breadcrumb","itemListElement":[{"@type":"ListItem","position":1,"name":"Accueil","item":"https:\/\/www.autojm.fr\/blog\/"},{"@type":"ListItem","position":2,"name":"Actualit\u00e9 Automobile","item":"https:\/\/www.autojm.fr\/blog\/actualite-automobile\/"},{"@type":"ListItem","position":3,"name":"Actualit\u00e9s Opel","item":"https:\/\/www.autojm.fr\/blog\/actualite-automobile\/actualites-opel-actualite-automobile\/"},{"@type":"ListItem","position":4,"name":"Opel passe la seconde avec l\u2019\u00e9lectrique\u00a0"}]},{"@type":"WebSite","@id":"https:\/\/www.autojm.fr\/blog\/#website","url":"https:\/\/www.autojm.fr\/blog\/","name":"AutoJM Mag","description":"Toute l&#039;actu auto en 1 clic !","publisher":{"@id":"https:\/\/www.autojm.fr\/blog\/#organization"},"potentialAction":[{"@type":"SearchAction","target":{"@type":"EntryPoint","urlTemplate":"https:\/\/www.autojm.fr\/blog\/?s={search_term_string}"},"query-input":{"@type":"PropertyValueSpecification","valueRequired":true,"valueName":"search_term_string"}}],"inLanguage":"fr-FR"},{"@type":"Organization","@id":"https:\/\/www.autojm.fr\/blog\/#organization","name":"AutoJM Mag","url":"https:\/\/www.autojm.fr\/blog\/","logo":{"@type":"ImageObject","inLanguage":"fr-FR","@id":"https:\/\/www.autojm.fr\/blog\/#\/schema\/logo\/image\/","url":"https:\/\/www.autojm.fr\/blog\/wp-content\/uploads\/2022\/12\/cropped-AutoJMag-png.png","contentUrl":"https:\/\/www.autojm.fr\/blog\/wp-content\/uploads\/2022\/12\/cropped-AutoJMag-png.png","width":2834,"height":585,"caption":"AutoJM Mag"},"image":{"@id":"https:\/\/www.autojm.fr\/blog\/#\/schema\/logo\/image\/"},"sameAs":["https:\/\/www.facebook.com\/AutoJM25"]},{"@type":"Person","@id":"https:\/\/www.autojm.fr\/blog\/#\/schema\/person\/1cc83a91548d88a62eb8cf06f562a72c","name":"Justine Tripard","image":{"@type":"ImageObject","inLanguage":"fr-FR","@id":"https:\/\/secure.gravatar.com\/avatar\/b8b45209a4cf0b7b127b9238ec348090e7302306d2485eeaab17b6761fe84991?s=96&d=mm&r=g","url":"https:\/\/secure.gravatar.com\/avatar\/b8b45209a4cf0b7b127b9238ec348090e7302306d2485eeaab17b6761fe84991?s=96&d=mm&r=g","contentUrl":"https:\/\/secure.gravatar.com\/avatar\/b8b45209a4cf0b7b127b9238ec348090e7302306d2485eeaab17b6761fe84991?s=96&d=mm&r=g","caption":"Justine Tripard"},"url":"https:\/\/www.autojm.fr\/blog\/author\/justine\/"}]}},"_links":{"self":[{"href":"https:\/\/www.autojm.fr\/blog\/wp-json\/wp\/v2\/posts\/8252","targetHints":{"allow":["GET"]}}],"collection":[{"href":"https:\/\/www.autojm.fr\/blog\/wp-json\/wp\/v2\/posts"}],"about":[{"href":"https:\/\/www.autojm.fr\/blog\/wp-json\/wp\/v2\/types\/post"}],"author":[{"embeddable":true,"href":"https:\/\/www.autojm.fr\/blog\/wp-json\/wp\/v2\/users\/6"}],"replies":[{"embeddable":true,"href":"https:\/\/www.autojm.fr\/blog\/wp-json\/wp\/v2\/comments?post=8252"}],"version-history":[{"count":11,"href":"https:\/\/www.autojm.fr\/blog\/wp-json\/wp\/v2\/posts\/8252\/revisions"}],"predecessor-version":[{"id":11722,"href":"https:\/\/www.autojm.fr\/blog\/wp-json\/wp\/v2\/posts\/8252\/revisions\/11722"}],"wp:featuredmedia":[{"embeddable":true,"href":"https:\/\/www.autojm.fr\/blog\/wp-json\/wp\/v2\/media\/8257"}],"wp:attachment":[{"href":"https:\/\/www.autojm.fr\/blog\/wp-json\/wp\/v2\/media?parent=8252"}],"wp:term":[{"taxonomy":"category","embeddable":true,"href":"https:\/\/www.autojm.fr\/blog\/wp-json\/wp\/v2\/categories?post=8252"},{"taxonomy":"post_tag","embeddable":true,"href":"https:\/\/www.autojm.fr\/blog\/wp-json\/wp\/v2\/tags?post=8252"}],"curies":[{"name":"wp","href":"https:\/\/api.w.org\/{rel}","templated":true}]}}