{"id":8211,"date":"2023-01-13T07:30:00","date_gmt":"2023-01-13T07:30:00","guid":{"rendered":"https:\/\/www.autojm.fr\/blog\/?p=8211"},"modified":"2024-05-30T13:07:21","modified_gmt":"2024-05-30T13:07:21","slug":"tesla-model-s-et-model-y-les-plus-sures-de-leurs-categories","status":"publish","type":"post","link":"https:\/\/www.autojm.fr\/blog\/tesla-model-s-et-model-y-les-plus-sures-de-leurs-categories\/","title":{"rendered":"Tesla : Model S et Model Y les plus s\u00fbres de leurs cat\u00e9gories\u00a0"},"content":{"rendered":"","protected":false},"excerpt":{"rendered":"<p>Comme tous les ans, l\u2019Euro NCAP (European New Car Assessment Program) vient de publier son nouveau classement des voitures \u201cBest in Class\u201d qui d\u00e9termine les v\u00e9hicules les plus fiables en fonction de leur cat\u00e9gorie. Les voitures \u00e9lectriques Tesla Model S et Model Y sont mises \u00e0 l\u2019honneur suite au test de s\u00e9curit\u00e9 r\u00e9alis\u00e9 en novembre dernier. <\/p>\n","protected":false},"author":6,"featured_media":8219,"comment_status":"open","ping_status":"open","sticky":false,"template":"","format":"standard","meta":{"_acf_changed":false,"content-type":"","footnotes":""},"categories":[311],"tags":[314,90,223,221,145,293,307,309,169,96],"class_list":["post-8211","post","type-post","status-publish","format-standard","has-post-thumbnail","hentry","category-actualites-tesla","tag-314","tag-autojm","tag-nissan-qashqai","tag-nissan-x-trail","tag-nouvelle-ds7","tag-tesla","tag-tesla-model-s","tag-tesla-model-y","tag-toyota","tag-volkswagen"],"acf":[],"yoast_head":"<!-- This site is optimized with the Yoast SEO plugin v27.5 - https:\/\/yoast.com\/product\/yoast-seo-wordpress\/ -->\n<title>Tesla : Model S et Model Y les plus s\u00fbres de leurs cat\u00e9gories\u00a0<\/title>\n<meta name=\"description\" content=\"Comme tous les ans, l\u2019Euro NCAP (European New Car Assessment Program) vient de publier son nouveau classement et Tesla...\" \/>\n<meta name=\"robots\" content=\"index, follow, max-snippet:-1, max-image-preview:large, max-video-preview:-1\" \/>\n<link rel=\"canonical\" href=\"https:\/\/www.autojm.fr\/blog\/tesla-model-s-et-model-y-les-plus-sures-de-leurs-categories\/\" \/>\n<meta property=\"og:locale\" content=\"fr_FR\" \/>\n<meta property=\"og:type\" content=\"article\" \/>\n<meta property=\"og:title\" content=\"Tesla : Model S et Model Y les plus s\u00fbres de leurs cat\u00e9gories\u00a0\" \/>\n<meta property=\"og:description\" content=\"Comme tous les ans, l\u2019Euro NCAP (European New Car Assessment Program) vient de publier son nouveau classement et Tesla...\" \/>\n<meta property=\"og:url\" content=\"https:\/\/www.autojm.fr\/blog\/tesla-model-s-et-model-y-les-plus-sures-de-leurs-categories\/\" \/>\n<meta property=\"og:site_name\" content=\"AutoJM Mag\" \/>\n<meta property=\"article:publisher\" content=\"https:\/\/www.facebook.com\/AutoJM25\" \/>\n<meta property=\"article:published_time\" content=\"2023-01-13T07:30:00+00:00\" \/>\n<meta property=\"article:modified_time\" content=\"2024-05-30T13:07:21+00:00\" \/>\n<meta property=\"og:image\" content=\"https:\/\/www.autojm.fr\/blog\/wp-content\/uploads\/2023\/01\/Tesla-Model-S.jpg\" \/>\n\t<meta property=\"og:image:width\" content=\"1000\" \/>\n\t<meta property=\"og:image:height\" content=\"500\" \/>\n\t<meta property=\"og:image:type\" content=\"image\/jpeg\" \/>\n<meta name=\"author\" content=\"Justine Tripard\" \/>\n<meta name=\"twitter:card\" content=\"summary_large_image\" \/>\n<meta name=\"twitter:label1\" content=\"\u00c9crit par\" \/>\n\t<meta name=\"twitter:data1\" content=\"Justine Tripard\" \/>\n\t<meta name=\"twitter:label2\" content=\"Dur\u00e9e de lecture estim\u00e9e\" \/>\n\t<meta name=\"twitter:data2\" content=\"4 minutes\" \/>\n<script type=\"application\/ld+json\" class=\"yoast-schema-graph\">{\"@context\":\"https:\\\/\\\/schema.org\",\"@graph\":[{\"@type\":\"Article\",\"@id\":\"https:\\\/\\\/www.autojm.fr\\\/blog\\\/tesla-model-s-et-model-y-les-plus-sures-de-leurs-categories\\\/#article\",\"isPartOf\":{\"@id\":\"https:\\\/\\\/www.autojm.fr\\\/blog\\\/tesla-model-s-et-model-y-les-plus-sures-de-leurs-categories\\\/\"},\"author\":{\"name\":\"Justine Tripard\",\"@id\":\"https:\\\/\\\/www.autojm.fr\\\/blog\\\/#\\\/schema\\\/person\\\/1cc83a91548d88a62eb8cf06f562a72c\"},\"headline\":\"Tesla : Model S et Model Y les plus s\u00fbres de leurs cat\u00e9gories\u00a0\",\"datePublished\":\"2023-01-13T07:30:00+00:00\",\"dateModified\":\"2024-05-30T13:07:21+00:00\",\"mainEntityOfPage\":{\"@id\":\"https:\\\/\\\/www.autojm.fr\\\/blog\\\/tesla-model-s-et-model-y-les-plus-sures-de-leurs-categories\\\/\"},\"wordCount\":14,\"commentCount\":0,\"publisher\":{\"@id\":\"https:\\\/\\\/www.autojm.fr\\\/blog\\\/#organization\"},\"image\":{\"@id\":\"https:\\\/\\\/www.autojm.fr\\\/blog\\\/tesla-model-s-et-model-y-les-plus-sures-de-leurs-categories\\\/#primaryimage\"},\"thumbnailUrl\":\"https:\\\/\\\/www.autojm.fr\\\/blog\\\/wp-content\\\/uploads\\\/2023\\\/01\\\/Tesla-Model-S.jpg\",\"keywords\":[\"408\",\"autojm\",\"Nissan Qashqai\",\"Nissan X-Trail\",\"nouvelle DS7\",\"Tesla\",\"Tesla Model S\",\"Tesla Model Y\",\"Toyota\",\"Volkswagen\"],\"articleSection\":[\"Actualit\u00e9s Tesla\"],\"inLanguage\":\"fr-FR\",\"potentialAction\":[{\"@type\":\"CommentAction\",\"name\":\"Comment\",\"target\":[\"https:\\\/\\\/www.autojm.fr\\\/blog\\\/tesla-model-s-et-model-y-les-plus-sures-de-leurs-categories\\\/#respond\"]}]},{\"@type\":\"WebPage\",\"@id\":\"https:\\\/\\\/www.autojm.fr\\\/blog\\\/tesla-model-s-et-model-y-les-plus-sures-de-leurs-categories\\\/\",\"url\":\"https:\\\/\\\/www.autojm.fr\\\/blog\\\/tesla-model-s-et-model-y-les-plus-sures-de-leurs-categories\\\/\",\"name\":\"Tesla : Model S et Model Y les plus s\u00fbres de leurs cat\u00e9gories\u00a0\",\"isPartOf\":{\"@id\":\"https:\\\/\\\/www.autojm.fr\\\/blog\\\/#website\"},\"primaryImageOfPage\":{\"@id\":\"https:\\\/\\\/www.autojm.fr\\\/blog\\\/tesla-model-s-et-model-y-les-plus-sures-de-leurs-categories\\\/#primaryimage\"},\"image\":{\"@id\":\"https:\\\/\\\/www.autojm.fr\\\/blog\\\/tesla-model-s-et-model-y-les-plus-sures-de-leurs-categories\\\/#primaryimage\"},\"thumbnailUrl\":\"https:\\\/\\\/www.autojm.fr\\\/blog\\\/wp-content\\\/uploads\\\/2023\\\/01\\\/Tesla-Model-S.jpg\",\"datePublished\":\"2023-01-13T07:30:00+00:00\",\"dateModified\":\"2024-05-30T13:07:21+00:00\",\"description\":\"Comme tous les ans, l\u2019Euro NCAP (European New Car Assessment Program) vient de publier son nouveau classement et Tesla...\",\"breadcrumb\":{\"@id\":\"https:\\\/\\\/www.autojm.fr\\\/blog\\\/tesla-model-s-et-model-y-les-plus-sures-de-leurs-categories\\\/#breadcrumb\"},\"inLanguage\":\"fr-FR\",\"potentialAction\":[{\"@type\":\"ReadAction\",\"target\":[\"https:\\\/\\\/www.autojm.fr\\\/blog\\\/tesla-model-s-et-model-y-les-plus-sures-de-leurs-categories\\\/\"]}]},{\"@type\":\"ImageObject\",\"inLanguage\":\"fr-FR\",\"@id\":\"https:\\\/\\\/www.autojm.fr\\\/blog\\\/tesla-model-s-et-model-y-les-plus-sures-de-leurs-categories\\\/#primaryimage\",\"url\":\"https:\\\/\\\/www.autojm.fr\\\/blog\\\/wp-content\\\/uploads\\\/2023\\\/01\\\/Tesla-Model-S.jpg\",\"contentUrl\":\"https:\\\/\\\/www.autojm.fr\\\/blog\\\/wp-content\\\/uploads\\\/2023\\\/01\\\/Tesla-Model-S.jpg\",\"width\":1000,\"height\":500,\"caption\":\"Tesla Model S\"},{\"@type\":\"BreadcrumbList\",\"@id\":\"https:\\\/\\\/www.autojm.fr\\\/blog\\\/tesla-model-s-et-model-y-les-plus-sures-de-leurs-categories\\\/#breadcrumb\",\"itemListElement\":[{\"@type\":\"ListItem\",\"position\":1,\"name\":\"Accueil\",\"item\":\"https:\\\/\\\/www.autojm.fr\\\/blog\\\/\"},{\"@type\":\"ListItem\",\"position\":2,\"name\":\"Actualit\u00e9 Automobile\",\"item\":\"https:\\\/\\\/www.autojm.fr\\\/blog\\\/actualite-automobile\\\/\"},{\"@type\":\"ListItem\",\"position\":3,\"name\":\"Actualit\u00e9s Tesla\",\"item\":\"https:\\\/\\\/www.autojm.fr\\\/blog\\\/actualite-automobile\\\/actualites-tesla\\\/\"},{\"@type\":\"ListItem\",\"position\":4,\"name\":\"Tesla : Model S et Model Y les plus s\u00fbres de leurs cat\u00e9gories\u00a0\"}]},{\"@type\":\"WebSite\",\"@id\":\"https:\\\/\\\/www.autojm.fr\\\/blog\\\/#website\",\"url\":\"https:\\\/\\\/www.autojm.fr\\\/blog\\\/\",\"name\":\"AutoJM Mag\",\"description\":\"Toute l&#039;actu auto en 1 clic !\",\"publisher\":{\"@id\":\"https:\\\/\\\/www.autojm.fr\\\/blog\\\/#organization\"},\"potentialAction\":[{\"@type\":\"SearchAction\",\"target\":{\"@type\":\"EntryPoint\",\"urlTemplate\":\"https:\\\/\\\/www.autojm.fr\\\/blog\\\/?s={search_term_string}\"},\"query-input\":{\"@type\":\"PropertyValueSpecification\",\"valueRequired\":true,\"valueName\":\"search_term_string\"}}],\"inLanguage\":\"fr-FR\"},{\"@type\":\"Organization\",\"@id\":\"https:\\\/\\\/www.autojm.fr\\\/blog\\\/#organization\",\"name\":\"AutoJM Mag\",\"url\":\"https:\\\/\\\/www.autojm.fr\\\/blog\\\/\",\"logo\":{\"@type\":\"ImageObject\",\"inLanguage\":\"fr-FR\",\"@id\":\"https:\\\/\\\/www.autojm.fr\\\/blog\\\/#\\\/schema\\\/logo\\\/image\\\/\",\"url\":\"https:\\\/\\\/www.autojm.fr\\\/blog\\\/wp-content\\\/uploads\\\/2022\\\/12\\\/cropped-AutoJMag-png.png\",\"contentUrl\":\"https:\\\/\\\/www.autojm.fr\\\/blog\\\/wp-content\\\/uploads\\\/2022\\\/12\\\/cropped-AutoJMag-png.png\",\"width\":2834,\"height\":585,\"caption\":\"AutoJM Mag\"},\"image\":{\"@id\":\"https:\\\/\\\/www.autojm.fr\\\/blog\\\/#\\\/schema\\\/logo\\\/image\\\/\"},\"sameAs\":[\"https:\\\/\\\/www.facebook.com\\\/AutoJM25\"]},{\"@type\":\"Person\",\"@id\":\"https:\\\/\\\/www.autojm.fr\\\/blog\\\/#\\\/schema\\\/person\\\/1cc83a91548d88a62eb8cf06f562a72c\",\"name\":\"Justine Tripard\",\"image\":{\"@type\":\"ImageObject\",\"inLanguage\":\"fr-FR\",\"@id\":\"https:\\\/\\\/secure.gravatar.com\\\/avatar\\\/b8b45209a4cf0b7b127b9238ec348090e7302306d2485eeaab17b6761fe84991?s=96&d=mm&r=g\",\"url\":\"https:\\\/\\\/secure.gravatar.com\\\/avatar\\\/b8b45209a4cf0b7b127b9238ec348090e7302306d2485eeaab17b6761fe84991?s=96&d=mm&r=g\",\"contentUrl\":\"https:\\\/\\\/secure.gravatar.com\\\/avatar\\\/b8b45209a4cf0b7b127b9238ec348090e7302306d2485eeaab17b6761fe84991?s=96&d=mm&r=g\",\"caption\":\"Justine Tripard\"},\"url\":\"https:\\\/\\\/www.autojm.fr\\\/blog\\\/author\\\/justine\\\/\"}]}<\/script>\n<!-- \/ Yoast SEO plugin. -->","yoast_head_json":{"title":"Tesla : Model S et Model Y les plus s\u00fbres de leurs cat\u00e9gories\u00a0","description":"Comme tous les ans, l\u2019Euro NCAP (European New Car Assessment Program) vient de publier son nouveau classement et Tesla...","robots":{"index":"index","follow":"follow","max-snippet":"max-snippet:-1","max-image-preview":"max-image-preview:large","max-video-preview":"max-video-preview:-1"},"canonical":"https:\/\/www.autojm.fr\/blog\/tesla-model-s-et-model-y-les-plus-sures-de-leurs-categories\/","og_locale":"fr_FR","og_type":"article","og_title":"Tesla : Model S et Model Y les plus s\u00fbres de leurs cat\u00e9gories\u00a0","og_description":"Comme tous les ans, l\u2019Euro NCAP (European New Car Assessment Program) vient de publier son nouveau classement et Tesla...","og_url":"https:\/\/www.autojm.fr\/blog\/tesla-model-s-et-model-y-les-plus-sures-de-leurs-categories\/","og_site_name":"AutoJM Mag","article_publisher":"https:\/\/www.facebook.com\/AutoJM25","article_published_time":"2023-01-13T07:30:00+00:00","article_modified_time":"2024-05-30T13:07:21+00:00","og_image":[{"width":1000,"height":500,"url":"https:\/\/www.autojm.fr\/blog\/wp-content\/uploads\/2023\/01\/Tesla-Model-S.jpg","type":"image\/jpeg"}],"author":"Justine Tripard","twitter_card":"summary_large_image","twitter_misc":{"\u00c9crit par":"Justine Tripard","Dur\u00e9e de lecture estim\u00e9e":"4 minutes"},"schema":{"@context":"https:\/\/schema.org","@graph":[{"@type":"Article","@id":"https:\/\/www.autojm.fr\/blog\/tesla-model-s-et-model-y-les-plus-sures-de-leurs-categories\/#article","isPartOf":{"@id":"https:\/\/www.autojm.fr\/blog\/tesla-model-s-et-model-y-les-plus-sures-de-leurs-categories\/"},"author":{"name":"Justine Tripard","@id":"https:\/\/www.autojm.fr\/blog\/#\/schema\/person\/1cc83a91548d88a62eb8cf06f562a72c"},"headline":"Tesla : Model S et Model Y les plus s\u00fbres de leurs cat\u00e9gories\u00a0","datePublished":"2023-01-13T07:30:00+00:00","dateModified":"2024-05-30T13:07:21+00:00","mainEntityOfPage":{"@id":"https:\/\/www.autojm.fr\/blog\/tesla-model-s-et-model-y-les-plus-sures-de-leurs-categories\/"},"wordCount":14,"commentCount":0,"publisher":{"@id":"https:\/\/www.autojm.fr\/blog\/#organization"},"image":{"@id":"https:\/\/www.autojm.fr\/blog\/tesla-model-s-et-model-y-les-plus-sures-de-leurs-categories\/#primaryimage"},"thumbnailUrl":"https:\/\/www.autojm.fr\/blog\/wp-content\/uploads\/2023\/01\/Tesla-Model-S.jpg","keywords":["408","autojm","Nissan Qashqai","Nissan X-Trail","nouvelle DS7","Tesla","Tesla Model S","Tesla Model Y","Toyota","Volkswagen"],"articleSection":["Actualit\u00e9s Tesla"],"inLanguage":"fr-FR","potentialAction":[{"@type":"CommentAction","name":"Comment","target":["https:\/\/www.autojm.fr\/blog\/tesla-model-s-et-model-y-les-plus-sures-de-leurs-categories\/#respond"]}]},{"@type":"WebPage","@id":"https:\/\/www.autojm.fr\/blog\/tesla-model-s-et-model-y-les-plus-sures-de-leurs-categories\/","url":"https:\/\/www.autojm.fr\/blog\/tesla-model-s-et-model-y-les-plus-sures-de-leurs-categories\/","name":"Tesla : Model S et Model Y les plus s\u00fbres de leurs cat\u00e9gories\u00a0","isPartOf":{"@id":"https:\/\/www.autojm.fr\/blog\/#website"},"primaryImageOfPage":{"@id":"https:\/\/www.autojm.fr\/blog\/tesla-model-s-et-model-y-les-plus-sures-de-leurs-categories\/#primaryimage"},"image":{"@id":"https:\/\/www.autojm.fr\/blog\/tesla-model-s-et-model-y-les-plus-sures-de-leurs-categories\/#primaryimage"},"thumbnailUrl":"https:\/\/www.autojm.fr\/blog\/wp-content\/uploads\/2023\/01\/Tesla-Model-S.jpg","datePublished":"2023-01-13T07:30:00+00:00","dateModified":"2024-05-30T13:07:21+00:00","description":"Comme tous les ans, l\u2019Euro NCAP (European New Car Assessment Program) vient de publier son nouveau classement et Tesla...","breadcrumb":{"@id":"https:\/\/www.autojm.fr\/blog\/tesla-model-s-et-model-y-les-plus-sures-de-leurs-categories\/#breadcrumb"},"inLanguage":"fr-FR","potentialAction":[{"@type":"ReadAction","target":["https:\/\/www.autojm.fr\/blog\/tesla-model-s-et-model-y-les-plus-sures-de-leurs-categories\/"]}]},{"@type":"ImageObject","inLanguage":"fr-FR","@id":"https:\/\/www.autojm.fr\/blog\/tesla-model-s-et-model-y-les-plus-sures-de-leurs-categories\/#primaryimage","url":"https:\/\/www.autojm.fr\/blog\/wp-content\/uploads\/2023\/01\/Tesla-Model-S.jpg","contentUrl":"https:\/\/www.autojm.fr\/blog\/wp-content\/uploads\/2023\/01\/Tesla-Model-S.jpg","width":1000,"height":500,"caption":"Tesla Model S"},{"@type":"BreadcrumbList","@id":"https:\/\/www.autojm.fr\/blog\/tesla-model-s-et-model-y-les-plus-sures-de-leurs-categories\/#breadcrumb","itemListElement":[{"@type":"ListItem","position":1,"name":"Accueil","item":"https:\/\/www.autojm.fr\/blog\/"},{"@type":"ListItem","position":2,"name":"Actualit\u00e9 Automobile","item":"https:\/\/www.autojm.fr\/blog\/actualite-automobile\/"},{"@type":"ListItem","position":3,"name":"Actualit\u00e9s Tesla","item":"https:\/\/www.autojm.fr\/blog\/actualite-automobile\/actualites-tesla\/"},{"@type":"ListItem","position":4,"name":"Tesla : Model S et Model Y les plus s\u00fbres de leurs cat\u00e9gories\u00a0"}]},{"@type":"WebSite","@id":"https:\/\/www.autojm.fr\/blog\/#website","url":"https:\/\/www.autojm.fr\/blog\/","name":"AutoJM Mag","description":"Toute l&#039;actu auto en 1 clic !","publisher":{"@id":"https:\/\/www.autojm.fr\/blog\/#organization"},"potentialAction":[{"@type":"SearchAction","target":{"@type":"EntryPoint","urlTemplate":"https:\/\/www.autojm.fr\/blog\/?s={search_term_string}"},"query-input":{"@type":"PropertyValueSpecification","valueRequired":true,"valueName":"search_term_string"}}],"inLanguage":"fr-FR"},{"@type":"Organization","@id":"https:\/\/www.autojm.fr\/blog\/#organization","name":"AutoJM Mag","url":"https:\/\/www.autojm.fr\/blog\/","logo":{"@type":"ImageObject","inLanguage":"fr-FR","@id":"https:\/\/www.autojm.fr\/blog\/#\/schema\/logo\/image\/","url":"https:\/\/www.autojm.fr\/blog\/wp-content\/uploads\/2022\/12\/cropped-AutoJMag-png.png","contentUrl":"https:\/\/www.autojm.fr\/blog\/wp-content\/uploads\/2022\/12\/cropped-AutoJMag-png.png","width":2834,"height":585,"caption":"AutoJM Mag"},"image":{"@id":"https:\/\/www.autojm.fr\/blog\/#\/schema\/logo\/image\/"},"sameAs":["https:\/\/www.facebook.com\/AutoJM25"]},{"@type":"Person","@id":"https:\/\/www.autojm.fr\/blog\/#\/schema\/person\/1cc83a91548d88a62eb8cf06f562a72c","name":"Justine Tripard","image":{"@type":"ImageObject","inLanguage":"fr-FR","@id":"https:\/\/secure.gravatar.com\/avatar\/b8b45209a4cf0b7b127b9238ec348090e7302306d2485eeaab17b6761fe84991?s=96&d=mm&r=g","url":"https:\/\/secure.gravatar.com\/avatar\/b8b45209a4cf0b7b127b9238ec348090e7302306d2485eeaab17b6761fe84991?s=96&d=mm&r=g","contentUrl":"https:\/\/secure.gravatar.com\/avatar\/b8b45209a4cf0b7b127b9238ec348090e7302306d2485eeaab17b6761fe84991?s=96&d=mm&r=g","caption":"Justine Tripard"},"url":"https:\/\/www.autojm.fr\/blog\/author\/justine\/"}]}},"_links":{"self":[{"href":"https:\/\/www.autojm.fr\/blog\/wp-json\/wp\/v2\/posts\/8211","targetHints":{"allow":["GET"]}}],"collection":[{"href":"https:\/\/www.autojm.fr\/blog\/wp-json\/wp\/v2\/posts"}],"about":[{"href":"https:\/\/www.autojm.fr\/blog\/wp-json\/wp\/v2\/types\/post"}],"author":[{"embeddable":true,"href":"https:\/\/www.autojm.fr\/blog\/wp-json\/wp\/v2\/users\/6"}],"replies":[{"embeddable":true,"href":"https:\/\/www.autojm.fr\/blog\/wp-json\/wp\/v2\/comments?post=8211"}],"version-history":[{"count":5,"href":"https:\/\/www.autojm.fr\/blog\/wp-json\/wp\/v2\/posts\/8211\/revisions"}],"predecessor-version":[{"id":8225,"href":"https:\/\/www.autojm.fr\/blog\/wp-json\/wp\/v2\/posts\/8211\/revisions\/8225"}],"wp:featuredmedia":[{"embeddable":true,"href":"https:\/\/www.autojm.fr\/blog\/wp-json\/wp\/v2\/media\/8219"}],"wp:attachment":[{"href":"https:\/\/www.autojm.fr\/blog\/wp-json\/wp\/v2\/media?parent=8211"}],"wp:term":[{"taxonomy":"category","embeddable":true,"href":"https:\/\/www.autojm.fr\/blog\/wp-json\/wp\/v2\/categories?post=8211"},{"taxonomy":"post_tag","embeddable":true,"href":"https:\/\/www.autojm.fr\/blog\/wp-json\/wp\/v2\/tags?post=8211"}],"curies":[{"name":"wp","href":"https:\/\/api.w.org\/{rel}","templated":true}]}}