{"id":8077,"date":"2023-01-09T14:41:41","date_gmt":"2023-01-09T14:41:41","guid":{"rendered":"https:\/\/www.autojm.fr\/blog\/?p=8077"},"modified":"2023-01-19T10:26:06","modified_gmt":"2023-01-19T10:26:06","slug":"power-la-filiale-de-renault-basee-en-espagne","status":"publish","type":"post","link":"https:\/\/www.autojm.fr\/blog\/power-la-filiale-de-renault-basee-en-espagne\/","title":{"rendered":"Power : la filiale de Renault bas\u00e9e en Espagne\u00a0"},"content":{"rendered":"","protected":false},"excerpt":{"rendered":"<p>Destin\u00e9 \u00e0 regrouper les activit\u00e9s du groupe Renault et de la marque au losange en mati\u00e8re de thermique et d\u2019hybride, le si\u00e8ge social de sa filiale Power devrait \u00eatre implant\u00e9 \u00e0 Alcobendas \u00e0 proximit\u00e9 de la capitale espagnole Madrid. <\/p>\n","protected":false},"author":6,"featured_media":8079,"comment_status":"open","ping_status":"open","sticky":false,"template":"","format":"standard","meta":{"_acf_changed":false,"content-type":"","footnotes":""},"categories":[5,3],"tags":[91,318,90,87,92,78,202,141,151],"class_list":["post-8077","post","type-post","status-publish","format-standard","has-post-thumbnail","hentry","category-actualite-automobile","category-actualites-renault","tag-arkana","tag-austral","tag-autojm","tag-captur","tag-clio-5","tag-renault","tag-renault-kadjar","tag-renault-megane","tag-renault-megane-estate"],"acf":[],"yoast_head":"<!-- This site is optimized with the Yoast SEO plugin v27.5 - https:\/\/yoast.com\/product\/yoast-seo-wordpress\/ -->\n<title>Power : la filiale de Renault bas\u00e9e en Espagne\u00a0 - AutoJM Mag<\/title>\n<meta name=\"description\" content=\"Destin\u00e9 \u00e0 regrouper les activit\u00e9s du groupe Renault et de la marque au losange en mati\u00e8re de thermique et d\u2019hybride, le si\u00e8ge social de sa...\" \/>\n<meta name=\"robots\" content=\"index, follow, max-snippet:-1, max-image-preview:large, max-video-preview:-1\" \/>\n<link rel=\"canonical\" href=\"https:\/\/www.autojm.fr\/blog\/power-la-filiale-de-renault-basee-en-espagne\/\" \/>\n<meta property=\"og:locale\" content=\"fr_FR\" \/>\n<meta property=\"og:type\" content=\"article\" \/>\n<meta property=\"og:title\" content=\"Power : la filiale de Renault bas\u00e9e en Espagne\u00a0 - AutoJM Mag\" \/>\n<meta property=\"og:description\" content=\"Destin\u00e9 \u00e0 regrouper les activit\u00e9s du groupe Renault et de la marque au losange en mati\u00e8re de thermique et d\u2019hybride, le si\u00e8ge social de sa...\" \/>\n<meta property=\"og:url\" content=\"https:\/\/www.autojm.fr\/blog\/power-la-filiale-de-renault-basee-en-espagne\/\" \/>\n<meta property=\"og:site_name\" content=\"AutoJM Mag\" \/>\n<meta property=\"article:publisher\" content=\"https:\/\/www.facebook.com\/AutoJM25\" \/>\n<meta property=\"article:published_time\" content=\"2023-01-09T14:41:41+00:00\" \/>\n<meta property=\"article:modified_time\" content=\"2023-01-19T10:26:06+00:00\" \/>\n<meta property=\"og:image\" content=\"https:\/\/www.autojm.fr\/blog\/wp-content\/uploads\/2023\/01\/Renault-ok.jpg\" \/>\n\t<meta property=\"og:image:width\" content=\"1000\" \/>\n\t<meta property=\"og:image:height\" content=\"500\" \/>\n\t<meta property=\"og:image:type\" content=\"image\/jpeg\" \/>\n<meta name=\"author\" content=\"Justine Tripard\" \/>\n<meta name=\"twitter:card\" content=\"summary_large_image\" \/>\n<meta name=\"twitter:label1\" content=\"\u00c9crit par\" \/>\n\t<meta name=\"twitter:data1\" content=\"Justine Tripard\" \/>\n<script type=\"application\/ld+json\" class=\"yoast-schema-graph\">{\"@context\":\"https:\\\/\\\/schema.org\",\"@graph\":[{\"@type\":\"Article\",\"@id\":\"https:\\\/\\\/www.autojm.fr\\\/blog\\\/power-la-filiale-de-renault-basee-en-espagne\\\/#article\",\"isPartOf\":{\"@id\":\"https:\\\/\\\/www.autojm.fr\\\/blog\\\/power-la-filiale-de-renault-basee-en-espagne\\\/\"},\"author\":{\"name\":\"Justine Tripard\",\"@id\":\"https:\\\/\\\/www.autojm.fr\\\/blog\\\/#\\\/schema\\\/person\\\/1cc83a91548d88a62eb8cf06f562a72c\"},\"headline\":\"Power : la filiale de Renault bas\u00e9e en Espagne\u00a0\",\"datePublished\":\"2023-01-09T14:41:41+00:00\",\"dateModified\":\"2023-01-19T10:26:06+00:00\",\"mainEntityOfPage\":{\"@id\":\"https:\\\/\\\/www.autojm.fr\\\/blog\\\/power-la-filiale-de-renault-basee-en-espagne\\\/\"},\"wordCount\":9,\"commentCount\":0,\"publisher\":{\"@id\":\"https:\\\/\\\/www.autojm.fr\\\/blog\\\/#organization\"},\"image\":{\"@id\":\"https:\\\/\\\/www.autojm.fr\\\/blog\\\/power-la-filiale-de-renault-basee-en-espagne\\\/#primaryimage\"},\"thumbnailUrl\":\"https:\\\/\\\/www.autojm.fr\\\/blog\\\/wp-content\\\/uploads\\\/2023\\\/01\\\/Renault-ok.jpg\",\"keywords\":[\"arkana\",\"Austral\",\"autojm\",\"captur\",\"Clio 5\",\"renault\",\"Renault Kadjar\",\"Renault Megane\",\"Renault Megane Estate\"],\"articleSection\":[\"Actualit\u00e9 Automobile\",\"Actualit\u00e9s Renault\"],\"inLanguage\":\"fr-FR\",\"potentialAction\":[{\"@type\":\"CommentAction\",\"name\":\"Comment\",\"target\":[\"https:\\\/\\\/www.autojm.fr\\\/blog\\\/power-la-filiale-de-renault-basee-en-espagne\\\/#respond\"]}]},{\"@type\":\"WebPage\",\"@id\":\"https:\\\/\\\/www.autojm.fr\\\/blog\\\/power-la-filiale-de-renault-basee-en-espagne\\\/\",\"url\":\"https:\\\/\\\/www.autojm.fr\\\/blog\\\/power-la-filiale-de-renault-basee-en-espagne\\\/\",\"name\":\"Power : la filiale de Renault bas\u00e9e en Espagne\u00a0 - AutoJM Mag\",\"isPartOf\":{\"@id\":\"https:\\\/\\\/www.autojm.fr\\\/blog\\\/#website\"},\"primaryImageOfPage\":{\"@id\":\"https:\\\/\\\/www.autojm.fr\\\/blog\\\/power-la-filiale-de-renault-basee-en-espagne\\\/#primaryimage\"},\"image\":{\"@id\":\"https:\\\/\\\/www.autojm.fr\\\/blog\\\/power-la-filiale-de-renault-basee-en-espagne\\\/#primaryimage\"},\"thumbnailUrl\":\"https:\\\/\\\/www.autojm.fr\\\/blog\\\/wp-content\\\/uploads\\\/2023\\\/01\\\/Renault-ok.jpg\",\"datePublished\":\"2023-01-09T14:41:41+00:00\",\"dateModified\":\"2023-01-19T10:26:06+00:00\",\"description\":\"Destin\u00e9 \u00e0 regrouper les activit\u00e9s du groupe Renault et de la marque au losange en mati\u00e8re de thermique et d\u2019hybride, le si\u00e8ge social de sa...\",\"breadcrumb\":{\"@id\":\"https:\\\/\\\/www.autojm.fr\\\/blog\\\/power-la-filiale-de-renault-basee-en-espagne\\\/#breadcrumb\"},\"inLanguage\":\"fr-FR\",\"potentialAction\":[{\"@type\":\"ReadAction\",\"target\":[\"https:\\\/\\\/www.autojm.fr\\\/blog\\\/power-la-filiale-de-renault-basee-en-espagne\\\/\"]}]},{\"@type\":\"ImageObject\",\"inLanguage\":\"fr-FR\",\"@id\":\"https:\\\/\\\/www.autojm.fr\\\/blog\\\/power-la-filiale-de-renault-basee-en-espagne\\\/#primaryimage\",\"url\":\"https:\\\/\\\/www.autojm.fr\\\/blog\\\/wp-content\\\/uploads\\\/2023\\\/01\\\/Renault-ok.jpg\",\"contentUrl\":\"https:\\\/\\\/www.autojm.fr\\\/blog\\\/wp-content\\\/uploads\\\/2023\\\/01\\\/Renault-ok.jpg\",\"width\":1000,\"height\":500,\"caption\":\"Logo Renault\"},{\"@type\":\"BreadcrumbList\",\"@id\":\"https:\\\/\\\/www.autojm.fr\\\/blog\\\/power-la-filiale-de-renault-basee-en-espagne\\\/#breadcrumb\",\"itemListElement\":[{\"@type\":\"ListItem\",\"position\":1,\"name\":\"Accueil\",\"item\":\"https:\\\/\\\/www.autojm.fr\\\/blog\\\/\"},{\"@type\":\"ListItem\",\"position\":2,\"name\":\"Actualit\u00e9 Automobile\",\"item\":\"https:\\\/\\\/www.autojm.fr\\\/blog\\\/actualite-automobile\\\/\"},{\"@type\":\"ListItem\",\"position\":3,\"name\":\"Power : la filiale de Renault bas\u00e9e en Espagne\u00a0\"}]},{\"@type\":\"WebSite\",\"@id\":\"https:\\\/\\\/www.autojm.fr\\\/blog\\\/#website\",\"url\":\"https:\\\/\\\/www.autojm.fr\\\/blog\\\/\",\"name\":\"AutoJM Mag\",\"description\":\"Toute l&#039;actu auto en 1 clic !\",\"publisher\":{\"@id\":\"https:\\\/\\\/www.autojm.fr\\\/blog\\\/#organization\"},\"potentialAction\":[{\"@type\":\"SearchAction\",\"target\":{\"@type\":\"EntryPoint\",\"urlTemplate\":\"https:\\\/\\\/www.autojm.fr\\\/blog\\\/?s={search_term_string}\"},\"query-input\":{\"@type\":\"PropertyValueSpecification\",\"valueRequired\":true,\"valueName\":\"search_term_string\"}}],\"inLanguage\":\"fr-FR\"},{\"@type\":\"Organization\",\"@id\":\"https:\\\/\\\/www.autojm.fr\\\/blog\\\/#organization\",\"name\":\"AutoJM Mag\",\"url\":\"https:\\\/\\\/www.autojm.fr\\\/blog\\\/\",\"logo\":{\"@type\":\"ImageObject\",\"inLanguage\":\"fr-FR\",\"@id\":\"https:\\\/\\\/www.autojm.fr\\\/blog\\\/#\\\/schema\\\/logo\\\/image\\\/\",\"url\":\"https:\\\/\\\/www.autojm.fr\\\/blog\\\/wp-content\\\/uploads\\\/2022\\\/12\\\/cropped-AutoJMag-png.png\",\"contentUrl\":\"https:\\\/\\\/www.autojm.fr\\\/blog\\\/wp-content\\\/uploads\\\/2022\\\/12\\\/cropped-AutoJMag-png.png\",\"width\":2834,\"height\":585,\"caption\":\"AutoJM Mag\"},\"image\":{\"@id\":\"https:\\\/\\\/www.autojm.fr\\\/blog\\\/#\\\/schema\\\/logo\\\/image\\\/\"},\"sameAs\":[\"https:\\\/\\\/www.facebook.com\\\/AutoJM25\"]},{\"@type\":\"Person\",\"@id\":\"https:\\\/\\\/www.autojm.fr\\\/blog\\\/#\\\/schema\\\/person\\\/1cc83a91548d88a62eb8cf06f562a72c\",\"name\":\"Justine Tripard\",\"image\":{\"@type\":\"ImageObject\",\"inLanguage\":\"fr-FR\",\"@id\":\"https:\\\/\\\/secure.gravatar.com\\\/avatar\\\/b8b45209a4cf0b7b127b9238ec348090e7302306d2485eeaab17b6761fe84991?s=96&d=mm&r=g\",\"url\":\"https:\\\/\\\/secure.gravatar.com\\\/avatar\\\/b8b45209a4cf0b7b127b9238ec348090e7302306d2485eeaab17b6761fe84991?s=96&d=mm&r=g\",\"contentUrl\":\"https:\\\/\\\/secure.gravatar.com\\\/avatar\\\/b8b45209a4cf0b7b127b9238ec348090e7302306d2485eeaab17b6761fe84991?s=96&d=mm&r=g\",\"caption\":\"Justine Tripard\"},\"url\":\"https:\\\/\\\/www.autojm.fr\\\/blog\\\/author\\\/justine\\\/\"}]}<\/script>\n<!-- \/ Yoast SEO plugin. -->","yoast_head_json":{"title":"Power : la filiale de Renault bas\u00e9e en Espagne\u00a0 - AutoJM Mag","description":"Destin\u00e9 \u00e0 regrouper les activit\u00e9s du groupe Renault et de la marque au losange en mati\u00e8re de thermique et d\u2019hybride, le si\u00e8ge social de sa...","robots":{"index":"index","follow":"follow","max-snippet":"max-snippet:-1","max-image-preview":"max-image-preview:large","max-video-preview":"max-video-preview:-1"},"canonical":"https:\/\/www.autojm.fr\/blog\/power-la-filiale-de-renault-basee-en-espagne\/","og_locale":"fr_FR","og_type":"article","og_title":"Power : la filiale de Renault bas\u00e9e en Espagne\u00a0 - AutoJM Mag","og_description":"Destin\u00e9 \u00e0 regrouper les activit\u00e9s du groupe Renault et de la marque au losange en mati\u00e8re de thermique et d\u2019hybride, le si\u00e8ge social de sa...","og_url":"https:\/\/www.autojm.fr\/blog\/power-la-filiale-de-renault-basee-en-espagne\/","og_site_name":"AutoJM Mag","article_publisher":"https:\/\/www.facebook.com\/AutoJM25","article_published_time":"2023-01-09T14:41:41+00:00","article_modified_time":"2023-01-19T10:26:06+00:00","og_image":[{"width":1000,"height":500,"url":"https:\/\/www.autojm.fr\/blog\/wp-content\/uploads\/2023\/01\/Renault-ok.jpg","type":"image\/jpeg"}],"author":"Justine Tripard","twitter_card":"summary_large_image","twitter_misc":{"\u00c9crit par":"Justine Tripard"},"schema":{"@context":"https:\/\/schema.org","@graph":[{"@type":"Article","@id":"https:\/\/www.autojm.fr\/blog\/power-la-filiale-de-renault-basee-en-espagne\/#article","isPartOf":{"@id":"https:\/\/www.autojm.fr\/blog\/power-la-filiale-de-renault-basee-en-espagne\/"},"author":{"name":"Justine Tripard","@id":"https:\/\/www.autojm.fr\/blog\/#\/schema\/person\/1cc83a91548d88a62eb8cf06f562a72c"},"headline":"Power : la filiale de Renault bas\u00e9e en Espagne\u00a0","datePublished":"2023-01-09T14:41:41+00:00","dateModified":"2023-01-19T10:26:06+00:00","mainEntityOfPage":{"@id":"https:\/\/www.autojm.fr\/blog\/power-la-filiale-de-renault-basee-en-espagne\/"},"wordCount":9,"commentCount":0,"publisher":{"@id":"https:\/\/www.autojm.fr\/blog\/#organization"},"image":{"@id":"https:\/\/www.autojm.fr\/blog\/power-la-filiale-de-renault-basee-en-espagne\/#primaryimage"},"thumbnailUrl":"https:\/\/www.autojm.fr\/blog\/wp-content\/uploads\/2023\/01\/Renault-ok.jpg","keywords":["arkana","Austral","autojm","captur","Clio 5","renault","Renault Kadjar","Renault Megane","Renault Megane Estate"],"articleSection":["Actualit\u00e9 Automobile","Actualit\u00e9s Renault"],"inLanguage":"fr-FR","potentialAction":[{"@type":"CommentAction","name":"Comment","target":["https:\/\/www.autojm.fr\/blog\/power-la-filiale-de-renault-basee-en-espagne\/#respond"]}]},{"@type":"WebPage","@id":"https:\/\/www.autojm.fr\/blog\/power-la-filiale-de-renault-basee-en-espagne\/","url":"https:\/\/www.autojm.fr\/blog\/power-la-filiale-de-renault-basee-en-espagne\/","name":"Power : la filiale de Renault bas\u00e9e en Espagne\u00a0 - AutoJM Mag","isPartOf":{"@id":"https:\/\/www.autojm.fr\/blog\/#website"},"primaryImageOfPage":{"@id":"https:\/\/www.autojm.fr\/blog\/power-la-filiale-de-renault-basee-en-espagne\/#primaryimage"},"image":{"@id":"https:\/\/www.autojm.fr\/blog\/power-la-filiale-de-renault-basee-en-espagne\/#primaryimage"},"thumbnailUrl":"https:\/\/www.autojm.fr\/blog\/wp-content\/uploads\/2023\/01\/Renault-ok.jpg","datePublished":"2023-01-09T14:41:41+00:00","dateModified":"2023-01-19T10:26:06+00:00","description":"Destin\u00e9 \u00e0 regrouper les activit\u00e9s du groupe Renault et de la marque au losange en mati\u00e8re de thermique et d\u2019hybride, le si\u00e8ge social de sa...","breadcrumb":{"@id":"https:\/\/www.autojm.fr\/blog\/power-la-filiale-de-renault-basee-en-espagne\/#breadcrumb"},"inLanguage":"fr-FR","potentialAction":[{"@type":"ReadAction","target":["https:\/\/www.autojm.fr\/blog\/power-la-filiale-de-renault-basee-en-espagne\/"]}]},{"@type":"ImageObject","inLanguage":"fr-FR","@id":"https:\/\/www.autojm.fr\/blog\/power-la-filiale-de-renault-basee-en-espagne\/#primaryimage","url":"https:\/\/www.autojm.fr\/blog\/wp-content\/uploads\/2023\/01\/Renault-ok.jpg","contentUrl":"https:\/\/www.autojm.fr\/blog\/wp-content\/uploads\/2023\/01\/Renault-ok.jpg","width":1000,"height":500,"caption":"Logo Renault"},{"@type":"BreadcrumbList","@id":"https:\/\/www.autojm.fr\/blog\/power-la-filiale-de-renault-basee-en-espagne\/#breadcrumb","itemListElement":[{"@type":"ListItem","position":1,"name":"Accueil","item":"https:\/\/www.autojm.fr\/blog\/"},{"@type":"ListItem","position":2,"name":"Actualit\u00e9 Automobile","item":"https:\/\/www.autojm.fr\/blog\/actualite-automobile\/"},{"@type":"ListItem","position":3,"name":"Power : la filiale de Renault bas\u00e9e en Espagne\u00a0"}]},{"@type":"WebSite","@id":"https:\/\/www.autojm.fr\/blog\/#website","url":"https:\/\/www.autojm.fr\/blog\/","name":"AutoJM Mag","description":"Toute l&#039;actu auto en 1 clic !","publisher":{"@id":"https:\/\/www.autojm.fr\/blog\/#organization"},"potentialAction":[{"@type":"SearchAction","target":{"@type":"EntryPoint","urlTemplate":"https:\/\/www.autojm.fr\/blog\/?s={search_term_string}"},"query-input":{"@type":"PropertyValueSpecification","valueRequired":true,"valueName":"search_term_string"}}],"inLanguage":"fr-FR"},{"@type":"Organization","@id":"https:\/\/www.autojm.fr\/blog\/#organization","name":"AutoJM Mag","url":"https:\/\/www.autojm.fr\/blog\/","logo":{"@type":"ImageObject","inLanguage":"fr-FR","@id":"https:\/\/www.autojm.fr\/blog\/#\/schema\/logo\/image\/","url":"https:\/\/www.autojm.fr\/blog\/wp-content\/uploads\/2022\/12\/cropped-AutoJMag-png.png","contentUrl":"https:\/\/www.autojm.fr\/blog\/wp-content\/uploads\/2022\/12\/cropped-AutoJMag-png.png","width":2834,"height":585,"caption":"AutoJM Mag"},"image":{"@id":"https:\/\/www.autojm.fr\/blog\/#\/schema\/logo\/image\/"},"sameAs":["https:\/\/www.facebook.com\/AutoJM25"]},{"@type":"Person","@id":"https:\/\/www.autojm.fr\/blog\/#\/schema\/person\/1cc83a91548d88a62eb8cf06f562a72c","name":"Justine Tripard","image":{"@type":"ImageObject","inLanguage":"fr-FR","@id":"https:\/\/secure.gravatar.com\/avatar\/b8b45209a4cf0b7b127b9238ec348090e7302306d2485eeaab17b6761fe84991?s=96&d=mm&r=g","url":"https:\/\/secure.gravatar.com\/avatar\/b8b45209a4cf0b7b127b9238ec348090e7302306d2485eeaab17b6761fe84991?s=96&d=mm&r=g","contentUrl":"https:\/\/secure.gravatar.com\/avatar\/b8b45209a4cf0b7b127b9238ec348090e7302306d2485eeaab17b6761fe84991?s=96&d=mm&r=g","caption":"Justine Tripard"},"url":"https:\/\/www.autojm.fr\/blog\/author\/justine\/"}]}},"_links":{"self":[{"href":"https:\/\/www.autojm.fr\/blog\/wp-json\/wp\/v2\/posts\/8077","targetHints":{"allow":["GET"]}}],"collection":[{"href":"https:\/\/www.autojm.fr\/blog\/wp-json\/wp\/v2\/posts"}],"about":[{"href":"https:\/\/www.autojm.fr\/blog\/wp-json\/wp\/v2\/types\/post"}],"author":[{"embeddable":true,"href":"https:\/\/www.autojm.fr\/blog\/wp-json\/wp\/v2\/users\/6"}],"replies":[{"embeddable":true,"href":"https:\/\/www.autojm.fr\/blog\/wp-json\/wp\/v2\/comments?post=8077"}],"version-history":[{"count":4,"href":"https:\/\/www.autojm.fr\/blog\/wp-json\/wp\/v2\/posts\/8077\/revisions"}],"predecessor-version":[{"id":8179,"href":"https:\/\/www.autojm.fr\/blog\/wp-json\/wp\/v2\/posts\/8077\/revisions\/8179"}],"wp:featuredmedia":[{"embeddable":true,"href":"https:\/\/www.autojm.fr\/blog\/wp-json\/wp\/v2\/media\/8079"}],"wp:attachment":[{"href":"https:\/\/www.autojm.fr\/blog\/wp-json\/wp\/v2\/media?parent=8077"}],"wp:term":[{"taxonomy":"category","embeddable":true,"href":"https:\/\/www.autojm.fr\/blog\/wp-json\/wp\/v2\/categories?post=8077"},{"taxonomy":"post_tag","embeddable":true,"href":"https:\/\/www.autojm.fr\/blog\/wp-json\/wp\/v2\/tags?post=8077"}],"curies":[{"name":"wp","href":"https:\/\/api.w.org\/{rel}","templated":true}]}}