{"id":8002,"date":"2023-01-04T13:37:15","date_gmt":"2023-01-04T13:37:15","guid":{"rendered":"https:\/\/www.autojm.fr\/blog\/?p=8002"},"modified":"2023-11-30T08:41:12","modified_gmt":"2023-11-30T08:41:12","slug":"bonus-ecologique-les-changements-au-1er-janvier-2023","status":"publish","type":"post","link":"https:\/\/www.autojm.fr\/blog\/bonus-ecologique-les-changements-au-1er-janvier-2023\/","title":{"rendered":"Bonus \u00e9cologique : les changements au 1er janvier 2023\u00a0"},"content":{"rendered":"","protected":false},"excerpt":{"rendered":"<p>Un d\u00e9cret paru au Journal Officiel du 30 d\u00e9cembre modifie les conditions d\u2019attribution ainsi que les montants d\u2019aide \u00e0 l\u2019acquisition de v\u00e9hicules \u00e9lectriques. M\u00eame si le bonus \u00e9cologique mis en place est moins g\u00e9n\u00e9reux qu\u2019en 2022, les m\u00e9nages les plus modestes b\u00e9n\u00e9ficient quant \u00e0 eux de primes revaloris\u00e9es \u00e0 partir du 1er janvier 2023. <\/p>\n","protected":false},"author":6,"featured_media":8006,"comment_status":"open","ping_status":"open","sticky":false,"template":"","format":"standard","meta":{"_acf_changed":false,"content-type":"","footnotes":""},"categories":[5],"tags":[318,90,74,105,110,108,107,73,78,81,96],"class_list":["post-8002","post","type-post","status-publish","format-standard","has-post-thumbnail","hentry","category-actualite-automobile","tag-austral","tag-autojm","tag-dacia","tag-ds","tag-fiat","tag-nissan","tag-opel","tag-peugeot","tag-renault","tag-t-roc","tag-volkswagen"],"acf":[],"yoast_head":"<!-- This site is optimized with the Yoast SEO plugin v27.5 - https:\/\/yoast.com\/product\/yoast-seo-wordpress\/ -->\n<title>Bonus \u00e9cologique : les changements au 1er janvier 2023\u00a0<\/title>\n<meta name=\"description\" content=\"Un d\u00e9cret paru au Journal Officiel du 30 d\u00e9cembre modifie les conditions d\u2019attribution ainsi que les montants d\u2019aide \u00e0 l\u2019acquisition de...\" \/>\n<meta name=\"robots\" content=\"index, follow, max-snippet:-1, max-image-preview:large, max-video-preview:-1\" \/>\n<link rel=\"canonical\" href=\"https:\/\/www.autojm.fr\/blog\/bonus-ecologique-les-changements-au-1er-janvier-2023\/\" \/>\n<meta property=\"og:locale\" content=\"fr_FR\" \/>\n<meta property=\"og:type\" content=\"article\" \/>\n<meta property=\"og:title\" content=\"Bonus \u00e9cologique : les changements au 1er janvier 2023\u00a0\" \/>\n<meta property=\"og:description\" content=\"Un d\u00e9cret paru au Journal Officiel du 30 d\u00e9cembre modifie les conditions d\u2019attribution ainsi que les montants d\u2019aide \u00e0 l\u2019acquisition de...\" \/>\n<meta property=\"og:url\" content=\"https:\/\/www.autojm.fr\/blog\/bonus-ecologique-les-changements-au-1er-janvier-2023\/\" \/>\n<meta property=\"og:site_name\" content=\"AutoJM Mag\" \/>\n<meta property=\"article:publisher\" content=\"https:\/\/www.facebook.com\/AutoJM25\" \/>\n<meta property=\"article:published_time\" content=\"2023-01-04T13:37:15+00:00\" \/>\n<meta property=\"article:modified_time\" content=\"2023-11-30T08:41:12+00:00\" \/>\n<meta property=\"og:image\" content=\"https:\/\/www.autojm.fr\/blog\/wp-content\/uploads\/2023\/01\/bonusok.jpg\" \/>\n\t<meta property=\"og:image:width\" content=\"1000\" \/>\n\t<meta property=\"og:image:height\" content=\"500\" \/>\n\t<meta property=\"og:image:type\" content=\"image\/jpeg\" \/>\n<meta name=\"author\" content=\"Justine Tripard\" \/>\n<meta name=\"twitter:card\" content=\"summary_large_image\" \/>\n<meta name=\"twitter:label1\" content=\"\u00c9crit par\" \/>\n\t<meta name=\"twitter:data1\" content=\"Justine Tripard\" \/>\n<script type=\"application\/ld+json\" class=\"yoast-schema-graph\">{\"@context\":\"https:\\\/\\\/schema.org\",\"@graph\":[{\"@type\":\"Article\",\"@id\":\"https:\\\/\\\/www.autojm.fr\\\/blog\\\/bonus-ecologique-les-changements-au-1er-janvier-2023\\\/#article\",\"isPartOf\":{\"@id\":\"https:\\\/\\\/www.autojm.fr\\\/blog\\\/bonus-ecologique-les-changements-au-1er-janvier-2023\\\/\"},\"author\":{\"name\":\"Justine Tripard\",\"@id\":\"https:\\\/\\\/www.autojm.fr\\\/blog\\\/#\\\/schema\\\/person\\\/1cc83a91548d88a62eb8cf06f562a72c\"},\"headline\":\"Bonus \u00e9cologique : les changements au 1er janvier 2023\u00a0\",\"datePublished\":\"2023-01-04T13:37:15+00:00\",\"dateModified\":\"2023-11-30T08:41:12+00:00\",\"mainEntityOfPage\":{\"@id\":\"https:\\\/\\\/www.autojm.fr\\\/blog\\\/bonus-ecologique-les-changements-au-1er-janvier-2023\\\/\"},\"wordCount\":7,\"commentCount\":0,\"publisher\":{\"@id\":\"https:\\\/\\\/www.autojm.fr\\\/blog\\\/#organization\"},\"image\":{\"@id\":\"https:\\\/\\\/www.autojm.fr\\\/blog\\\/bonus-ecologique-les-changements-au-1er-janvier-2023\\\/#primaryimage\"},\"thumbnailUrl\":\"https:\\\/\\\/www.autojm.fr\\\/blog\\\/wp-content\\\/uploads\\\/2023\\\/01\\\/bonusok.jpg\",\"keywords\":[\"Austral\",\"autojm\",\"dacia\",\"DS\",\"Fiat\",\"Nissan\",\"Opel\",\"peugeot\",\"renault\",\"t-roc\",\"Volkswagen\"],\"articleSection\":[\"Actualit\u00e9 Automobile\"],\"inLanguage\":\"fr-FR\",\"potentialAction\":[{\"@type\":\"CommentAction\",\"name\":\"Comment\",\"target\":[\"https:\\\/\\\/www.autojm.fr\\\/blog\\\/bonus-ecologique-les-changements-au-1er-janvier-2023\\\/#respond\"]}]},{\"@type\":\"WebPage\",\"@id\":\"https:\\\/\\\/www.autojm.fr\\\/blog\\\/bonus-ecologique-les-changements-au-1er-janvier-2023\\\/\",\"url\":\"https:\\\/\\\/www.autojm.fr\\\/blog\\\/bonus-ecologique-les-changements-au-1er-janvier-2023\\\/\",\"name\":\"Bonus \u00e9cologique : les changements au 1er janvier 2023\u00a0\",\"isPartOf\":{\"@id\":\"https:\\\/\\\/www.autojm.fr\\\/blog\\\/#website\"},\"primaryImageOfPage\":{\"@id\":\"https:\\\/\\\/www.autojm.fr\\\/blog\\\/bonus-ecologique-les-changements-au-1er-janvier-2023\\\/#primaryimage\"},\"image\":{\"@id\":\"https:\\\/\\\/www.autojm.fr\\\/blog\\\/bonus-ecologique-les-changements-au-1er-janvier-2023\\\/#primaryimage\"},\"thumbnailUrl\":\"https:\\\/\\\/www.autojm.fr\\\/blog\\\/wp-content\\\/uploads\\\/2023\\\/01\\\/bonusok.jpg\",\"datePublished\":\"2023-01-04T13:37:15+00:00\",\"dateModified\":\"2023-11-30T08:41:12+00:00\",\"description\":\"Un d\u00e9cret paru au Journal Officiel du 30 d\u00e9cembre modifie les conditions d\u2019attribution ainsi que les montants d\u2019aide \u00e0 l\u2019acquisition de...\",\"breadcrumb\":{\"@id\":\"https:\\\/\\\/www.autojm.fr\\\/blog\\\/bonus-ecologique-les-changements-au-1er-janvier-2023\\\/#breadcrumb\"},\"inLanguage\":\"fr-FR\",\"potentialAction\":[{\"@type\":\"ReadAction\",\"target\":[\"https:\\\/\\\/www.autojm.fr\\\/blog\\\/bonus-ecologique-les-changements-au-1er-janvier-2023\\\/\"]}]},{\"@type\":\"ImageObject\",\"inLanguage\":\"fr-FR\",\"@id\":\"https:\\\/\\\/www.autojm.fr\\\/blog\\\/bonus-ecologique-les-changements-au-1er-janvier-2023\\\/#primaryimage\",\"url\":\"https:\\\/\\\/www.autojm.fr\\\/blog\\\/wp-content\\\/uploads\\\/2023\\\/01\\\/bonusok.jpg\",\"contentUrl\":\"https:\\\/\\\/www.autojm.fr\\\/blog\\\/wp-content\\\/uploads\\\/2023\\\/01\\\/bonusok.jpg\",\"width\":1000,\"height\":500,\"caption\":\"Bonus \u00e9cologique\"},{\"@type\":\"BreadcrumbList\",\"@id\":\"https:\\\/\\\/www.autojm.fr\\\/blog\\\/bonus-ecologique-les-changements-au-1er-janvier-2023\\\/#breadcrumb\",\"itemListElement\":[{\"@type\":\"ListItem\",\"position\":1,\"name\":\"Accueil\",\"item\":\"https:\\\/\\\/www.autojm.fr\\\/blog\\\/\"},{\"@type\":\"ListItem\",\"position\":2,\"name\":\"Actualit\u00e9 Automobile\",\"item\":\"https:\\\/\\\/www.autojm.fr\\\/blog\\\/actualite-automobile\\\/\"},{\"@type\":\"ListItem\",\"position\":3,\"name\":\"Bonus \u00e9cologique : les changements au 1er janvier 2023\u00a0\"}]},{\"@type\":\"WebSite\",\"@id\":\"https:\\\/\\\/www.autojm.fr\\\/blog\\\/#website\",\"url\":\"https:\\\/\\\/www.autojm.fr\\\/blog\\\/\",\"name\":\"AutoJM Mag\",\"description\":\"Toute l&#039;actu auto en 1 clic !\",\"publisher\":{\"@id\":\"https:\\\/\\\/www.autojm.fr\\\/blog\\\/#organization\"},\"potentialAction\":[{\"@type\":\"SearchAction\",\"target\":{\"@type\":\"EntryPoint\",\"urlTemplate\":\"https:\\\/\\\/www.autojm.fr\\\/blog\\\/?s={search_term_string}\"},\"query-input\":{\"@type\":\"PropertyValueSpecification\",\"valueRequired\":true,\"valueName\":\"search_term_string\"}}],\"inLanguage\":\"fr-FR\"},{\"@type\":\"Organization\",\"@id\":\"https:\\\/\\\/www.autojm.fr\\\/blog\\\/#organization\",\"name\":\"AutoJM Mag\",\"url\":\"https:\\\/\\\/www.autojm.fr\\\/blog\\\/\",\"logo\":{\"@type\":\"ImageObject\",\"inLanguage\":\"fr-FR\",\"@id\":\"https:\\\/\\\/www.autojm.fr\\\/blog\\\/#\\\/schema\\\/logo\\\/image\\\/\",\"url\":\"https:\\\/\\\/www.autojm.fr\\\/blog\\\/wp-content\\\/uploads\\\/2022\\\/12\\\/cropped-AutoJMag-png.png\",\"contentUrl\":\"https:\\\/\\\/www.autojm.fr\\\/blog\\\/wp-content\\\/uploads\\\/2022\\\/12\\\/cropped-AutoJMag-png.png\",\"width\":2834,\"height\":585,\"caption\":\"AutoJM Mag\"},\"image\":{\"@id\":\"https:\\\/\\\/www.autojm.fr\\\/blog\\\/#\\\/schema\\\/logo\\\/image\\\/\"},\"sameAs\":[\"https:\\\/\\\/www.facebook.com\\\/AutoJM25\"]},{\"@type\":\"Person\",\"@id\":\"https:\\\/\\\/www.autojm.fr\\\/blog\\\/#\\\/schema\\\/person\\\/1cc83a91548d88a62eb8cf06f562a72c\",\"name\":\"Justine Tripard\",\"image\":{\"@type\":\"ImageObject\",\"inLanguage\":\"fr-FR\",\"@id\":\"https:\\\/\\\/secure.gravatar.com\\\/avatar\\\/b8b45209a4cf0b7b127b9238ec348090e7302306d2485eeaab17b6761fe84991?s=96&d=mm&r=g\",\"url\":\"https:\\\/\\\/secure.gravatar.com\\\/avatar\\\/b8b45209a4cf0b7b127b9238ec348090e7302306d2485eeaab17b6761fe84991?s=96&d=mm&r=g\",\"contentUrl\":\"https:\\\/\\\/secure.gravatar.com\\\/avatar\\\/b8b45209a4cf0b7b127b9238ec348090e7302306d2485eeaab17b6761fe84991?s=96&d=mm&r=g\",\"caption\":\"Justine Tripard\"},\"url\":\"https:\\\/\\\/www.autojm.fr\\\/blog\\\/author\\\/justine\\\/\"}]}<\/script>\n<!-- \/ Yoast SEO plugin. -->","yoast_head_json":{"title":"Bonus \u00e9cologique : les changements au 1er janvier 2023\u00a0","description":"Un d\u00e9cret paru au Journal Officiel du 30 d\u00e9cembre modifie les conditions d\u2019attribution ainsi que les montants d\u2019aide \u00e0 l\u2019acquisition de...","robots":{"index":"index","follow":"follow","max-snippet":"max-snippet:-1","max-image-preview":"max-image-preview:large","max-video-preview":"max-video-preview:-1"},"canonical":"https:\/\/www.autojm.fr\/blog\/bonus-ecologique-les-changements-au-1er-janvier-2023\/","og_locale":"fr_FR","og_type":"article","og_title":"Bonus \u00e9cologique : les changements au 1er janvier 2023\u00a0","og_description":"Un d\u00e9cret paru au Journal Officiel du 30 d\u00e9cembre modifie les conditions d\u2019attribution ainsi que les montants d\u2019aide \u00e0 l\u2019acquisition de...","og_url":"https:\/\/www.autojm.fr\/blog\/bonus-ecologique-les-changements-au-1er-janvier-2023\/","og_site_name":"AutoJM Mag","article_publisher":"https:\/\/www.facebook.com\/AutoJM25","article_published_time":"2023-01-04T13:37:15+00:00","article_modified_time":"2023-11-30T08:41:12+00:00","og_image":[{"width":1000,"height":500,"url":"https:\/\/www.autojm.fr\/blog\/wp-content\/uploads\/2023\/01\/bonusok.jpg","type":"image\/jpeg"}],"author":"Justine Tripard","twitter_card":"summary_large_image","twitter_misc":{"\u00c9crit par":"Justine Tripard"},"schema":{"@context":"https:\/\/schema.org","@graph":[{"@type":"Article","@id":"https:\/\/www.autojm.fr\/blog\/bonus-ecologique-les-changements-au-1er-janvier-2023\/#article","isPartOf":{"@id":"https:\/\/www.autojm.fr\/blog\/bonus-ecologique-les-changements-au-1er-janvier-2023\/"},"author":{"name":"Justine Tripard","@id":"https:\/\/www.autojm.fr\/blog\/#\/schema\/person\/1cc83a91548d88a62eb8cf06f562a72c"},"headline":"Bonus \u00e9cologique : les changements au 1er janvier 2023\u00a0","datePublished":"2023-01-04T13:37:15+00:00","dateModified":"2023-11-30T08:41:12+00:00","mainEntityOfPage":{"@id":"https:\/\/www.autojm.fr\/blog\/bonus-ecologique-les-changements-au-1er-janvier-2023\/"},"wordCount":7,"commentCount":0,"publisher":{"@id":"https:\/\/www.autojm.fr\/blog\/#organization"},"image":{"@id":"https:\/\/www.autojm.fr\/blog\/bonus-ecologique-les-changements-au-1er-janvier-2023\/#primaryimage"},"thumbnailUrl":"https:\/\/www.autojm.fr\/blog\/wp-content\/uploads\/2023\/01\/bonusok.jpg","keywords":["Austral","autojm","dacia","DS","Fiat","Nissan","Opel","peugeot","renault","t-roc","Volkswagen"],"articleSection":["Actualit\u00e9 Automobile"],"inLanguage":"fr-FR","potentialAction":[{"@type":"CommentAction","name":"Comment","target":["https:\/\/www.autojm.fr\/blog\/bonus-ecologique-les-changements-au-1er-janvier-2023\/#respond"]}]},{"@type":"WebPage","@id":"https:\/\/www.autojm.fr\/blog\/bonus-ecologique-les-changements-au-1er-janvier-2023\/","url":"https:\/\/www.autojm.fr\/blog\/bonus-ecologique-les-changements-au-1er-janvier-2023\/","name":"Bonus \u00e9cologique : les changements au 1er janvier 2023\u00a0","isPartOf":{"@id":"https:\/\/www.autojm.fr\/blog\/#website"},"primaryImageOfPage":{"@id":"https:\/\/www.autojm.fr\/blog\/bonus-ecologique-les-changements-au-1er-janvier-2023\/#primaryimage"},"image":{"@id":"https:\/\/www.autojm.fr\/blog\/bonus-ecologique-les-changements-au-1er-janvier-2023\/#primaryimage"},"thumbnailUrl":"https:\/\/www.autojm.fr\/blog\/wp-content\/uploads\/2023\/01\/bonusok.jpg","datePublished":"2023-01-04T13:37:15+00:00","dateModified":"2023-11-30T08:41:12+00:00","description":"Un d\u00e9cret paru au Journal Officiel du 30 d\u00e9cembre modifie les conditions d\u2019attribution ainsi que les montants d\u2019aide \u00e0 l\u2019acquisition de...","breadcrumb":{"@id":"https:\/\/www.autojm.fr\/blog\/bonus-ecologique-les-changements-au-1er-janvier-2023\/#breadcrumb"},"inLanguage":"fr-FR","potentialAction":[{"@type":"ReadAction","target":["https:\/\/www.autojm.fr\/blog\/bonus-ecologique-les-changements-au-1er-janvier-2023\/"]}]},{"@type":"ImageObject","inLanguage":"fr-FR","@id":"https:\/\/www.autojm.fr\/blog\/bonus-ecologique-les-changements-au-1er-janvier-2023\/#primaryimage","url":"https:\/\/www.autojm.fr\/blog\/wp-content\/uploads\/2023\/01\/bonusok.jpg","contentUrl":"https:\/\/www.autojm.fr\/blog\/wp-content\/uploads\/2023\/01\/bonusok.jpg","width":1000,"height":500,"caption":"Bonus \u00e9cologique"},{"@type":"BreadcrumbList","@id":"https:\/\/www.autojm.fr\/blog\/bonus-ecologique-les-changements-au-1er-janvier-2023\/#breadcrumb","itemListElement":[{"@type":"ListItem","position":1,"name":"Accueil","item":"https:\/\/www.autojm.fr\/blog\/"},{"@type":"ListItem","position":2,"name":"Actualit\u00e9 Automobile","item":"https:\/\/www.autojm.fr\/blog\/actualite-automobile\/"},{"@type":"ListItem","position":3,"name":"Bonus \u00e9cologique : les changements au 1er janvier 2023\u00a0"}]},{"@type":"WebSite","@id":"https:\/\/www.autojm.fr\/blog\/#website","url":"https:\/\/www.autojm.fr\/blog\/","name":"AutoJM Mag","description":"Toute l&#039;actu auto en 1 clic !","publisher":{"@id":"https:\/\/www.autojm.fr\/blog\/#organization"},"potentialAction":[{"@type":"SearchAction","target":{"@type":"EntryPoint","urlTemplate":"https:\/\/www.autojm.fr\/blog\/?s={search_term_string}"},"query-input":{"@type":"PropertyValueSpecification","valueRequired":true,"valueName":"search_term_string"}}],"inLanguage":"fr-FR"},{"@type":"Organization","@id":"https:\/\/www.autojm.fr\/blog\/#organization","name":"AutoJM Mag","url":"https:\/\/www.autojm.fr\/blog\/","logo":{"@type":"ImageObject","inLanguage":"fr-FR","@id":"https:\/\/www.autojm.fr\/blog\/#\/schema\/logo\/image\/","url":"https:\/\/www.autojm.fr\/blog\/wp-content\/uploads\/2022\/12\/cropped-AutoJMag-png.png","contentUrl":"https:\/\/www.autojm.fr\/blog\/wp-content\/uploads\/2022\/12\/cropped-AutoJMag-png.png","width":2834,"height":585,"caption":"AutoJM Mag"},"image":{"@id":"https:\/\/www.autojm.fr\/blog\/#\/schema\/logo\/image\/"},"sameAs":["https:\/\/www.facebook.com\/AutoJM25"]},{"@type":"Person","@id":"https:\/\/www.autojm.fr\/blog\/#\/schema\/person\/1cc83a91548d88a62eb8cf06f562a72c","name":"Justine Tripard","image":{"@type":"ImageObject","inLanguage":"fr-FR","@id":"https:\/\/secure.gravatar.com\/avatar\/b8b45209a4cf0b7b127b9238ec348090e7302306d2485eeaab17b6761fe84991?s=96&d=mm&r=g","url":"https:\/\/secure.gravatar.com\/avatar\/b8b45209a4cf0b7b127b9238ec348090e7302306d2485eeaab17b6761fe84991?s=96&d=mm&r=g","contentUrl":"https:\/\/secure.gravatar.com\/avatar\/b8b45209a4cf0b7b127b9238ec348090e7302306d2485eeaab17b6761fe84991?s=96&d=mm&r=g","caption":"Justine Tripard"},"url":"https:\/\/www.autojm.fr\/blog\/author\/justine\/"}]}},"_links":{"self":[{"href":"https:\/\/www.autojm.fr\/blog\/wp-json\/wp\/v2\/posts\/8002","targetHints":{"allow":["GET"]}}],"collection":[{"href":"https:\/\/www.autojm.fr\/blog\/wp-json\/wp\/v2\/posts"}],"about":[{"href":"https:\/\/www.autojm.fr\/blog\/wp-json\/wp\/v2\/types\/post"}],"author":[{"embeddable":true,"href":"https:\/\/www.autojm.fr\/blog\/wp-json\/wp\/v2\/users\/6"}],"replies":[{"embeddable":true,"href":"https:\/\/www.autojm.fr\/blog\/wp-json\/wp\/v2\/comments?post=8002"}],"version-history":[{"count":7,"href":"https:\/\/www.autojm.fr\/blog\/wp-json\/wp\/v2\/posts\/8002\/revisions"}],"predecessor-version":[{"id":14530,"href":"https:\/\/www.autojm.fr\/blog\/wp-json\/wp\/v2\/posts\/8002\/revisions\/14530"}],"wp:featuredmedia":[{"embeddable":true,"href":"https:\/\/www.autojm.fr\/blog\/wp-json\/wp\/v2\/media\/8006"}],"wp:attachment":[{"href":"https:\/\/www.autojm.fr\/blog\/wp-json\/wp\/v2\/media?parent=8002"}],"wp:term":[{"taxonomy":"category","embeddable":true,"href":"https:\/\/www.autojm.fr\/blog\/wp-json\/wp\/v2\/categories?post=8002"},{"taxonomy":"post_tag","embeddable":true,"href":"https:\/\/www.autojm.fr\/blog\/wp-json\/wp\/v2\/tags?post=8002"}],"curies":[{"name":"wp","href":"https:\/\/api.w.org\/{rel}","templated":true}]}}