{"id":7892,"date":"2022-12-23T08:15:00","date_gmt":"2022-12-23T08:15:00","guid":{"rendered":"https:\/\/www.autojm.fr\/blog\/?p=7892"},"modified":"2024-05-30T13:11:48","modified_gmt":"2024-05-30T13:11:48","slug":"plaque-dimmatriculation-suisse-guide-et-demarches","status":"publish","type":"post","link":"https:\/\/www.autojm.fr\/blog\/plaque-dimmatriculation-suisse-guide-et-demarches\/","title":{"rendered":"Plaque d\u2019immatriculation suisse : Guide et d\u00e9marches\u00a0"},"content":{"rendered":"","protected":false},"excerpt":{"rendered":"<p>Pour faire une demande d\u2019immatriculation d\u2019un v\u00e9hicule neuf en Suisse, il est n\u00e9cessaire de le d\u00e9clarer en prenant contact avec le service des automobiles et en remplissant un formulaire (disponible en ligne) propre au canton de r\u00e9sidence.\u00a0<\/p>\n","protected":false},"author":6,"featured_media":7904,"comment_status":"open","ping_status":"open","sticky":false,"template":"","format":"standard","meta":{"_acf_changed":false,"content-type":"","footnotes":""},"categories":[22],"tags":[90],"class_list":["post-7892","post","type-post","status-publish","format-standard","has-post-thumbnail","hentry","category-conseils-astuces","tag-autojm"],"acf":[],"yoast_head":"<!-- This site is optimized with the Yoast SEO plugin v27.5 - https:\/\/yoast.com\/product\/yoast-seo-wordpress\/ -->\n<title>Plaque d\u2019immatriculation suisse : Guide et d\u00e9marches\u00a0 AutoJM Mag<\/title>\n<meta name=\"description\" content=\"Pour faire une demande d\u2019immatriculation d\u2019un v\u00e9hicule neuf en Suisse, il est n\u00e9cessaire de le d\u00e9clarer en prenant contact avec le service...\" \/>\n<meta name=\"robots\" content=\"index, follow, max-snippet:-1, max-image-preview:large, max-video-preview:-1\" \/>\n<link rel=\"canonical\" href=\"https:\/\/www.autojm.fr\/blog\/plaque-dimmatriculation-suisse-guide-et-demarches\/\" \/>\n<meta property=\"og:locale\" content=\"fr_FR\" \/>\n<meta property=\"og:type\" content=\"article\" \/>\n<meta property=\"og:title\" content=\"Plaque d\u2019immatriculation suisse : Guide et d\u00e9marches\u00a0 AutoJM Mag\" \/>\n<meta property=\"og:description\" content=\"Pour faire une demande d\u2019immatriculation d\u2019un v\u00e9hicule neuf en Suisse, il est n\u00e9cessaire de le d\u00e9clarer en prenant contact avec le service...\" \/>\n<meta property=\"og:url\" content=\"https:\/\/www.autojm.fr\/blog\/plaque-dimmatriculation-suisse-guide-et-demarches\/\" \/>\n<meta property=\"og:site_name\" content=\"AutoJM Mag\" \/>\n<meta property=\"article:publisher\" content=\"https:\/\/www.facebook.com\/AutoJM25\" \/>\n<meta property=\"article:published_time\" content=\"2022-12-23T08:15:00+00:00\" \/>\n<meta property=\"article:modified_time\" content=\"2024-05-30T13:11:48+00:00\" \/>\n<meta property=\"og:image\" content=\"https:\/\/www.autojm.fr\/blog\/wp-content\/uploads\/2022\/12\/Plaque-suisse.jpg\" \/>\n\t<meta property=\"og:image:width\" content=\"1000\" \/>\n\t<meta property=\"og:image:height\" content=\"500\" \/>\n\t<meta property=\"og:image:type\" content=\"image\/jpeg\" \/>\n<meta name=\"author\" content=\"Justine Tripard\" \/>\n<meta name=\"twitter:card\" content=\"summary_large_image\" \/>\n<meta name=\"twitter:label1\" content=\"\u00c9crit par\" \/>\n\t<meta name=\"twitter:data1\" content=\"Justine Tripard\" \/>\n\t<meta name=\"twitter:label2\" content=\"Dur\u00e9e de lecture estim\u00e9e\" \/>\n\t<meta name=\"twitter:data2\" content=\"5 minutes\" \/>\n<script type=\"application\/ld+json\" class=\"yoast-schema-graph\">{\"@context\":\"https:\\\/\\\/schema.org\",\"@graph\":[{\"@type\":\"Article\",\"@id\":\"https:\\\/\\\/www.autojm.fr\\\/blog\\\/plaque-dimmatriculation-suisse-guide-et-demarches\\\/#article\",\"isPartOf\":{\"@id\":\"https:\\\/\\\/www.autojm.fr\\\/blog\\\/plaque-dimmatriculation-suisse-guide-et-demarches\\\/\"},\"author\":{\"name\":\"Justine Tripard\",\"@id\":\"https:\\\/\\\/www.autojm.fr\\\/blog\\\/#\\\/schema\\\/person\\\/1cc83a91548d88a62eb8cf06f562a72c\"},\"headline\":\"Plaque d\u2019immatriculation suisse : Guide et d\u00e9marches\u00a0\",\"datePublished\":\"2022-12-23T08:15:00+00:00\",\"dateModified\":\"2024-05-30T13:11:48+00:00\",\"mainEntityOfPage\":{\"@id\":\"https:\\\/\\\/www.autojm.fr\\\/blog\\\/plaque-dimmatriculation-suisse-guide-et-demarches\\\/\"},\"wordCount\":8,\"commentCount\":0,\"publisher\":{\"@id\":\"https:\\\/\\\/www.autojm.fr\\\/blog\\\/#organization\"},\"image\":{\"@id\":\"https:\\\/\\\/www.autojm.fr\\\/blog\\\/plaque-dimmatriculation-suisse-guide-et-demarches\\\/#primaryimage\"},\"thumbnailUrl\":\"https:\\\/\\\/www.autojm.fr\\\/blog\\\/wp-content\\\/uploads\\\/2022\\\/12\\\/Plaque-suisse.jpg\",\"keywords\":[\"autojm\"],\"articleSection\":[\"Conseils &amp; Astuces\"],\"inLanguage\":\"fr-FR\",\"potentialAction\":[{\"@type\":\"CommentAction\",\"name\":\"Comment\",\"target\":[\"https:\\\/\\\/www.autojm.fr\\\/blog\\\/plaque-dimmatriculation-suisse-guide-et-demarches\\\/#respond\"]}]},{\"@type\":\"WebPage\",\"@id\":\"https:\\\/\\\/www.autojm.fr\\\/blog\\\/plaque-dimmatriculation-suisse-guide-et-demarches\\\/\",\"url\":\"https:\\\/\\\/www.autojm.fr\\\/blog\\\/plaque-dimmatriculation-suisse-guide-et-demarches\\\/\",\"name\":\"Plaque d\u2019immatriculation suisse : Guide et d\u00e9marches\u00a0 AutoJM Mag\",\"isPartOf\":{\"@id\":\"https:\\\/\\\/www.autojm.fr\\\/blog\\\/#website\"},\"primaryImageOfPage\":{\"@id\":\"https:\\\/\\\/www.autojm.fr\\\/blog\\\/plaque-dimmatriculation-suisse-guide-et-demarches\\\/#primaryimage\"},\"image\":{\"@id\":\"https:\\\/\\\/www.autojm.fr\\\/blog\\\/plaque-dimmatriculation-suisse-guide-et-demarches\\\/#primaryimage\"},\"thumbnailUrl\":\"https:\\\/\\\/www.autojm.fr\\\/blog\\\/wp-content\\\/uploads\\\/2022\\\/12\\\/Plaque-suisse.jpg\",\"datePublished\":\"2022-12-23T08:15:00+00:00\",\"dateModified\":\"2024-05-30T13:11:48+00:00\",\"description\":\"Pour faire une demande d\u2019immatriculation d\u2019un v\u00e9hicule neuf en Suisse, il est n\u00e9cessaire de le d\u00e9clarer en prenant contact avec le service...\",\"breadcrumb\":{\"@id\":\"https:\\\/\\\/www.autojm.fr\\\/blog\\\/plaque-dimmatriculation-suisse-guide-et-demarches\\\/#breadcrumb\"},\"inLanguage\":\"fr-FR\",\"potentialAction\":[{\"@type\":\"ReadAction\",\"target\":[\"https:\\\/\\\/www.autojm.fr\\\/blog\\\/plaque-dimmatriculation-suisse-guide-et-demarches\\\/\"]}]},{\"@type\":\"ImageObject\",\"inLanguage\":\"fr-FR\",\"@id\":\"https:\\\/\\\/www.autojm.fr\\\/blog\\\/plaque-dimmatriculation-suisse-guide-et-demarches\\\/#primaryimage\",\"url\":\"https:\\\/\\\/www.autojm.fr\\\/blog\\\/wp-content\\\/uploads\\\/2022\\\/12\\\/Plaque-suisse.jpg\",\"contentUrl\":\"https:\\\/\\\/www.autojm.fr\\\/blog\\\/wp-content\\\/uploads\\\/2022\\\/12\\\/Plaque-suisse.jpg\",\"width\":1000,\"height\":500,\"caption\":\"Plaque d'immatriculation suisse\"},{\"@type\":\"BreadcrumbList\",\"@id\":\"https:\\\/\\\/www.autojm.fr\\\/blog\\\/plaque-dimmatriculation-suisse-guide-et-demarches\\\/#breadcrumb\",\"itemListElement\":[{\"@type\":\"ListItem\",\"position\":1,\"name\":\"Accueil\",\"item\":\"https:\\\/\\\/www.autojm.fr\\\/blog\\\/\"},{\"@type\":\"ListItem\",\"position\":2,\"name\":\"Conseils &amp; Astuces\",\"item\":\"https:\\\/\\\/www.autojm.fr\\\/blog\\\/conseils-astuces\\\/\"},{\"@type\":\"ListItem\",\"position\":3,\"name\":\"Plaque d\u2019immatriculation suisse : Guide et d\u00e9marches\u00a0\"}]},{\"@type\":\"WebSite\",\"@id\":\"https:\\\/\\\/www.autojm.fr\\\/blog\\\/#website\",\"url\":\"https:\\\/\\\/www.autojm.fr\\\/blog\\\/\",\"name\":\"AutoJM Mag\",\"description\":\"Toute l&#039;actu auto en 1 clic !\",\"publisher\":{\"@id\":\"https:\\\/\\\/www.autojm.fr\\\/blog\\\/#organization\"},\"potentialAction\":[{\"@type\":\"SearchAction\",\"target\":{\"@type\":\"EntryPoint\",\"urlTemplate\":\"https:\\\/\\\/www.autojm.fr\\\/blog\\\/?s={search_term_string}\"},\"query-input\":{\"@type\":\"PropertyValueSpecification\",\"valueRequired\":true,\"valueName\":\"search_term_string\"}}],\"inLanguage\":\"fr-FR\"},{\"@type\":\"Organization\",\"@id\":\"https:\\\/\\\/www.autojm.fr\\\/blog\\\/#organization\",\"name\":\"AutoJM Mag\",\"url\":\"https:\\\/\\\/www.autojm.fr\\\/blog\\\/\",\"logo\":{\"@type\":\"ImageObject\",\"inLanguage\":\"fr-FR\",\"@id\":\"https:\\\/\\\/www.autojm.fr\\\/blog\\\/#\\\/schema\\\/logo\\\/image\\\/\",\"url\":\"https:\\\/\\\/www.autojm.fr\\\/blog\\\/wp-content\\\/uploads\\\/2022\\\/12\\\/cropped-AutoJMag-png.png\",\"contentUrl\":\"https:\\\/\\\/www.autojm.fr\\\/blog\\\/wp-content\\\/uploads\\\/2022\\\/12\\\/cropped-AutoJMag-png.png\",\"width\":2834,\"height\":585,\"caption\":\"AutoJM Mag\"},\"image\":{\"@id\":\"https:\\\/\\\/www.autojm.fr\\\/blog\\\/#\\\/schema\\\/logo\\\/image\\\/\"},\"sameAs\":[\"https:\\\/\\\/www.facebook.com\\\/AutoJM25\"]},{\"@type\":\"Person\",\"@id\":\"https:\\\/\\\/www.autojm.fr\\\/blog\\\/#\\\/schema\\\/person\\\/1cc83a91548d88a62eb8cf06f562a72c\",\"name\":\"Justine Tripard\",\"image\":{\"@type\":\"ImageObject\",\"inLanguage\":\"fr-FR\",\"@id\":\"https:\\\/\\\/secure.gravatar.com\\\/avatar\\\/b8b45209a4cf0b7b127b9238ec348090e7302306d2485eeaab17b6761fe84991?s=96&d=mm&r=g\",\"url\":\"https:\\\/\\\/secure.gravatar.com\\\/avatar\\\/b8b45209a4cf0b7b127b9238ec348090e7302306d2485eeaab17b6761fe84991?s=96&d=mm&r=g\",\"contentUrl\":\"https:\\\/\\\/secure.gravatar.com\\\/avatar\\\/b8b45209a4cf0b7b127b9238ec348090e7302306d2485eeaab17b6761fe84991?s=96&d=mm&r=g\",\"caption\":\"Justine Tripard\"},\"url\":\"https:\\\/\\\/www.autojm.fr\\\/blog\\\/author\\\/justine\\\/\"}]}<\/script>\n<!-- \/ Yoast SEO plugin. -->","yoast_head_json":{"title":"Plaque d\u2019immatriculation suisse : Guide et d\u00e9marches\u00a0 AutoJM Mag","description":"Pour faire une demande d\u2019immatriculation d\u2019un v\u00e9hicule neuf en Suisse, il est n\u00e9cessaire de le d\u00e9clarer en prenant contact avec le service...","robots":{"index":"index","follow":"follow","max-snippet":"max-snippet:-1","max-image-preview":"max-image-preview:large","max-video-preview":"max-video-preview:-1"},"canonical":"https:\/\/www.autojm.fr\/blog\/plaque-dimmatriculation-suisse-guide-et-demarches\/","og_locale":"fr_FR","og_type":"article","og_title":"Plaque d\u2019immatriculation suisse : Guide et d\u00e9marches\u00a0 AutoJM Mag","og_description":"Pour faire une demande d\u2019immatriculation d\u2019un v\u00e9hicule neuf en Suisse, il est n\u00e9cessaire de le d\u00e9clarer en prenant contact avec le service...","og_url":"https:\/\/www.autojm.fr\/blog\/plaque-dimmatriculation-suisse-guide-et-demarches\/","og_site_name":"AutoJM Mag","article_publisher":"https:\/\/www.facebook.com\/AutoJM25","article_published_time":"2022-12-23T08:15:00+00:00","article_modified_time":"2024-05-30T13:11:48+00:00","og_image":[{"width":1000,"height":500,"url":"https:\/\/www.autojm.fr\/blog\/wp-content\/uploads\/2022\/12\/Plaque-suisse.jpg","type":"image\/jpeg"}],"author":"Justine Tripard","twitter_card":"summary_large_image","twitter_misc":{"\u00c9crit par":"Justine Tripard","Dur\u00e9e de lecture estim\u00e9e":"5 minutes"},"schema":{"@context":"https:\/\/schema.org","@graph":[{"@type":"Article","@id":"https:\/\/www.autojm.fr\/blog\/plaque-dimmatriculation-suisse-guide-et-demarches\/#article","isPartOf":{"@id":"https:\/\/www.autojm.fr\/blog\/plaque-dimmatriculation-suisse-guide-et-demarches\/"},"author":{"name":"Justine Tripard","@id":"https:\/\/www.autojm.fr\/blog\/#\/schema\/person\/1cc83a91548d88a62eb8cf06f562a72c"},"headline":"Plaque d\u2019immatriculation suisse : Guide et d\u00e9marches\u00a0","datePublished":"2022-12-23T08:15:00+00:00","dateModified":"2024-05-30T13:11:48+00:00","mainEntityOfPage":{"@id":"https:\/\/www.autojm.fr\/blog\/plaque-dimmatriculation-suisse-guide-et-demarches\/"},"wordCount":8,"commentCount":0,"publisher":{"@id":"https:\/\/www.autojm.fr\/blog\/#organization"},"image":{"@id":"https:\/\/www.autojm.fr\/blog\/plaque-dimmatriculation-suisse-guide-et-demarches\/#primaryimage"},"thumbnailUrl":"https:\/\/www.autojm.fr\/blog\/wp-content\/uploads\/2022\/12\/Plaque-suisse.jpg","keywords":["autojm"],"articleSection":["Conseils &amp; Astuces"],"inLanguage":"fr-FR","potentialAction":[{"@type":"CommentAction","name":"Comment","target":["https:\/\/www.autojm.fr\/blog\/plaque-dimmatriculation-suisse-guide-et-demarches\/#respond"]}]},{"@type":"WebPage","@id":"https:\/\/www.autojm.fr\/blog\/plaque-dimmatriculation-suisse-guide-et-demarches\/","url":"https:\/\/www.autojm.fr\/blog\/plaque-dimmatriculation-suisse-guide-et-demarches\/","name":"Plaque d\u2019immatriculation suisse : Guide et d\u00e9marches\u00a0 AutoJM Mag","isPartOf":{"@id":"https:\/\/www.autojm.fr\/blog\/#website"},"primaryImageOfPage":{"@id":"https:\/\/www.autojm.fr\/blog\/plaque-dimmatriculation-suisse-guide-et-demarches\/#primaryimage"},"image":{"@id":"https:\/\/www.autojm.fr\/blog\/plaque-dimmatriculation-suisse-guide-et-demarches\/#primaryimage"},"thumbnailUrl":"https:\/\/www.autojm.fr\/blog\/wp-content\/uploads\/2022\/12\/Plaque-suisse.jpg","datePublished":"2022-12-23T08:15:00+00:00","dateModified":"2024-05-30T13:11:48+00:00","description":"Pour faire une demande d\u2019immatriculation d\u2019un v\u00e9hicule neuf en Suisse, il est n\u00e9cessaire de le d\u00e9clarer en prenant contact avec le service...","breadcrumb":{"@id":"https:\/\/www.autojm.fr\/blog\/plaque-dimmatriculation-suisse-guide-et-demarches\/#breadcrumb"},"inLanguage":"fr-FR","potentialAction":[{"@type":"ReadAction","target":["https:\/\/www.autojm.fr\/blog\/plaque-dimmatriculation-suisse-guide-et-demarches\/"]}]},{"@type":"ImageObject","inLanguage":"fr-FR","@id":"https:\/\/www.autojm.fr\/blog\/plaque-dimmatriculation-suisse-guide-et-demarches\/#primaryimage","url":"https:\/\/www.autojm.fr\/blog\/wp-content\/uploads\/2022\/12\/Plaque-suisse.jpg","contentUrl":"https:\/\/www.autojm.fr\/blog\/wp-content\/uploads\/2022\/12\/Plaque-suisse.jpg","width":1000,"height":500,"caption":"Plaque d'immatriculation suisse"},{"@type":"BreadcrumbList","@id":"https:\/\/www.autojm.fr\/blog\/plaque-dimmatriculation-suisse-guide-et-demarches\/#breadcrumb","itemListElement":[{"@type":"ListItem","position":1,"name":"Accueil","item":"https:\/\/www.autojm.fr\/blog\/"},{"@type":"ListItem","position":2,"name":"Conseils &amp; Astuces","item":"https:\/\/www.autojm.fr\/blog\/conseils-astuces\/"},{"@type":"ListItem","position":3,"name":"Plaque d\u2019immatriculation suisse : Guide et d\u00e9marches\u00a0"}]},{"@type":"WebSite","@id":"https:\/\/www.autojm.fr\/blog\/#website","url":"https:\/\/www.autojm.fr\/blog\/","name":"AutoJM Mag","description":"Toute l&#039;actu auto en 1 clic !","publisher":{"@id":"https:\/\/www.autojm.fr\/blog\/#organization"},"potentialAction":[{"@type":"SearchAction","target":{"@type":"EntryPoint","urlTemplate":"https:\/\/www.autojm.fr\/blog\/?s={search_term_string}"},"query-input":{"@type":"PropertyValueSpecification","valueRequired":true,"valueName":"search_term_string"}}],"inLanguage":"fr-FR"},{"@type":"Organization","@id":"https:\/\/www.autojm.fr\/blog\/#organization","name":"AutoJM Mag","url":"https:\/\/www.autojm.fr\/blog\/","logo":{"@type":"ImageObject","inLanguage":"fr-FR","@id":"https:\/\/www.autojm.fr\/blog\/#\/schema\/logo\/image\/","url":"https:\/\/www.autojm.fr\/blog\/wp-content\/uploads\/2022\/12\/cropped-AutoJMag-png.png","contentUrl":"https:\/\/www.autojm.fr\/blog\/wp-content\/uploads\/2022\/12\/cropped-AutoJMag-png.png","width":2834,"height":585,"caption":"AutoJM Mag"},"image":{"@id":"https:\/\/www.autojm.fr\/blog\/#\/schema\/logo\/image\/"},"sameAs":["https:\/\/www.facebook.com\/AutoJM25"]},{"@type":"Person","@id":"https:\/\/www.autojm.fr\/blog\/#\/schema\/person\/1cc83a91548d88a62eb8cf06f562a72c","name":"Justine Tripard","image":{"@type":"ImageObject","inLanguage":"fr-FR","@id":"https:\/\/secure.gravatar.com\/avatar\/b8b45209a4cf0b7b127b9238ec348090e7302306d2485eeaab17b6761fe84991?s=96&d=mm&r=g","url":"https:\/\/secure.gravatar.com\/avatar\/b8b45209a4cf0b7b127b9238ec348090e7302306d2485eeaab17b6761fe84991?s=96&d=mm&r=g","contentUrl":"https:\/\/secure.gravatar.com\/avatar\/b8b45209a4cf0b7b127b9238ec348090e7302306d2485eeaab17b6761fe84991?s=96&d=mm&r=g","caption":"Justine Tripard"},"url":"https:\/\/www.autojm.fr\/blog\/author\/justine\/"}]}},"_links":{"self":[{"href":"https:\/\/www.autojm.fr\/blog\/wp-json\/wp\/v2\/posts\/7892","targetHints":{"allow":["GET"]}}],"collection":[{"href":"https:\/\/www.autojm.fr\/blog\/wp-json\/wp\/v2\/posts"}],"about":[{"href":"https:\/\/www.autojm.fr\/blog\/wp-json\/wp\/v2\/types\/post"}],"author":[{"embeddable":true,"href":"https:\/\/www.autojm.fr\/blog\/wp-json\/wp\/v2\/users\/6"}],"replies":[{"embeddable":true,"href":"https:\/\/www.autojm.fr\/blog\/wp-json\/wp\/v2\/comments?post=7892"}],"version-history":[{"count":5,"href":"https:\/\/www.autojm.fr\/blog\/wp-json\/wp\/v2\/posts\/7892\/revisions"}],"predecessor-version":[{"id":7943,"href":"https:\/\/www.autojm.fr\/blog\/wp-json\/wp\/v2\/posts\/7892\/revisions\/7943"}],"wp:featuredmedia":[{"embeddable":true,"href":"https:\/\/www.autojm.fr\/blog\/wp-json\/wp\/v2\/media\/7904"}],"wp:attachment":[{"href":"https:\/\/www.autojm.fr\/blog\/wp-json\/wp\/v2\/media?parent=7892"}],"wp:term":[{"taxonomy":"category","embeddable":true,"href":"https:\/\/www.autojm.fr\/blog\/wp-json\/wp\/v2\/categories?post=7892"},{"taxonomy":"post_tag","embeddable":true,"href":"https:\/\/www.autojm.fr\/blog\/wp-json\/wp\/v2\/tags?post=7892"}],"curies":[{"name":"wp","href":"https:\/\/api.w.org\/{rel}","templated":true}]}}