{"id":7808,"date":"2026-01-20T10:03:43","date_gmt":"2026-01-20T08:03:43","guid":{"rendered":"https:\/\/www.autojm.fr\/blog\/?p=7808"},"modified":"2026-01-20T10:03:43","modified_gmt":"2026-01-20T08:03:43","slug":"quel-modele-de-suv-hybride-acheter-en-2023","status":"publish","type":"post","link":"https:\/\/www.autojm.fr\/blog\/quel-modele-de-suv-hybride-acheter-en-2023\/","title":{"rendered":"Quel mod\u00e8le de SUV hybride acheter en 2026 ?"},"content":{"rendered":"","protected":false},"excerpt":{"rendered":"<p>Qu\u2019ils soient compacts, coup\u00e9s, familiaux ou sportifs, les SUV ont le vent en poupe sur le march\u00e9 de l\u2019auto en France gr\u00e2ce \u00e0 leur carrosserie qui constitue un m\u00e9lange de 4&#215;4 et de monospace. V\u00e9ritable alternative \u00e0 la motorisation \u00e9lectrique, l\u2019hybride constitue en parall\u00e8le la transition id\u00e9ale vers la mobilit\u00e9 \u00e9cologique pr\u00f4n\u00e9e par les constructeurs. D\u00e9couvrez \u00e0 travers ce guide d\u2019achat notre s\u00e9lection des meilleurs mod\u00e8les de SUV hybrides \u00e0 choisir en 2025. <\/p>\n","protected":false},"author":6,"featured_media":54121,"comment_status":"open","ping_status":"open","sticky":false,"template":"","format":"standard","meta":{"_acf_changed":false,"content-type":"","footnotes":""},"categories":[75],"tags":[88,336,333,314,375,91,103,318,90,271,301,211,188,87,79,331,92,74,105,368,135,102,150,94,110,109,98,207,259,106,83,80,242,384,108,107,73,78,174,193,81,214,169,96,270],"class_list":["post-7808","post","type-post","status-publish","format-standard","has-post-thumbnail","hentry","category-guide-dachat","tag-88","tag-336","tag-333","tag-314","tag-abarth","tag-arkana","tag-audi","tag-austral","tag-autojm","tag-bmw","tag-c3","tag-c4-picasso","tag-c5-aircross","tag-captur","tag-citroen","tag-clio","tag-clio-5","tag-dacia","tag-ds","tag-ds-7","tag-ds3","tag-ds4","tag-ds7-crossback","tag-duster","tag-fiat","tag-ford","tag-formentor","tag-golf-8","tag-hyundai","tag-kia","tag-leon-5-portes","tag-leon-sportstourer","tag-mazda","tag-mini","tag-nissan","tag-opel","tag-peugeot","tag-renault","tag-seat","tag-skoda","tag-t-roc","tag-tiguan","tag-toyota","tag-volkswagen","tag-volvo"],"acf":[],"yoast_head":"<!-- This site is optimized with the Yoast SEO plugin v27.5 - https:\/\/yoast.com\/product\/yoast-seo-wordpress\/ -->\n<title>Quel mod\u00e8le de SUV hybride acheter en 2026 ? - AutoJM Mag<\/title>\n<meta name=\"description\" content=\"Qu\u2019ils soient compacts, coup\u00e9s, familiaux ou sportifs, les SUV ont le vent en poupe sur le march\u00e9 de l\u2019auto en France gr\u00e2ce \u00e0 leur...\" \/>\n<meta name=\"robots\" content=\"index, follow, max-snippet:-1, max-image-preview:large, max-video-preview:-1\" \/>\n<link rel=\"canonical\" href=\"https:\/\/www.autojm.fr\/blog\/quel-modele-de-suv-hybride-acheter-en-2023\/\" \/>\n<meta property=\"og:locale\" content=\"fr_FR\" \/>\n<meta property=\"og:type\" content=\"article\" \/>\n<meta property=\"og:title\" content=\"Quel mod\u00e8le de SUV hybride acheter en 2026 ? - AutoJM Mag\" \/>\n<meta property=\"og:description\" content=\"Qu\u2019ils soient compacts, coup\u00e9s, familiaux ou sportifs, les SUV ont le vent en poupe sur le march\u00e9 de l\u2019auto en France gr\u00e2ce \u00e0 leur...\" \/>\n<meta property=\"og:url\" content=\"https:\/\/www.autojm.fr\/blog\/quel-modele-de-suv-hybride-acheter-en-2023\/\" \/>\n<meta property=\"og:site_name\" content=\"AutoJM Mag\" \/>\n<meta property=\"article:publisher\" content=\"https:\/\/www.facebook.com\/AutoJM25\" \/>\n<meta property=\"article:published_time\" content=\"2026-01-20T08:03:43+00:00\" \/>\n<meta property=\"og:image\" content=\"https:\/\/www.autojm.fr\/blog\/wp-content\/uploads\/2025\/03\/image-top-1000x500-1.jpg\" \/>\n\t<meta property=\"og:image:width\" content=\"1000\" \/>\n\t<meta property=\"og:image:height\" content=\"500\" \/>\n\t<meta property=\"og:image:type\" content=\"image\/jpeg\" \/>\n<meta name=\"author\" content=\"Justine Tripard\" \/>\n<meta name=\"twitter:card\" content=\"summary_large_image\" \/>\n<meta name=\"twitter:label1\" content=\"\u00c9crit par\" \/>\n\t<meta name=\"twitter:data1\" content=\"Justine Tripard\" \/>\n\t<meta name=\"twitter:label2\" content=\"Dur\u00e9e de lecture estim\u00e9e\" \/>\n\t<meta name=\"twitter:data2\" content=\"5 minutes\" \/>\n<script type=\"application\/ld+json\" class=\"yoast-schema-graph\">{\"@context\":\"https:\\\/\\\/schema.org\",\"@graph\":[{\"@type\":\"Article\",\"@id\":\"https:\\\/\\\/www.autojm.fr\\\/blog\\\/quel-modele-de-suv-hybride-acheter-en-2023\\\/#article\",\"isPartOf\":{\"@id\":\"https:\\\/\\\/www.autojm.fr\\\/blog\\\/quel-modele-de-suv-hybride-acheter-en-2023\\\/\"},\"author\":{\"name\":\"Justine Tripard\",\"@id\":\"https:\\\/\\\/www.autojm.fr\\\/blog\\\/#\\\/schema\\\/person\\\/1cc83a91548d88a62eb8cf06f562a72c\"},\"headline\":\"Quel mod\u00e8le de SUV hybride acheter en 2026 ?\",\"datePublished\":\"2026-01-20T08:03:43+00:00\",\"mainEntityOfPage\":{\"@id\":\"https:\\\/\\\/www.autojm.fr\\\/blog\\\/quel-modele-de-suv-hybride-acheter-en-2023\\\/\"},\"wordCount\":8,\"commentCount\":0,\"publisher\":{\"@id\":\"https:\\\/\\\/www.autojm.fr\\\/blog\\\/#organization\"},\"image\":{\"@id\":\"https:\\\/\\\/www.autojm.fr\\\/blog\\\/quel-modele-de-suv-hybride-acheter-en-2023\\\/#primaryimage\"},\"thumbnailUrl\":\"https:\\\/\\\/www.autojm.fr\\\/blog\\\/wp-content\\\/uploads\\\/2025\\\/03\\\/image-top-1000x500-1.jpg\",\"keywords\":[\"208\",\"3008\",\"308\",\"408\",\"Abarth\",\"arkana\",\"Audi\",\"Austral\",\"autojm\",\"BMW\",\"C3\",\"C4 Picasso\",\"C5 Aircross\",\"captur\",\"citroen\",\"Clio\",\"Clio 5\",\"dacia\",\"DS\",\"DS 7\",\"DS3\",\"DS4\",\"DS7 Crossback\",\"duster\",\"Fiat\",\"Ford\",\"formentor\",\"Golf 8\",\"Hyundai\",\"Kia\",\"leon 5 portes\",\"leon sportstourer\",\"Mazda\",\"Mini\",\"Nissan\",\"Opel\",\"peugeot\",\"renault\",\"Seat\",\"Skoda\",\"t-roc\",\"Tiguan\",\"Toyota\",\"Volkswagen\",\"Volvo\"],\"articleSection\":[\"Guides d'achat\"],\"inLanguage\":\"fr-FR\",\"potentialAction\":[{\"@type\":\"CommentAction\",\"name\":\"Comment\",\"target\":[\"https:\\\/\\\/www.autojm.fr\\\/blog\\\/quel-modele-de-suv-hybride-acheter-en-2023\\\/#respond\"]}]},{\"@type\":\"WebPage\",\"@id\":\"https:\\\/\\\/www.autojm.fr\\\/blog\\\/quel-modele-de-suv-hybride-acheter-en-2023\\\/\",\"url\":\"https:\\\/\\\/www.autojm.fr\\\/blog\\\/quel-modele-de-suv-hybride-acheter-en-2023\\\/\",\"name\":\"Quel mod\u00e8le de SUV hybride acheter en 2026 ? - AutoJM Mag\",\"isPartOf\":{\"@id\":\"https:\\\/\\\/www.autojm.fr\\\/blog\\\/#website\"},\"primaryImageOfPage\":{\"@id\":\"https:\\\/\\\/www.autojm.fr\\\/blog\\\/quel-modele-de-suv-hybride-acheter-en-2023\\\/#primaryimage\"},\"image\":{\"@id\":\"https:\\\/\\\/www.autojm.fr\\\/blog\\\/quel-modele-de-suv-hybride-acheter-en-2023\\\/#primaryimage\"},\"thumbnailUrl\":\"https:\\\/\\\/www.autojm.fr\\\/blog\\\/wp-content\\\/uploads\\\/2025\\\/03\\\/image-top-1000x500-1.jpg\",\"datePublished\":\"2026-01-20T08:03:43+00:00\",\"description\":\"Qu\u2019ils soient compacts, coup\u00e9s, familiaux ou sportifs, les SUV ont le vent en poupe sur le march\u00e9 de l\u2019auto en France gr\u00e2ce \u00e0 leur...\",\"breadcrumb\":{\"@id\":\"https:\\\/\\\/www.autojm.fr\\\/blog\\\/quel-modele-de-suv-hybride-acheter-en-2023\\\/#breadcrumb\"},\"inLanguage\":\"fr-FR\",\"potentialAction\":[{\"@type\":\"ReadAction\",\"target\":[\"https:\\\/\\\/www.autojm.fr\\\/blog\\\/quel-modele-de-suv-hybride-acheter-en-2023\\\/\"]}]},{\"@type\":\"ImageObject\",\"inLanguage\":\"fr-FR\",\"@id\":\"https:\\\/\\\/www.autojm.fr\\\/blog\\\/quel-modele-de-suv-hybride-acheter-en-2023\\\/#primaryimage\",\"url\":\"https:\\\/\\\/www.autojm.fr\\\/blog\\\/wp-content\\\/uploads\\\/2025\\\/03\\\/image-top-1000x500-1.jpg\",\"contentUrl\":\"https:\\\/\\\/www.autojm.fr\\\/blog\\\/wp-content\\\/uploads\\\/2025\\\/03\\\/image-top-1000x500-1.jpg\",\"width\":1000,\"height\":500},{\"@type\":\"BreadcrumbList\",\"@id\":\"https:\\\/\\\/www.autojm.fr\\\/blog\\\/quel-modele-de-suv-hybride-acheter-en-2023\\\/#breadcrumb\",\"itemListElement\":[{\"@type\":\"ListItem\",\"position\":1,\"name\":\"Accueil\",\"item\":\"https:\\\/\\\/www.autojm.fr\\\/blog\\\/\"},{\"@type\":\"ListItem\",\"position\":2,\"name\":\"Guides d'achat\",\"item\":\"https:\\\/\\\/www.autojm.fr\\\/blog\\\/guide-dachat\\\/\"},{\"@type\":\"ListItem\",\"position\":3,\"name\":\"Quel mod\u00e8le de SUV hybride acheter en 2026 ?\"}]},{\"@type\":\"WebSite\",\"@id\":\"https:\\\/\\\/www.autojm.fr\\\/blog\\\/#website\",\"url\":\"https:\\\/\\\/www.autojm.fr\\\/blog\\\/\",\"name\":\"AutoJM Mag\",\"description\":\"Toute l&#039;actu auto en 1 clic !\",\"publisher\":{\"@id\":\"https:\\\/\\\/www.autojm.fr\\\/blog\\\/#organization\"},\"potentialAction\":[{\"@type\":\"SearchAction\",\"target\":{\"@type\":\"EntryPoint\",\"urlTemplate\":\"https:\\\/\\\/www.autojm.fr\\\/blog\\\/?s={search_term_string}\"},\"query-input\":{\"@type\":\"PropertyValueSpecification\",\"valueRequired\":true,\"valueName\":\"search_term_string\"}}],\"inLanguage\":\"fr-FR\"},{\"@type\":\"Organization\",\"@id\":\"https:\\\/\\\/www.autojm.fr\\\/blog\\\/#organization\",\"name\":\"AutoJM Mag\",\"url\":\"https:\\\/\\\/www.autojm.fr\\\/blog\\\/\",\"logo\":{\"@type\":\"ImageObject\",\"inLanguage\":\"fr-FR\",\"@id\":\"https:\\\/\\\/www.autojm.fr\\\/blog\\\/#\\\/schema\\\/logo\\\/image\\\/\",\"url\":\"https:\\\/\\\/www.autojm.fr\\\/blog\\\/wp-content\\\/uploads\\\/2022\\\/12\\\/cropped-AutoJMag-png.png\",\"contentUrl\":\"https:\\\/\\\/www.autojm.fr\\\/blog\\\/wp-content\\\/uploads\\\/2022\\\/12\\\/cropped-AutoJMag-png.png\",\"width\":2834,\"height\":585,\"caption\":\"AutoJM Mag\"},\"image\":{\"@id\":\"https:\\\/\\\/www.autojm.fr\\\/blog\\\/#\\\/schema\\\/logo\\\/image\\\/\"},\"sameAs\":[\"https:\\\/\\\/www.facebook.com\\\/AutoJM25\"]},{\"@type\":\"Person\",\"@id\":\"https:\\\/\\\/www.autojm.fr\\\/blog\\\/#\\\/schema\\\/person\\\/1cc83a91548d88a62eb8cf06f562a72c\",\"name\":\"Justine Tripard\",\"image\":{\"@type\":\"ImageObject\",\"inLanguage\":\"fr-FR\",\"@id\":\"https:\\\/\\\/secure.gravatar.com\\\/avatar\\\/b8b45209a4cf0b7b127b9238ec348090e7302306d2485eeaab17b6761fe84991?s=96&d=mm&r=g\",\"url\":\"https:\\\/\\\/secure.gravatar.com\\\/avatar\\\/b8b45209a4cf0b7b127b9238ec348090e7302306d2485eeaab17b6761fe84991?s=96&d=mm&r=g\",\"contentUrl\":\"https:\\\/\\\/secure.gravatar.com\\\/avatar\\\/b8b45209a4cf0b7b127b9238ec348090e7302306d2485eeaab17b6761fe84991?s=96&d=mm&r=g\",\"caption\":\"Justine Tripard\"},\"url\":\"https:\\\/\\\/www.autojm.fr\\\/blog\\\/author\\\/justine\\\/\"}]}<\/script>\n<!-- \/ Yoast SEO plugin. -->","yoast_head_json":{"title":"Quel mod\u00e8le de SUV hybride acheter en 2026 ? - AutoJM Mag","description":"Qu\u2019ils soient compacts, coup\u00e9s, familiaux ou sportifs, les SUV ont le vent en poupe sur le march\u00e9 de l\u2019auto en France gr\u00e2ce \u00e0 leur...","robots":{"index":"index","follow":"follow","max-snippet":"max-snippet:-1","max-image-preview":"max-image-preview:large","max-video-preview":"max-video-preview:-1"},"canonical":"https:\/\/www.autojm.fr\/blog\/quel-modele-de-suv-hybride-acheter-en-2023\/","og_locale":"fr_FR","og_type":"article","og_title":"Quel mod\u00e8le de SUV hybride acheter en 2026 ? - AutoJM Mag","og_description":"Qu\u2019ils soient compacts, coup\u00e9s, familiaux ou sportifs, les SUV ont le vent en poupe sur le march\u00e9 de l\u2019auto en France gr\u00e2ce \u00e0 leur...","og_url":"https:\/\/www.autojm.fr\/blog\/quel-modele-de-suv-hybride-acheter-en-2023\/","og_site_name":"AutoJM Mag","article_publisher":"https:\/\/www.facebook.com\/AutoJM25","article_published_time":"2026-01-20T08:03:43+00:00","og_image":[{"width":1000,"height":500,"url":"https:\/\/www.autojm.fr\/blog\/wp-content\/uploads\/2025\/03\/image-top-1000x500-1.jpg","type":"image\/jpeg"}],"author":"Justine Tripard","twitter_card":"summary_large_image","twitter_misc":{"\u00c9crit par":"Justine Tripard","Dur\u00e9e de lecture estim\u00e9e":"5 minutes"},"schema":{"@context":"https:\/\/schema.org","@graph":[{"@type":"Article","@id":"https:\/\/www.autojm.fr\/blog\/quel-modele-de-suv-hybride-acheter-en-2023\/#article","isPartOf":{"@id":"https:\/\/www.autojm.fr\/blog\/quel-modele-de-suv-hybride-acheter-en-2023\/"},"author":{"name":"Justine Tripard","@id":"https:\/\/www.autojm.fr\/blog\/#\/schema\/person\/1cc83a91548d88a62eb8cf06f562a72c"},"headline":"Quel mod\u00e8le de SUV hybride acheter en 2026 ?","datePublished":"2026-01-20T08:03:43+00:00","mainEntityOfPage":{"@id":"https:\/\/www.autojm.fr\/blog\/quel-modele-de-suv-hybride-acheter-en-2023\/"},"wordCount":8,"commentCount":0,"publisher":{"@id":"https:\/\/www.autojm.fr\/blog\/#organization"},"image":{"@id":"https:\/\/www.autojm.fr\/blog\/quel-modele-de-suv-hybride-acheter-en-2023\/#primaryimage"},"thumbnailUrl":"https:\/\/www.autojm.fr\/blog\/wp-content\/uploads\/2025\/03\/image-top-1000x500-1.jpg","keywords":["208","3008","308","408","Abarth","arkana","Audi","Austral","autojm","BMW","C3","C4 Picasso","C5 Aircross","captur","citroen","Clio","Clio 5","dacia","DS","DS 7","DS3","DS4","DS7 Crossback","duster","Fiat","Ford","formentor","Golf 8","Hyundai","Kia","leon 5 portes","leon sportstourer","Mazda","Mini","Nissan","Opel","peugeot","renault","Seat","Skoda","t-roc","Tiguan","Toyota","Volkswagen","Volvo"],"articleSection":["Guides d'achat"],"inLanguage":"fr-FR","potentialAction":[{"@type":"CommentAction","name":"Comment","target":["https:\/\/www.autojm.fr\/blog\/quel-modele-de-suv-hybride-acheter-en-2023\/#respond"]}]},{"@type":"WebPage","@id":"https:\/\/www.autojm.fr\/blog\/quel-modele-de-suv-hybride-acheter-en-2023\/","url":"https:\/\/www.autojm.fr\/blog\/quel-modele-de-suv-hybride-acheter-en-2023\/","name":"Quel mod\u00e8le de SUV hybride acheter en 2026 ? - AutoJM Mag","isPartOf":{"@id":"https:\/\/www.autojm.fr\/blog\/#website"},"primaryImageOfPage":{"@id":"https:\/\/www.autojm.fr\/blog\/quel-modele-de-suv-hybride-acheter-en-2023\/#primaryimage"},"image":{"@id":"https:\/\/www.autojm.fr\/blog\/quel-modele-de-suv-hybride-acheter-en-2023\/#primaryimage"},"thumbnailUrl":"https:\/\/www.autojm.fr\/blog\/wp-content\/uploads\/2025\/03\/image-top-1000x500-1.jpg","datePublished":"2026-01-20T08:03:43+00:00","description":"Qu\u2019ils soient compacts, coup\u00e9s, familiaux ou sportifs, les SUV ont le vent en poupe sur le march\u00e9 de l\u2019auto en France gr\u00e2ce \u00e0 leur...","breadcrumb":{"@id":"https:\/\/www.autojm.fr\/blog\/quel-modele-de-suv-hybride-acheter-en-2023\/#breadcrumb"},"inLanguage":"fr-FR","potentialAction":[{"@type":"ReadAction","target":["https:\/\/www.autojm.fr\/blog\/quel-modele-de-suv-hybride-acheter-en-2023\/"]}]},{"@type":"ImageObject","inLanguage":"fr-FR","@id":"https:\/\/www.autojm.fr\/blog\/quel-modele-de-suv-hybride-acheter-en-2023\/#primaryimage","url":"https:\/\/www.autojm.fr\/blog\/wp-content\/uploads\/2025\/03\/image-top-1000x500-1.jpg","contentUrl":"https:\/\/www.autojm.fr\/blog\/wp-content\/uploads\/2025\/03\/image-top-1000x500-1.jpg","width":1000,"height":500},{"@type":"BreadcrumbList","@id":"https:\/\/www.autojm.fr\/blog\/quel-modele-de-suv-hybride-acheter-en-2023\/#breadcrumb","itemListElement":[{"@type":"ListItem","position":1,"name":"Accueil","item":"https:\/\/www.autojm.fr\/blog\/"},{"@type":"ListItem","position":2,"name":"Guides d'achat","item":"https:\/\/www.autojm.fr\/blog\/guide-dachat\/"},{"@type":"ListItem","position":3,"name":"Quel mod\u00e8le de SUV hybride acheter en 2026 ?"}]},{"@type":"WebSite","@id":"https:\/\/www.autojm.fr\/blog\/#website","url":"https:\/\/www.autojm.fr\/blog\/","name":"AutoJM Mag","description":"Toute l&#039;actu auto en 1 clic !","publisher":{"@id":"https:\/\/www.autojm.fr\/blog\/#organization"},"potentialAction":[{"@type":"SearchAction","target":{"@type":"EntryPoint","urlTemplate":"https:\/\/www.autojm.fr\/blog\/?s={search_term_string}"},"query-input":{"@type":"PropertyValueSpecification","valueRequired":true,"valueName":"search_term_string"}}],"inLanguage":"fr-FR"},{"@type":"Organization","@id":"https:\/\/www.autojm.fr\/blog\/#organization","name":"AutoJM Mag","url":"https:\/\/www.autojm.fr\/blog\/","logo":{"@type":"ImageObject","inLanguage":"fr-FR","@id":"https:\/\/www.autojm.fr\/blog\/#\/schema\/logo\/image\/","url":"https:\/\/www.autojm.fr\/blog\/wp-content\/uploads\/2022\/12\/cropped-AutoJMag-png.png","contentUrl":"https:\/\/www.autojm.fr\/blog\/wp-content\/uploads\/2022\/12\/cropped-AutoJMag-png.png","width":2834,"height":585,"caption":"AutoJM Mag"},"image":{"@id":"https:\/\/www.autojm.fr\/blog\/#\/schema\/logo\/image\/"},"sameAs":["https:\/\/www.facebook.com\/AutoJM25"]},{"@type":"Person","@id":"https:\/\/www.autojm.fr\/blog\/#\/schema\/person\/1cc83a91548d88a62eb8cf06f562a72c","name":"Justine Tripard","image":{"@type":"ImageObject","inLanguage":"fr-FR","@id":"https:\/\/secure.gravatar.com\/avatar\/b8b45209a4cf0b7b127b9238ec348090e7302306d2485eeaab17b6761fe84991?s=96&d=mm&r=g","url":"https:\/\/secure.gravatar.com\/avatar\/b8b45209a4cf0b7b127b9238ec348090e7302306d2485eeaab17b6761fe84991?s=96&d=mm&r=g","contentUrl":"https:\/\/secure.gravatar.com\/avatar\/b8b45209a4cf0b7b127b9238ec348090e7302306d2485eeaab17b6761fe84991?s=96&d=mm&r=g","caption":"Justine Tripard"},"url":"https:\/\/www.autojm.fr\/blog\/author\/justine\/"}]}},"_links":{"self":[{"href":"https:\/\/www.autojm.fr\/blog\/wp-json\/wp\/v2\/posts\/7808","targetHints":{"allow":["GET"]}}],"collection":[{"href":"https:\/\/www.autojm.fr\/blog\/wp-json\/wp\/v2\/posts"}],"about":[{"href":"https:\/\/www.autojm.fr\/blog\/wp-json\/wp\/v2\/types\/post"}],"author":[{"embeddable":true,"href":"https:\/\/www.autojm.fr\/blog\/wp-json\/wp\/v2\/users\/6"}],"replies":[{"embeddable":true,"href":"https:\/\/www.autojm.fr\/blog\/wp-json\/wp\/v2\/comments?post=7808"}],"version-history":[{"count":28,"href":"https:\/\/www.autojm.fr\/blog\/wp-json\/wp\/v2\/posts\/7808\/revisions"}],"predecessor-version":[{"id":54141,"href":"https:\/\/www.autojm.fr\/blog\/wp-json\/wp\/v2\/posts\/7808\/revisions\/54141"}],"wp:featuredmedia":[{"embeddable":true,"href":"https:\/\/www.autojm.fr\/blog\/wp-json\/wp\/v2\/media\/54121"}],"wp:attachment":[{"href":"https:\/\/www.autojm.fr\/blog\/wp-json\/wp\/v2\/media?parent=7808"}],"wp:term":[{"taxonomy":"category","embeddable":true,"href":"https:\/\/www.autojm.fr\/blog\/wp-json\/wp\/v2\/categories?post=7808"},{"taxonomy":"post_tag","embeddable":true,"href":"https:\/\/www.autojm.fr\/blog\/wp-json\/wp\/v2\/tags?post=7808"}],"curies":[{"name":"wp","href":"https:\/\/api.w.org\/{rel}","templated":true}]}}