{"id":7748,"date":"2022-12-19T16:15:20","date_gmt":"2022-12-19T16:15:20","guid":{"rendered":"https:\/\/www.autojm.fr\/blog\/?p=7748"},"modified":"2023-08-03T14:54:13","modified_gmt":"2023-08-03T14:54:13","slug":"peugeot-e-208-voiture-electrique-la-plus-vendue-en-france","status":"publish","type":"post","link":"https:\/\/www.autojm.fr\/blog\/peugeot-e-208-voiture-electrique-la-plus-vendue-en-france\/","title":{"rendered":"Peugeot e-208 : voiture \u00e9lectrique la plus vendue en France\u00a0"},"content":{"rendered":"","protected":false},"excerpt":{"rendered":"<p>Avec pr\u00e8s de 13% de parts de march\u00e9, les ventes de voitures \u00e9lectriques poursuivent leur perc\u00e9e et sont en hausse par rapport \u00e0 la m\u00eame p\u00e9riode de l\u2019an pass\u00e9. Alors que les derniers mois de 2021 ont \u00e9tabli des records, 2022 continue sur cette lanc\u00e9e avec plus de 141 000 immatriculations de voitures \u00e9lectriques.\u00a0<\/p>\n","protected":false},"author":6,"featured_media":7750,"comment_status":"open","ping_status":"open","sticky":false,"template":"","format":"standard","meta":{"_acf_changed":false,"content-type":"","footnotes":""},"categories":[5,63],"tags":[88,90,74,161,110,176,274,73],"class_list":["post-7748","post","type-post","status-publish","format-standard","has-post-thumbnail","hentry","category-actualite-automobile","category-actualites-peugeot","tag-88","tag-autojm","tag-dacia","tag-dacia-spring","tag-fiat","tag-fiat-500","tag-peuegot-e-208","tag-peugeot"],"acf":[],"yoast_head":"<!-- This site is optimized with the Yoast SEO plugin v27.5 - https:\/\/yoast.com\/product\/yoast-seo-wordpress\/ -->\n<title>Peugeot e-208 : voiture \u00e9lectrique la plus vendue en France\u00a0<\/title>\n<meta name=\"description\" content=\"Avec pr\u00e8s de 13% de parts de march\u00e9, les ventes de voitures \u00e9lectriques poursuivent leur perc\u00e9e et sont en hausse par rapport \u00e0 la m\u00eame...\" \/>\n<meta name=\"robots\" content=\"index, follow, max-snippet:-1, max-image-preview:large, max-video-preview:-1\" \/>\n<link rel=\"canonical\" href=\"https:\/\/www.autojm.fr\/blog\/peugeot-e-208-voiture-electrique-la-plus-vendue-en-france\/\" \/>\n<meta property=\"og:locale\" content=\"fr_FR\" \/>\n<meta property=\"og:type\" content=\"article\" \/>\n<meta property=\"og:title\" content=\"Peugeot e-208 : voiture \u00e9lectrique la plus vendue en France\u00a0\" \/>\n<meta property=\"og:description\" content=\"Avec pr\u00e8s de 13% de parts de march\u00e9, les ventes de voitures \u00e9lectriques poursuivent leur perc\u00e9e et sont en hausse par rapport \u00e0 la m\u00eame...\" \/>\n<meta property=\"og:url\" content=\"https:\/\/www.autojm.fr\/blog\/peugeot-e-208-voiture-electrique-la-plus-vendue-en-france\/\" \/>\n<meta property=\"og:site_name\" content=\"AutoJM Mag\" \/>\n<meta property=\"article:publisher\" content=\"https:\/\/www.facebook.com\/AutoJM25\" \/>\n<meta property=\"article:published_time\" content=\"2022-12-19T16:15:20+00:00\" \/>\n<meta property=\"article:modified_time\" content=\"2023-08-03T14:54:13+00:00\" \/>\n<meta property=\"og:image\" content=\"https:\/\/www.autojm.fr\/blog\/wp-content\/uploads\/2022\/12\/e208.jpg\" \/>\n\t<meta property=\"og:image:width\" content=\"1000\" \/>\n\t<meta property=\"og:image:height\" content=\"500\" \/>\n\t<meta property=\"og:image:type\" content=\"image\/jpeg\" \/>\n<meta name=\"author\" content=\"Justine Tripard\" \/>\n<meta name=\"twitter:card\" content=\"summary_large_image\" \/>\n<meta name=\"twitter:label1\" content=\"\u00c9crit par\" \/>\n\t<meta name=\"twitter:data1\" content=\"Justine Tripard\" \/>\n<script type=\"application\/ld+json\" class=\"yoast-schema-graph\">{\"@context\":\"https:\\\/\\\/schema.org\",\"@graph\":[{\"@type\":\"Article\",\"@id\":\"https:\\\/\\\/www.autojm.fr\\\/blog\\\/peugeot-e-208-voiture-electrique-la-plus-vendue-en-france\\\/#article\",\"isPartOf\":{\"@id\":\"https:\\\/\\\/www.autojm.fr\\\/blog\\\/peugeot-e-208-voiture-electrique-la-plus-vendue-en-france\\\/\"},\"author\":{\"name\":\"Justine Tripard\",\"@id\":\"https:\\\/\\\/www.autojm.fr\\\/blog\\\/#\\\/schema\\\/person\\\/1cc83a91548d88a62eb8cf06f562a72c\"},\"headline\":\"Peugeot e-208 : voiture \u00e9lectrique la plus vendue en France\u00a0\",\"datePublished\":\"2022-12-19T16:15:20+00:00\",\"dateModified\":\"2023-08-03T14:54:13+00:00\",\"mainEntityOfPage\":{\"@id\":\"https:\\\/\\\/www.autojm.fr\\\/blog\\\/peugeot-e-208-voiture-electrique-la-plus-vendue-en-france\\\/\"},\"wordCount\":9,\"commentCount\":0,\"publisher\":{\"@id\":\"https:\\\/\\\/www.autojm.fr\\\/blog\\\/#organization\"},\"image\":{\"@id\":\"https:\\\/\\\/www.autojm.fr\\\/blog\\\/peugeot-e-208-voiture-electrique-la-plus-vendue-en-france\\\/#primaryimage\"},\"thumbnailUrl\":\"https:\\\/\\\/www.autojm.fr\\\/blog\\\/wp-content\\\/uploads\\\/2022\\\/12\\\/e208.jpg\",\"keywords\":[\"208\",\"autojm\",\"dacia\",\"Dacia Spring\",\"Fiat\",\"Fiat 500\",\"Peuegot e-208\",\"peugeot\"],\"articleSection\":[\"Actualit\u00e9 Automobile\",\"Actualit\u00e9s Peugeot\"],\"inLanguage\":\"fr-FR\",\"potentialAction\":[{\"@type\":\"CommentAction\",\"name\":\"Comment\",\"target\":[\"https:\\\/\\\/www.autojm.fr\\\/blog\\\/peugeot-e-208-voiture-electrique-la-plus-vendue-en-france\\\/#respond\"]}]},{\"@type\":\"WebPage\",\"@id\":\"https:\\\/\\\/www.autojm.fr\\\/blog\\\/peugeot-e-208-voiture-electrique-la-plus-vendue-en-france\\\/\",\"url\":\"https:\\\/\\\/www.autojm.fr\\\/blog\\\/peugeot-e-208-voiture-electrique-la-plus-vendue-en-france\\\/\",\"name\":\"Peugeot e-208 : voiture \u00e9lectrique la plus vendue en France\u00a0\",\"isPartOf\":{\"@id\":\"https:\\\/\\\/www.autojm.fr\\\/blog\\\/#website\"},\"primaryImageOfPage\":{\"@id\":\"https:\\\/\\\/www.autojm.fr\\\/blog\\\/peugeot-e-208-voiture-electrique-la-plus-vendue-en-france\\\/#primaryimage\"},\"image\":{\"@id\":\"https:\\\/\\\/www.autojm.fr\\\/blog\\\/peugeot-e-208-voiture-electrique-la-plus-vendue-en-france\\\/#primaryimage\"},\"thumbnailUrl\":\"https:\\\/\\\/www.autojm.fr\\\/blog\\\/wp-content\\\/uploads\\\/2022\\\/12\\\/e208.jpg\",\"datePublished\":\"2022-12-19T16:15:20+00:00\",\"dateModified\":\"2023-08-03T14:54:13+00:00\",\"description\":\"Avec pr\u00e8s de 13% de parts de march\u00e9, les ventes de voitures \u00e9lectriques poursuivent leur perc\u00e9e et sont en hausse par rapport \u00e0 la m\u00eame...\",\"breadcrumb\":{\"@id\":\"https:\\\/\\\/www.autojm.fr\\\/blog\\\/peugeot-e-208-voiture-electrique-la-plus-vendue-en-france\\\/#breadcrumb\"},\"inLanguage\":\"fr-FR\",\"potentialAction\":[{\"@type\":\"ReadAction\",\"target\":[\"https:\\\/\\\/www.autojm.fr\\\/blog\\\/peugeot-e-208-voiture-electrique-la-plus-vendue-en-france\\\/\"]}]},{\"@type\":\"ImageObject\",\"inLanguage\":\"fr-FR\",\"@id\":\"https:\\\/\\\/www.autojm.fr\\\/blog\\\/peugeot-e-208-voiture-electrique-la-plus-vendue-en-france\\\/#primaryimage\",\"url\":\"https:\\\/\\\/www.autojm.fr\\\/blog\\\/wp-content\\\/uploads\\\/2022\\\/12\\\/e208.jpg\",\"contentUrl\":\"https:\\\/\\\/www.autojm.fr\\\/blog\\\/wp-content\\\/uploads\\\/2022\\\/12\\\/e208.jpg\",\"width\":1000,\"height\":500,\"caption\":\"e-208\"},{\"@type\":\"BreadcrumbList\",\"@id\":\"https:\\\/\\\/www.autojm.fr\\\/blog\\\/peugeot-e-208-voiture-electrique-la-plus-vendue-en-france\\\/#breadcrumb\",\"itemListElement\":[{\"@type\":\"ListItem\",\"position\":1,\"name\":\"Accueil\",\"item\":\"https:\\\/\\\/www.autojm.fr\\\/blog\\\/\"},{\"@type\":\"ListItem\",\"position\":2,\"name\":\"Actualit\u00e9 Automobile\",\"item\":\"https:\\\/\\\/www.autojm.fr\\\/blog\\\/actualite-automobile\\\/\"},{\"@type\":\"ListItem\",\"position\":3,\"name\":\"Peugeot e-208 : voiture \u00e9lectrique la plus vendue en France\u00a0\"}]},{\"@type\":\"WebSite\",\"@id\":\"https:\\\/\\\/www.autojm.fr\\\/blog\\\/#website\",\"url\":\"https:\\\/\\\/www.autojm.fr\\\/blog\\\/\",\"name\":\"AutoJM Mag\",\"description\":\"Toute l&#039;actu auto en 1 clic !\",\"publisher\":{\"@id\":\"https:\\\/\\\/www.autojm.fr\\\/blog\\\/#organization\"},\"potentialAction\":[{\"@type\":\"SearchAction\",\"target\":{\"@type\":\"EntryPoint\",\"urlTemplate\":\"https:\\\/\\\/www.autojm.fr\\\/blog\\\/?s={search_term_string}\"},\"query-input\":{\"@type\":\"PropertyValueSpecification\",\"valueRequired\":true,\"valueName\":\"search_term_string\"}}],\"inLanguage\":\"fr-FR\"},{\"@type\":\"Organization\",\"@id\":\"https:\\\/\\\/www.autojm.fr\\\/blog\\\/#organization\",\"name\":\"AutoJM Mag\",\"url\":\"https:\\\/\\\/www.autojm.fr\\\/blog\\\/\",\"logo\":{\"@type\":\"ImageObject\",\"inLanguage\":\"fr-FR\",\"@id\":\"https:\\\/\\\/www.autojm.fr\\\/blog\\\/#\\\/schema\\\/logo\\\/image\\\/\",\"url\":\"https:\\\/\\\/www.autojm.fr\\\/blog\\\/wp-content\\\/uploads\\\/2022\\\/12\\\/cropped-AutoJMag-png.png\",\"contentUrl\":\"https:\\\/\\\/www.autojm.fr\\\/blog\\\/wp-content\\\/uploads\\\/2022\\\/12\\\/cropped-AutoJMag-png.png\",\"width\":2834,\"height\":585,\"caption\":\"AutoJM Mag\"},\"image\":{\"@id\":\"https:\\\/\\\/www.autojm.fr\\\/blog\\\/#\\\/schema\\\/logo\\\/image\\\/\"},\"sameAs\":[\"https:\\\/\\\/www.facebook.com\\\/AutoJM25\"]},{\"@type\":\"Person\",\"@id\":\"https:\\\/\\\/www.autojm.fr\\\/blog\\\/#\\\/schema\\\/person\\\/1cc83a91548d88a62eb8cf06f562a72c\",\"name\":\"Justine Tripard\",\"image\":{\"@type\":\"ImageObject\",\"inLanguage\":\"fr-FR\",\"@id\":\"https:\\\/\\\/secure.gravatar.com\\\/avatar\\\/b8b45209a4cf0b7b127b9238ec348090e7302306d2485eeaab17b6761fe84991?s=96&d=mm&r=g\",\"url\":\"https:\\\/\\\/secure.gravatar.com\\\/avatar\\\/b8b45209a4cf0b7b127b9238ec348090e7302306d2485eeaab17b6761fe84991?s=96&d=mm&r=g\",\"contentUrl\":\"https:\\\/\\\/secure.gravatar.com\\\/avatar\\\/b8b45209a4cf0b7b127b9238ec348090e7302306d2485eeaab17b6761fe84991?s=96&d=mm&r=g\",\"caption\":\"Justine Tripard\"},\"url\":\"https:\\\/\\\/www.autojm.fr\\\/blog\\\/author\\\/justine\\\/\"}]}<\/script>\n<!-- \/ Yoast SEO plugin. -->","yoast_head_json":{"title":"Peugeot e-208 : voiture \u00e9lectrique la plus vendue en France\u00a0","description":"Avec pr\u00e8s de 13% de parts de march\u00e9, les ventes de voitures \u00e9lectriques poursuivent leur perc\u00e9e et sont en hausse par rapport \u00e0 la m\u00eame...","robots":{"index":"index","follow":"follow","max-snippet":"max-snippet:-1","max-image-preview":"max-image-preview:large","max-video-preview":"max-video-preview:-1"},"canonical":"https:\/\/www.autojm.fr\/blog\/peugeot-e-208-voiture-electrique-la-plus-vendue-en-france\/","og_locale":"fr_FR","og_type":"article","og_title":"Peugeot e-208 : voiture \u00e9lectrique la plus vendue en France\u00a0","og_description":"Avec pr\u00e8s de 13% de parts de march\u00e9, les ventes de voitures \u00e9lectriques poursuivent leur perc\u00e9e et sont en hausse par rapport \u00e0 la m\u00eame...","og_url":"https:\/\/www.autojm.fr\/blog\/peugeot-e-208-voiture-electrique-la-plus-vendue-en-france\/","og_site_name":"AutoJM Mag","article_publisher":"https:\/\/www.facebook.com\/AutoJM25","article_published_time":"2022-12-19T16:15:20+00:00","article_modified_time":"2023-08-03T14:54:13+00:00","og_image":[{"width":1000,"height":500,"url":"https:\/\/www.autojm.fr\/blog\/wp-content\/uploads\/2022\/12\/e208.jpg","type":"image\/jpeg"}],"author":"Justine Tripard","twitter_card":"summary_large_image","twitter_misc":{"\u00c9crit par":"Justine Tripard"},"schema":{"@context":"https:\/\/schema.org","@graph":[{"@type":"Article","@id":"https:\/\/www.autojm.fr\/blog\/peugeot-e-208-voiture-electrique-la-plus-vendue-en-france\/#article","isPartOf":{"@id":"https:\/\/www.autojm.fr\/blog\/peugeot-e-208-voiture-electrique-la-plus-vendue-en-france\/"},"author":{"name":"Justine Tripard","@id":"https:\/\/www.autojm.fr\/blog\/#\/schema\/person\/1cc83a91548d88a62eb8cf06f562a72c"},"headline":"Peugeot e-208 : voiture \u00e9lectrique la plus vendue en France\u00a0","datePublished":"2022-12-19T16:15:20+00:00","dateModified":"2023-08-03T14:54:13+00:00","mainEntityOfPage":{"@id":"https:\/\/www.autojm.fr\/blog\/peugeot-e-208-voiture-electrique-la-plus-vendue-en-france\/"},"wordCount":9,"commentCount":0,"publisher":{"@id":"https:\/\/www.autojm.fr\/blog\/#organization"},"image":{"@id":"https:\/\/www.autojm.fr\/blog\/peugeot-e-208-voiture-electrique-la-plus-vendue-en-france\/#primaryimage"},"thumbnailUrl":"https:\/\/www.autojm.fr\/blog\/wp-content\/uploads\/2022\/12\/e208.jpg","keywords":["208","autojm","dacia","Dacia Spring","Fiat","Fiat 500","Peuegot e-208","peugeot"],"articleSection":["Actualit\u00e9 Automobile","Actualit\u00e9s Peugeot"],"inLanguage":"fr-FR","potentialAction":[{"@type":"CommentAction","name":"Comment","target":["https:\/\/www.autojm.fr\/blog\/peugeot-e-208-voiture-electrique-la-plus-vendue-en-france\/#respond"]}]},{"@type":"WebPage","@id":"https:\/\/www.autojm.fr\/blog\/peugeot-e-208-voiture-electrique-la-plus-vendue-en-france\/","url":"https:\/\/www.autojm.fr\/blog\/peugeot-e-208-voiture-electrique-la-plus-vendue-en-france\/","name":"Peugeot e-208 : voiture \u00e9lectrique la plus vendue en France\u00a0","isPartOf":{"@id":"https:\/\/www.autojm.fr\/blog\/#website"},"primaryImageOfPage":{"@id":"https:\/\/www.autojm.fr\/blog\/peugeot-e-208-voiture-electrique-la-plus-vendue-en-france\/#primaryimage"},"image":{"@id":"https:\/\/www.autojm.fr\/blog\/peugeot-e-208-voiture-electrique-la-plus-vendue-en-france\/#primaryimage"},"thumbnailUrl":"https:\/\/www.autojm.fr\/blog\/wp-content\/uploads\/2022\/12\/e208.jpg","datePublished":"2022-12-19T16:15:20+00:00","dateModified":"2023-08-03T14:54:13+00:00","description":"Avec pr\u00e8s de 13% de parts de march\u00e9, les ventes de voitures \u00e9lectriques poursuivent leur perc\u00e9e et sont en hausse par rapport \u00e0 la m\u00eame...","breadcrumb":{"@id":"https:\/\/www.autojm.fr\/blog\/peugeot-e-208-voiture-electrique-la-plus-vendue-en-france\/#breadcrumb"},"inLanguage":"fr-FR","potentialAction":[{"@type":"ReadAction","target":["https:\/\/www.autojm.fr\/blog\/peugeot-e-208-voiture-electrique-la-plus-vendue-en-france\/"]}]},{"@type":"ImageObject","inLanguage":"fr-FR","@id":"https:\/\/www.autojm.fr\/blog\/peugeot-e-208-voiture-electrique-la-plus-vendue-en-france\/#primaryimage","url":"https:\/\/www.autojm.fr\/blog\/wp-content\/uploads\/2022\/12\/e208.jpg","contentUrl":"https:\/\/www.autojm.fr\/blog\/wp-content\/uploads\/2022\/12\/e208.jpg","width":1000,"height":500,"caption":"e-208"},{"@type":"BreadcrumbList","@id":"https:\/\/www.autojm.fr\/blog\/peugeot-e-208-voiture-electrique-la-plus-vendue-en-france\/#breadcrumb","itemListElement":[{"@type":"ListItem","position":1,"name":"Accueil","item":"https:\/\/www.autojm.fr\/blog\/"},{"@type":"ListItem","position":2,"name":"Actualit\u00e9 Automobile","item":"https:\/\/www.autojm.fr\/blog\/actualite-automobile\/"},{"@type":"ListItem","position":3,"name":"Peugeot e-208 : voiture \u00e9lectrique la plus vendue en France\u00a0"}]},{"@type":"WebSite","@id":"https:\/\/www.autojm.fr\/blog\/#website","url":"https:\/\/www.autojm.fr\/blog\/","name":"AutoJM Mag","description":"Toute l&#039;actu auto en 1 clic !","publisher":{"@id":"https:\/\/www.autojm.fr\/blog\/#organization"},"potentialAction":[{"@type":"SearchAction","target":{"@type":"EntryPoint","urlTemplate":"https:\/\/www.autojm.fr\/blog\/?s={search_term_string}"},"query-input":{"@type":"PropertyValueSpecification","valueRequired":true,"valueName":"search_term_string"}}],"inLanguage":"fr-FR"},{"@type":"Organization","@id":"https:\/\/www.autojm.fr\/blog\/#organization","name":"AutoJM Mag","url":"https:\/\/www.autojm.fr\/blog\/","logo":{"@type":"ImageObject","inLanguage":"fr-FR","@id":"https:\/\/www.autojm.fr\/blog\/#\/schema\/logo\/image\/","url":"https:\/\/www.autojm.fr\/blog\/wp-content\/uploads\/2022\/12\/cropped-AutoJMag-png.png","contentUrl":"https:\/\/www.autojm.fr\/blog\/wp-content\/uploads\/2022\/12\/cropped-AutoJMag-png.png","width":2834,"height":585,"caption":"AutoJM Mag"},"image":{"@id":"https:\/\/www.autojm.fr\/blog\/#\/schema\/logo\/image\/"},"sameAs":["https:\/\/www.facebook.com\/AutoJM25"]},{"@type":"Person","@id":"https:\/\/www.autojm.fr\/blog\/#\/schema\/person\/1cc83a91548d88a62eb8cf06f562a72c","name":"Justine Tripard","image":{"@type":"ImageObject","inLanguage":"fr-FR","@id":"https:\/\/secure.gravatar.com\/avatar\/b8b45209a4cf0b7b127b9238ec348090e7302306d2485eeaab17b6761fe84991?s=96&d=mm&r=g","url":"https:\/\/secure.gravatar.com\/avatar\/b8b45209a4cf0b7b127b9238ec348090e7302306d2485eeaab17b6761fe84991?s=96&d=mm&r=g","contentUrl":"https:\/\/secure.gravatar.com\/avatar\/b8b45209a4cf0b7b127b9238ec348090e7302306d2485eeaab17b6761fe84991?s=96&d=mm&r=g","caption":"Justine Tripard"},"url":"https:\/\/www.autojm.fr\/blog\/author\/justine\/"}]}},"_links":{"self":[{"href":"https:\/\/www.autojm.fr\/blog\/wp-json\/wp\/v2\/posts\/7748","targetHints":{"allow":["GET"]}}],"collection":[{"href":"https:\/\/www.autojm.fr\/blog\/wp-json\/wp\/v2\/posts"}],"about":[{"href":"https:\/\/www.autojm.fr\/blog\/wp-json\/wp\/v2\/types\/post"}],"author":[{"embeddable":true,"href":"https:\/\/www.autojm.fr\/blog\/wp-json\/wp\/v2\/users\/6"}],"replies":[{"embeddable":true,"href":"https:\/\/www.autojm.fr\/blog\/wp-json\/wp\/v2\/comments?post=7748"}],"version-history":[{"count":20,"href":"https:\/\/www.autojm.fr\/blog\/wp-json\/wp\/v2\/posts\/7748\/revisions"}],"predecessor-version":[{"id":11894,"href":"https:\/\/www.autojm.fr\/blog\/wp-json\/wp\/v2\/posts\/7748\/revisions\/11894"}],"wp:featuredmedia":[{"embeddable":true,"href":"https:\/\/www.autojm.fr\/blog\/wp-json\/wp\/v2\/media\/7750"}],"wp:attachment":[{"href":"https:\/\/www.autojm.fr\/blog\/wp-json\/wp\/v2\/media?parent=7748"}],"wp:term":[{"taxonomy":"category","embeddable":true,"href":"https:\/\/www.autojm.fr\/blog\/wp-json\/wp\/v2\/categories?post=7748"},{"taxonomy":"post_tag","embeddable":true,"href":"https:\/\/www.autojm.fr\/blog\/wp-json\/wp\/v2\/tags?post=7748"}],"curies":[{"name":"wp","href":"https:\/\/api.w.org\/{rel}","templated":true}]}}