{"id":6892,"date":"2022-12-05T08:16:58","date_gmt":"2022-12-05T08:16:58","guid":{"rendered":"https:\/\/www.autojm.fr\/blog\/?p=6892"},"modified":"2023-02-08T07:36:07","modified_gmt":"2023-02-08T07:36:07","slug":"prise-en-main-de-la-308-gt-succes-garanti","status":"publish","type":"post","link":"https:\/\/www.autojm.fr\/blog\/prise-en-main-de-la-308-gt-succes-garanti\/","title":{"rendered":"Prise en main de la 308 GT : succ\u00e8s garanti\u00a0"},"content":{"rendered":"","protected":false},"excerpt":{"rendered":"<p>Pour cette toute nouvelle g\u00e9n\u00e9ration de Peugeot 308, Peugeot est reparti sur une feuille blanche pour retravailler le design, c\u2019est pourquoi on retrouve une face avant compl\u00e8tement in\u00e9dite, les feux en forme de crocs de lion que tous les v\u00e9hicules Peugeot poss\u00e8dent d\u00e9sormais ainsi qu\u2019une toute nouvelle calandre qui s\u2019\u00e9tend plut\u00f4t c\u00f4t\u00e9 vertical et qui accueille le tout nouveau logo Peugeot.<\/p>\n","protected":false},"author":2,"featured_media":6897,"comment_status":"open","ping_status":"open","sticky":false,"template":"","format":"standard","meta":{"_acf_changed":false,"content-type":"","footnotes":""},"categories":[52],"tags":[333,90,73,153],"class_list":["post-6892","post","type-post","status-publish","format-standard","has-post-thumbnail","hentry","category-essais-peugeot","tag-333","tag-autojm","tag-peugeot","tag-peugeot-308"],"acf":[],"yoast_head":"<!-- This site is optimized with the Yoast SEO plugin v27.5 - https:\/\/yoast.com\/product\/yoast-seo-wordpress\/ -->\n<title>Prise en main de la 308 GT : succ\u00e8s garanti\u00a0 - AutoJM Mag<\/title>\n<meta name=\"description\" content=\"Pour cette nouvelle g\u00e9n\u00e9ration de Peugeot 308, Peugeot est reparti sur une feuille blanche pour retravailler le design de la 308 GT...\" \/>\n<meta name=\"robots\" content=\"index, follow, max-snippet:-1, max-image-preview:large, max-video-preview:-1\" \/>\n<link rel=\"canonical\" href=\"https:\/\/www.autojm.fr\/blog\/prise-en-main-de-la-308-gt-succes-garanti\/\" \/>\n<meta property=\"og:locale\" content=\"fr_FR\" \/>\n<meta property=\"og:type\" content=\"article\" \/>\n<meta property=\"og:title\" content=\"Prise en main de la 308 GT : succ\u00e8s garanti\u00a0 - AutoJM Mag\" \/>\n<meta property=\"og:description\" content=\"Pour cette nouvelle g\u00e9n\u00e9ration de Peugeot 308, Peugeot est reparti sur une feuille blanche pour retravailler le design de la 308 GT...\" \/>\n<meta property=\"og:url\" content=\"https:\/\/www.autojm.fr\/blog\/prise-en-main-de-la-308-gt-succes-garanti\/\" \/>\n<meta property=\"og:site_name\" content=\"AutoJM Mag\" \/>\n<meta property=\"article:publisher\" content=\"https:\/\/www.facebook.com\/AutoJM25\" \/>\n<meta property=\"article:published_time\" content=\"2022-12-05T08:16:58+00:00\" \/>\n<meta property=\"article:modified_time\" content=\"2023-02-08T07:36:07+00:00\" \/>\n<meta property=\"og:image\" content=\"https:\/\/www.autojm.fr\/blog\/wp-content\/uploads\/2022\/12\/308-GT-ok.jpg\" \/>\n\t<meta property=\"og:image:width\" content=\"1000\" \/>\n\t<meta property=\"og:image:height\" content=\"500\" \/>\n\t<meta property=\"og:image:type\" content=\"image\/jpeg\" \/>\n<meta name=\"author\" content=\"Aur\u00e9lia AutoJM\" \/>\n<meta name=\"twitter:card\" content=\"summary_large_image\" \/>\n<meta name=\"twitter:label1\" content=\"\u00c9crit par\" \/>\n\t<meta name=\"twitter:data1\" content=\"Aur\u00e9lia AutoJM\" \/>\n<script type=\"application\/ld+json\" class=\"yoast-schema-graph\">{\"@context\":\"https:\\\/\\\/schema.org\",\"@graph\":[{\"@type\":\"Article\",\"@id\":\"https:\\\/\\\/www.autojm.fr\\\/blog\\\/prise-en-main-de-la-308-gt-succes-garanti\\\/#article\",\"isPartOf\":{\"@id\":\"https:\\\/\\\/www.autojm.fr\\\/blog\\\/prise-en-main-de-la-308-gt-succes-garanti\\\/\"},\"author\":{\"name\":\"Aur\u00e9lia AutoJM\",\"@id\":\"https:\\\/\\\/www.autojm.fr\\\/blog\\\/#\\\/schema\\\/person\\\/e640a62bb6e669182918fd7871fe1ec5\"},\"headline\":\"Prise en main de la 308 GT : succ\u00e8s garanti\u00a0\",\"datePublished\":\"2022-12-05T08:16:58+00:00\",\"dateModified\":\"2023-02-08T07:36:07+00:00\",\"mainEntityOfPage\":{\"@id\":\"https:\\\/\\\/www.autojm.fr\\\/blog\\\/prise-en-main-de-la-308-gt-succes-garanti\\\/\"},\"wordCount\":9,\"commentCount\":0,\"publisher\":{\"@id\":\"https:\\\/\\\/www.autojm.fr\\\/blog\\\/#organization\"},\"image\":{\"@id\":\"https:\\\/\\\/www.autojm.fr\\\/blog\\\/prise-en-main-de-la-308-gt-succes-garanti\\\/#primaryimage\"},\"thumbnailUrl\":\"https:\\\/\\\/www.autojm.fr\\\/blog\\\/wp-content\\\/uploads\\\/2022\\\/12\\\/308-GT-ok.jpg\",\"keywords\":[\"308\",\"autojm\",\"peugeot\",\"Peugeot 308\"],\"articleSection\":[\"Essais Peugeot\"],\"inLanguage\":\"fr-FR\",\"potentialAction\":[{\"@type\":\"CommentAction\",\"name\":\"Comment\",\"target\":[\"https:\\\/\\\/www.autojm.fr\\\/blog\\\/prise-en-main-de-la-308-gt-succes-garanti\\\/#respond\"]}]},{\"@type\":\"WebPage\",\"@id\":\"https:\\\/\\\/www.autojm.fr\\\/blog\\\/prise-en-main-de-la-308-gt-succes-garanti\\\/\",\"url\":\"https:\\\/\\\/www.autojm.fr\\\/blog\\\/prise-en-main-de-la-308-gt-succes-garanti\\\/\",\"name\":\"Prise en main de la 308 GT : succ\u00e8s garanti\u00a0 - AutoJM Mag\",\"isPartOf\":{\"@id\":\"https:\\\/\\\/www.autojm.fr\\\/blog\\\/#website\"},\"primaryImageOfPage\":{\"@id\":\"https:\\\/\\\/www.autojm.fr\\\/blog\\\/prise-en-main-de-la-308-gt-succes-garanti\\\/#primaryimage\"},\"image\":{\"@id\":\"https:\\\/\\\/www.autojm.fr\\\/blog\\\/prise-en-main-de-la-308-gt-succes-garanti\\\/#primaryimage\"},\"thumbnailUrl\":\"https:\\\/\\\/www.autojm.fr\\\/blog\\\/wp-content\\\/uploads\\\/2022\\\/12\\\/308-GT-ok.jpg\",\"datePublished\":\"2022-12-05T08:16:58+00:00\",\"dateModified\":\"2023-02-08T07:36:07+00:00\",\"description\":\"Pour cette nouvelle g\u00e9n\u00e9ration de Peugeot 308, Peugeot est reparti sur une feuille blanche pour retravailler le design de la 308 GT...\",\"breadcrumb\":{\"@id\":\"https:\\\/\\\/www.autojm.fr\\\/blog\\\/prise-en-main-de-la-308-gt-succes-garanti\\\/#breadcrumb\"},\"inLanguage\":\"fr-FR\",\"potentialAction\":[{\"@type\":\"ReadAction\",\"target\":[\"https:\\\/\\\/www.autojm.fr\\\/blog\\\/prise-en-main-de-la-308-gt-succes-garanti\\\/\"]}]},{\"@type\":\"ImageObject\",\"inLanguage\":\"fr-FR\",\"@id\":\"https:\\\/\\\/www.autojm.fr\\\/blog\\\/prise-en-main-de-la-308-gt-succes-garanti\\\/#primaryimage\",\"url\":\"https:\\\/\\\/www.autojm.fr\\\/blog\\\/wp-content\\\/uploads\\\/2022\\\/12\\\/308-GT-ok.jpg\",\"contentUrl\":\"https:\\\/\\\/www.autojm.fr\\\/blog\\\/wp-content\\\/uploads\\\/2022\\\/12\\\/308-GT-ok.jpg\",\"width\":1000,\"height\":500,\"caption\":\"Peugeot 308 GT\"},{\"@type\":\"BreadcrumbList\",\"@id\":\"https:\\\/\\\/www.autojm.fr\\\/blog\\\/prise-en-main-de-la-308-gt-succes-garanti\\\/#breadcrumb\",\"itemListElement\":[{\"@type\":\"ListItem\",\"position\":1,\"name\":\"Accueil\",\"item\":\"https:\\\/\\\/www.autojm.fr\\\/blog\\\/\"},{\"@type\":\"ListItem\",\"position\":2,\"name\":\"Essais\",\"item\":\"https:\\\/\\\/www.autojm.fr\\\/blog\\\/essais\\\/\"},{\"@type\":\"ListItem\",\"position\":3,\"name\":\"Essais Peugeot\",\"item\":\"https:\\\/\\\/www.autojm.fr\\\/blog\\\/essais\\\/essais-peugeot\\\/\"},{\"@type\":\"ListItem\",\"position\":4,\"name\":\"Prise en main de la 308 GT : succ\u00e8s garanti\u00a0\"}]},{\"@type\":\"WebSite\",\"@id\":\"https:\\\/\\\/www.autojm.fr\\\/blog\\\/#website\",\"url\":\"https:\\\/\\\/www.autojm.fr\\\/blog\\\/\",\"name\":\"AutoJM Mag\",\"description\":\"Toute l&#039;actu auto en 1 clic !\",\"publisher\":{\"@id\":\"https:\\\/\\\/www.autojm.fr\\\/blog\\\/#organization\"},\"potentialAction\":[{\"@type\":\"SearchAction\",\"target\":{\"@type\":\"EntryPoint\",\"urlTemplate\":\"https:\\\/\\\/www.autojm.fr\\\/blog\\\/?s={search_term_string}\"},\"query-input\":{\"@type\":\"PropertyValueSpecification\",\"valueRequired\":true,\"valueName\":\"search_term_string\"}}],\"inLanguage\":\"fr-FR\"},{\"@type\":\"Organization\",\"@id\":\"https:\\\/\\\/www.autojm.fr\\\/blog\\\/#organization\",\"name\":\"AutoJM Mag\",\"url\":\"https:\\\/\\\/www.autojm.fr\\\/blog\\\/\",\"logo\":{\"@type\":\"ImageObject\",\"inLanguage\":\"fr-FR\",\"@id\":\"https:\\\/\\\/www.autojm.fr\\\/blog\\\/#\\\/schema\\\/logo\\\/image\\\/\",\"url\":\"https:\\\/\\\/www.autojm.fr\\\/blog\\\/wp-content\\\/uploads\\\/2022\\\/12\\\/cropped-AutoJMag-png.png\",\"contentUrl\":\"https:\\\/\\\/www.autojm.fr\\\/blog\\\/wp-content\\\/uploads\\\/2022\\\/12\\\/cropped-AutoJMag-png.png\",\"width\":2834,\"height\":585,\"caption\":\"AutoJM Mag\"},\"image\":{\"@id\":\"https:\\\/\\\/www.autojm.fr\\\/blog\\\/#\\\/schema\\\/logo\\\/image\\\/\"},\"sameAs\":[\"https:\\\/\\\/www.facebook.com\\\/AutoJM25\"]},{\"@type\":\"Person\",\"@id\":\"https:\\\/\\\/www.autojm.fr\\\/blog\\\/#\\\/schema\\\/person\\\/e640a62bb6e669182918fd7871fe1ec5\",\"name\":\"Aur\u00e9lia AutoJM\",\"image\":{\"@type\":\"ImageObject\",\"inLanguage\":\"fr-FR\",\"@id\":\"https:\\\/\\\/secure.gravatar.com\\\/avatar\\\/17404fe7ba867704dc53905b3aeb1f66282e3a23def617ff4d39a7130702f24b?s=96&d=mm&r=g\",\"url\":\"https:\\\/\\\/secure.gravatar.com\\\/avatar\\\/17404fe7ba867704dc53905b3aeb1f66282e3a23def617ff4d39a7130702f24b?s=96&d=mm&r=g\",\"contentUrl\":\"https:\\\/\\\/secure.gravatar.com\\\/avatar\\\/17404fe7ba867704dc53905b3aeb1f66282e3a23def617ff4d39a7130702f24b?s=96&d=mm&r=g\",\"caption\":\"Aur\u00e9lia AutoJM\"},\"url\":\"https:\\\/\\\/www.autojm.fr\\\/blog\\\/author\\\/autojm\\\/\"}]}<\/script>\n<!-- \/ Yoast SEO plugin. -->","yoast_head_json":{"title":"Prise en main de la 308 GT : succ\u00e8s garanti\u00a0 - AutoJM Mag","description":"Pour cette nouvelle g\u00e9n\u00e9ration de Peugeot 308, Peugeot est reparti sur une feuille blanche pour retravailler le design de la 308 GT...","robots":{"index":"index","follow":"follow","max-snippet":"max-snippet:-1","max-image-preview":"max-image-preview:large","max-video-preview":"max-video-preview:-1"},"canonical":"https:\/\/www.autojm.fr\/blog\/prise-en-main-de-la-308-gt-succes-garanti\/","og_locale":"fr_FR","og_type":"article","og_title":"Prise en main de la 308 GT : succ\u00e8s garanti\u00a0 - AutoJM Mag","og_description":"Pour cette nouvelle g\u00e9n\u00e9ration de Peugeot 308, Peugeot est reparti sur une feuille blanche pour retravailler le design de la 308 GT...","og_url":"https:\/\/www.autojm.fr\/blog\/prise-en-main-de-la-308-gt-succes-garanti\/","og_site_name":"AutoJM Mag","article_publisher":"https:\/\/www.facebook.com\/AutoJM25","article_published_time":"2022-12-05T08:16:58+00:00","article_modified_time":"2023-02-08T07:36:07+00:00","og_image":[{"width":1000,"height":500,"url":"https:\/\/www.autojm.fr\/blog\/wp-content\/uploads\/2022\/12\/308-GT-ok.jpg","type":"image\/jpeg"}],"author":"Aur\u00e9lia AutoJM","twitter_card":"summary_large_image","twitter_misc":{"\u00c9crit par":"Aur\u00e9lia AutoJM"},"schema":{"@context":"https:\/\/schema.org","@graph":[{"@type":"Article","@id":"https:\/\/www.autojm.fr\/blog\/prise-en-main-de-la-308-gt-succes-garanti\/#article","isPartOf":{"@id":"https:\/\/www.autojm.fr\/blog\/prise-en-main-de-la-308-gt-succes-garanti\/"},"author":{"name":"Aur\u00e9lia AutoJM","@id":"https:\/\/www.autojm.fr\/blog\/#\/schema\/person\/e640a62bb6e669182918fd7871fe1ec5"},"headline":"Prise en main de la 308 GT : succ\u00e8s garanti\u00a0","datePublished":"2022-12-05T08:16:58+00:00","dateModified":"2023-02-08T07:36:07+00:00","mainEntityOfPage":{"@id":"https:\/\/www.autojm.fr\/blog\/prise-en-main-de-la-308-gt-succes-garanti\/"},"wordCount":9,"commentCount":0,"publisher":{"@id":"https:\/\/www.autojm.fr\/blog\/#organization"},"image":{"@id":"https:\/\/www.autojm.fr\/blog\/prise-en-main-de-la-308-gt-succes-garanti\/#primaryimage"},"thumbnailUrl":"https:\/\/www.autojm.fr\/blog\/wp-content\/uploads\/2022\/12\/308-GT-ok.jpg","keywords":["308","autojm","peugeot","Peugeot 308"],"articleSection":["Essais Peugeot"],"inLanguage":"fr-FR","potentialAction":[{"@type":"CommentAction","name":"Comment","target":["https:\/\/www.autojm.fr\/blog\/prise-en-main-de-la-308-gt-succes-garanti\/#respond"]}]},{"@type":"WebPage","@id":"https:\/\/www.autojm.fr\/blog\/prise-en-main-de-la-308-gt-succes-garanti\/","url":"https:\/\/www.autojm.fr\/blog\/prise-en-main-de-la-308-gt-succes-garanti\/","name":"Prise en main de la 308 GT : succ\u00e8s garanti\u00a0 - AutoJM Mag","isPartOf":{"@id":"https:\/\/www.autojm.fr\/blog\/#website"},"primaryImageOfPage":{"@id":"https:\/\/www.autojm.fr\/blog\/prise-en-main-de-la-308-gt-succes-garanti\/#primaryimage"},"image":{"@id":"https:\/\/www.autojm.fr\/blog\/prise-en-main-de-la-308-gt-succes-garanti\/#primaryimage"},"thumbnailUrl":"https:\/\/www.autojm.fr\/blog\/wp-content\/uploads\/2022\/12\/308-GT-ok.jpg","datePublished":"2022-12-05T08:16:58+00:00","dateModified":"2023-02-08T07:36:07+00:00","description":"Pour cette nouvelle g\u00e9n\u00e9ration de Peugeot 308, Peugeot est reparti sur une feuille blanche pour retravailler le design de la 308 GT...","breadcrumb":{"@id":"https:\/\/www.autojm.fr\/blog\/prise-en-main-de-la-308-gt-succes-garanti\/#breadcrumb"},"inLanguage":"fr-FR","potentialAction":[{"@type":"ReadAction","target":["https:\/\/www.autojm.fr\/blog\/prise-en-main-de-la-308-gt-succes-garanti\/"]}]},{"@type":"ImageObject","inLanguage":"fr-FR","@id":"https:\/\/www.autojm.fr\/blog\/prise-en-main-de-la-308-gt-succes-garanti\/#primaryimage","url":"https:\/\/www.autojm.fr\/blog\/wp-content\/uploads\/2022\/12\/308-GT-ok.jpg","contentUrl":"https:\/\/www.autojm.fr\/blog\/wp-content\/uploads\/2022\/12\/308-GT-ok.jpg","width":1000,"height":500,"caption":"Peugeot 308 GT"},{"@type":"BreadcrumbList","@id":"https:\/\/www.autojm.fr\/blog\/prise-en-main-de-la-308-gt-succes-garanti\/#breadcrumb","itemListElement":[{"@type":"ListItem","position":1,"name":"Accueil","item":"https:\/\/www.autojm.fr\/blog\/"},{"@type":"ListItem","position":2,"name":"Essais","item":"https:\/\/www.autojm.fr\/blog\/essais\/"},{"@type":"ListItem","position":3,"name":"Essais Peugeot","item":"https:\/\/www.autojm.fr\/blog\/essais\/essais-peugeot\/"},{"@type":"ListItem","position":4,"name":"Prise en main de la 308 GT : succ\u00e8s garanti\u00a0"}]},{"@type":"WebSite","@id":"https:\/\/www.autojm.fr\/blog\/#website","url":"https:\/\/www.autojm.fr\/blog\/","name":"AutoJM Mag","description":"Toute l&#039;actu auto en 1 clic !","publisher":{"@id":"https:\/\/www.autojm.fr\/blog\/#organization"},"potentialAction":[{"@type":"SearchAction","target":{"@type":"EntryPoint","urlTemplate":"https:\/\/www.autojm.fr\/blog\/?s={search_term_string}"},"query-input":{"@type":"PropertyValueSpecification","valueRequired":true,"valueName":"search_term_string"}}],"inLanguage":"fr-FR"},{"@type":"Organization","@id":"https:\/\/www.autojm.fr\/blog\/#organization","name":"AutoJM Mag","url":"https:\/\/www.autojm.fr\/blog\/","logo":{"@type":"ImageObject","inLanguage":"fr-FR","@id":"https:\/\/www.autojm.fr\/blog\/#\/schema\/logo\/image\/","url":"https:\/\/www.autojm.fr\/blog\/wp-content\/uploads\/2022\/12\/cropped-AutoJMag-png.png","contentUrl":"https:\/\/www.autojm.fr\/blog\/wp-content\/uploads\/2022\/12\/cropped-AutoJMag-png.png","width":2834,"height":585,"caption":"AutoJM Mag"},"image":{"@id":"https:\/\/www.autojm.fr\/blog\/#\/schema\/logo\/image\/"},"sameAs":["https:\/\/www.facebook.com\/AutoJM25"]},{"@type":"Person","@id":"https:\/\/www.autojm.fr\/blog\/#\/schema\/person\/e640a62bb6e669182918fd7871fe1ec5","name":"Aur\u00e9lia AutoJM","image":{"@type":"ImageObject","inLanguage":"fr-FR","@id":"https:\/\/secure.gravatar.com\/avatar\/17404fe7ba867704dc53905b3aeb1f66282e3a23def617ff4d39a7130702f24b?s=96&d=mm&r=g","url":"https:\/\/secure.gravatar.com\/avatar\/17404fe7ba867704dc53905b3aeb1f66282e3a23def617ff4d39a7130702f24b?s=96&d=mm&r=g","contentUrl":"https:\/\/secure.gravatar.com\/avatar\/17404fe7ba867704dc53905b3aeb1f66282e3a23def617ff4d39a7130702f24b?s=96&d=mm&r=g","caption":"Aur\u00e9lia AutoJM"},"url":"https:\/\/www.autojm.fr\/blog\/author\/autojm\/"}]}},"_links":{"self":[{"href":"https:\/\/www.autojm.fr\/blog\/wp-json\/wp\/v2\/posts\/6892","targetHints":{"allow":["GET"]}}],"collection":[{"href":"https:\/\/www.autojm.fr\/blog\/wp-json\/wp\/v2\/posts"}],"about":[{"href":"https:\/\/www.autojm.fr\/blog\/wp-json\/wp\/v2\/types\/post"}],"author":[{"embeddable":true,"href":"https:\/\/www.autojm.fr\/blog\/wp-json\/wp\/v2\/users\/2"}],"replies":[{"embeddable":true,"href":"https:\/\/www.autojm.fr\/blog\/wp-json\/wp\/v2\/comments?post=6892"}],"version-history":[{"count":3,"href":"https:\/\/www.autojm.fr\/blog\/wp-json\/wp\/v2\/posts\/6892\/revisions"}],"predecessor-version":[{"id":6896,"href":"https:\/\/www.autojm.fr\/blog\/wp-json\/wp\/v2\/posts\/6892\/revisions\/6896"}],"wp:featuredmedia":[{"embeddable":true,"href":"https:\/\/www.autojm.fr\/blog\/wp-json\/wp\/v2\/media\/6897"}],"wp:attachment":[{"href":"https:\/\/www.autojm.fr\/blog\/wp-json\/wp\/v2\/media?parent=6892"}],"wp:term":[{"taxonomy":"category","embeddable":true,"href":"https:\/\/www.autojm.fr\/blog\/wp-json\/wp\/v2\/categories?post=6892"},{"taxonomy":"post_tag","embeddable":true,"href":"https:\/\/www.autojm.fr\/blog\/wp-json\/wp\/v2\/tags?post=6892"}],"curies":[{"name":"wp","href":"https:\/\/api.w.org\/{rel}","templated":true}]}}