{"id":6593,"date":"2022-11-30T16:41:29","date_gmt":"2022-11-30T16:41:29","guid":{"rendered":"https:\/\/www.autojm.fr\/blog\/?p=6593"},"modified":"2023-02-08T07:37:55","modified_gmt":"2023-02-08T07:37:55","slug":"ds-4-trocadero","status":"publish","type":"post","link":"https:\/\/www.autojm.fr\/blog\/ds-4-trocadero\/","title":{"rendered":"DS 4 Trocad\u00e9ro : essais valid\u00e9s par nos \u00e9quipes\u00a0"},"content":{"rendered":"","protected":false},"excerpt":{"rendered":"<p>V\u00e9hicule positionn\u00e9 entre la berline et le SUV, la DS 4 vise \u00e0 s\u00e9duire une client\u00e8le \u00e0 la recherche d\u2019une voiture plus grande qu\u2019une compacte haut de gamme et moins traditionnelle comme l\u2019Audi A3, la BMW S\u00e9rie 1 ou la Mercedes Classe A.\u00a0<\/p>\n","protected":false},"author":2,"featured_media":6594,"comment_status":"open","ping_status":"open","sticky":false,"template":"","format":"standard","meta":{"_acf_changed":false,"content-type":"","footnotes":""},"categories":[51],"tags":[90,154],"class_list":["post-6593","post","type-post","status-publish","format-standard","has-post-thumbnail","hentry","category-essais-ds","tag-autojm","tag-nouvelle-ds4"],"acf":[],"yoast_head":"<!-- This site is optimized with the Yoast SEO plugin v27.5 - https:\/\/yoast.com\/product\/yoast-seo-wordpress\/ -->\n<title>DS 4 Trocad\u00e9ro : essais valid\u00e9s par nos \u00e9quipes\u00a0 - AutoJM Mag<\/title>\n<meta name=\"description\" content=\"V\u00e9hicule positionn\u00e9 entre la berline et le SUV, la DS 4 vise \u00e0 s\u00e9duire une client\u00e8le \u00e0 la recherche d\u2019une voiture plus grande...\" \/>\n<meta name=\"robots\" content=\"index, follow, max-snippet:-1, max-image-preview:large, max-video-preview:-1\" \/>\n<link rel=\"canonical\" href=\"https:\/\/www.autojm.fr\/blog\/ds-4-trocadero\/\" \/>\n<meta property=\"og:locale\" content=\"fr_FR\" \/>\n<meta property=\"og:type\" content=\"article\" \/>\n<meta property=\"og:title\" content=\"DS 4 Trocad\u00e9ro : essais valid\u00e9s par nos \u00e9quipes\u00a0 - AutoJM Mag\" \/>\n<meta property=\"og:description\" content=\"V\u00e9hicule positionn\u00e9 entre la berline et le SUV, la DS 4 vise \u00e0 s\u00e9duire une client\u00e8le \u00e0 la recherche d\u2019une voiture plus grande...\" \/>\n<meta property=\"og:url\" content=\"https:\/\/www.autojm.fr\/blog\/ds-4-trocadero\/\" \/>\n<meta property=\"og:site_name\" content=\"AutoJM Mag\" \/>\n<meta property=\"article:publisher\" content=\"https:\/\/www.facebook.com\/AutoJM25\" \/>\n<meta property=\"article:published_time\" content=\"2022-11-30T16:41:29+00:00\" \/>\n<meta property=\"article:modified_time\" content=\"2023-02-08T07:37:55+00:00\" \/>\n<meta property=\"og:image\" content=\"https:\/\/www.autojm.fr\/blog\/wp-content\/uploads\/2022\/11\/DS-4-Trocadero-2-scaled.jpg\" \/>\n\t<meta property=\"og:image:width\" content=\"2560\" \/>\n\t<meta property=\"og:image:height\" content=\"1440\" \/>\n\t<meta property=\"og:image:type\" content=\"image\/jpeg\" \/>\n<meta name=\"author\" content=\"Aur\u00e9lia AutoJM\" \/>\n<meta name=\"twitter:card\" content=\"summary_large_image\" \/>\n<meta name=\"twitter:label1\" content=\"\u00c9crit par\" \/>\n\t<meta name=\"twitter:data1\" content=\"Aur\u00e9lia AutoJM\" \/>\n<script type=\"application\/ld+json\" class=\"yoast-schema-graph\">{\"@context\":\"https:\\\/\\\/schema.org\",\"@graph\":[{\"@type\":\"Article\",\"@id\":\"https:\\\/\\\/www.autojm.fr\\\/blog\\\/ds-4-trocadero\\\/#article\",\"isPartOf\":{\"@id\":\"https:\\\/\\\/www.autojm.fr\\\/blog\\\/ds-4-trocadero\\\/\"},\"author\":{\"name\":\"Aur\u00e9lia AutoJM\",\"@id\":\"https:\\\/\\\/www.autojm.fr\\\/blog\\\/#\\\/schema\\\/person\\\/e640a62bb6e669182918fd7871fe1ec5\"},\"headline\":\"DS 4 Trocad\u00e9ro : essais valid\u00e9s par nos \u00e9quipes\u00a0\",\"datePublished\":\"2022-11-30T16:41:29+00:00\",\"dateModified\":\"2023-02-08T07:37:55+00:00\",\"mainEntityOfPage\":{\"@id\":\"https:\\\/\\\/www.autojm.fr\\\/blog\\\/ds-4-trocadero\\\/\"},\"wordCount\":9,\"commentCount\":0,\"publisher\":{\"@id\":\"https:\\\/\\\/www.autojm.fr\\\/blog\\\/#organization\"},\"image\":{\"@id\":\"https:\\\/\\\/www.autojm.fr\\\/blog\\\/ds-4-trocadero\\\/#primaryimage\"},\"thumbnailUrl\":\"https:\\\/\\\/www.autojm.fr\\\/blog\\\/wp-content\\\/uploads\\\/2022\\\/11\\\/DS-4-Trocadero-2-scaled.jpg\",\"keywords\":[\"autojm\",\"Nouvelle DS4\"],\"articleSection\":[\"Essais DS\"],\"inLanguage\":\"fr-FR\",\"potentialAction\":[{\"@type\":\"CommentAction\",\"name\":\"Comment\",\"target\":[\"https:\\\/\\\/www.autojm.fr\\\/blog\\\/ds-4-trocadero\\\/#respond\"]}]},{\"@type\":\"WebPage\",\"@id\":\"https:\\\/\\\/www.autojm.fr\\\/blog\\\/ds-4-trocadero\\\/\",\"url\":\"https:\\\/\\\/www.autojm.fr\\\/blog\\\/ds-4-trocadero\\\/\",\"name\":\"DS 4 Trocad\u00e9ro : essais valid\u00e9s par nos \u00e9quipes\u00a0 - AutoJM Mag\",\"isPartOf\":{\"@id\":\"https:\\\/\\\/www.autojm.fr\\\/blog\\\/#website\"},\"primaryImageOfPage\":{\"@id\":\"https:\\\/\\\/www.autojm.fr\\\/blog\\\/ds-4-trocadero\\\/#primaryimage\"},\"image\":{\"@id\":\"https:\\\/\\\/www.autojm.fr\\\/blog\\\/ds-4-trocadero\\\/#primaryimage\"},\"thumbnailUrl\":\"https:\\\/\\\/www.autojm.fr\\\/blog\\\/wp-content\\\/uploads\\\/2022\\\/11\\\/DS-4-Trocadero-2-scaled.jpg\",\"datePublished\":\"2022-11-30T16:41:29+00:00\",\"dateModified\":\"2023-02-08T07:37:55+00:00\",\"description\":\"V\u00e9hicule positionn\u00e9 entre la berline et le SUV, la DS 4 vise \u00e0 s\u00e9duire une client\u00e8le \u00e0 la recherche d\u2019une voiture plus grande...\",\"breadcrumb\":{\"@id\":\"https:\\\/\\\/www.autojm.fr\\\/blog\\\/ds-4-trocadero\\\/#breadcrumb\"},\"inLanguage\":\"fr-FR\",\"potentialAction\":[{\"@type\":\"ReadAction\",\"target\":[\"https:\\\/\\\/www.autojm.fr\\\/blog\\\/ds-4-trocadero\\\/\"]}]},{\"@type\":\"ImageObject\",\"inLanguage\":\"fr-FR\",\"@id\":\"https:\\\/\\\/www.autojm.fr\\\/blog\\\/ds-4-trocadero\\\/#primaryimage\",\"url\":\"https:\\\/\\\/www.autojm.fr\\\/blog\\\/wp-content\\\/uploads\\\/2022\\\/11\\\/DS-4-Trocadero-2-scaled.jpg\",\"contentUrl\":\"https:\\\/\\\/www.autojm.fr\\\/blog\\\/wp-content\\\/uploads\\\/2022\\\/11\\\/DS-4-Trocadero-2-scaled.jpg\",\"width\":2560,\"height\":1440,\"caption\":\"DS 4 Trocadero\"},{\"@type\":\"BreadcrumbList\",\"@id\":\"https:\\\/\\\/www.autojm.fr\\\/blog\\\/ds-4-trocadero\\\/#breadcrumb\",\"itemListElement\":[{\"@type\":\"ListItem\",\"position\":1,\"name\":\"Accueil\",\"item\":\"https:\\\/\\\/www.autojm.fr\\\/blog\\\/\"},{\"@type\":\"ListItem\",\"position\":2,\"name\":\"Essais\",\"item\":\"https:\\\/\\\/www.autojm.fr\\\/blog\\\/essais\\\/\"},{\"@type\":\"ListItem\",\"position\":3,\"name\":\"Essais DS\",\"item\":\"https:\\\/\\\/www.autojm.fr\\\/blog\\\/essais\\\/essais-ds\\\/\"},{\"@type\":\"ListItem\",\"position\":4,\"name\":\"DS 4 Trocad\u00e9ro : essais valid\u00e9s par nos \u00e9quipes\u00a0\"}]},{\"@type\":\"WebSite\",\"@id\":\"https:\\\/\\\/www.autojm.fr\\\/blog\\\/#website\",\"url\":\"https:\\\/\\\/www.autojm.fr\\\/blog\\\/\",\"name\":\"AutoJM Mag\",\"description\":\"Toute l&#039;actu auto en 1 clic !\",\"publisher\":{\"@id\":\"https:\\\/\\\/www.autojm.fr\\\/blog\\\/#organization\"},\"potentialAction\":[{\"@type\":\"SearchAction\",\"target\":{\"@type\":\"EntryPoint\",\"urlTemplate\":\"https:\\\/\\\/www.autojm.fr\\\/blog\\\/?s={search_term_string}\"},\"query-input\":{\"@type\":\"PropertyValueSpecification\",\"valueRequired\":true,\"valueName\":\"search_term_string\"}}],\"inLanguage\":\"fr-FR\"},{\"@type\":\"Organization\",\"@id\":\"https:\\\/\\\/www.autojm.fr\\\/blog\\\/#organization\",\"name\":\"AutoJM Mag\",\"url\":\"https:\\\/\\\/www.autojm.fr\\\/blog\\\/\",\"logo\":{\"@type\":\"ImageObject\",\"inLanguage\":\"fr-FR\",\"@id\":\"https:\\\/\\\/www.autojm.fr\\\/blog\\\/#\\\/schema\\\/logo\\\/image\\\/\",\"url\":\"https:\\\/\\\/www.autojm.fr\\\/blog\\\/wp-content\\\/uploads\\\/2022\\\/12\\\/cropped-AutoJMag-png.png\",\"contentUrl\":\"https:\\\/\\\/www.autojm.fr\\\/blog\\\/wp-content\\\/uploads\\\/2022\\\/12\\\/cropped-AutoJMag-png.png\",\"width\":2834,\"height\":585,\"caption\":\"AutoJM Mag\"},\"image\":{\"@id\":\"https:\\\/\\\/www.autojm.fr\\\/blog\\\/#\\\/schema\\\/logo\\\/image\\\/\"},\"sameAs\":[\"https:\\\/\\\/www.facebook.com\\\/AutoJM25\"]},{\"@type\":\"Person\",\"@id\":\"https:\\\/\\\/www.autojm.fr\\\/blog\\\/#\\\/schema\\\/person\\\/e640a62bb6e669182918fd7871fe1ec5\",\"name\":\"Aur\u00e9lia AutoJM\",\"image\":{\"@type\":\"ImageObject\",\"inLanguage\":\"fr-FR\",\"@id\":\"https:\\\/\\\/secure.gravatar.com\\\/avatar\\\/17404fe7ba867704dc53905b3aeb1f66282e3a23def617ff4d39a7130702f24b?s=96&d=mm&r=g\",\"url\":\"https:\\\/\\\/secure.gravatar.com\\\/avatar\\\/17404fe7ba867704dc53905b3aeb1f66282e3a23def617ff4d39a7130702f24b?s=96&d=mm&r=g\",\"contentUrl\":\"https:\\\/\\\/secure.gravatar.com\\\/avatar\\\/17404fe7ba867704dc53905b3aeb1f66282e3a23def617ff4d39a7130702f24b?s=96&d=mm&r=g\",\"caption\":\"Aur\u00e9lia AutoJM\"},\"url\":\"https:\\\/\\\/www.autojm.fr\\\/blog\\\/author\\\/autojm\\\/\"}]}<\/script>\n<!-- \/ Yoast SEO plugin. -->","yoast_head_json":{"title":"DS 4 Trocad\u00e9ro : essais valid\u00e9s par nos \u00e9quipes\u00a0 - AutoJM Mag","description":"V\u00e9hicule positionn\u00e9 entre la berline et le SUV, la DS 4 vise \u00e0 s\u00e9duire une client\u00e8le \u00e0 la recherche d\u2019une voiture plus grande...","robots":{"index":"index","follow":"follow","max-snippet":"max-snippet:-1","max-image-preview":"max-image-preview:large","max-video-preview":"max-video-preview:-1"},"canonical":"https:\/\/www.autojm.fr\/blog\/ds-4-trocadero\/","og_locale":"fr_FR","og_type":"article","og_title":"DS 4 Trocad\u00e9ro : essais valid\u00e9s par nos \u00e9quipes\u00a0 - AutoJM Mag","og_description":"V\u00e9hicule positionn\u00e9 entre la berline et le SUV, la DS 4 vise \u00e0 s\u00e9duire une client\u00e8le \u00e0 la recherche d\u2019une voiture plus grande...","og_url":"https:\/\/www.autojm.fr\/blog\/ds-4-trocadero\/","og_site_name":"AutoJM Mag","article_publisher":"https:\/\/www.facebook.com\/AutoJM25","article_published_time":"2022-11-30T16:41:29+00:00","article_modified_time":"2023-02-08T07:37:55+00:00","og_image":[{"width":2560,"height":1440,"url":"https:\/\/www.autojm.fr\/blog\/wp-content\/uploads\/2022\/11\/DS-4-Trocadero-2-scaled.jpg","type":"image\/jpeg"}],"author":"Aur\u00e9lia AutoJM","twitter_card":"summary_large_image","twitter_misc":{"\u00c9crit par":"Aur\u00e9lia AutoJM"},"schema":{"@context":"https:\/\/schema.org","@graph":[{"@type":"Article","@id":"https:\/\/www.autojm.fr\/blog\/ds-4-trocadero\/#article","isPartOf":{"@id":"https:\/\/www.autojm.fr\/blog\/ds-4-trocadero\/"},"author":{"name":"Aur\u00e9lia AutoJM","@id":"https:\/\/www.autojm.fr\/blog\/#\/schema\/person\/e640a62bb6e669182918fd7871fe1ec5"},"headline":"DS 4 Trocad\u00e9ro : essais valid\u00e9s par nos \u00e9quipes\u00a0","datePublished":"2022-11-30T16:41:29+00:00","dateModified":"2023-02-08T07:37:55+00:00","mainEntityOfPage":{"@id":"https:\/\/www.autojm.fr\/blog\/ds-4-trocadero\/"},"wordCount":9,"commentCount":0,"publisher":{"@id":"https:\/\/www.autojm.fr\/blog\/#organization"},"image":{"@id":"https:\/\/www.autojm.fr\/blog\/ds-4-trocadero\/#primaryimage"},"thumbnailUrl":"https:\/\/www.autojm.fr\/blog\/wp-content\/uploads\/2022\/11\/DS-4-Trocadero-2-scaled.jpg","keywords":["autojm","Nouvelle DS4"],"articleSection":["Essais DS"],"inLanguage":"fr-FR","potentialAction":[{"@type":"CommentAction","name":"Comment","target":["https:\/\/www.autojm.fr\/blog\/ds-4-trocadero\/#respond"]}]},{"@type":"WebPage","@id":"https:\/\/www.autojm.fr\/blog\/ds-4-trocadero\/","url":"https:\/\/www.autojm.fr\/blog\/ds-4-trocadero\/","name":"DS 4 Trocad\u00e9ro : essais valid\u00e9s par nos \u00e9quipes\u00a0 - AutoJM Mag","isPartOf":{"@id":"https:\/\/www.autojm.fr\/blog\/#website"},"primaryImageOfPage":{"@id":"https:\/\/www.autojm.fr\/blog\/ds-4-trocadero\/#primaryimage"},"image":{"@id":"https:\/\/www.autojm.fr\/blog\/ds-4-trocadero\/#primaryimage"},"thumbnailUrl":"https:\/\/www.autojm.fr\/blog\/wp-content\/uploads\/2022\/11\/DS-4-Trocadero-2-scaled.jpg","datePublished":"2022-11-30T16:41:29+00:00","dateModified":"2023-02-08T07:37:55+00:00","description":"V\u00e9hicule positionn\u00e9 entre la berline et le SUV, la DS 4 vise \u00e0 s\u00e9duire une client\u00e8le \u00e0 la recherche d\u2019une voiture plus grande...","breadcrumb":{"@id":"https:\/\/www.autojm.fr\/blog\/ds-4-trocadero\/#breadcrumb"},"inLanguage":"fr-FR","potentialAction":[{"@type":"ReadAction","target":["https:\/\/www.autojm.fr\/blog\/ds-4-trocadero\/"]}]},{"@type":"ImageObject","inLanguage":"fr-FR","@id":"https:\/\/www.autojm.fr\/blog\/ds-4-trocadero\/#primaryimage","url":"https:\/\/www.autojm.fr\/blog\/wp-content\/uploads\/2022\/11\/DS-4-Trocadero-2-scaled.jpg","contentUrl":"https:\/\/www.autojm.fr\/blog\/wp-content\/uploads\/2022\/11\/DS-4-Trocadero-2-scaled.jpg","width":2560,"height":1440,"caption":"DS 4 Trocadero"},{"@type":"BreadcrumbList","@id":"https:\/\/www.autojm.fr\/blog\/ds-4-trocadero\/#breadcrumb","itemListElement":[{"@type":"ListItem","position":1,"name":"Accueil","item":"https:\/\/www.autojm.fr\/blog\/"},{"@type":"ListItem","position":2,"name":"Essais","item":"https:\/\/www.autojm.fr\/blog\/essais\/"},{"@type":"ListItem","position":3,"name":"Essais DS","item":"https:\/\/www.autojm.fr\/blog\/essais\/essais-ds\/"},{"@type":"ListItem","position":4,"name":"DS 4 Trocad\u00e9ro : essais valid\u00e9s par nos \u00e9quipes\u00a0"}]},{"@type":"WebSite","@id":"https:\/\/www.autojm.fr\/blog\/#website","url":"https:\/\/www.autojm.fr\/blog\/","name":"AutoJM Mag","description":"Toute l&#039;actu auto en 1 clic !","publisher":{"@id":"https:\/\/www.autojm.fr\/blog\/#organization"},"potentialAction":[{"@type":"SearchAction","target":{"@type":"EntryPoint","urlTemplate":"https:\/\/www.autojm.fr\/blog\/?s={search_term_string}"},"query-input":{"@type":"PropertyValueSpecification","valueRequired":true,"valueName":"search_term_string"}}],"inLanguage":"fr-FR"},{"@type":"Organization","@id":"https:\/\/www.autojm.fr\/blog\/#organization","name":"AutoJM Mag","url":"https:\/\/www.autojm.fr\/blog\/","logo":{"@type":"ImageObject","inLanguage":"fr-FR","@id":"https:\/\/www.autojm.fr\/blog\/#\/schema\/logo\/image\/","url":"https:\/\/www.autojm.fr\/blog\/wp-content\/uploads\/2022\/12\/cropped-AutoJMag-png.png","contentUrl":"https:\/\/www.autojm.fr\/blog\/wp-content\/uploads\/2022\/12\/cropped-AutoJMag-png.png","width":2834,"height":585,"caption":"AutoJM Mag"},"image":{"@id":"https:\/\/www.autojm.fr\/blog\/#\/schema\/logo\/image\/"},"sameAs":["https:\/\/www.facebook.com\/AutoJM25"]},{"@type":"Person","@id":"https:\/\/www.autojm.fr\/blog\/#\/schema\/person\/e640a62bb6e669182918fd7871fe1ec5","name":"Aur\u00e9lia AutoJM","image":{"@type":"ImageObject","inLanguage":"fr-FR","@id":"https:\/\/secure.gravatar.com\/avatar\/17404fe7ba867704dc53905b3aeb1f66282e3a23def617ff4d39a7130702f24b?s=96&d=mm&r=g","url":"https:\/\/secure.gravatar.com\/avatar\/17404fe7ba867704dc53905b3aeb1f66282e3a23def617ff4d39a7130702f24b?s=96&d=mm&r=g","contentUrl":"https:\/\/secure.gravatar.com\/avatar\/17404fe7ba867704dc53905b3aeb1f66282e3a23def617ff4d39a7130702f24b?s=96&d=mm&r=g","caption":"Aur\u00e9lia AutoJM"},"url":"https:\/\/www.autojm.fr\/blog\/author\/autojm\/"}]}},"_links":{"self":[{"href":"https:\/\/www.autojm.fr\/blog\/wp-json\/wp\/v2\/posts\/6593","targetHints":{"allow":["GET"]}}],"collection":[{"href":"https:\/\/www.autojm.fr\/blog\/wp-json\/wp\/v2\/posts"}],"about":[{"href":"https:\/\/www.autojm.fr\/blog\/wp-json\/wp\/v2\/types\/post"}],"author":[{"embeddable":true,"href":"https:\/\/www.autojm.fr\/blog\/wp-json\/wp\/v2\/users\/2"}],"replies":[{"embeddable":true,"href":"https:\/\/www.autojm.fr\/blog\/wp-json\/wp\/v2\/comments?post=6593"}],"version-history":[{"count":10,"href":"https:\/\/www.autojm.fr\/blog\/wp-json\/wp\/v2\/posts\/6593\/revisions"}],"predecessor-version":[{"id":6898,"href":"https:\/\/www.autojm.fr\/blog\/wp-json\/wp\/v2\/posts\/6593\/revisions\/6898"}],"wp:featuredmedia":[{"embeddable":true,"href":"https:\/\/www.autojm.fr\/blog\/wp-json\/wp\/v2\/media\/6594"}],"wp:attachment":[{"href":"https:\/\/www.autojm.fr\/blog\/wp-json\/wp\/v2\/media?parent=6593"}],"wp:term":[{"taxonomy":"category","embeddable":true,"href":"https:\/\/www.autojm.fr\/blog\/wp-json\/wp\/v2\/categories?post=6593"},{"taxonomy":"post_tag","embeddable":true,"href":"https:\/\/www.autojm.fr\/blog\/wp-json\/wp\/v2\/tags?post=6593"}],"curies":[{"name":"wp","href":"https:\/\/api.w.org\/{rel}","templated":true}]}}