{"id":6588,"date":"2022-12-04T16:27:52","date_gmt":"2022-12-04T16:27:52","guid":{"rendered":"https:\/\/www.autojm.fr\/blog\/?p=6588"},"modified":"2024-06-03T14:38:58","modified_gmt":"2024-06-03T14:38:58","slug":"voiture-de-lannee-2023-les-7-finalistes","status":"publish","type":"post","link":"https:\/\/www.autojm.fr\/blog\/voiture-de-lannee-2023-les-7-finalistes\/","title":{"rendered":"Voiture de l\u2019ann\u00e9e 2023 : les 7 finalistes\u00a0\u00a0"},"content":{"rendered":"","protected":false},"excerpt":{"rendered":"<p>Traditionnellement d\u00e9cern\u00e9 en d\u00e9but d\u2019ann\u00e9e au Salon de Gen\u00e8ve, le troph\u00e9e de la Voiture de l\u2019Ann\u00e9e 2023 sera remis au Salon de l\u2019Auto de Bruxelles le 13 janvier au Palais du Heysel.\u00a0<\/p>\n","protected":false},"author":2,"featured_media":6589,"comment_status":"open","ping_status":"open","sticky":false,"template":"","format":"standard","meta":{"_acf_changed":false,"content-type":"","footnotes":""},"categories":[5],"tags":[100,101],"class_list":["post-6588","post","type-post","status-publish","format-standard","has-post-thumbnail","hentry","category-actualite-automobile","tag-peugeot-408","tag-renault-austral"],"acf":[],"yoast_head":"<!-- This site is optimized with the Yoast SEO plugin v27.5 - https:\/\/yoast.com\/product\/yoast-seo-wordpress\/ -->\n<title>Voiture de l\u2019ann\u00e9e 2023 : les 7 finalistes\u00a0\u00a0 - AutoJM Mag<\/title>\n<meta name=\"description\" content=\"Traditionnellement d\u00e9cern\u00e9 en d\u00e9but d\u2019ann\u00e9e au Salon de Gen\u00e8ve, le troph\u00e9e de la Voiture de l\u2019Ann\u00e9e 2023 sera remis au Salon de l\u2019Auto...\" \/>\n<meta name=\"robots\" content=\"index, follow, max-snippet:-1, max-image-preview:large, max-video-preview:-1\" \/>\n<link rel=\"canonical\" href=\"https:\/\/www.autojm.fr\/blog\/voiture-de-lannee-2023-les-7-finalistes\/\" \/>\n<meta property=\"og:locale\" content=\"fr_FR\" \/>\n<meta property=\"og:type\" content=\"article\" \/>\n<meta property=\"og:title\" content=\"Voiture de l\u2019ann\u00e9e 2023 : les 7 finalistes\u00a0\u00a0 - AutoJM Mag\" \/>\n<meta property=\"og:description\" content=\"Traditionnellement d\u00e9cern\u00e9 en d\u00e9but d\u2019ann\u00e9e au Salon de Gen\u00e8ve, le troph\u00e9e de la Voiture de l\u2019Ann\u00e9e 2023 sera remis au Salon de l\u2019Auto...\" \/>\n<meta property=\"og:url\" content=\"https:\/\/www.autojm.fr\/blog\/voiture-de-lannee-2023-les-7-finalistes\/\" \/>\n<meta property=\"og:site_name\" content=\"AutoJM Mag\" \/>\n<meta property=\"article:publisher\" content=\"https:\/\/www.facebook.com\/AutoJM25\" \/>\n<meta property=\"article:published_time\" content=\"2022-12-04T16:27:52+00:00\" \/>\n<meta property=\"article:modified_time\" content=\"2024-06-03T14:38:58+00:00\" \/>\n<meta property=\"og:image\" content=\"https:\/\/www.autojm.fr\/blog\/wp-content\/uploads\/2022\/11\/Voiture-de-lannee-2023.jpg\" \/>\n\t<meta property=\"og:image:width\" content=\"1280\" \/>\n\t<meta property=\"og:image:height\" content=\"720\" \/>\n\t<meta property=\"og:image:type\" content=\"image\/jpeg\" \/>\n<meta name=\"author\" content=\"Aur\u00e9lia AutoJM\" \/>\n<meta name=\"twitter:card\" content=\"summary_large_image\" \/>\n<meta name=\"twitter:label1\" content=\"\u00c9crit par\" \/>\n\t<meta name=\"twitter:data1\" content=\"Aur\u00e9lia AutoJM\" \/>\n\t<meta name=\"twitter:label2\" content=\"Dur\u00e9e de lecture estim\u00e9e\" \/>\n\t<meta name=\"twitter:data2\" content=\"2 minutes\" \/>\n<script type=\"application\/ld+json\" class=\"yoast-schema-graph\">{\"@context\":\"https:\\\/\\\/schema.org\",\"@graph\":[{\"@type\":\"Article\",\"@id\":\"https:\\\/\\\/www.autojm.fr\\\/blog\\\/voiture-de-lannee-2023-les-7-finalistes\\\/#article\",\"isPartOf\":{\"@id\":\"https:\\\/\\\/www.autojm.fr\\\/blog\\\/voiture-de-lannee-2023-les-7-finalistes\\\/\"},\"author\":{\"name\":\"Aur\u00e9lia AutoJM\",\"@id\":\"https:\\\/\\\/www.autojm.fr\\\/blog\\\/#\\\/schema\\\/person\\\/e640a62bb6e669182918fd7871fe1ec5\"},\"headline\":\"Voiture de l\u2019ann\u00e9e 2023 : les 7 finalistes\u00a0\u00a0\",\"datePublished\":\"2022-12-04T16:27:52+00:00\",\"dateModified\":\"2024-06-03T14:38:58+00:00\",\"mainEntityOfPage\":{\"@id\":\"https:\\\/\\\/www.autojm.fr\\\/blog\\\/voiture-de-lannee-2023-les-7-finalistes\\\/\"},\"wordCount\":7,\"commentCount\":0,\"publisher\":{\"@id\":\"https:\\\/\\\/www.autojm.fr\\\/blog\\\/#organization\"},\"image\":{\"@id\":\"https:\\\/\\\/www.autojm.fr\\\/blog\\\/voiture-de-lannee-2023-les-7-finalistes\\\/#primaryimage\"},\"thumbnailUrl\":\"https:\\\/\\\/www.autojm.fr\\\/blog\\\/wp-content\\\/uploads\\\/2022\\\/11\\\/Voiture-de-lannee-2023.jpg\",\"keywords\":[\"Peugeot 408\",\"Renault Austral\"],\"articleSection\":[\"Actualit\u00e9 Automobile\"],\"inLanguage\":\"fr-FR\",\"potentialAction\":[{\"@type\":\"CommentAction\",\"name\":\"Comment\",\"target\":[\"https:\\\/\\\/www.autojm.fr\\\/blog\\\/voiture-de-lannee-2023-les-7-finalistes\\\/#respond\"]}]},{\"@type\":\"WebPage\",\"@id\":\"https:\\\/\\\/www.autojm.fr\\\/blog\\\/voiture-de-lannee-2023-les-7-finalistes\\\/\",\"url\":\"https:\\\/\\\/www.autojm.fr\\\/blog\\\/voiture-de-lannee-2023-les-7-finalistes\\\/\",\"name\":\"Voiture de l\u2019ann\u00e9e 2023 : les 7 finalistes\u00a0\u00a0 - AutoJM Mag\",\"isPartOf\":{\"@id\":\"https:\\\/\\\/www.autojm.fr\\\/blog\\\/#website\"},\"primaryImageOfPage\":{\"@id\":\"https:\\\/\\\/www.autojm.fr\\\/blog\\\/voiture-de-lannee-2023-les-7-finalistes\\\/#primaryimage\"},\"image\":{\"@id\":\"https:\\\/\\\/www.autojm.fr\\\/blog\\\/voiture-de-lannee-2023-les-7-finalistes\\\/#primaryimage\"},\"thumbnailUrl\":\"https:\\\/\\\/www.autojm.fr\\\/blog\\\/wp-content\\\/uploads\\\/2022\\\/11\\\/Voiture-de-lannee-2023.jpg\",\"datePublished\":\"2022-12-04T16:27:52+00:00\",\"dateModified\":\"2024-06-03T14:38:58+00:00\",\"description\":\"Traditionnellement d\u00e9cern\u00e9 en d\u00e9but d\u2019ann\u00e9e au Salon de Gen\u00e8ve, le troph\u00e9e de la Voiture de l\u2019Ann\u00e9e 2023 sera remis au Salon de l\u2019Auto...\",\"breadcrumb\":{\"@id\":\"https:\\\/\\\/www.autojm.fr\\\/blog\\\/voiture-de-lannee-2023-les-7-finalistes\\\/#breadcrumb\"},\"inLanguage\":\"fr-FR\",\"potentialAction\":[{\"@type\":\"ReadAction\",\"target\":[\"https:\\\/\\\/www.autojm.fr\\\/blog\\\/voiture-de-lannee-2023-les-7-finalistes\\\/\"]}]},{\"@type\":\"ImageObject\",\"inLanguage\":\"fr-FR\",\"@id\":\"https:\\\/\\\/www.autojm.fr\\\/blog\\\/voiture-de-lannee-2023-les-7-finalistes\\\/#primaryimage\",\"url\":\"https:\\\/\\\/www.autojm.fr\\\/blog\\\/wp-content\\\/uploads\\\/2022\\\/11\\\/Voiture-de-lannee-2023.jpg\",\"contentUrl\":\"https:\\\/\\\/www.autojm.fr\\\/blog\\\/wp-content\\\/uploads\\\/2022\\\/11\\\/Voiture-de-lannee-2023.jpg\",\"width\":1280,\"height\":720,\"caption\":\"Voiture de l'ann\u00e9e 2023\"},{\"@type\":\"BreadcrumbList\",\"@id\":\"https:\\\/\\\/www.autojm.fr\\\/blog\\\/voiture-de-lannee-2023-les-7-finalistes\\\/#breadcrumb\",\"itemListElement\":[{\"@type\":\"ListItem\",\"position\":1,\"name\":\"Accueil\",\"item\":\"https:\\\/\\\/www.autojm.fr\\\/blog\\\/\"},{\"@type\":\"ListItem\",\"position\":2,\"name\":\"Actualit\u00e9 Automobile\",\"item\":\"https:\\\/\\\/www.autojm.fr\\\/blog\\\/actualite-automobile\\\/\"},{\"@type\":\"ListItem\",\"position\":3,\"name\":\"Voiture de l\u2019ann\u00e9e 2023 : les 7 finalistes\u00a0\u00a0\"}]},{\"@type\":\"WebSite\",\"@id\":\"https:\\\/\\\/www.autojm.fr\\\/blog\\\/#website\",\"url\":\"https:\\\/\\\/www.autojm.fr\\\/blog\\\/\",\"name\":\"AutoJM Mag\",\"description\":\"Toute l&#039;actu auto en 1 clic !\",\"publisher\":{\"@id\":\"https:\\\/\\\/www.autojm.fr\\\/blog\\\/#organization\"},\"potentialAction\":[{\"@type\":\"SearchAction\",\"target\":{\"@type\":\"EntryPoint\",\"urlTemplate\":\"https:\\\/\\\/www.autojm.fr\\\/blog\\\/?s={search_term_string}\"},\"query-input\":{\"@type\":\"PropertyValueSpecification\",\"valueRequired\":true,\"valueName\":\"search_term_string\"}}],\"inLanguage\":\"fr-FR\"},{\"@type\":\"Organization\",\"@id\":\"https:\\\/\\\/www.autojm.fr\\\/blog\\\/#organization\",\"name\":\"AutoJM Mag\",\"url\":\"https:\\\/\\\/www.autojm.fr\\\/blog\\\/\",\"logo\":{\"@type\":\"ImageObject\",\"inLanguage\":\"fr-FR\",\"@id\":\"https:\\\/\\\/www.autojm.fr\\\/blog\\\/#\\\/schema\\\/logo\\\/image\\\/\",\"url\":\"https:\\\/\\\/www.autojm.fr\\\/blog\\\/wp-content\\\/uploads\\\/2022\\\/12\\\/cropped-AutoJMag-png.png\",\"contentUrl\":\"https:\\\/\\\/www.autojm.fr\\\/blog\\\/wp-content\\\/uploads\\\/2022\\\/12\\\/cropped-AutoJMag-png.png\",\"width\":2834,\"height\":585,\"caption\":\"AutoJM Mag\"},\"image\":{\"@id\":\"https:\\\/\\\/www.autojm.fr\\\/blog\\\/#\\\/schema\\\/logo\\\/image\\\/\"},\"sameAs\":[\"https:\\\/\\\/www.facebook.com\\\/AutoJM25\"]},{\"@type\":\"Person\",\"@id\":\"https:\\\/\\\/www.autojm.fr\\\/blog\\\/#\\\/schema\\\/person\\\/e640a62bb6e669182918fd7871fe1ec5\",\"name\":\"Aur\u00e9lia AutoJM\",\"image\":{\"@type\":\"ImageObject\",\"inLanguage\":\"fr-FR\",\"@id\":\"https:\\\/\\\/secure.gravatar.com\\\/avatar\\\/17404fe7ba867704dc53905b3aeb1f66282e3a23def617ff4d39a7130702f24b?s=96&d=mm&r=g\",\"url\":\"https:\\\/\\\/secure.gravatar.com\\\/avatar\\\/17404fe7ba867704dc53905b3aeb1f66282e3a23def617ff4d39a7130702f24b?s=96&d=mm&r=g\",\"contentUrl\":\"https:\\\/\\\/secure.gravatar.com\\\/avatar\\\/17404fe7ba867704dc53905b3aeb1f66282e3a23def617ff4d39a7130702f24b?s=96&d=mm&r=g\",\"caption\":\"Aur\u00e9lia AutoJM\"},\"url\":\"https:\\\/\\\/www.autojm.fr\\\/blog\\\/author\\\/autojm\\\/\"}]}<\/script>\n<!-- \/ Yoast SEO plugin. -->","yoast_head_json":{"title":"Voiture de l\u2019ann\u00e9e 2023 : les 7 finalistes\u00a0\u00a0 - AutoJM Mag","description":"Traditionnellement d\u00e9cern\u00e9 en d\u00e9but d\u2019ann\u00e9e au Salon de Gen\u00e8ve, le troph\u00e9e de la Voiture de l\u2019Ann\u00e9e 2023 sera remis au Salon de l\u2019Auto...","robots":{"index":"index","follow":"follow","max-snippet":"max-snippet:-1","max-image-preview":"max-image-preview:large","max-video-preview":"max-video-preview:-1"},"canonical":"https:\/\/www.autojm.fr\/blog\/voiture-de-lannee-2023-les-7-finalistes\/","og_locale":"fr_FR","og_type":"article","og_title":"Voiture de l\u2019ann\u00e9e 2023 : les 7 finalistes\u00a0\u00a0 - AutoJM Mag","og_description":"Traditionnellement d\u00e9cern\u00e9 en d\u00e9but d\u2019ann\u00e9e au Salon de Gen\u00e8ve, le troph\u00e9e de la Voiture de l\u2019Ann\u00e9e 2023 sera remis au Salon de l\u2019Auto...","og_url":"https:\/\/www.autojm.fr\/blog\/voiture-de-lannee-2023-les-7-finalistes\/","og_site_name":"AutoJM Mag","article_publisher":"https:\/\/www.facebook.com\/AutoJM25","article_published_time":"2022-12-04T16:27:52+00:00","article_modified_time":"2024-06-03T14:38:58+00:00","og_image":[{"width":1280,"height":720,"url":"https:\/\/www.autojm.fr\/blog\/wp-content\/uploads\/2022\/11\/Voiture-de-lannee-2023.jpg","type":"image\/jpeg"}],"author":"Aur\u00e9lia AutoJM","twitter_card":"summary_large_image","twitter_misc":{"\u00c9crit par":"Aur\u00e9lia AutoJM","Dur\u00e9e de lecture estim\u00e9e":"2 minutes"},"schema":{"@context":"https:\/\/schema.org","@graph":[{"@type":"Article","@id":"https:\/\/www.autojm.fr\/blog\/voiture-de-lannee-2023-les-7-finalistes\/#article","isPartOf":{"@id":"https:\/\/www.autojm.fr\/blog\/voiture-de-lannee-2023-les-7-finalistes\/"},"author":{"name":"Aur\u00e9lia AutoJM","@id":"https:\/\/www.autojm.fr\/blog\/#\/schema\/person\/e640a62bb6e669182918fd7871fe1ec5"},"headline":"Voiture de l\u2019ann\u00e9e 2023 : les 7 finalistes\u00a0\u00a0","datePublished":"2022-12-04T16:27:52+00:00","dateModified":"2024-06-03T14:38:58+00:00","mainEntityOfPage":{"@id":"https:\/\/www.autojm.fr\/blog\/voiture-de-lannee-2023-les-7-finalistes\/"},"wordCount":7,"commentCount":0,"publisher":{"@id":"https:\/\/www.autojm.fr\/blog\/#organization"},"image":{"@id":"https:\/\/www.autojm.fr\/blog\/voiture-de-lannee-2023-les-7-finalistes\/#primaryimage"},"thumbnailUrl":"https:\/\/www.autojm.fr\/blog\/wp-content\/uploads\/2022\/11\/Voiture-de-lannee-2023.jpg","keywords":["Peugeot 408","Renault Austral"],"articleSection":["Actualit\u00e9 Automobile"],"inLanguage":"fr-FR","potentialAction":[{"@type":"CommentAction","name":"Comment","target":["https:\/\/www.autojm.fr\/blog\/voiture-de-lannee-2023-les-7-finalistes\/#respond"]}]},{"@type":"WebPage","@id":"https:\/\/www.autojm.fr\/blog\/voiture-de-lannee-2023-les-7-finalistes\/","url":"https:\/\/www.autojm.fr\/blog\/voiture-de-lannee-2023-les-7-finalistes\/","name":"Voiture de l\u2019ann\u00e9e 2023 : les 7 finalistes\u00a0\u00a0 - AutoJM Mag","isPartOf":{"@id":"https:\/\/www.autojm.fr\/blog\/#website"},"primaryImageOfPage":{"@id":"https:\/\/www.autojm.fr\/blog\/voiture-de-lannee-2023-les-7-finalistes\/#primaryimage"},"image":{"@id":"https:\/\/www.autojm.fr\/blog\/voiture-de-lannee-2023-les-7-finalistes\/#primaryimage"},"thumbnailUrl":"https:\/\/www.autojm.fr\/blog\/wp-content\/uploads\/2022\/11\/Voiture-de-lannee-2023.jpg","datePublished":"2022-12-04T16:27:52+00:00","dateModified":"2024-06-03T14:38:58+00:00","description":"Traditionnellement d\u00e9cern\u00e9 en d\u00e9but d\u2019ann\u00e9e au Salon de Gen\u00e8ve, le troph\u00e9e de la Voiture de l\u2019Ann\u00e9e 2023 sera remis au Salon de l\u2019Auto...","breadcrumb":{"@id":"https:\/\/www.autojm.fr\/blog\/voiture-de-lannee-2023-les-7-finalistes\/#breadcrumb"},"inLanguage":"fr-FR","potentialAction":[{"@type":"ReadAction","target":["https:\/\/www.autojm.fr\/blog\/voiture-de-lannee-2023-les-7-finalistes\/"]}]},{"@type":"ImageObject","inLanguage":"fr-FR","@id":"https:\/\/www.autojm.fr\/blog\/voiture-de-lannee-2023-les-7-finalistes\/#primaryimage","url":"https:\/\/www.autojm.fr\/blog\/wp-content\/uploads\/2022\/11\/Voiture-de-lannee-2023.jpg","contentUrl":"https:\/\/www.autojm.fr\/blog\/wp-content\/uploads\/2022\/11\/Voiture-de-lannee-2023.jpg","width":1280,"height":720,"caption":"Voiture de l'ann\u00e9e 2023"},{"@type":"BreadcrumbList","@id":"https:\/\/www.autojm.fr\/blog\/voiture-de-lannee-2023-les-7-finalistes\/#breadcrumb","itemListElement":[{"@type":"ListItem","position":1,"name":"Accueil","item":"https:\/\/www.autojm.fr\/blog\/"},{"@type":"ListItem","position":2,"name":"Actualit\u00e9 Automobile","item":"https:\/\/www.autojm.fr\/blog\/actualite-automobile\/"},{"@type":"ListItem","position":3,"name":"Voiture de l\u2019ann\u00e9e 2023 : les 7 finalistes\u00a0\u00a0"}]},{"@type":"WebSite","@id":"https:\/\/www.autojm.fr\/blog\/#website","url":"https:\/\/www.autojm.fr\/blog\/","name":"AutoJM Mag","description":"Toute l&#039;actu auto en 1 clic !","publisher":{"@id":"https:\/\/www.autojm.fr\/blog\/#organization"},"potentialAction":[{"@type":"SearchAction","target":{"@type":"EntryPoint","urlTemplate":"https:\/\/www.autojm.fr\/blog\/?s={search_term_string}"},"query-input":{"@type":"PropertyValueSpecification","valueRequired":true,"valueName":"search_term_string"}}],"inLanguage":"fr-FR"},{"@type":"Organization","@id":"https:\/\/www.autojm.fr\/blog\/#organization","name":"AutoJM Mag","url":"https:\/\/www.autojm.fr\/blog\/","logo":{"@type":"ImageObject","inLanguage":"fr-FR","@id":"https:\/\/www.autojm.fr\/blog\/#\/schema\/logo\/image\/","url":"https:\/\/www.autojm.fr\/blog\/wp-content\/uploads\/2022\/12\/cropped-AutoJMag-png.png","contentUrl":"https:\/\/www.autojm.fr\/blog\/wp-content\/uploads\/2022\/12\/cropped-AutoJMag-png.png","width":2834,"height":585,"caption":"AutoJM Mag"},"image":{"@id":"https:\/\/www.autojm.fr\/blog\/#\/schema\/logo\/image\/"},"sameAs":["https:\/\/www.facebook.com\/AutoJM25"]},{"@type":"Person","@id":"https:\/\/www.autojm.fr\/blog\/#\/schema\/person\/e640a62bb6e669182918fd7871fe1ec5","name":"Aur\u00e9lia AutoJM","image":{"@type":"ImageObject","inLanguage":"fr-FR","@id":"https:\/\/secure.gravatar.com\/avatar\/17404fe7ba867704dc53905b3aeb1f66282e3a23def617ff4d39a7130702f24b?s=96&d=mm&r=g","url":"https:\/\/secure.gravatar.com\/avatar\/17404fe7ba867704dc53905b3aeb1f66282e3a23def617ff4d39a7130702f24b?s=96&d=mm&r=g","contentUrl":"https:\/\/secure.gravatar.com\/avatar\/17404fe7ba867704dc53905b3aeb1f66282e3a23def617ff4d39a7130702f24b?s=96&d=mm&r=g","caption":"Aur\u00e9lia AutoJM"},"url":"https:\/\/www.autojm.fr\/blog\/author\/autojm\/"}]}},"_links":{"self":[{"href":"https:\/\/www.autojm.fr\/blog\/wp-json\/wp\/v2\/posts\/6588","targetHints":{"allow":["GET"]}}],"collection":[{"href":"https:\/\/www.autojm.fr\/blog\/wp-json\/wp\/v2\/posts"}],"about":[{"href":"https:\/\/www.autojm.fr\/blog\/wp-json\/wp\/v2\/types\/post"}],"author":[{"embeddable":true,"href":"https:\/\/www.autojm.fr\/blog\/wp-json\/wp\/v2\/users\/2"}],"replies":[{"embeddable":true,"href":"https:\/\/www.autojm.fr\/blog\/wp-json\/wp\/v2\/comments?post=6588"}],"version-history":[{"count":10,"href":"https:\/\/www.autojm.fr\/blog\/wp-json\/wp\/v2\/posts\/6588\/revisions"}],"predecessor-version":[{"id":6612,"href":"https:\/\/www.autojm.fr\/blog\/wp-json\/wp\/v2\/posts\/6588\/revisions\/6612"}],"wp:featuredmedia":[{"embeddable":true,"href":"https:\/\/www.autojm.fr\/blog\/wp-json\/wp\/v2\/media\/6589"}],"wp:attachment":[{"href":"https:\/\/www.autojm.fr\/blog\/wp-json\/wp\/v2\/media?parent=6588"}],"wp:term":[{"taxonomy":"category","embeddable":true,"href":"https:\/\/www.autojm.fr\/blog\/wp-json\/wp\/v2\/categories?post=6588"},{"taxonomy":"post_tag","embeddable":true,"href":"https:\/\/www.autojm.fr\/blog\/wp-json\/wp\/v2\/tags?post=6588"}],"curies":[{"name":"wp","href":"https:\/\/api.w.org\/{rel}","templated":true}]}}