{"id":6150,"date":"2024-09-06T08:00:54","date_gmt":"2024-09-06T08:00:54","guid":{"rendered":"https:\/\/www.autojm.fr\/blog\/?p=6150"},"modified":"2024-09-23T13:48:38","modified_gmt":"2024-09-23T13:48:38","slug":"conduite-en-automne-les-bonnes-pratiques-a-adopter","status":"publish","type":"post","link":"https:\/\/www.autojm.fr\/blog\/conduite-en-automne-les-bonnes-pratiques-a-adopter\/","title":{"rendered":"Comment pr\u00e9parer sa voiture pour l\u2019automne ?\u00a0"},"content":{"rendered":"","protected":false},"excerpt":{"rendered":"<p>Chauss\u00e9e glissante, pr\u00e9sence de feuilles mortes, soleil rasant : l\u2019automne est une saison particuli\u00e8re qui pr\u00e9sente certains risques pour la conduite. Afin de s\u2019habituer aux nouvelles conditions m\u00e9t\u00e9orologiques, d\u00e9couvrez aujourd\u2019hui tous nos conseils d\u2019entretien et autres astuces pour garder votre voiture pr\u00eate et pour adopter les bons gestes afin de prendre la route en toute s\u00e9curit\u00e9. <\/p>\n","protected":false},"author":6,"featured_media":19060,"comment_status":"open","ping_status":"open","sticky":false,"template":"","format":"standard","meta":{"_acf_changed":false,"content-type":"","footnotes":""},"categories":[22],"tags":[88,336,333,314,91,103,318,90,271,301,188,87,79,331,74,105,368,135,102,150,110,109,259,106,80,242,384,108,107,73,78,174,193,81,169,96,270],"class_list":["post-6150","post","type-post","status-publish","format-standard","has-post-thumbnail","hentry","category-conseils-astuces","tag-88","tag-336","tag-333","tag-314","tag-arkana","tag-audi","tag-austral","tag-autojm","tag-bmw","tag-c3","tag-c5-aircross","tag-captur","tag-citroen","tag-clio","tag-dacia","tag-ds","tag-ds-7","tag-ds3","tag-ds4","tag-ds7-crossback","tag-fiat","tag-ford","tag-hyundai","tag-kia","tag-leon-sportstourer","tag-mazda","tag-mini","tag-nissan","tag-opel","tag-peugeot","tag-renault","tag-seat","tag-skoda","tag-t-roc","tag-toyota","tag-volkswagen","tag-volvo"],"acf":[],"yoast_head":"<!-- This site is optimized with the Yoast SEO plugin v27.5 - https:\/\/yoast.com\/product\/yoast-seo-wordpress\/ -->\n<title>Comment pr\u00e9parer sa voiture pour l\u2019automne ?\u00a0 - AutoJM Mag<\/title>\n<meta name=\"description\" content=\"Chauss\u00e9e glissante, pr\u00e9sence de feuilles mortes, soleil rasant : l\u2019automne est une saison particuli\u00e8re qui pr\u00e9sente certains risques pour...\" \/>\n<meta name=\"robots\" content=\"index, follow, max-snippet:-1, max-image-preview:large, max-video-preview:-1\" \/>\n<link rel=\"canonical\" href=\"https:\/\/www.autojm.fr\/blog\/conduite-en-automne-les-bonnes-pratiques-a-adopter\/\" \/>\n<meta property=\"og:locale\" content=\"fr_FR\" \/>\n<meta property=\"og:type\" content=\"article\" \/>\n<meta property=\"og:title\" content=\"Comment pr\u00e9parer sa voiture pour l\u2019automne ?\u00a0 - AutoJM Mag\" \/>\n<meta property=\"og:description\" content=\"Chauss\u00e9e glissante, pr\u00e9sence de feuilles mortes, soleil rasant : l\u2019automne est une saison particuli\u00e8re qui pr\u00e9sente certains risques pour...\" \/>\n<meta property=\"og:url\" content=\"https:\/\/www.autojm.fr\/blog\/conduite-en-automne-les-bonnes-pratiques-a-adopter\/\" \/>\n<meta property=\"og:site_name\" content=\"AutoJM Mag\" \/>\n<meta property=\"article:publisher\" content=\"https:\/\/www.facebook.com\/AutoJM25\" \/>\n<meta property=\"article:published_time\" content=\"2024-09-06T08:00:54+00:00\" \/>\n<meta property=\"article:modified_time\" content=\"2024-09-23T13:48:38+00:00\" \/>\n<meta property=\"og:image\" content=\"https:\/\/www.autojm.fr\/blog\/wp-content\/uploads\/2022\/11\/Automne-1.jpg\" \/>\n\t<meta property=\"og:image:width\" content=\"1000\" \/>\n\t<meta property=\"og:image:height\" content=\"500\" \/>\n\t<meta property=\"og:image:type\" content=\"image\/jpeg\" \/>\n<meta name=\"author\" content=\"Justine Tripard\" \/>\n<meta name=\"twitter:card\" content=\"summary_large_image\" \/>\n<meta name=\"twitter:label1\" content=\"\u00c9crit par\" \/>\n\t<meta name=\"twitter:data1\" content=\"Justine Tripard\" \/>\n\t<meta name=\"twitter:label2\" content=\"Dur\u00e9e de lecture estim\u00e9e\" \/>\n\t<meta name=\"twitter:data2\" content=\"5 minutes\" \/>\n<script type=\"application\/ld+json\" class=\"yoast-schema-graph\">{\"@context\":\"https:\\\/\\\/schema.org\",\"@graph\":[{\"@type\":\"Article\",\"@id\":\"https:\\\/\\\/www.autojm.fr\\\/blog\\\/conduite-en-automne-les-bonnes-pratiques-a-adopter\\\/#article\",\"isPartOf\":{\"@id\":\"https:\\\/\\\/www.autojm.fr\\\/blog\\\/conduite-en-automne-les-bonnes-pratiques-a-adopter\\\/\"},\"author\":{\"name\":\"Justine Tripard\",\"@id\":\"https:\\\/\\\/www.autojm.fr\\\/blog\\\/#\\\/schema\\\/person\\\/1cc83a91548d88a62eb8cf06f562a72c\"},\"headline\":\"Comment pr\u00e9parer sa voiture pour l\u2019automne ?\u00a0\",\"datePublished\":\"2024-09-06T08:00:54+00:00\",\"dateModified\":\"2024-09-23T13:48:38+00:00\",\"mainEntityOfPage\":{\"@id\":\"https:\\\/\\\/www.autojm.fr\\\/blog\\\/conduite-en-automne-les-bonnes-pratiques-a-adopter\\\/\"},\"wordCount\":8,\"commentCount\":0,\"publisher\":{\"@id\":\"https:\\\/\\\/www.autojm.fr\\\/blog\\\/#organization\"},\"image\":{\"@id\":\"https:\\\/\\\/www.autojm.fr\\\/blog\\\/conduite-en-automne-les-bonnes-pratiques-a-adopter\\\/#primaryimage\"},\"thumbnailUrl\":\"https:\\\/\\\/www.autojm.fr\\\/blog\\\/wp-content\\\/uploads\\\/2022\\\/11\\\/Automne-1.jpg\",\"keywords\":[\"208\",\"3008\",\"308\",\"408\",\"arkana\",\"Audi\",\"Austral\",\"autojm\",\"BMW\",\"C3\",\"C5 Aircross\",\"captur\",\"citroen\",\"Clio\",\"dacia\",\"DS\",\"DS 7\",\"DS3\",\"DS4\",\"DS7 Crossback\",\"Fiat\",\"Ford\",\"Hyundai\",\"Kia\",\"leon sportstourer\",\"Mazda\",\"Mini\",\"Nissan\",\"Opel\",\"peugeot\",\"renault\",\"Seat\",\"Skoda\",\"t-roc\",\"Toyota\",\"Volkswagen\",\"Volvo\"],\"articleSection\":[\"Conseils &amp; Astuces\"],\"inLanguage\":\"fr-FR\",\"potentialAction\":[{\"@type\":\"CommentAction\",\"name\":\"Comment\",\"target\":[\"https:\\\/\\\/www.autojm.fr\\\/blog\\\/conduite-en-automne-les-bonnes-pratiques-a-adopter\\\/#respond\"]}]},{\"@type\":\"WebPage\",\"@id\":\"https:\\\/\\\/www.autojm.fr\\\/blog\\\/conduite-en-automne-les-bonnes-pratiques-a-adopter\\\/\",\"url\":\"https:\\\/\\\/www.autojm.fr\\\/blog\\\/conduite-en-automne-les-bonnes-pratiques-a-adopter\\\/\",\"name\":\"Comment pr\u00e9parer sa voiture pour l\u2019automne ?\u00a0 - AutoJM Mag\",\"isPartOf\":{\"@id\":\"https:\\\/\\\/www.autojm.fr\\\/blog\\\/#website\"},\"primaryImageOfPage\":{\"@id\":\"https:\\\/\\\/www.autojm.fr\\\/blog\\\/conduite-en-automne-les-bonnes-pratiques-a-adopter\\\/#primaryimage\"},\"image\":{\"@id\":\"https:\\\/\\\/www.autojm.fr\\\/blog\\\/conduite-en-automne-les-bonnes-pratiques-a-adopter\\\/#primaryimage\"},\"thumbnailUrl\":\"https:\\\/\\\/www.autojm.fr\\\/blog\\\/wp-content\\\/uploads\\\/2022\\\/11\\\/Automne-1.jpg\",\"datePublished\":\"2024-09-06T08:00:54+00:00\",\"dateModified\":\"2024-09-23T13:48:38+00:00\",\"description\":\"Chauss\u00e9e glissante, pr\u00e9sence de feuilles mortes, soleil rasant : l\u2019automne est une saison particuli\u00e8re qui pr\u00e9sente certains risques pour...\",\"breadcrumb\":{\"@id\":\"https:\\\/\\\/www.autojm.fr\\\/blog\\\/conduite-en-automne-les-bonnes-pratiques-a-adopter\\\/#breadcrumb\"},\"inLanguage\":\"fr-FR\",\"potentialAction\":[{\"@type\":\"ReadAction\",\"target\":[\"https:\\\/\\\/www.autojm.fr\\\/blog\\\/conduite-en-automne-les-bonnes-pratiques-a-adopter\\\/\"]}]},{\"@type\":\"ImageObject\",\"inLanguage\":\"fr-FR\",\"@id\":\"https:\\\/\\\/www.autojm.fr\\\/blog\\\/conduite-en-automne-les-bonnes-pratiques-a-adopter\\\/#primaryimage\",\"url\":\"https:\\\/\\\/www.autojm.fr\\\/blog\\\/wp-content\\\/uploads\\\/2022\\\/11\\\/Automne-1.jpg\",\"contentUrl\":\"https:\\\/\\\/www.autojm.fr\\\/blog\\\/wp-content\\\/uploads\\\/2022\\\/11\\\/Automne-1.jpg\",\"width\":1000,\"height\":500,\"caption\":\"Automne\"},{\"@type\":\"BreadcrumbList\",\"@id\":\"https:\\\/\\\/www.autojm.fr\\\/blog\\\/conduite-en-automne-les-bonnes-pratiques-a-adopter\\\/#breadcrumb\",\"itemListElement\":[{\"@type\":\"ListItem\",\"position\":1,\"name\":\"Accueil\",\"item\":\"https:\\\/\\\/www.autojm.fr\\\/blog\\\/\"},{\"@type\":\"ListItem\",\"position\":2,\"name\":\"Conseils &amp; Astuces\",\"item\":\"https:\\\/\\\/www.autojm.fr\\\/blog\\\/conseils-astuces\\\/\"},{\"@type\":\"ListItem\",\"position\":3,\"name\":\"Comment pr\u00e9parer sa voiture pour l\u2019automne ?\u00a0\"}]},{\"@type\":\"WebSite\",\"@id\":\"https:\\\/\\\/www.autojm.fr\\\/blog\\\/#website\",\"url\":\"https:\\\/\\\/www.autojm.fr\\\/blog\\\/\",\"name\":\"AutoJM Mag\",\"description\":\"Toute l&#039;actu auto en 1 clic !\",\"publisher\":{\"@id\":\"https:\\\/\\\/www.autojm.fr\\\/blog\\\/#organization\"},\"potentialAction\":[{\"@type\":\"SearchAction\",\"target\":{\"@type\":\"EntryPoint\",\"urlTemplate\":\"https:\\\/\\\/www.autojm.fr\\\/blog\\\/?s={search_term_string}\"},\"query-input\":{\"@type\":\"PropertyValueSpecification\",\"valueRequired\":true,\"valueName\":\"search_term_string\"}}],\"inLanguage\":\"fr-FR\"},{\"@type\":\"Organization\",\"@id\":\"https:\\\/\\\/www.autojm.fr\\\/blog\\\/#organization\",\"name\":\"AutoJM Mag\",\"url\":\"https:\\\/\\\/www.autojm.fr\\\/blog\\\/\",\"logo\":{\"@type\":\"ImageObject\",\"inLanguage\":\"fr-FR\",\"@id\":\"https:\\\/\\\/www.autojm.fr\\\/blog\\\/#\\\/schema\\\/logo\\\/image\\\/\",\"url\":\"https:\\\/\\\/www.autojm.fr\\\/blog\\\/wp-content\\\/uploads\\\/2022\\\/12\\\/cropped-AutoJMag-png.png\",\"contentUrl\":\"https:\\\/\\\/www.autojm.fr\\\/blog\\\/wp-content\\\/uploads\\\/2022\\\/12\\\/cropped-AutoJMag-png.png\",\"width\":2834,\"height\":585,\"caption\":\"AutoJM Mag\"},\"image\":{\"@id\":\"https:\\\/\\\/www.autojm.fr\\\/blog\\\/#\\\/schema\\\/logo\\\/image\\\/\"},\"sameAs\":[\"https:\\\/\\\/www.facebook.com\\\/AutoJM25\"]},{\"@type\":\"Person\",\"@id\":\"https:\\\/\\\/www.autojm.fr\\\/blog\\\/#\\\/schema\\\/person\\\/1cc83a91548d88a62eb8cf06f562a72c\",\"name\":\"Justine Tripard\",\"image\":{\"@type\":\"ImageObject\",\"inLanguage\":\"fr-FR\",\"@id\":\"https:\\\/\\\/secure.gravatar.com\\\/avatar\\\/b8b45209a4cf0b7b127b9238ec348090e7302306d2485eeaab17b6761fe84991?s=96&d=mm&r=g\",\"url\":\"https:\\\/\\\/secure.gravatar.com\\\/avatar\\\/b8b45209a4cf0b7b127b9238ec348090e7302306d2485eeaab17b6761fe84991?s=96&d=mm&r=g\",\"contentUrl\":\"https:\\\/\\\/secure.gravatar.com\\\/avatar\\\/b8b45209a4cf0b7b127b9238ec348090e7302306d2485eeaab17b6761fe84991?s=96&d=mm&r=g\",\"caption\":\"Justine Tripard\"},\"url\":\"https:\\\/\\\/www.autojm.fr\\\/blog\\\/author\\\/justine\\\/\"}]}<\/script>\n<!-- \/ Yoast SEO plugin. -->","yoast_head_json":{"title":"Comment pr\u00e9parer sa voiture pour l\u2019automne ?\u00a0 - AutoJM Mag","description":"Chauss\u00e9e glissante, pr\u00e9sence de feuilles mortes, soleil rasant : l\u2019automne est une saison particuli\u00e8re qui pr\u00e9sente certains risques pour...","robots":{"index":"index","follow":"follow","max-snippet":"max-snippet:-1","max-image-preview":"max-image-preview:large","max-video-preview":"max-video-preview:-1"},"canonical":"https:\/\/www.autojm.fr\/blog\/conduite-en-automne-les-bonnes-pratiques-a-adopter\/","og_locale":"fr_FR","og_type":"article","og_title":"Comment pr\u00e9parer sa voiture pour l\u2019automne ?\u00a0 - AutoJM Mag","og_description":"Chauss\u00e9e glissante, pr\u00e9sence de feuilles mortes, soleil rasant : l\u2019automne est une saison particuli\u00e8re qui pr\u00e9sente certains risques pour...","og_url":"https:\/\/www.autojm.fr\/blog\/conduite-en-automne-les-bonnes-pratiques-a-adopter\/","og_site_name":"AutoJM Mag","article_publisher":"https:\/\/www.facebook.com\/AutoJM25","article_published_time":"2024-09-06T08:00:54+00:00","article_modified_time":"2024-09-23T13:48:38+00:00","og_image":[{"width":1000,"height":500,"url":"https:\/\/www.autojm.fr\/blog\/wp-content\/uploads\/2022\/11\/Automne-1.jpg","type":"image\/jpeg"}],"author":"Justine Tripard","twitter_card":"summary_large_image","twitter_misc":{"\u00c9crit par":"Justine Tripard","Dur\u00e9e de lecture estim\u00e9e":"5 minutes"},"schema":{"@context":"https:\/\/schema.org","@graph":[{"@type":"Article","@id":"https:\/\/www.autojm.fr\/blog\/conduite-en-automne-les-bonnes-pratiques-a-adopter\/#article","isPartOf":{"@id":"https:\/\/www.autojm.fr\/blog\/conduite-en-automne-les-bonnes-pratiques-a-adopter\/"},"author":{"name":"Justine Tripard","@id":"https:\/\/www.autojm.fr\/blog\/#\/schema\/person\/1cc83a91548d88a62eb8cf06f562a72c"},"headline":"Comment pr\u00e9parer sa voiture pour l\u2019automne ?\u00a0","datePublished":"2024-09-06T08:00:54+00:00","dateModified":"2024-09-23T13:48:38+00:00","mainEntityOfPage":{"@id":"https:\/\/www.autojm.fr\/blog\/conduite-en-automne-les-bonnes-pratiques-a-adopter\/"},"wordCount":8,"commentCount":0,"publisher":{"@id":"https:\/\/www.autojm.fr\/blog\/#organization"},"image":{"@id":"https:\/\/www.autojm.fr\/blog\/conduite-en-automne-les-bonnes-pratiques-a-adopter\/#primaryimage"},"thumbnailUrl":"https:\/\/www.autojm.fr\/blog\/wp-content\/uploads\/2022\/11\/Automne-1.jpg","keywords":["208","3008","308","408","arkana","Audi","Austral","autojm","BMW","C3","C5 Aircross","captur","citroen","Clio","dacia","DS","DS 7","DS3","DS4","DS7 Crossback","Fiat","Ford","Hyundai","Kia","leon sportstourer","Mazda","Mini","Nissan","Opel","peugeot","renault","Seat","Skoda","t-roc","Toyota","Volkswagen","Volvo"],"articleSection":["Conseils &amp; Astuces"],"inLanguage":"fr-FR","potentialAction":[{"@type":"CommentAction","name":"Comment","target":["https:\/\/www.autojm.fr\/blog\/conduite-en-automne-les-bonnes-pratiques-a-adopter\/#respond"]}]},{"@type":"WebPage","@id":"https:\/\/www.autojm.fr\/blog\/conduite-en-automne-les-bonnes-pratiques-a-adopter\/","url":"https:\/\/www.autojm.fr\/blog\/conduite-en-automne-les-bonnes-pratiques-a-adopter\/","name":"Comment pr\u00e9parer sa voiture pour l\u2019automne ?\u00a0 - AutoJM Mag","isPartOf":{"@id":"https:\/\/www.autojm.fr\/blog\/#website"},"primaryImageOfPage":{"@id":"https:\/\/www.autojm.fr\/blog\/conduite-en-automne-les-bonnes-pratiques-a-adopter\/#primaryimage"},"image":{"@id":"https:\/\/www.autojm.fr\/blog\/conduite-en-automne-les-bonnes-pratiques-a-adopter\/#primaryimage"},"thumbnailUrl":"https:\/\/www.autojm.fr\/blog\/wp-content\/uploads\/2022\/11\/Automne-1.jpg","datePublished":"2024-09-06T08:00:54+00:00","dateModified":"2024-09-23T13:48:38+00:00","description":"Chauss\u00e9e glissante, pr\u00e9sence de feuilles mortes, soleil rasant : l\u2019automne est une saison particuli\u00e8re qui pr\u00e9sente certains risques pour...","breadcrumb":{"@id":"https:\/\/www.autojm.fr\/blog\/conduite-en-automne-les-bonnes-pratiques-a-adopter\/#breadcrumb"},"inLanguage":"fr-FR","potentialAction":[{"@type":"ReadAction","target":["https:\/\/www.autojm.fr\/blog\/conduite-en-automne-les-bonnes-pratiques-a-adopter\/"]}]},{"@type":"ImageObject","inLanguage":"fr-FR","@id":"https:\/\/www.autojm.fr\/blog\/conduite-en-automne-les-bonnes-pratiques-a-adopter\/#primaryimage","url":"https:\/\/www.autojm.fr\/blog\/wp-content\/uploads\/2022\/11\/Automne-1.jpg","contentUrl":"https:\/\/www.autojm.fr\/blog\/wp-content\/uploads\/2022\/11\/Automne-1.jpg","width":1000,"height":500,"caption":"Automne"},{"@type":"BreadcrumbList","@id":"https:\/\/www.autojm.fr\/blog\/conduite-en-automne-les-bonnes-pratiques-a-adopter\/#breadcrumb","itemListElement":[{"@type":"ListItem","position":1,"name":"Accueil","item":"https:\/\/www.autojm.fr\/blog\/"},{"@type":"ListItem","position":2,"name":"Conseils &amp; Astuces","item":"https:\/\/www.autojm.fr\/blog\/conseils-astuces\/"},{"@type":"ListItem","position":3,"name":"Comment pr\u00e9parer sa voiture pour l\u2019automne ?\u00a0"}]},{"@type":"WebSite","@id":"https:\/\/www.autojm.fr\/blog\/#website","url":"https:\/\/www.autojm.fr\/blog\/","name":"AutoJM Mag","description":"Toute l&#039;actu auto en 1 clic !","publisher":{"@id":"https:\/\/www.autojm.fr\/blog\/#organization"},"potentialAction":[{"@type":"SearchAction","target":{"@type":"EntryPoint","urlTemplate":"https:\/\/www.autojm.fr\/blog\/?s={search_term_string}"},"query-input":{"@type":"PropertyValueSpecification","valueRequired":true,"valueName":"search_term_string"}}],"inLanguage":"fr-FR"},{"@type":"Organization","@id":"https:\/\/www.autojm.fr\/blog\/#organization","name":"AutoJM Mag","url":"https:\/\/www.autojm.fr\/blog\/","logo":{"@type":"ImageObject","inLanguage":"fr-FR","@id":"https:\/\/www.autojm.fr\/blog\/#\/schema\/logo\/image\/","url":"https:\/\/www.autojm.fr\/blog\/wp-content\/uploads\/2022\/12\/cropped-AutoJMag-png.png","contentUrl":"https:\/\/www.autojm.fr\/blog\/wp-content\/uploads\/2022\/12\/cropped-AutoJMag-png.png","width":2834,"height":585,"caption":"AutoJM Mag"},"image":{"@id":"https:\/\/www.autojm.fr\/blog\/#\/schema\/logo\/image\/"},"sameAs":["https:\/\/www.facebook.com\/AutoJM25"]},{"@type":"Person","@id":"https:\/\/www.autojm.fr\/blog\/#\/schema\/person\/1cc83a91548d88a62eb8cf06f562a72c","name":"Justine Tripard","image":{"@type":"ImageObject","inLanguage":"fr-FR","@id":"https:\/\/secure.gravatar.com\/avatar\/b8b45209a4cf0b7b127b9238ec348090e7302306d2485eeaab17b6761fe84991?s=96&d=mm&r=g","url":"https:\/\/secure.gravatar.com\/avatar\/b8b45209a4cf0b7b127b9238ec348090e7302306d2485eeaab17b6761fe84991?s=96&d=mm&r=g","contentUrl":"https:\/\/secure.gravatar.com\/avatar\/b8b45209a4cf0b7b127b9238ec348090e7302306d2485eeaab17b6761fe84991?s=96&d=mm&r=g","caption":"Justine Tripard"},"url":"https:\/\/www.autojm.fr\/blog\/author\/justine\/"}]}},"_links":{"self":[{"href":"https:\/\/www.autojm.fr\/blog\/wp-json\/wp\/v2\/posts\/6150","targetHints":{"allow":["GET"]}}],"collection":[{"href":"https:\/\/www.autojm.fr\/blog\/wp-json\/wp\/v2\/posts"}],"about":[{"href":"https:\/\/www.autojm.fr\/blog\/wp-json\/wp\/v2\/types\/post"}],"author":[{"embeddable":true,"href":"https:\/\/www.autojm.fr\/blog\/wp-json\/wp\/v2\/users\/6"}],"replies":[{"embeddable":true,"href":"https:\/\/www.autojm.fr\/blog\/wp-json\/wp\/v2\/comments?post=6150"}],"version-history":[{"count":35,"href":"https:\/\/www.autojm.fr\/blog\/wp-json\/wp\/v2\/posts\/6150\/revisions"}],"predecessor-version":[{"id":19318,"href":"https:\/\/www.autojm.fr\/blog\/wp-json\/wp\/v2\/posts\/6150\/revisions\/19318"}],"wp:featuredmedia":[{"embeddable":true,"href":"https:\/\/www.autojm.fr\/blog\/wp-json\/wp\/v2\/media\/19060"}],"wp:attachment":[{"href":"https:\/\/www.autojm.fr\/blog\/wp-json\/wp\/v2\/media?parent=6150"}],"wp:term":[{"taxonomy":"category","embeddable":true,"href":"https:\/\/www.autojm.fr\/blog\/wp-json\/wp\/v2\/categories?post=6150"},{"taxonomy":"post_tag","embeddable":true,"href":"https:\/\/www.autojm.fr\/blog\/wp-json\/wp\/v2\/tags?post=6150"}],"curies":[{"name":"wp","href":"https:\/\/api.w.org\/{rel}","templated":true}]}}