{"id":6073,"date":"2020-08-21T20:29:00","date_gmt":"2020-08-21T20:29:00","guid":{"rendered":"https:\/\/www.autojm.fr\/blog\/un-calendrier-bien-charge-pour-peugeot-jusquen-2021-2\/"},"modified":"2023-04-18T12:40:12","modified_gmt":"2023-04-18T12:40:12","slug":"un-calendrier-bien-charge-pour-peugeot-jusquen-2021-2","status":"publish","type":"post","link":"https:\/\/www.autojm.fr\/blog\/un-calendrier-bien-charge-pour-peugeot-jusquen-2021-2\/","title":{"rendered":"Un calendrier bien charg\u00e9 pour Peugeot jusqu&rsquo;en 2021 !"},"content":{"rendered":"\n<p><\/p>\n\n\n\n<p style=\"text-align: justify;\">\n      <span style=\"background-color: transparent; color: rgb(0, 0, 0); font-family: Arial; font-size: 11pt; white-space: pre-wrap; text-align: justify;\">La marque au Lion ne conna\u00eetra <strong>pas de temps de pause d\u2019ici 2021<\/strong> ! En effet, avec le succ\u00e8s qu&rsquo;a procur\u00e9 la Peugeot 3008 en 2016, le constructeur fran\u00e7ais se lance sur <strong> cinq nouveaux mod\u00e8les d\u2019ici les 5 prochaines ann\u00e9es<\/strong>. <\/span>\n    <\/p>\n    <p style=\"text-align: justify;\">\n      <span style=\"background-color: transparent; color: rgb(0, 0, 0); font-family: Arial; font-size: 11pt; white-space: pre-wrap; text-align: justify;\">L\u2019ann\u00e9e 2017 n\u2019\u00e9tant pas finie, on en profite pour vous faire une petite piq\u00fbre de rappel sur les sorties de l\u2019ann\u00e9e, surtout quand la <strong> Peugeot 3008<\/strong> prend le monopole du march\u00e9 et engendre autant de r\u00e9ussite ! Ainsi, lors de cette ann\u00e9e 2017, Peugeot lance le <strong>nouveau 5008<\/strong> au mois de juin puis la nouvelle <strong>Peugeot 308 restyl\u00e9e<\/strong>, annonc\u00e9e pour le mois de septembre. N\u00e9anmoins, cela ne suffit pas et c\u2019est avec regret que l\u2019on vous annonce que le constructeur <strong>Peugeot renonce \u00e0 sa venue au salon de l\u2019automobile \u00e0 Francfort<\/strong>. <\/span>\n    <\/p>\n    <h2 style=\"text-align: justify;\">Les nouvelles Peugeot pour 2018<\/h2>\n    <p style=\"text-align: justify;\">\n      <span style=\"background-color: transparent; color: rgb(0, 0, 0); font-family: Arial; font-size: 11pt; white-space: pre-wrap;\">En pr\u00e9vision pour l\u2019ann\u00e9e prochaine : un restylage pour la citadine Peugeot 108, une nouvelle g\u00e9n\u00e9ration de Partner et enfin une nouvelle 508.<\/span>\n    <\/p>\n    <p style=\"text-align: justify;\">\n      <span id=\"docs-internal-guid-8f5f4b30-050e-d51d-b575-61560252ee4c\">\n        <span style=\"font-size: 11pt; font-family: Arial; color: rgb(0, 0, 0); background-color: transparent; vertical-align: baseline; white-space: pre-wrap;\">\n        <\/span>\n      <\/span>\n    <\/p>\n    <p style=\"text-align: justify;\">&nbsp;<\/p>\n    <p style=\"text-align: justify;\">\n      <span style=\"color: rgb(0, 0, 0); font-family: Arial; font-size: 14.6667px; white-space: pre-wrap;\">Pourquoi effectuer un nettoyage de printemps quand on peut se faire une mise en beaut\u00e9 ? C&rsquo;est ce qu&rsquo;a d\u00e9cid\u00e9 le constructeur fran\u00e7ais pour sa <strong>Peugeot 108<\/strong> ! La petite citadine n&rsquo;a pas subit de gros changements mais a b\u00e9n\u00e9fici\u00e9 d\u2019un <strong> restylage<\/strong> avec un visage tout en rondeur, des feux au regard accentu\u00e9 et une carrosserie personnalisable en bi-ton ! <\/span>\n    <\/p>\n    <div dir=\"ltr\" style=\"margin-left:0pt;\">\n      <p style=\"text-align: justify;\">&nbsp;<\/p>\n        <span style=\"color: rgb(0, 0, 0); font-family: Arial; font-size: 14.6667px; text-align: justify; white-space: pre-wrap;\">En milieu d\u2019ann\u00e9e, la <strong>troisi\u00e8me g\u00e9n\u00e9ration du Peugeot Partner<\/strong>, d\u00e9sormais appel\u00e9 Peugeot Rifter, a fait son apparition ! Ce v\u00e9hicule est produit \u00e0 l\u2019usine PSA \u00e0 Vigo en Espagne. De nombreux changements ont \u00e9t\u00e9 op\u00e9r\u00e9s. En effet, le Peugeot Rifter est bien \u00e9videmment <strong>bas\u00e9 sur l\u2019excellente plateforme EMP2<\/strong>, que l\u2019on retrouve maintenant sur beaucoup de mod\u00e8les du Groupe PSA. Il int\u00e8gre le c\u00e9l\u00e8bre <strong>Peugeot I-cockpit<\/strong>, devenu l&rsquo;atout de la marque au Lion. <\/span>\n      <\/p>\n      <p style=\"text-align: justify;\">&nbsp;<\/p>\n      <p style=\"text-align: justify;\">\n        <span id=\"docs-internal-guid-8f5f4b30-0520-5c9d-8b60-27eacad8e418\">\n          <span style=\"font-size: 11pt; font-family: Arial; color: rgb(0, 0, 0); background-color: transparent; vertical-align: baseline; white-space: pre-wrap;\">\n          <\/span>\n        <\/span>\n      <\/p>\n      <p style=\"text-align: justify;\">&nbsp;<\/p>\n      <p style=\"text-align: justify;\">\n        <span style=\"color: rgb(0, 0, 0); font-family: Arial; font-size: 14.6667px; white-space: pre-wrap;\">Pour la fin d\u2019ann\u00e9e 2018, Peugeot nous a concoct\u00e9 une toute <strong>nouvelle 508<\/strong> ! Au revoir la silhouette berline 4 portes et bonjour le <strong>nouveau look coup\u00e9 5 portes<\/strong> ! Elle a fait sa pr\u00e9sentation officielle au <strong>salon de Gen\u00e8ve au printemps 2018 <\/strong>et a enregistr\u00e9 ses premi\u00e8res commandes au <strong>Mondial de Paris en octobre 2018<\/strong>. A cette occasion, <strong>Peugeot a d&rsquo;ailleurs pr\u00e9sent\u00e9 la version break 508 SW<\/strong>. Cette 508 inaugure le <strong>nouveau faci\u00e8s des v\u00e9hicules Peugeot<\/strong> avec la particularit\u00e9 des <strong>feux en forme de griffes et dents de Lion<\/strong>. <\/span>\n      <\/p>\n      <p style=\"text-align: justify;\">&nbsp;<\/p>\n      <h2 style=\"text-align: justify;\">Les nouvelles Peugeot pour 2019<\/h2>\n    <\/div>\n    <p dir=\"ltr\" style=\"line-height: 1.38; margin-top: 0pt; margin-bottom: 0pt; text-align: justify;\">\n      <span style=\"background-color: transparent; color: rgb(0, 0, 0); font-family: Arial; font-size: 11pt; white-space: pre-wrap;\">La marque au lion nous a r\u00e9serv\u00e9 une ann\u00e9e riche en surprises et nouveaut\u00e9s ! En effet, la sortie de la noouvelle g\u00e9n\u00e9ration de la 208 au printemps et le restylage du SUV 2008 en automne ont \u00e9t\u00e9 les grandes nouveaut\u00e9s de l\u2019ann\u00e9e 2019.<\/span>\n    <\/p>\n    <p dir=\"ltr\" style=\"line-height: 1.38; margin-top: 0pt; margin-bottom: 0pt; text-align: justify;\">&nbsp;<\/p>\n    <p dir=\"ltr\" style=\"line-height: 1.38; margin-top: 0pt; margin-bottom: 0pt; text-align: justify;\">\n      <span id=\"docs-internal-guid-8f5f4b30-0528-08a2-0b2e-1fdb9a9d4371\">\n        <span style=\"font-size: 11pt; font-family: Arial; color: rgb(0, 0, 0); background-color: transparent; vertical-align: baseline; white-space: pre-wrap;\">\n        <\/span>\n      <\/span>\n    <\/p>\n    <p dir=\"ltr\" style=\"line-height: 1.38; margin-top: 0pt; margin-bottom: 0pt; text-align: justify;\">&nbsp;<\/p>\n    <p dir=\"ltr\" style=\"line-height: 1.38; margin-top: 0pt; margin-bottom: 0pt; text-align: justify;\">&nbsp;<\/p>\n    <p dir=\"ltr\" style=\"line-height: 1.38; margin-top: 0pt; margin-bottom: 0pt; text-align: justify;\">\n      <span style=\"color: rgb(0, 0, 0); font-family: Arial; font-size: 14.6667px; white-space: pre-wrap;\">Cette <strong>seconde g\u00e9n\u00e9ration de <a href=\"https:\/\/www.autojm.fr\/achat-voitures-neuves-peugeot-208-2019,455.html?part=blog&amp;utm_source=articleblog&amp;utm_medium=blog\">Peugeot 208<\/a><\/strong> a adopt\u00e9 un <strong>esth\u00e9tique<\/strong> tout \u00e0 fait diff\u00e9rent, emprunt\u00e9 \u00e0 la <strong>508<\/strong> avec les feux qui rappellent le <strong>Lion, symbole de Peugeot<\/strong>. La nouvelle 208 s\u2019inspire \u00e9galement du <strong>concept Fractal<\/strong>. Elle a gagn\u00e9 quelques centim\u00e8tres pour atteindre 4,055 m\u00e8tres de long tandis que ces porte-\u00e0-faux ont diminu\u00e9. La nouvelle Peugeot 208 repose sur la moderne <strong>plateforme CMP<\/strong>. Enfin, et pour la premi\u00e8re fois chez Peugeot, ce mod\u00e8le est d\u00e9clin\u00e9 en <strong>version \u00e9lectrique<\/strong> \u00e0 \u00e9quivalence de <strong>136 chevaux<\/strong>. <\/span>\n    <\/p>\n    <p dir=\"ltr\" style=\"line-height: 1.38; margin-top: 0pt; margin-bottom: 0pt; text-align: justify;\">&nbsp;<\/p>\n    <p dir=\"ltr\" style=\"line-height: 1.38; margin-top: 0pt; margin-bottom: 0pt; text-align: justify;\">\n      <span id=\"docs-internal-guid-8f5f4b30-0528-31c2-ce00-0036bd94dc2b\">\n        <span style=\"font-size: 11pt; font-family: Arial; color: rgb(0, 0, 0); background-color: transparent; vertical-align: baseline; white-space: pre-wrap;\">\n        <\/span>\n      <\/span>\n    <\/p>\n    <p dir=\"ltr\" style=\"line-height: 1.38; margin-top: 0pt; margin-bottom: 0pt; text-align: justify;\">&nbsp;<\/p>\n    <p dir=\"ltr\" style=\"line-height: 1.38; margin-top: 0pt; margin-bottom: 0pt; text-align: justify;\">&nbsp;<\/p>\n    <p dir=\"ltr\" style=\"line-height: 1.38; margin-top: 0pt; margin-bottom: 0pt; text-align: justify;\">&nbsp;<\/p>\n    <p dir=\"ltr\" style=\"line-height: 1.38; margin-top: 0pt; margin-bottom: 0pt; text-align: justify;\">\n      <span style=\"color: rgb(0, 0, 0); font-family: Arial; font-size: 14.6667px; white-space: pre-wrap;\">Au cours de l\u2019ann\u00e9e 2019, le <a href=\"https:\/\/www.autojm.fr\/achat-voitures-neuves-peugeot-nouveau-suv-2008-5p,455.html?part=blog&amp;utm_source=articleblog&amp;utm_medium=blog\"><strong>Peugeot 2008<\/strong><\/a>est lui aussi pass\u00e9 par la case <strong>restylage<\/strong>. Comme la <strong>508<\/strong> et la <strong>208<\/strong>, il adopte les <strong>feux en forme de griffes et dents de Lion<\/strong>. Son <strong>instrumentation num\u00e9rique en 3D<\/strong> est un plus qui permet de donner au I-cockpit un c\u00f4t\u00e9 encore plus futuriste. Comme sa petite soeur la 208, le SUV est d\u00e9clin\u00e9 en <strong>version \u00e9lectrique avec 136 chevaux<\/strong> sous le capot. <\/span>\n    <\/p>\n    <p dir=\"ltr\" style=\"line-height: 1.38; margin-top: 0pt; margin-bottom: 0pt; text-align: justify;\">&nbsp;<\/p>\n    <p style=\"text-align: justify;\">&nbsp;<\/p>\n    <p style=\"text-align: justify;\">&nbsp;<\/p>\n    <h2 style=\"text-align: justify;\">Les nouvelles Peugeot pour 2020<\/h2>\n    <p dir=\"ltr\" style=\"line-height: 1.38; margin-top: 0pt; margin-bottom: 0pt; text-align: justify;\">\n      <span id=\"docs-internal-guid-8f5f4b30-04f5-e802-e3d1-fb6ae5c295cb\">\n        <span style=\"font-size: 11pt; font-family: Arial; color: rgb(0, 0, 0); background-color: transparent; vertical-align: baseline; white-space: pre-wrap;\">Cette ann\u00e9e, place au restylage des SUV Peugeot ! Apr\u00e8s le 2008, ce sont les Peugeot 3008 et Peugeot 5008 qui s&rsquo;offrent un nouveau design et quelques nouveaut\u00e9s en terme de technologies. A ces restylages s&rsquo;ajoute une toute nouvelle d\u00e9clinaison pour la Peugeot 508 : la version Sport Engineered.<\/span>\n      <\/span>\n    <\/p>\n    <p style=\"text-align: justify;\">\n      <span id=\"docs-internal-guid-8f5f4b30-0534-8c62-53ab-1280b25cbfd3\">\n        <span style=\"font-size: 11pt; font-family: Arial; color: rgb(0, 0, 0); background-color: transparent; vertical-align: baseline; white-space: pre-wrap;\">\n        <\/span>\n      <\/span>\n    <\/p>\n    <p style=\"text-align: justify;\">&nbsp;<\/p>\n    <p style=\"text-align: justify;\">\n      <span id=\"docs-internal-guid-8f5f4b30-052a-59ac-6008-1207ae0bf332\">\n        <span style=\"font-size: 11pt; font-family: Arial; color: rgb(0, 0, 0); background-color: transparent; vertical-align: baseline; white-space: pre-wrap;\">Fort de son succ\u00e8s, le <a href=\"?part=blog&amp;utm_source=articleblog&amp;utm_medium=blog\"><strong>3008<\/strong><\/a> est d\u00e9sormais ancr\u00e9 dans le paysage automobile fran\u00e7ais. Pour cette ann\u00e9e 2020, il revient avec un tout nouveau design qui <strong>reprend les codes des Peugeot 508, 208 et 2008<\/strong> avec les feux rappelant le Lion, \u00e9g\u00e9rie du constructeur. Il disposera d&rsquo;une <strong>version 300 chevaux<\/strong>, sur laquelle des finitions sport pourront s&rsquo;ancrer \u00e0 l&rsquo;ext\u00e9rieur et \u00e0 l&rsquo;int\u00e9rieur. <\/span>\n      <\/span>\n    <\/p>\n    <p style=\"text-align: justify;\">\n    <\/p>\n      <span style=\"background-color: transparent; color: rgb(0, 0, 0); font-family: Arial; font-size: 11pt; white-space: pre-wrap;\">L\u2019ann\u00e9e 2020 devrait aussi voir appara\u00eetre le nouveau design du <a href=\"?part=blog&amp;utm_source=articleblog&amp;utm_medium=blog\"><strong>5008<\/strong><\/a> restyl\u00e9. Celui-ci devrait, tout comme les autres v\u00e9hicules Peugeot restyl\u00e9s, adopter les <strong>feux en forme de griffes et dents de Lion<\/strong>. Reste \u00e0 d\u00e9couvrir si l&rsquo;espace \u00e0 l&rsquo;int\u00e9rieur aura \u00e9t\u00e9 am\u00e9lior\u00e9 sur ce <strong>SUV destin\u00e9 aux familles<\/strong> nombreuses qui se d\u00e9cline en <strong>7 places<\/strong>. <\/span>\n    <\/p>\n    <p style=\"text-align: justify;\">\n      <span id=\"docs-internal-guid-8f5f4b30-0535-5b66-56b4-36c42ddc3f74\">\n        <span style=\"font-size: 11pt; font-family: Arial; color: rgb(0, 0, 0); background-color: transparent; vertical-align: baseline; white-space: pre-wrap;\">\n        <\/span>\n      <\/span>\n    <\/p>\n    <p dir=\"ltr\" style=\"line-height: 1.38; margin-top: 0pt; margin-bottom: 0pt; text-align: justify;\">&nbsp;<\/p>\n    <p dir=\"ltr\" style=\"line-height: 1.38; margin-top: 0pt; margin-bottom: 0pt; text-align: justify;\">&nbsp;<\/p>\n    <h2 style=\"text-align: justify;\">Les nouvelles Peugeot pour 2021<\/h2>\n    <p dir=\"ltr\" style=\"line-height: 1.38; margin-top: 0pt; margin-bottom: 0pt; text-align: justify;\">\n      <span style=\"color: rgb(0, 0, 0); font-family: Arial; font-size: 14.6667px; white-space: pre-wrap;\">Et enfin, Peugeot renouvellera sa gamme avec la sortie de la <\/span>\n      <strong style=\"color: rgb(0, 0, 0); font-family: Arial; font-size: 14.6667px; white-space: pre-wrap;\">seconde g\u00e9n\u00e9ration de la 308<\/strong>\n      <span style=\"color: rgb(0, 0, 0); font-family: Arial; font-size: 14.6667px; white-space: pre-wrap;\"> pour le printemps 2021. <\/span>\n      <strong style=\"color: rgb(0, 0, 0); font-family: Arial; font-size: 14.6667px; white-space: pre-wrap;\">Une base EMP2 r\u00e9duite<\/strong>\n      <span style=\"color: rgb(0, 0, 0); font-family: Arial; font-size: 14.6667px; white-space: pre-wrap;\">, mais une <\/span>\n      <strong style=\"color: rgb(0, 0, 0); font-family: Arial; font-size: 14.6667px; white-space: pre-wrap;\">modernisation des \u00e9quipements high-tech<\/strong>\n      <span style=\"color: rgb(0, 0, 0); font-family: Arial; font-size: 14.6667px; white-space: pre-wrap;\"> en perspective pour cette nouvelle 308 ! Ce mod\u00e8le sera probablement <\/span>\n      <strong style=\"color: rgb(0, 0, 0); font-family: Arial; font-size: 14.6667px; white-space: pre-wrap;\">pr\u00e9sent\u00e9 lors du Mondial de l\u2019Automobile<\/strong>\n      <span style=\"color: rgb(0, 0, 0); font-family: Arial; font-size: 14.6667px; white-space: pre-wrap;\"> !<\/span>\n    <\/p>\n    <p dir=\"ltr\" style=\"line-height: 1.38; margin-top: 0pt; margin-bottom: 0pt; text-align: justify;\">&nbsp;<\/p>\n    <p dir=\"ltr\" style=\"line-height: 1.38; margin-top: 0pt; margin-bottom: 0pt; text-align: justify;\">&nbsp;<\/p>\n    <p dir=\"ltr\" style=\"line-height: 1.38; margin-top: 0pt; margin-bottom: 0pt; text-align: justify;\">&nbsp;<\/p>\n    <p dir=\"ltr\" style=\"line-height: 1.38; margin-top: 0pt; margin-bottom: 0pt; text-align: justify;\">&nbsp;<\/p>\n    <p dir=\"ltr\" style=\"line-height: 1.38; margin-top: 0pt; margin-bottom: 0pt; text-align: justify;\">&nbsp;<\/p>\n    <p dir=\"ltr\" style=\"line-height: 1.38; margin-top: 0pt; margin-bottom: 0pt; text-align: justify;\">\n      <span style=\"background-color: transparent; color: rgb(0, 0, 0); font-family: Arial; font-size: 11pt; white-space: pre-wrap;\">En raison d\u2019un nouveau mod\u00e8le tous les 6 mois, sans oublier les restylages, le lion aff\u00fbte ses griffes afin de nous surprendre par toutes ses nouveaut\u00e9s dans les ann\u00e9es \u00e0 venir.<\/span>\n    <\/p>\n    <p dir=\"ltr\" style=\"margin-top: 0pt; margin-bottom: 0pt; list-style-type: disc; font-size: 12pt; font-family: Arial; color: rgb(0, 0, 0); background-color: transparent; vertical-align: baseline; line-height: 1.38; text-align: justify;\">&nbsp;<\/p>\n    <p dir=\"ltr\" style=\"margin-top: 0pt; margin-bottom: 0pt; list-style-type: disc; font-size: 12pt; font-family: Arial; color: rgb(0, 0, 0); background-color: transparent; vertical-align: baseline; line-height: 1.38; text-align: justify;\">\n      <span style=\"background-color: transparent; font-size: 11pt; font-weight: 700; white-space: pre-wrap;\">Cet article vous a int\u00e9ress\u00e9 ? Faites-le nous savoir en commentaire \ud83d\ude42 <\/span>\n      <span style=\"background-color: transparent; font-size: 11pt; font-weight: 700; vertical-align: baseline; white-space: pre-wrap;\">ET SURTOUT<\/span>\n      <span style=\"background-color: transparent; font-size: 11pt; vertical-align: baseline; white-space: pre-wrap;\">\u2026 N\u2019oubliez pas de nous suivre sur&#8230;<\/span>\n    <\/p>\n    <p dir=\"ltr\" style=\"margin-top: 0pt; margin-bottom: 0pt; list-style-type: disc; font-size: 12pt; font-family: Arial; color: rgb(0, 0, 0); background-color: transparent; vertical-align: baseline; line-height: 1.38; text-align: center;\">\n      <span id=\"docs-internal-guid-8f5f4b30-1464-85c1-ebeb-5e0b031dcd52\">\n        <span style=\"font-size: 11pt; background-color: transparent; vertical-align: baseline; white-space: pre-wrap;\">\n        <\/span>\n      <\/span>\n      <span style=\"background-color: transparent; font-size: 11pt; white-space: pre-wrap; vertical-align: baseline;\"><\/span>\n      <span style=\"background-color: transparent; font-size: 11pt; white-space: pre-wrap; vertical-align: baseline;\">\n      <\/span>\n    <\/p>\n    <p>&nbsp;<\/p>\n    <div class=\"clear\"><\/div>\n","protected":false},"excerpt":{"rendered":"<p>Outre le succ\u00e8s du Peugeot 3008, le constructeur automobile fran\u00e7ais devrait lancer 5 nouveaux mod\u00e8les dans les 5 prochaines ann\u00e9es.<\/p>\n","protected":false},"author":1,"featured_media":6105,"comment_status":"open","ping_status":"open","sticky":false,"template":"","format":"standard","meta":{"_acf_changed":false,"content-type":"","footnotes":""},"categories":[63,61],"tags":[90,73],"class_list":["post-6073","post","type-post","status-publish","format-standard","has-post-thumbnail","hentry","category-actualites-peugeot","category-nouveautes-autos","tag-autojm","tag-peugeot"],"acf":[],"yoast_head":"<!-- This site is optimized with the Yoast SEO plugin v27.5 - https:\/\/yoast.com\/product\/yoast-seo-wordpress\/ -->\n<title>Un calendrier bien charg\u00e9 pour Peugeot jusqu&#039;en 2021 !<\/title>\n<meta name=\"description\" content=\"Outre le succ\u00e8s du Peugeot 3008, le constructeur automobile fran\u00e7ais devrait lancer 5 nouveaux mod\u00e8les dans les 5 prochaines ann\u00e9es.\" \/>\n<meta name=\"robots\" content=\"index, follow, max-snippet:-1, max-image-preview:large, max-video-preview:-1\" \/>\n<link rel=\"canonical\" href=\"https:\/\/www.autojm.fr\/blog\/un-calendrier-bien-charge-pour-peugeot-jusquen-2021-2\/\" \/>\n<meta property=\"og:locale\" content=\"fr_FR\" \/>\n<meta property=\"og:type\" content=\"article\" \/>\n<meta property=\"og:title\" content=\"Un calendrier bien charg\u00e9 pour Peugeot jusqu&#039;en 2021 !\" \/>\n<meta property=\"og:description\" content=\"Outre le succ\u00e8s du Peugeot 3008, le constructeur automobile fran\u00e7ais devrait lancer 5 nouveaux mod\u00e8les dans les 5 prochaines ann\u00e9es.\" \/>\n<meta property=\"og:url\" content=\"https:\/\/www.autojm.fr\/blog\/un-calendrier-bien-charge-pour-peugeot-jusquen-2021-2\/\" \/>\n<meta property=\"og:site_name\" content=\"AutoJM Mag\" \/>\n<meta property=\"article:publisher\" content=\"https:\/\/www.facebook.com\/AutoJM25\" \/>\n<meta property=\"article:published_time\" content=\"2020-08-21T20:29:00+00:00\" \/>\n<meta property=\"article:modified_time\" content=\"2023-04-18T12:40:12+00:00\" \/>\n<meta property=\"og:image\" content=\"https:\/\/www.autojm.fr\/blog\/wp-content\/uploads\/2022\/11\/9aae43c795913700098bb377acf07ff3f7de7ca5.jpg\" \/>\n\t<meta property=\"og:image:width\" content=\"750\" \/>\n\t<meta property=\"og:image:height\" content=\"340\" \/>\n\t<meta property=\"og:image:type\" content=\"image\/jpeg\" \/>\n<meta name=\"author\" content=\"Autojm\" \/>\n<meta name=\"twitter:card\" content=\"summary_large_image\" \/>\n<meta name=\"twitter:label1\" content=\"\u00c9crit par\" \/>\n\t<meta name=\"twitter:data1\" content=\"Autojm\" \/>\n\t<meta name=\"twitter:label2\" content=\"Dur\u00e9e de lecture estim\u00e9e\" \/>\n\t<meta name=\"twitter:data2\" content=\"5 minutes\" \/>\n<script type=\"application\/ld+json\" class=\"yoast-schema-graph\">{\"@context\":\"https:\\\/\\\/schema.org\",\"@graph\":[{\"@type\":\"Article\",\"@id\":\"https:\\\/\\\/www.autojm.fr\\\/blog\\\/un-calendrier-bien-charge-pour-peugeot-jusquen-2021-2\\\/#article\",\"isPartOf\":{\"@id\":\"https:\\\/\\\/www.autojm.fr\\\/blog\\\/un-calendrier-bien-charge-pour-peugeot-jusquen-2021-2\\\/\"},\"author\":{\"name\":\"Autojm\",\"@id\":\"https:\\\/\\\/www.autojm.fr\\\/blog\\\/#\\\/schema\\\/person\\\/9742bc77541853e0de81fc57f947e1a0\"},\"headline\":\"Un calendrier bien charg\u00e9 pour Peugeot jusqu&rsquo;en 2021 !\",\"datePublished\":\"2020-08-21T20:29:00+00:00\",\"dateModified\":\"2023-04-18T12:40:12+00:00\",\"mainEntityOfPage\":{\"@id\":\"https:\\\/\\\/www.autojm.fr\\\/blog\\\/un-calendrier-bien-charge-pour-peugeot-jusquen-2021-2\\\/\"},\"wordCount\":920,\"commentCount\":0,\"publisher\":{\"@id\":\"https:\\\/\\\/www.autojm.fr\\\/blog\\\/#organization\"},\"image\":{\"@id\":\"https:\\\/\\\/www.autojm.fr\\\/blog\\\/un-calendrier-bien-charge-pour-peugeot-jusquen-2021-2\\\/#primaryimage\"},\"thumbnailUrl\":\"https:\\\/\\\/www.autojm.fr\\\/blog\\\/wp-content\\\/uploads\\\/2022\\\/11\\\/9aae43c795913700098bb377acf07ff3f7de7ca5.jpg\",\"keywords\":[\"autojm\",\"peugeot\"],\"articleSection\":[\"Actualit\u00e9s Peugeot\",\"Nouveaut\u00e9s Autos\"],\"inLanguage\":\"fr-FR\",\"potentialAction\":[{\"@type\":\"CommentAction\",\"name\":\"Comment\",\"target\":[\"https:\\\/\\\/www.autojm.fr\\\/blog\\\/un-calendrier-bien-charge-pour-peugeot-jusquen-2021-2\\\/#respond\"]}]},{\"@type\":\"WebPage\",\"@id\":\"https:\\\/\\\/www.autojm.fr\\\/blog\\\/un-calendrier-bien-charge-pour-peugeot-jusquen-2021-2\\\/\",\"url\":\"https:\\\/\\\/www.autojm.fr\\\/blog\\\/un-calendrier-bien-charge-pour-peugeot-jusquen-2021-2\\\/\",\"name\":\"Un calendrier bien charg\u00e9 pour Peugeot jusqu'en 2021 !\",\"isPartOf\":{\"@id\":\"https:\\\/\\\/www.autojm.fr\\\/blog\\\/#website\"},\"primaryImageOfPage\":{\"@id\":\"https:\\\/\\\/www.autojm.fr\\\/blog\\\/un-calendrier-bien-charge-pour-peugeot-jusquen-2021-2\\\/#primaryimage\"},\"image\":{\"@id\":\"https:\\\/\\\/www.autojm.fr\\\/blog\\\/un-calendrier-bien-charge-pour-peugeot-jusquen-2021-2\\\/#primaryimage\"},\"thumbnailUrl\":\"https:\\\/\\\/www.autojm.fr\\\/blog\\\/wp-content\\\/uploads\\\/2022\\\/11\\\/9aae43c795913700098bb377acf07ff3f7de7ca5.jpg\",\"datePublished\":\"2020-08-21T20:29:00+00:00\",\"dateModified\":\"2023-04-18T12:40:12+00:00\",\"description\":\"Outre le succ\u00e8s du Peugeot 3008, le constructeur automobile fran\u00e7ais devrait lancer 5 nouveaux mod\u00e8les dans les 5 prochaines ann\u00e9es.\",\"breadcrumb\":{\"@id\":\"https:\\\/\\\/www.autojm.fr\\\/blog\\\/un-calendrier-bien-charge-pour-peugeot-jusquen-2021-2\\\/#breadcrumb\"},\"inLanguage\":\"fr-FR\",\"potentialAction\":[{\"@type\":\"ReadAction\",\"target\":[\"https:\\\/\\\/www.autojm.fr\\\/blog\\\/un-calendrier-bien-charge-pour-peugeot-jusquen-2021-2\\\/\"]}]},{\"@type\":\"ImageObject\",\"inLanguage\":\"fr-FR\",\"@id\":\"https:\\\/\\\/www.autojm.fr\\\/blog\\\/un-calendrier-bien-charge-pour-peugeot-jusquen-2021-2\\\/#primaryimage\",\"url\":\"https:\\\/\\\/www.autojm.fr\\\/blog\\\/wp-content\\\/uploads\\\/2022\\\/11\\\/9aae43c795913700098bb377acf07ff3f7de7ca5.jpg\",\"contentUrl\":\"https:\\\/\\\/www.autojm.fr\\\/blog\\\/wp-content\\\/uploads\\\/2022\\\/11\\\/9aae43c795913700098bb377acf07ff3f7de7ca5.jpg\",\"width\":750,\"height\":340,\"caption\":\"Peugeot\"},{\"@type\":\"BreadcrumbList\",\"@id\":\"https:\\\/\\\/www.autojm.fr\\\/blog\\\/un-calendrier-bien-charge-pour-peugeot-jusquen-2021-2\\\/#breadcrumb\",\"itemListElement\":[{\"@type\":\"ListItem\",\"position\":1,\"name\":\"Accueil\",\"item\":\"https:\\\/\\\/www.autojm.fr\\\/blog\\\/\"},{\"@type\":\"ListItem\",\"position\":2,\"name\":\"Nouveaut\u00e9s Autos\",\"item\":\"https:\\\/\\\/www.autojm.fr\\\/blog\\\/nouveautes-autos\\\/\"},{\"@type\":\"ListItem\",\"position\":3,\"name\":\"Un calendrier bien charg\u00e9 pour Peugeot jusqu&rsquo;en 2021 !\"}]},{\"@type\":\"WebSite\",\"@id\":\"https:\\\/\\\/www.autojm.fr\\\/blog\\\/#website\",\"url\":\"https:\\\/\\\/www.autojm.fr\\\/blog\\\/\",\"name\":\"AutoJM Mag\",\"description\":\"Toute l&#039;actu auto en 1 clic !\",\"publisher\":{\"@id\":\"https:\\\/\\\/www.autojm.fr\\\/blog\\\/#organization\"},\"potentialAction\":[{\"@type\":\"SearchAction\",\"target\":{\"@type\":\"EntryPoint\",\"urlTemplate\":\"https:\\\/\\\/www.autojm.fr\\\/blog\\\/?s={search_term_string}\"},\"query-input\":{\"@type\":\"PropertyValueSpecification\",\"valueRequired\":true,\"valueName\":\"search_term_string\"}}],\"inLanguage\":\"fr-FR\"},{\"@type\":\"Organization\",\"@id\":\"https:\\\/\\\/www.autojm.fr\\\/blog\\\/#organization\",\"name\":\"AutoJM Mag\",\"url\":\"https:\\\/\\\/www.autojm.fr\\\/blog\\\/\",\"logo\":{\"@type\":\"ImageObject\",\"inLanguage\":\"fr-FR\",\"@id\":\"https:\\\/\\\/www.autojm.fr\\\/blog\\\/#\\\/schema\\\/logo\\\/image\\\/\",\"url\":\"https:\\\/\\\/www.autojm.fr\\\/blog\\\/wp-content\\\/uploads\\\/2022\\\/12\\\/cropped-AutoJMag-png.png\",\"contentUrl\":\"https:\\\/\\\/www.autojm.fr\\\/blog\\\/wp-content\\\/uploads\\\/2022\\\/12\\\/cropped-AutoJMag-png.png\",\"width\":2834,\"height\":585,\"caption\":\"AutoJM Mag\"},\"image\":{\"@id\":\"https:\\\/\\\/www.autojm.fr\\\/blog\\\/#\\\/schema\\\/logo\\\/image\\\/\"},\"sameAs\":[\"https:\\\/\\\/www.facebook.com\\\/AutoJM25\"]},{\"@type\":\"Person\",\"@id\":\"https:\\\/\\\/www.autojm.fr\\\/blog\\\/#\\\/schema\\\/person\\\/9742bc77541853e0de81fc57f947e1a0\",\"name\":\"Autojm\",\"image\":{\"@type\":\"ImageObject\",\"inLanguage\":\"fr-FR\",\"@id\":\"https:\\\/\\\/secure.gravatar.com\\\/avatar\\\/9a959d52b758fcc232fe4b6aca7bab139182573297122cce7d6f2ee0e537b418?s=96&d=mm&r=g\",\"url\":\"https:\\\/\\\/secure.gravatar.com\\\/avatar\\\/9a959d52b758fcc232fe4b6aca7bab139182573297122cce7d6f2ee0e537b418?s=96&d=mm&r=g\",\"contentUrl\":\"https:\\\/\\\/secure.gravatar.com\\\/avatar\\\/9a959d52b758fcc232fe4b6aca7bab139182573297122cce7d6f2ee0e537b418?s=96&d=mm&r=g\",\"caption\":\"Autojm\"},\"sameAs\":[\"https:\\\/\\\/www.autojm.fr\\\/blog\"],\"url\":\"https:\\\/\\\/www.autojm.fr\\\/blog\\\/author\\\/bichoi\\\/\"}]}<\/script>\n<!-- \/ Yoast SEO plugin. -->","yoast_head_json":{"title":"Un calendrier bien charg\u00e9 pour Peugeot jusqu'en 2021 !","description":"Outre le succ\u00e8s du Peugeot 3008, le constructeur automobile fran\u00e7ais devrait lancer 5 nouveaux mod\u00e8les dans les 5 prochaines ann\u00e9es.","robots":{"index":"index","follow":"follow","max-snippet":"max-snippet:-1","max-image-preview":"max-image-preview:large","max-video-preview":"max-video-preview:-1"},"canonical":"https:\/\/www.autojm.fr\/blog\/un-calendrier-bien-charge-pour-peugeot-jusquen-2021-2\/","og_locale":"fr_FR","og_type":"article","og_title":"Un calendrier bien charg\u00e9 pour Peugeot jusqu'en 2021 !","og_description":"Outre le succ\u00e8s du Peugeot 3008, le constructeur automobile fran\u00e7ais devrait lancer 5 nouveaux mod\u00e8les dans les 5 prochaines ann\u00e9es.","og_url":"https:\/\/www.autojm.fr\/blog\/un-calendrier-bien-charge-pour-peugeot-jusquen-2021-2\/","og_site_name":"AutoJM Mag","article_publisher":"https:\/\/www.facebook.com\/AutoJM25","article_published_time":"2020-08-21T20:29:00+00:00","article_modified_time":"2023-04-18T12:40:12+00:00","og_image":[{"width":750,"height":340,"url":"https:\/\/www.autojm.fr\/blog\/wp-content\/uploads\/2022\/11\/9aae43c795913700098bb377acf07ff3f7de7ca5.jpg","type":"image\/jpeg"}],"author":"Autojm","twitter_card":"summary_large_image","twitter_misc":{"\u00c9crit par":"Autojm","Dur\u00e9e de lecture estim\u00e9e":"5 minutes"},"schema":{"@context":"https:\/\/schema.org","@graph":[{"@type":"Article","@id":"https:\/\/www.autojm.fr\/blog\/un-calendrier-bien-charge-pour-peugeot-jusquen-2021-2\/#article","isPartOf":{"@id":"https:\/\/www.autojm.fr\/blog\/un-calendrier-bien-charge-pour-peugeot-jusquen-2021-2\/"},"author":{"name":"Autojm","@id":"https:\/\/www.autojm.fr\/blog\/#\/schema\/person\/9742bc77541853e0de81fc57f947e1a0"},"headline":"Un calendrier bien charg\u00e9 pour Peugeot jusqu&rsquo;en 2021 !","datePublished":"2020-08-21T20:29:00+00:00","dateModified":"2023-04-18T12:40:12+00:00","mainEntityOfPage":{"@id":"https:\/\/www.autojm.fr\/blog\/un-calendrier-bien-charge-pour-peugeot-jusquen-2021-2\/"},"wordCount":920,"commentCount":0,"publisher":{"@id":"https:\/\/www.autojm.fr\/blog\/#organization"},"image":{"@id":"https:\/\/www.autojm.fr\/blog\/un-calendrier-bien-charge-pour-peugeot-jusquen-2021-2\/#primaryimage"},"thumbnailUrl":"https:\/\/www.autojm.fr\/blog\/wp-content\/uploads\/2022\/11\/9aae43c795913700098bb377acf07ff3f7de7ca5.jpg","keywords":["autojm","peugeot"],"articleSection":["Actualit\u00e9s Peugeot","Nouveaut\u00e9s Autos"],"inLanguage":"fr-FR","potentialAction":[{"@type":"CommentAction","name":"Comment","target":["https:\/\/www.autojm.fr\/blog\/un-calendrier-bien-charge-pour-peugeot-jusquen-2021-2\/#respond"]}]},{"@type":"WebPage","@id":"https:\/\/www.autojm.fr\/blog\/un-calendrier-bien-charge-pour-peugeot-jusquen-2021-2\/","url":"https:\/\/www.autojm.fr\/blog\/un-calendrier-bien-charge-pour-peugeot-jusquen-2021-2\/","name":"Un calendrier bien charg\u00e9 pour Peugeot jusqu'en 2021 !","isPartOf":{"@id":"https:\/\/www.autojm.fr\/blog\/#website"},"primaryImageOfPage":{"@id":"https:\/\/www.autojm.fr\/blog\/un-calendrier-bien-charge-pour-peugeot-jusquen-2021-2\/#primaryimage"},"image":{"@id":"https:\/\/www.autojm.fr\/blog\/un-calendrier-bien-charge-pour-peugeot-jusquen-2021-2\/#primaryimage"},"thumbnailUrl":"https:\/\/www.autojm.fr\/blog\/wp-content\/uploads\/2022\/11\/9aae43c795913700098bb377acf07ff3f7de7ca5.jpg","datePublished":"2020-08-21T20:29:00+00:00","dateModified":"2023-04-18T12:40:12+00:00","description":"Outre le succ\u00e8s du Peugeot 3008, le constructeur automobile fran\u00e7ais devrait lancer 5 nouveaux mod\u00e8les dans les 5 prochaines ann\u00e9es.","breadcrumb":{"@id":"https:\/\/www.autojm.fr\/blog\/un-calendrier-bien-charge-pour-peugeot-jusquen-2021-2\/#breadcrumb"},"inLanguage":"fr-FR","potentialAction":[{"@type":"ReadAction","target":["https:\/\/www.autojm.fr\/blog\/un-calendrier-bien-charge-pour-peugeot-jusquen-2021-2\/"]}]},{"@type":"ImageObject","inLanguage":"fr-FR","@id":"https:\/\/www.autojm.fr\/blog\/un-calendrier-bien-charge-pour-peugeot-jusquen-2021-2\/#primaryimage","url":"https:\/\/www.autojm.fr\/blog\/wp-content\/uploads\/2022\/11\/9aae43c795913700098bb377acf07ff3f7de7ca5.jpg","contentUrl":"https:\/\/www.autojm.fr\/blog\/wp-content\/uploads\/2022\/11\/9aae43c795913700098bb377acf07ff3f7de7ca5.jpg","width":750,"height":340,"caption":"Peugeot"},{"@type":"BreadcrumbList","@id":"https:\/\/www.autojm.fr\/blog\/un-calendrier-bien-charge-pour-peugeot-jusquen-2021-2\/#breadcrumb","itemListElement":[{"@type":"ListItem","position":1,"name":"Accueil","item":"https:\/\/www.autojm.fr\/blog\/"},{"@type":"ListItem","position":2,"name":"Nouveaut\u00e9s Autos","item":"https:\/\/www.autojm.fr\/blog\/nouveautes-autos\/"},{"@type":"ListItem","position":3,"name":"Un calendrier bien charg\u00e9 pour Peugeot jusqu&rsquo;en 2021 !"}]},{"@type":"WebSite","@id":"https:\/\/www.autojm.fr\/blog\/#website","url":"https:\/\/www.autojm.fr\/blog\/","name":"AutoJM Mag","description":"Toute l&#039;actu auto en 1 clic !","publisher":{"@id":"https:\/\/www.autojm.fr\/blog\/#organization"},"potentialAction":[{"@type":"SearchAction","target":{"@type":"EntryPoint","urlTemplate":"https:\/\/www.autojm.fr\/blog\/?s={search_term_string}"},"query-input":{"@type":"PropertyValueSpecification","valueRequired":true,"valueName":"search_term_string"}}],"inLanguage":"fr-FR"},{"@type":"Organization","@id":"https:\/\/www.autojm.fr\/blog\/#organization","name":"AutoJM Mag","url":"https:\/\/www.autojm.fr\/blog\/","logo":{"@type":"ImageObject","inLanguage":"fr-FR","@id":"https:\/\/www.autojm.fr\/blog\/#\/schema\/logo\/image\/","url":"https:\/\/www.autojm.fr\/blog\/wp-content\/uploads\/2022\/12\/cropped-AutoJMag-png.png","contentUrl":"https:\/\/www.autojm.fr\/blog\/wp-content\/uploads\/2022\/12\/cropped-AutoJMag-png.png","width":2834,"height":585,"caption":"AutoJM Mag"},"image":{"@id":"https:\/\/www.autojm.fr\/blog\/#\/schema\/logo\/image\/"},"sameAs":["https:\/\/www.facebook.com\/AutoJM25"]},{"@type":"Person","@id":"https:\/\/www.autojm.fr\/blog\/#\/schema\/person\/9742bc77541853e0de81fc57f947e1a0","name":"Autojm","image":{"@type":"ImageObject","inLanguage":"fr-FR","@id":"https:\/\/secure.gravatar.com\/avatar\/9a959d52b758fcc232fe4b6aca7bab139182573297122cce7d6f2ee0e537b418?s=96&d=mm&r=g","url":"https:\/\/secure.gravatar.com\/avatar\/9a959d52b758fcc232fe4b6aca7bab139182573297122cce7d6f2ee0e537b418?s=96&d=mm&r=g","contentUrl":"https:\/\/secure.gravatar.com\/avatar\/9a959d52b758fcc232fe4b6aca7bab139182573297122cce7d6f2ee0e537b418?s=96&d=mm&r=g","caption":"Autojm"},"sameAs":["https:\/\/www.autojm.fr\/blog"],"url":"https:\/\/www.autojm.fr\/blog\/author\/bichoi\/"}]}},"_links":{"self":[{"href":"https:\/\/www.autojm.fr\/blog\/wp-json\/wp\/v2\/posts\/6073","targetHints":{"allow":["GET"]}}],"collection":[{"href":"https:\/\/www.autojm.fr\/blog\/wp-json\/wp\/v2\/posts"}],"about":[{"href":"https:\/\/www.autojm.fr\/blog\/wp-json\/wp\/v2\/types\/post"}],"author":[{"embeddable":true,"href":"https:\/\/www.autojm.fr\/blog\/wp-json\/wp\/v2\/users\/1"}],"replies":[{"embeddable":true,"href":"https:\/\/www.autojm.fr\/blog\/wp-json\/wp\/v2\/comments?post=6073"}],"version-history":[{"count":21,"href":"https:\/\/www.autojm.fr\/blog\/wp-json\/wp\/v2\/posts\/6073\/revisions"}],"predecessor-version":[{"id":9261,"href":"https:\/\/www.autojm.fr\/blog\/wp-json\/wp\/v2\/posts\/6073\/revisions\/9261"}],"wp:featuredmedia":[{"embeddable":true,"href":"https:\/\/www.autojm.fr\/blog\/wp-json\/wp\/v2\/media\/6105"}],"wp:attachment":[{"href":"https:\/\/www.autojm.fr\/blog\/wp-json\/wp\/v2\/media?parent=6073"}],"wp:term":[{"taxonomy":"category","embeddable":true,"href":"https:\/\/www.autojm.fr\/blog\/wp-json\/wp\/v2\/categories?post=6073"},{"taxonomy":"post_tag","embeddable":true,"href":"https:\/\/www.autojm.fr\/blog\/wp-json\/wp\/v2\/tags?post=6073"}],"curies":[{"name":"wp","href":"https:\/\/api.w.org\/{rel}","templated":true}]}}