{"id":54565,"date":"2026-04-24T09:00:00","date_gmt":"2026-04-24T07:00:00","guid":{"rendered":"https:\/\/www.autojm.fr\/blog\/?p=54565"},"modified":"2026-04-22T13:13:40","modified_gmt":"2026-04-22T11:13:40","slug":"essence-hybride-ou-electrique-que-choisir","status":"publish","type":"post","link":"https:\/\/www.autojm.fr\/blog\/essence-hybride-ou-electrique-que-choisir\/","title":{"rendered":"Essence, hybride ou \u00e9lectrique : que choisir ?"},"content":{"rendered":"","protected":false},"excerpt":{"rendered":"<p>En 2026, choisir entre une voiture essence, hybride ou \u00e9lectrique n\u2019a jamais \u00e9t\u00e9 aussi complexe. Longtemps domin\u00e9 par le thermique, le march\u00e9 automobile conna\u00eet aujourd\u2019hui une mutation profonde, acc\u00e9l\u00e9r\u00e9e par la flamb\u00e9e des prix du carburant, les \u00e9volutions r\u00e9glementaires et les progr\u00e8s technologiques. Avec un litre de sans-plomb flirtant avec les 2 \u20ac et un gazole d\u00e9passant ce seuil symbolique, le co\u00fbt d\u2019usage des v\u00e9hicules thermiques est devenu une pr\u00e9occupation majeure pour les automobilistes . Mais derri\u00e8re ces grandes tendances, le choix d\u00e9pend avant tout du profil de conducteur, du budget et des contraintes d\u2019usage.<\/p>\n<p>Alors, essence, hybride ou \u00e9lectrique : que faut-il vraiment choisir en 2026 ?<\/p>\n","protected":false},"author":2,"featured_media":54646,"comment_status":"open","ping_status":"open","sticky":false,"template":"","format":"standard","meta":{"_acf_changed":false,"content-type":"","footnotes":""},"categories":[5],"tags":[90,415,463,422,459,708],"class_list":["post-54565","post","type-post","status-publish","format-standard","has-post-thumbnail","hentry","category-actualite-automobile","tag-autojm","tag-carburant","tag-electrique","tag-essence","tag-hybride","tag-voitures-propres"],"acf":[],"yoast_head":"<!-- This site is optimized with the Yoast SEO plugin v27.5 - https:\/\/yoast.com\/product\/yoast-seo-wordpress\/ -->\n<title>Essence, hybride ou \u00e9lectrique : que choisir ? - AutoJM Mag<\/title>\n<meta name=\"description\" content=\"En 2026, choisir entre une voiture essence, hybride ou \u00e9lectrique n\u2019a jamais \u00e9t\u00e9 aussi complexe. Longtemps domin\u00e9 par le thermique, le march\u00e9\" \/>\n<meta name=\"robots\" content=\"index, follow, max-snippet:-1, max-image-preview:large, max-video-preview:-1\" \/>\n<link rel=\"canonical\" href=\"https:\/\/www.autojm.fr\/blog\/essence-hybride-ou-electrique-que-choisir\/\" \/>\n<meta property=\"og:locale\" content=\"fr_FR\" \/>\n<meta property=\"og:type\" content=\"article\" \/>\n<meta property=\"og:title\" content=\"Essence, hybride ou \u00e9lectrique : que choisir ? - AutoJM Mag\" \/>\n<meta property=\"og:description\" content=\"En 2026, choisir entre une voiture essence, hybride ou \u00e9lectrique n\u2019a jamais \u00e9t\u00e9 aussi complexe. Longtemps domin\u00e9 par le thermique, le march\u00e9\" \/>\n<meta property=\"og:url\" content=\"https:\/\/www.autojm.fr\/blog\/essence-hybride-ou-electrique-que-choisir\/\" \/>\n<meta property=\"og:site_name\" content=\"AutoJM Mag\" \/>\n<meta property=\"article:publisher\" content=\"https:\/\/www.facebook.com\/AutoJM25\" \/>\n<meta property=\"article:published_time\" content=\"2026-04-24T07:00:00+00:00\" \/>\n<meta property=\"og:image\" content=\"https:\/\/www.autojm.fr\/blog\/wp-content\/uploads\/2026\/04\/image-top-1000x500-1.png\" \/>\n\t<meta property=\"og:image:width\" content=\"1000\" \/>\n\t<meta property=\"og:image:height\" content=\"500\" \/>\n\t<meta property=\"og:image:type\" content=\"image\/png\" \/>\n<meta name=\"author\" content=\"Aur\u00e9lia AutoJM\" \/>\n<meta name=\"twitter:card\" content=\"summary_large_image\" \/>\n<meta name=\"twitter:label1\" content=\"\u00c9crit par\" \/>\n\t<meta name=\"twitter:data1\" content=\"Aur\u00e9lia AutoJM\" \/>\n\t<meta name=\"twitter:label2\" content=\"Dur\u00e9e de lecture estim\u00e9e\" \/>\n\t<meta name=\"twitter:data2\" content=\"6 minutes\" \/>\n<script type=\"application\/ld+json\" class=\"yoast-schema-graph\">{\"@context\":\"https:\\\/\\\/schema.org\",\"@graph\":[{\"@type\":\"Article\",\"@id\":\"https:\\\/\\\/www.autojm.fr\\\/blog\\\/essence-hybride-ou-electrique-que-choisir\\\/#article\",\"isPartOf\":{\"@id\":\"https:\\\/\\\/www.autojm.fr\\\/blog\\\/essence-hybride-ou-electrique-que-choisir\\\/\"},\"author\":{\"name\":\"Aur\u00e9lia AutoJM\",\"@id\":\"https:\\\/\\\/www.autojm.fr\\\/blog\\\/#\\\/schema\\\/person\\\/e640a62bb6e669182918fd7871fe1ec5\"},\"headline\":\"Essence, hybride ou \u00e9lectrique : que choisir ?\",\"datePublished\":\"2026-04-24T07:00:00+00:00\",\"mainEntityOfPage\":{\"@id\":\"https:\\\/\\\/www.autojm.fr\\\/blog\\\/essence-hybride-ou-electrique-que-choisir\\\/\"},\"wordCount\":6,\"commentCount\":0,\"publisher\":{\"@id\":\"https:\\\/\\\/www.autojm.fr\\\/blog\\\/#organization\"},\"image\":{\"@id\":\"https:\\\/\\\/www.autojm.fr\\\/blog\\\/essence-hybride-ou-electrique-que-choisir\\\/#primaryimage\"},\"thumbnailUrl\":\"https:\\\/\\\/www.autojm.fr\\\/blog\\\/wp-content\\\/uploads\\\/2026\\\/04\\\/image-top-1000x500-1.png\",\"keywords\":[\"autojm\",\"carburant\",\"\u00e9lectrique\",\"essence\",\"hybride\",\"voitures propres\"],\"articleSection\":[\"Actualit\u00e9 Automobile\"],\"inLanguage\":\"fr-FR\",\"potentialAction\":[{\"@type\":\"CommentAction\",\"name\":\"Comment\",\"target\":[\"https:\\\/\\\/www.autojm.fr\\\/blog\\\/essence-hybride-ou-electrique-que-choisir\\\/#respond\"]}]},{\"@type\":\"WebPage\",\"@id\":\"https:\\\/\\\/www.autojm.fr\\\/blog\\\/essence-hybride-ou-electrique-que-choisir\\\/\",\"url\":\"https:\\\/\\\/www.autojm.fr\\\/blog\\\/essence-hybride-ou-electrique-que-choisir\\\/\",\"name\":\"Essence, hybride ou \u00e9lectrique : que choisir ? - AutoJM Mag\",\"isPartOf\":{\"@id\":\"https:\\\/\\\/www.autojm.fr\\\/blog\\\/#website\"},\"primaryImageOfPage\":{\"@id\":\"https:\\\/\\\/www.autojm.fr\\\/blog\\\/essence-hybride-ou-electrique-que-choisir\\\/#primaryimage\"},\"image\":{\"@id\":\"https:\\\/\\\/www.autojm.fr\\\/blog\\\/essence-hybride-ou-electrique-que-choisir\\\/#primaryimage\"},\"thumbnailUrl\":\"https:\\\/\\\/www.autojm.fr\\\/blog\\\/wp-content\\\/uploads\\\/2026\\\/04\\\/image-top-1000x500-1.png\",\"datePublished\":\"2026-04-24T07:00:00+00:00\",\"description\":\"En 2026, choisir entre une voiture essence, hybride ou \u00e9lectrique n\u2019a jamais \u00e9t\u00e9 aussi complexe. Longtemps domin\u00e9 par le thermique, le march\u00e9\",\"breadcrumb\":{\"@id\":\"https:\\\/\\\/www.autojm.fr\\\/blog\\\/essence-hybride-ou-electrique-que-choisir\\\/#breadcrumb\"},\"inLanguage\":\"fr-FR\",\"potentialAction\":[{\"@type\":\"ReadAction\",\"target\":[\"https:\\\/\\\/www.autojm.fr\\\/blog\\\/essence-hybride-ou-electrique-que-choisir\\\/\"]}]},{\"@type\":\"ImageObject\",\"inLanguage\":\"fr-FR\",\"@id\":\"https:\\\/\\\/www.autojm.fr\\\/blog\\\/essence-hybride-ou-electrique-que-choisir\\\/#primaryimage\",\"url\":\"https:\\\/\\\/www.autojm.fr\\\/blog\\\/wp-content\\\/uploads\\\/2026\\\/04\\\/image-top-1000x500-1.png\",\"contentUrl\":\"https:\\\/\\\/www.autojm.fr\\\/blog\\\/wp-content\\\/uploads\\\/2026\\\/04\\\/image-top-1000x500-1.png\",\"width\":1000,\"height\":500,\"caption\":\"Essence, hybride ou \u00e9lectrique : que choisir ?\"},{\"@type\":\"BreadcrumbList\",\"@id\":\"https:\\\/\\\/www.autojm.fr\\\/blog\\\/essence-hybride-ou-electrique-que-choisir\\\/#breadcrumb\",\"itemListElement\":[{\"@type\":\"ListItem\",\"position\":1,\"name\":\"Accueil\",\"item\":\"https:\\\/\\\/www.autojm.fr\\\/blog\\\/\"},{\"@type\":\"ListItem\",\"position\":2,\"name\":\"Actualit\u00e9 Automobile\",\"item\":\"https:\\\/\\\/www.autojm.fr\\\/blog\\\/actualite-automobile\\\/\"},{\"@type\":\"ListItem\",\"position\":3,\"name\":\"Essence, hybride ou \u00e9lectrique : que choisir ?\"}]},{\"@type\":\"WebSite\",\"@id\":\"https:\\\/\\\/www.autojm.fr\\\/blog\\\/#website\",\"url\":\"https:\\\/\\\/www.autojm.fr\\\/blog\\\/\",\"name\":\"AutoJM Mag\",\"description\":\"Toute l&#039;actu auto en 1 clic !\",\"publisher\":{\"@id\":\"https:\\\/\\\/www.autojm.fr\\\/blog\\\/#organization\"},\"potentialAction\":[{\"@type\":\"SearchAction\",\"target\":{\"@type\":\"EntryPoint\",\"urlTemplate\":\"https:\\\/\\\/www.autojm.fr\\\/blog\\\/?s={search_term_string}\"},\"query-input\":{\"@type\":\"PropertyValueSpecification\",\"valueRequired\":true,\"valueName\":\"search_term_string\"}}],\"inLanguage\":\"fr-FR\"},{\"@type\":\"Organization\",\"@id\":\"https:\\\/\\\/www.autojm.fr\\\/blog\\\/#organization\",\"name\":\"AutoJM Mag\",\"url\":\"https:\\\/\\\/www.autojm.fr\\\/blog\\\/\",\"logo\":{\"@type\":\"ImageObject\",\"inLanguage\":\"fr-FR\",\"@id\":\"https:\\\/\\\/www.autojm.fr\\\/blog\\\/#\\\/schema\\\/logo\\\/image\\\/\",\"url\":\"https:\\\/\\\/www.autojm.fr\\\/blog\\\/wp-content\\\/uploads\\\/2022\\\/12\\\/cropped-AutoJMag-png.png\",\"contentUrl\":\"https:\\\/\\\/www.autojm.fr\\\/blog\\\/wp-content\\\/uploads\\\/2022\\\/12\\\/cropped-AutoJMag-png.png\",\"width\":2834,\"height\":585,\"caption\":\"AutoJM Mag\"},\"image\":{\"@id\":\"https:\\\/\\\/www.autojm.fr\\\/blog\\\/#\\\/schema\\\/logo\\\/image\\\/\"},\"sameAs\":[\"https:\\\/\\\/www.facebook.com\\\/AutoJM25\"]},{\"@type\":\"Person\",\"@id\":\"https:\\\/\\\/www.autojm.fr\\\/blog\\\/#\\\/schema\\\/person\\\/e640a62bb6e669182918fd7871fe1ec5\",\"name\":\"Aur\u00e9lia AutoJM\",\"image\":{\"@type\":\"ImageObject\",\"inLanguage\":\"fr-FR\",\"@id\":\"https:\\\/\\\/secure.gravatar.com\\\/avatar\\\/17404fe7ba867704dc53905b3aeb1f66282e3a23def617ff4d39a7130702f24b?s=96&d=mm&r=g\",\"url\":\"https:\\\/\\\/secure.gravatar.com\\\/avatar\\\/17404fe7ba867704dc53905b3aeb1f66282e3a23def617ff4d39a7130702f24b?s=96&d=mm&r=g\",\"contentUrl\":\"https:\\\/\\\/secure.gravatar.com\\\/avatar\\\/17404fe7ba867704dc53905b3aeb1f66282e3a23def617ff4d39a7130702f24b?s=96&d=mm&r=g\",\"caption\":\"Aur\u00e9lia AutoJM\"},\"url\":\"https:\\\/\\\/www.autojm.fr\\\/blog\\\/author\\\/autojm\\\/\"}]}<\/script>\n<!-- \/ Yoast SEO plugin. -->","yoast_head_json":{"title":"Essence, hybride ou \u00e9lectrique : que choisir ? - AutoJM Mag","description":"En 2026, choisir entre une voiture essence, hybride ou \u00e9lectrique n\u2019a jamais \u00e9t\u00e9 aussi complexe. Longtemps domin\u00e9 par le thermique, le march\u00e9","robots":{"index":"index","follow":"follow","max-snippet":"max-snippet:-1","max-image-preview":"max-image-preview:large","max-video-preview":"max-video-preview:-1"},"canonical":"https:\/\/www.autojm.fr\/blog\/essence-hybride-ou-electrique-que-choisir\/","og_locale":"fr_FR","og_type":"article","og_title":"Essence, hybride ou \u00e9lectrique : que choisir ? - AutoJM Mag","og_description":"En 2026, choisir entre une voiture essence, hybride ou \u00e9lectrique n\u2019a jamais \u00e9t\u00e9 aussi complexe. Longtemps domin\u00e9 par le thermique, le march\u00e9","og_url":"https:\/\/www.autojm.fr\/blog\/essence-hybride-ou-electrique-que-choisir\/","og_site_name":"AutoJM Mag","article_publisher":"https:\/\/www.facebook.com\/AutoJM25","article_published_time":"2026-04-24T07:00:00+00:00","og_image":[{"width":1000,"height":500,"url":"https:\/\/www.autojm.fr\/blog\/wp-content\/uploads\/2026\/04\/image-top-1000x500-1.png","type":"image\/png"}],"author":"Aur\u00e9lia AutoJM","twitter_card":"summary_large_image","twitter_misc":{"\u00c9crit par":"Aur\u00e9lia AutoJM","Dur\u00e9e de lecture estim\u00e9e":"6 minutes"},"schema":{"@context":"https:\/\/schema.org","@graph":[{"@type":"Article","@id":"https:\/\/www.autojm.fr\/blog\/essence-hybride-ou-electrique-que-choisir\/#article","isPartOf":{"@id":"https:\/\/www.autojm.fr\/blog\/essence-hybride-ou-electrique-que-choisir\/"},"author":{"name":"Aur\u00e9lia AutoJM","@id":"https:\/\/www.autojm.fr\/blog\/#\/schema\/person\/e640a62bb6e669182918fd7871fe1ec5"},"headline":"Essence, hybride ou \u00e9lectrique : que choisir ?","datePublished":"2026-04-24T07:00:00+00:00","mainEntityOfPage":{"@id":"https:\/\/www.autojm.fr\/blog\/essence-hybride-ou-electrique-que-choisir\/"},"wordCount":6,"commentCount":0,"publisher":{"@id":"https:\/\/www.autojm.fr\/blog\/#organization"},"image":{"@id":"https:\/\/www.autojm.fr\/blog\/essence-hybride-ou-electrique-que-choisir\/#primaryimage"},"thumbnailUrl":"https:\/\/www.autojm.fr\/blog\/wp-content\/uploads\/2026\/04\/image-top-1000x500-1.png","keywords":["autojm","carburant","\u00e9lectrique","essence","hybride","voitures propres"],"articleSection":["Actualit\u00e9 Automobile"],"inLanguage":"fr-FR","potentialAction":[{"@type":"CommentAction","name":"Comment","target":["https:\/\/www.autojm.fr\/blog\/essence-hybride-ou-electrique-que-choisir\/#respond"]}]},{"@type":"WebPage","@id":"https:\/\/www.autojm.fr\/blog\/essence-hybride-ou-electrique-que-choisir\/","url":"https:\/\/www.autojm.fr\/blog\/essence-hybride-ou-electrique-que-choisir\/","name":"Essence, hybride ou \u00e9lectrique : que choisir ? - AutoJM Mag","isPartOf":{"@id":"https:\/\/www.autojm.fr\/blog\/#website"},"primaryImageOfPage":{"@id":"https:\/\/www.autojm.fr\/blog\/essence-hybride-ou-electrique-que-choisir\/#primaryimage"},"image":{"@id":"https:\/\/www.autojm.fr\/blog\/essence-hybride-ou-electrique-que-choisir\/#primaryimage"},"thumbnailUrl":"https:\/\/www.autojm.fr\/blog\/wp-content\/uploads\/2026\/04\/image-top-1000x500-1.png","datePublished":"2026-04-24T07:00:00+00:00","description":"En 2026, choisir entre une voiture essence, hybride ou \u00e9lectrique n\u2019a jamais \u00e9t\u00e9 aussi complexe. Longtemps domin\u00e9 par le thermique, le march\u00e9","breadcrumb":{"@id":"https:\/\/www.autojm.fr\/blog\/essence-hybride-ou-electrique-que-choisir\/#breadcrumb"},"inLanguage":"fr-FR","potentialAction":[{"@type":"ReadAction","target":["https:\/\/www.autojm.fr\/blog\/essence-hybride-ou-electrique-que-choisir\/"]}]},{"@type":"ImageObject","inLanguage":"fr-FR","@id":"https:\/\/www.autojm.fr\/blog\/essence-hybride-ou-electrique-que-choisir\/#primaryimage","url":"https:\/\/www.autojm.fr\/blog\/wp-content\/uploads\/2026\/04\/image-top-1000x500-1.png","contentUrl":"https:\/\/www.autojm.fr\/blog\/wp-content\/uploads\/2026\/04\/image-top-1000x500-1.png","width":1000,"height":500,"caption":"Essence, hybride ou \u00e9lectrique : que choisir ?"},{"@type":"BreadcrumbList","@id":"https:\/\/www.autojm.fr\/blog\/essence-hybride-ou-electrique-que-choisir\/#breadcrumb","itemListElement":[{"@type":"ListItem","position":1,"name":"Accueil","item":"https:\/\/www.autojm.fr\/blog\/"},{"@type":"ListItem","position":2,"name":"Actualit\u00e9 Automobile","item":"https:\/\/www.autojm.fr\/blog\/actualite-automobile\/"},{"@type":"ListItem","position":3,"name":"Essence, hybride ou \u00e9lectrique : que choisir ?"}]},{"@type":"WebSite","@id":"https:\/\/www.autojm.fr\/blog\/#website","url":"https:\/\/www.autojm.fr\/blog\/","name":"AutoJM Mag","description":"Toute l&#039;actu auto en 1 clic !","publisher":{"@id":"https:\/\/www.autojm.fr\/blog\/#organization"},"potentialAction":[{"@type":"SearchAction","target":{"@type":"EntryPoint","urlTemplate":"https:\/\/www.autojm.fr\/blog\/?s={search_term_string}"},"query-input":{"@type":"PropertyValueSpecification","valueRequired":true,"valueName":"search_term_string"}}],"inLanguage":"fr-FR"},{"@type":"Organization","@id":"https:\/\/www.autojm.fr\/blog\/#organization","name":"AutoJM Mag","url":"https:\/\/www.autojm.fr\/blog\/","logo":{"@type":"ImageObject","inLanguage":"fr-FR","@id":"https:\/\/www.autojm.fr\/blog\/#\/schema\/logo\/image\/","url":"https:\/\/www.autojm.fr\/blog\/wp-content\/uploads\/2022\/12\/cropped-AutoJMag-png.png","contentUrl":"https:\/\/www.autojm.fr\/blog\/wp-content\/uploads\/2022\/12\/cropped-AutoJMag-png.png","width":2834,"height":585,"caption":"AutoJM Mag"},"image":{"@id":"https:\/\/www.autojm.fr\/blog\/#\/schema\/logo\/image\/"},"sameAs":["https:\/\/www.facebook.com\/AutoJM25"]},{"@type":"Person","@id":"https:\/\/www.autojm.fr\/blog\/#\/schema\/person\/e640a62bb6e669182918fd7871fe1ec5","name":"Aur\u00e9lia AutoJM","image":{"@type":"ImageObject","inLanguage":"fr-FR","@id":"https:\/\/secure.gravatar.com\/avatar\/17404fe7ba867704dc53905b3aeb1f66282e3a23def617ff4d39a7130702f24b?s=96&d=mm&r=g","url":"https:\/\/secure.gravatar.com\/avatar\/17404fe7ba867704dc53905b3aeb1f66282e3a23def617ff4d39a7130702f24b?s=96&d=mm&r=g","contentUrl":"https:\/\/secure.gravatar.com\/avatar\/17404fe7ba867704dc53905b3aeb1f66282e3a23def617ff4d39a7130702f24b?s=96&d=mm&r=g","caption":"Aur\u00e9lia AutoJM"},"url":"https:\/\/www.autojm.fr\/blog\/author\/autojm\/"}]}},"_links":{"self":[{"href":"https:\/\/www.autojm.fr\/blog\/wp-json\/wp\/v2\/posts\/54565","targetHints":{"allow":["GET"]}}],"collection":[{"href":"https:\/\/www.autojm.fr\/blog\/wp-json\/wp\/v2\/posts"}],"about":[{"href":"https:\/\/www.autojm.fr\/blog\/wp-json\/wp\/v2\/types\/post"}],"author":[{"embeddable":true,"href":"https:\/\/www.autojm.fr\/blog\/wp-json\/wp\/v2\/users\/2"}],"replies":[{"embeddable":true,"href":"https:\/\/www.autojm.fr\/blog\/wp-json\/wp\/v2\/comments?post=54565"}],"version-history":[{"count":3,"href":"https:\/\/www.autojm.fr\/blog\/wp-json\/wp\/v2\/posts\/54565\/revisions"}],"predecessor-version":[{"id":54656,"href":"https:\/\/www.autojm.fr\/blog\/wp-json\/wp\/v2\/posts\/54565\/revisions\/54656"}],"wp:featuredmedia":[{"embeddable":true,"href":"https:\/\/www.autojm.fr\/blog\/wp-json\/wp\/v2\/media\/54646"}],"wp:attachment":[{"href":"https:\/\/www.autojm.fr\/blog\/wp-json\/wp\/v2\/media?parent=54565"}],"wp:term":[{"taxonomy":"category","embeddable":true,"href":"https:\/\/www.autojm.fr\/blog\/wp-json\/wp\/v2\/categories?post=54565"},{"taxonomy":"post_tag","embeddable":true,"href":"https:\/\/www.autojm.fr\/blog\/wp-json\/wp\/v2\/tags?post=54565"}],"curies":[{"name":"wp","href":"https:\/\/api.w.org\/{rel}","templated":true}]}}