{"id":54284,"date":"2026-02-27T09:00:00","date_gmt":"2026-02-27T07:00:00","guid":{"rendered":"https:\/\/www.autojm.fr\/blog\/?p=54284"},"modified":"2026-02-25T16:25:35","modified_gmt":"2026-02-25T14:25:35","slug":"road-trip-en-france-quel-vehicule-est-le-mieux-adapte","status":"publish","type":"post","link":"https:\/\/www.autojm.fr\/blog\/road-trip-en-france-quel-vehicule-est-le-mieux-adapte\/","title":{"rendered":"Road trip en France : Quel v\u00e9hicule est le mieux adapt\u00e9 ?"},"content":{"rendered":"","protected":false},"excerpt":{"rendered":"<p>Vous avez d\u00e9cid\u00e9 de partir en road-trip \u00e0 travers les plus beaux paysages fran\u00e7ais ? Excellente id\u00e9e ! Il ne vous reste plus qu\u2019\u00e0 choisir le v\u00e9hicule le mieux adapt\u00e9 \u00e0 vos besoins. \u00c0 la mer ou \u00e0 la montagne, selon la saison et en fonction de votre \u00e9quipement, optez pour une location de v\u00e9hicule id\u00e9al <\/p>\n","protected":false},"author":2,"featured_media":54360,"comment_status":"open","ping_status":"open","sticky":false,"template":"","format":"standard","meta":{"_acf_changed":false,"content-type":"","footnotes":""},"categories":[22],"tags":[90],"class_list":["post-54284","post","type-post","status-publish","format-standard","has-post-thumbnail","hentry","category-conseils-astuces","tag-autojm"],"acf":[],"yoast_head":"<!-- This site is optimized with the Yoast SEO plugin v27.5 - https:\/\/yoast.com\/product\/yoast-seo-wordpress\/ -->\n<title>Road trip en France : Quel v\u00e9hicule est le mieux adapt\u00e9 ? - AutoJM Mag<\/title>\n<meta name=\"description\" content=\"Vous avez d\u00e9cid\u00e9 de partir en road-trip \u00e0 travers les plus beaux paysages fran\u00e7ais ?Il ne vous reste plus qu\u2019\u00e0 choisir le v\u00e9hicule ...\" \/>\n<meta name=\"robots\" content=\"index, follow, max-snippet:-1, max-image-preview:large, max-video-preview:-1\" \/>\n<link rel=\"canonical\" href=\"https:\/\/www.autojm.fr\/blog\/road-trip-en-france-quel-vehicule-est-le-mieux-adapte\/\" \/>\n<meta property=\"og:locale\" content=\"fr_FR\" \/>\n<meta property=\"og:type\" content=\"article\" \/>\n<meta property=\"og:title\" content=\"Road trip en France : Quel v\u00e9hicule est le mieux adapt\u00e9 ? - AutoJM Mag\" \/>\n<meta property=\"og:description\" content=\"Vous avez d\u00e9cid\u00e9 de partir en road-trip \u00e0 travers les plus beaux paysages fran\u00e7ais ?Il ne vous reste plus qu\u2019\u00e0 choisir le v\u00e9hicule ...\" \/>\n<meta property=\"og:url\" content=\"https:\/\/www.autojm.fr\/blog\/road-trip-en-france-quel-vehicule-est-le-mieux-adapte\/\" \/>\n<meta property=\"og:site_name\" content=\"AutoJM Mag\" \/>\n<meta property=\"article:publisher\" content=\"https:\/\/www.facebook.com\/AutoJM25\" \/>\n<meta property=\"article:published_time\" content=\"2026-02-27T07:00:00+00:00\" \/>\n<meta property=\"og:image\" content=\"https:\/\/www.autojm.fr\/blog\/wp-content\/uploads\/2026\/02\/image-top-1000x500-50.png\" \/>\n\t<meta property=\"og:image:width\" content=\"1000\" \/>\n\t<meta property=\"og:image:height\" content=\"500\" \/>\n\t<meta property=\"og:image:type\" content=\"image\/png\" \/>\n<meta name=\"author\" content=\"Aur\u00e9lia AutoJM\" \/>\n<meta name=\"twitter:card\" content=\"summary_large_image\" \/>\n<meta name=\"twitter:label1\" content=\"\u00c9crit par\" \/>\n\t<meta name=\"twitter:data1\" content=\"Aur\u00e9lia AutoJM\" \/>\n\t<meta name=\"twitter:label2\" content=\"Dur\u00e9e de lecture estim\u00e9e\" \/>\n\t<meta name=\"twitter:data2\" content=\"4 minutes\" \/>\n<script type=\"application\/ld+json\" class=\"yoast-schema-graph\">{\"@context\":\"https:\\\/\\\/schema.org\",\"@graph\":[{\"@type\":\"Article\",\"@id\":\"https:\\\/\\\/www.autojm.fr\\\/blog\\\/road-trip-en-france-quel-vehicule-est-le-mieux-adapte\\\/#article\",\"isPartOf\":{\"@id\":\"https:\\\/\\\/www.autojm.fr\\\/blog\\\/road-trip-en-france-quel-vehicule-est-le-mieux-adapte\\\/\"},\"author\":{\"name\":\"Aur\u00e9lia AutoJM\",\"@id\":\"https:\\\/\\\/www.autojm.fr\\\/blog\\\/#\\\/schema\\\/person\\\/e640a62bb6e669182918fd7871fe1ec5\"},\"headline\":\"Road trip en France : Quel v\u00e9hicule est le mieux adapt\u00e9 ?\",\"datePublished\":\"2026-02-27T07:00:00+00:00\",\"mainEntityOfPage\":{\"@id\":\"https:\\\/\\\/www.autojm.fr\\\/blog\\\/road-trip-en-france-quel-vehicule-est-le-mieux-adapte\\\/\"},\"wordCount\":11,\"commentCount\":0,\"publisher\":{\"@id\":\"https:\\\/\\\/www.autojm.fr\\\/blog\\\/#organization\"},\"image\":{\"@id\":\"https:\\\/\\\/www.autojm.fr\\\/blog\\\/road-trip-en-france-quel-vehicule-est-le-mieux-adapte\\\/#primaryimage\"},\"thumbnailUrl\":\"https:\\\/\\\/www.autojm.fr\\\/blog\\\/wp-content\\\/uploads\\\/2026\\\/02\\\/image-top-1000x500-50.png\",\"keywords\":[\"autojm\"],\"articleSection\":[\"Conseils &amp; Astuces\"],\"inLanguage\":\"fr-FR\",\"potentialAction\":[{\"@type\":\"CommentAction\",\"name\":\"Comment\",\"target\":[\"https:\\\/\\\/www.autojm.fr\\\/blog\\\/road-trip-en-france-quel-vehicule-est-le-mieux-adapte\\\/#respond\"]}]},{\"@type\":\"WebPage\",\"@id\":\"https:\\\/\\\/www.autojm.fr\\\/blog\\\/road-trip-en-france-quel-vehicule-est-le-mieux-adapte\\\/\",\"url\":\"https:\\\/\\\/www.autojm.fr\\\/blog\\\/road-trip-en-france-quel-vehicule-est-le-mieux-adapte\\\/\",\"name\":\"Road trip en France : Quel v\u00e9hicule est le mieux adapt\u00e9 ? - AutoJM Mag\",\"isPartOf\":{\"@id\":\"https:\\\/\\\/www.autojm.fr\\\/blog\\\/#website\"},\"primaryImageOfPage\":{\"@id\":\"https:\\\/\\\/www.autojm.fr\\\/blog\\\/road-trip-en-france-quel-vehicule-est-le-mieux-adapte\\\/#primaryimage\"},\"image\":{\"@id\":\"https:\\\/\\\/www.autojm.fr\\\/blog\\\/road-trip-en-france-quel-vehicule-est-le-mieux-adapte\\\/#primaryimage\"},\"thumbnailUrl\":\"https:\\\/\\\/www.autojm.fr\\\/blog\\\/wp-content\\\/uploads\\\/2026\\\/02\\\/image-top-1000x500-50.png\",\"datePublished\":\"2026-02-27T07:00:00+00:00\",\"description\":\"Vous avez d\u00e9cid\u00e9 de partir en road-trip \u00e0 travers les plus beaux paysages fran\u00e7ais ?Il ne vous reste plus qu\u2019\u00e0 choisir le v\u00e9hicule ...\",\"breadcrumb\":{\"@id\":\"https:\\\/\\\/www.autojm.fr\\\/blog\\\/road-trip-en-france-quel-vehicule-est-le-mieux-adapte\\\/#breadcrumb\"},\"inLanguage\":\"fr-FR\",\"potentialAction\":[{\"@type\":\"ReadAction\",\"target\":[\"https:\\\/\\\/www.autojm.fr\\\/blog\\\/road-trip-en-france-quel-vehicule-est-le-mieux-adapte\\\/\"]}]},{\"@type\":\"ImageObject\",\"inLanguage\":\"fr-FR\",\"@id\":\"https:\\\/\\\/www.autojm.fr\\\/blog\\\/road-trip-en-france-quel-vehicule-est-le-mieux-adapte\\\/#primaryimage\",\"url\":\"https:\\\/\\\/www.autojm.fr\\\/blog\\\/wp-content\\\/uploads\\\/2026\\\/02\\\/image-top-1000x500-50.png\",\"contentUrl\":\"https:\\\/\\\/www.autojm.fr\\\/blog\\\/wp-content\\\/uploads\\\/2026\\\/02\\\/image-top-1000x500-50.png\",\"width\":1000,\"height\":500,\"caption\":\"Quel v\u00e9hicule est le mieux adapt\u00e9 ?\"},{\"@type\":\"BreadcrumbList\",\"@id\":\"https:\\\/\\\/www.autojm.fr\\\/blog\\\/road-trip-en-france-quel-vehicule-est-le-mieux-adapte\\\/#breadcrumb\",\"itemListElement\":[{\"@type\":\"ListItem\",\"position\":1,\"name\":\"Accueil\",\"item\":\"https:\\\/\\\/www.autojm.fr\\\/blog\\\/\"},{\"@type\":\"ListItem\",\"position\":2,\"name\":\"Conseils &amp; Astuces\",\"item\":\"https:\\\/\\\/www.autojm.fr\\\/blog\\\/conseils-astuces\\\/\"},{\"@type\":\"ListItem\",\"position\":3,\"name\":\"Road trip en France : Quel v\u00e9hicule est le mieux adapt\u00e9 ?\"}]},{\"@type\":\"WebSite\",\"@id\":\"https:\\\/\\\/www.autojm.fr\\\/blog\\\/#website\",\"url\":\"https:\\\/\\\/www.autojm.fr\\\/blog\\\/\",\"name\":\"AutoJM Mag\",\"description\":\"Toute l&#039;actu auto en 1 clic !\",\"publisher\":{\"@id\":\"https:\\\/\\\/www.autojm.fr\\\/blog\\\/#organization\"},\"potentialAction\":[{\"@type\":\"SearchAction\",\"target\":{\"@type\":\"EntryPoint\",\"urlTemplate\":\"https:\\\/\\\/www.autojm.fr\\\/blog\\\/?s={search_term_string}\"},\"query-input\":{\"@type\":\"PropertyValueSpecification\",\"valueRequired\":true,\"valueName\":\"search_term_string\"}}],\"inLanguage\":\"fr-FR\"},{\"@type\":\"Organization\",\"@id\":\"https:\\\/\\\/www.autojm.fr\\\/blog\\\/#organization\",\"name\":\"AutoJM Mag\",\"url\":\"https:\\\/\\\/www.autojm.fr\\\/blog\\\/\",\"logo\":{\"@type\":\"ImageObject\",\"inLanguage\":\"fr-FR\",\"@id\":\"https:\\\/\\\/www.autojm.fr\\\/blog\\\/#\\\/schema\\\/logo\\\/image\\\/\",\"url\":\"https:\\\/\\\/www.autojm.fr\\\/blog\\\/wp-content\\\/uploads\\\/2022\\\/12\\\/cropped-AutoJMag-png.png\",\"contentUrl\":\"https:\\\/\\\/www.autojm.fr\\\/blog\\\/wp-content\\\/uploads\\\/2022\\\/12\\\/cropped-AutoJMag-png.png\",\"width\":2834,\"height\":585,\"caption\":\"AutoJM Mag\"},\"image\":{\"@id\":\"https:\\\/\\\/www.autojm.fr\\\/blog\\\/#\\\/schema\\\/logo\\\/image\\\/\"},\"sameAs\":[\"https:\\\/\\\/www.facebook.com\\\/AutoJM25\"]},{\"@type\":\"Person\",\"@id\":\"https:\\\/\\\/www.autojm.fr\\\/blog\\\/#\\\/schema\\\/person\\\/e640a62bb6e669182918fd7871fe1ec5\",\"name\":\"Aur\u00e9lia AutoJM\",\"image\":{\"@type\":\"ImageObject\",\"inLanguage\":\"fr-FR\",\"@id\":\"https:\\\/\\\/secure.gravatar.com\\\/avatar\\\/17404fe7ba867704dc53905b3aeb1f66282e3a23def617ff4d39a7130702f24b?s=96&d=mm&r=g\",\"url\":\"https:\\\/\\\/secure.gravatar.com\\\/avatar\\\/17404fe7ba867704dc53905b3aeb1f66282e3a23def617ff4d39a7130702f24b?s=96&d=mm&r=g\",\"contentUrl\":\"https:\\\/\\\/secure.gravatar.com\\\/avatar\\\/17404fe7ba867704dc53905b3aeb1f66282e3a23def617ff4d39a7130702f24b?s=96&d=mm&r=g\",\"caption\":\"Aur\u00e9lia AutoJM\"},\"url\":\"https:\\\/\\\/www.autojm.fr\\\/blog\\\/author\\\/autojm\\\/\"}]}<\/script>\n<!-- \/ Yoast SEO plugin. -->","yoast_head_json":{"title":"Road trip en France : Quel v\u00e9hicule est le mieux adapt\u00e9 ? - AutoJM Mag","description":"Vous avez d\u00e9cid\u00e9 de partir en road-trip \u00e0 travers les plus beaux paysages fran\u00e7ais ?Il ne vous reste plus qu\u2019\u00e0 choisir le v\u00e9hicule ...","robots":{"index":"index","follow":"follow","max-snippet":"max-snippet:-1","max-image-preview":"max-image-preview:large","max-video-preview":"max-video-preview:-1"},"canonical":"https:\/\/www.autojm.fr\/blog\/road-trip-en-france-quel-vehicule-est-le-mieux-adapte\/","og_locale":"fr_FR","og_type":"article","og_title":"Road trip en France : Quel v\u00e9hicule est le mieux adapt\u00e9 ? - AutoJM Mag","og_description":"Vous avez d\u00e9cid\u00e9 de partir en road-trip \u00e0 travers les plus beaux paysages fran\u00e7ais ?Il ne vous reste plus qu\u2019\u00e0 choisir le v\u00e9hicule ...","og_url":"https:\/\/www.autojm.fr\/blog\/road-trip-en-france-quel-vehicule-est-le-mieux-adapte\/","og_site_name":"AutoJM Mag","article_publisher":"https:\/\/www.facebook.com\/AutoJM25","article_published_time":"2026-02-27T07:00:00+00:00","og_image":[{"width":1000,"height":500,"url":"https:\/\/www.autojm.fr\/blog\/wp-content\/uploads\/2026\/02\/image-top-1000x500-50.png","type":"image\/png"}],"author":"Aur\u00e9lia AutoJM","twitter_card":"summary_large_image","twitter_misc":{"\u00c9crit par":"Aur\u00e9lia AutoJM","Dur\u00e9e de lecture estim\u00e9e":"4 minutes"},"schema":{"@context":"https:\/\/schema.org","@graph":[{"@type":"Article","@id":"https:\/\/www.autojm.fr\/blog\/road-trip-en-france-quel-vehicule-est-le-mieux-adapte\/#article","isPartOf":{"@id":"https:\/\/www.autojm.fr\/blog\/road-trip-en-france-quel-vehicule-est-le-mieux-adapte\/"},"author":{"name":"Aur\u00e9lia AutoJM","@id":"https:\/\/www.autojm.fr\/blog\/#\/schema\/person\/e640a62bb6e669182918fd7871fe1ec5"},"headline":"Road trip en France : Quel v\u00e9hicule est le mieux adapt\u00e9 ?","datePublished":"2026-02-27T07:00:00+00:00","mainEntityOfPage":{"@id":"https:\/\/www.autojm.fr\/blog\/road-trip-en-france-quel-vehicule-est-le-mieux-adapte\/"},"wordCount":11,"commentCount":0,"publisher":{"@id":"https:\/\/www.autojm.fr\/blog\/#organization"},"image":{"@id":"https:\/\/www.autojm.fr\/blog\/road-trip-en-france-quel-vehicule-est-le-mieux-adapte\/#primaryimage"},"thumbnailUrl":"https:\/\/www.autojm.fr\/blog\/wp-content\/uploads\/2026\/02\/image-top-1000x500-50.png","keywords":["autojm"],"articleSection":["Conseils &amp; Astuces"],"inLanguage":"fr-FR","potentialAction":[{"@type":"CommentAction","name":"Comment","target":["https:\/\/www.autojm.fr\/blog\/road-trip-en-france-quel-vehicule-est-le-mieux-adapte\/#respond"]}]},{"@type":"WebPage","@id":"https:\/\/www.autojm.fr\/blog\/road-trip-en-france-quel-vehicule-est-le-mieux-adapte\/","url":"https:\/\/www.autojm.fr\/blog\/road-trip-en-france-quel-vehicule-est-le-mieux-adapte\/","name":"Road trip en France : Quel v\u00e9hicule est le mieux adapt\u00e9 ? - AutoJM Mag","isPartOf":{"@id":"https:\/\/www.autojm.fr\/blog\/#website"},"primaryImageOfPage":{"@id":"https:\/\/www.autojm.fr\/blog\/road-trip-en-france-quel-vehicule-est-le-mieux-adapte\/#primaryimage"},"image":{"@id":"https:\/\/www.autojm.fr\/blog\/road-trip-en-france-quel-vehicule-est-le-mieux-adapte\/#primaryimage"},"thumbnailUrl":"https:\/\/www.autojm.fr\/blog\/wp-content\/uploads\/2026\/02\/image-top-1000x500-50.png","datePublished":"2026-02-27T07:00:00+00:00","description":"Vous avez d\u00e9cid\u00e9 de partir en road-trip \u00e0 travers les plus beaux paysages fran\u00e7ais ?Il ne vous reste plus qu\u2019\u00e0 choisir le v\u00e9hicule ...","breadcrumb":{"@id":"https:\/\/www.autojm.fr\/blog\/road-trip-en-france-quel-vehicule-est-le-mieux-adapte\/#breadcrumb"},"inLanguage":"fr-FR","potentialAction":[{"@type":"ReadAction","target":["https:\/\/www.autojm.fr\/blog\/road-trip-en-france-quel-vehicule-est-le-mieux-adapte\/"]}]},{"@type":"ImageObject","inLanguage":"fr-FR","@id":"https:\/\/www.autojm.fr\/blog\/road-trip-en-france-quel-vehicule-est-le-mieux-adapte\/#primaryimage","url":"https:\/\/www.autojm.fr\/blog\/wp-content\/uploads\/2026\/02\/image-top-1000x500-50.png","contentUrl":"https:\/\/www.autojm.fr\/blog\/wp-content\/uploads\/2026\/02\/image-top-1000x500-50.png","width":1000,"height":500,"caption":"Quel v\u00e9hicule est le mieux adapt\u00e9 ?"},{"@type":"BreadcrumbList","@id":"https:\/\/www.autojm.fr\/blog\/road-trip-en-france-quel-vehicule-est-le-mieux-adapte\/#breadcrumb","itemListElement":[{"@type":"ListItem","position":1,"name":"Accueil","item":"https:\/\/www.autojm.fr\/blog\/"},{"@type":"ListItem","position":2,"name":"Conseils &amp; Astuces","item":"https:\/\/www.autojm.fr\/blog\/conseils-astuces\/"},{"@type":"ListItem","position":3,"name":"Road trip en France : Quel v\u00e9hicule est le mieux adapt\u00e9 ?"}]},{"@type":"WebSite","@id":"https:\/\/www.autojm.fr\/blog\/#website","url":"https:\/\/www.autojm.fr\/blog\/","name":"AutoJM Mag","description":"Toute l&#039;actu auto en 1 clic !","publisher":{"@id":"https:\/\/www.autojm.fr\/blog\/#organization"},"potentialAction":[{"@type":"SearchAction","target":{"@type":"EntryPoint","urlTemplate":"https:\/\/www.autojm.fr\/blog\/?s={search_term_string}"},"query-input":{"@type":"PropertyValueSpecification","valueRequired":true,"valueName":"search_term_string"}}],"inLanguage":"fr-FR"},{"@type":"Organization","@id":"https:\/\/www.autojm.fr\/blog\/#organization","name":"AutoJM Mag","url":"https:\/\/www.autojm.fr\/blog\/","logo":{"@type":"ImageObject","inLanguage":"fr-FR","@id":"https:\/\/www.autojm.fr\/blog\/#\/schema\/logo\/image\/","url":"https:\/\/www.autojm.fr\/blog\/wp-content\/uploads\/2022\/12\/cropped-AutoJMag-png.png","contentUrl":"https:\/\/www.autojm.fr\/blog\/wp-content\/uploads\/2022\/12\/cropped-AutoJMag-png.png","width":2834,"height":585,"caption":"AutoJM Mag"},"image":{"@id":"https:\/\/www.autojm.fr\/blog\/#\/schema\/logo\/image\/"},"sameAs":["https:\/\/www.facebook.com\/AutoJM25"]},{"@type":"Person","@id":"https:\/\/www.autojm.fr\/blog\/#\/schema\/person\/e640a62bb6e669182918fd7871fe1ec5","name":"Aur\u00e9lia AutoJM","image":{"@type":"ImageObject","inLanguage":"fr-FR","@id":"https:\/\/secure.gravatar.com\/avatar\/17404fe7ba867704dc53905b3aeb1f66282e3a23def617ff4d39a7130702f24b?s=96&d=mm&r=g","url":"https:\/\/secure.gravatar.com\/avatar\/17404fe7ba867704dc53905b3aeb1f66282e3a23def617ff4d39a7130702f24b?s=96&d=mm&r=g","contentUrl":"https:\/\/secure.gravatar.com\/avatar\/17404fe7ba867704dc53905b3aeb1f66282e3a23def617ff4d39a7130702f24b?s=96&d=mm&r=g","caption":"Aur\u00e9lia AutoJM"},"url":"https:\/\/www.autojm.fr\/blog\/author\/autojm\/"}]}},"_links":{"self":[{"href":"https:\/\/www.autojm.fr\/blog\/wp-json\/wp\/v2\/posts\/54284","targetHints":{"allow":["GET"]}}],"collection":[{"href":"https:\/\/www.autojm.fr\/blog\/wp-json\/wp\/v2\/posts"}],"about":[{"href":"https:\/\/www.autojm.fr\/blog\/wp-json\/wp\/v2\/types\/post"}],"author":[{"embeddable":true,"href":"https:\/\/www.autojm.fr\/blog\/wp-json\/wp\/v2\/users\/2"}],"replies":[{"embeddable":true,"href":"https:\/\/www.autojm.fr\/blog\/wp-json\/wp\/v2\/comments?post=54284"}],"version-history":[{"count":2,"href":"https:\/\/www.autojm.fr\/blog\/wp-json\/wp\/v2\/posts\/54284\/revisions"}],"predecessor-version":[{"id":54362,"href":"https:\/\/www.autojm.fr\/blog\/wp-json\/wp\/v2\/posts\/54284\/revisions\/54362"}],"wp:featuredmedia":[{"embeddable":true,"href":"https:\/\/www.autojm.fr\/blog\/wp-json\/wp\/v2\/media\/54360"}],"wp:attachment":[{"href":"https:\/\/www.autojm.fr\/blog\/wp-json\/wp\/v2\/media?parent=54284"}],"wp:term":[{"taxonomy":"category","embeddable":true,"href":"https:\/\/www.autojm.fr\/blog\/wp-json\/wp\/v2\/categories?post=54284"},{"taxonomy":"post_tag","embeddable":true,"href":"https:\/\/www.autojm.fr\/blog\/wp-json\/wp\/v2\/tags?post=54284"}],"curies":[{"name":"wp","href":"https:\/\/api.w.org\/{rel}","templated":true}]}}