{"id":54278,"date":"2026-03-03T09:00:00","date_gmt":"2026-03-03T07:00:00","guid":{"rendered":"https:\/\/www.autojm.fr\/blog\/?p=54278"},"modified":"2026-03-03T14:15:23","modified_gmt":"2026-03-03T12:15:23","slug":"stellantis-ou-en-sont-les-ventes-et-quelle-est-la-nouvelle-strategie-du-groupe-en-2026","status":"publish","type":"post","link":"https:\/\/www.autojm.fr\/blog\/stellantis-ou-en-sont-les-ventes-et-quelle-est-la-nouvelle-strategie-du-groupe-en-2026\/","title":{"rendered":"Stellantis : o\u00f9 en sont les ventes et quelle est la nouvelle strat\u00e9gie du groupe en 2026 ?"},"content":{"rendered":"","protected":false},"excerpt":{"rendered":"<p>Apr\u00e8s plusieurs ann\u00e9es marqu\u00e9es par une transition rapide vers l\u2019\u00e9lectrique, le groupe Stellantis aborde 2026 dans un contexte plus contrast\u00e9. Les volumes de ventes restent globalement solides, mais la dynamique varie fortement selon les march\u00e9s et les motorisations. En Europe notamment, la demande pour les v\u00e9hicules 100 % \u00e9lectriques progresse moins vite que pr\u00e9vu, ce qui pousse le constructeur \u00e0 adapter sa strat\u00e9gie.<\/p>\n","protected":false},"author":2,"featured_media":54282,"comment_status":"open","ping_status":"open","sticky":false,"template":"","format":"standard","meta":{"_acf_changed":false,"content-type":"","footnotes":""},"categories":[5,63],"tags":[90,110,73],"class_list":["post-54278","post","type-post","status-publish","format-standard","has-post-thumbnail","hentry","category-actualite-automobile","category-actualites-peugeot","tag-autojm","tag-fiat","tag-peugeot"],"acf":[],"yoast_head":"<!-- This site is optimized with the Yoast SEO plugin v27.5 - https:\/\/yoast.com\/product\/yoast-seo-wordpress\/ -->\n<title>Stellantis : o\u00f9 en sont les ventes et quelle est la nouvelle strat\u00e9gie du groupe en 2026 ? - AutoJM Mag<\/title>\n<meta name=\"description\" content=\"Apr\u00e8s plusieurs ann\u00e9es marqu\u00e9es par une transition rapide vers l\u2019\u00e9lectrique, Stellantis ...\" \/>\n<meta name=\"robots\" content=\"index, follow, max-snippet:-1, max-image-preview:large, max-video-preview:-1\" \/>\n<link rel=\"canonical\" href=\"https:\/\/www.autojm.fr\/blog\/stellantis-ou-en-sont-les-ventes-et-quelle-est-la-nouvelle-strategie-du-groupe-en-2026\/\" \/>\n<meta property=\"og:locale\" content=\"fr_FR\" \/>\n<meta property=\"og:type\" content=\"article\" \/>\n<meta property=\"og:title\" content=\"Stellantis : o\u00f9 en sont les ventes et quelle est la nouvelle strat\u00e9gie du groupe en 2026 ? - AutoJM Mag\" \/>\n<meta property=\"og:description\" content=\"Apr\u00e8s plusieurs ann\u00e9es marqu\u00e9es par une transition rapide vers l\u2019\u00e9lectrique, Stellantis ...\" \/>\n<meta property=\"og:url\" content=\"https:\/\/www.autojm.fr\/blog\/stellantis-ou-en-sont-les-ventes-et-quelle-est-la-nouvelle-strategie-du-groupe-en-2026\/\" \/>\n<meta property=\"og:site_name\" content=\"AutoJM Mag\" \/>\n<meta property=\"article:publisher\" content=\"https:\/\/www.facebook.com\/AutoJM25\" \/>\n<meta property=\"article:published_time\" content=\"2026-03-03T07:00:00+00:00\" \/>\n<meta property=\"article:modified_time\" content=\"2026-03-03T12:15:23+00:00\" \/>\n<meta property=\"og:image\" content=\"https:\/\/www.autojm.fr\/blog\/wp-content\/uploads\/2026\/02\/image-top-1000x500-45.png\" \/>\n\t<meta property=\"og:image:width\" content=\"1000\" \/>\n\t<meta property=\"og:image:height\" content=\"500\" \/>\n\t<meta property=\"og:image:type\" content=\"image\/png\" \/>\n<meta name=\"author\" content=\"Aur\u00e9lia AutoJM\" \/>\n<meta name=\"twitter:card\" content=\"summary_large_image\" \/>\n<meta name=\"twitter:label1\" content=\"\u00c9crit par\" \/>\n\t<meta name=\"twitter:data1\" content=\"Aur\u00e9lia AutoJM\" \/>\n\t<meta name=\"twitter:label2\" content=\"Dur\u00e9e de lecture estim\u00e9e\" \/>\n\t<meta name=\"twitter:data2\" content=\"3 minutes\" \/>\n<script type=\"application\/ld+json\" class=\"yoast-schema-graph\">{\"@context\":\"https:\\\/\\\/schema.org\",\"@graph\":[{\"@type\":\"Article\",\"@id\":\"https:\\\/\\\/www.autojm.fr\\\/blog\\\/stellantis-ou-en-sont-les-ventes-et-quelle-est-la-nouvelle-strategie-du-groupe-en-2026\\\/#article\",\"isPartOf\":{\"@id\":\"https:\\\/\\\/www.autojm.fr\\\/blog\\\/stellantis-ou-en-sont-les-ventes-et-quelle-est-la-nouvelle-strategie-du-groupe-en-2026\\\/\"},\"author\":{\"name\":\"Aur\u00e9lia AutoJM\",\"@id\":\"https:\\\/\\\/www.autojm.fr\\\/blog\\\/#\\\/schema\\\/person\\\/e640a62bb6e669182918fd7871fe1ec5\"},\"headline\":\"Stellantis : o\u00f9 en sont les ventes et quelle est la nouvelle strat\u00e9gie du groupe en 2026 ?\",\"datePublished\":\"2026-03-03T07:00:00+00:00\",\"dateModified\":\"2026-03-03T12:15:23+00:00\",\"mainEntityOfPage\":{\"@id\":\"https:\\\/\\\/www.autojm.fr\\\/blog\\\/stellantis-ou-en-sont-les-ventes-et-quelle-est-la-nouvelle-strategie-du-groupe-en-2026\\\/\"},\"wordCount\":16,\"commentCount\":0,\"publisher\":{\"@id\":\"https:\\\/\\\/www.autojm.fr\\\/blog\\\/#organization\"},\"image\":{\"@id\":\"https:\\\/\\\/www.autojm.fr\\\/blog\\\/stellantis-ou-en-sont-les-ventes-et-quelle-est-la-nouvelle-strategie-du-groupe-en-2026\\\/#primaryimage\"},\"thumbnailUrl\":\"https:\\\/\\\/www.autojm.fr\\\/blog\\\/wp-content\\\/uploads\\\/2026\\\/02\\\/image-top-1000x500-45.png\",\"keywords\":[\"autojm\",\"Fiat\",\"peugeot\"],\"articleSection\":[\"Actualit\u00e9 Automobile\",\"Actualit\u00e9s Peugeot\"],\"inLanguage\":\"fr-FR\",\"potentialAction\":[{\"@type\":\"CommentAction\",\"name\":\"Comment\",\"target\":[\"https:\\\/\\\/www.autojm.fr\\\/blog\\\/stellantis-ou-en-sont-les-ventes-et-quelle-est-la-nouvelle-strategie-du-groupe-en-2026\\\/#respond\"]}]},{\"@type\":\"WebPage\",\"@id\":\"https:\\\/\\\/www.autojm.fr\\\/blog\\\/stellantis-ou-en-sont-les-ventes-et-quelle-est-la-nouvelle-strategie-du-groupe-en-2026\\\/\",\"url\":\"https:\\\/\\\/www.autojm.fr\\\/blog\\\/stellantis-ou-en-sont-les-ventes-et-quelle-est-la-nouvelle-strategie-du-groupe-en-2026\\\/\",\"name\":\"Stellantis : o\u00f9 en sont les ventes et quelle est la nouvelle strat\u00e9gie du groupe en 2026 ? - AutoJM Mag\",\"isPartOf\":{\"@id\":\"https:\\\/\\\/www.autojm.fr\\\/blog\\\/#website\"},\"primaryImageOfPage\":{\"@id\":\"https:\\\/\\\/www.autojm.fr\\\/blog\\\/stellantis-ou-en-sont-les-ventes-et-quelle-est-la-nouvelle-strategie-du-groupe-en-2026\\\/#primaryimage\"},\"image\":{\"@id\":\"https:\\\/\\\/www.autojm.fr\\\/blog\\\/stellantis-ou-en-sont-les-ventes-et-quelle-est-la-nouvelle-strategie-du-groupe-en-2026\\\/#primaryimage\"},\"thumbnailUrl\":\"https:\\\/\\\/www.autojm.fr\\\/blog\\\/wp-content\\\/uploads\\\/2026\\\/02\\\/image-top-1000x500-45.png\",\"datePublished\":\"2026-03-03T07:00:00+00:00\",\"dateModified\":\"2026-03-03T12:15:23+00:00\",\"description\":\"Apr\u00e8s plusieurs ann\u00e9es marqu\u00e9es par une transition rapide vers l\u2019\u00e9lectrique, Stellantis ...\",\"breadcrumb\":{\"@id\":\"https:\\\/\\\/www.autojm.fr\\\/blog\\\/stellantis-ou-en-sont-les-ventes-et-quelle-est-la-nouvelle-strategie-du-groupe-en-2026\\\/#breadcrumb\"},\"inLanguage\":\"fr-FR\",\"potentialAction\":[{\"@type\":\"ReadAction\",\"target\":[\"https:\\\/\\\/www.autojm.fr\\\/blog\\\/stellantis-ou-en-sont-les-ventes-et-quelle-est-la-nouvelle-strategie-du-groupe-en-2026\\\/\"]}]},{\"@type\":\"ImageObject\",\"inLanguage\":\"fr-FR\",\"@id\":\"https:\\\/\\\/www.autojm.fr\\\/blog\\\/stellantis-ou-en-sont-les-ventes-et-quelle-est-la-nouvelle-strategie-du-groupe-en-2026\\\/#primaryimage\",\"url\":\"https:\\\/\\\/www.autojm.fr\\\/blog\\\/wp-content\\\/uploads\\\/2026\\\/02\\\/image-top-1000x500-45.png\",\"contentUrl\":\"https:\\\/\\\/www.autojm.fr\\\/blog\\\/wp-content\\\/uploads\\\/2026\\\/02\\\/image-top-1000x500-45.png\",\"width\":1000,\"height\":500,\"caption\":\"stellantis 2026\"},{\"@type\":\"BreadcrumbList\",\"@id\":\"https:\\\/\\\/www.autojm.fr\\\/blog\\\/stellantis-ou-en-sont-les-ventes-et-quelle-est-la-nouvelle-strategie-du-groupe-en-2026\\\/#breadcrumb\",\"itemListElement\":[{\"@type\":\"ListItem\",\"position\":1,\"name\":\"Accueil\",\"item\":\"https:\\\/\\\/www.autojm.fr\\\/blog\\\/\"},{\"@type\":\"ListItem\",\"position\":2,\"name\":\"Actualit\u00e9 Automobile\",\"item\":\"https:\\\/\\\/www.autojm.fr\\\/blog\\\/actualite-automobile\\\/\"},{\"@type\":\"ListItem\",\"position\":3,\"name\":\"Stellantis : o\u00f9 en sont les ventes et quelle est la nouvelle strat\u00e9gie du groupe en 2026 ?\"}]},{\"@type\":\"WebSite\",\"@id\":\"https:\\\/\\\/www.autojm.fr\\\/blog\\\/#website\",\"url\":\"https:\\\/\\\/www.autojm.fr\\\/blog\\\/\",\"name\":\"AutoJM Mag\",\"description\":\"Toute l&#039;actu auto en 1 clic !\",\"publisher\":{\"@id\":\"https:\\\/\\\/www.autojm.fr\\\/blog\\\/#organization\"},\"potentialAction\":[{\"@type\":\"SearchAction\",\"target\":{\"@type\":\"EntryPoint\",\"urlTemplate\":\"https:\\\/\\\/www.autojm.fr\\\/blog\\\/?s={search_term_string}\"},\"query-input\":{\"@type\":\"PropertyValueSpecification\",\"valueRequired\":true,\"valueName\":\"search_term_string\"}}],\"inLanguage\":\"fr-FR\"},{\"@type\":\"Organization\",\"@id\":\"https:\\\/\\\/www.autojm.fr\\\/blog\\\/#organization\",\"name\":\"AutoJM Mag\",\"url\":\"https:\\\/\\\/www.autojm.fr\\\/blog\\\/\",\"logo\":{\"@type\":\"ImageObject\",\"inLanguage\":\"fr-FR\",\"@id\":\"https:\\\/\\\/www.autojm.fr\\\/blog\\\/#\\\/schema\\\/logo\\\/image\\\/\",\"url\":\"https:\\\/\\\/www.autojm.fr\\\/blog\\\/wp-content\\\/uploads\\\/2022\\\/12\\\/cropped-AutoJMag-png.png\",\"contentUrl\":\"https:\\\/\\\/www.autojm.fr\\\/blog\\\/wp-content\\\/uploads\\\/2022\\\/12\\\/cropped-AutoJMag-png.png\",\"width\":2834,\"height\":585,\"caption\":\"AutoJM Mag\"},\"image\":{\"@id\":\"https:\\\/\\\/www.autojm.fr\\\/blog\\\/#\\\/schema\\\/logo\\\/image\\\/\"},\"sameAs\":[\"https:\\\/\\\/www.facebook.com\\\/AutoJM25\"]},{\"@type\":\"Person\",\"@id\":\"https:\\\/\\\/www.autojm.fr\\\/blog\\\/#\\\/schema\\\/person\\\/e640a62bb6e669182918fd7871fe1ec5\",\"name\":\"Aur\u00e9lia AutoJM\",\"image\":{\"@type\":\"ImageObject\",\"inLanguage\":\"fr-FR\",\"@id\":\"https:\\\/\\\/secure.gravatar.com\\\/avatar\\\/17404fe7ba867704dc53905b3aeb1f66282e3a23def617ff4d39a7130702f24b?s=96&d=mm&r=g\",\"url\":\"https:\\\/\\\/secure.gravatar.com\\\/avatar\\\/17404fe7ba867704dc53905b3aeb1f66282e3a23def617ff4d39a7130702f24b?s=96&d=mm&r=g\",\"contentUrl\":\"https:\\\/\\\/secure.gravatar.com\\\/avatar\\\/17404fe7ba867704dc53905b3aeb1f66282e3a23def617ff4d39a7130702f24b?s=96&d=mm&r=g\",\"caption\":\"Aur\u00e9lia AutoJM\"},\"url\":\"https:\\\/\\\/www.autojm.fr\\\/blog\\\/author\\\/autojm\\\/\"}]}<\/script>\n<!-- \/ Yoast SEO plugin. -->","yoast_head_json":{"title":"Stellantis : o\u00f9 en sont les ventes et quelle est la nouvelle strat\u00e9gie du groupe en 2026 ? - AutoJM Mag","description":"Apr\u00e8s plusieurs ann\u00e9es marqu\u00e9es par une transition rapide vers l\u2019\u00e9lectrique, Stellantis ...","robots":{"index":"index","follow":"follow","max-snippet":"max-snippet:-1","max-image-preview":"max-image-preview:large","max-video-preview":"max-video-preview:-1"},"canonical":"https:\/\/www.autojm.fr\/blog\/stellantis-ou-en-sont-les-ventes-et-quelle-est-la-nouvelle-strategie-du-groupe-en-2026\/","og_locale":"fr_FR","og_type":"article","og_title":"Stellantis : o\u00f9 en sont les ventes et quelle est la nouvelle strat\u00e9gie du groupe en 2026 ? - AutoJM Mag","og_description":"Apr\u00e8s plusieurs ann\u00e9es marqu\u00e9es par une transition rapide vers l\u2019\u00e9lectrique, Stellantis ...","og_url":"https:\/\/www.autojm.fr\/blog\/stellantis-ou-en-sont-les-ventes-et-quelle-est-la-nouvelle-strategie-du-groupe-en-2026\/","og_site_name":"AutoJM Mag","article_publisher":"https:\/\/www.facebook.com\/AutoJM25","article_published_time":"2026-03-03T07:00:00+00:00","article_modified_time":"2026-03-03T12:15:23+00:00","og_image":[{"width":1000,"height":500,"url":"https:\/\/www.autojm.fr\/blog\/wp-content\/uploads\/2026\/02\/image-top-1000x500-45.png","type":"image\/png"}],"author":"Aur\u00e9lia AutoJM","twitter_card":"summary_large_image","twitter_misc":{"\u00c9crit par":"Aur\u00e9lia AutoJM","Dur\u00e9e de lecture estim\u00e9e":"3 minutes"},"schema":{"@context":"https:\/\/schema.org","@graph":[{"@type":"Article","@id":"https:\/\/www.autojm.fr\/blog\/stellantis-ou-en-sont-les-ventes-et-quelle-est-la-nouvelle-strategie-du-groupe-en-2026\/#article","isPartOf":{"@id":"https:\/\/www.autojm.fr\/blog\/stellantis-ou-en-sont-les-ventes-et-quelle-est-la-nouvelle-strategie-du-groupe-en-2026\/"},"author":{"name":"Aur\u00e9lia AutoJM","@id":"https:\/\/www.autojm.fr\/blog\/#\/schema\/person\/e640a62bb6e669182918fd7871fe1ec5"},"headline":"Stellantis : o\u00f9 en sont les ventes et quelle est la nouvelle strat\u00e9gie du groupe en 2026 ?","datePublished":"2026-03-03T07:00:00+00:00","dateModified":"2026-03-03T12:15:23+00:00","mainEntityOfPage":{"@id":"https:\/\/www.autojm.fr\/blog\/stellantis-ou-en-sont-les-ventes-et-quelle-est-la-nouvelle-strategie-du-groupe-en-2026\/"},"wordCount":16,"commentCount":0,"publisher":{"@id":"https:\/\/www.autojm.fr\/blog\/#organization"},"image":{"@id":"https:\/\/www.autojm.fr\/blog\/stellantis-ou-en-sont-les-ventes-et-quelle-est-la-nouvelle-strategie-du-groupe-en-2026\/#primaryimage"},"thumbnailUrl":"https:\/\/www.autojm.fr\/blog\/wp-content\/uploads\/2026\/02\/image-top-1000x500-45.png","keywords":["autojm","Fiat","peugeot"],"articleSection":["Actualit\u00e9 Automobile","Actualit\u00e9s Peugeot"],"inLanguage":"fr-FR","potentialAction":[{"@type":"CommentAction","name":"Comment","target":["https:\/\/www.autojm.fr\/blog\/stellantis-ou-en-sont-les-ventes-et-quelle-est-la-nouvelle-strategie-du-groupe-en-2026\/#respond"]}]},{"@type":"WebPage","@id":"https:\/\/www.autojm.fr\/blog\/stellantis-ou-en-sont-les-ventes-et-quelle-est-la-nouvelle-strategie-du-groupe-en-2026\/","url":"https:\/\/www.autojm.fr\/blog\/stellantis-ou-en-sont-les-ventes-et-quelle-est-la-nouvelle-strategie-du-groupe-en-2026\/","name":"Stellantis : o\u00f9 en sont les ventes et quelle est la nouvelle strat\u00e9gie du groupe en 2026 ? - AutoJM Mag","isPartOf":{"@id":"https:\/\/www.autojm.fr\/blog\/#website"},"primaryImageOfPage":{"@id":"https:\/\/www.autojm.fr\/blog\/stellantis-ou-en-sont-les-ventes-et-quelle-est-la-nouvelle-strategie-du-groupe-en-2026\/#primaryimage"},"image":{"@id":"https:\/\/www.autojm.fr\/blog\/stellantis-ou-en-sont-les-ventes-et-quelle-est-la-nouvelle-strategie-du-groupe-en-2026\/#primaryimage"},"thumbnailUrl":"https:\/\/www.autojm.fr\/blog\/wp-content\/uploads\/2026\/02\/image-top-1000x500-45.png","datePublished":"2026-03-03T07:00:00+00:00","dateModified":"2026-03-03T12:15:23+00:00","description":"Apr\u00e8s plusieurs ann\u00e9es marqu\u00e9es par une transition rapide vers l\u2019\u00e9lectrique, Stellantis ...","breadcrumb":{"@id":"https:\/\/www.autojm.fr\/blog\/stellantis-ou-en-sont-les-ventes-et-quelle-est-la-nouvelle-strategie-du-groupe-en-2026\/#breadcrumb"},"inLanguage":"fr-FR","potentialAction":[{"@type":"ReadAction","target":["https:\/\/www.autojm.fr\/blog\/stellantis-ou-en-sont-les-ventes-et-quelle-est-la-nouvelle-strategie-du-groupe-en-2026\/"]}]},{"@type":"ImageObject","inLanguage":"fr-FR","@id":"https:\/\/www.autojm.fr\/blog\/stellantis-ou-en-sont-les-ventes-et-quelle-est-la-nouvelle-strategie-du-groupe-en-2026\/#primaryimage","url":"https:\/\/www.autojm.fr\/blog\/wp-content\/uploads\/2026\/02\/image-top-1000x500-45.png","contentUrl":"https:\/\/www.autojm.fr\/blog\/wp-content\/uploads\/2026\/02\/image-top-1000x500-45.png","width":1000,"height":500,"caption":"stellantis 2026"},{"@type":"BreadcrumbList","@id":"https:\/\/www.autojm.fr\/blog\/stellantis-ou-en-sont-les-ventes-et-quelle-est-la-nouvelle-strategie-du-groupe-en-2026\/#breadcrumb","itemListElement":[{"@type":"ListItem","position":1,"name":"Accueil","item":"https:\/\/www.autojm.fr\/blog\/"},{"@type":"ListItem","position":2,"name":"Actualit\u00e9 Automobile","item":"https:\/\/www.autojm.fr\/blog\/actualite-automobile\/"},{"@type":"ListItem","position":3,"name":"Stellantis : o\u00f9 en sont les ventes et quelle est la nouvelle strat\u00e9gie du groupe en 2026 ?"}]},{"@type":"WebSite","@id":"https:\/\/www.autojm.fr\/blog\/#website","url":"https:\/\/www.autojm.fr\/blog\/","name":"AutoJM Mag","description":"Toute l&#039;actu auto en 1 clic !","publisher":{"@id":"https:\/\/www.autojm.fr\/blog\/#organization"},"potentialAction":[{"@type":"SearchAction","target":{"@type":"EntryPoint","urlTemplate":"https:\/\/www.autojm.fr\/blog\/?s={search_term_string}"},"query-input":{"@type":"PropertyValueSpecification","valueRequired":true,"valueName":"search_term_string"}}],"inLanguage":"fr-FR"},{"@type":"Organization","@id":"https:\/\/www.autojm.fr\/blog\/#organization","name":"AutoJM Mag","url":"https:\/\/www.autojm.fr\/blog\/","logo":{"@type":"ImageObject","inLanguage":"fr-FR","@id":"https:\/\/www.autojm.fr\/blog\/#\/schema\/logo\/image\/","url":"https:\/\/www.autojm.fr\/blog\/wp-content\/uploads\/2022\/12\/cropped-AutoJMag-png.png","contentUrl":"https:\/\/www.autojm.fr\/blog\/wp-content\/uploads\/2022\/12\/cropped-AutoJMag-png.png","width":2834,"height":585,"caption":"AutoJM Mag"},"image":{"@id":"https:\/\/www.autojm.fr\/blog\/#\/schema\/logo\/image\/"},"sameAs":["https:\/\/www.facebook.com\/AutoJM25"]},{"@type":"Person","@id":"https:\/\/www.autojm.fr\/blog\/#\/schema\/person\/e640a62bb6e669182918fd7871fe1ec5","name":"Aur\u00e9lia AutoJM","image":{"@type":"ImageObject","inLanguage":"fr-FR","@id":"https:\/\/secure.gravatar.com\/avatar\/17404fe7ba867704dc53905b3aeb1f66282e3a23def617ff4d39a7130702f24b?s=96&d=mm&r=g","url":"https:\/\/secure.gravatar.com\/avatar\/17404fe7ba867704dc53905b3aeb1f66282e3a23def617ff4d39a7130702f24b?s=96&d=mm&r=g","contentUrl":"https:\/\/secure.gravatar.com\/avatar\/17404fe7ba867704dc53905b3aeb1f66282e3a23def617ff4d39a7130702f24b?s=96&d=mm&r=g","caption":"Aur\u00e9lia AutoJM"},"url":"https:\/\/www.autojm.fr\/blog\/author\/autojm\/"}]}},"_links":{"self":[{"href":"https:\/\/www.autojm.fr\/blog\/wp-json\/wp\/v2\/posts\/54278","targetHints":{"allow":["GET"]}}],"collection":[{"href":"https:\/\/www.autojm.fr\/blog\/wp-json\/wp\/v2\/posts"}],"about":[{"href":"https:\/\/www.autojm.fr\/blog\/wp-json\/wp\/v2\/types\/post"}],"author":[{"embeddable":true,"href":"https:\/\/www.autojm.fr\/blog\/wp-json\/wp\/v2\/users\/2"}],"replies":[{"embeddable":true,"href":"https:\/\/www.autojm.fr\/blog\/wp-json\/wp\/v2\/comments?post=54278"}],"version-history":[{"count":3,"href":"https:\/\/www.autojm.fr\/blog\/wp-json\/wp\/v2\/posts\/54278\/revisions"}],"predecessor-version":[{"id":54368,"href":"https:\/\/www.autojm.fr\/blog\/wp-json\/wp\/v2\/posts\/54278\/revisions\/54368"}],"wp:featuredmedia":[{"embeddable":true,"href":"https:\/\/www.autojm.fr\/blog\/wp-json\/wp\/v2\/media\/54282"}],"wp:attachment":[{"href":"https:\/\/www.autojm.fr\/blog\/wp-json\/wp\/v2\/media?parent=54278"}],"wp:term":[{"taxonomy":"category","embeddable":true,"href":"https:\/\/www.autojm.fr\/blog\/wp-json\/wp\/v2\/categories?post=54278"},{"taxonomy":"post_tag","embeddable":true,"href":"https:\/\/www.autojm.fr\/blog\/wp-json\/wp\/v2\/tags?post=54278"}],"curies":[{"name":"wp","href":"https:\/\/api.w.org\/{rel}","templated":true}]}}