{"id":54092,"date":"2026-01-09T09:30:00","date_gmt":"2026-01-09T07:30:00","guid":{"rendered":"https:\/\/www.autojm.fr\/blog\/?p=54092"},"modified":"2026-01-02T12:34:49","modified_gmt":"2026-01-02T10:34:49","slug":"marche-des-voitures-neuves-en-france-en-2025-une-annee-de-transition-entre-crise-et-mutation","status":"publish","type":"post","link":"https:\/\/www.autojm.fr\/blog\/marche-des-voitures-neuves-en-france-en-2025-une-annee-de-transition-entre-crise-et-mutation\/","title":{"rendered":"March\u00e9 des voitures neuves en France en 2025 : une ann\u00e9e de transition entre crise et mutation"},"content":{"rendered":"","protected":false},"excerpt":{"rendered":"<p>L\u2019ann\u00e9e 2025 restera dans les annales du march\u00e9 automobile fran\u00e7ais comme une p\u00e9riode charni\u00e8re marqu\u00e9e par une baisse g\u00e9n\u00e9rale des ventes..<\/p>\n","protected":false},"author":2,"featured_media":54100,"comment_status":"open","ping_status":"open","sticky":false,"template":"","format":"standard","meta":{"_acf_changed":false,"content-type":"","footnotes":""},"categories":[5],"tags":[90,79,74,105,109,106,108,107,73,78,96],"class_list":["post-54092","post","type-post","status-publish","format-standard","has-post-thumbnail","hentry","category-actualite-automobile","tag-autojm","tag-citroen","tag-dacia","tag-ds","tag-ford","tag-kia","tag-nissan","tag-opel","tag-peugeot","tag-renault","tag-volkswagen"],"acf":[],"yoast_head":"<!-- This site is optimized with the Yoast SEO plugin v27.5 - https:\/\/yoast.com\/product\/yoast-seo-wordpress\/ -->\n<title>March\u00e9 des voitures neuves en France en 2025 : une ann\u00e9e de transition entre crise et mutation - AutoJM Mag<\/title>\n<meta name=\"description\" content=\"L\u2019ann\u00e9e 2025 restera dans les annales du march\u00e9 automobile fran\u00e7ais comme une p\u00e9riode charni\u00e8re marqu\u00e9e par une ...\" \/>\n<meta name=\"robots\" content=\"index, follow, max-snippet:-1, max-image-preview:large, max-video-preview:-1\" \/>\n<link rel=\"canonical\" href=\"https:\/\/www.autojm.fr\/blog\/marche-des-voitures-neuves-en-france-en-2025-une-annee-de-transition-entre-crise-et-mutation\/\" \/>\n<meta property=\"og:locale\" content=\"fr_FR\" \/>\n<meta property=\"og:type\" content=\"article\" \/>\n<meta property=\"og:title\" content=\"March\u00e9 des voitures neuves en France en 2025 : une ann\u00e9e de transition entre crise et mutation - AutoJM Mag\" \/>\n<meta property=\"og:description\" content=\"L\u2019ann\u00e9e 2025 restera dans les annales du march\u00e9 automobile fran\u00e7ais comme une p\u00e9riode charni\u00e8re marqu\u00e9e par une ...\" \/>\n<meta property=\"og:url\" content=\"https:\/\/www.autojm.fr\/blog\/marche-des-voitures-neuves-en-france-en-2025-une-annee-de-transition-entre-crise-et-mutation\/\" \/>\n<meta property=\"og:site_name\" content=\"AutoJM Mag\" \/>\n<meta property=\"article:publisher\" content=\"https:\/\/www.facebook.com\/AutoJM25\" \/>\n<meta property=\"article:published_time\" content=\"2026-01-09T07:30:00+00:00\" \/>\n<meta property=\"og:image\" content=\"https:\/\/www.autojm.fr\/blog\/wp-content\/uploads\/2026\/01\/image-top-1000x500-42.png\" \/>\n\t<meta property=\"og:image:width\" content=\"1000\" \/>\n\t<meta property=\"og:image:height\" content=\"500\" \/>\n\t<meta property=\"og:image:type\" content=\"image\/png\" \/>\n<meta name=\"author\" content=\"Aur\u00e9lia AutoJM\" \/>\n<meta name=\"twitter:card\" content=\"summary_large_image\" \/>\n<meta name=\"twitter:label1\" content=\"\u00c9crit par\" \/>\n\t<meta name=\"twitter:data1\" content=\"Aur\u00e9lia AutoJM\" \/>\n\t<meta name=\"twitter:label2\" content=\"Dur\u00e9e de lecture estim\u00e9e\" \/>\n\t<meta name=\"twitter:data2\" content=\"4 minutes\" \/>\n<script type=\"application\/ld+json\" class=\"yoast-schema-graph\">{\"@context\":\"https:\\\/\\\/schema.org\",\"@graph\":[{\"@type\":\"Article\",\"@id\":\"https:\\\/\\\/www.autojm.fr\\\/blog\\\/marche-des-voitures-neuves-en-france-en-2025-une-annee-de-transition-entre-crise-et-mutation\\\/#article\",\"isPartOf\":{\"@id\":\"https:\\\/\\\/www.autojm.fr\\\/blog\\\/marche-des-voitures-neuves-en-france-en-2025-une-annee-de-transition-entre-crise-et-mutation\\\/\"},\"author\":{\"name\":\"Aur\u00e9lia AutoJM\",\"@id\":\"https:\\\/\\\/www.autojm.fr\\\/blog\\\/#\\\/schema\\\/person\\\/e640a62bb6e669182918fd7871fe1ec5\"},\"headline\":\"March\u00e9 des voitures neuves en France en 2025 : une ann\u00e9e de transition entre crise et mutation\",\"datePublished\":\"2026-01-09T07:30:00+00:00\",\"mainEntityOfPage\":{\"@id\":\"https:\\\/\\\/www.autojm.fr\\\/blog\\\/marche-des-voitures-neuves-en-france-en-2025-une-annee-de-transition-entre-crise-et-mutation\\\/\"},\"wordCount\":16,\"commentCount\":0,\"publisher\":{\"@id\":\"https:\\\/\\\/www.autojm.fr\\\/blog\\\/#organization\"},\"image\":{\"@id\":\"https:\\\/\\\/www.autojm.fr\\\/blog\\\/marche-des-voitures-neuves-en-france-en-2025-une-annee-de-transition-entre-crise-et-mutation\\\/#primaryimage\"},\"thumbnailUrl\":\"https:\\\/\\\/www.autojm.fr\\\/blog\\\/wp-content\\\/uploads\\\/2026\\\/01\\\/image-top-1000x500-42.png\",\"keywords\":[\"autojm\",\"citroen\",\"dacia\",\"DS\",\"Ford\",\"Kia\",\"Nissan\",\"Opel\",\"peugeot\",\"renault\",\"Volkswagen\"],\"articleSection\":[\"Actualit\u00e9 Automobile\"],\"inLanguage\":\"fr-FR\",\"potentialAction\":[{\"@type\":\"CommentAction\",\"name\":\"Comment\",\"target\":[\"https:\\\/\\\/www.autojm.fr\\\/blog\\\/marche-des-voitures-neuves-en-france-en-2025-une-annee-de-transition-entre-crise-et-mutation\\\/#respond\"]}]},{\"@type\":\"WebPage\",\"@id\":\"https:\\\/\\\/www.autojm.fr\\\/blog\\\/marche-des-voitures-neuves-en-france-en-2025-une-annee-de-transition-entre-crise-et-mutation\\\/\",\"url\":\"https:\\\/\\\/www.autojm.fr\\\/blog\\\/marche-des-voitures-neuves-en-france-en-2025-une-annee-de-transition-entre-crise-et-mutation\\\/\",\"name\":\"March\u00e9 des voitures neuves en France en 2025 : une ann\u00e9e de transition entre crise et mutation - AutoJM Mag\",\"isPartOf\":{\"@id\":\"https:\\\/\\\/www.autojm.fr\\\/blog\\\/#website\"},\"primaryImageOfPage\":{\"@id\":\"https:\\\/\\\/www.autojm.fr\\\/blog\\\/marche-des-voitures-neuves-en-france-en-2025-une-annee-de-transition-entre-crise-et-mutation\\\/#primaryimage\"},\"image\":{\"@id\":\"https:\\\/\\\/www.autojm.fr\\\/blog\\\/marche-des-voitures-neuves-en-france-en-2025-une-annee-de-transition-entre-crise-et-mutation\\\/#primaryimage\"},\"thumbnailUrl\":\"https:\\\/\\\/www.autojm.fr\\\/blog\\\/wp-content\\\/uploads\\\/2026\\\/01\\\/image-top-1000x500-42.png\",\"datePublished\":\"2026-01-09T07:30:00+00:00\",\"description\":\"L\u2019ann\u00e9e 2025 restera dans les annales du march\u00e9 automobile fran\u00e7ais comme une p\u00e9riode charni\u00e8re marqu\u00e9e par une ...\",\"breadcrumb\":{\"@id\":\"https:\\\/\\\/www.autojm.fr\\\/blog\\\/marche-des-voitures-neuves-en-france-en-2025-une-annee-de-transition-entre-crise-et-mutation\\\/#breadcrumb\"},\"inLanguage\":\"fr-FR\",\"potentialAction\":[{\"@type\":\"ReadAction\",\"target\":[\"https:\\\/\\\/www.autojm.fr\\\/blog\\\/marche-des-voitures-neuves-en-france-en-2025-une-annee-de-transition-entre-crise-et-mutation\\\/\"]}]},{\"@type\":\"ImageObject\",\"inLanguage\":\"fr-FR\",\"@id\":\"https:\\\/\\\/www.autojm.fr\\\/blog\\\/marche-des-voitures-neuves-en-france-en-2025-une-annee-de-transition-entre-crise-et-mutation\\\/#primaryimage\",\"url\":\"https:\\\/\\\/www.autojm.fr\\\/blog\\\/wp-content\\\/uploads\\\/2026\\\/01\\\/image-top-1000x500-42.png\",\"contentUrl\":\"https:\\\/\\\/www.autojm.fr\\\/blog\\\/wp-content\\\/uploads\\\/2026\\\/01\\\/image-top-1000x500-42.png\",\"width\":1000,\"height\":500,\"caption\":\"vente voitures neuves 2025\"},{\"@type\":\"BreadcrumbList\",\"@id\":\"https:\\\/\\\/www.autojm.fr\\\/blog\\\/marche-des-voitures-neuves-en-france-en-2025-une-annee-de-transition-entre-crise-et-mutation\\\/#breadcrumb\",\"itemListElement\":[{\"@type\":\"ListItem\",\"position\":1,\"name\":\"Accueil\",\"item\":\"https:\\\/\\\/www.autojm.fr\\\/blog\\\/\"},{\"@type\":\"ListItem\",\"position\":2,\"name\":\"Actualit\u00e9 Automobile\",\"item\":\"https:\\\/\\\/www.autojm.fr\\\/blog\\\/actualite-automobile\\\/\"},{\"@type\":\"ListItem\",\"position\":3,\"name\":\"March\u00e9 des voitures neuves en France en 2025 : une ann\u00e9e de transition entre crise et mutation\"}]},{\"@type\":\"WebSite\",\"@id\":\"https:\\\/\\\/www.autojm.fr\\\/blog\\\/#website\",\"url\":\"https:\\\/\\\/www.autojm.fr\\\/blog\\\/\",\"name\":\"AutoJM Mag\",\"description\":\"Toute l&#039;actu auto en 1 clic !\",\"publisher\":{\"@id\":\"https:\\\/\\\/www.autojm.fr\\\/blog\\\/#organization\"},\"potentialAction\":[{\"@type\":\"SearchAction\",\"target\":{\"@type\":\"EntryPoint\",\"urlTemplate\":\"https:\\\/\\\/www.autojm.fr\\\/blog\\\/?s={search_term_string}\"},\"query-input\":{\"@type\":\"PropertyValueSpecification\",\"valueRequired\":true,\"valueName\":\"search_term_string\"}}],\"inLanguage\":\"fr-FR\"},{\"@type\":\"Organization\",\"@id\":\"https:\\\/\\\/www.autojm.fr\\\/blog\\\/#organization\",\"name\":\"AutoJM Mag\",\"url\":\"https:\\\/\\\/www.autojm.fr\\\/blog\\\/\",\"logo\":{\"@type\":\"ImageObject\",\"inLanguage\":\"fr-FR\",\"@id\":\"https:\\\/\\\/www.autojm.fr\\\/blog\\\/#\\\/schema\\\/logo\\\/image\\\/\",\"url\":\"https:\\\/\\\/www.autojm.fr\\\/blog\\\/wp-content\\\/uploads\\\/2022\\\/12\\\/cropped-AutoJMag-png.png\",\"contentUrl\":\"https:\\\/\\\/www.autojm.fr\\\/blog\\\/wp-content\\\/uploads\\\/2022\\\/12\\\/cropped-AutoJMag-png.png\",\"width\":2834,\"height\":585,\"caption\":\"AutoJM Mag\"},\"image\":{\"@id\":\"https:\\\/\\\/www.autojm.fr\\\/blog\\\/#\\\/schema\\\/logo\\\/image\\\/\"},\"sameAs\":[\"https:\\\/\\\/www.facebook.com\\\/AutoJM25\"]},{\"@type\":\"Person\",\"@id\":\"https:\\\/\\\/www.autojm.fr\\\/blog\\\/#\\\/schema\\\/person\\\/e640a62bb6e669182918fd7871fe1ec5\",\"name\":\"Aur\u00e9lia AutoJM\",\"image\":{\"@type\":\"ImageObject\",\"inLanguage\":\"fr-FR\",\"@id\":\"https:\\\/\\\/secure.gravatar.com\\\/avatar\\\/17404fe7ba867704dc53905b3aeb1f66282e3a23def617ff4d39a7130702f24b?s=96&d=mm&r=g\",\"url\":\"https:\\\/\\\/secure.gravatar.com\\\/avatar\\\/17404fe7ba867704dc53905b3aeb1f66282e3a23def617ff4d39a7130702f24b?s=96&d=mm&r=g\",\"contentUrl\":\"https:\\\/\\\/secure.gravatar.com\\\/avatar\\\/17404fe7ba867704dc53905b3aeb1f66282e3a23def617ff4d39a7130702f24b?s=96&d=mm&r=g\",\"caption\":\"Aur\u00e9lia AutoJM\"},\"url\":\"https:\\\/\\\/www.autojm.fr\\\/blog\\\/author\\\/autojm\\\/\"}]}<\/script>\n<!-- \/ Yoast SEO plugin. -->","yoast_head_json":{"title":"March\u00e9 des voitures neuves en France en 2025 : une ann\u00e9e de transition entre crise et mutation - AutoJM Mag","description":"L\u2019ann\u00e9e 2025 restera dans les annales du march\u00e9 automobile fran\u00e7ais comme une p\u00e9riode charni\u00e8re marqu\u00e9e par une ...","robots":{"index":"index","follow":"follow","max-snippet":"max-snippet:-1","max-image-preview":"max-image-preview:large","max-video-preview":"max-video-preview:-1"},"canonical":"https:\/\/www.autojm.fr\/blog\/marche-des-voitures-neuves-en-france-en-2025-une-annee-de-transition-entre-crise-et-mutation\/","og_locale":"fr_FR","og_type":"article","og_title":"March\u00e9 des voitures neuves en France en 2025 : une ann\u00e9e de transition entre crise et mutation - AutoJM Mag","og_description":"L\u2019ann\u00e9e 2025 restera dans les annales du march\u00e9 automobile fran\u00e7ais comme une p\u00e9riode charni\u00e8re marqu\u00e9e par une ...","og_url":"https:\/\/www.autojm.fr\/blog\/marche-des-voitures-neuves-en-france-en-2025-une-annee-de-transition-entre-crise-et-mutation\/","og_site_name":"AutoJM Mag","article_publisher":"https:\/\/www.facebook.com\/AutoJM25","article_published_time":"2026-01-09T07:30:00+00:00","og_image":[{"width":1000,"height":500,"url":"https:\/\/www.autojm.fr\/blog\/wp-content\/uploads\/2026\/01\/image-top-1000x500-42.png","type":"image\/png"}],"author":"Aur\u00e9lia AutoJM","twitter_card":"summary_large_image","twitter_misc":{"\u00c9crit par":"Aur\u00e9lia AutoJM","Dur\u00e9e de lecture estim\u00e9e":"4 minutes"},"schema":{"@context":"https:\/\/schema.org","@graph":[{"@type":"Article","@id":"https:\/\/www.autojm.fr\/blog\/marche-des-voitures-neuves-en-france-en-2025-une-annee-de-transition-entre-crise-et-mutation\/#article","isPartOf":{"@id":"https:\/\/www.autojm.fr\/blog\/marche-des-voitures-neuves-en-france-en-2025-une-annee-de-transition-entre-crise-et-mutation\/"},"author":{"name":"Aur\u00e9lia AutoJM","@id":"https:\/\/www.autojm.fr\/blog\/#\/schema\/person\/e640a62bb6e669182918fd7871fe1ec5"},"headline":"March\u00e9 des voitures neuves en France en 2025 : une ann\u00e9e de transition entre crise et mutation","datePublished":"2026-01-09T07:30:00+00:00","mainEntityOfPage":{"@id":"https:\/\/www.autojm.fr\/blog\/marche-des-voitures-neuves-en-france-en-2025-une-annee-de-transition-entre-crise-et-mutation\/"},"wordCount":16,"commentCount":0,"publisher":{"@id":"https:\/\/www.autojm.fr\/blog\/#organization"},"image":{"@id":"https:\/\/www.autojm.fr\/blog\/marche-des-voitures-neuves-en-france-en-2025-une-annee-de-transition-entre-crise-et-mutation\/#primaryimage"},"thumbnailUrl":"https:\/\/www.autojm.fr\/blog\/wp-content\/uploads\/2026\/01\/image-top-1000x500-42.png","keywords":["autojm","citroen","dacia","DS","Ford","Kia","Nissan","Opel","peugeot","renault","Volkswagen"],"articleSection":["Actualit\u00e9 Automobile"],"inLanguage":"fr-FR","potentialAction":[{"@type":"CommentAction","name":"Comment","target":["https:\/\/www.autojm.fr\/blog\/marche-des-voitures-neuves-en-france-en-2025-une-annee-de-transition-entre-crise-et-mutation\/#respond"]}]},{"@type":"WebPage","@id":"https:\/\/www.autojm.fr\/blog\/marche-des-voitures-neuves-en-france-en-2025-une-annee-de-transition-entre-crise-et-mutation\/","url":"https:\/\/www.autojm.fr\/blog\/marche-des-voitures-neuves-en-france-en-2025-une-annee-de-transition-entre-crise-et-mutation\/","name":"March\u00e9 des voitures neuves en France en 2025 : une ann\u00e9e de transition entre crise et mutation - AutoJM Mag","isPartOf":{"@id":"https:\/\/www.autojm.fr\/blog\/#website"},"primaryImageOfPage":{"@id":"https:\/\/www.autojm.fr\/blog\/marche-des-voitures-neuves-en-france-en-2025-une-annee-de-transition-entre-crise-et-mutation\/#primaryimage"},"image":{"@id":"https:\/\/www.autojm.fr\/blog\/marche-des-voitures-neuves-en-france-en-2025-une-annee-de-transition-entre-crise-et-mutation\/#primaryimage"},"thumbnailUrl":"https:\/\/www.autojm.fr\/blog\/wp-content\/uploads\/2026\/01\/image-top-1000x500-42.png","datePublished":"2026-01-09T07:30:00+00:00","description":"L\u2019ann\u00e9e 2025 restera dans les annales du march\u00e9 automobile fran\u00e7ais comme une p\u00e9riode charni\u00e8re marqu\u00e9e par une ...","breadcrumb":{"@id":"https:\/\/www.autojm.fr\/blog\/marche-des-voitures-neuves-en-france-en-2025-une-annee-de-transition-entre-crise-et-mutation\/#breadcrumb"},"inLanguage":"fr-FR","potentialAction":[{"@type":"ReadAction","target":["https:\/\/www.autojm.fr\/blog\/marche-des-voitures-neuves-en-france-en-2025-une-annee-de-transition-entre-crise-et-mutation\/"]}]},{"@type":"ImageObject","inLanguage":"fr-FR","@id":"https:\/\/www.autojm.fr\/blog\/marche-des-voitures-neuves-en-france-en-2025-une-annee-de-transition-entre-crise-et-mutation\/#primaryimage","url":"https:\/\/www.autojm.fr\/blog\/wp-content\/uploads\/2026\/01\/image-top-1000x500-42.png","contentUrl":"https:\/\/www.autojm.fr\/blog\/wp-content\/uploads\/2026\/01\/image-top-1000x500-42.png","width":1000,"height":500,"caption":"vente voitures neuves 2025"},{"@type":"BreadcrumbList","@id":"https:\/\/www.autojm.fr\/blog\/marche-des-voitures-neuves-en-france-en-2025-une-annee-de-transition-entre-crise-et-mutation\/#breadcrumb","itemListElement":[{"@type":"ListItem","position":1,"name":"Accueil","item":"https:\/\/www.autojm.fr\/blog\/"},{"@type":"ListItem","position":2,"name":"Actualit\u00e9 Automobile","item":"https:\/\/www.autojm.fr\/blog\/actualite-automobile\/"},{"@type":"ListItem","position":3,"name":"March\u00e9 des voitures neuves en France en 2025 : une ann\u00e9e de transition entre crise et mutation"}]},{"@type":"WebSite","@id":"https:\/\/www.autojm.fr\/blog\/#website","url":"https:\/\/www.autojm.fr\/blog\/","name":"AutoJM Mag","description":"Toute l&#039;actu auto en 1 clic !","publisher":{"@id":"https:\/\/www.autojm.fr\/blog\/#organization"},"potentialAction":[{"@type":"SearchAction","target":{"@type":"EntryPoint","urlTemplate":"https:\/\/www.autojm.fr\/blog\/?s={search_term_string}"},"query-input":{"@type":"PropertyValueSpecification","valueRequired":true,"valueName":"search_term_string"}}],"inLanguage":"fr-FR"},{"@type":"Organization","@id":"https:\/\/www.autojm.fr\/blog\/#organization","name":"AutoJM Mag","url":"https:\/\/www.autojm.fr\/blog\/","logo":{"@type":"ImageObject","inLanguage":"fr-FR","@id":"https:\/\/www.autojm.fr\/blog\/#\/schema\/logo\/image\/","url":"https:\/\/www.autojm.fr\/blog\/wp-content\/uploads\/2022\/12\/cropped-AutoJMag-png.png","contentUrl":"https:\/\/www.autojm.fr\/blog\/wp-content\/uploads\/2022\/12\/cropped-AutoJMag-png.png","width":2834,"height":585,"caption":"AutoJM Mag"},"image":{"@id":"https:\/\/www.autojm.fr\/blog\/#\/schema\/logo\/image\/"},"sameAs":["https:\/\/www.facebook.com\/AutoJM25"]},{"@type":"Person","@id":"https:\/\/www.autojm.fr\/blog\/#\/schema\/person\/e640a62bb6e669182918fd7871fe1ec5","name":"Aur\u00e9lia AutoJM","image":{"@type":"ImageObject","inLanguage":"fr-FR","@id":"https:\/\/secure.gravatar.com\/avatar\/17404fe7ba867704dc53905b3aeb1f66282e3a23def617ff4d39a7130702f24b?s=96&d=mm&r=g","url":"https:\/\/secure.gravatar.com\/avatar\/17404fe7ba867704dc53905b3aeb1f66282e3a23def617ff4d39a7130702f24b?s=96&d=mm&r=g","contentUrl":"https:\/\/secure.gravatar.com\/avatar\/17404fe7ba867704dc53905b3aeb1f66282e3a23def617ff4d39a7130702f24b?s=96&d=mm&r=g","caption":"Aur\u00e9lia AutoJM"},"url":"https:\/\/www.autojm.fr\/blog\/author\/autojm\/"}]}},"_links":{"self":[{"href":"https:\/\/www.autojm.fr\/blog\/wp-json\/wp\/v2\/posts\/54092","targetHints":{"allow":["GET"]}}],"collection":[{"href":"https:\/\/www.autojm.fr\/blog\/wp-json\/wp\/v2\/posts"}],"about":[{"href":"https:\/\/www.autojm.fr\/blog\/wp-json\/wp\/v2\/types\/post"}],"author":[{"embeddable":true,"href":"https:\/\/www.autojm.fr\/blog\/wp-json\/wp\/v2\/users\/2"}],"replies":[{"embeddable":true,"href":"https:\/\/www.autojm.fr\/blog\/wp-json\/wp\/v2\/comments?post=54092"}],"version-history":[{"count":4,"href":"https:\/\/www.autojm.fr\/blog\/wp-json\/wp\/v2\/posts\/54092\/revisions"}],"predecessor-version":[{"id":54102,"href":"https:\/\/www.autojm.fr\/blog\/wp-json\/wp\/v2\/posts\/54092\/revisions\/54102"}],"wp:featuredmedia":[{"embeddable":true,"href":"https:\/\/www.autojm.fr\/blog\/wp-json\/wp\/v2\/media\/54100"}],"wp:attachment":[{"href":"https:\/\/www.autojm.fr\/blog\/wp-json\/wp\/v2\/media?parent=54092"}],"wp:term":[{"taxonomy":"category","embeddable":true,"href":"https:\/\/www.autojm.fr\/blog\/wp-json\/wp\/v2\/categories?post=54092"},{"taxonomy":"post_tag","embeddable":true,"href":"https:\/\/www.autojm.fr\/blog\/wp-json\/wp\/v2\/tags?post=54092"}],"curies":[{"name":"wp","href":"https:\/\/api.w.org\/{rel}","templated":true}]}}