{"id":3978,"date":"2022-10-17T00:00:00","date_gmt":"2022-10-17T00:00:00","guid":{"rendered":"https:\/\/www.autojm.fr\/blog\/bonus-ecologique-en-hausse-pour-les-vehicules-electriques\/"},"modified":"2023-11-30T08:56:53","modified_gmt":"2023-11-30T08:56:53","slug":"bonus-ecologique-en-hausse-pour-les-vehicules-electriques","status":"publish","type":"post","link":"https:\/\/www.autojm.fr\/blog\/bonus-ecologique-en-hausse-pour-les-vehicules-electriques\/","title":{"rendered":"Bonus \u00e9cologique en hausse pour les v\u00e9hicules \u00e9lectriques"},"content":{"rendered":"<p><span style=\"font-family: Ubuntu, sans-serif; font-size: 1.5em; text-align: justify;\">La moiti\u00e9 des m\u00e9nages fran\u00e7ais concern\u00e9e par cette augmentation<\/span><\/p>\n<p style=\"text-align: justify;\">Pr\u00e9sent ce lundi lors de l&rsquo;ouverture du Mondial de l&rsquo;Auto sur le site du Parc des Expositions de la Porte de Versailles, le Pr\u00e9sident de la R\u00e9publique Emmanuel Macron a annonc\u00e9 que le bonus \u00e9cologique va \u00eatre port\u00e9 de 6 000 \u00e0 7 000 \u20ac pour l&rsquo;achat d&rsquo;une voiture \u00e9lectrique. Alors que plusieurs gouvernements ont d\u00e9j\u00e0 revu le montant de leurs aides \u00e0 la baisse, cette mesure vise \u00e0 booster les ventes de voitures \u00e9lectriques en France. L&rsquo;augmentation du bonus \u00e9cologique concerne la moiti\u00e9 des m\u00e9nages fran\u00e7ais -aux revenus les plus modestes- et ambitionne de favoriser l&rsquo;achat de v\u00e9hicules \u00e9lectriques dont le prix reste bien moins accessible que leurs \u00e9quivalents thermiques (essence ou diesel).<\/p>\n<p style=\"text-align: justify;\">D\u00e9sormais valable pour les v\u00e9hicules \u00e9lectriques ou hybrides vendus moins de 47 000 \u20ac (les montants d&rsquo;achat des v\u00e9hicules passent de 45 000 \u00e0 47 000 \u20ac), le bonus \u00e9cologique s&rsquo;applique notamment aux voitures compactes ou aux SUV comme la <strong><a href=\"https:\/\/www.autojm.fr\/voiture-neuve-peugeot-nouveau-suv-2008-active-pack-2021-electrique-136ch-100-kw\">Peugeot e-2008<\/a><\/strong> ou la Renault M\u00e9gane. Cette strat\u00e9gie s&rsquo;inscrit dans un contexte de pr\u00e9f\u00e9rence europ\u00e9enne pour le gouvernement qui entend jouer la carte du protectionnisme afin de dynamiser le secteur face \u00e0 la concurrence am\u00e9ricaine et chinoise notamment. La pr\u00e9sence cette ann\u00e9e au Mondial de l&rsquo;Auto de nombreuses entreprises asiatiques (\u00e0 savoir les constructeurs BYD ou Ora) illustre cette tendance dans la mesure o\u00f9 80% des v\u00e9hicules \u00e9lectriques sont actuellement achet\u00e9s \u00e0 l&rsquo;\u00e9tranger.<\/p>\n<p style=\"text-align: justify;\">Maintenu \u00e0 deux reprises alors qu&rsquo;il devait chuter de 1 000 \u20ac au 1er janvier puis au 1er juillet 2022, le montant du bonus \u00e9cologique passe donc de 6 000 \u00e0 7 000 \u20ac avec une nouvelle \u00e9ch\u00e9ance report\u00e9e au 31 d\u00e9cembre 2022. Pour inciter les acheteurs \u00e0 se tourner vers les voitures neuves \u00e9mettant peu ou pas de CO2, le minist\u00e8re de l&rsquo;\u00e9conomie a \u00e9galement pr\u00e9cis\u00e9 que la p\u00e9riode de facturation sera allong\u00e9e jusqu&rsquo;au 30 juin 2023 pour les v\u00e9hicules command\u00e9s avant le 31 d\u00e9cembre 2022.<\/p>\n<p style=\"text-align: justify;\">Avec 700 000 bonus \u00e9cologiques attribu\u00e9s \u00e0 ce jour, le gouvernement entend clairement acc\u00e9l\u00e9rer sa transition \u00e9cologique avec ce plan de soutien au march\u00e9 des voitures \u00e9lectriques qui repr\u00e9sente aujourd&rsquo;hui 13% des ventes (contre seulement 1% en 2017). Par la m\u00eame occasion, le chef de l&rsquo;\u00e9tat souhaite rendre l&rsquo;achat d&rsquo;une voiture \u00e9lectrique accessible \u00e0 tous avec l&rsquo;objectif de faire en sorte que l&rsquo;int\u00e9gralit\u00e9 du parc automobile fran\u00e7ais soit \u00e9lectrifi\u00e9e \u00e0 partir de 2035.<\/p>\n<p style=\"text-align: justify;\">\n<h2 style=\"text-align: justify;\">Le bouclier tarifaire \u00e9largi aux bornes de recharge<\/h2>\n<p style=\"text-align: justify;\">Parall\u00e8lement \u00e0 l&rsquo;augmentation du bonus \u00e9cologique, Emmanuel Macon a \u00e9galement affirm\u00e9 que le bouclier tarifaire sur les prix de l&rsquo;\u00e9nergie sera \u00e9tendu aux bornes de recharge \u00e9lectriques. Avec 1.1 million de bornes install\u00e9es en France \u2013dont 70 000 bornes publiques-, le gouvernement prend en compte la hausse du prix de l&rsquo;\u00e9lectricit\u00e9 en prolongeant sa limitation jusqu&rsquo;en 2023 par le biais du bouclier tarifaire (tarifs de l&rsquo;\u00e9nergie limit\u00e9s \u00e0 15% contre 4% en 2022).<\/p>\n<p style=\"text-align: justify;\">Le d\u00e9veloppement de la voiture \u00e9lectrique en France devrait se mat\u00e9rialiser par l&rsquo;\u00e9largissement du r\u00e9seau de bornes de recharges avec des objectifs fix\u00e9s \u00e0 100 000 au terme des six premiers mois de 2023 (augmentation progressive de bornes install\u00e9es tous les ans avec un objectif de 400 000 en 2030).<\/p>\n<p style=\"text-align: justify;\">L&rsquo;Agence de l&rsquo;Environnement et de la Ma\u00eetrise de l&rsquo;\u00e9nergie (ADEME) r\u00e9v\u00e8le par ailleurs que 90% des automobilistes en possession d&rsquo;une voiture \u00e9lectrique font leurs recharges en maison individuelle contre 54% en habitat collectif (type de logement comprenant des services afin de partager les bornes).<\/p>\n<p style=\"text-align: justify;\">La hausse du bonus \u00e9cologique et l&rsquo;\u00e9largissement du bouclier tarifaire aux bornes de recharge publiques pourraient \u00e9galement s&rsquo;accompagner d&rsquo;une augmentation du nombre de bornes dans les copropri\u00e9t\u00e9s afin de d\u00e9mocratiser la mobilit\u00e9 \u00e9lectrique \u00e0 un moindre co\u00fbt pour les usagers. Recharger une voiture \u00e9lectrique co\u00fbte en effet 10 \u20ac en moyenne \u00e0 domicile contre 40 \u20ac avec une borne de recharge rapide.<\/p>\n<p style=\"text-align: justify;\">Le dispositif de <strong><a href=\"https:\/\/www.autojm.fr\/location-avec-option-achat\">location de voitures<\/a><\/strong> \u00e9lectriques \u00e0 100 \u20ac par mois -dont devraient b\u00e9n\u00e9ficier les foyers les plus modestes- sera quant \u00e0 lui lanc\u00e9 au deuxi\u00e8me semestre 2023, tandis que 150 millions \u20ac du \u201cFonds Vert\u201d pour les collectivit\u00e9s seront redirig\u00e9s vers les Zones \u00e0 Faibles \u00e9missions (ZFE) dans le cadre d&rsquo;une aide \u00e0 l&rsquo;accompagnement des nouvelles interdictions de circulation pour les v\u00e9hicules les plus anciens.<\/p>\n<p style=\"text-align: justify;\">\n<p style=\"text-align: justify;\"><span style=\"text-align: justify;\">Cr\u00e9dit photo : challenges.fr.<\/span><\/p>\n<p style=\"margin-top: 1.75em; margin-bottom: 1.75em; font-size: 0.813em; line-height: 1.5em; color: #666666; font-family: Arial, Helvetica, sans-serif; text-align: justify;\">\n<p style=\"margin-top: 1.75em; margin-bottom: 1.75em; font-size: 0.813em; line-height: 1.5em; color: #666666; font-family: Arial, Helvetica, sans-serif; text-align: justify;\">\n","protected":false},"excerpt":{"rendered":"<p>Pr\u00e9sent ce lundi lors de l&rsquo;ouverture du Mondial de l&rsquo;Auto sur le site du Parc des Expositions de la Porte de Versailles, le Pr\u00e9sident de la R\u00e9publique Emmanuel Macron a annonc\u00e9 que le bonus \u00e9cologique va \u00eatre port\u00e9 de 6 000 \u00e0 7 000 \u20ac pour l&rsquo;achat d&rsquo;une voiture \u00e9lectrique.<\/p>\n","protected":false},"author":1,"featured_media":6033,"comment_status":"open","ping_status":"open","sticky":false,"template":"","format":"standard","meta":{"_acf_changed":false,"content-type":"","footnotes":""},"categories":[5],"tags":[90,85,73,78],"class_list":["post-3978","post","type-post","status-publish","format-standard","has-post-thumbnail","hentry","category-actualite-automobile","tag-autojm","tag-citroen-2","tag-peugeot","tag-renault"],"acf":[],"yoast_head":"<!-- This site is optimized with the Yoast SEO plugin v27.5 - https:\/\/yoast.com\/product\/yoast-seo-wordpress\/ -->\n<title>Bonus \u00e9cologique en hausse pour les v\u00e9hicules \u00e9lectriques -<\/title>\n<meta name=\"description\" content=\"Emmanuel Macron a annonc\u00e9 que le bonus \u00e9cologique va \u00eatre port\u00e9 de 6 000 \u00e0 7 000 \u20ac pour l&#039;achat d&#039;une voiture \u00e9lectrique.\" \/>\n<meta name=\"robots\" content=\"index, follow, max-snippet:-1, max-image-preview:large, max-video-preview:-1\" \/>\n<link rel=\"canonical\" href=\"https:\/\/www.autojm.fr\/blog\/bonus-ecologique-en-hausse-pour-les-vehicules-electriques\/\" \/>\n<meta property=\"og:locale\" content=\"fr_FR\" \/>\n<meta property=\"og:type\" content=\"article\" \/>\n<meta property=\"og:title\" content=\"Bonus \u00e9cologique en hausse pour les v\u00e9hicules \u00e9lectriques -\" \/>\n<meta property=\"og:description\" content=\"Emmanuel Macron a annonc\u00e9 que le bonus \u00e9cologique va \u00eatre port\u00e9 de 6 000 \u00e0 7 000 \u20ac pour l&#039;achat d&#039;une voiture \u00e9lectrique.\" \/>\n<meta property=\"og:url\" content=\"https:\/\/www.autojm.fr\/blog\/bonus-ecologique-en-hausse-pour-les-vehicules-electriques\/\" \/>\n<meta property=\"og:site_name\" content=\"AutoJM Mag\" \/>\n<meta property=\"article:publisher\" content=\"https:\/\/www.facebook.com\/AutoJM25\" \/>\n<meta property=\"article:published_time\" content=\"2022-10-17T00:00:00+00:00\" \/>\n<meta property=\"article:modified_time\" content=\"2023-11-30T08:56:53+00:00\" \/>\n<meta property=\"og:image\" content=\"https:\/\/www.autojm.fr\/blog\/wp-content\/uploads\/2022\/10\/711.jpg\" \/>\n\t<meta property=\"og:image:width\" content=\"1000\" \/>\n\t<meta property=\"og:image:height\" content=\"500\" \/>\n\t<meta property=\"og:image:type\" content=\"image\/jpeg\" \/>\n<meta name=\"author\" content=\"Autojm\" \/>\n<meta name=\"twitter:card\" content=\"summary_large_image\" \/>\n<meta name=\"twitter:label1\" content=\"\u00c9crit par\" \/>\n\t<meta name=\"twitter:data1\" content=\"Autojm\" \/>\n\t<meta name=\"twitter:label2\" content=\"Dur\u00e9e de lecture estim\u00e9e\" \/>\n\t<meta name=\"twitter:data2\" content=\"4 minutes\" \/>\n<script type=\"application\/ld+json\" class=\"yoast-schema-graph\">{\"@context\":\"https:\\\/\\\/schema.org\",\"@graph\":[{\"@type\":\"Article\",\"@id\":\"https:\\\/\\\/www.autojm.fr\\\/blog\\\/bonus-ecologique-en-hausse-pour-les-vehicules-electriques\\\/#article\",\"isPartOf\":{\"@id\":\"https:\\\/\\\/www.autojm.fr\\\/blog\\\/bonus-ecologique-en-hausse-pour-les-vehicules-electriques\\\/\"},\"author\":{\"name\":\"Autojm\",\"@id\":\"https:\\\/\\\/www.autojm.fr\\\/blog\\\/#\\\/schema\\\/person\\\/9742bc77541853e0de81fc57f947e1a0\"},\"headline\":\"Bonus \u00e9cologique en hausse pour les v\u00e9hicules \u00e9lectriques\",\"datePublished\":\"2022-10-17T00:00:00+00:00\",\"dateModified\":\"2023-11-30T08:56:53+00:00\",\"mainEntityOfPage\":{\"@id\":\"https:\\\/\\\/www.autojm.fr\\\/blog\\\/bonus-ecologique-en-hausse-pour-les-vehicules-electriques\\\/\"},\"wordCount\":705,\"commentCount\":0,\"publisher\":{\"@id\":\"https:\\\/\\\/www.autojm.fr\\\/blog\\\/#organization\"},\"image\":{\"@id\":\"https:\\\/\\\/www.autojm.fr\\\/blog\\\/bonus-ecologique-en-hausse-pour-les-vehicules-electriques\\\/#primaryimage\"},\"thumbnailUrl\":\"https:\\\/\\\/www.autojm.fr\\\/blog\\\/wp-content\\\/uploads\\\/2022\\\/10\\\/711.jpg\",\"keywords\":[\"autojm\",\"Citro\u00ebn\",\"peugeot\",\"renault\"],\"articleSection\":[\"Actualit\u00e9 Automobile\"],\"inLanguage\":\"fr-FR\",\"potentialAction\":[{\"@type\":\"CommentAction\",\"name\":\"Comment\",\"target\":[\"https:\\\/\\\/www.autojm.fr\\\/blog\\\/bonus-ecologique-en-hausse-pour-les-vehicules-electriques\\\/#respond\"]}]},{\"@type\":\"WebPage\",\"@id\":\"https:\\\/\\\/www.autojm.fr\\\/blog\\\/bonus-ecologique-en-hausse-pour-les-vehicules-electriques\\\/\",\"url\":\"https:\\\/\\\/www.autojm.fr\\\/blog\\\/bonus-ecologique-en-hausse-pour-les-vehicules-electriques\\\/\",\"name\":\"Bonus \u00e9cologique en hausse pour les v\u00e9hicules \u00e9lectriques -\",\"isPartOf\":{\"@id\":\"https:\\\/\\\/www.autojm.fr\\\/blog\\\/#website\"},\"primaryImageOfPage\":{\"@id\":\"https:\\\/\\\/www.autojm.fr\\\/blog\\\/bonus-ecologique-en-hausse-pour-les-vehicules-electriques\\\/#primaryimage\"},\"image\":{\"@id\":\"https:\\\/\\\/www.autojm.fr\\\/blog\\\/bonus-ecologique-en-hausse-pour-les-vehicules-electriques\\\/#primaryimage\"},\"thumbnailUrl\":\"https:\\\/\\\/www.autojm.fr\\\/blog\\\/wp-content\\\/uploads\\\/2022\\\/10\\\/711.jpg\",\"datePublished\":\"2022-10-17T00:00:00+00:00\",\"dateModified\":\"2023-11-30T08:56:53+00:00\",\"description\":\"Emmanuel Macron a annonc\u00e9 que le bonus \u00e9cologique va \u00eatre port\u00e9 de 6 000 \u00e0 7 000 \u20ac pour l'achat d'une voiture \u00e9lectrique.\",\"breadcrumb\":{\"@id\":\"https:\\\/\\\/www.autojm.fr\\\/blog\\\/bonus-ecologique-en-hausse-pour-les-vehicules-electriques\\\/#breadcrumb\"},\"inLanguage\":\"fr-FR\",\"potentialAction\":[{\"@type\":\"ReadAction\",\"target\":[\"https:\\\/\\\/www.autojm.fr\\\/blog\\\/bonus-ecologique-en-hausse-pour-les-vehicules-electriques\\\/\"]}]},{\"@type\":\"ImageObject\",\"inLanguage\":\"fr-FR\",\"@id\":\"https:\\\/\\\/www.autojm.fr\\\/blog\\\/bonus-ecologique-en-hausse-pour-les-vehicules-electriques\\\/#primaryimage\",\"url\":\"https:\\\/\\\/www.autojm.fr\\\/blog\\\/wp-content\\\/uploads\\\/2022\\\/10\\\/711.jpg\",\"contentUrl\":\"https:\\\/\\\/www.autojm.fr\\\/blog\\\/wp-content\\\/uploads\\\/2022\\\/10\\\/711.jpg\",\"width\":1000,\"height\":500,\"caption\":\"Bonus \u00e9cologique\"},{\"@type\":\"BreadcrumbList\",\"@id\":\"https:\\\/\\\/www.autojm.fr\\\/blog\\\/bonus-ecologique-en-hausse-pour-les-vehicules-electriques\\\/#breadcrumb\",\"itemListElement\":[{\"@type\":\"ListItem\",\"position\":1,\"name\":\"Accueil\",\"item\":\"https:\\\/\\\/www.autojm.fr\\\/blog\\\/\"},{\"@type\":\"ListItem\",\"position\":2,\"name\":\"Actualit\u00e9 Automobile\",\"item\":\"https:\\\/\\\/www.autojm.fr\\\/blog\\\/actualite-automobile\\\/\"},{\"@type\":\"ListItem\",\"position\":3,\"name\":\"Bonus \u00e9cologique en hausse pour les v\u00e9hicules \u00e9lectriques\"}]},{\"@type\":\"WebSite\",\"@id\":\"https:\\\/\\\/www.autojm.fr\\\/blog\\\/#website\",\"url\":\"https:\\\/\\\/www.autojm.fr\\\/blog\\\/\",\"name\":\"AutoJM Mag\",\"description\":\"Toute l&#039;actu auto en 1 clic !\",\"publisher\":{\"@id\":\"https:\\\/\\\/www.autojm.fr\\\/blog\\\/#organization\"},\"potentialAction\":[{\"@type\":\"SearchAction\",\"target\":{\"@type\":\"EntryPoint\",\"urlTemplate\":\"https:\\\/\\\/www.autojm.fr\\\/blog\\\/?s={search_term_string}\"},\"query-input\":{\"@type\":\"PropertyValueSpecification\",\"valueRequired\":true,\"valueName\":\"search_term_string\"}}],\"inLanguage\":\"fr-FR\"},{\"@type\":\"Organization\",\"@id\":\"https:\\\/\\\/www.autojm.fr\\\/blog\\\/#organization\",\"name\":\"AutoJM Mag\",\"url\":\"https:\\\/\\\/www.autojm.fr\\\/blog\\\/\",\"logo\":{\"@type\":\"ImageObject\",\"inLanguage\":\"fr-FR\",\"@id\":\"https:\\\/\\\/www.autojm.fr\\\/blog\\\/#\\\/schema\\\/logo\\\/image\\\/\",\"url\":\"https:\\\/\\\/www.autojm.fr\\\/blog\\\/wp-content\\\/uploads\\\/2022\\\/12\\\/cropped-AutoJMag-png.png\",\"contentUrl\":\"https:\\\/\\\/www.autojm.fr\\\/blog\\\/wp-content\\\/uploads\\\/2022\\\/12\\\/cropped-AutoJMag-png.png\",\"width\":2834,\"height\":585,\"caption\":\"AutoJM Mag\"},\"image\":{\"@id\":\"https:\\\/\\\/www.autojm.fr\\\/blog\\\/#\\\/schema\\\/logo\\\/image\\\/\"},\"sameAs\":[\"https:\\\/\\\/www.facebook.com\\\/AutoJM25\"]},{\"@type\":\"Person\",\"@id\":\"https:\\\/\\\/www.autojm.fr\\\/blog\\\/#\\\/schema\\\/person\\\/9742bc77541853e0de81fc57f947e1a0\",\"name\":\"Autojm\",\"image\":{\"@type\":\"ImageObject\",\"inLanguage\":\"fr-FR\",\"@id\":\"https:\\\/\\\/secure.gravatar.com\\\/avatar\\\/9a959d52b758fcc232fe4b6aca7bab139182573297122cce7d6f2ee0e537b418?s=96&d=mm&r=g\",\"url\":\"https:\\\/\\\/secure.gravatar.com\\\/avatar\\\/9a959d52b758fcc232fe4b6aca7bab139182573297122cce7d6f2ee0e537b418?s=96&d=mm&r=g\",\"contentUrl\":\"https:\\\/\\\/secure.gravatar.com\\\/avatar\\\/9a959d52b758fcc232fe4b6aca7bab139182573297122cce7d6f2ee0e537b418?s=96&d=mm&r=g\",\"caption\":\"Autojm\"},\"sameAs\":[\"https:\\\/\\\/www.autojm.fr\\\/blog\"],\"url\":\"https:\\\/\\\/www.autojm.fr\\\/blog\\\/author\\\/bichoi\\\/\"}]}<\/script>\n<!-- \/ Yoast SEO plugin. -->","yoast_head_json":{"title":"Bonus \u00e9cologique en hausse pour les v\u00e9hicules \u00e9lectriques -","description":"Emmanuel Macron a annonc\u00e9 que le bonus \u00e9cologique va \u00eatre port\u00e9 de 6 000 \u00e0 7 000 \u20ac pour l'achat d'une voiture \u00e9lectrique.","robots":{"index":"index","follow":"follow","max-snippet":"max-snippet:-1","max-image-preview":"max-image-preview:large","max-video-preview":"max-video-preview:-1"},"canonical":"https:\/\/www.autojm.fr\/blog\/bonus-ecologique-en-hausse-pour-les-vehicules-electriques\/","og_locale":"fr_FR","og_type":"article","og_title":"Bonus \u00e9cologique en hausse pour les v\u00e9hicules \u00e9lectriques -","og_description":"Emmanuel Macron a annonc\u00e9 que le bonus \u00e9cologique va \u00eatre port\u00e9 de 6 000 \u00e0 7 000 \u20ac pour l'achat d'une voiture \u00e9lectrique.","og_url":"https:\/\/www.autojm.fr\/blog\/bonus-ecologique-en-hausse-pour-les-vehicules-electriques\/","og_site_name":"AutoJM Mag","article_publisher":"https:\/\/www.facebook.com\/AutoJM25","article_published_time":"2022-10-17T00:00:00+00:00","article_modified_time":"2023-11-30T08:56:53+00:00","og_image":[{"width":1000,"height":500,"url":"https:\/\/www.autojm.fr\/blog\/wp-content\/uploads\/2022\/10\/711.jpg","type":"image\/jpeg"}],"author":"Autojm","twitter_card":"summary_large_image","twitter_misc":{"\u00c9crit par":"Autojm","Dur\u00e9e de lecture estim\u00e9e":"4 minutes"},"schema":{"@context":"https:\/\/schema.org","@graph":[{"@type":"Article","@id":"https:\/\/www.autojm.fr\/blog\/bonus-ecologique-en-hausse-pour-les-vehicules-electriques\/#article","isPartOf":{"@id":"https:\/\/www.autojm.fr\/blog\/bonus-ecologique-en-hausse-pour-les-vehicules-electriques\/"},"author":{"name":"Autojm","@id":"https:\/\/www.autojm.fr\/blog\/#\/schema\/person\/9742bc77541853e0de81fc57f947e1a0"},"headline":"Bonus \u00e9cologique en hausse pour les v\u00e9hicules \u00e9lectriques","datePublished":"2022-10-17T00:00:00+00:00","dateModified":"2023-11-30T08:56:53+00:00","mainEntityOfPage":{"@id":"https:\/\/www.autojm.fr\/blog\/bonus-ecologique-en-hausse-pour-les-vehicules-electriques\/"},"wordCount":705,"commentCount":0,"publisher":{"@id":"https:\/\/www.autojm.fr\/blog\/#organization"},"image":{"@id":"https:\/\/www.autojm.fr\/blog\/bonus-ecologique-en-hausse-pour-les-vehicules-electriques\/#primaryimage"},"thumbnailUrl":"https:\/\/www.autojm.fr\/blog\/wp-content\/uploads\/2022\/10\/711.jpg","keywords":["autojm","Citro\u00ebn","peugeot","renault"],"articleSection":["Actualit\u00e9 Automobile"],"inLanguage":"fr-FR","potentialAction":[{"@type":"CommentAction","name":"Comment","target":["https:\/\/www.autojm.fr\/blog\/bonus-ecologique-en-hausse-pour-les-vehicules-electriques\/#respond"]}]},{"@type":"WebPage","@id":"https:\/\/www.autojm.fr\/blog\/bonus-ecologique-en-hausse-pour-les-vehicules-electriques\/","url":"https:\/\/www.autojm.fr\/blog\/bonus-ecologique-en-hausse-pour-les-vehicules-electriques\/","name":"Bonus \u00e9cologique en hausse pour les v\u00e9hicules \u00e9lectriques -","isPartOf":{"@id":"https:\/\/www.autojm.fr\/blog\/#website"},"primaryImageOfPage":{"@id":"https:\/\/www.autojm.fr\/blog\/bonus-ecologique-en-hausse-pour-les-vehicules-electriques\/#primaryimage"},"image":{"@id":"https:\/\/www.autojm.fr\/blog\/bonus-ecologique-en-hausse-pour-les-vehicules-electriques\/#primaryimage"},"thumbnailUrl":"https:\/\/www.autojm.fr\/blog\/wp-content\/uploads\/2022\/10\/711.jpg","datePublished":"2022-10-17T00:00:00+00:00","dateModified":"2023-11-30T08:56:53+00:00","description":"Emmanuel Macron a annonc\u00e9 que le bonus \u00e9cologique va \u00eatre port\u00e9 de 6 000 \u00e0 7 000 \u20ac pour l'achat d'une voiture \u00e9lectrique.","breadcrumb":{"@id":"https:\/\/www.autojm.fr\/blog\/bonus-ecologique-en-hausse-pour-les-vehicules-electriques\/#breadcrumb"},"inLanguage":"fr-FR","potentialAction":[{"@type":"ReadAction","target":["https:\/\/www.autojm.fr\/blog\/bonus-ecologique-en-hausse-pour-les-vehicules-electriques\/"]}]},{"@type":"ImageObject","inLanguage":"fr-FR","@id":"https:\/\/www.autojm.fr\/blog\/bonus-ecologique-en-hausse-pour-les-vehicules-electriques\/#primaryimage","url":"https:\/\/www.autojm.fr\/blog\/wp-content\/uploads\/2022\/10\/711.jpg","contentUrl":"https:\/\/www.autojm.fr\/blog\/wp-content\/uploads\/2022\/10\/711.jpg","width":1000,"height":500,"caption":"Bonus \u00e9cologique"},{"@type":"BreadcrumbList","@id":"https:\/\/www.autojm.fr\/blog\/bonus-ecologique-en-hausse-pour-les-vehicules-electriques\/#breadcrumb","itemListElement":[{"@type":"ListItem","position":1,"name":"Accueil","item":"https:\/\/www.autojm.fr\/blog\/"},{"@type":"ListItem","position":2,"name":"Actualit\u00e9 Automobile","item":"https:\/\/www.autojm.fr\/blog\/actualite-automobile\/"},{"@type":"ListItem","position":3,"name":"Bonus \u00e9cologique en hausse pour les v\u00e9hicules \u00e9lectriques"}]},{"@type":"WebSite","@id":"https:\/\/www.autojm.fr\/blog\/#website","url":"https:\/\/www.autojm.fr\/blog\/","name":"AutoJM Mag","description":"Toute l&#039;actu auto en 1 clic !","publisher":{"@id":"https:\/\/www.autojm.fr\/blog\/#organization"},"potentialAction":[{"@type":"SearchAction","target":{"@type":"EntryPoint","urlTemplate":"https:\/\/www.autojm.fr\/blog\/?s={search_term_string}"},"query-input":{"@type":"PropertyValueSpecification","valueRequired":true,"valueName":"search_term_string"}}],"inLanguage":"fr-FR"},{"@type":"Organization","@id":"https:\/\/www.autojm.fr\/blog\/#organization","name":"AutoJM Mag","url":"https:\/\/www.autojm.fr\/blog\/","logo":{"@type":"ImageObject","inLanguage":"fr-FR","@id":"https:\/\/www.autojm.fr\/blog\/#\/schema\/logo\/image\/","url":"https:\/\/www.autojm.fr\/blog\/wp-content\/uploads\/2022\/12\/cropped-AutoJMag-png.png","contentUrl":"https:\/\/www.autojm.fr\/blog\/wp-content\/uploads\/2022\/12\/cropped-AutoJMag-png.png","width":2834,"height":585,"caption":"AutoJM Mag"},"image":{"@id":"https:\/\/www.autojm.fr\/blog\/#\/schema\/logo\/image\/"},"sameAs":["https:\/\/www.facebook.com\/AutoJM25"]},{"@type":"Person","@id":"https:\/\/www.autojm.fr\/blog\/#\/schema\/person\/9742bc77541853e0de81fc57f947e1a0","name":"Autojm","image":{"@type":"ImageObject","inLanguage":"fr-FR","@id":"https:\/\/secure.gravatar.com\/avatar\/9a959d52b758fcc232fe4b6aca7bab139182573297122cce7d6f2ee0e537b418?s=96&d=mm&r=g","url":"https:\/\/secure.gravatar.com\/avatar\/9a959d52b758fcc232fe4b6aca7bab139182573297122cce7d6f2ee0e537b418?s=96&d=mm&r=g","contentUrl":"https:\/\/secure.gravatar.com\/avatar\/9a959d52b758fcc232fe4b6aca7bab139182573297122cce7d6f2ee0e537b418?s=96&d=mm&r=g","caption":"Autojm"},"sameAs":["https:\/\/www.autojm.fr\/blog"],"url":"https:\/\/www.autojm.fr\/blog\/author\/bichoi\/"}]}},"_links":{"self":[{"href":"https:\/\/www.autojm.fr\/blog\/wp-json\/wp\/v2\/posts\/3978","targetHints":{"allow":["GET"]}}],"collection":[{"href":"https:\/\/www.autojm.fr\/blog\/wp-json\/wp\/v2\/posts"}],"about":[{"href":"https:\/\/www.autojm.fr\/blog\/wp-json\/wp\/v2\/types\/post"}],"author":[{"embeddable":true,"href":"https:\/\/www.autojm.fr\/blog\/wp-json\/wp\/v2\/users\/1"}],"replies":[{"embeddable":true,"href":"https:\/\/www.autojm.fr\/blog\/wp-json\/wp\/v2\/comments?post=3978"}],"version-history":[{"count":6,"href":"https:\/\/www.autojm.fr\/blog\/wp-json\/wp\/v2\/posts\/3978\/revisions"}],"predecessor-version":[{"id":6902,"href":"https:\/\/www.autojm.fr\/blog\/wp-json\/wp\/v2\/posts\/3978\/revisions\/6902"}],"wp:featuredmedia":[{"embeddable":true,"href":"https:\/\/www.autojm.fr\/blog\/wp-json\/wp\/v2\/media\/6033"}],"wp:attachment":[{"href":"https:\/\/www.autojm.fr\/blog\/wp-json\/wp\/v2\/media?parent=3978"}],"wp:term":[{"taxonomy":"category","embeddable":true,"href":"https:\/\/www.autojm.fr\/blog\/wp-json\/wp\/v2\/categories?post=3978"},{"taxonomy":"post_tag","embeddable":true,"href":"https:\/\/www.autojm.fr\/blog\/wp-json\/wp\/v2\/tags?post=3978"}],"curies":[{"name":"wp","href":"https:\/\/api.w.org\/{rel}","templated":true}]}}