{"id":3975,"date":"2022-10-10T00:00:00","date_gmt":"2022-10-10T00:00:00","guid":{"rendered":"https:\/\/www.autojm.fr\/blog\/nouvelle-408-la-star-du-mondial-de-lauto\/"},"modified":"2023-02-08T07:34:45","modified_gmt":"2023-02-08T07:34:45","slug":"nouvelle-408-la-star-du-mondial-de-lauto","status":"publish","type":"post","link":"https:\/\/www.autojm.fr\/blog\/nouvelle-408-la-star-du-mondial-de-lauto\/","title":{"rendered":"Nouvelle 408 : la star du Mondial de l\u2019Auto"},"content":{"rendered":"<h2 style=\"text-align: justify;\">La berline sign\u00e9e Peugeot reine du Salon<\/h2>\n<p style=\"text-align: justify;\">Avec son look hybride \u00e0 mi-chemin entre un imposant SUV, un \u00e9l\u00e9gant coup\u00e9 et une polyvalente berline, la <a href=\"https:\/\/www.autojm.fr\/achat-voitures-neuves-peugeot-408-5p\"><strong>nouvelle Peugeot 408<\/strong><\/a> sera officiellement d\u00e9voil\u00e9e le 17 octobre \u00e0 l&rsquo;occasion du lancement du Mondial de l&rsquo;Auto de Paris.<\/p>\n<p style=\"text-align: justify;\">Organis\u00e9 jusqu&rsquo;au 23 octobre au Parc des Expositions de la Porte de Versailles, le Salon verra donc le nouveau fleuron de la marque au Lion \u00eatre pr\u00e9sent\u00e9 au grand jour. La berline de derni\u00e8re g\u00e9n\u00e9ration tant attendue du constructeur fran\u00e7ais r\u00e9v\u00e8le un style baroudeur gr\u00e2ce \u00e0 une silhouette d&rsquo;inspiration FastBack. D\u00e9j\u00e0 disponible sur la gamme Peugeot 308, le nouveau blason est fi\u00e8rement arbor\u00e9 sur cette berline aux allures de SUV dont les crocs lumineux r\u00e9v\u00e8lent une posture f\u00e9line.<\/p>\n<p style=\"text-align: justify;\">La nouvelle Peugeot 408 qui allie puissance et efficience offre un <strong>confort de conduite<\/strong> et un espace optimal pour ses passagers gr\u00e2ce \u00e0 aux si\u00e8ges AGR chauffants et massants qui assurent la d\u00e9tente lors de longs trajets. Le poste de conduite i-Cockpit \u00e9quip\u00e9 d&rsquo;un volant compact \u00e0 commandes int\u00e9gr\u00e9es, d&rsquo;un combin\u00e9 3D avec dalle num\u00e9rique et d&rsquo;un \u00e9cran tactile central pr\u00e9sente \u00e9galement une posture sur\u00e9lev\u00e9e pour une nouvelle approche de la route. Ce haut design sportif s&rsquo;accompagne d&rsquo;une connectivit\u00e9 \u00e0 toute \u00e9preuve gr\u00e2ce aux prises USB, au chargeur \u00e0 induction et \u00e0 la connexion Bluetooth. La voiture dispose par ailleurs des derni\u00e8res technologies de pointe en mati\u00e8re d&rsquo;aide \u00e0 la conduite comme le freinage automatique d&rsquo;urgence, la surveillance d&rsquo;angle mort longue port\u00e9e ou l&rsquo;aide au stationnement avec vision 360\u00b0.<\/p>\n<p style=\"text-align: justify;\">D\u00e9j\u00e0 disponible en option sur la Peugeot 308, la conduite semi-autonome avec le Pack Drive Assist 2.0 constitue une nouveaut\u00e9 pour le constructeur tricolore. Cette intelligence artificielle, capable d&rsquo;analyser en temps r\u00e9el la trajectoire souhait\u00e9e par le conducteur, permet une assistance au maintien dans la voie ainsi que la r\u00e9gulation de la vitesse ou le respect des distances de s\u00e9curit\u00e9.<\/p>\n<p style=\"text-align: justify;\">C\u00f4t\u00e9 motorisation, exit la version Diesel : la nouvelle Peugeot 408 sera uniquement fabriqu\u00e9e en versions Essence (PureTech 130 EAT8 S&amp;S avec palettes au volant) et Hybrides rechargeables. Les deux motorisations Plug-In Hybrid associent un moteur PureTech de 150 ch (110kW) ou un moteur PureTech de 180 ch (132 kW) avec un moteur \u00e9lectrique de 81 kW et une bo\u00eete automatique 8 rapports \u00e9lectrifi\u00e9e E-EAT8. Le temps de recharge compl\u00e8te peut quant \u00e0 lui varier entre 1h40 (borne Wall Box), 3h50 (prise renforc\u00e9e) et 7h05 (prise standard).<\/p>\n<p style=\"text-align: justify;\">\u00e0 noter qu&rsquo;une version Plug-In Hybrid First Edition de 225 ch fabriqu\u00e9e \u00e0 300 exemplaires est disponible pour une dur\u00e9e limit\u00e9e exclusivement en ligne sur Peugeot Store. \u00e9quip\u00e9e notamment du Pack Drive Assist Plus, du Peugeot i-Cockpit 3D avec combin\u00e9 d&rsquo;instrumentation num\u00e9rique personnalisable et de jantes alliage 20\u201d diamant\u00e9es Monolithe, cette version hybride rechargeable affiche une consommation mixte de 1.2L\/100 km pour un total d&rsquo;\u00e9missions de CO2 de 27 g\/km.<\/p>\n<p style=\"text-align: justify;\">\n<h2 style=\"text-align: justify;\">La concurrence des nouveaux DS7 et Renault Austral<\/h2>\n<p style=\"text-align: justify;\">Face \u00e0 la nouvelle Peugeot 408, DS et Renault entendent tirer leur \u00e9pingle du jeu en mettant en avant leurs nouveaux mod\u00e8les. La marque au Losange aura \u00e0 c\u0153ur de promouvoir ses v\u00e9hicules <a href=\"https:\/\/www.autojm.fr\/achat-voitures-neuves-renault-austral-5p\"><strong>Renault Austral<\/strong><\/a> \u00e9quip\u00e9s d&rsquo;un moteur turbo-essence in\u00e9dit de 3 cylindres 1.2 TCE associ\u00e9 \u00e0 une micro-hybridation de 48V. Le SUV qui poss\u00e8de \u00e9galement une motorisation E-Tech full hybrid de 200 ch capable de se recharger en roulant fait office de s\u00e9rieux concurrent pour la nouvelle Peugeot 408.<\/p>\n<p style=\"text-align: justify;\">Une concurrence renforc\u00e9e par la pr\u00e9sence au Mondial de l&rsquo;Auto du <a href=\"https:\/\/www.autojm.fr\/achat-voitures-neuves-ds-nouvelle-ds7-5p\"><strong>nouveau DS7<\/strong><\/a> au design restyl\u00e9. Le SUV de derni\u00e8re g\u00e9n\u00e9ration sign\u00e9 du constructeur fran\u00e7ais -DS appartient au groupe Stellantis- subit quelques modifications physiques. Le v\u00e9hicule -grand fr\u00e8re du DS7 Crossback- b\u00e9n\u00e9ficie d&rsquo;un int\u00e9rieur soign\u00e9, d&rsquo;une signature lumineuse compos\u00e9e de 33 LED et de technologies de pointe telles que la vision 360\u00b0 ou le DS Drive Assist.<\/p>\n<p style=\"text-align: justify;\">Autant d&rsquo;arguments pour le nouveau DS7 qui entend bien voler la vedette \u00e0 la nouvelle Peugeot 408 lors du Mondial de l&rsquo;Auto dont l&rsquo;actualit\u00e9 est marqu\u00e9e par l&rsquo;absence du groupe Volkswagen (qui comprend la marque \u00e9ponyme, mais aussi toutes les marques Audi, Seat, Cupra, Skoda, Bentley, Porsche et Lamborghini). Les voitures des marques Tesla, Mercedes-Benz, le groupe BMW (Mini et Rolls-Royce) et Citro\u00ebn devraient \u00e9galement briller par leur absence.<\/p>\n<p style=\"text-align: justify;\">\n<p style=\"text-align: justify;\">\n<p style=\"text-align: justify;\">\n<p style=\"margin-top: 1.75em; margin-bottom: 1.75em; font-size: 0.813em; line-height: 1.5em; color: #666666; font-family: Arial, Helvetica, sans-serif;\"><br style=\"font-size: 13.008px;\"><span style=\"font-variant-numeric: normal; font-variant-east-asian: normal; background-color: transparent; text-align: justify; color: #000000; font-family: Arial; font-size: 14.66px; vertical-align: baseline; white-space: pre-wrap;\"><\/span><\/p>\n","protected":false},"excerpt":{"rendered":"<p>Avec son look hybride \u00e0 mi-chemin entre un imposant SUV, un \u00e9l\u00e9gant coup\u00e9 et une polyvalente berline, la nouvelle Peugeot 408 sera officiellement d\u00e9voil\u00e9e le 17 octobre \u00e0 l&rsquo;occasion du lancement du Mondial de l&rsquo;Auto de Paris.<\/p>\n","protected":false},"author":1,"featured_media":6030,"comment_status":"open","ping_status":"open","sticky":false,"template":"","format":"standard","meta":{"_acf_changed":false,"content-type":"","footnotes":""},"categories":[235],"tags":[314,90,73],"class_list":["post-3975","post","type-post","status-publish","format-standard","has-post-thumbnail","hentry","category-nouveaute-peugeot","tag-314","tag-autojm","tag-peugeot"],"acf":[],"yoast_head":"<!-- This site is optimized with the Yoast SEO plugin v27.5 - https:\/\/yoast.com\/product\/yoast-seo-wordpress\/ -->\n<title>Nouvelle 408 : la star du Mondial de l\u2019Auto - AutoJM Mag<\/title>\n<meta name=\"description\" content=\"Avec son look hybride, la nouvelle Peugeot 408 sera d\u00e9voil\u00e9e le 17 octobre \u00e0 l&#039;occasion du lancement du Mondial de l&#039;Auto de Paris.\" \/>\n<meta name=\"robots\" content=\"index, follow, max-snippet:-1, max-image-preview:large, max-video-preview:-1\" \/>\n<link rel=\"canonical\" href=\"https:\/\/www.autojm.fr\/blog\/nouvelle-408-la-star-du-mondial-de-lauto\/\" \/>\n<meta property=\"og:locale\" content=\"fr_FR\" \/>\n<meta property=\"og:type\" content=\"article\" \/>\n<meta property=\"og:title\" content=\"Nouvelle 408 : la star du Mondial de l\u2019Auto - AutoJM Mag\" \/>\n<meta property=\"og:description\" content=\"Avec son look hybride, la nouvelle Peugeot 408 sera d\u00e9voil\u00e9e le 17 octobre \u00e0 l&#039;occasion du lancement du Mondial de l&#039;Auto de Paris.\" \/>\n<meta property=\"og:url\" content=\"https:\/\/www.autojm.fr\/blog\/nouvelle-408-la-star-du-mondial-de-lauto\/\" \/>\n<meta property=\"og:site_name\" content=\"AutoJM Mag\" \/>\n<meta property=\"article:publisher\" content=\"https:\/\/www.facebook.com\/AutoJM25\" \/>\n<meta property=\"article:published_time\" content=\"2022-10-10T00:00:00+00:00\" \/>\n<meta property=\"article:modified_time\" content=\"2023-02-08T07:34:45+00:00\" \/>\n<meta property=\"og:image\" content=\"https:\/\/www.autojm.fr\/blog\/wp-content\/uploads\/2022\/10\/708.jpg\" \/>\n\t<meta property=\"og:image:width\" content=\"1000\" \/>\n\t<meta property=\"og:image:height\" content=\"500\" \/>\n\t<meta property=\"og:image:type\" content=\"image\/jpeg\" \/>\n<meta name=\"author\" content=\"Autojm\" \/>\n<meta name=\"twitter:card\" content=\"summary_large_image\" \/>\n<meta name=\"twitter:label1\" content=\"\u00c9crit par\" \/>\n\t<meta name=\"twitter:data1\" content=\"Autojm\" \/>\n\t<meta name=\"twitter:label2\" content=\"Dur\u00e9e de lecture estim\u00e9e\" \/>\n\t<meta name=\"twitter:data2\" content=\"4 minutes\" \/>\n<script type=\"application\/ld+json\" class=\"yoast-schema-graph\">{\"@context\":\"https:\\\/\\\/schema.org\",\"@graph\":[{\"@type\":\"Article\",\"@id\":\"https:\\\/\\\/www.autojm.fr\\\/blog\\\/nouvelle-408-la-star-du-mondial-de-lauto\\\/#article\",\"isPartOf\":{\"@id\":\"https:\\\/\\\/www.autojm.fr\\\/blog\\\/nouvelle-408-la-star-du-mondial-de-lauto\\\/\"},\"author\":{\"name\":\"Autojm\",\"@id\":\"https:\\\/\\\/www.autojm.fr\\\/blog\\\/#\\\/schema\\\/person\\\/9742bc77541853e0de81fc57f947e1a0\"},\"headline\":\"Nouvelle 408 : la star du Mondial de l\u2019Auto\",\"datePublished\":\"2022-10-10T00:00:00+00:00\",\"dateModified\":\"2023-02-08T07:34:45+00:00\",\"mainEntityOfPage\":{\"@id\":\"https:\\\/\\\/www.autojm.fr\\\/blog\\\/nouvelle-408-la-star-du-mondial-de-lauto\\\/\"},\"wordCount\":728,\"commentCount\":0,\"publisher\":{\"@id\":\"https:\\\/\\\/www.autojm.fr\\\/blog\\\/#organization\"},\"image\":{\"@id\":\"https:\\\/\\\/www.autojm.fr\\\/blog\\\/nouvelle-408-la-star-du-mondial-de-lauto\\\/#primaryimage\"},\"thumbnailUrl\":\"https:\\\/\\\/www.autojm.fr\\\/blog\\\/wp-content\\\/uploads\\\/2022\\\/10\\\/708.jpg\",\"keywords\":[\"408\",\"autojm\",\"peugeot\"],\"articleSection\":[\"Nouveaut\u00e9 Peugeot\"],\"inLanguage\":\"fr-FR\",\"potentialAction\":[{\"@type\":\"CommentAction\",\"name\":\"Comment\",\"target\":[\"https:\\\/\\\/www.autojm.fr\\\/blog\\\/nouvelle-408-la-star-du-mondial-de-lauto\\\/#respond\"]}]},{\"@type\":\"WebPage\",\"@id\":\"https:\\\/\\\/www.autojm.fr\\\/blog\\\/nouvelle-408-la-star-du-mondial-de-lauto\\\/\",\"url\":\"https:\\\/\\\/www.autojm.fr\\\/blog\\\/nouvelle-408-la-star-du-mondial-de-lauto\\\/\",\"name\":\"Nouvelle 408 : la star du Mondial de l\u2019Auto - AutoJM Mag\",\"isPartOf\":{\"@id\":\"https:\\\/\\\/www.autojm.fr\\\/blog\\\/#website\"},\"primaryImageOfPage\":{\"@id\":\"https:\\\/\\\/www.autojm.fr\\\/blog\\\/nouvelle-408-la-star-du-mondial-de-lauto\\\/#primaryimage\"},\"image\":{\"@id\":\"https:\\\/\\\/www.autojm.fr\\\/blog\\\/nouvelle-408-la-star-du-mondial-de-lauto\\\/#primaryimage\"},\"thumbnailUrl\":\"https:\\\/\\\/www.autojm.fr\\\/blog\\\/wp-content\\\/uploads\\\/2022\\\/10\\\/708.jpg\",\"datePublished\":\"2022-10-10T00:00:00+00:00\",\"dateModified\":\"2023-02-08T07:34:45+00:00\",\"description\":\"Avec son look hybride, la nouvelle Peugeot 408 sera d\u00e9voil\u00e9e le 17 octobre \u00e0 l'occasion du lancement du Mondial de l'Auto de Paris.\",\"breadcrumb\":{\"@id\":\"https:\\\/\\\/www.autojm.fr\\\/blog\\\/nouvelle-408-la-star-du-mondial-de-lauto\\\/#breadcrumb\"},\"inLanguage\":\"fr-FR\",\"potentialAction\":[{\"@type\":\"ReadAction\",\"target\":[\"https:\\\/\\\/www.autojm.fr\\\/blog\\\/nouvelle-408-la-star-du-mondial-de-lauto\\\/\"]}]},{\"@type\":\"ImageObject\",\"inLanguage\":\"fr-FR\",\"@id\":\"https:\\\/\\\/www.autojm.fr\\\/blog\\\/nouvelle-408-la-star-du-mondial-de-lauto\\\/#primaryimage\",\"url\":\"https:\\\/\\\/www.autojm.fr\\\/blog\\\/wp-content\\\/uploads\\\/2022\\\/10\\\/708.jpg\",\"contentUrl\":\"https:\\\/\\\/www.autojm.fr\\\/blog\\\/wp-content\\\/uploads\\\/2022\\\/10\\\/708.jpg\",\"width\":1000,\"height\":500,\"caption\":\"Nouvelle Peugeot 408\"},{\"@type\":\"BreadcrumbList\",\"@id\":\"https:\\\/\\\/www.autojm.fr\\\/blog\\\/nouvelle-408-la-star-du-mondial-de-lauto\\\/#breadcrumb\",\"itemListElement\":[{\"@type\":\"ListItem\",\"position\":1,\"name\":\"Accueil\",\"item\":\"https:\\\/\\\/www.autojm.fr\\\/blog\\\/\"},{\"@type\":\"ListItem\",\"position\":2,\"name\":\"Nouveaut\u00e9s Autos\",\"item\":\"https:\\\/\\\/www.autojm.fr\\\/blog\\\/nouveautes-autos\\\/\"},{\"@type\":\"ListItem\",\"position\":3,\"name\":\"Nouveaut\u00e9 Peugeot\",\"item\":\"https:\\\/\\\/www.autojm.fr\\\/blog\\\/nouveautes-autos\\\/nouveaute-peugeot\\\/\"},{\"@type\":\"ListItem\",\"position\":4,\"name\":\"Nouvelle 408 : la star du Mondial de l\u2019Auto\"}]},{\"@type\":\"WebSite\",\"@id\":\"https:\\\/\\\/www.autojm.fr\\\/blog\\\/#website\",\"url\":\"https:\\\/\\\/www.autojm.fr\\\/blog\\\/\",\"name\":\"AutoJM Mag\",\"description\":\"Toute l&#039;actu auto en 1 clic !\",\"publisher\":{\"@id\":\"https:\\\/\\\/www.autojm.fr\\\/blog\\\/#organization\"},\"potentialAction\":[{\"@type\":\"SearchAction\",\"target\":{\"@type\":\"EntryPoint\",\"urlTemplate\":\"https:\\\/\\\/www.autojm.fr\\\/blog\\\/?s={search_term_string}\"},\"query-input\":{\"@type\":\"PropertyValueSpecification\",\"valueRequired\":true,\"valueName\":\"search_term_string\"}}],\"inLanguage\":\"fr-FR\"},{\"@type\":\"Organization\",\"@id\":\"https:\\\/\\\/www.autojm.fr\\\/blog\\\/#organization\",\"name\":\"AutoJM Mag\",\"url\":\"https:\\\/\\\/www.autojm.fr\\\/blog\\\/\",\"logo\":{\"@type\":\"ImageObject\",\"inLanguage\":\"fr-FR\",\"@id\":\"https:\\\/\\\/www.autojm.fr\\\/blog\\\/#\\\/schema\\\/logo\\\/image\\\/\",\"url\":\"https:\\\/\\\/www.autojm.fr\\\/blog\\\/wp-content\\\/uploads\\\/2022\\\/12\\\/cropped-AutoJMag-png.png\",\"contentUrl\":\"https:\\\/\\\/www.autojm.fr\\\/blog\\\/wp-content\\\/uploads\\\/2022\\\/12\\\/cropped-AutoJMag-png.png\",\"width\":2834,\"height\":585,\"caption\":\"AutoJM Mag\"},\"image\":{\"@id\":\"https:\\\/\\\/www.autojm.fr\\\/blog\\\/#\\\/schema\\\/logo\\\/image\\\/\"},\"sameAs\":[\"https:\\\/\\\/www.facebook.com\\\/AutoJM25\"]},{\"@type\":\"Person\",\"@id\":\"https:\\\/\\\/www.autojm.fr\\\/blog\\\/#\\\/schema\\\/person\\\/9742bc77541853e0de81fc57f947e1a0\",\"name\":\"Autojm\",\"image\":{\"@type\":\"ImageObject\",\"inLanguage\":\"fr-FR\",\"@id\":\"https:\\\/\\\/secure.gravatar.com\\\/avatar\\\/9a959d52b758fcc232fe4b6aca7bab139182573297122cce7d6f2ee0e537b418?s=96&d=mm&r=g\",\"url\":\"https:\\\/\\\/secure.gravatar.com\\\/avatar\\\/9a959d52b758fcc232fe4b6aca7bab139182573297122cce7d6f2ee0e537b418?s=96&d=mm&r=g\",\"contentUrl\":\"https:\\\/\\\/secure.gravatar.com\\\/avatar\\\/9a959d52b758fcc232fe4b6aca7bab139182573297122cce7d6f2ee0e537b418?s=96&d=mm&r=g\",\"caption\":\"Autojm\"},\"sameAs\":[\"https:\\\/\\\/www.autojm.fr\\\/blog\"],\"url\":\"https:\\\/\\\/www.autojm.fr\\\/blog\\\/author\\\/bichoi\\\/\"}]}<\/script>\n<!-- \/ Yoast SEO plugin. -->","yoast_head_json":{"title":"Nouvelle 408 : la star du Mondial de l\u2019Auto - AutoJM Mag","description":"Avec son look hybride, la nouvelle Peugeot 408 sera d\u00e9voil\u00e9e le 17 octobre \u00e0 l'occasion du lancement du Mondial de l'Auto de Paris.","robots":{"index":"index","follow":"follow","max-snippet":"max-snippet:-1","max-image-preview":"max-image-preview:large","max-video-preview":"max-video-preview:-1"},"canonical":"https:\/\/www.autojm.fr\/blog\/nouvelle-408-la-star-du-mondial-de-lauto\/","og_locale":"fr_FR","og_type":"article","og_title":"Nouvelle 408 : la star du Mondial de l\u2019Auto - AutoJM Mag","og_description":"Avec son look hybride, la nouvelle Peugeot 408 sera d\u00e9voil\u00e9e le 17 octobre \u00e0 l'occasion du lancement du Mondial de l'Auto de Paris.","og_url":"https:\/\/www.autojm.fr\/blog\/nouvelle-408-la-star-du-mondial-de-lauto\/","og_site_name":"AutoJM Mag","article_publisher":"https:\/\/www.facebook.com\/AutoJM25","article_published_time":"2022-10-10T00:00:00+00:00","article_modified_time":"2023-02-08T07:34:45+00:00","og_image":[{"width":1000,"height":500,"url":"https:\/\/www.autojm.fr\/blog\/wp-content\/uploads\/2022\/10\/708.jpg","type":"image\/jpeg"}],"author":"Autojm","twitter_card":"summary_large_image","twitter_misc":{"\u00c9crit par":"Autojm","Dur\u00e9e de lecture estim\u00e9e":"4 minutes"},"schema":{"@context":"https:\/\/schema.org","@graph":[{"@type":"Article","@id":"https:\/\/www.autojm.fr\/blog\/nouvelle-408-la-star-du-mondial-de-lauto\/#article","isPartOf":{"@id":"https:\/\/www.autojm.fr\/blog\/nouvelle-408-la-star-du-mondial-de-lauto\/"},"author":{"name":"Autojm","@id":"https:\/\/www.autojm.fr\/blog\/#\/schema\/person\/9742bc77541853e0de81fc57f947e1a0"},"headline":"Nouvelle 408 : la star du Mondial de l\u2019Auto","datePublished":"2022-10-10T00:00:00+00:00","dateModified":"2023-02-08T07:34:45+00:00","mainEntityOfPage":{"@id":"https:\/\/www.autojm.fr\/blog\/nouvelle-408-la-star-du-mondial-de-lauto\/"},"wordCount":728,"commentCount":0,"publisher":{"@id":"https:\/\/www.autojm.fr\/blog\/#organization"},"image":{"@id":"https:\/\/www.autojm.fr\/blog\/nouvelle-408-la-star-du-mondial-de-lauto\/#primaryimage"},"thumbnailUrl":"https:\/\/www.autojm.fr\/blog\/wp-content\/uploads\/2022\/10\/708.jpg","keywords":["408","autojm","peugeot"],"articleSection":["Nouveaut\u00e9 Peugeot"],"inLanguage":"fr-FR","potentialAction":[{"@type":"CommentAction","name":"Comment","target":["https:\/\/www.autojm.fr\/blog\/nouvelle-408-la-star-du-mondial-de-lauto\/#respond"]}]},{"@type":"WebPage","@id":"https:\/\/www.autojm.fr\/blog\/nouvelle-408-la-star-du-mondial-de-lauto\/","url":"https:\/\/www.autojm.fr\/blog\/nouvelle-408-la-star-du-mondial-de-lauto\/","name":"Nouvelle 408 : la star du Mondial de l\u2019Auto - AutoJM Mag","isPartOf":{"@id":"https:\/\/www.autojm.fr\/blog\/#website"},"primaryImageOfPage":{"@id":"https:\/\/www.autojm.fr\/blog\/nouvelle-408-la-star-du-mondial-de-lauto\/#primaryimage"},"image":{"@id":"https:\/\/www.autojm.fr\/blog\/nouvelle-408-la-star-du-mondial-de-lauto\/#primaryimage"},"thumbnailUrl":"https:\/\/www.autojm.fr\/blog\/wp-content\/uploads\/2022\/10\/708.jpg","datePublished":"2022-10-10T00:00:00+00:00","dateModified":"2023-02-08T07:34:45+00:00","description":"Avec son look hybride, la nouvelle Peugeot 408 sera d\u00e9voil\u00e9e le 17 octobre \u00e0 l'occasion du lancement du Mondial de l'Auto de Paris.","breadcrumb":{"@id":"https:\/\/www.autojm.fr\/blog\/nouvelle-408-la-star-du-mondial-de-lauto\/#breadcrumb"},"inLanguage":"fr-FR","potentialAction":[{"@type":"ReadAction","target":["https:\/\/www.autojm.fr\/blog\/nouvelle-408-la-star-du-mondial-de-lauto\/"]}]},{"@type":"ImageObject","inLanguage":"fr-FR","@id":"https:\/\/www.autojm.fr\/blog\/nouvelle-408-la-star-du-mondial-de-lauto\/#primaryimage","url":"https:\/\/www.autojm.fr\/blog\/wp-content\/uploads\/2022\/10\/708.jpg","contentUrl":"https:\/\/www.autojm.fr\/blog\/wp-content\/uploads\/2022\/10\/708.jpg","width":1000,"height":500,"caption":"Nouvelle Peugeot 408"},{"@type":"BreadcrumbList","@id":"https:\/\/www.autojm.fr\/blog\/nouvelle-408-la-star-du-mondial-de-lauto\/#breadcrumb","itemListElement":[{"@type":"ListItem","position":1,"name":"Accueil","item":"https:\/\/www.autojm.fr\/blog\/"},{"@type":"ListItem","position":2,"name":"Nouveaut\u00e9s Autos","item":"https:\/\/www.autojm.fr\/blog\/nouveautes-autos\/"},{"@type":"ListItem","position":3,"name":"Nouveaut\u00e9 Peugeot","item":"https:\/\/www.autojm.fr\/blog\/nouveautes-autos\/nouveaute-peugeot\/"},{"@type":"ListItem","position":4,"name":"Nouvelle 408 : la star du Mondial de l\u2019Auto"}]},{"@type":"WebSite","@id":"https:\/\/www.autojm.fr\/blog\/#website","url":"https:\/\/www.autojm.fr\/blog\/","name":"AutoJM Mag","description":"Toute l&#039;actu auto en 1 clic !","publisher":{"@id":"https:\/\/www.autojm.fr\/blog\/#organization"},"potentialAction":[{"@type":"SearchAction","target":{"@type":"EntryPoint","urlTemplate":"https:\/\/www.autojm.fr\/blog\/?s={search_term_string}"},"query-input":{"@type":"PropertyValueSpecification","valueRequired":true,"valueName":"search_term_string"}}],"inLanguage":"fr-FR"},{"@type":"Organization","@id":"https:\/\/www.autojm.fr\/blog\/#organization","name":"AutoJM Mag","url":"https:\/\/www.autojm.fr\/blog\/","logo":{"@type":"ImageObject","inLanguage":"fr-FR","@id":"https:\/\/www.autojm.fr\/blog\/#\/schema\/logo\/image\/","url":"https:\/\/www.autojm.fr\/blog\/wp-content\/uploads\/2022\/12\/cropped-AutoJMag-png.png","contentUrl":"https:\/\/www.autojm.fr\/blog\/wp-content\/uploads\/2022\/12\/cropped-AutoJMag-png.png","width":2834,"height":585,"caption":"AutoJM Mag"},"image":{"@id":"https:\/\/www.autojm.fr\/blog\/#\/schema\/logo\/image\/"},"sameAs":["https:\/\/www.facebook.com\/AutoJM25"]},{"@type":"Person","@id":"https:\/\/www.autojm.fr\/blog\/#\/schema\/person\/9742bc77541853e0de81fc57f947e1a0","name":"Autojm","image":{"@type":"ImageObject","inLanguage":"fr-FR","@id":"https:\/\/secure.gravatar.com\/avatar\/9a959d52b758fcc232fe4b6aca7bab139182573297122cce7d6f2ee0e537b418?s=96&d=mm&r=g","url":"https:\/\/secure.gravatar.com\/avatar\/9a959d52b758fcc232fe4b6aca7bab139182573297122cce7d6f2ee0e537b418?s=96&d=mm&r=g","contentUrl":"https:\/\/secure.gravatar.com\/avatar\/9a959d52b758fcc232fe4b6aca7bab139182573297122cce7d6f2ee0e537b418?s=96&d=mm&r=g","caption":"Autojm"},"sameAs":["https:\/\/www.autojm.fr\/blog"],"url":"https:\/\/www.autojm.fr\/blog\/author\/bichoi\/"}]}},"_links":{"self":[{"href":"https:\/\/www.autojm.fr\/blog\/wp-json\/wp\/v2\/posts\/3975","targetHints":{"allow":["GET"]}}],"collection":[{"href":"https:\/\/www.autojm.fr\/blog\/wp-json\/wp\/v2\/posts"}],"about":[{"href":"https:\/\/www.autojm.fr\/blog\/wp-json\/wp\/v2\/types\/post"}],"author":[{"embeddable":true,"href":"https:\/\/www.autojm.fr\/blog\/wp-json\/wp\/v2\/users\/1"}],"replies":[{"embeddable":true,"href":"https:\/\/www.autojm.fr\/blog\/wp-json\/wp\/v2\/comments?post=3975"}],"version-history":[{"count":7,"href":"https:\/\/www.autojm.fr\/blog\/wp-json\/wp\/v2\/posts\/3975\/revisions"}],"predecessor-version":[{"id":8472,"href":"https:\/\/www.autojm.fr\/blog\/wp-json\/wp\/v2\/posts\/3975\/revisions\/8472"}],"wp:featuredmedia":[{"embeddable":true,"href":"https:\/\/www.autojm.fr\/blog\/wp-json\/wp\/v2\/media\/6030"}],"wp:attachment":[{"href":"https:\/\/www.autojm.fr\/blog\/wp-json\/wp\/v2\/media?parent=3975"}],"wp:term":[{"taxonomy":"category","embeddable":true,"href":"https:\/\/www.autojm.fr\/blog\/wp-json\/wp\/v2\/categories?post=3975"},{"taxonomy":"post_tag","embeddable":true,"href":"https:\/\/www.autojm.fr\/blog\/wp-json\/wp\/v2\/tags?post=3975"}],"curies":[{"name":"wp","href":"https:\/\/api.w.org\/{rel}","templated":true}]}}