{"id":3974,"date":"2022-10-05T00:00:00","date_gmt":"2022-10-05T00:00:00","guid":{"rendered":"https:\/\/www.autojm.fr\/blog\/les-immatriculations-en-hausse-au-mois-de-septembre\/"},"modified":"2022-12-05T09:30:03","modified_gmt":"2022-12-05T09:30:03","slug":"les-immatriculations-en-hausse-au-mois-de-septembre","status":"publish","type":"post","link":"https:\/\/www.autojm.fr\/blog\/les-immatriculations-en-hausse-au-mois-de-septembre\/","title":{"rendered":"Les immatriculations en hausse au mois de septembre"},"content":{"rendered":"<h2 style=\"text-align: justify;\">Deux mois cons\u00e9cutifs d&rsquo;augmentation des ventes<\/h2>\n<p style=\"text-align: justify;\">Apr\u00e8s deux ann\u00e9es marqu\u00e9es par la crise sanitaire, la p\u00e9nurie de semi-conducteurs, la guerre en Ukraine ou la flamb\u00e9e du prix des carburants, le secteur automobile confirme son regain de forme en poursuivant sa lente remont\u00e9e. Pour le second mois cons\u00e9cutif, le nombre d&rsquo;immatriculations de voitures particuli\u00e8res neuves a augment\u00e9 de 5.5% au mois de septembre en France. Au total, 141 155 v\u00e9hicules se sont en effet \u00e9coul\u00e9s dans l&rsquo;Hexagone, soit 7 320 unit\u00e9s de plus que l&rsquo;an pass\u00e9. Il s&rsquo;agit du troisi\u00e8me plus gros mois de l&rsquo;ann\u00e9e 2022 en volume, derri\u00e8re juin (171 112 unit\u00e9s) et mars (147 098). Sur les neuf premiers mois de l&rsquo;ann\u00e9e, le nombre de cartes grises enregistr\u00e9es diminue quant \u00e0 lui de 11.8% en comparaison avec la m\u00eame p\u00e9riode de 2021 (1 112 163 cartes grises enregistr\u00e9es contre 1 260 378 l&rsquo;an pass\u00e9).<\/p>\n<p style=\"text-align: justify;\">\n<h2 style=\"text-align: justify;\">Peugeot acc\u00e9l\u00e8re, Renault cale<\/h2>\n<p style=\"text-align: justify;\">Avec 23 533 v\u00e9hicules vendus au mois de septembre, Peugeot confirme son embellie avec une courbe des immatriculations qui affiche +13.4% sur un mois et une part de march\u00e9 qui remonte \u00e0 16.7%. La <strong><a href=\"https:\/\/www.autojm.fr\/achat-voitures-neuves-peugeot-208-2019-5p\">Peugeot 208<\/a><\/strong> continue de s\u00e9duire et conserve sa couronne de reine des ventes. \u00e0 contrario, la marque au Losange voit ses ventes chuter de 8.6% pour tomber \u00e0 22 241 voitures vendues malgr\u00e9 la deuxi\u00e8me place de la Renault Clio V au classement des v\u00e9hicules les plus vendus au mois de septembre. Renault et ses 15.8% de part de march\u00e9 devance n\u00e9anmoins la marque au lion au niveau des ventes aux particuliers (16.5% contre seulement 10.9%).<\/p>\n<p style=\"text-align: justify;\">\n<h2 style=\"text-align: justify;\">Dacia r\u00e9duit l&rsquo;\u00e9cart avec Citro\u00ebn qui fait du surplace<\/h2>\n<p style=\"text-align: justify;\">Avec une baisse des ventes de v\u00e9hicules neufs de 10.2% sur ce dernier mois, Citro\u00ebn reste \u00e0 la peine avec une \u2013petite- part de march\u00e9 de 8.9% (5.8% sur le canal des particuliers). Dans son r\u00e9troviseur, il se voit talonn\u00e9 par Dacia qui se rapproche de plus en plus et grignote des parts de march\u00e9 (8.7%). Sur ce neuvi\u00e8me mois de l&rsquo;ann\u00e9e, plusieurs marques enregistrent des volumes de vente assez spectaculaires comme Skoda (+63.1%), Toyota (+60.6%), Mercedes-Benz (+55%), Mini (+40.3%) ou Ford (+35.4%). Hyundai est quant \u00e0 lui le grand perdant de ce mois de septembre avec une baisse des ventes de ses v\u00e9hicules neufs de l&rsquo;ordre de 14%.<\/p>\n<p><iframe loading=\"lazy\" title=\"YouTube video player\" src=\"https:\/\/www.youtube.com\/embed\/qKLMosa0e6M\" width=\"100%\" height=\"315\" allowfullscreen=\"allowfullscreen\"><\/iframe><\/p>\n<h2 style=\"text-align: justify;\">Top 5 des voitures les plus vendues en France en septembre 2022<\/h2>\n<p style=\"text-align: justify;\"><strong> 1. Peugeot 208 II<\/strong><\/p>\n<p style=\"text-align: justify;\"><strong> 2. Renault Clio V<\/strong><\/p>\n<p style=\"text-align: justify;\"><strong> 3. Dacia Sandero III<\/strong><\/p>\n<p style=\"text-align: justify;\"><strong> 4. Citro\u00ebn C3 III<\/strong><\/p>\n<p style=\"text-align: justify;\"><strong> 5. Peugeot 2008 II<\/strong><\/p>\n<p style=\"text-align: justify;\">\n<h2 style=\"text-align: justify;\">Le v\u00e9hicule \u00e9lectrique passe la seconde<\/h2>\n<p style=\"text-align: justify;\">En quatre ans, le march\u00e9 fran\u00e7ais a perdu plus de 550 000 unit\u00e9s et dans le m\u00eame temps, les ventes de <strong><a href=\"http:\/\/blog-auto.autojm.fr\/article-les-francais-et-lelectrique-un-engouement-relatif,703.html\">voitures \u00e9lectriques<\/a><\/strong> ont bondi pour repr\u00e9senter environ 13% des volumes en 2022 (part de 16% en septembre), contre moins de 2% en 2019.<\/p>\n<p style=\"text-align: justify;\">\n<h2 style=\"text-align: justify;\">La France parmi les bons \u00e9l\u00e8ves europ\u00e9ens<\/h2>\n<p style=\"text-align: justify;\">Malgr\u00e9 des volumes historiquement bas et toutes les ventes de v\u00e9hicules neufs qui sont rest\u00e9es dans le rouge durant plus d&rsquo;un an, la spirale n\u00e9gative a enfin \u00e9t\u00e9 cass\u00e9e pour les constructeurs. Fin ao\u00fbt 2022, les ventes ont en effet augment\u00e9 de 3.4% par rapport \u00e0 ao\u00fbt 2021, ce qui constitue un premier pas vers un retour \u00e0 la normale pour le march\u00e9 automobile europ\u00e9en. Avec une hausse de 9.9% des immatriculations de v\u00e9hicules neufs, l&rsquo;Italie se place en t\u00eate devant l&rsquo;Espagne (+9.1% de cartes grises \u00e9mises) et la France qui compl\u00e8te le podium (+3.8%).<\/p>\n<p style=\"text-align: justify;\">Cette embellie se poursuivra-t-elle au mois d&rsquo;octobre ? L&rsquo;automobile fran\u00e7ais peut d\u00e9sormais l&rsquo;envisager.<\/p>\n<p style=\"text-align: justify;\">\n<p style=\"text-align: justify;\">\n<p style=\"margin-top: 1.75em; margin-bottom: 1.75em; font-size: 0.813em; line-height: 1.5em; color: #666666; font-family: Arial, Helvetica, sans-serif;\"><br style=\"font-size: 13.008px;\" \/><span style=\"font-variant-numeric: normal; font-variant-east-asian: normal; background-color: transparent; text-align: justify; color: #000000; font-family: Arial; font-size: 14.66px; vertical-align: baseline; white-space: pre-wrap;\"><\/span><\/span><\/p>\n","protected":false},"excerpt":{"rendered":"<p>Apr\u00e8s deux ann\u00e9es marqu\u00e9es par la crise sanitaire, la p\u00e9nurie de semi-conducteurs, la guerre en Ukraine ou la flamb\u00e9e du prix des carburants, le secteur automobile confirme son regain de forme en poursuivant sa lente remont\u00e9e.<\/p>\n","protected":false},"author":1,"featured_media":6029,"comment_status":"open","ping_status":"open","sticky":false,"template":"","format":"standard","meta":{"_acf_changed":false,"content-type":"","footnotes":""},"categories":[5],"tags":[90,85,105,73,78],"class_list":["post-3974","post","type-post","status-publish","format-standard","has-post-thumbnail","hentry","category-actualite-automobile","tag-autojm","tag-citroen-2","tag-ds","tag-peugeot","tag-renault"],"acf":[],"yoast_head":"<!-- This site is optimized with the Yoast SEO plugin v27.5 - https:\/\/yoast.com\/product\/yoast-seo-wordpress\/ -->\n<title>Les immatriculations en hausse au mois de septembre - AutoJM Mag<\/title>\n<meta name=\"robots\" content=\"index, follow, max-snippet:-1, max-image-preview:large, max-video-preview:-1\" \/>\n<link rel=\"canonical\" href=\"https:\/\/www.autojm.fr\/blog\/les-immatriculations-en-hausse-au-mois-de-septembre\/\" \/>\n<meta property=\"og:locale\" content=\"fr_FR\" \/>\n<meta property=\"og:type\" content=\"article\" \/>\n<meta property=\"og:title\" content=\"Les immatriculations en hausse au mois de septembre - AutoJM Mag\" \/>\n<meta property=\"og:description\" content=\"Apr\u00e8s deux ann\u00e9es marqu\u00e9es par la crise sanitaire, la p\u00e9nurie de semi-conducteurs, la guerre en Ukraine ou la flamb\u00e9e du prix des carburants, le secteur automobile confirme son regain de forme en poursuivant sa lente remont\u00e9e.\" \/>\n<meta property=\"og:url\" content=\"https:\/\/www.autojm.fr\/blog\/les-immatriculations-en-hausse-au-mois-de-septembre\/\" \/>\n<meta property=\"og:site_name\" content=\"AutoJM Mag\" \/>\n<meta property=\"article:publisher\" content=\"https:\/\/www.facebook.com\/AutoJM25\" \/>\n<meta property=\"article:published_time\" content=\"2022-10-05T00:00:00+00:00\" \/>\n<meta property=\"article:modified_time\" content=\"2022-12-05T09:30:03+00:00\" \/>\n<meta property=\"og:image\" content=\"https:\/\/www.autojm.fr\/blog\/wp-content\/uploads\/2022\/10\/706.jpg\" \/>\n\t<meta property=\"og:image:width\" content=\"1000\" \/>\n\t<meta property=\"og:image:height\" content=\"500\" \/>\n\t<meta property=\"og:image:type\" content=\"image\/jpeg\" \/>\n<meta name=\"author\" content=\"Autojm\" \/>\n<meta name=\"twitter:card\" content=\"summary_large_image\" \/>\n<meta name=\"twitter:label1\" content=\"\u00c9crit par\" \/>\n\t<meta name=\"twitter:data1\" content=\"Autojm\" \/>\n\t<meta name=\"twitter:label2\" content=\"Dur\u00e9e de lecture estim\u00e9e\" \/>\n\t<meta name=\"twitter:data2\" content=\"4 minutes\" \/>\n<script type=\"application\/ld+json\" class=\"yoast-schema-graph\">{\"@context\":\"https:\\\/\\\/schema.org\",\"@graph\":[{\"@type\":\"Article\",\"@id\":\"https:\\\/\\\/www.autojm.fr\\\/blog\\\/les-immatriculations-en-hausse-au-mois-de-septembre\\\/#article\",\"isPartOf\":{\"@id\":\"https:\\\/\\\/www.autojm.fr\\\/blog\\\/les-immatriculations-en-hausse-au-mois-de-septembre\\\/\"},\"author\":{\"name\":\"Autojm\",\"@id\":\"https:\\\/\\\/www.autojm.fr\\\/blog\\\/#\\\/schema\\\/person\\\/9742bc77541853e0de81fc57f947e1a0\"},\"headline\":\"Les immatriculations en hausse au mois de septembre\",\"datePublished\":\"2022-10-05T00:00:00+00:00\",\"dateModified\":\"2022-12-05T09:30:03+00:00\",\"mainEntityOfPage\":{\"@id\":\"https:\\\/\\\/www.autojm.fr\\\/blog\\\/les-immatriculations-en-hausse-au-mois-de-septembre\\\/\"},\"wordCount\":569,\"commentCount\":0,\"publisher\":{\"@id\":\"https:\\\/\\\/www.autojm.fr\\\/blog\\\/#organization\"},\"image\":{\"@id\":\"https:\\\/\\\/www.autojm.fr\\\/blog\\\/les-immatriculations-en-hausse-au-mois-de-septembre\\\/#primaryimage\"},\"thumbnailUrl\":\"https:\\\/\\\/www.autojm.fr\\\/blog\\\/wp-content\\\/uploads\\\/2022\\\/10\\\/706.jpg\",\"keywords\":[\"autojm\",\"Citro\u00ebn\",\"DS\",\"peugeot\",\"renault\"],\"articleSection\":[\"Actualit\u00e9 Automobile\"],\"inLanguage\":\"fr-FR\",\"potentialAction\":[{\"@type\":\"CommentAction\",\"name\":\"Comment\",\"target\":[\"https:\\\/\\\/www.autojm.fr\\\/blog\\\/les-immatriculations-en-hausse-au-mois-de-septembre\\\/#respond\"]}]},{\"@type\":\"WebPage\",\"@id\":\"https:\\\/\\\/www.autojm.fr\\\/blog\\\/les-immatriculations-en-hausse-au-mois-de-septembre\\\/\",\"url\":\"https:\\\/\\\/www.autojm.fr\\\/blog\\\/les-immatriculations-en-hausse-au-mois-de-septembre\\\/\",\"name\":\"Les immatriculations en hausse au mois de septembre - AutoJM Mag\",\"isPartOf\":{\"@id\":\"https:\\\/\\\/www.autojm.fr\\\/blog\\\/#website\"},\"primaryImageOfPage\":{\"@id\":\"https:\\\/\\\/www.autojm.fr\\\/blog\\\/les-immatriculations-en-hausse-au-mois-de-septembre\\\/#primaryimage\"},\"image\":{\"@id\":\"https:\\\/\\\/www.autojm.fr\\\/blog\\\/les-immatriculations-en-hausse-au-mois-de-septembre\\\/#primaryimage\"},\"thumbnailUrl\":\"https:\\\/\\\/www.autojm.fr\\\/blog\\\/wp-content\\\/uploads\\\/2022\\\/10\\\/706.jpg\",\"datePublished\":\"2022-10-05T00:00:00+00:00\",\"dateModified\":\"2022-12-05T09:30:03+00:00\",\"breadcrumb\":{\"@id\":\"https:\\\/\\\/www.autojm.fr\\\/blog\\\/les-immatriculations-en-hausse-au-mois-de-septembre\\\/#breadcrumb\"},\"inLanguage\":\"fr-FR\",\"potentialAction\":[{\"@type\":\"ReadAction\",\"target\":[\"https:\\\/\\\/www.autojm.fr\\\/blog\\\/les-immatriculations-en-hausse-au-mois-de-septembre\\\/\"]}]},{\"@type\":\"ImageObject\",\"inLanguage\":\"fr-FR\",\"@id\":\"https:\\\/\\\/www.autojm.fr\\\/blog\\\/les-immatriculations-en-hausse-au-mois-de-septembre\\\/#primaryimage\",\"url\":\"https:\\\/\\\/www.autojm.fr\\\/blog\\\/wp-content\\\/uploads\\\/2022\\\/10\\\/706.jpg\",\"contentUrl\":\"https:\\\/\\\/www.autojm.fr\\\/blog\\\/wp-content\\\/uploads\\\/2022\\\/10\\\/706.jpg\",\"width\":1000,\"height\":500,\"caption\":\"Immatriculations\"},{\"@type\":\"BreadcrumbList\",\"@id\":\"https:\\\/\\\/www.autojm.fr\\\/blog\\\/les-immatriculations-en-hausse-au-mois-de-septembre\\\/#breadcrumb\",\"itemListElement\":[{\"@type\":\"ListItem\",\"position\":1,\"name\":\"Accueil\",\"item\":\"https:\\\/\\\/www.autojm.fr\\\/blog\\\/\"},{\"@type\":\"ListItem\",\"position\":2,\"name\":\"Actualit\u00e9 Automobile\",\"item\":\"https:\\\/\\\/www.autojm.fr\\\/blog\\\/actualite-automobile\\\/\"},{\"@type\":\"ListItem\",\"position\":3,\"name\":\"Les immatriculations en hausse au mois de septembre\"}]},{\"@type\":\"WebSite\",\"@id\":\"https:\\\/\\\/www.autojm.fr\\\/blog\\\/#website\",\"url\":\"https:\\\/\\\/www.autojm.fr\\\/blog\\\/\",\"name\":\"AutoJM Mag\",\"description\":\"Toute l&#039;actu auto en 1 clic !\",\"publisher\":{\"@id\":\"https:\\\/\\\/www.autojm.fr\\\/blog\\\/#organization\"},\"potentialAction\":[{\"@type\":\"SearchAction\",\"target\":{\"@type\":\"EntryPoint\",\"urlTemplate\":\"https:\\\/\\\/www.autojm.fr\\\/blog\\\/?s={search_term_string}\"},\"query-input\":{\"@type\":\"PropertyValueSpecification\",\"valueRequired\":true,\"valueName\":\"search_term_string\"}}],\"inLanguage\":\"fr-FR\"},{\"@type\":\"Organization\",\"@id\":\"https:\\\/\\\/www.autojm.fr\\\/blog\\\/#organization\",\"name\":\"AutoJM Mag\",\"url\":\"https:\\\/\\\/www.autojm.fr\\\/blog\\\/\",\"logo\":{\"@type\":\"ImageObject\",\"inLanguage\":\"fr-FR\",\"@id\":\"https:\\\/\\\/www.autojm.fr\\\/blog\\\/#\\\/schema\\\/logo\\\/image\\\/\",\"url\":\"https:\\\/\\\/www.autojm.fr\\\/blog\\\/wp-content\\\/uploads\\\/2022\\\/12\\\/cropped-AutoJMag-png.png\",\"contentUrl\":\"https:\\\/\\\/www.autojm.fr\\\/blog\\\/wp-content\\\/uploads\\\/2022\\\/12\\\/cropped-AutoJMag-png.png\",\"width\":2834,\"height\":585,\"caption\":\"AutoJM Mag\"},\"image\":{\"@id\":\"https:\\\/\\\/www.autojm.fr\\\/blog\\\/#\\\/schema\\\/logo\\\/image\\\/\"},\"sameAs\":[\"https:\\\/\\\/www.facebook.com\\\/AutoJM25\"]},{\"@type\":\"Person\",\"@id\":\"https:\\\/\\\/www.autojm.fr\\\/blog\\\/#\\\/schema\\\/person\\\/9742bc77541853e0de81fc57f947e1a0\",\"name\":\"Autojm\",\"image\":{\"@type\":\"ImageObject\",\"inLanguage\":\"fr-FR\",\"@id\":\"https:\\\/\\\/secure.gravatar.com\\\/avatar\\\/9a959d52b758fcc232fe4b6aca7bab139182573297122cce7d6f2ee0e537b418?s=96&d=mm&r=g\",\"url\":\"https:\\\/\\\/secure.gravatar.com\\\/avatar\\\/9a959d52b758fcc232fe4b6aca7bab139182573297122cce7d6f2ee0e537b418?s=96&d=mm&r=g\",\"contentUrl\":\"https:\\\/\\\/secure.gravatar.com\\\/avatar\\\/9a959d52b758fcc232fe4b6aca7bab139182573297122cce7d6f2ee0e537b418?s=96&d=mm&r=g\",\"caption\":\"Autojm\"},\"sameAs\":[\"https:\\\/\\\/www.autojm.fr\\\/blog\"],\"url\":\"https:\\\/\\\/www.autojm.fr\\\/blog\\\/author\\\/bichoi\\\/\"}]}<\/script>\n<!-- \/ Yoast SEO plugin. -->","yoast_head_json":{"title":"Les immatriculations en hausse au mois de septembre - AutoJM Mag","robots":{"index":"index","follow":"follow","max-snippet":"max-snippet:-1","max-image-preview":"max-image-preview:large","max-video-preview":"max-video-preview:-1"},"canonical":"https:\/\/www.autojm.fr\/blog\/les-immatriculations-en-hausse-au-mois-de-septembre\/","og_locale":"fr_FR","og_type":"article","og_title":"Les immatriculations en hausse au mois de septembre - AutoJM Mag","og_description":"Apr\u00e8s deux ann\u00e9es marqu\u00e9es par la crise sanitaire, la p\u00e9nurie de semi-conducteurs, la guerre en Ukraine ou la flamb\u00e9e du prix des carburants, le secteur automobile confirme son regain de forme en poursuivant sa lente remont\u00e9e.","og_url":"https:\/\/www.autojm.fr\/blog\/les-immatriculations-en-hausse-au-mois-de-septembre\/","og_site_name":"AutoJM Mag","article_publisher":"https:\/\/www.facebook.com\/AutoJM25","article_published_time":"2022-10-05T00:00:00+00:00","article_modified_time":"2022-12-05T09:30:03+00:00","og_image":[{"width":1000,"height":500,"url":"https:\/\/www.autojm.fr\/blog\/wp-content\/uploads\/2022\/10\/706.jpg","type":"image\/jpeg"}],"author":"Autojm","twitter_card":"summary_large_image","twitter_misc":{"\u00c9crit par":"Autojm","Dur\u00e9e de lecture estim\u00e9e":"4 minutes"},"schema":{"@context":"https:\/\/schema.org","@graph":[{"@type":"Article","@id":"https:\/\/www.autojm.fr\/blog\/les-immatriculations-en-hausse-au-mois-de-septembre\/#article","isPartOf":{"@id":"https:\/\/www.autojm.fr\/blog\/les-immatriculations-en-hausse-au-mois-de-septembre\/"},"author":{"name":"Autojm","@id":"https:\/\/www.autojm.fr\/blog\/#\/schema\/person\/9742bc77541853e0de81fc57f947e1a0"},"headline":"Les immatriculations en hausse au mois de septembre","datePublished":"2022-10-05T00:00:00+00:00","dateModified":"2022-12-05T09:30:03+00:00","mainEntityOfPage":{"@id":"https:\/\/www.autojm.fr\/blog\/les-immatriculations-en-hausse-au-mois-de-septembre\/"},"wordCount":569,"commentCount":0,"publisher":{"@id":"https:\/\/www.autojm.fr\/blog\/#organization"},"image":{"@id":"https:\/\/www.autojm.fr\/blog\/les-immatriculations-en-hausse-au-mois-de-septembre\/#primaryimage"},"thumbnailUrl":"https:\/\/www.autojm.fr\/blog\/wp-content\/uploads\/2022\/10\/706.jpg","keywords":["autojm","Citro\u00ebn","DS","peugeot","renault"],"articleSection":["Actualit\u00e9 Automobile"],"inLanguage":"fr-FR","potentialAction":[{"@type":"CommentAction","name":"Comment","target":["https:\/\/www.autojm.fr\/blog\/les-immatriculations-en-hausse-au-mois-de-septembre\/#respond"]}]},{"@type":"WebPage","@id":"https:\/\/www.autojm.fr\/blog\/les-immatriculations-en-hausse-au-mois-de-septembre\/","url":"https:\/\/www.autojm.fr\/blog\/les-immatriculations-en-hausse-au-mois-de-septembre\/","name":"Les immatriculations en hausse au mois de septembre - AutoJM Mag","isPartOf":{"@id":"https:\/\/www.autojm.fr\/blog\/#website"},"primaryImageOfPage":{"@id":"https:\/\/www.autojm.fr\/blog\/les-immatriculations-en-hausse-au-mois-de-septembre\/#primaryimage"},"image":{"@id":"https:\/\/www.autojm.fr\/blog\/les-immatriculations-en-hausse-au-mois-de-septembre\/#primaryimage"},"thumbnailUrl":"https:\/\/www.autojm.fr\/blog\/wp-content\/uploads\/2022\/10\/706.jpg","datePublished":"2022-10-05T00:00:00+00:00","dateModified":"2022-12-05T09:30:03+00:00","breadcrumb":{"@id":"https:\/\/www.autojm.fr\/blog\/les-immatriculations-en-hausse-au-mois-de-septembre\/#breadcrumb"},"inLanguage":"fr-FR","potentialAction":[{"@type":"ReadAction","target":["https:\/\/www.autojm.fr\/blog\/les-immatriculations-en-hausse-au-mois-de-septembre\/"]}]},{"@type":"ImageObject","inLanguage":"fr-FR","@id":"https:\/\/www.autojm.fr\/blog\/les-immatriculations-en-hausse-au-mois-de-septembre\/#primaryimage","url":"https:\/\/www.autojm.fr\/blog\/wp-content\/uploads\/2022\/10\/706.jpg","contentUrl":"https:\/\/www.autojm.fr\/blog\/wp-content\/uploads\/2022\/10\/706.jpg","width":1000,"height":500,"caption":"Immatriculations"},{"@type":"BreadcrumbList","@id":"https:\/\/www.autojm.fr\/blog\/les-immatriculations-en-hausse-au-mois-de-septembre\/#breadcrumb","itemListElement":[{"@type":"ListItem","position":1,"name":"Accueil","item":"https:\/\/www.autojm.fr\/blog\/"},{"@type":"ListItem","position":2,"name":"Actualit\u00e9 Automobile","item":"https:\/\/www.autojm.fr\/blog\/actualite-automobile\/"},{"@type":"ListItem","position":3,"name":"Les immatriculations en hausse au mois de septembre"}]},{"@type":"WebSite","@id":"https:\/\/www.autojm.fr\/blog\/#website","url":"https:\/\/www.autojm.fr\/blog\/","name":"AutoJM Mag","description":"Toute l&#039;actu auto en 1 clic !","publisher":{"@id":"https:\/\/www.autojm.fr\/blog\/#organization"},"potentialAction":[{"@type":"SearchAction","target":{"@type":"EntryPoint","urlTemplate":"https:\/\/www.autojm.fr\/blog\/?s={search_term_string}"},"query-input":{"@type":"PropertyValueSpecification","valueRequired":true,"valueName":"search_term_string"}}],"inLanguage":"fr-FR"},{"@type":"Organization","@id":"https:\/\/www.autojm.fr\/blog\/#organization","name":"AutoJM Mag","url":"https:\/\/www.autojm.fr\/blog\/","logo":{"@type":"ImageObject","inLanguage":"fr-FR","@id":"https:\/\/www.autojm.fr\/blog\/#\/schema\/logo\/image\/","url":"https:\/\/www.autojm.fr\/blog\/wp-content\/uploads\/2022\/12\/cropped-AutoJMag-png.png","contentUrl":"https:\/\/www.autojm.fr\/blog\/wp-content\/uploads\/2022\/12\/cropped-AutoJMag-png.png","width":2834,"height":585,"caption":"AutoJM Mag"},"image":{"@id":"https:\/\/www.autojm.fr\/blog\/#\/schema\/logo\/image\/"},"sameAs":["https:\/\/www.facebook.com\/AutoJM25"]},{"@type":"Person","@id":"https:\/\/www.autojm.fr\/blog\/#\/schema\/person\/9742bc77541853e0de81fc57f947e1a0","name":"Autojm","image":{"@type":"ImageObject","inLanguage":"fr-FR","@id":"https:\/\/secure.gravatar.com\/avatar\/9a959d52b758fcc232fe4b6aca7bab139182573297122cce7d6f2ee0e537b418?s=96&d=mm&r=g","url":"https:\/\/secure.gravatar.com\/avatar\/9a959d52b758fcc232fe4b6aca7bab139182573297122cce7d6f2ee0e537b418?s=96&d=mm&r=g","contentUrl":"https:\/\/secure.gravatar.com\/avatar\/9a959d52b758fcc232fe4b6aca7bab139182573297122cce7d6f2ee0e537b418?s=96&d=mm&r=g","caption":"Autojm"},"sameAs":["https:\/\/www.autojm.fr\/blog"],"url":"https:\/\/www.autojm.fr\/blog\/author\/bichoi\/"}]}},"_links":{"self":[{"href":"https:\/\/www.autojm.fr\/blog\/wp-json\/wp\/v2\/posts\/3974","targetHints":{"allow":["GET"]}}],"collection":[{"href":"https:\/\/www.autojm.fr\/blog\/wp-json\/wp\/v2\/posts"}],"about":[{"href":"https:\/\/www.autojm.fr\/blog\/wp-json\/wp\/v2\/types\/post"}],"author":[{"embeddable":true,"href":"https:\/\/www.autojm.fr\/blog\/wp-json\/wp\/v2\/users\/1"}],"replies":[{"embeddable":true,"href":"https:\/\/www.autojm.fr\/blog\/wp-json\/wp\/v2\/comments?post=3974"}],"version-history":[{"count":4,"href":"https:\/\/www.autojm.fr\/blog\/wp-json\/wp\/v2\/posts\/3974\/revisions"}],"predecessor-version":[{"id":6909,"href":"https:\/\/www.autojm.fr\/blog\/wp-json\/wp\/v2\/posts\/3974\/revisions\/6909"}],"wp:featuredmedia":[{"embeddable":true,"href":"https:\/\/www.autojm.fr\/blog\/wp-json\/wp\/v2\/media\/6029"}],"wp:attachment":[{"href":"https:\/\/www.autojm.fr\/blog\/wp-json\/wp\/v2\/media?parent=3974"}],"wp:term":[{"taxonomy":"category","embeddable":true,"href":"https:\/\/www.autojm.fr\/blog\/wp-json\/wp\/v2\/categories?post=3974"},{"taxonomy":"post_tag","embeddable":true,"href":"https:\/\/www.autojm.fr\/blog\/wp-json\/wp\/v2\/tags?post=3974"}],"curies":[{"name":"wp","href":"https:\/\/api.w.org\/{rel}","templated":true}]}}