{"id":3973,"date":"2022-10-03T00:00:00","date_gmt":"2022-10-03T00:00:00","guid":{"rendered":"https:\/\/www.autojm.fr\/blog\/le-mondial-de-lauto-dans-les-starting-blocks\/"},"modified":"2022-12-05T09:31:11","modified_gmt":"2022-12-05T09:31:11","slug":"le-mondial-de-lauto-dans-les-starting-blocks","status":"publish","type":"post","link":"https:\/\/www.autojm.fr\/blog\/le-mondial-de-lauto-dans-les-starting-blocks\/","title":{"rendered":"Le Mondial de l\u2019Auto dans les starting-blocks"},"content":{"rendered":"<h2 style=\"text-align: justify;\">Nouvelle Peugeot 408 et nouveau Renault Austral en t\u00eate d&rsquo;affiche<\/h2>\n<p style=\"text-align: justify;\">Annul\u00e9 en 2020 en raison de la crise sanitaire li\u00e9e au Covid-19, le <strong>Mondial de l&rsquo;Auto de Paris<\/strong> fait son grand retour avec une \u00e9dition 2022 pr\u00e9vue du 17 au 23 octobre au Parc des Expositions de la Porte de Versailles. \u00e0 cette occasion, les constructeurs de l&rsquo;Hexagone tels que DS Automobiles ainsi que les stars du Salon Peugeot et Renault seront pr\u00e9sents pour permettre aux visiteurs de voir de plus pr\u00e8s leurs nouveaux mod\u00e8les de voitures.<\/p>\n<h3 style=\"text-align: justify;\">Le DS7 Crossback laisse place au nouveau DS7<\/h3>\n<p style=\"text-align: justify;\">Du c\u00f4t\u00e9 du groupe Stellantis, DS ambitionne de capter l&rsquo;attention des visiteurs avec la pr\u00e9sentation du DS3 restyl\u00e9 et du <strong><a href=\"https:\/\/www.autojm.fr\/achat-voitures-neuves-ds-nouvelle-ds7-5p\">nouveau SUV DS7<\/a>.<\/strong> Exit le DS7 Crossback, le <strong>SUV de nouvelle g\u00e9n\u00e9ration<\/strong> adopte un nouveau nom et subit quelques modifications physiques et technologiques. Outre son identit\u00e9 lumineuse compos\u00e9e de 33 LED pour chaque groupe de 4 traits lumineux, il b\u00e9n\u00e9ficie d&rsquo;un int\u00e9rieur soign\u00e9 et des technologies de pointe telles que DS Drive Assist ou la vision 360\u00b0.<\/p>\n<h3 style=\"text-align: justify;\">La nouvelle Peugeot 408 star du Salon ?<\/h3>\n<p style=\"text-align: justify;\">Aux c\u00f4t\u00e9s d&rsquo;un concept-car, la marque au Lion profitera de l&rsquo;occasion pour d\u00e9voiler la silhouette d&rsquo;inspiration FastBack de la <strong><a href=\"https:\/\/www.autojm.fr\/achat-voitures-neuves-peugeot-408-5p\">nouvelle berline 408<\/a><\/strong>. Fabriqu\u00e9e en versions Essence PureTech 130 EAT8 S&amp;S et hybride rechargeable, elle allie puissance et efficience pour un confort de conduite optimal. D\u00e9j\u00e0 disponible sur la gamme Peugeot 308, le nouveau blason est fi\u00e8rement arbor\u00e9 sur cette berline aux allures de SUV dont les crocs lumineux r\u00e9v\u00e8lent une posture f\u00e9line.<\/p>\n<h3 style=\"text-align: justify;\"><img decoding=\"async\" style=\"width: 750px; height: 375px;\" alt=\" src=\" \/><\/h3>\n<h3 style=\"text-align: justify;\">Le nouveau Renault Austral entend lui voler la vedette<\/h3>\n<p style=\"text-align: justify;\">Le Losange aura \u00e0 c\u0153ur de promouvoir son <strong>SUV Austral<\/strong> face \u00e0 la concurrence du Peugeot 3008. Marqu\u00e9 par un design athl\u00e9tique et une signature lumineuse distinctive, le <a href=\"https:\/\/www.autojm.fr\/achat-voitures-neuves-renault-austral-5p\"><strong>nouveau SUV Renault Austral <\/strong><\/a>est dot\u00e9 d&rsquo;un moteur turbo-essence in\u00e9dit de 3 cylindres 1.2 TCe associ\u00e9 \u00e0 une micro-hybridation de 48V. Le SUV poss\u00e8de \u00e9galement une motorisation E-Tech full hybrid de 200 ch qui se recharge en roulant. Ce v\u00e9hicule combine habilement ergonomie et modularit\u00e9 gr\u00e2ce \u00e0 son espace g\u00e9n\u00e9reux entre les si\u00e8ges, sa banquette arri\u00e8re coulissante et son volume de coffre jusqu&rsquo;\u00e0 575 dm3. Renault profitera de l&rsquo;occasion pour pr\u00e9senter le nouveau visage de la gamme Dacia \u2013notamment le ravalement de fa\u00e7ade du Duster- qui arbore un nouveau logo.<\/p>\n<h3 style=\"text-align: justify;\">Hopium et NamX : des nouveaut\u00e9s sur le march\u00e9 des v\u00e9hicules propres<\/h3>\n<p style=\"text-align: justify;\">Les jeunes marques fran\u00e7aises <strong>Hopium et NamX<\/strong> seront \u00e9galement de la partie afin de pr\u00e9senter au grand public leurs v\u00e9hicules \u00e0 <strong>hydrog\u00e8ne<\/strong> Hopium Machina Vision et le SUV NamX HUV. Les deux start-up qui misent sur le d\u00e9veloppement dans les prochaines ann\u00e9es de ce type de carburant \u00e9cologique seront en op\u00e9ration promotion sur le Salon de Paris, tout comme la soci\u00e9t\u00e9 fran\u00e7aise FlexFuelEnergy Development sp\u00e9cialis\u00e9e dans les bo\u00eetiers \u00e9thanol.<\/p>\n<p style=\"text-align: justify;\">\n<h2 style=\"text-align: justify;\">Les outsiders profitent de l&rsquo;absence de plusieurs constructeurs<\/h2>\n<p style=\"text-align: justify;\">Le groupe <strong>Volkswagen<\/strong> qui comprend la marque \u00e9ponyme, mais aussi Audi, Seat, Cupra, Skoda, Bentley, Porsche et Lamborghini, devrait quant \u00e0 lui faire l&rsquo;impasse sur le Salon. \u00e0 l&rsquo;instar de <strong>Tesla, Mercedes-Benz, du groupe BMW<\/strong> (Mini et Rolls-Royce) et de <strong>Citro\u00ebn<\/strong> qui pourraient briller par leur <strong>absence<\/strong>.<\/p>\n<h3 style=\"text-align: justify;\">Fisker et Ora en op\u00e9ration s\u00e9duction<\/h3>\n<p style=\"text-align: justify;\">Apr\u00e8s sa berline hybride Karma pr\u00e9sent\u00e9e au d\u00e9but des ann\u00e9es 2010, l&rsquo;am\u00e9ricain Fisker profitera de l&rsquo;absence de son voisin californien Tesla pour exposer son <strong>SUV Ocean<\/strong> qui s&rsquo;appr\u00eate \u00e0 int\u00e9grer le march\u00e9 fran\u00e7ais. En attendant de d\u00e9velopper une v\u00e9ritable gamme, le groupe chinois Great Wall Motors esp\u00e8re convaincre la client\u00e8le europ\u00e9enne avec sa <strong>Funky Cat<\/strong>. Cette compact 100% \u00e9lectrique de la marque Ora prendra place aux c\u00f4t\u00e9s des trois mod\u00e8les de la marque BYD : le SUV Atto 3, le crossover Tang et la Byd Han.<\/p>\n<h3 style=\"text-align: justify;\">L&rsquo;atypique Microlino et sa carrosserie en aluminium<\/h3>\n<p style=\"text-align: justify;\">Le suisse Microlino AG, sp\u00e9cialis\u00e9 dans la production de petits engins (v\u00e9los, trottinettes) et autres voitures \u00e9lectriques \u00e0 mi-chemin entre la micromobilit\u00e9 et le monde de l&rsquo;auto-moto, mettra en avant sa <strong>Microlino<\/strong>. Digne h\u00e9riti\u00e8re de la BMW Isetta, cette petite \u00e9lectrique d&rsquo;environ 510 kg au gabarit r\u00e9duit plafonne \u00e0 90 km\/h en vitesse de pointe. \u00e9quip\u00e9e d&rsquo;un moteur de 17 ch, la Microlino dispose d&rsquo;une autonomie pouvant aller jusqu&rsquo;\u00e0 230 km en plein \u00e9t\u00e9 (trois batteries de type NMC disponibles d&rsquo;une capacit\u00e9 de 6, 10.5 et 14 kWh) et dans des conditions strictement urbaines. Avec une structure monocoque en acier et une carrosserie en aluminium, la voiture \u00e9lectrique au prix relativement \u00e9lev\u00e9 (20 000 \u20ac hors options) devrait facilement constituer l&rsquo;une des curiosit\u00e9s de ce <strong>Mondial de l&rsquo;Auto<\/strong> version 2022.<\/p>\n<p style=\"text-align: justify;\">\n<p style=\"text-align: justify;\">\n<p style=\"margin-top: 1.75em; margin-bottom: 1.75em; font-size: 0.813em; line-height: 1.5em; color: #666666; font-family: Arial, Helvetica, sans-serif;\"><br style=\"font-size: 13.008px;\" \/><span style=\"font-variant-numeric: normal; font-variant-east-asian: normal; background-color: transparent; text-align: justify; color: #000000; font-family: Arial; font-size: 14.66px; vertical-align: baseline; white-space: pre-wrap;\"><\/span><\/span><\/p>\n","protected":false},"excerpt":{"rendered":"<p>Annul\u00e9 en 2020 en raison de la crise sanitaire li\u00e9e au Covid-19, le Mondial de l&rsquo;Auto de Paris fait son grand retour avec une \u00e9dition 2022 pr\u00e9vue du 17 au 23 octobre au Parc des Expositions de la Porte de Versailles.<\/p>\n","protected":false},"author":1,"featured_media":6028,"comment_status":"open","ping_status":"open","sticky":false,"template":"","format":"standard","meta":{"_acf_changed":false,"content-type":"","footnotes":""},"categories":[5],"tags":[90,85,73,78],"class_list":["post-3973","post","type-post","status-publish","format-standard","has-post-thumbnail","hentry","category-actualite-automobile","tag-autojm","tag-citroen-2","tag-peugeot","tag-renault"],"acf":[],"yoast_head":"<!-- This site is optimized with the Yoast SEO plugin v27.5 - https:\/\/yoast.com\/product\/yoast-seo-wordpress\/ -->\n<title>Le Mondial de l\u2019Auto dans les starting-blocks - AutoJM Mag<\/title>\n<meta name=\"description\" content=\"Annul\u00e9 en 2020 en raison du Covid-19, le Mondial de l&#039;Auto de Paris fait son grand retour avec une \u00e9dition 2022 pr\u00e9vue du 17 au 23 octobre.\" \/>\n<meta name=\"robots\" content=\"index, follow, max-snippet:-1, max-image-preview:large, max-video-preview:-1\" \/>\n<link rel=\"canonical\" href=\"https:\/\/www.autojm.fr\/blog\/le-mondial-de-lauto-dans-les-starting-blocks\/\" \/>\n<meta property=\"og:locale\" content=\"fr_FR\" \/>\n<meta property=\"og:type\" content=\"article\" \/>\n<meta property=\"og:title\" content=\"Le Mondial de l\u2019Auto dans les starting-blocks - AutoJM Mag\" \/>\n<meta property=\"og:description\" content=\"Annul\u00e9 en 2020 en raison du Covid-19, le Mondial de l&#039;Auto de Paris fait son grand retour avec une \u00e9dition 2022 pr\u00e9vue du 17 au 23 octobre.\" \/>\n<meta property=\"og:url\" content=\"https:\/\/www.autojm.fr\/blog\/le-mondial-de-lauto-dans-les-starting-blocks\/\" \/>\n<meta property=\"og:site_name\" content=\"AutoJM Mag\" \/>\n<meta property=\"article:publisher\" content=\"https:\/\/www.facebook.com\/AutoJM25\" \/>\n<meta property=\"article:published_time\" content=\"2022-10-03T00:00:00+00:00\" \/>\n<meta property=\"article:modified_time\" content=\"2022-12-05T09:31:11+00:00\" \/>\n<meta property=\"og:image\" content=\"https:\/\/www.autojm.fr\/blog\/wp-content\/uploads\/2022\/10\/705.jpg\" \/>\n\t<meta property=\"og:image:width\" content=\"1200\" \/>\n\t<meta property=\"og:image:height\" content=\"675\" \/>\n\t<meta property=\"og:image:type\" content=\"image\/jpeg\" \/>\n<meta name=\"author\" content=\"Autojm\" \/>\n<meta name=\"twitter:card\" content=\"summary_large_image\" \/>\n<meta name=\"twitter:label1\" content=\"\u00c9crit par\" \/>\n\t<meta name=\"twitter:data1\" content=\"Autojm\" \/>\n\t<meta name=\"twitter:label2\" content=\"Dur\u00e9e de lecture estim\u00e9e\" \/>\n\t<meta name=\"twitter:data2\" content=\"5 minutes\" \/>\n<script type=\"application\/ld+json\" class=\"yoast-schema-graph\">{\"@context\":\"https:\\\/\\\/schema.org\",\"@graph\":[{\"@type\":\"Article\",\"@id\":\"https:\\\/\\\/www.autojm.fr\\\/blog\\\/le-mondial-de-lauto-dans-les-starting-blocks\\\/#article\",\"isPartOf\":{\"@id\":\"https:\\\/\\\/www.autojm.fr\\\/blog\\\/le-mondial-de-lauto-dans-les-starting-blocks\\\/\"},\"author\":{\"name\":\"Autojm\",\"@id\":\"https:\\\/\\\/www.autojm.fr\\\/blog\\\/#\\\/schema\\\/person\\\/9742bc77541853e0de81fc57f947e1a0\"},\"headline\":\"Le Mondial de l\u2019Auto dans les starting-blocks\",\"datePublished\":\"2022-10-03T00:00:00+00:00\",\"dateModified\":\"2022-12-05T09:31:11+00:00\",\"mainEntityOfPage\":{\"@id\":\"https:\\\/\\\/www.autojm.fr\\\/blog\\\/le-mondial-de-lauto-dans-les-starting-blocks\\\/\"},\"wordCount\":786,\"commentCount\":0,\"publisher\":{\"@id\":\"https:\\\/\\\/www.autojm.fr\\\/blog\\\/#organization\"},\"image\":{\"@id\":\"https:\\\/\\\/www.autojm.fr\\\/blog\\\/le-mondial-de-lauto-dans-les-starting-blocks\\\/#primaryimage\"},\"thumbnailUrl\":\"https:\\\/\\\/www.autojm.fr\\\/blog\\\/wp-content\\\/uploads\\\/2022\\\/10\\\/705.jpg\",\"keywords\":[\"autojm\",\"Citro\u00ebn\",\"peugeot\",\"renault\"],\"articleSection\":[\"Actualit\u00e9 Automobile\"],\"inLanguage\":\"fr-FR\",\"potentialAction\":[{\"@type\":\"CommentAction\",\"name\":\"Comment\",\"target\":[\"https:\\\/\\\/www.autojm.fr\\\/blog\\\/le-mondial-de-lauto-dans-les-starting-blocks\\\/#respond\"]}]},{\"@type\":\"WebPage\",\"@id\":\"https:\\\/\\\/www.autojm.fr\\\/blog\\\/le-mondial-de-lauto-dans-les-starting-blocks\\\/\",\"url\":\"https:\\\/\\\/www.autojm.fr\\\/blog\\\/le-mondial-de-lauto-dans-les-starting-blocks\\\/\",\"name\":\"Le Mondial de l\u2019Auto dans les starting-blocks - AutoJM Mag\",\"isPartOf\":{\"@id\":\"https:\\\/\\\/www.autojm.fr\\\/blog\\\/#website\"},\"primaryImageOfPage\":{\"@id\":\"https:\\\/\\\/www.autojm.fr\\\/blog\\\/le-mondial-de-lauto-dans-les-starting-blocks\\\/#primaryimage\"},\"image\":{\"@id\":\"https:\\\/\\\/www.autojm.fr\\\/blog\\\/le-mondial-de-lauto-dans-les-starting-blocks\\\/#primaryimage\"},\"thumbnailUrl\":\"https:\\\/\\\/www.autojm.fr\\\/blog\\\/wp-content\\\/uploads\\\/2022\\\/10\\\/705.jpg\",\"datePublished\":\"2022-10-03T00:00:00+00:00\",\"dateModified\":\"2022-12-05T09:31:11+00:00\",\"description\":\"Annul\u00e9 en 2020 en raison du Covid-19, le Mondial de l'Auto de Paris fait son grand retour avec une \u00e9dition 2022 pr\u00e9vue du 17 au 23 octobre.\",\"breadcrumb\":{\"@id\":\"https:\\\/\\\/www.autojm.fr\\\/blog\\\/le-mondial-de-lauto-dans-les-starting-blocks\\\/#breadcrumb\"},\"inLanguage\":\"fr-FR\",\"potentialAction\":[{\"@type\":\"ReadAction\",\"target\":[\"https:\\\/\\\/www.autojm.fr\\\/blog\\\/le-mondial-de-lauto-dans-les-starting-blocks\\\/\"]}]},{\"@type\":\"ImageObject\",\"inLanguage\":\"fr-FR\",\"@id\":\"https:\\\/\\\/www.autojm.fr\\\/blog\\\/le-mondial-de-lauto-dans-les-starting-blocks\\\/#primaryimage\",\"url\":\"https:\\\/\\\/www.autojm.fr\\\/blog\\\/wp-content\\\/uploads\\\/2022\\\/10\\\/705.jpg\",\"contentUrl\":\"https:\\\/\\\/www.autojm.fr\\\/blog\\\/wp-content\\\/uploads\\\/2022\\\/10\\\/705.jpg\",\"width\":1200,\"height\":675,\"caption\":\"Mondial de l'Auto\"},{\"@type\":\"BreadcrumbList\",\"@id\":\"https:\\\/\\\/www.autojm.fr\\\/blog\\\/le-mondial-de-lauto-dans-les-starting-blocks\\\/#breadcrumb\",\"itemListElement\":[{\"@type\":\"ListItem\",\"position\":1,\"name\":\"Accueil\",\"item\":\"https:\\\/\\\/www.autojm.fr\\\/blog\\\/\"},{\"@type\":\"ListItem\",\"position\":2,\"name\":\"Actualit\u00e9 Automobile\",\"item\":\"https:\\\/\\\/www.autojm.fr\\\/blog\\\/actualite-automobile\\\/\"},{\"@type\":\"ListItem\",\"position\":3,\"name\":\"Le Mondial de l\u2019Auto dans les starting-blocks\"}]},{\"@type\":\"WebSite\",\"@id\":\"https:\\\/\\\/www.autojm.fr\\\/blog\\\/#website\",\"url\":\"https:\\\/\\\/www.autojm.fr\\\/blog\\\/\",\"name\":\"AutoJM Mag\",\"description\":\"Toute l&#039;actu auto en 1 clic !\",\"publisher\":{\"@id\":\"https:\\\/\\\/www.autojm.fr\\\/blog\\\/#organization\"},\"potentialAction\":[{\"@type\":\"SearchAction\",\"target\":{\"@type\":\"EntryPoint\",\"urlTemplate\":\"https:\\\/\\\/www.autojm.fr\\\/blog\\\/?s={search_term_string}\"},\"query-input\":{\"@type\":\"PropertyValueSpecification\",\"valueRequired\":true,\"valueName\":\"search_term_string\"}}],\"inLanguage\":\"fr-FR\"},{\"@type\":\"Organization\",\"@id\":\"https:\\\/\\\/www.autojm.fr\\\/blog\\\/#organization\",\"name\":\"AutoJM Mag\",\"url\":\"https:\\\/\\\/www.autojm.fr\\\/blog\\\/\",\"logo\":{\"@type\":\"ImageObject\",\"inLanguage\":\"fr-FR\",\"@id\":\"https:\\\/\\\/www.autojm.fr\\\/blog\\\/#\\\/schema\\\/logo\\\/image\\\/\",\"url\":\"https:\\\/\\\/www.autojm.fr\\\/blog\\\/wp-content\\\/uploads\\\/2022\\\/12\\\/cropped-AutoJMag-png.png\",\"contentUrl\":\"https:\\\/\\\/www.autojm.fr\\\/blog\\\/wp-content\\\/uploads\\\/2022\\\/12\\\/cropped-AutoJMag-png.png\",\"width\":2834,\"height\":585,\"caption\":\"AutoJM Mag\"},\"image\":{\"@id\":\"https:\\\/\\\/www.autojm.fr\\\/blog\\\/#\\\/schema\\\/logo\\\/image\\\/\"},\"sameAs\":[\"https:\\\/\\\/www.facebook.com\\\/AutoJM25\"]},{\"@type\":\"Person\",\"@id\":\"https:\\\/\\\/www.autojm.fr\\\/blog\\\/#\\\/schema\\\/person\\\/9742bc77541853e0de81fc57f947e1a0\",\"name\":\"Autojm\",\"image\":{\"@type\":\"ImageObject\",\"inLanguage\":\"fr-FR\",\"@id\":\"https:\\\/\\\/secure.gravatar.com\\\/avatar\\\/9a959d52b758fcc232fe4b6aca7bab139182573297122cce7d6f2ee0e537b418?s=96&d=mm&r=g\",\"url\":\"https:\\\/\\\/secure.gravatar.com\\\/avatar\\\/9a959d52b758fcc232fe4b6aca7bab139182573297122cce7d6f2ee0e537b418?s=96&d=mm&r=g\",\"contentUrl\":\"https:\\\/\\\/secure.gravatar.com\\\/avatar\\\/9a959d52b758fcc232fe4b6aca7bab139182573297122cce7d6f2ee0e537b418?s=96&d=mm&r=g\",\"caption\":\"Autojm\"},\"sameAs\":[\"https:\\\/\\\/www.autojm.fr\\\/blog\"],\"url\":\"https:\\\/\\\/www.autojm.fr\\\/blog\\\/author\\\/bichoi\\\/\"}]}<\/script>\n<!-- \/ Yoast SEO plugin. -->","yoast_head_json":{"title":"Le Mondial de l\u2019Auto dans les starting-blocks - AutoJM Mag","description":"Annul\u00e9 en 2020 en raison du Covid-19, le Mondial de l'Auto de Paris fait son grand retour avec une \u00e9dition 2022 pr\u00e9vue du 17 au 23 octobre.","robots":{"index":"index","follow":"follow","max-snippet":"max-snippet:-1","max-image-preview":"max-image-preview:large","max-video-preview":"max-video-preview:-1"},"canonical":"https:\/\/www.autojm.fr\/blog\/le-mondial-de-lauto-dans-les-starting-blocks\/","og_locale":"fr_FR","og_type":"article","og_title":"Le Mondial de l\u2019Auto dans les starting-blocks - AutoJM Mag","og_description":"Annul\u00e9 en 2020 en raison du Covid-19, le Mondial de l'Auto de Paris fait son grand retour avec une \u00e9dition 2022 pr\u00e9vue du 17 au 23 octobre.","og_url":"https:\/\/www.autojm.fr\/blog\/le-mondial-de-lauto-dans-les-starting-blocks\/","og_site_name":"AutoJM Mag","article_publisher":"https:\/\/www.facebook.com\/AutoJM25","article_published_time":"2022-10-03T00:00:00+00:00","article_modified_time":"2022-12-05T09:31:11+00:00","og_image":[{"width":1200,"height":675,"url":"https:\/\/www.autojm.fr\/blog\/wp-content\/uploads\/2022\/10\/705.jpg","type":"image\/jpeg"}],"author":"Autojm","twitter_card":"summary_large_image","twitter_misc":{"\u00c9crit par":"Autojm","Dur\u00e9e de lecture estim\u00e9e":"5 minutes"},"schema":{"@context":"https:\/\/schema.org","@graph":[{"@type":"Article","@id":"https:\/\/www.autojm.fr\/blog\/le-mondial-de-lauto-dans-les-starting-blocks\/#article","isPartOf":{"@id":"https:\/\/www.autojm.fr\/blog\/le-mondial-de-lauto-dans-les-starting-blocks\/"},"author":{"name":"Autojm","@id":"https:\/\/www.autojm.fr\/blog\/#\/schema\/person\/9742bc77541853e0de81fc57f947e1a0"},"headline":"Le Mondial de l\u2019Auto dans les starting-blocks","datePublished":"2022-10-03T00:00:00+00:00","dateModified":"2022-12-05T09:31:11+00:00","mainEntityOfPage":{"@id":"https:\/\/www.autojm.fr\/blog\/le-mondial-de-lauto-dans-les-starting-blocks\/"},"wordCount":786,"commentCount":0,"publisher":{"@id":"https:\/\/www.autojm.fr\/blog\/#organization"},"image":{"@id":"https:\/\/www.autojm.fr\/blog\/le-mondial-de-lauto-dans-les-starting-blocks\/#primaryimage"},"thumbnailUrl":"https:\/\/www.autojm.fr\/blog\/wp-content\/uploads\/2022\/10\/705.jpg","keywords":["autojm","Citro\u00ebn","peugeot","renault"],"articleSection":["Actualit\u00e9 Automobile"],"inLanguage":"fr-FR","potentialAction":[{"@type":"CommentAction","name":"Comment","target":["https:\/\/www.autojm.fr\/blog\/le-mondial-de-lauto-dans-les-starting-blocks\/#respond"]}]},{"@type":"WebPage","@id":"https:\/\/www.autojm.fr\/blog\/le-mondial-de-lauto-dans-les-starting-blocks\/","url":"https:\/\/www.autojm.fr\/blog\/le-mondial-de-lauto-dans-les-starting-blocks\/","name":"Le Mondial de l\u2019Auto dans les starting-blocks - AutoJM Mag","isPartOf":{"@id":"https:\/\/www.autojm.fr\/blog\/#website"},"primaryImageOfPage":{"@id":"https:\/\/www.autojm.fr\/blog\/le-mondial-de-lauto-dans-les-starting-blocks\/#primaryimage"},"image":{"@id":"https:\/\/www.autojm.fr\/blog\/le-mondial-de-lauto-dans-les-starting-blocks\/#primaryimage"},"thumbnailUrl":"https:\/\/www.autojm.fr\/blog\/wp-content\/uploads\/2022\/10\/705.jpg","datePublished":"2022-10-03T00:00:00+00:00","dateModified":"2022-12-05T09:31:11+00:00","description":"Annul\u00e9 en 2020 en raison du Covid-19, le Mondial de l'Auto de Paris fait son grand retour avec une \u00e9dition 2022 pr\u00e9vue du 17 au 23 octobre.","breadcrumb":{"@id":"https:\/\/www.autojm.fr\/blog\/le-mondial-de-lauto-dans-les-starting-blocks\/#breadcrumb"},"inLanguage":"fr-FR","potentialAction":[{"@type":"ReadAction","target":["https:\/\/www.autojm.fr\/blog\/le-mondial-de-lauto-dans-les-starting-blocks\/"]}]},{"@type":"ImageObject","inLanguage":"fr-FR","@id":"https:\/\/www.autojm.fr\/blog\/le-mondial-de-lauto-dans-les-starting-blocks\/#primaryimage","url":"https:\/\/www.autojm.fr\/blog\/wp-content\/uploads\/2022\/10\/705.jpg","contentUrl":"https:\/\/www.autojm.fr\/blog\/wp-content\/uploads\/2022\/10\/705.jpg","width":1200,"height":675,"caption":"Mondial de l'Auto"},{"@type":"BreadcrumbList","@id":"https:\/\/www.autojm.fr\/blog\/le-mondial-de-lauto-dans-les-starting-blocks\/#breadcrumb","itemListElement":[{"@type":"ListItem","position":1,"name":"Accueil","item":"https:\/\/www.autojm.fr\/blog\/"},{"@type":"ListItem","position":2,"name":"Actualit\u00e9 Automobile","item":"https:\/\/www.autojm.fr\/blog\/actualite-automobile\/"},{"@type":"ListItem","position":3,"name":"Le Mondial de l\u2019Auto dans les starting-blocks"}]},{"@type":"WebSite","@id":"https:\/\/www.autojm.fr\/blog\/#website","url":"https:\/\/www.autojm.fr\/blog\/","name":"AutoJM Mag","description":"Toute l&#039;actu auto en 1 clic !","publisher":{"@id":"https:\/\/www.autojm.fr\/blog\/#organization"},"potentialAction":[{"@type":"SearchAction","target":{"@type":"EntryPoint","urlTemplate":"https:\/\/www.autojm.fr\/blog\/?s={search_term_string}"},"query-input":{"@type":"PropertyValueSpecification","valueRequired":true,"valueName":"search_term_string"}}],"inLanguage":"fr-FR"},{"@type":"Organization","@id":"https:\/\/www.autojm.fr\/blog\/#organization","name":"AutoJM Mag","url":"https:\/\/www.autojm.fr\/blog\/","logo":{"@type":"ImageObject","inLanguage":"fr-FR","@id":"https:\/\/www.autojm.fr\/blog\/#\/schema\/logo\/image\/","url":"https:\/\/www.autojm.fr\/blog\/wp-content\/uploads\/2022\/12\/cropped-AutoJMag-png.png","contentUrl":"https:\/\/www.autojm.fr\/blog\/wp-content\/uploads\/2022\/12\/cropped-AutoJMag-png.png","width":2834,"height":585,"caption":"AutoJM Mag"},"image":{"@id":"https:\/\/www.autojm.fr\/blog\/#\/schema\/logo\/image\/"},"sameAs":["https:\/\/www.facebook.com\/AutoJM25"]},{"@type":"Person","@id":"https:\/\/www.autojm.fr\/blog\/#\/schema\/person\/9742bc77541853e0de81fc57f947e1a0","name":"Autojm","image":{"@type":"ImageObject","inLanguage":"fr-FR","@id":"https:\/\/secure.gravatar.com\/avatar\/9a959d52b758fcc232fe4b6aca7bab139182573297122cce7d6f2ee0e537b418?s=96&d=mm&r=g","url":"https:\/\/secure.gravatar.com\/avatar\/9a959d52b758fcc232fe4b6aca7bab139182573297122cce7d6f2ee0e537b418?s=96&d=mm&r=g","contentUrl":"https:\/\/secure.gravatar.com\/avatar\/9a959d52b758fcc232fe4b6aca7bab139182573297122cce7d6f2ee0e537b418?s=96&d=mm&r=g","caption":"Autojm"},"sameAs":["https:\/\/www.autojm.fr\/blog"],"url":"https:\/\/www.autojm.fr\/blog\/author\/bichoi\/"}]}},"_links":{"self":[{"href":"https:\/\/www.autojm.fr\/blog\/wp-json\/wp\/v2\/posts\/3973","targetHints":{"allow":["GET"]}}],"collection":[{"href":"https:\/\/www.autojm.fr\/blog\/wp-json\/wp\/v2\/posts"}],"about":[{"href":"https:\/\/www.autojm.fr\/blog\/wp-json\/wp\/v2\/types\/post"}],"author":[{"embeddable":true,"href":"https:\/\/www.autojm.fr\/blog\/wp-json\/wp\/v2\/users\/1"}],"replies":[{"embeddable":true,"href":"https:\/\/www.autojm.fr\/blog\/wp-json\/wp\/v2\/comments?post=3973"}],"version-history":[{"count":5,"href":"https:\/\/www.autojm.fr\/blog\/wp-json\/wp\/v2\/posts\/3973\/revisions"}],"predecessor-version":[{"id":6910,"href":"https:\/\/www.autojm.fr\/blog\/wp-json\/wp\/v2\/posts\/3973\/revisions\/6910"}],"wp:featuredmedia":[{"embeddable":true,"href":"https:\/\/www.autojm.fr\/blog\/wp-json\/wp\/v2\/media\/6028"}],"wp:attachment":[{"href":"https:\/\/www.autojm.fr\/blog\/wp-json\/wp\/v2\/media?parent=3973"}],"wp:term":[{"taxonomy":"category","embeddable":true,"href":"https:\/\/www.autojm.fr\/blog\/wp-json\/wp\/v2\/categories?post=3973"},{"taxonomy":"post_tag","embeddable":true,"href":"https:\/\/www.autojm.fr\/blog\/wp-json\/wp\/v2\/tags?post=3973"}],"curies":[{"name":"wp","href":"https:\/\/api.w.org\/{rel}","templated":true}]}}