{"id":3968,"date":"2022-09-19T00:00:00","date_gmt":"2022-09-19T00:00:00","guid":{"rendered":"https:\/\/www.autojm.fr\/blog\/vers-une-hausse-des-immatriculations\/"},"modified":"2022-12-05T09:41:26","modified_gmt":"2022-12-05T09:41:26","slug":"vers-une-hausse-des-immatriculations","status":"publish","type":"post","link":"https:\/\/www.autojm.fr\/blog\/vers-une-hausse-des-immatriculations\/","title":{"rendered":"Vers une hausse des immatriculations ?"},"content":{"rendered":"<p>Il \u00e9tait temps que l&rsquo;espoir renaisse pour le milieu automobile. Il faut dire que les derniers mois, et m\u00eame les deux derni\u00e8res ann\u00e9es ont \u00e9t\u00e9 pleins de rebondissements mais surtout d&rsquo;obstacles pour les constructeurs automobiles. La crise sanitaire a entra\u00een\u00e9 un arr\u00eat puis un fort ralentissement de l&rsquo;activit\u00e9 de production et de l&rsquo;activit\u00e9 de vente, s&rsquo;en sont suivi la p\u00e9nurie de semi-conducteurs, des mati\u00e8res premi\u00e8res, mais \u00e9galement le conflit Ukrainien. Et tous les secteurs proches ont eu des cons\u00e9quences sur les <strong><a href=\"https:\/\/www.autojm.fr\/recherche?part=blog&amp;utm_source=articleblog190922&amp;utm_medium=blog\">ventes automobiles<\/a><\/strong> : l&rsquo;augmentation du prix du carburant, le malus \u00e9cologique, les r\u00e9glementations visant \u00e0 limiter la pollution\u2026 De quoi mettre de nombreux b\u00e2tons dans les roues des acteurs du milieu automobile. Et pourtant, ce mois d&rsquo;ao\u00fbt a fait rena\u00eetre l&rsquo;espoir, avec une hausse des immatriculations. Zoom sur les r\u00e9sultats du mois d&rsquo;ao\u00fbt.<\/p>\n<h2>Des groupes automobiles qui en tirent profit<\/h2>\n<p>Pas de miracle, la remont\u00e9e sera peut-\u00eatre lente, mais c&rsquo;est un premier signe positif qu&rsquo;offre le mois d&rsquo;ao\u00fbt avec une augmentation des immatriculations de 4,4% dans l&rsquo;Union Europ\u00e9enne, et 3,8% en France.<\/p>\n<p>La hausse a notamment profit\u00e9 au groupe Stellantis qui augmente de 10,6% ses immatriculations au mois d&rsquo;ao\u00fbt en UE, mais \u00e9galement au groupe Mercedes avec +21,8%, au groupe Volkswagen avec +7,9% et au groupe Toyota-Lexus avec +7,4%. Ford et Jaguar Land Rover Group ont \u00e9galement augment\u00e9 leurs immatriculations de respectivement 16,2% et 13%.<\/p>\n<p>Le groupe Renault enregistre -6,9% d&rsquo;immatriculations, Volvo est \u00e0 -5,7% d&rsquo;immatriculations et le groupe Hyundai-Kia d\u00e9passe de peu du c\u00f4t\u00e9 n\u00e9gatif avec -0,6%.<\/p>\n<h2>Volkswagen num\u00e9ro 1 en Europe<\/h2>\n<p><iframe loading=\"lazy\" title=\"YouTube video player\" src=\"https:\/\/www.youtube.com\/embed\/NnTg367N3I4\" width=\"100%\" height=\"315\" allowfullscreen=\"allowfullscreen\"><\/iframe><\/p>\n<p>Dans l&rsquo;ordre, c&rsquo;est le <strong><a href=\"https:\/\/www.autojm.fr\/recherche?brands%5B%5D=audi&amp;brands%5B%5D=volkswagen&amp;isAvailable%5B%5D=yes&amp;part=blog&amp;utm_source=articleblog190922&amp;utm_medium=blog\">groupe Volkswagen<\/a><\/strong> qui effectue le meilleur score dans l&rsquo;UE avec 159 405 v\u00e9hicules immatricul\u00e9s, suivi par Stellantis et ses 111 681 v\u00e9hicules immatricul\u00e9s, Renault et ses 65 820 v\u00e9hicules immatricul\u00e9s, Hyundai et ses 62 474 v\u00e9hicules immatricul\u00e9s et enfin Toyota-Lexus et ses 44 877 v\u00e9hicules immatricul\u00e9s.<\/p>\n<p>Loin devant les autres pays du continent, l&rsquo;Allemagne se d\u00e9marque avec 199 183 voitures immatricul\u00e9es en ao\u00fbt 2022, soit 3% de plus qu&rsquo;en 2021. La France est num\u00e9ro 2 avec 91 403 unit\u00e9s (+3,8%) et en troisi\u00e8me place on retrouve l&rsquo;Italie avec 71 190 unit\u00e9s qui affiche la plus belle progression (+9,9%).<\/p>\n<h2>Les v\u00e9hicules \u00e9lectriques prennent du pouvoir<\/h2>\n<p>Pendant ce temps en France, les v\u00e9hicules propres gagnent du terrain. L&rsquo;augmentation des ventes de v\u00e9hicules \u00e9lectriques est \u00e9valu\u00e9e \u00e0 +23,4% pour le mois d&rsquo;ao\u00fbt 2022, ce qui fait 13 121 v\u00e9hicules immatricul\u00e9s.<\/p>\n<h2>Bilan en France sur la p\u00e9riode janvier-ao\u00fbt<\/h2>\n<p>Sur les 8 premiers mois cumul\u00e9s, l&rsquo;ann\u00e9e 2022 totalise 970 930 immatriculations en France, contre 1 126 543 en 2021, 884 394 en 2020 et 1 073 920 en 2019. Les ventes n&rsquo;ont pas retrouv\u00e9 leur niveau d&rsquo;avant Covid, mais la remont\u00e9e de ce mois d&rsquo;ao\u00fbt donne de l&rsquo;espoir aux constructeurs.<\/p>\n<p style=\"margin-top: 1.75em; margin-bottom: 1.75em; font-size: 0.813em; line-height: 1.5em; color: #666666; font-family: Arial, Helvetica, sans-serif;\"><br style=\"font-size: 13.008px;\" \/><span style=\"font-variant-numeric: normal; font-variant-east-asian: normal; background-color: transparent; text-align: justify; color: #000000; font-family: Arial; font-size: 14.66px; vertical-align: baseline; white-space: pre-wrap;\"><\/span><\/span><\/p>\n","protected":false},"excerpt":{"rendered":"<p>Il \u00e9tait temps que l&rsquo;espoir renaisse pour le milieu automobile. Il faut dire que les derniers mois, et m\u00eame les deux derni\u00e8res ann\u00e9es ont \u00e9t\u00e9 pleins de rebondissements mais surtout d&rsquo;obstacles pour les constructeurs automobiles.<\/p>\n","protected":false},"author":1,"featured_media":6023,"comment_status":"open","ping_status":"open","sticky":false,"template":"","format":"standard","meta":{"_acf_changed":false,"content-type":"","footnotes":""},"categories":[5],"tags":[90,85,74,105,109,108,107,73,78,96],"class_list":["post-3968","post","type-post","status-publish","format-standard","has-post-thumbnail","hentry","category-actualite-automobile","tag-autojm","tag-citroen-2","tag-dacia","tag-ds","tag-ford","tag-nissan","tag-opel","tag-peugeot","tag-renault","tag-volkswagen"],"acf":[],"yoast_head":"<!-- This site is optimized with the Yoast SEO plugin v27.5 - https:\/\/yoast.com\/product\/yoast-seo-wordpress\/ -->\n<title>Vers une hausse des immatriculations ? - AutoJM Mag<\/title>\n<meta name=\"description\" content=\"C&#039;est un premier signe positif qu&#039;offre le mois d&#039;ao\u00fbt avec une augmentation des immatriculations de 4,4% dans l&#039;UE et 3,8% en France.\" \/>\n<meta name=\"robots\" content=\"index, follow, max-snippet:-1, max-image-preview:large, max-video-preview:-1\" \/>\n<link rel=\"canonical\" href=\"https:\/\/www.autojm.fr\/blog\/vers-une-hausse-des-immatriculations\/\" \/>\n<meta property=\"og:locale\" content=\"fr_FR\" \/>\n<meta property=\"og:type\" content=\"article\" \/>\n<meta property=\"og:title\" content=\"Vers une hausse des immatriculations ? - AutoJM Mag\" \/>\n<meta property=\"og:description\" content=\"C&#039;est un premier signe positif qu&#039;offre le mois d&#039;ao\u00fbt avec une augmentation des immatriculations de 4,4% dans l&#039;UE et 3,8% en France.\" \/>\n<meta property=\"og:url\" content=\"https:\/\/www.autojm.fr\/blog\/vers-une-hausse-des-immatriculations\/\" \/>\n<meta property=\"og:site_name\" content=\"AutoJM Mag\" \/>\n<meta property=\"article:publisher\" content=\"https:\/\/www.facebook.com\/AutoJM25\" \/>\n<meta property=\"article:published_time\" content=\"2022-09-19T00:00:00+00:00\" \/>\n<meta property=\"article:modified_time\" content=\"2022-12-05T09:41:26+00:00\" \/>\n<meta property=\"og:image\" content=\"https:\/\/www.autojm.fr\/blog\/wp-content\/uploads\/2022\/10\/700-scaled.jpg\" \/>\n\t<meta property=\"og:image:width\" content=\"2560\" \/>\n\t<meta property=\"og:image:height\" content=\"1160\" \/>\n\t<meta property=\"og:image:type\" content=\"image\/jpeg\" \/>\n<meta name=\"author\" content=\"Autojm\" \/>\n<meta name=\"twitter:card\" content=\"summary_large_image\" \/>\n<meta name=\"twitter:label1\" content=\"\u00c9crit par\" \/>\n\t<meta name=\"twitter:data1\" content=\"Autojm\" \/>\n\t<meta name=\"twitter:label2\" content=\"Dur\u00e9e de lecture estim\u00e9e\" \/>\n\t<meta name=\"twitter:data2\" content=\"4 minutes\" \/>\n<script type=\"application\/ld+json\" class=\"yoast-schema-graph\">{\"@context\":\"https:\\\/\\\/schema.org\",\"@graph\":[{\"@type\":\"Article\",\"@id\":\"https:\\\/\\\/www.autojm.fr\\\/blog\\\/vers-une-hausse-des-immatriculations\\\/#article\",\"isPartOf\":{\"@id\":\"https:\\\/\\\/www.autojm.fr\\\/blog\\\/vers-une-hausse-des-immatriculations\\\/\"},\"author\":{\"name\":\"Autojm\",\"@id\":\"https:\\\/\\\/www.autojm.fr\\\/blog\\\/#\\\/schema\\\/person\\\/9742bc77541853e0de81fc57f947e1a0\"},\"headline\":\"Vers une hausse des immatriculations ?\",\"datePublished\":\"2022-09-19T00:00:00+00:00\",\"dateModified\":\"2022-12-05T09:41:26+00:00\",\"mainEntityOfPage\":{\"@id\":\"https:\\\/\\\/www.autojm.fr\\\/blog\\\/vers-une-hausse-des-immatriculations\\\/\"},\"wordCount\":458,\"commentCount\":0,\"publisher\":{\"@id\":\"https:\\\/\\\/www.autojm.fr\\\/blog\\\/#organization\"},\"image\":{\"@id\":\"https:\\\/\\\/www.autojm.fr\\\/blog\\\/vers-une-hausse-des-immatriculations\\\/#primaryimage\"},\"thumbnailUrl\":\"https:\\\/\\\/www.autojm.fr\\\/blog\\\/wp-content\\\/uploads\\\/2022\\\/10\\\/700-scaled.jpg\",\"keywords\":[\"autojm\",\"Citro\u00ebn\",\"dacia\",\"DS\",\"Ford\",\"Nissan\",\"Opel\",\"peugeot\",\"renault\",\"Volkswagen\"],\"articleSection\":[\"Actualit\u00e9 Automobile\"],\"inLanguage\":\"fr-FR\",\"potentialAction\":[{\"@type\":\"CommentAction\",\"name\":\"Comment\",\"target\":[\"https:\\\/\\\/www.autojm.fr\\\/blog\\\/vers-une-hausse-des-immatriculations\\\/#respond\"]}]},{\"@type\":\"WebPage\",\"@id\":\"https:\\\/\\\/www.autojm.fr\\\/blog\\\/vers-une-hausse-des-immatriculations\\\/\",\"url\":\"https:\\\/\\\/www.autojm.fr\\\/blog\\\/vers-une-hausse-des-immatriculations\\\/\",\"name\":\"Vers une hausse des immatriculations ? - AutoJM Mag\",\"isPartOf\":{\"@id\":\"https:\\\/\\\/www.autojm.fr\\\/blog\\\/#website\"},\"primaryImageOfPage\":{\"@id\":\"https:\\\/\\\/www.autojm.fr\\\/blog\\\/vers-une-hausse-des-immatriculations\\\/#primaryimage\"},\"image\":{\"@id\":\"https:\\\/\\\/www.autojm.fr\\\/blog\\\/vers-une-hausse-des-immatriculations\\\/#primaryimage\"},\"thumbnailUrl\":\"https:\\\/\\\/www.autojm.fr\\\/blog\\\/wp-content\\\/uploads\\\/2022\\\/10\\\/700-scaled.jpg\",\"datePublished\":\"2022-09-19T00:00:00+00:00\",\"dateModified\":\"2022-12-05T09:41:26+00:00\",\"description\":\"C'est un premier signe positif qu'offre le mois d'ao\u00fbt avec une augmentation des immatriculations de 4,4% dans l'UE et 3,8% en France.\",\"breadcrumb\":{\"@id\":\"https:\\\/\\\/www.autojm.fr\\\/blog\\\/vers-une-hausse-des-immatriculations\\\/#breadcrumb\"},\"inLanguage\":\"fr-FR\",\"potentialAction\":[{\"@type\":\"ReadAction\",\"target\":[\"https:\\\/\\\/www.autojm.fr\\\/blog\\\/vers-une-hausse-des-immatriculations\\\/\"]}]},{\"@type\":\"ImageObject\",\"inLanguage\":\"fr-FR\",\"@id\":\"https:\\\/\\\/www.autojm.fr\\\/blog\\\/vers-une-hausse-des-immatriculations\\\/#primaryimage\",\"url\":\"https:\\\/\\\/www.autojm.fr\\\/blog\\\/wp-content\\\/uploads\\\/2022\\\/10\\\/700-scaled.jpg\",\"contentUrl\":\"https:\\\/\\\/www.autojm.fr\\\/blog\\\/wp-content\\\/uploads\\\/2022\\\/10\\\/700-scaled.jpg\",\"width\":2560,\"height\":1160,\"caption\":\"Immatriculations\"},{\"@type\":\"BreadcrumbList\",\"@id\":\"https:\\\/\\\/www.autojm.fr\\\/blog\\\/vers-une-hausse-des-immatriculations\\\/#breadcrumb\",\"itemListElement\":[{\"@type\":\"ListItem\",\"position\":1,\"name\":\"Accueil\",\"item\":\"https:\\\/\\\/www.autojm.fr\\\/blog\\\/\"},{\"@type\":\"ListItem\",\"position\":2,\"name\":\"Actualit\u00e9 Automobile\",\"item\":\"https:\\\/\\\/www.autojm.fr\\\/blog\\\/actualite-automobile\\\/\"},{\"@type\":\"ListItem\",\"position\":3,\"name\":\"Vers une hausse des immatriculations ?\"}]},{\"@type\":\"WebSite\",\"@id\":\"https:\\\/\\\/www.autojm.fr\\\/blog\\\/#website\",\"url\":\"https:\\\/\\\/www.autojm.fr\\\/blog\\\/\",\"name\":\"AutoJM Mag\",\"description\":\"Toute l&#039;actu auto en 1 clic !\",\"publisher\":{\"@id\":\"https:\\\/\\\/www.autojm.fr\\\/blog\\\/#organization\"},\"potentialAction\":[{\"@type\":\"SearchAction\",\"target\":{\"@type\":\"EntryPoint\",\"urlTemplate\":\"https:\\\/\\\/www.autojm.fr\\\/blog\\\/?s={search_term_string}\"},\"query-input\":{\"@type\":\"PropertyValueSpecification\",\"valueRequired\":true,\"valueName\":\"search_term_string\"}}],\"inLanguage\":\"fr-FR\"},{\"@type\":\"Organization\",\"@id\":\"https:\\\/\\\/www.autojm.fr\\\/blog\\\/#organization\",\"name\":\"AutoJM Mag\",\"url\":\"https:\\\/\\\/www.autojm.fr\\\/blog\\\/\",\"logo\":{\"@type\":\"ImageObject\",\"inLanguage\":\"fr-FR\",\"@id\":\"https:\\\/\\\/www.autojm.fr\\\/blog\\\/#\\\/schema\\\/logo\\\/image\\\/\",\"url\":\"https:\\\/\\\/www.autojm.fr\\\/blog\\\/wp-content\\\/uploads\\\/2022\\\/12\\\/cropped-AutoJMag-png.png\",\"contentUrl\":\"https:\\\/\\\/www.autojm.fr\\\/blog\\\/wp-content\\\/uploads\\\/2022\\\/12\\\/cropped-AutoJMag-png.png\",\"width\":2834,\"height\":585,\"caption\":\"AutoJM Mag\"},\"image\":{\"@id\":\"https:\\\/\\\/www.autojm.fr\\\/blog\\\/#\\\/schema\\\/logo\\\/image\\\/\"},\"sameAs\":[\"https:\\\/\\\/www.facebook.com\\\/AutoJM25\"]},{\"@type\":\"Person\",\"@id\":\"https:\\\/\\\/www.autojm.fr\\\/blog\\\/#\\\/schema\\\/person\\\/9742bc77541853e0de81fc57f947e1a0\",\"name\":\"Autojm\",\"image\":{\"@type\":\"ImageObject\",\"inLanguage\":\"fr-FR\",\"@id\":\"https:\\\/\\\/secure.gravatar.com\\\/avatar\\\/9a959d52b758fcc232fe4b6aca7bab139182573297122cce7d6f2ee0e537b418?s=96&d=mm&r=g\",\"url\":\"https:\\\/\\\/secure.gravatar.com\\\/avatar\\\/9a959d52b758fcc232fe4b6aca7bab139182573297122cce7d6f2ee0e537b418?s=96&d=mm&r=g\",\"contentUrl\":\"https:\\\/\\\/secure.gravatar.com\\\/avatar\\\/9a959d52b758fcc232fe4b6aca7bab139182573297122cce7d6f2ee0e537b418?s=96&d=mm&r=g\",\"caption\":\"Autojm\"},\"sameAs\":[\"https:\\\/\\\/www.autojm.fr\\\/blog\"],\"url\":\"https:\\\/\\\/www.autojm.fr\\\/blog\\\/author\\\/bichoi\\\/\"}]}<\/script>\n<!-- \/ Yoast SEO plugin. -->","yoast_head_json":{"title":"Vers une hausse des immatriculations ? - AutoJM Mag","description":"C'est un premier signe positif qu'offre le mois d'ao\u00fbt avec une augmentation des immatriculations de 4,4% dans l'UE et 3,8% en France.","robots":{"index":"index","follow":"follow","max-snippet":"max-snippet:-1","max-image-preview":"max-image-preview:large","max-video-preview":"max-video-preview:-1"},"canonical":"https:\/\/www.autojm.fr\/blog\/vers-une-hausse-des-immatriculations\/","og_locale":"fr_FR","og_type":"article","og_title":"Vers une hausse des immatriculations ? - AutoJM Mag","og_description":"C'est un premier signe positif qu'offre le mois d'ao\u00fbt avec une augmentation des immatriculations de 4,4% dans l'UE et 3,8% en France.","og_url":"https:\/\/www.autojm.fr\/blog\/vers-une-hausse-des-immatriculations\/","og_site_name":"AutoJM Mag","article_publisher":"https:\/\/www.facebook.com\/AutoJM25","article_published_time":"2022-09-19T00:00:00+00:00","article_modified_time":"2022-12-05T09:41:26+00:00","og_image":[{"width":2560,"height":1160,"url":"https:\/\/www.autojm.fr\/blog\/wp-content\/uploads\/2022\/10\/700-scaled.jpg","type":"image\/jpeg"}],"author":"Autojm","twitter_card":"summary_large_image","twitter_misc":{"\u00c9crit par":"Autojm","Dur\u00e9e de lecture estim\u00e9e":"4 minutes"},"schema":{"@context":"https:\/\/schema.org","@graph":[{"@type":"Article","@id":"https:\/\/www.autojm.fr\/blog\/vers-une-hausse-des-immatriculations\/#article","isPartOf":{"@id":"https:\/\/www.autojm.fr\/blog\/vers-une-hausse-des-immatriculations\/"},"author":{"name":"Autojm","@id":"https:\/\/www.autojm.fr\/blog\/#\/schema\/person\/9742bc77541853e0de81fc57f947e1a0"},"headline":"Vers une hausse des immatriculations ?","datePublished":"2022-09-19T00:00:00+00:00","dateModified":"2022-12-05T09:41:26+00:00","mainEntityOfPage":{"@id":"https:\/\/www.autojm.fr\/blog\/vers-une-hausse-des-immatriculations\/"},"wordCount":458,"commentCount":0,"publisher":{"@id":"https:\/\/www.autojm.fr\/blog\/#organization"},"image":{"@id":"https:\/\/www.autojm.fr\/blog\/vers-une-hausse-des-immatriculations\/#primaryimage"},"thumbnailUrl":"https:\/\/www.autojm.fr\/blog\/wp-content\/uploads\/2022\/10\/700-scaled.jpg","keywords":["autojm","Citro\u00ebn","dacia","DS","Ford","Nissan","Opel","peugeot","renault","Volkswagen"],"articleSection":["Actualit\u00e9 Automobile"],"inLanguage":"fr-FR","potentialAction":[{"@type":"CommentAction","name":"Comment","target":["https:\/\/www.autojm.fr\/blog\/vers-une-hausse-des-immatriculations\/#respond"]}]},{"@type":"WebPage","@id":"https:\/\/www.autojm.fr\/blog\/vers-une-hausse-des-immatriculations\/","url":"https:\/\/www.autojm.fr\/blog\/vers-une-hausse-des-immatriculations\/","name":"Vers une hausse des immatriculations ? - AutoJM Mag","isPartOf":{"@id":"https:\/\/www.autojm.fr\/blog\/#website"},"primaryImageOfPage":{"@id":"https:\/\/www.autojm.fr\/blog\/vers-une-hausse-des-immatriculations\/#primaryimage"},"image":{"@id":"https:\/\/www.autojm.fr\/blog\/vers-une-hausse-des-immatriculations\/#primaryimage"},"thumbnailUrl":"https:\/\/www.autojm.fr\/blog\/wp-content\/uploads\/2022\/10\/700-scaled.jpg","datePublished":"2022-09-19T00:00:00+00:00","dateModified":"2022-12-05T09:41:26+00:00","description":"C'est un premier signe positif qu'offre le mois d'ao\u00fbt avec une augmentation des immatriculations de 4,4% dans l'UE et 3,8% en France.","breadcrumb":{"@id":"https:\/\/www.autojm.fr\/blog\/vers-une-hausse-des-immatriculations\/#breadcrumb"},"inLanguage":"fr-FR","potentialAction":[{"@type":"ReadAction","target":["https:\/\/www.autojm.fr\/blog\/vers-une-hausse-des-immatriculations\/"]}]},{"@type":"ImageObject","inLanguage":"fr-FR","@id":"https:\/\/www.autojm.fr\/blog\/vers-une-hausse-des-immatriculations\/#primaryimage","url":"https:\/\/www.autojm.fr\/blog\/wp-content\/uploads\/2022\/10\/700-scaled.jpg","contentUrl":"https:\/\/www.autojm.fr\/blog\/wp-content\/uploads\/2022\/10\/700-scaled.jpg","width":2560,"height":1160,"caption":"Immatriculations"},{"@type":"BreadcrumbList","@id":"https:\/\/www.autojm.fr\/blog\/vers-une-hausse-des-immatriculations\/#breadcrumb","itemListElement":[{"@type":"ListItem","position":1,"name":"Accueil","item":"https:\/\/www.autojm.fr\/blog\/"},{"@type":"ListItem","position":2,"name":"Actualit\u00e9 Automobile","item":"https:\/\/www.autojm.fr\/blog\/actualite-automobile\/"},{"@type":"ListItem","position":3,"name":"Vers une hausse des immatriculations ?"}]},{"@type":"WebSite","@id":"https:\/\/www.autojm.fr\/blog\/#website","url":"https:\/\/www.autojm.fr\/blog\/","name":"AutoJM Mag","description":"Toute l&#039;actu auto en 1 clic !","publisher":{"@id":"https:\/\/www.autojm.fr\/blog\/#organization"},"potentialAction":[{"@type":"SearchAction","target":{"@type":"EntryPoint","urlTemplate":"https:\/\/www.autojm.fr\/blog\/?s={search_term_string}"},"query-input":{"@type":"PropertyValueSpecification","valueRequired":true,"valueName":"search_term_string"}}],"inLanguage":"fr-FR"},{"@type":"Organization","@id":"https:\/\/www.autojm.fr\/blog\/#organization","name":"AutoJM Mag","url":"https:\/\/www.autojm.fr\/blog\/","logo":{"@type":"ImageObject","inLanguage":"fr-FR","@id":"https:\/\/www.autojm.fr\/blog\/#\/schema\/logo\/image\/","url":"https:\/\/www.autojm.fr\/blog\/wp-content\/uploads\/2022\/12\/cropped-AutoJMag-png.png","contentUrl":"https:\/\/www.autojm.fr\/blog\/wp-content\/uploads\/2022\/12\/cropped-AutoJMag-png.png","width":2834,"height":585,"caption":"AutoJM Mag"},"image":{"@id":"https:\/\/www.autojm.fr\/blog\/#\/schema\/logo\/image\/"},"sameAs":["https:\/\/www.facebook.com\/AutoJM25"]},{"@type":"Person","@id":"https:\/\/www.autojm.fr\/blog\/#\/schema\/person\/9742bc77541853e0de81fc57f947e1a0","name":"Autojm","image":{"@type":"ImageObject","inLanguage":"fr-FR","@id":"https:\/\/secure.gravatar.com\/avatar\/9a959d52b758fcc232fe4b6aca7bab139182573297122cce7d6f2ee0e537b418?s=96&d=mm&r=g","url":"https:\/\/secure.gravatar.com\/avatar\/9a959d52b758fcc232fe4b6aca7bab139182573297122cce7d6f2ee0e537b418?s=96&d=mm&r=g","contentUrl":"https:\/\/secure.gravatar.com\/avatar\/9a959d52b758fcc232fe4b6aca7bab139182573297122cce7d6f2ee0e537b418?s=96&d=mm&r=g","caption":"Autojm"},"sameAs":["https:\/\/www.autojm.fr\/blog"],"url":"https:\/\/www.autojm.fr\/blog\/author\/bichoi\/"}]}},"_links":{"self":[{"href":"https:\/\/www.autojm.fr\/blog\/wp-json\/wp\/v2\/posts\/3968","targetHints":{"allow":["GET"]}}],"collection":[{"href":"https:\/\/www.autojm.fr\/blog\/wp-json\/wp\/v2\/posts"}],"about":[{"href":"https:\/\/www.autojm.fr\/blog\/wp-json\/wp\/v2\/types\/post"}],"author":[{"embeddable":true,"href":"https:\/\/www.autojm.fr\/blog\/wp-json\/wp\/v2\/users\/1"}],"replies":[{"embeddable":true,"href":"https:\/\/www.autojm.fr\/blog\/wp-json\/wp\/v2\/comments?post=3968"}],"version-history":[{"count":5,"href":"https:\/\/www.autojm.fr\/blog\/wp-json\/wp\/v2\/posts\/3968\/revisions"}],"predecessor-version":[{"id":7678,"href":"https:\/\/www.autojm.fr\/blog\/wp-json\/wp\/v2\/posts\/3968\/revisions\/7678"}],"wp:featuredmedia":[{"embeddable":true,"href":"https:\/\/www.autojm.fr\/blog\/wp-json\/wp\/v2\/media\/6023"}],"wp:attachment":[{"href":"https:\/\/www.autojm.fr\/blog\/wp-json\/wp\/v2\/media?parent=3968"}],"wp:term":[{"taxonomy":"category","embeddable":true,"href":"https:\/\/www.autojm.fr\/blog\/wp-json\/wp\/v2\/categories?post=3968"},{"taxonomy":"post_tag","embeddable":true,"href":"https:\/\/www.autojm.fr\/blog\/wp-json\/wp\/v2\/tags?post=3968"}],"curies":[{"name":"wp","href":"https:\/\/api.w.org\/{rel}","templated":true}]}}