{"id":3961,"date":"2022-09-01T00:00:00","date_gmt":"2022-09-01T00:00:00","guid":{"rendered":"https:\/\/www.autojm.fr\/blog\/cout-des-reparations-auto-2021-vs-2022\/"},"modified":"2023-04-17T14:25:17","modified_gmt":"2023-04-17T14:25:17","slug":"cout-des-reparations-auto-2021-vs-2022","status":"publish","type":"post","link":"https:\/\/www.autojm.fr\/blog\/cout-des-reparations-auto-2021-vs-2022\/","title":{"rendered":"Co\u00fbt des r\u00e9parations auto : 2021 VS 2022"},"content":{"rendered":"<p>L&rsquo;Argus a publi\u00e9 r\u00e9cemment le top des r\u00e9gions les moins ch\u00e8res en mati\u00e8re de r\u00e9parations automobiles, suite \u00e0 une analyse faite par le site IDGarages.com. L&rsquo;occasion de faire le comparatif avec ce m\u00eame top fait en 2021 et faire le point sur les tarifs actuels des r\u00e9parations automobiles.<\/p>\n<h2>Bilan des r\u00e9visions auto en 2021 et 2022<\/h2>\n<p>Les \u00e9tudes s&rsquo;appuient sur 3 millions de devis g\u00e9n\u00e9r\u00e9s au d\u00e9but des ann\u00e9es 2021 et 2022.<\/p>\n<p>En 2021, Jonathan Bloch, directeur g\u00e9n\u00e9ral du site IDGarages.com d\u00e9clarait que les tarifs \u00e9taient uniformes et surtout influenc\u00e9s par la crise du Covid-19 qui avait diminu\u00e9 les visites en 2020 : \u201cles garagistes ont fait attention \u00e0 proposer des prix coh\u00e9rents ni trop \u00e9lev\u00e9s permettant de faire revenir les automobilistes dans les garages apr\u00e8s une ann\u00e9e 2020 marqu\u00e9e par les confinements, ni trop bas pour \u00e9viter d&rsquo;affaiblir des tr\u00e9soreries qui ont souffert de la crise\u201d.<\/p>\n<p>En 2022, le constat est sans appel : les prix ont augment\u00e9. Entre l&rsquo;augmentation des co\u00fbts de production des pi\u00e8ces ou m\u00eame l&rsquo;augmentation des mati\u00e8res premi\u00e8res, la hausse des prix \u00e9tait in\u00e9vitable. Seul le co\u00fbt de la main d&rsquo;\u0153uvre est rest\u00e9 inchang\u00e9.<\/p>\n<h2>Prix moyen d&rsquo;une r\u00e9vision auto par r\u00e9gion : 2021 VS 2022<\/h2>\n<p>En 2021, le prix moyen d&rsquo;une r\u00e9vision g\u00e9n\u00e9rale \u00e9tait de 256\u20ac, soit 6,7% de plus qu&rsquo;en 2020. Et sur le podium des r\u00e9gions de France les moins ch\u00e8res, on d\u00e9couvrait les Hauts-de-France (235\u20ac), l&rsquo;Occitanie (238\u20ac) et, en 3\u00e8me place, l&rsquo;Ile-de-France (250\u20ac). En derni\u00e8re place du classement, on retrouvait la Nouvelle-Aquitaine (276\u20ac) pr\u00e9c\u00e9d\u00e9e de la Bretagne (271\u20ac).<\/p>\n<p>En 2022, le prix moyen d&rsquo;une r\u00e9vision g\u00e9n\u00e9rale est de 265\u20ac. Le classement reste le m\u00eame mais l&rsquo;augmentation de prix se fait ressentir :<br \/>\n1. Hauts-de-France : 243\u20ac (+8\u20ac)<br \/>\n2. Occitanie : 245\u20ac (+7\u20ac)<br \/>\n3. Ile-de-France : 258\u20ac (+8\u20ac)<br \/>\nLes deux derni\u00e8res places sont toujours pour la Bretagne et la Nouvelle-Aquitaine, qui augmentent toutes deux de 9\u20ac sur le prix moyen de la r\u00e9vision g\u00e9n\u00e9rale.<\/p>\n<h2>Classement des r\u00e9visions auto par prestation<\/h2>\n<p>Pour terminer, les prix de 4 prestations sont compar\u00e9s : kit de distribution, parall\u00e9lisme du train avant, d\u00e9calaminage et kit d&#8217;embrayage.<br \/>\nVoici les r\u00e9gions les moins ch\u00e8res pour chaque prestation :<\/p>\n<p><em>En 2021<\/em><br \/>\n&#8211; Kit de distribution : Pays-de-la-Loire : 488\u20ac<br \/>\n&#8211; Parall\u00e9lisme du train avant : Hauts-de-France\/Normandie\/Occitanie : 68\u20ac<br \/>\n&#8211; D\u00e9calaminage : Hauts-de-France : 86\u20ac<br \/>\n&#8211; Kit d&#8217;embrayage : Pays-de-la-Loire : 725\u20ac<\/p>\n<p><em>En 2022<\/em><br \/>\n&#8211; Kit de distribution : Pays-de-la-Loire : 520\u20ac (+32\u20ac)<br \/>\n&#8211; Parall\u00e9lisme du train avant : Normandie\/Occitanie : 68\u20ac<br \/>\n&#8211; D\u00e9calaminage : Hauts-de-France : 88\u20ac (+2\u20ac)<br \/>\n&#8211; Kit d&#8217;embrayage : Pays-de-la-Loire : 782\u20ac (+57\u20ac)<\/p>\n<p>Si la main d&rsquo;\u0153uvre a \u00e9t\u00e9 \u00e9pargn\u00e9e des hausses de tarifs jusqu&rsquo;\u00e0 maintenant, elle devrait augmenter ces prochains mois et ces prochaines ann\u00e9es avec le d\u00e9veloppement des v\u00e9hicules plus complexes au niveau \u00e9lectronique qui demandent plus de temps de r\u00e9paration. Reste \u00e0 savoir si la p\u00e9nurie de pi\u00e8ces et de mati\u00e8res premi\u00e8res perdurera, ou si les tarifs retrouveront leur niveau d&rsquo;antan.<\/p>\n<p style=\"margin-top: 1.75em; margin-bottom: 1.75em; font-size: 0.813em; line-height: 1.5em; color: #666666; font-family: Arial, Helvetica, sans-serif;\">\n","protected":false},"excerpt":{"rendered":"<p>L&rsquo;Argus a publi\u00e9 r\u00e9cemment le top des r\u00e9gions les moins ch\u00e8res en mati\u00e8re de r\u00e9parations automobiles, suite \u00e0 une analyse faite par le site IDGarages.com. L&rsquo;occasion de faire le comparatif avec ce m\u00eame top fait en 2021 et faire le point sur les tarifs actuels des r\u00e9parations automobiles.<\/p>\n","protected":false},"author":1,"featured_media":6018,"comment_status":"open","ping_status":"open","sticky":false,"template":"","format":"standard","meta":{"_acf_changed":false,"content-type":"","footnotes":""},"categories":[5],"tags":[90,85,74,105,108,73,78,96],"class_list":["post-3961","post","type-post","status-publish","format-standard","has-post-thumbnail","hentry","category-actualite-automobile","tag-autojm","tag-citroen-2","tag-dacia","tag-ds","tag-nissan","tag-peugeot","tag-renault","tag-volkswagen"],"acf":[],"yoast_head":"<!-- This site is optimized with the Yoast SEO plugin v27.5 - https:\/\/yoast.com\/product\/yoast-seo-wordpress\/ -->\n<title>Co\u00fbt des r\u00e9parations auto : 2021 VS 2022 - AutoJM Mag<\/title>\n<meta name=\"description\" content=\"Entre l&#039;augmentation des co\u00fbts de production des pi\u00e8ces ou m\u00eame l&#039;augmentation des mati\u00e8res premi\u00e8res, la hausse des prix \u00e9tait in\u00e9vitable.\" \/>\n<meta name=\"robots\" content=\"index, follow, max-snippet:-1, max-image-preview:large, max-video-preview:-1\" \/>\n<link rel=\"canonical\" href=\"https:\/\/www.autojm.fr\/blog\/cout-des-reparations-auto-2021-vs-2022\/\" \/>\n<meta property=\"og:locale\" content=\"fr_FR\" \/>\n<meta property=\"og:type\" content=\"article\" \/>\n<meta property=\"og:title\" content=\"Co\u00fbt des r\u00e9parations auto : 2021 VS 2022 - AutoJM Mag\" \/>\n<meta property=\"og:description\" content=\"Entre l&#039;augmentation des co\u00fbts de production des pi\u00e8ces ou m\u00eame l&#039;augmentation des mati\u00e8res premi\u00e8res, la hausse des prix \u00e9tait in\u00e9vitable.\" \/>\n<meta property=\"og:url\" content=\"https:\/\/www.autojm.fr\/blog\/cout-des-reparations-auto-2021-vs-2022\/\" \/>\n<meta property=\"og:site_name\" content=\"AutoJM Mag\" \/>\n<meta property=\"article:publisher\" content=\"https:\/\/www.facebook.com\/AutoJM25\" \/>\n<meta property=\"article:published_time\" content=\"2022-09-01T00:00:00+00:00\" \/>\n<meta property=\"article:modified_time\" content=\"2023-04-17T14:25:17+00:00\" \/>\n<meta property=\"og:image\" content=\"https:\/\/www.autojm.fr\/blog\/wp-content\/uploads\/2022\/10\/693-scaled.jpg\" \/>\n\t<meta property=\"og:image:width\" content=\"2560\" \/>\n\t<meta property=\"og:image:height\" content=\"1160\" \/>\n\t<meta property=\"og:image:type\" content=\"image\/jpeg\" \/>\n<meta name=\"author\" content=\"Autojm\" \/>\n<meta name=\"twitter:card\" content=\"summary_large_image\" \/>\n<meta name=\"twitter:label1\" content=\"\u00c9crit par\" \/>\n\t<meta name=\"twitter:data1\" content=\"Autojm\" \/>\n\t<meta name=\"twitter:label2\" content=\"Dur\u00e9e de lecture estim\u00e9e\" \/>\n\t<meta name=\"twitter:data2\" content=\"3 minutes\" \/>\n<script type=\"application\/ld+json\" class=\"yoast-schema-graph\">{\"@context\":\"https:\\\/\\\/schema.org\",\"@graph\":[{\"@type\":\"Article\",\"@id\":\"https:\\\/\\\/www.autojm.fr\\\/blog\\\/cout-des-reparations-auto-2021-vs-2022\\\/#article\",\"isPartOf\":{\"@id\":\"https:\\\/\\\/www.autojm.fr\\\/blog\\\/cout-des-reparations-auto-2021-vs-2022\\\/\"},\"author\":{\"name\":\"Autojm\",\"@id\":\"https:\\\/\\\/www.autojm.fr\\\/blog\\\/#\\\/schema\\\/person\\\/9742bc77541853e0de81fc57f947e1a0\"},\"headline\":\"Co\u00fbt des r\u00e9parations auto : 2021 VS 2022\",\"datePublished\":\"2022-09-01T00:00:00+00:00\",\"dateModified\":\"2023-04-17T14:25:17+00:00\",\"mainEntityOfPage\":{\"@id\":\"https:\\\/\\\/www.autojm.fr\\\/blog\\\/cout-des-reparations-auto-2021-vs-2022\\\/\"},\"wordCount\":494,\"commentCount\":0,\"publisher\":{\"@id\":\"https:\\\/\\\/www.autojm.fr\\\/blog\\\/#organization\"},\"image\":{\"@id\":\"https:\\\/\\\/www.autojm.fr\\\/blog\\\/cout-des-reparations-auto-2021-vs-2022\\\/#primaryimage\"},\"thumbnailUrl\":\"https:\\\/\\\/www.autojm.fr\\\/blog\\\/wp-content\\\/uploads\\\/2022\\\/10\\\/693-scaled.jpg\",\"keywords\":[\"autojm\",\"Citro\u00ebn\",\"dacia\",\"DS\",\"Nissan\",\"peugeot\",\"renault\",\"Volkswagen\"],\"articleSection\":[\"Actualit\u00e9 Automobile\"],\"inLanguage\":\"fr-FR\",\"potentialAction\":[{\"@type\":\"CommentAction\",\"name\":\"Comment\",\"target\":[\"https:\\\/\\\/www.autojm.fr\\\/blog\\\/cout-des-reparations-auto-2021-vs-2022\\\/#respond\"]}]},{\"@type\":\"WebPage\",\"@id\":\"https:\\\/\\\/www.autojm.fr\\\/blog\\\/cout-des-reparations-auto-2021-vs-2022\\\/\",\"url\":\"https:\\\/\\\/www.autojm.fr\\\/blog\\\/cout-des-reparations-auto-2021-vs-2022\\\/\",\"name\":\"Co\u00fbt des r\u00e9parations auto : 2021 VS 2022 - AutoJM Mag\",\"isPartOf\":{\"@id\":\"https:\\\/\\\/www.autojm.fr\\\/blog\\\/#website\"},\"primaryImageOfPage\":{\"@id\":\"https:\\\/\\\/www.autojm.fr\\\/blog\\\/cout-des-reparations-auto-2021-vs-2022\\\/#primaryimage\"},\"image\":{\"@id\":\"https:\\\/\\\/www.autojm.fr\\\/blog\\\/cout-des-reparations-auto-2021-vs-2022\\\/#primaryimage\"},\"thumbnailUrl\":\"https:\\\/\\\/www.autojm.fr\\\/blog\\\/wp-content\\\/uploads\\\/2022\\\/10\\\/693-scaled.jpg\",\"datePublished\":\"2022-09-01T00:00:00+00:00\",\"dateModified\":\"2023-04-17T14:25:17+00:00\",\"description\":\"Entre l'augmentation des co\u00fbts de production des pi\u00e8ces ou m\u00eame l'augmentation des mati\u00e8res premi\u00e8res, la hausse des prix \u00e9tait in\u00e9vitable.\",\"breadcrumb\":{\"@id\":\"https:\\\/\\\/www.autojm.fr\\\/blog\\\/cout-des-reparations-auto-2021-vs-2022\\\/#breadcrumb\"},\"inLanguage\":\"fr-FR\",\"potentialAction\":[{\"@type\":\"ReadAction\",\"target\":[\"https:\\\/\\\/www.autojm.fr\\\/blog\\\/cout-des-reparations-auto-2021-vs-2022\\\/\"]}]},{\"@type\":\"ImageObject\",\"inLanguage\":\"fr-FR\",\"@id\":\"https:\\\/\\\/www.autojm.fr\\\/blog\\\/cout-des-reparations-auto-2021-vs-2022\\\/#primaryimage\",\"url\":\"https:\\\/\\\/www.autojm.fr\\\/blog\\\/wp-content\\\/uploads\\\/2022\\\/10\\\/693-scaled.jpg\",\"contentUrl\":\"https:\\\/\\\/www.autojm.fr\\\/blog\\\/wp-content\\\/uploads\\\/2022\\\/10\\\/693-scaled.jpg\",\"width\":2560,\"height\":1160,\"caption\":\"R\u00e9parations automobiles\"},{\"@type\":\"BreadcrumbList\",\"@id\":\"https:\\\/\\\/www.autojm.fr\\\/blog\\\/cout-des-reparations-auto-2021-vs-2022\\\/#breadcrumb\",\"itemListElement\":[{\"@type\":\"ListItem\",\"position\":1,\"name\":\"Accueil\",\"item\":\"https:\\\/\\\/www.autojm.fr\\\/blog\\\/\"},{\"@type\":\"ListItem\",\"position\":2,\"name\":\"Actualit\u00e9 Automobile\",\"item\":\"https:\\\/\\\/www.autojm.fr\\\/blog\\\/actualite-automobile\\\/\"},{\"@type\":\"ListItem\",\"position\":3,\"name\":\"Co\u00fbt des r\u00e9parations auto : 2021 VS 2022\"}]},{\"@type\":\"WebSite\",\"@id\":\"https:\\\/\\\/www.autojm.fr\\\/blog\\\/#website\",\"url\":\"https:\\\/\\\/www.autojm.fr\\\/blog\\\/\",\"name\":\"AutoJM Mag\",\"description\":\"Toute l&#039;actu auto en 1 clic !\",\"publisher\":{\"@id\":\"https:\\\/\\\/www.autojm.fr\\\/blog\\\/#organization\"},\"potentialAction\":[{\"@type\":\"SearchAction\",\"target\":{\"@type\":\"EntryPoint\",\"urlTemplate\":\"https:\\\/\\\/www.autojm.fr\\\/blog\\\/?s={search_term_string}\"},\"query-input\":{\"@type\":\"PropertyValueSpecification\",\"valueRequired\":true,\"valueName\":\"search_term_string\"}}],\"inLanguage\":\"fr-FR\"},{\"@type\":\"Organization\",\"@id\":\"https:\\\/\\\/www.autojm.fr\\\/blog\\\/#organization\",\"name\":\"AutoJM Mag\",\"url\":\"https:\\\/\\\/www.autojm.fr\\\/blog\\\/\",\"logo\":{\"@type\":\"ImageObject\",\"inLanguage\":\"fr-FR\",\"@id\":\"https:\\\/\\\/www.autojm.fr\\\/blog\\\/#\\\/schema\\\/logo\\\/image\\\/\",\"url\":\"https:\\\/\\\/www.autojm.fr\\\/blog\\\/wp-content\\\/uploads\\\/2022\\\/12\\\/cropped-AutoJMag-png.png\",\"contentUrl\":\"https:\\\/\\\/www.autojm.fr\\\/blog\\\/wp-content\\\/uploads\\\/2022\\\/12\\\/cropped-AutoJMag-png.png\",\"width\":2834,\"height\":585,\"caption\":\"AutoJM Mag\"},\"image\":{\"@id\":\"https:\\\/\\\/www.autojm.fr\\\/blog\\\/#\\\/schema\\\/logo\\\/image\\\/\"},\"sameAs\":[\"https:\\\/\\\/www.facebook.com\\\/AutoJM25\"]},{\"@type\":\"Person\",\"@id\":\"https:\\\/\\\/www.autojm.fr\\\/blog\\\/#\\\/schema\\\/person\\\/9742bc77541853e0de81fc57f947e1a0\",\"name\":\"Autojm\",\"image\":{\"@type\":\"ImageObject\",\"inLanguage\":\"fr-FR\",\"@id\":\"https:\\\/\\\/secure.gravatar.com\\\/avatar\\\/9a959d52b758fcc232fe4b6aca7bab139182573297122cce7d6f2ee0e537b418?s=96&d=mm&r=g\",\"url\":\"https:\\\/\\\/secure.gravatar.com\\\/avatar\\\/9a959d52b758fcc232fe4b6aca7bab139182573297122cce7d6f2ee0e537b418?s=96&d=mm&r=g\",\"contentUrl\":\"https:\\\/\\\/secure.gravatar.com\\\/avatar\\\/9a959d52b758fcc232fe4b6aca7bab139182573297122cce7d6f2ee0e537b418?s=96&d=mm&r=g\",\"caption\":\"Autojm\"},\"sameAs\":[\"https:\\\/\\\/www.autojm.fr\\\/blog\"],\"url\":\"https:\\\/\\\/www.autojm.fr\\\/blog\\\/author\\\/bichoi\\\/\"}]}<\/script>\n<!-- \/ Yoast SEO plugin. -->","yoast_head_json":{"title":"Co\u00fbt des r\u00e9parations auto : 2021 VS 2022 - AutoJM Mag","description":"Entre l'augmentation des co\u00fbts de production des pi\u00e8ces ou m\u00eame l'augmentation des mati\u00e8res premi\u00e8res, la hausse des prix \u00e9tait in\u00e9vitable.","robots":{"index":"index","follow":"follow","max-snippet":"max-snippet:-1","max-image-preview":"max-image-preview:large","max-video-preview":"max-video-preview:-1"},"canonical":"https:\/\/www.autojm.fr\/blog\/cout-des-reparations-auto-2021-vs-2022\/","og_locale":"fr_FR","og_type":"article","og_title":"Co\u00fbt des r\u00e9parations auto : 2021 VS 2022 - AutoJM Mag","og_description":"Entre l'augmentation des co\u00fbts de production des pi\u00e8ces ou m\u00eame l'augmentation des mati\u00e8res premi\u00e8res, la hausse des prix \u00e9tait in\u00e9vitable.","og_url":"https:\/\/www.autojm.fr\/blog\/cout-des-reparations-auto-2021-vs-2022\/","og_site_name":"AutoJM Mag","article_publisher":"https:\/\/www.facebook.com\/AutoJM25","article_published_time":"2022-09-01T00:00:00+00:00","article_modified_time":"2023-04-17T14:25:17+00:00","og_image":[{"width":2560,"height":1160,"url":"https:\/\/www.autojm.fr\/blog\/wp-content\/uploads\/2022\/10\/693-scaled.jpg","type":"image\/jpeg"}],"author":"Autojm","twitter_card":"summary_large_image","twitter_misc":{"\u00c9crit par":"Autojm","Dur\u00e9e de lecture estim\u00e9e":"3 minutes"},"schema":{"@context":"https:\/\/schema.org","@graph":[{"@type":"Article","@id":"https:\/\/www.autojm.fr\/blog\/cout-des-reparations-auto-2021-vs-2022\/#article","isPartOf":{"@id":"https:\/\/www.autojm.fr\/blog\/cout-des-reparations-auto-2021-vs-2022\/"},"author":{"name":"Autojm","@id":"https:\/\/www.autojm.fr\/blog\/#\/schema\/person\/9742bc77541853e0de81fc57f947e1a0"},"headline":"Co\u00fbt des r\u00e9parations auto : 2021 VS 2022","datePublished":"2022-09-01T00:00:00+00:00","dateModified":"2023-04-17T14:25:17+00:00","mainEntityOfPage":{"@id":"https:\/\/www.autojm.fr\/blog\/cout-des-reparations-auto-2021-vs-2022\/"},"wordCount":494,"commentCount":0,"publisher":{"@id":"https:\/\/www.autojm.fr\/blog\/#organization"},"image":{"@id":"https:\/\/www.autojm.fr\/blog\/cout-des-reparations-auto-2021-vs-2022\/#primaryimage"},"thumbnailUrl":"https:\/\/www.autojm.fr\/blog\/wp-content\/uploads\/2022\/10\/693-scaled.jpg","keywords":["autojm","Citro\u00ebn","dacia","DS","Nissan","peugeot","renault","Volkswagen"],"articleSection":["Actualit\u00e9 Automobile"],"inLanguage":"fr-FR","potentialAction":[{"@type":"CommentAction","name":"Comment","target":["https:\/\/www.autojm.fr\/blog\/cout-des-reparations-auto-2021-vs-2022\/#respond"]}]},{"@type":"WebPage","@id":"https:\/\/www.autojm.fr\/blog\/cout-des-reparations-auto-2021-vs-2022\/","url":"https:\/\/www.autojm.fr\/blog\/cout-des-reparations-auto-2021-vs-2022\/","name":"Co\u00fbt des r\u00e9parations auto : 2021 VS 2022 - AutoJM Mag","isPartOf":{"@id":"https:\/\/www.autojm.fr\/blog\/#website"},"primaryImageOfPage":{"@id":"https:\/\/www.autojm.fr\/blog\/cout-des-reparations-auto-2021-vs-2022\/#primaryimage"},"image":{"@id":"https:\/\/www.autojm.fr\/blog\/cout-des-reparations-auto-2021-vs-2022\/#primaryimage"},"thumbnailUrl":"https:\/\/www.autojm.fr\/blog\/wp-content\/uploads\/2022\/10\/693-scaled.jpg","datePublished":"2022-09-01T00:00:00+00:00","dateModified":"2023-04-17T14:25:17+00:00","description":"Entre l'augmentation des co\u00fbts de production des pi\u00e8ces ou m\u00eame l'augmentation des mati\u00e8res premi\u00e8res, la hausse des prix \u00e9tait in\u00e9vitable.","breadcrumb":{"@id":"https:\/\/www.autojm.fr\/blog\/cout-des-reparations-auto-2021-vs-2022\/#breadcrumb"},"inLanguage":"fr-FR","potentialAction":[{"@type":"ReadAction","target":["https:\/\/www.autojm.fr\/blog\/cout-des-reparations-auto-2021-vs-2022\/"]}]},{"@type":"ImageObject","inLanguage":"fr-FR","@id":"https:\/\/www.autojm.fr\/blog\/cout-des-reparations-auto-2021-vs-2022\/#primaryimage","url":"https:\/\/www.autojm.fr\/blog\/wp-content\/uploads\/2022\/10\/693-scaled.jpg","contentUrl":"https:\/\/www.autojm.fr\/blog\/wp-content\/uploads\/2022\/10\/693-scaled.jpg","width":2560,"height":1160,"caption":"R\u00e9parations automobiles"},{"@type":"BreadcrumbList","@id":"https:\/\/www.autojm.fr\/blog\/cout-des-reparations-auto-2021-vs-2022\/#breadcrumb","itemListElement":[{"@type":"ListItem","position":1,"name":"Accueil","item":"https:\/\/www.autojm.fr\/blog\/"},{"@type":"ListItem","position":2,"name":"Actualit\u00e9 Automobile","item":"https:\/\/www.autojm.fr\/blog\/actualite-automobile\/"},{"@type":"ListItem","position":3,"name":"Co\u00fbt des r\u00e9parations auto : 2021 VS 2022"}]},{"@type":"WebSite","@id":"https:\/\/www.autojm.fr\/blog\/#website","url":"https:\/\/www.autojm.fr\/blog\/","name":"AutoJM Mag","description":"Toute l&#039;actu auto en 1 clic !","publisher":{"@id":"https:\/\/www.autojm.fr\/blog\/#organization"},"potentialAction":[{"@type":"SearchAction","target":{"@type":"EntryPoint","urlTemplate":"https:\/\/www.autojm.fr\/blog\/?s={search_term_string}"},"query-input":{"@type":"PropertyValueSpecification","valueRequired":true,"valueName":"search_term_string"}}],"inLanguage":"fr-FR"},{"@type":"Organization","@id":"https:\/\/www.autojm.fr\/blog\/#organization","name":"AutoJM Mag","url":"https:\/\/www.autojm.fr\/blog\/","logo":{"@type":"ImageObject","inLanguage":"fr-FR","@id":"https:\/\/www.autojm.fr\/blog\/#\/schema\/logo\/image\/","url":"https:\/\/www.autojm.fr\/blog\/wp-content\/uploads\/2022\/12\/cropped-AutoJMag-png.png","contentUrl":"https:\/\/www.autojm.fr\/blog\/wp-content\/uploads\/2022\/12\/cropped-AutoJMag-png.png","width":2834,"height":585,"caption":"AutoJM Mag"},"image":{"@id":"https:\/\/www.autojm.fr\/blog\/#\/schema\/logo\/image\/"},"sameAs":["https:\/\/www.facebook.com\/AutoJM25"]},{"@type":"Person","@id":"https:\/\/www.autojm.fr\/blog\/#\/schema\/person\/9742bc77541853e0de81fc57f947e1a0","name":"Autojm","image":{"@type":"ImageObject","inLanguage":"fr-FR","@id":"https:\/\/secure.gravatar.com\/avatar\/9a959d52b758fcc232fe4b6aca7bab139182573297122cce7d6f2ee0e537b418?s=96&d=mm&r=g","url":"https:\/\/secure.gravatar.com\/avatar\/9a959d52b758fcc232fe4b6aca7bab139182573297122cce7d6f2ee0e537b418?s=96&d=mm&r=g","contentUrl":"https:\/\/secure.gravatar.com\/avatar\/9a959d52b758fcc232fe4b6aca7bab139182573297122cce7d6f2ee0e537b418?s=96&d=mm&r=g","caption":"Autojm"},"sameAs":["https:\/\/www.autojm.fr\/blog"],"url":"https:\/\/www.autojm.fr\/blog\/author\/bichoi\/"}]}},"_links":{"self":[{"href":"https:\/\/www.autojm.fr\/blog\/wp-json\/wp\/v2\/posts\/3961","targetHints":{"allow":["GET"]}}],"collection":[{"href":"https:\/\/www.autojm.fr\/blog\/wp-json\/wp\/v2\/posts"}],"about":[{"href":"https:\/\/www.autojm.fr\/blog\/wp-json\/wp\/v2\/types\/post"}],"author":[{"embeddable":true,"href":"https:\/\/www.autojm.fr\/blog\/wp-json\/wp\/v2\/users\/1"}],"replies":[{"embeddable":true,"href":"https:\/\/www.autojm.fr\/blog\/wp-json\/wp\/v2\/comments?post=3961"}],"version-history":[{"count":5,"href":"https:\/\/www.autojm.fr\/blog\/wp-json\/wp\/v2\/posts\/3961\/revisions"}],"predecessor-version":[{"id":9150,"href":"https:\/\/www.autojm.fr\/blog\/wp-json\/wp\/v2\/posts\/3961\/revisions\/9150"}],"wp:featuredmedia":[{"embeddable":true,"href":"https:\/\/www.autojm.fr\/blog\/wp-json\/wp\/v2\/media\/6018"}],"wp:attachment":[{"href":"https:\/\/www.autojm.fr\/blog\/wp-json\/wp\/v2\/media?parent=3961"}],"wp:term":[{"taxonomy":"category","embeddable":true,"href":"https:\/\/www.autojm.fr\/blog\/wp-json\/wp\/v2\/categories?post=3961"},{"taxonomy":"post_tag","embeddable":true,"href":"https:\/\/www.autojm.fr\/blog\/wp-json\/wp\/v2\/tags?post=3961"}],"curies":[{"name":"wp","href":"https:\/\/api.w.org\/{rel}","templated":true}]}}