{"id":3960,"date":"2022-08-17T00:00:00","date_gmt":"2022-08-17T00:00:00","guid":{"rendered":"https:\/\/www.autojm.fr\/blog\/immatriculations-bilan-du-1er-semestre-2022-en-europe-et-en-france\/"},"modified":"2022-12-13T13:34:00","modified_gmt":"2022-12-13T13:34:00","slug":"immatriculations-bilan-du-1er-semestre-2022-en-europe-et-en-france","status":"publish","type":"post","link":"https:\/\/www.autojm.fr\/blog\/immatriculations-bilan-du-1er-semestre-2022-en-europe-et-en-france\/","title":{"rendered":"Immatriculations : bilan du 1er semestre 2022 en Europe et en France"},"content":{"rendered":"\n<p>Quelques semaines apr\u00e8s la fin du 1er semestre 2022, on fait le bilan sur les ventes automobiles pour ce d\u00e9but d&rsquo;ann\u00e9e. La baisse est de 13,7% pour les immatriculations en Europe sur la p\u00e9riode janvier-juin 2022, ce qui correspond \u00e0 <strong>5 597 656 v\u00e9hicules immatricul\u00e9s<\/strong>, soit 888 206 v\u00e9hicules manquants. Il faudra lire la suite de l&rsquo;article pour avoir les chiffres dans le d\u00e9tail.<\/p>\n\n\n\n<h2 class=\"wp-block-heading\">Classement des acteurs auto Europ\u00e9en les plus importants<\/h2>\n\n\n\n<p>En t\u00eate de liste, c&rsquo;est l&rsquo;Allemagne qui m\u00e8ne la danse, loin devant le Royaume-Uni qui occupe la deuxi\u00e8me place. La France occupe la place centrale du top 5, malgr\u00e9 une baisse importante de 16,3% d&rsquo;immatriculations sur ce semestre.<\/p>\n\n\n\n<p><strong>1 &#8211; Allemagne avec 1 237 975 immatriculations (-11%)<br>2 &#8211; Royaume-Uni avec 802 079 immatriculations (-11,9%)<br>3 &#8211; France avec 771 980 immatriculations (-16,3%)<br>4 &#8211; Italie avec 684 228 immatriculations (-22,7%)<br>5 &#8211; Espagne avec 407 757 immatriculations (-10,7%)<\/strong><\/p>\n\n\n\n<h2 class=\"wp-block-heading\">Top 5 des constructeurs auto<\/h2>\n\n\n\n<p>La baisse est importante pour le groupe Allemand <strong><a href=\"https:\/\/www.autojm.fr\/mandataire-voitures-neuves-volkswagen?part=blog&amp;utm_source=articleblog170822&amp;utm_medium=blog\">Volkswagen<\/a><\/strong>, qui reste malgr\u00e9 tout en 1\u00e8re place de ce top 5, ce qui explique le niveau correct maintenu par le territoire sur les immatriculations. Stellantis arrive en deuxi\u00e8me place et franchit, comme le groupe Volkswagen, la barre du million d&rsquo;immatriculations. En 3\u00e8me place, on retrouve Hyundai, qui peut se vanter d&rsquo;avoir augment\u00e9 le nombre d&rsquo;immatriculations enregistr\u00e9es sur le continent pour ce premier semestre.<\/p>\n\n\n\n<p><strong>1 &#8211; Volkswagen avec 1 349 857 immatriculations (- 19,4%)<br>2 &#8211; Stellantis avec 1 087 879 immatriculations (-21,1%)<br>3 &#8211; Hyundai avec 556 369 immatriculations (+12,6%)<br>4 &#8211; <a href=\"https:\/\/www.autojm.fr\/mandataire-voitures-neuves-renault?part=blog&amp;utm_source=articleblog170822&amp;utm_medium=blog\">Renault<\/a> avec 522 315 immatriculations (-7%)<br>5 &#8211; BMW avec 405 272 immatriculations (-13,7%)<\/strong><\/p>\n\n\n\n<h2 class=\"wp-block-heading\">Top 5 des marques auto<\/h2>\n\n\n\n<p>Toyota est la seule marque de ce top 5 \u00e0 avoir maintenu un niveau quasi identique d&rsquo;une ann\u00e9e sur l&rsquo;autre, mais le constructeur Japonais n&rsquo;occupe que la deuxi\u00e8me place, devanc\u00e9 par l&rsquo;allemand Volkswagen.<\/p>\n\n\n\n<p><strong>1 &#8211; Volkswagen avec 562 161 immatriculations (-23,8%)<br>2 &#8211; Toyota avec 380 400 immatriculations (-1,8%)<br>3 &#8211; Peugeot avec 333 271 immatriculations (-21,2%)<br>4 &#8211; BMW avec 322 223 immatriculations (-14,3%)<br>5 &#8211; Audi avec 298 220 immatriculations (-13,5%)<\/strong><\/p>\n\n\n\n<h2 class=\"wp-block-heading\">Et quel bilan en France pour le premier semestre 2022 ?<\/h2>\n\n\n\n<h3 class=\"wp-block-heading\">Les <a href=\"https:\/\/www.autojm.fr\/recherche?energies%5B%5D=Electrique&amp;part=blog&amp;utm_source=articleblog120822&amp;utm_medium=blog\">voitures \u00e9lectriques<\/a>, GPL et E85 ont la cote<\/h3>\n\n\n\n<p>Avec -16,34% d&rsquo;immatriculations, la France n&rsquo;a malheureusement pas retrouv\u00e9 sa dynamique d&rsquo;avant Covid.<\/p>\n\n\n\n<p>Mais il y a des progressions tout de m\u00eame, et notamment pour <strong>les voitures 100% \u00e9lectriques qui ont augment\u00e9 leurs immatriculations de 28,71%<\/strong> entre janvier et juin 2022.<\/p>\n\n\n\n<p><iframe loading=\"lazy\" title=\"YouTube video player\" src=\"https:\/\/www.youtube.com\/embed\/N41080MGF_Q\" width=\"100%\" height=\"315\" allowfullscreen=\"allowfullscreen\"><\/iframe><\/p>\n\n\n\n<p>Les mod\u00e8les <strong>GPL <\/strong>ont \u00e9galement eu plus de succ\u00e8s en 2022 avec une <strong>hausse de 11% d&rsquo;immatriculations<\/strong>, soit 24 419 mod\u00e8les.<\/p>\n\n\n\n<p>La plus belle progression a \u00e9t\u00e9 enregistr\u00e9e par l&rsquo;<strong>E85<\/strong>. Les mod\u00e8les qui roulent \u00e0 l&rsquo;Ethanol ont attir\u00e9 un grand nombre d&rsquo;automobilistes, pour une <strong>augmentation de 1418,8%<\/strong> des immatriculations.<\/p>\n\n\n\n<h3 class=\"wp-block-heading\">Voitures les plus vendues au 1er semestre 2022 en France<\/h3>\n\n\n\n<p>Dans le top des v\u00e9hicules les plus vendus au premier semestre 2022 en France, on retrouve la <strong>Peugeot 208<\/strong> en premi\u00e8re place avec 46 488 immatriculations, suivie par la <strong>Renault Clio<\/strong> avec 34 869 immatriculations, le <strong>Dacia Sandero<\/strong> avec 31 644 immatriculations, la <strong>Citro\u00ebn C3<\/strong> avec 29 150 immatriculations et le <strong>Renault Captur<\/strong> avec 26 856 immatriculations.<\/p>\n\n\n\n<p>Dans le top 10, seules les <strong>Peugeot 308 et Renault Arkana<\/strong> enregistrent une<strong> hausse des immatriculations<\/strong> par rapport au semestre pr\u00e9c\u00e9dent, avec respectivement + 68,8% et +344,7%.<\/p>\n\n\n\n<h3 class=\"wp-block-heading\">Voitures \u00e9lectriques les plus vendues au 1er semestre 2022 en France<\/h3>\n\n\n\n<p>Enfin, du c\u00f4t\u00e9 des v\u00e9hicules \u00e9lectriques, la <strong>Peugeot e-208<\/strong> est en t\u00eate du classement avec 9712 immatriculations, suivie par le <strong>Dacia Spring<\/strong> avec 9203 immatriculations, la <strong>Fiat 500 \u00e9lectrique<\/strong> avec 8922 immatriculations, la <strong>Renault Zo\u00e9<\/strong> avec 8125 immatriculations et la <strong>Tesla Model 3 <\/strong>avec 7804 immatriculations.<\/p>\n\n\n\n<p>&nbsp;<\/p>\n\n\n\n<p>   <\/p>\n","protected":false},"excerpt":{"rendered":"<p>Quelques semaines apr\u00e8s la fin du 1er semestre 2022, on fait le bilan sur les ventes automobiles pour ce d\u00e9but d&rsquo;ann\u00e9e. La baisse est de 13,7% pour les immatriculations en Europe sur la p\u00e9riode janvier-juin 2022, ce qui correspond \u00e0 5 597 656 v\u00e9hicules immatricul\u00e9s, soit 888 206 v\u00e9hicules manquants.<\/p>\n","protected":false},"author":1,"featured_media":6017,"comment_status":"open","ping_status":"open","sticky":false,"template":"","format":"standard","meta":{"_acf_changed":false,"content-type":"","footnotes":""},"categories":[5],"tags":[90,85,74,105,110,109,108,107,73,78,96],"class_list":["post-3960","post","type-post","status-publish","format-standard","has-post-thumbnail","hentry","category-actualite-automobile","tag-autojm","tag-citroen-2","tag-dacia","tag-ds","tag-fiat","tag-ford","tag-nissan","tag-opel","tag-peugeot","tag-renault","tag-volkswagen"],"acf":[],"yoast_head":"<!-- This site is optimized with the Yoast SEO plugin v27.5 - https:\/\/yoast.com\/product\/yoast-seo-wordpress\/ -->\n<title>AutoJM Mag Actualit\u00e9 Automobile -<\/title>\n<meta name=\"description\" content=\"La baisse est de 13,7% pour les immatriculations en Europe sur la p\u00e9riode janvier-juin 2022, soit 5 597 656 v\u00e9hicules immatricul\u00e9s.\" \/>\n<meta name=\"robots\" content=\"index, follow, max-snippet:-1, max-image-preview:large, max-video-preview:-1\" \/>\n<link rel=\"canonical\" href=\"https:\/\/www.autojm.fr\/blog\/immatriculations-bilan-du-1er-semestre-2022-en-europe-et-en-france\/\" \/>\n<meta property=\"og:locale\" content=\"fr_FR\" \/>\n<meta property=\"og:type\" content=\"article\" \/>\n<meta property=\"og:title\" content=\"AutoJM Mag Actualit\u00e9 Automobile -\" \/>\n<meta property=\"og:description\" content=\"La baisse est de 13,7% pour les immatriculations en Europe sur la p\u00e9riode janvier-juin 2022, soit 5 597 656 v\u00e9hicules immatricul\u00e9s.\" \/>\n<meta property=\"og:url\" content=\"https:\/\/www.autojm.fr\/blog\/immatriculations-bilan-du-1er-semestre-2022-en-europe-et-en-france\/\" \/>\n<meta property=\"og:site_name\" content=\"AutoJM Mag\" \/>\n<meta property=\"article:publisher\" content=\"https:\/\/www.facebook.com\/AutoJM25\" \/>\n<meta property=\"article:published_time\" content=\"2022-08-17T00:00:00+00:00\" \/>\n<meta property=\"article:modified_time\" content=\"2022-12-13T13:34:00+00:00\" \/>\n<meta property=\"og:image\" content=\"https:\/\/www.autojm.fr\/blog\/wp-content\/uploads\/2022\/10\/691-scaled.jpg\" \/>\n\t<meta property=\"og:image:width\" content=\"2560\" \/>\n\t<meta property=\"og:image:height\" content=\"1160\" \/>\n\t<meta property=\"og:image:type\" content=\"image\/jpeg\" \/>\n<meta name=\"author\" content=\"Autojm\" \/>\n<meta name=\"twitter:card\" content=\"summary_large_image\" \/>\n<meta name=\"twitter:label1\" content=\"\u00c9crit par\" \/>\n\t<meta name=\"twitter:data1\" content=\"Autojm\" \/>\n\t<meta name=\"twitter:label2\" content=\"Dur\u00e9e de lecture estim\u00e9e\" \/>\n\t<meta name=\"twitter:data2\" content=\"4 minutes\" \/>\n<script type=\"application\/ld+json\" class=\"yoast-schema-graph\">{\"@context\":\"https:\\\/\\\/schema.org\",\"@graph\":[{\"@type\":\"Article\",\"@id\":\"https:\\\/\\\/www.autojm.fr\\\/blog\\\/immatriculations-bilan-du-1er-semestre-2022-en-europe-et-en-france\\\/#article\",\"isPartOf\":{\"@id\":\"https:\\\/\\\/www.autojm.fr\\\/blog\\\/immatriculations-bilan-du-1er-semestre-2022-en-europe-et-en-france\\\/\"},\"author\":{\"name\":\"Autojm\",\"@id\":\"https:\\\/\\\/www.autojm.fr\\\/blog\\\/#\\\/schema\\\/person\\\/9742bc77541853e0de81fc57f947e1a0\"},\"headline\":\"Immatriculations : bilan du 1er semestre 2022 en Europe et en France\",\"datePublished\":\"2022-08-17T00:00:00+00:00\",\"dateModified\":\"2022-12-13T13:34:00+00:00\",\"mainEntityOfPage\":{\"@id\":\"https:\\\/\\\/www.autojm.fr\\\/blog\\\/immatriculations-bilan-du-1er-semestre-2022-en-europe-et-en-france\\\/\"},\"wordCount\":548,\"commentCount\":0,\"publisher\":{\"@id\":\"https:\\\/\\\/www.autojm.fr\\\/blog\\\/#organization\"},\"image\":{\"@id\":\"https:\\\/\\\/www.autojm.fr\\\/blog\\\/immatriculations-bilan-du-1er-semestre-2022-en-europe-et-en-france\\\/#primaryimage\"},\"thumbnailUrl\":\"https:\\\/\\\/www.autojm.fr\\\/blog\\\/wp-content\\\/uploads\\\/2022\\\/10\\\/691-scaled.jpg\",\"keywords\":[\"autojm\",\"Citro\u00ebn\",\"dacia\",\"DS\",\"Fiat\",\"Ford\",\"Nissan\",\"Opel\",\"peugeot\",\"renault\",\"Volkswagen\"],\"articleSection\":[\"Actualit\u00e9 Automobile\"],\"inLanguage\":\"fr-FR\",\"potentialAction\":[{\"@type\":\"CommentAction\",\"name\":\"Comment\",\"target\":[\"https:\\\/\\\/www.autojm.fr\\\/blog\\\/immatriculations-bilan-du-1er-semestre-2022-en-europe-et-en-france\\\/#respond\"]}]},{\"@type\":\"WebPage\",\"@id\":\"https:\\\/\\\/www.autojm.fr\\\/blog\\\/immatriculations-bilan-du-1er-semestre-2022-en-europe-et-en-france\\\/\",\"url\":\"https:\\\/\\\/www.autojm.fr\\\/blog\\\/immatriculations-bilan-du-1er-semestre-2022-en-europe-et-en-france\\\/\",\"name\":\"AutoJM Mag Actualit\u00e9 Automobile -\",\"isPartOf\":{\"@id\":\"https:\\\/\\\/www.autojm.fr\\\/blog\\\/#website\"},\"primaryImageOfPage\":{\"@id\":\"https:\\\/\\\/www.autojm.fr\\\/blog\\\/immatriculations-bilan-du-1er-semestre-2022-en-europe-et-en-france\\\/#primaryimage\"},\"image\":{\"@id\":\"https:\\\/\\\/www.autojm.fr\\\/blog\\\/immatriculations-bilan-du-1er-semestre-2022-en-europe-et-en-france\\\/#primaryimage\"},\"thumbnailUrl\":\"https:\\\/\\\/www.autojm.fr\\\/blog\\\/wp-content\\\/uploads\\\/2022\\\/10\\\/691-scaled.jpg\",\"datePublished\":\"2022-08-17T00:00:00+00:00\",\"dateModified\":\"2022-12-13T13:34:00+00:00\",\"description\":\"La baisse est de 13,7% pour les immatriculations en Europe sur la p\u00e9riode janvier-juin 2022, soit 5 597 656 v\u00e9hicules immatricul\u00e9s.\",\"breadcrumb\":{\"@id\":\"https:\\\/\\\/www.autojm.fr\\\/blog\\\/immatriculations-bilan-du-1er-semestre-2022-en-europe-et-en-france\\\/#breadcrumb\"},\"inLanguage\":\"fr-FR\",\"potentialAction\":[{\"@type\":\"ReadAction\",\"target\":[\"https:\\\/\\\/www.autojm.fr\\\/blog\\\/immatriculations-bilan-du-1er-semestre-2022-en-europe-et-en-france\\\/\"]}]},{\"@type\":\"ImageObject\",\"inLanguage\":\"fr-FR\",\"@id\":\"https:\\\/\\\/www.autojm.fr\\\/blog\\\/immatriculations-bilan-du-1er-semestre-2022-en-europe-et-en-france\\\/#primaryimage\",\"url\":\"https:\\\/\\\/www.autojm.fr\\\/blog\\\/wp-content\\\/uploads\\\/2022\\\/10\\\/691-scaled.jpg\",\"contentUrl\":\"https:\\\/\\\/www.autojm.fr\\\/blog\\\/wp-content\\\/uploads\\\/2022\\\/10\\\/691-scaled.jpg\",\"width\":2560,\"height\":1160,\"caption\":\"Immatriculations\"},{\"@type\":\"BreadcrumbList\",\"@id\":\"https:\\\/\\\/www.autojm.fr\\\/blog\\\/immatriculations-bilan-du-1er-semestre-2022-en-europe-et-en-france\\\/#breadcrumb\",\"itemListElement\":[{\"@type\":\"ListItem\",\"position\":1,\"name\":\"Accueil\",\"item\":\"https:\\\/\\\/www.autojm.fr\\\/blog\\\/\"},{\"@type\":\"ListItem\",\"position\":2,\"name\":\"Actualit\u00e9 Automobile\",\"item\":\"https:\\\/\\\/www.autojm.fr\\\/blog\\\/actualite-automobile\\\/\"},{\"@type\":\"ListItem\",\"position\":3,\"name\":\"Immatriculations : bilan du 1er semestre 2022 en Europe et en France\"}]},{\"@type\":\"WebSite\",\"@id\":\"https:\\\/\\\/www.autojm.fr\\\/blog\\\/#website\",\"url\":\"https:\\\/\\\/www.autojm.fr\\\/blog\\\/\",\"name\":\"AutoJM Mag\",\"description\":\"Toute l&#039;actu auto en 1 clic !\",\"publisher\":{\"@id\":\"https:\\\/\\\/www.autojm.fr\\\/blog\\\/#organization\"},\"potentialAction\":[{\"@type\":\"SearchAction\",\"target\":{\"@type\":\"EntryPoint\",\"urlTemplate\":\"https:\\\/\\\/www.autojm.fr\\\/blog\\\/?s={search_term_string}\"},\"query-input\":{\"@type\":\"PropertyValueSpecification\",\"valueRequired\":true,\"valueName\":\"search_term_string\"}}],\"inLanguage\":\"fr-FR\"},{\"@type\":\"Organization\",\"@id\":\"https:\\\/\\\/www.autojm.fr\\\/blog\\\/#organization\",\"name\":\"AutoJM Mag\",\"url\":\"https:\\\/\\\/www.autojm.fr\\\/blog\\\/\",\"logo\":{\"@type\":\"ImageObject\",\"inLanguage\":\"fr-FR\",\"@id\":\"https:\\\/\\\/www.autojm.fr\\\/blog\\\/#\\\/schema\\\/logo\\\/image\\\/\",\"url\":\"https:\\\/\\\/www.autojm.fr\\\/blog\\\/wp-content\\\/uploads\\\/2022\\\/12\\\/cropped-AutoJMag-png.png\",\"contentUrl\":\"https:\\\/\\\/www.autojm.fr\\\/blog\\\/wp-content\\\/uploads\\\/2022\\\/12\\\/cropped-AutoJMag-png.png\",\"width\":2834,\"height\":585,\"caption\":\"AutoJM Mag\"},\"image\":{\"@id\":\"https:\\\/\\\/www.autojm.fr\\\/blog\\\/#\\\/schema\\\/logo\\\/image\\\/\"},\"sameAs\":[\"https:\\\/\\\/www.facebook.com\\\/AutoJM25\"]},{\"@type\":\"Person\",\"@id\":\"https:\\\/\\\/www.autojm.fr\\\/blog\\\/#\\\/schema\\\/person\\\/9742bc77541853e0de81fc57f947e1a0\",\"name\":\"Autojm\",\"image\":{\"@type\":\"ImageObject\",\"inLanguage\":\"fr-FR\",\"@id\":\"https:\\\/\\\/secure.gravatar.com\\\/avatar\\\/9a959d52b758fcc232fe4b6aca7bab139182573297122cce7d6f2ee0e537b418?s=96&d=mm&r=g\",\"url\":\"https:\\\/\\\/secure.gravatar.com\\\/avatar\\\/9a959d52b758fcc232fe4b6aca7bab139182573297122cce7d6f2ee0e537b418?s=96&d=mm&r=g\",\"contentUrl\":\"https:\\\/\\\/secure.gravatar.com\\\/avatar\\\/9a959d52b758fcc232fe4b6aca7bab139182573297122cce7d6f2ee0e537b418?s=96&d=mm&r=g\",\"caption\":\"Autojm\"},\"sameAs\":[\"https:\\\/\\\/www.autojm.fr\\\/blog\"],\"url\":\"https:\\\/\\\/www.autojm.fr\\\/blog\\\/author\\\/bichoi\\\/\"}]}<\/script>\n<!-- \/ Yoast SEO plugin. -->","yoast_head_json":{"title":"AutoJM Mag Actualit\u00e9 Automobile -","description":"La baisse est de 13,7% pour les immatriculations en Europe sur la p\u00e9riode janvier-juin 2022, soit 5 597 656 v\u00e9hicules immatricul\u00e9s.","robots":{"index":"index","follow":"follow","max-snippet":"max-snippet:-1","max-image-preview":"max-image-preview:large","max-video-preview":"max-video-preview:-1"},"canonical":"https:\/\/www.autojm.fr\/blog\/immatriculations-bilan-du-1er-semestre-2022-en-europe-et-en-france\/","og_locale":"fr_FR","og_type":"article","og_title":"AutoJM Mag Actualit\u00e9 Automobile -","og_description":"La baisse est de 13,7% pour les immatriculations en Europe sur la p\u00e9riode janvier-juin 2022, soit 5 597 656 v\u00e9hicules immatricul\u00e9s.","og_url":"https:\/\/www.autojm.fr\/blog\/immatriculations-bilan-du-1er-semestre-2022-en-europe-et-en-france\/","og_site_name":"AutoJM Mag","article_publisher":"https:\/\/www.facebook.com\/AutoJM25","article_published_time":"2022-08-17T00:00:00+00:00","article_modified_time":"2022-12-13T13:34:00+00:00","og_image":[{"width":2560,"height":1160,"url":"https:\/\/www.autojm.fr\/blog\/wp-content\/uploads\/2022\/10\/691-scaled.jpg","type":"image\/jpeg"}],"author":"Autojm","twitter_card":"summary_large_image","twitter_misc":{"\u00c9crit par":"Autojm","Dur\u00e9e de lecture estim\u00e9e":"4 minutes"},"schema":{"@context":"https:\/\/schema.org","@graph":[{"@type":"Article","@id":"https:\/\/www.autojm.fr\/blog\/immatriculations-bilan-du-1er-semestre-2022-en-europe-et-en-france\/#article","isPartOf":{"@id":"https:\/\/www.autojm.fr\/blog\/immatriculations-bilan-du-1er-semestre-2022-en-europe-et-en-france\/"},"author":{"name":"Autojm","@id":"https:\/\/www.autojm.fr\/blog\/#\/schema\/person\/9742bc77541853e0de81fc57f947e1a0"},"headline":"Immatriculations : bilan du 1er semestre 2022 en Europe et en France","datePublished":"2022-08-17T00:00:00+00:00","dateModified":"2022-12-13T13:34:00+00:00","mainEntityOfPage":{"@id":"https:\/\/www.autojm.fr\/blog\/immatriculations-bilan-du-1er-semestre-2022-en-europe-et-en-france\/"},"wordCount":548,"commentCount":0,"publisher":{"@id":"https:\/\/www.autojm.fr\/blog\/#organization"},"image":{"@id":"https:\/\/www.autojm.fr\/blog\/immatriculations-bilan-du-1er-semestre-2022-en-europe-et-en-france\/#primaryimage"},"thumbnailUrl":"https:\/\/www.autojm.fr\/blog\/wp-content\/uploads\/2022\/10\/691-scaled.jpg","keywords":["autojm","Citro\u00ebn","dacia","DS","Fiat","Ford","Nissan","Opel","peugeot","renault","Volkswagen"],"articleSection":["Actualit\u00e9 Automobile"],"inLanguage":"fr-FR","potentialAction":[{"@type":"CommentAction","name":"Comment","target":["https:\/\/www.autojm.fr\/blog\/immatriculations-bilan-du-1er-semestre-2022-en-europe-et-en-france\/#respond"]}]},{"@type":"WebPage","@id":"https:\/\/www.autojm.fr\/blog\/immatriculations-bilan-du-1er-semestre-2022-en-europe-et-en-france\/","url":"https:\/\/www.autojm.fr\/blog\/immatriculations-bilan-du-1er-semestre-2022-en-europe-et-en-france\/","name":"AutoJM Mag Actualit\u00e9 Automobile -","isPartOf":{"@id":"https:\/\/www.autojm.fr\/blog\/#website"},"primaryImageOfPage":{"@id":"https:\/\/www.autojm.fr\/blog\/immatriculations-bilan-du-1er-semestre-2022-en-europe-et-en-france\/#primaryimage"},"image":{"@id":"https:\/\/www.autojm.fr\/blog\/immatriculations-bilan-du-1er-semestre-2022-en-europe-et-en-france\/#primaryimage"},"thumbnailUrl":"https:\/\/www.autojm.fr\/blog\/wp-content\/uploads\/2022\/10\/691-scaled.jpg","datePublished":"2022-08-17T00:00:00+00:00","dateModified":"2022-12-13T13:34:00+00:00","description":"La baisse est de 13,7% pour les immatriculations en Europe sur la p\u00e9riode janvier-juin 2022, soit 5 597 656 v\u00e9hicules immatricul\u00e9s.","breadcrumb":{"@id":"https:\/\/www.autojm.fr\/blog\/immatriculations-bilan-du-1er-semestre-2022-en-europe-et-en-france\/#breadcrumb"},"inLanguage":"fr-FR","potentialAction":[{"@type":"ReadAction","target":["https:\/\/www.autojm.fr\/blog\/immatriculations-bilan-du-1er-semestre-2022-en-europe-et-en-france\/"]}]},{"@type":"ImageObject","inLanguage":"fr-FR","@id":"https:\/\/www.autojm.fr\/blog\/immatriculations-bilan-du-1er-semestre-2022-en-europe-et-en-france\/#primaryimage","url":"https:\/\/www.autojm.fr\/blog\/wp-content\/uploads\/2022\/10\/691-scaled.jpg","contentUrl":"https:\/\/www.autojm.fr\/blog\/wp-content\/uploads\/2022\/10\/691-scaled.jpg","width":2560,"height":1160,"caption":"Immatriculations"},{"@type":"BreadcrumbList","@id":"https:\/\/www.autojm.fr\/blog\/immatriculations-bilan-du-1er-semestre-2022-en-europe-et-en-france\/#breadcrumb","itemListElement":[{"@type":"ListItem","position":1,"name":"Accueil","item":"https:\/\/www.autojm.fr\/blog\/"},{"@type":"ListItem","position":2,"name":"Actualit\u00e9 Automobile","item":"https:\/\/www.autojm.fr\/blog\/actualite-automobile\/"},{"@type":"ListItem","position":3,"name":"Immatriculations : bilan du 1er semestre 2022 en Europe et en France"}]},{"@type":"WebSite","@id":"https:\/\/www.autojm.fr\/blog\/#website","url":"https:\/\/www.autojm.fr\/blog\/","name":"AutoJM Mag","description":"Toute l&#039;actu auto en 1 clic !","publisher":{"@id":"https:\/\/www.autojm.fr\/blog\/#organization"},"potentialAction":[{"@type":"SearchAction","target":{"@type":"EntryPoint","urlTemplate":"https:\/\/www.autojm.fr\/blog\/?s={search_term_string}"},"query-input":{"@type":"PropertyValueSpecification","valueRequired":true,"valueName":"search_term_string"}}],"inLanguage":"fr-FR"},{"@type":"Organization","@id":"https:\/\/www.autojm.fr\/blog\/#organization","name":"AutoJM Mag","url":"https:\/\/www.autojm.fr\/blog\/","logo":{"@type":"ImageObject","inLanguage":"fr-FR","@id":"https:\/\/www.autojm.fr\/blog\/#\/schema\/logo\/image\/","url":"https:\/\/www.autojm.fr\/blog\/wp-content\/uploads\/2022\/12\/cropped-AutoJMag-png.png","contentUrl":"https:\/\/www.autojm.fr\/blog\/wp-content\/uploads\/2022\/12\/cropped-AutoJMag-png.png","width":2834,"height":585,"caption":"AutoJM Mag"},"image":{"@id":"https:\/\/www.autojm.fr\/blog\/#\/schema\/logo\/image\/"},"sameAs":["https:\/\/www.facebook.com\/AutoJM25"]},{"@type":"Person","@id":"https:\/\/www.autojm.fr\/blog\/#\/schema\/person\/9742bc77541853e0de81fc57f947e1a0","name":"Autojm","image":{"@type":"ImageObject","inLanguage":"fr-FR","@id":"https:\/\/secure.gravatar.com\/avatar\/9a959d52b758fcc232fe4b6aca7bab139182573297122cce7d6f2ee0e537b418?s=96&d=mm&r=g","url":"https:\/\/secure.gravatar.com\/avatar\/9a959d52b758fcc232fe4b6aca7bab139182573297122cce7d6f2ee0e537b418?s=96&d=mm&r=g","contentUrl":"https:\/\/secure.gravatar.com\/avatar\/9a959d52b758fcc232fe4b6aca7bab139182573297122cce7d6f2ee0e537b418?s=96&d=mm&r=g","caption":"Autojm"},"sameAs":["https:\/\/www.autojm.fr\/blog"],"url":"https:\/\/www.autojm.fr\/blog\/author\/bichoi\/"}]}},"_links":{"self":[{"href":"https:\/\/www.autojm.fr\/blog\/wp-json\/wp\/v2\/posts\/3960","targetHints":{"allow":["GET"]}}],"collection":[{"href":"https:\/\/www.autojm.fr\/blog\/wp-json\/wp\/v2\/posts"}],"about":[{"href":"https:\/\/www.autojm.fr\/blog\/wp-json\/wp\/v2\/types\/post"}],"author":[{"embeddable":true,"href":"https:\/\/www.autojm.fr\/blog\/wp-json\/wp\/v2\/users\/1"}],"replies":[{"embeddable":true,"href":"https:\/\/www.autojm.fr\/blog\/wp-json\/wp\/v2\/comments?post=3960"}],"version-history":[{"count":6,"href":"https:\/\/www.autojm.fr\/blog\/wp-json\/wp\/v2\/posts\/3960\/revisions"}],"predecessor-version":[{"id":7715,"href":"https:\/\/www.autojm.fr\/blog\/wp-json\/wp\/v2\/posts\/3960\/revisions\/7715"}],"wp:featuredmedia":[{"embeddable":true,"href":"https:\/\/www.autojm.fr\/blog\/wp-json\/wp\/v2\/media\/6017"}],"wp:attachment":[{"href":"https:\/\/www.autojm.fr\/blog\/wp-json\/wp\/v2\/media?parent=3960"}],"wp:term":[{"taxonomy":"category","embeddable":true,"href":"https:\/\/www.autojm.fr\/blog\/wp-json\/wp\/v2\/categories?post=3960"},{"taxonomy":"post_tag","embeddable":true,"href":"https:\/\/www.autojm.fr\/blog\/wp-json\/wp\/v2\/tags?post=3960"}],"curies":[{"name":"wp","href":"https:\/\/api.w.org\/{rel}","templated":true}]}}