{"id":3959,"date":"2022-08-09T00:00:00","date_gmt":"2022-08-09T00:00:00","guid":{"rendered":"https:\/\/www.autojm.fr\/blog\/ds7-crossback-devient-ds7\/"},"modified":"2023-04-17T14:30:34","modified_gmt":"2023-04-17T14:30:34","slug":"ds7-crossback-devient-ds7","status":"publish","type":"post","link":"https:\/\/www.autojm.fr\/blog\/ds7-crossback-devient-ds7\/","title":{"rendered":"DS7 Crossback devient DS7"},"content":{"rendered":"<p>C&rsquo;est le mod\u00e8le phare de la marque fran\u00e7aise DS. Le SUV DS7 Crossback a droit \u00e0 une nouvelle g\u00e9n\u00e9ration qui, en plus de quelques modifications physiques et technologiques, adopte un nouveau nom. Adieu le terme Crossback, on doit d\u00e9sormais l&rsquo;appeler <strong><a href=\"https:\/\/www.autojm.fr\/achat-voitures-neuves-ds-nouvelle-ds7-5p?part=blog&amp;utm_source=articleblog090822&amp;utm_medium=blog\">DS7<\/a><\/strong>. Simple dans le nom, mais pas dans le design : le DS7 a du caract\u00e8re et sait toujours aussi bien se distinguer.<\/p>\n<h2>Des nouveaux feux pour le DS7 2022<\/h2>\n<p>Le design du nouveau DS7 adopte une nouvelle signature lumineuse compos\u00e9e d&rsquo;un feu de jour sous lequel 4 traits lumineux verticaux prennent place, contre un seul trait plus \u00e9pais sur l&rsquo;ancien DS7 Crossback. Baptis\u00e9e DS Light Veil, cette nouvelle identit\u00e9 lumineuse se compose de 33 LED pour chaque groupe de 4 traits lumineux. Elle donne un charme certain au SUV, qui garde une volont\u00e9 de faire partie des haut de gamme de sa cat\u00e9gorie.<\/p>\n<p>Les feux de jour sont plus effil\u00e9s que sur le DS7 Crossback, la calandre a \u00e9t\u00e9 agrandie et accueille un logo DS full black sur certaines finitions. A l&rsquo;arri\u00e8re, un bandeau noir prend place sur toute la longueur et arbore le logo DS Automobiles.<\/p>\n<p>La DS7 2022 s&rsquo;\u00e9tire sur 4,59 m\u00e8tres de longueur, 1,62 m\u00e8tre de hauteur et 2,09 m\u00e8tres de largeur (avec r\u00e9tros). Elle se d\u00e9cline en coloris Cristal Pearl, Gris Laqu\u00e9, Bleu Saphir, Gris Platinium, Noir Perla Nera et Blanc Nacr\u00e9. Les jantes sont entr 18 et 21 pouces, pour une bonne tenue de route.<\/p>\n<h1>Finitions et motorisations du nouveau DS7<\/h1>\n<p>Du c\u00f4t\u00e9 des finitions, DS d\u00e9cline son nouveau DS7 en 6 mod\u00e8les : Bastille, Performance Line, Performance Line +, Rivoli, Opera et La Premi\u00e8re. On retrouve dans les motorisations une unique version thermique, un moteur diesel BlueHDi de 130 chevaux, et trois versions hybrides rechargeables de 225, 300 et 360 chevaux.<\/p>\n<p>Le DS7 E-Tense 225 est compos\u00e9 d&rsquo;un moteur essence PureTech de 180 chevaux combin\u00e9 \u00e0 un moteur \u00e9lectrique de 110 chevaux. Les DS7 E-Tense 300 et 360 sont compos\u00e9s d&rsquo;un moteur PureTech de 200 chevaux associ\u00e9 \u00e0 un moteur \u00e9lectrique avec 110 chevaux sur le train avant et 112 chevaux sur le train arri\u00e8re. Le DS7 E-Tense 360 chevaux b\u00e9n\u00e9ficie de r\u00e9glages sp\u00e9cifiques qui lui permettent d&rsquo;avoir une telle puissance.<\/p>\n<p>L&rsquo;autonomie totale des versions hybrides sera de 60 km en cycle mixte et jusqu&rsquo;\u00e0 80 km en cycle urbain, avec un syst\u00e8me de transmission int\u00e9grale pour les versions de 300 et 360 chevaux.<\/p>\n<h2>Un int\u00e9rieur soign\u00e9 et des technologies de pointe<\/h2>\n<p>A l&rsquo;int\u00e9rieur, DS continue de conf\u00e9rer au DS7 un look \u00e9l\u00e9gant et soign\u00e9. La finition <strong><a href=\"https:\/\/www.autojm.fr\/voiture-neuve-ds-nouvelle-ds7-performance-line-blue-hdi-130-automatique?part=blog&amp;utm_source=articleblog090822&amp;utm_medium=blog\">Performance Line<\/a><\/strong> propose une sellerie noir en Alcantara avec des surpiq\u00fbres Or et Carmin, la finition <strong><a href=\"https:\/\/www.autojm.fr\/voiture-neuve-ds-nouvelle-ds7-bastille-e-tense-300?part=blog&amp;utm_source=articleblog090822&amp;utm_medium=blog\">Bastille<\/a><\/strong> propose un grain Noir Basalte inspir\u00e9 du cuir de poisson et la finition <strong><a href=\"https:\/\/www.autojm.fr\/voiture-neuve-ds-nouvelle-ds7-opera-e-tense-225?part=blog&amp;utm_source=articleblog090822&amp;utm_medium=blog\">Op\u00e9ra<\/a><\/strong> propose au choix deux teintes de cuir Nappa noir et gris perle avec un nouvel effet drap\u00e9 sur les d\u00e9cors en cuir Nappa des panneaux de porte et de la planche de bord.<\/p>\n<p>Enfin, la DS7 n&rsquo;est bien \u00e9videmment pas d\u00e9nu\u00e9e de technologies. Dans la nouvelle DS7, on retrouve : DS Active Scan Suspension, vision 360, DS Drive Assist, DS Driver Attention Monitoring, DS Pixel LED Vision 3.0, DS Night Vision.<\/p>\n<p>Vous pouvez la commander d\u00e8s maintenant et \u00e0 moindre prix chez AutoJM.<span style=\"font-weight: bold;\">\u00a0 <\/span><\/p>\n","protected":false},"excerpt":{"rendered":"<p>C&rsquo;est le mod\u00e8le phare de la marque fran\u00e7aise DS. Le SUV DS7 Crossback a droit \u00e0 une nouvelle g\u00e9n\u00e9ration qui, en plus de quelques modifications physiques et technologiques, adopte un nouveau nom. Adieu le terme Crossback, on doit d\u00e9sormais l&rsquo;appeler DS7<\/p>\n","protected":false},"author":1,"featured_media":6016,"comment_status":"open","ping_status":"open","sticky":false,"template":"","format":"standard","meta":{"_acf_changed":false,"content-type":"","footnotes":""},"categories":[234],"tags":[90,105,111],"class_list":["post-3959","post","type-post","status-publish","format-standard","has-post-thumbnail","hentry","category-nouveaute-ds","tag-autojm","tag-ds","tag-ds7"],"acf":[],"yoast_head":"<!-- This site is optimized with the Yoast SEO plugin v27.5 - https:\/\/yoast.com\/product\/yoast-seo-wordpress\/ -->\n<title>DS7 Crossback devient DS7 - AutoJM Mag<\/title>\n<meta name=\"description\" content=\"Le SUV DS7 Crossback a droit \u00e0 une nouvelle g\u00e9n\u00e9ration qui, en plus de quelques modifications physiques, adopte le nouveau nom de DS7.\" \/>\n<meta name=\"robots\" content=\"index, follow, max-snippet:-1, max-image-preview:large, max-video-preview:-1\" \/>\n<link rel=\"canonical\" href=\"https:\/\/www.autojm.fr\/blog\/ds7-crossback-devient-ds7\/\" \/>\n<meta property=\"og:locale\" content=\"fr_FR\" \/>\n<meta property=\"og:type\" content=\"article\" \/>\n<meta property=\"og:title\" content=\"DS7 Crossback devient DS7 - AutoJM Mag\" \/>\n<meta property=\"og:description\" content=\"Le SUV DS7 Crossback a droit \u00e0 une nouvelle g\u00e9n\u00e9ration qui, en plus de quelques modifications physiques, adopte le nouveau nom de DS7.\" \/>\n<meta property=\"og:url\" content=\"https:\/\/www.autojm.fr\/blog\/ds7-crossback-devient-ds7\/\" \/>\n<meta property=\"og:site_name\" content=\"AutoJM Mag\" \/>\n<meta property=\"article:publisher\" content=\"https:\/\/www.facebook.com\/AutoJM25\" \/>\n<meta property=\"article:published_time\" content=\"2022-08-09T00:00:00+00:00\" \/>\n<meta property=\"article:modified_time\" content=\"2023-04-17T14:30:34+00:00\" \/>\n<meta property=\"og:image\" content=\"https:\/\/www.autojm.fr\/blog\/wp-content\/uploads\/2022\/10\/690.jpg\" \/>\n\t<meta property=\"og:image:width\" content=\"1024\" \/>\n\t<meta property=\"og:image:height\" content=\"465\" \/>\n\t<meta property=\"og:image:type\" content=\"image\/jpeg\" \/>\n<meta name=\"author\" content=\"Autojm\" \/>\n<meta name=\"twitter:card\" content=\"summary_large_image\" \/>\n<meta name=\"twitter:label1\" content=\"\u00c9crit par\" \/>\n\t<meta name=\"twitter:data1\" content=\"Autojm\" \/>\n\t<meta name=\"twitter:label2\" content=\"Dur\u00e9e de lecture estim\u00e9e\" \/>\n\t<meta name=\"twitter:data2\" content=\"3 minutes\" \/>\n<script type=\"application\/ld+json\" class=\"yoast-schema-graph\">{\"@context\":\"https:\\\/\\\/schema.org\",\"@graph\":[{\"@type\":\"Article\",\"@id\":\"https:\\\/\\\/www.autojm.fr\\\/blog\\\/ds7-crossback-devient-ds7\\\/#article\",\"isPartOf\":{\"@id\":\"https:\\\/\\\/www.autojm.fr\\\/blog\\\/ds7-crossback-devient-ds7\\\/\"},\"author\":{\"name\":\"Autojm\",\"@id\":\"https:\\\/\\\/www.autojm.fr\\\/blog\\\/#\\\/schema\\\/person\\\/9742bc77541853e0de81fc57f947e1a0\"},\"headline\":\"DS7 Crossback devient DS7\",\"datePublished\":\"2022-08-09T00:00:00+00:00\",\"dateModified\":\"2023-04-17T14:30:34+00:00\",\"mainEntityOfPage\":{\"@id\":\"https:\\\/\\\/www.autojm.fr\\\/blog\\\/ds7-crossback-devient-ds7\\\/\"},\"wordCount\":543,\"commentCount\":0,\"publisher\":{\"@id\":\"https:\\\/\\\/www.autojm.fr\\\/blog\\\/#organization\"},\"image\":{\"@id\":\"https:\\\/\\\/www.autojm.fr\\\/blog\\\/ds7-crossback-devient-ds7\\\/#primaryimage\"},\"thumbnailUrl\":\"https:\\\/\\\/www.autojm.fr\\\/blog\\\/wp-content\\\/uploads\\\/2022\\\/10\\\/690.jpg\",\"keywords\":[\"autojm\",\"DS\",\"DS7\"],\"articleSection\":[\"Nouveaut\u00e9 DS\"],\"inLanguage\":\"fr-FR\",\"potentialAction\":[{\"@type\":\"CommentAction\",\"name\":\"Comment\",\"target\":[\"https:\\\/\\\/www.autojm.fr\\\/blog\\\/ds7-crossback-devient-ds7\\\/#respond\"]}]},{\"@type\":\"WebPage\",\"@id\":\"https:\\\/\\\/www.autojm.fr\\\/blog\\\/ds7-crossback-devient-ds7\\\/\",\"url\":\"https:\\\/\\\/www.autojm.fr\\\/blog\\\/ds7-crossback-devient-ds7\\\/\",\"name\":\"DS7 Crossback devient DS7 - AutoJM Mag\",\"isPartOf\":{\"@id\":\"https:\\\/\\\/www.autojm.fr\\\/blog\\\/#website\"},\"primaryImageOfPage\":{\"@id\":\"https:\\\/\\\/www.autojm.fr\\\/blog\\\/ds7-crossback-devient-ds7\\\/#primaryimage\"},\"image\":{\"@id\":\"https:\\\/\\\/www.autojm.fr\\\/blog\\\/ds7-crossback-devient-ds7\\\/#primaryimage\"},\"thumbnailUrl\":\"https:\\\/\\\/www.autojm.fr\\\/blog\\\/wp-content\\\/uploads\\\/2022\\\/10\\\/690.jpg\",\"datePublished\":\"2022-08-09T00:00:00+00:00\",\"dateModified\":\"2023-04-17T14:30:34+00:00\",\"description\":\"Le SUV DS7 Crossback a droit \u00e0 une nouvelle g\u00e9n\u00e9ration qui, en plus de quelques modifications physiques, adopte le nouveau nom de DS7.\",\"breadcrumb\":{\"@id\":\"https:\\\/\\\/www.autojm.fr\\\/blog\\\/ds7-crossback-devient-ds7\\\/#breadcrumb\"},\"inLanguage\":\"fr-FR\",\"potentialAction\":[{\"@type\":\"ReadAction\",\"target\":[\"https:\\\/\\\/www.autojm.fr\\\/blog\\\/ds7-crossback-devient-ds7\\\/\"]}]},{\"@type\":\"ImageObject\",\"inLanguage\":\"fr-FR\",\"@id\":\"https:\\\/\\\/www.autojm.fr\\\/blog\\\/ds7-crossback-devient-ds7\\\/#primaryimage\",\"url\":\"https:\\\/\\\/www.autojm.fr\\\/blog\\\/wp-content\\\/uploads\\\/2022\\\/10\\\/690.jpg\",\"contentUrl\":\"https:\\\/\\\/www.autojm.fr\\\/blog\\\/wp-content\\\/uploads\\\/2022\\\/10\\\/690.jpg\",\"width\":1024,\"height\":465,\"caption\":\"DS7\"},{\"@type\":\"BreadcrumbList\",\"@id\":\"https:\\\/\\\/www.autojm.fr\\\/blog\\\/ds7-crossback-devient-ds7\\\/#breadcrumb\",\"itemListElement\":[{\"@type\":\"ListItem\",\"position\":1,\"name\":\"Accueil\",\"item\":\"https:\\\/\\\/www.autojm.fr\\\/blog\\\/\"},{\"@type\":\"ListItem\",\"position\":2,\"name\":\"Nouveaut\u00e9s Autos\",\"item\":\"https:\\\/\\\/www.autojm.fr\\\/blog\\\/nouveautes-autos\\\/\"},{\"@type\":\"ListItem\",\"position\":3,\"name\":\"Nouveaut\u00e9 DS\",\"item\":\"https:\\\/\\\/www.autojm.fr\\\/blog\\\/nouveautes-autos\\\/nouveaute-ds\\\/\"},{\"@type\":\"ListItem\",\"position\":4,\"name\":\"DS7 Crossback devient DS7\"}]},{\"@type\":\"WebSite\",\"@id\":\"https:\\\/\\\/www.autojm.fr\\\/blog\\\/#website\",\"url\":\"https:\\\/\\\/www.autojm.fr\\\/blog\\\/\",\"name\":\"AutoJM Mag\",\"description\":\"Toute l&#039;actu auto en 1 clic !\",\"publisher\":{\"@id\":\"https:\\\/\\\/www.autojm.fr\\\/blog\\\/#organization\"},\"potentialAction\":[{\"@type\":\"SearchAction\",\"target\":{\"@type\":\"EntryPoint\",\"urlTemplate\":\"https:\\\/\\\/www.autojm.fr\\\/blog\\\/?s={search_term_string}\"},\"query-input\":{\"@type\":\"PropertyValueSpecification\",\"valueRequired\":true,\"valueName\":\"search_term_string\"}}],\"inLanguage\":\"fr-FR\"},{\"@type\":\"Organization\",\"@id\":\"https:\\\/\\\/www.autojm.fr\\\/blog\\\/#organization\",\"name\":\"AutoJM Mag\",\"url\":\"https:\\\/\\\/www.autojm.fr\\\/blog\\\/\",\"logo\":{\"@type\":\"ImageObject\",\"inLanguage\":\"fr-FR\",\"@id\":\"https:\\\/\\\/www.autojm.fr\\\/blog\\\/#\\\/schema\\\/logo\\\/image\\\/\",\"url\":\"https:\\\/\\\/www.autojm.fr\\\/blog\\\/wp-content\\\/uploads\\\/2022\\\/12\\\/cropped-AutoJMag-png.png\",\"contentUrl\":\"https:\\\/\\\/www.autojm.fr\\\/blog\\\/wp-content\\\/uploads\\\/2022\\\/12\\\/cropped-AutoJMag-png.png\",\"width\":2834,\"height\":585,\"caption\":\"AutoJM Mag\"},\"image\":{\"@id\":\"https:\\\/\\\/www.autojm.fr\\\/blog\\\/#\\\/schema\\\/logo\\\/image\\\/\"},\"sameAs\":[\"https:\\\/\\\/www.facebook.com\\\/AutoJM25\"]},{\"@type\":\"Person\",\"@id\":\"https:\\\/\\\/www.autojm.fr\\\/blog\\\/#\\\/schema\\\/person\\\/9742bc77541853e0de81fc57f947e1a0\",\"name\":\"Autojm\",\"image\":{\"@type\":\"ImageObject\",\"inLanguage\":\"fr-FR\",\"@id\":\"https:\\\/\\\/secure.gravatar.com\\\/avatar\\\/9a959d52b758fcc232fe4b6aca7bab139182573297122cce7d6f2ee0e537b418?s=96&d=mm&r=g\",\"url\":\"https:\\\/\\\/secure.gravatar.com\\\/avatar\\\/9a959d52b758fcc232fe4b6aca7bab139182573297122cce7d6f2ee0e537b418?s=96&d=mm&r=g\",\"contentUrl\":\"https:\\\/\\\/secure.gravatar.com\\\/avatar\\\/9a959d52b758fcc232fe4b6aca7bab139182573297122cce7d6f2ee0e537b418?s=96&d=mm&r=g\",\"caption\":\"Autojm\"},\"sameAs\":[\"https:\\\/\\\/www.autojm.fr\\\/blog\"],\"url\":\"https:\\\/\\\/www.autojm.fr\\\/blog\\\/author\\\/bichoi\\\/\"}]}<\/script>\n<!-- \/ Yoast SEO plugin. -->","yoast_head_json":{"title":"DS7 Crossback devient DS7 - AutoJM Mag","description":"Le SUV DS7 Crossback a droit \u00e0 une nouvelle g\u00e9n\u00e9ration qui, en plus de quelques modifications physiques, adopte le nouveau nom de DS7.","robots":{"index":"index","follow":"follow","max-snippet":"max-snippet:-1","max-image-preview":"max-image-preview:large","max-video-preview":"max-video-preview:-1"},"canonical":"https:\/\/www.autojm.fr\/blog\/ds7-crossback-devient-ds7\/","og_locale":"fr_FR","og_type":"article","og_title":"DS7 Crossback devient DS7 - AutoJM Mag","og_description":"Le SUV DS7 Crossback a droit \u00e0 une nouvelle g\u00e9n\u00e9ration qui, en plus de quelques modifications physiques, adopte le nouveau nom de DS7.","og_url":"https:\/\/www.autojm.fr\/blog\/ds7-crossback-devient-ds7\/","og_site_name":"AutoJM Mag","article_publisher":"https:\/\/www.facebook.com\/AutoJM25","article_published_time":"2022-08-09T00:00:00+00:00","article_modified_time":"2023-04-17T14:30:34+00:00","og_image":[{"width":1024,"height":465,"url":"https:\/\/www.autojm.fr\/blog\/wp-content\/uploads\/2022\/10\/690.jpg","type":"image\/jpeg"}],"author":"Autojm","twitter_card":"summary_large_image","twitter_misc":{"\u00c9crit par":"Autojm","Dur\u00e9e de lecture estim\u00e9e":"3 minutes"},"schema":{"@context":"https:\/\/schema.org","@graph":[{"@type":"Article","@id":"https:\/\/www.autojm.fr\/blog\/ds7-crossback-devient-ds7\/#article","isPartOf":{"@id":"https:\/\/www.autojm.fr\/blog\/ds7-crossback-devient-ds7\/"},"author":{"name":"Autojm","@id":"https:\/\/www.autojm.fr\/blog\/#\/schema\/person\/9742bc77541853e0de81fc57f947e1a0"},"headline":"DS7 Crossback devient DS7","datePublished":"2022-08-09T00:00:00+00:00","dateModified":"2023-04-17T14:30:34+00:00","mainEntityOfPage":{"@id":"https:\/\/www.autojm.fr\/blog\/ds7-crossback-devient-ds7\/"},"wordCount":543,"commentCount":0,"publisher":{"@id":"https:\/\/www.autojm.fr\/blog\/#organization"},"image":{"@id":"https:\/\/www.autojm.fr\/blog\/ds7-crossback-devient-ds7\/#primaryimage"},"thumbnailUrl":"https:\/\/www.autojm.fr\/blog\/wp-content\/uploads\/2022\/10\/690.jpg","keywords":["autojm","DS","DS7"],"articleSection":["Nouveaut\u00e9 DS"],"inLanguage":"fr-FR","potentialAction":[{"@type":"CommentAction","name":"Comment","target":["https:\/\/www.autojm.fr\/blog\/ds7-crossback-devient-ds7\/#respond"]}]},{"@type":"WebPage","@id":"https:\/\/www.autojm.fr\/blog\/ds7-crossback-devient-ds7\/","url":"https:\/\/www.autojm.fr\/blog\/ds7-crossback-devient-ds7\/","name":"DS7 Crossback devient DS7 - AutoJM Mag","isPartOf":{"@id":"https:\/\/www.autojm.fr\/blog\/#website"},"primaryImageOfPage":{"@id":"https:\/\/www.autojm.fr\/blog\/ds7-crossback-devient-ds7\/#primaryimage"},"image":{"@id":"https:\/\/www.autojm.fr\/blog\/ds7-crossback-devient-ds7\/#primaryimage"},"thumbnailUrl":"https:\/\/www.autojm.fr\/blog\/wp-content\/uploads\/2022\/10\/690.jpg","datePublished":"2022-08-09T00:00:00+00:00","dateModified":"2023-04-17T14:30:34+00:00","description":"Le SUV DS7 Crossback a droit \u00e0 une nouvelle g\u00e9n\u00e9ration qui, en plus de quelques modifications physiques, adopte le nouveau nom de DS7.","breadcrumb":{"@id":"https:\/\/www.autojm.fr\/blog\/ds7-crossback-devient-ds7\/#breadcrumb"},"inLanguage":"fr-FR","potentialAction":[{"@type":"ReadAction","target":["https:\/\/www.autojm.fr\/blog\/ds7-crossback-devient-ds7\/"]}]},{"@type":"ImageObject","inLanguage":"fr-FR","@id":"https:\/\/www.autojm.fr\/blog\/ds7-crossback-devient-ds7\/#primaryimage","url":"https:\/\/www.autojm.fr\/blog\/wp-content\/uploads\/2022\/10\/690.jpg","contentUrl":"https:\/\/www.autojm.fr\/blog\/wp-content\/uploads\/2022\/10\/690.jpg","width":1024,"height":465,"caption":"DS7"},{"@type":"BreadcrumbList","@id":"https:\/\/www.autojm.fr\/blog\/ds7-crossback-devient-ds7\/#breadcrumb","itemListElement":[{"@type":"ListItem","position":1,"name":"Accueil","item":"https:\/\/www.autojm.fr\/blog\/"},{"@type":"ListItem","position":2,"name":"Nouveaut\u00e9s Autos","item":"https:\/\/www.autojm.fr\/blog\/nouveautes-autos\/"},{"@type":"ListItem","position":3,"name":"Nouveaut\u00e9 DS","item":"https:\/\/www.autojm.fr\/blog\/nouveautes-autos\/nouveaute-ds\/"},{"@type":"ListItem","position":4,"name":"DS7 Crossback devient DS7"}]},{"@type":"WebSite","@id":"https:\/\/www.autojm.fr\/blog\/#website","url":"https:\/\/www.autojm.fr\/blog\/","name":"AutoJM Mag","description":"Toute l&#039;actu auto en 1 clic !","publisher":{"@id":"https:\/\/www.autojm.fr\/blog\/#organization"},"potentialAction":[{"@type":"SearchAction","target":{"@type":"EntryPoint","urlTemplate":"https:\/\/www.autojm.fr\/blog\/?s={search_term_string}"},"query-input":{"@type":"PropertyValueSpecification","valueRequired":true,"valueName":"search_term_string"}}],"inLanguage":"fr-FR"},{"@type":"Organization","@id":"https:\/\/www.autojm.fr\/blog\/#organization","name":"AutoJM Mag","url":"https:\/\/www.autojm.fr\/blog\/","logo":{"@type":"ImageObject","inLanguage":"fr-FR","@id":"https:\/\/www.autojm.fr\/blog\/#\/schema\/logo\/image\/","url":"https:\/\/www.autojm.fr\/blog\/wp-content\/uploads\/2022\/12\/cropped-AutoJMag-png.png","contentUrl":"https:\/\/www.autojm.fr\/blog\/wp-content\/uploads\/2022\/12\/cropped-AutoJMag-png.png","width":2834,"height":585,"caption":"AutoJM Mag"},"image":{"@id":"https:\/\/www.autojm.fr\/blog\/#\/schema\/logo\/image\/"},"sameAs":["https:\/\/www.facebook.com\/AutoJM25"]},{"@type":"Person","@id":"https:\/\/www.autojm.fr\/blog\/#\/schema\/person\/9742bc77541853e0de81fc57f947e1a0","name":"Autojm","image":{"@type":"ImageObject","inLanguage":"fr-FR","@id":"https:\/\/secure.gravatar.com\/avatar\/9a959d52b758fcc232fe4b6aca7bab139182573297122cce7d6f2ee0e537b418?s=96&d=mm&r=g","url":"https:\/\/secure.gravatar.com\/avatar\/9a959d52b758fcc232fe4b6aca7bab139182573297122cce7d6f2ee0e537b418?s=96&d=mm&r=g","contentUrl":"https:\/\/secure.gravatar.com\/avatar\/9a959d52b758fcc232fe4b6aca7bab139182573297122cce7d6f2ee0e537b418?s=96&d=mm&r=g","caption":"Autojm"},"sameAs":["https:\/\/www.autojm.fr\/blog"],"url":"https:\/\/www.autojm.fr\/blog\/author\/bichoi\/"}]}},"_links":{"self":[{"href":"https:\/\/www.autojm.fr\/blog\/wp-json\/wp\/v2\/posts\/3959","targetHints":{"allow":["GET"]}}],"collection":[{"href":"https:\/\/www.autojm.fr\/blog\/wp-json\/wp\/v2\/posts"}],"about":[{"href":"https:\/\/www.autojm.fr\/blog\/wp-json\/wp\/v2\/types\/post"}],"author":[{"embeddable":true,"href":"https:\/\/www.autojm.fr\/blog\/wp-json\/wp\/v2\/users\/1"}],"replies":[{"embeddable":true,"href":"https:\/\/www.autojm.fr\/blog\/wp-json\/wp\/v2\/comments?post=3959"}],"version-history":[{"count":7,"href":"https:\/\/www.autojm.fr\/blog\/wp-json\/wp\/v2\/posts\/3959\/revisions"}],"predecessor-version":[{"id":9160,"href":"https:\/\/www.autojm.fr\/blog\/wp-json\/wp\/v2\/posts\/3959\/revisions\/9160"}],"wp:featuredmedia":[{"embeddable":true,"href":"https:\/\/www.autojm.fr\/blog\/wp-json\/wp\/v2\/media\/6016"}],"wp:attachment":[{"href":"https:\/\/www.autojm.fr\/blog\/wp-json\/wp\/v2\/media?parent=3959"}],"wp:term":[{"taxonomy":"category","embeddable":true,"href":"https:\/\/www.autojm.fr\/blog\/wp-json\/wp\/v2\/categories?post=3959"},{"taxonomy":"post_tag","embeddable":true,"href":"https:\/\/www.autojm.fr\/blog\/wp-json\/wp\/v2\/tags?post=3959"}],"curies":[{"name":"wp","href":"https:\/\/api.w.org\/{rel}","templated":true}]}}