{"id":3958,"date":"2022-09-07T00:00:00","date_gmt":"2022-09-07T00:00:00","guid":{"rendered":"https:\/\/www.autojm.fr\/blog\/automobile-les-changements-au-1er-septembre\/"},"modified":"2023-04-17T14:24:37","modified_gmt":"2023-04-17T14:24:37","slug":"automobile-les-changements-au-1er-septembre","status":"publish","type":"post","link":"https:\/\/www.autojm.fr\/blog\/automobile-les-changements-au-1er-septembre\/","title":{"rendered":"Automobile : les changements au 1er septembre"},"content":{"rendered":"<p><span class=\"TextRun SCXW88702972 BCX0\" lang=\"FR-FR\" style=\"margin: 0px; padding: 0px; user-select: text; -webkit-user-drag: none; -webkit-tap-highlight-color: transparent; color: #000000; white-space: pre-wrap; font-size: 11pt; line-height: 19.425px; font-family: Calibri, Calibri_EmbeddedFont, Calibri_MSFontService, sans-serif; font-variant-ligatures: none !important;\" data-contrast=\"auto\"><span class=\"NormalTextRun SCXW88702972 BCX0\" style=\"margin: 0px; padding: 0px; user-select: text; -webkit-user-drag: none; -webkit-tap-highlight-color: transparent;\">De nombre<\/span><span class=\"NormalTextRun SCXW88702972 BCX0\" style=\"margin: 0px; padding: 0px; user-select: text; -webkit-user-drag: none; -webkit-tap-highlight-color: transparent;\">uses modifications<\/span><span class=\"NormalTextRun SCXW88702972 BCX0\" style=\"margin: 0px; padding: 0px; user-select: text; -webkit-user-drag: none; -webkit-tap-highlight-color: transparent;\"> concernant le secteur de l&rsquo;automobile <\/span><span class=\"NormalTextRun SCXW88702972 BCX0\" style=\"margin: 0px; padding: 0px; user-select: text; -webkit-user-drag: none; -webkit-tap-highlight-color: transparent;\">aur<\/span><span class=\"NormalTextRun SCXW88702972 BCX0\" style=\"margin: 0px; padding: 0px; user-select: text; -webkit-user-drag: none; -webkit-tap-highlight-color: transparent;\">ont lieu au mois de septembre. On vous en dit plus sur ce qui va changer pour vous, <\/span><span class=\"NormalTextRun SCXW88702972 BCX0\" style=\"margin: 0px; padding: 0px; user-select: text; -webkit-user-drag: none; -webkit-tap-highlight-color: transparent;\">afin de continuer \u00e0 rouler en toute tranquillit\u00e9.<\/span><\/span><\/p>\n<div class=\"OutlineElement Ltr SCXW114549797 BCX0\" style=\"margin: 0px; padding: 0px; user-select: text; -webkit-user-drag: none; -webkit-tap-highlight-color: transparent; overflow: visible; cursor: text; clear: both; position: relative; direction: ltr; color: #000000;\"><span class=\"TextRun SCXW114549797 BCX0\" lang=\"FR-FR\" style=\"margin: 0px; padding: 0px; user-select: text; -webkit-user-drag: none; -webkit-tap-highlight-color: transparent; font-size: 11pt; line-height: 19.425px; font-family: Calibri, Calibri_EmbeddedFont, Calibri_MSFontService, sans-serif; font-weight: bold; font-variant-ligatures: none !important;\" data-contrast=\"auto\"><span class=\"NormalTextRun SCXW114549797 BCX0\" style=\"margin: 0px; padding: 0px; user-select: text; -webkit-user-drag: none; -webkit-tap-highlight-color: transparent;\">Les ZFE se d\u00e9veloppent <\/span><span class=\"NormalTextRun SCXW114549797 BCX0\" style=\"margin: 0px; padding: 0px; user-select: text; -webkit-user-drag: none; -webkit-tap-highlight-color: transparent;\">davantage <\/span><span class=\"NormalTextRun SCXW114549797 BCX0\" style=\"margin: 0px; padding: 0px; user-select: text; -webkit-user-drag: none; -webkit-tap-highlight-color: transparent;\">en France<\/span><\/span><\/p>\n<p class=\"Paragraph SCXW114549797 BCX0\" style=\"margin-top: 0px; margin-bottom: 0px; padding: 0px; user-select: text; -webkit-user-drag: none; -webkit-tap-highlight-color: transparent; overflow-wrap: break-word; white-space: pre-wrap; vertical-align: baseline; font-kerning: none; background-color: transparent; color: windowtext;\">\n<\/div>\n<div class=\"OutlineElement Ltr SCXW114549797 BCX0\" style=\"margin: 0px; padding: 0px; user-select: text; -webkit-user-drag: none; -webkit-tap-highlight-color: transparent; overflow: visible; cursor: text; clear: both; position: relative; direction: ltr; color: #000000;\"><span class=\"TextRun SCXW114549797 BCX0\" lang=\"FR-FR\" style=\"margin: 0px; padding: 0px; user-select: text; -webkit-user-drag: none; -webkit-tap-highlight-color: transparent; font-size: 11pt; line-height: 19.425px; font-family: Calibri, Calibri_EmbeddedFont, Calibri_MSFontService, sans-serif; font-variant-ligatures: none !important;\" data-contrast=\"auto\"><span class=\"NormalTextRun SCXW114549797 BCX0\" style=\"margin: 0px; padding: 0px; user-select: text; -webkit-user-drag: none; -webkit-tap-highlight-color: transparent;\">Si vous n<\/span><span class=\"NormalTextRun SCXW114549797 BCX0\" style=\"margin: 0px; padding: 0px; user-select: text; -webkit-user-drag: none; -webkit-tap-highlight-color: transparent;\">&lsquo;avez jamais entendu ce terme<\/span><span class=\"NormalTextRun SCXW114549797 BCX0\" style=\"margin: 0px; padding: 0px; user-select: text; -webkit-user-drag: none; -webkit-tap-highlight-color: transparent;\">, <\/span><span class=\"NormalTextRun SCXW114549797 BCX0\" style=\"margin: 0px; padding: 0px; user-select: text; -webkit-user-drag: none; -webkit-tap-highlight-color: transparent;\">il est fort probable que vous<\/span><span class=\"NormalTextRun SCXW114549797 BCX0\" style=\"margin: 0px; padding: 0px; user-select: text; -webkit-user-drag: none; -webkit-tap-highlight-color: transparent;\"> l&rsquo;entendiez d\u00e9sormais<\/span><span class=\"NormalTextRun SCXW114549797 BCX0\" style=\"margin: 0px; padding: 0px; user-select: text; -webkit-user-drag: none; -webkit-tap-highlight-color: transparent;\"> de plus en plus. <\/span><span class=\"NormalTextRun SCXW114549797 BCX0\" style=\"margin: 0px; padding: 0px; user-select: text; -webkit-user-drag: none; -webkit-tap-highlight-color: transparent;\">D\u00e9j\u00e0 pr\u00e9sentes<\/span> <span class=\"NormalTextRun SCXW114549797 BCX0\" style=\"margin: 0px; padding: 0px; user-select: text; -webkit-user-drag: none; -webkit-tap-highlight-color: transparent;\">dans les grandes m\u00e9tropoles comme Paris, Lyon ou encore Grenoble, les zones \u00e0 faibles \u00e9missions <\/span><span class=\"NormalTextRun SCXW114549797 BCX0\" style=\"margin: 0px; padding: 0px; user-select: text; -webkit-user-drag: none; -webkit-tap-highlight-color: transparent;\">vont \u00e9galement voir le jour \u00e0 Marseille<\/span><span class=\"NormalTextRun SCXW114549797 BCX0\" style=\"margin: 0px; padding: 0px; user-select: text; -webkit-user-drag: none; -webkit-tap-highlight-color: transparent;\">.<\/span><\/span><\/p>\n<\/div>\n<div class=\"OutlineElement Ltr SCXW114549797 BCX0\" style=\"margin: 0px; padding: 0px; user-select: text; -webkit-user-drag: none; -webkit-tap-highlight-color: transparent; overflow: visible; cursor: text; clear: both; position: relative; direction: ltr;\"><span class=\"TextRun SCXW114549797 BCX0\" lang=\"FR-FR\" style=\"color: windowtext; margin: 0px; padding: 0px; user-select: text; -webkit-user-drag: none; -webkit-tap-highlight-color: transparent; font-size: 11pt; line-height: 19.425px; font-family: Calibri, Calibri_EmbeddedFont, Calibri_MSFontService, sans-serif; font-variant-ligatures: none !important;\" data-contrast=\"auto\">Concr\u00e8tement, cela signifie que toutes les <\/span><a class=\"Hyperlink SCXW114549797 BCX0\" style=\"color: inherit; margin: 0px; padding: 0px; user-select: text; -webkit-user-drag: none; -webkit-tap-highlight-color: transparent;\" href=\"https:\/\/www.autojm.fr\/recherche\" target=\"_blank\" rel=\"noreferrer noopener\"><span class=\"TextRun Underlined SCXW114549797 BCX0\" lang=\"FR-FR\" style=\"margin: 0px; padding: 0px; user-select: text; -webkit-user-drag: none; -webkit-tap-highlight-color: transparent; font-variant-numeric: normal; font-variant-east-asian: normal; color: #0563c1; font-size: 11pt; text-decoration-line: underline; line-height: 19.425px; font-family: Calibri, Calibri_EmbeddedFont, Calibri_MSFontService, sans-serif;\" data-contrast=\"none\"><span class=\"NormalTextRun SCXW114549797 BCX0\" style=\"margin: 0px; padding: 0px; user-select: text; -webkit-user-drag: none; -webkit-tap-highlight-color: transparent;\" data-ccp-charstyle=\"Hyperlink\">voitures <\/span><span class=\"NormalTextRun SCXW114549797 BCX0\" style=\"margin: 0px; padding: 0px; user-select: text; -webkit-user-drag: none; -webkit-tap-highlight-color: transparent;\" data-ccp-charstyle=\"Hyperlink\">neuves<\/span><\/span><\/a> <span class=\"TextRun SCXW114549797 BCX0\" lang=\"FR-FR\" style=\"color: windowtext; margin: 0px; padding: 0px; user-select: text; -webkit-user-drag: none; -webkit-tap-highlight-color: transparent; font-variant-numeric: normal; font-variant-east-asian: normal; font-size: 11pt; line-height: 19.425px; font-family: Calibri, Calibri_EmbeddedFont, Calibri_MSFontService, sans-serif;\" data-contrast=\"none\">de Crit&rsquo;Air 5 et non class\u00e9es seront interdites de circulation dans ces zones, \u00e0 n&rsquo;importe quel moment. Et si vous tentez d&rsquo;enfreindre la loi, vous risquez une amende allant jusqu&rsquo;\u00e0 135\u20ac. N\u00e9anmoins, les amendes ne seront distribu\u00e9es qu&rsquo;\u00e0 compter de janvier 2023. <\/span><\/p>\n<\/div>\n<div class=\"OutlineElement Ltr SCXW114549797 BCX0\" style=\"margin: 0px; padding: 0px; user-select: text; -webkit-user-drag: none; -webkit-tap-highlight-color: transparent; overflow: visible; cursor: text; clear: both; position: relative; direction: ltr; color: #000000;\"><span class=\"TextRun SCXW114549797 BCX0\" lang=\"FR-FR\" style=\"margin: 0px; padding: 0px; user-select: text; -webkit-user-drag: none; -webkit-tap-highlight-color: transparent; font-variant-numeric: normal; font-variant-east-asian: normal; font-size: 11pt; line-height: 19.425px; font-family: Calibri, Calibri_EmbeddedFont, Calibri_MSFontService, sans-serif;\" data-contrast=\"none\"><span class=\"NormalTextRun SCXW114549797 BCX0\" style=\"margin: 0px; padding: 0px; user-select: text; -webkit-user-drag: none; -webkit-tap-highlight-color: transparent;\">D<\/span><span class=\"NormalTextRun SCXW114549797 BCX0\" style=\"margin: 0px; padding: 0px; user-select: text; -webkit-user-drag: none; -webkit-tap-highlight-color: transparent;\">ans les prochaines<\/span><span class=\"NormalTextRun SCXW114549797 BCX0\" style=\"margin: 0px; padding: 0px; user-select: text; -webkit-user-drag: none; -webkit-tap-highlight-color: transparent;\"> ann\u00e9es<\/span><span class=\"NormalTextRun SCXW114549797 BCX0\" style=\"margin: 0px; padding: 0px; user-select: text; -webkit-user-drag: none; -webkit-tap-highlight-color: transparent;\">, d&rsquo;autres m\u00e9tropoles seront appel\u00e9es \u00e0 mettre en place des ZFE<\/span><span class=\"NormalTextRun SCXW114549797 BCX0\" style=\"margin: 0px; padding: 0px; user-select: text; -webkit-user-drag: none; -webkit-tap-highlight-color: transparent;\">. <\/span><span class=\"NormalTextRun SCXW114549797 BCX0\" style=\"margin: 0px; padding: 0px; user-select: text; -webkit-user-drag: none; -webkit-tap-highlight-color: transparent;\">C&rsquo;est notamment la ville de Bordeaux qui devrait \u00eatre la prochaine sur la liste.<\/span> <span class=\"NormalTextRun SCXW114549797 BCX0\" style=\"margin: 0px; padding: 0px; user-select: text; -webkit-user-drag: none; -webkit-tap-highlight-color: transparent;\">Et d<\/span><span class=\"NormalTextRun SCXW114549797 BCX0\" style=\"margin: 0px; padding: 0px; user-select: text; -webkit-user-drag: none; -webkit-tap-highlight-color: transparent;\">&lsquo;ici d\u00e9but 2025, toutes les agglom\u00e9rations de plus de 15<\/span><span class=\"NormalTextRun SCXW114549797 BCX0\" style=\"margin: 0px; padding: 0px; user-select: text; -webkit-user-drag: none; -webkit-tap-highlight-color: transparent;\">0 000 habitants devront inclure <\/span><span class=\"NormalTextRun SCXW114549797 BCX0\" style=\"margin: 0px; padding: 0px; user-select: text; -webkit-user-drag: none; -webkit-tap-highlight-color: transparent;\">ces zones<\/span><span class=\"NormalTextRun SCXW114549797 BCX0\" style=\"margin: 0px; padding: 0px; user-select: text; -webkit-user-drag: none; -webkit-tap-highlight-color: transparent;\"> dans leur environnement<\/span><span class=\"NormalTextRun SCXW114549797 BCX0\" style=\"margin: 0px; padding: 0px; user-select: text; -webkit-user-drag: none; -webkit-tap-highlight-color: transparent;\">.<\/span><\/span><\/p>\n<p class=\"Paragraph SCXW114549797 BCX0\" style=\"margin-top: 0px; margin-bottom: 0px; padding: 0px; user-select: text; -webkit-user-drag: none; -webkit-tap-highlight-color: transparent; overflow-wrap: break-word; white-space: pre-wrap; vertical-align: baseline; font-kerning: none; background-color: transparent; color: windowtext;\">\n<\/div>\n<div class=\"OutlineElement Ltr SCXW140866096 BCX0\" style=\"margin: 0px; padding: 0px; user-select: text; -webkit-user-drag: none; -webkit-tap-highlight-color: transparent; overflow: visible; cursor: text; clear: both; position: relative; direction: ltr; color: #000000;\"><span class=\"TextRun SCXW140866096 BCX0\" lang=\"FR-FR\" style=\"margin: 0px; padding: 0px; user-select: text; -webkit-user-drag: none; -webkit-tap-highlight-color: transparent; font-variant-numeric: normal; font-variant-east-asian: normal; font-size: 11pt; line-height: 19.425px; font-family: Calibri, Calibri_EmbeddedFont, Calibri_MSFontService, sans-serif; font-weight: bold;\" data-contrast=\"none\">Une remise carburant plus cons\u00e9quente<\/span><span style=\"background-color: transparent; color: windowtext; white-space: pre-wrap;\">Le sujet revient de plus en plus dans l&rsquo;actualit\u00e9 : le prix des carburants augmente au d\u00e9triment des automobilistes qui en ont besoin au quotidien. Face \u00e0 cela, le gouvernement avait alors d\u00e9cid\u00e9 de mettre en place une aide sp\u00e9ciale pour soulager le porte-monnaie des fran\u00e7ais. Ceux-ci b\u00e9n\u00e9ficiaient d&rsquo;une remise de 18 centimes par litre \u00e0 la pompe, et ce jusqu&rsquo;\u00e0 la fin du mois.<\/span><\/p>\n<p class=\"Paragraph SCXW140866096 BCX0\" style=\"margin-top: 0px; margin-bottom: 0px; padding: 0px; user-select: text; -webkit-user-drag: none; -webkit-tap-highlight-color: transparent; overflow-wrap: break-word; white-space: pre-wrap; vertical-align: baseline; font-kerning: none; background-color: transparent; color: windowtext;\">Mais cette aide a \u00e9t\u00e9 revue \u00e0 la hausse et pr\u00e9voit d\u00e9sormais une r\u00e9duction de 30 centimes par litre jusqu&rsquo;\u00e0 la fin du mois d&rsquo;octobre, puis 10 centimes par litre en novembre et en d\u00e9cembre. Encore plus g\u00e9n\u00e9reux, le distributeur Total Energies a d\u00e9cid\u00e9 d&rsquo;offrir 20 centimes suppl\u00e9mentaires par litre jusqu&rsquo;\u00e0 fin septembre dans ses stations. Un petit coup de pouce qui n&rsquo;est donc pas n\u00e9gligeable, m\u00eame si l&rsquo;on esp\u00e8re tous que le prix du carburant reviendra \u00e0 la \u201cnormale\u201d d&rsquo;ici 2023.<\/p>\n<\/div>\n<h2><span class=\"TextRun SCXW16828045 BCX0\" lang=\"FR-FR\" style=\"margin: 0px; padding: 0px; user-select: text; -webkit-user-drag: none; -webkit-tap-highlight-color: transparent; font-variant-numeric: normal; font-variant-east-asian: normal; color: #000000; white-space: pre-wrap; font-size: 11pt; line-height: 19.425px; font-family: Calibri, Calibri_EmbeddedFont, Calibri_MSFontService, sans-serif; font-weight: bold;\" data-contrast=\"none\">L&rsquo;arriv\u00e9e des voitures autonomes en France<\/span><\/h2>\n<div class=\"OutlineElement Ltr SCXW20673118 BCX0\" style=\"margin: 0px; padding: 0px; user-select: text; -webkit-user-drag: none; -webkit-tap-highlight-color: transparent; overflow: visible; cursor: text; clear: both; position: relative; direction: ltr; color: #000000;\"><span class=\"TextRun SCXW20673118 BCX0\" lang=\"FR-FR\" style=\"margin: 0px; padding: 0px; user-select: text; -webkit-user-drag: none; -webkit-tap-highlight-color: transparent; font-variant-numeric: normal; font-variant-east-asian: normal; font-size: 11pt; line-height: 19.425px; font-family: Calibri, Calibri_EmbeddedFont, Calibri_MSFontService, sans-serif;\" data-contrast=\"none\"><span class=\"NormalTextRun SCXW20673118 BCX0\" style=\"margin: 0px; padding: 0px; user-select: text; -webkit-user-drag: none; -webkit-tap-highlight-color: transparent;\">Depuis le<\/span><span class=\"NormalTextRun SCXW20673118 BCX0\" style=\"margin: 0px; padding: 0px; user-select: text; -webkit-user-drag: none; -webkit-tap-highlight-color: transparent;\"> 1er septembre, les voitures \u00e9lectriques autonomes sont autoris\u00e9es \u00e0 circuler en France. En d&rsquo;autres termes, les <\/span><span class=\"NormalTextRun SCXW20673118 BCX0\" style=\"margin: 0px; padding: 0px; user-select: text; -webkit-user-drag: none; -webkit-tap-highlight-color: transparent;\">conducteurs <\/span><span class=\"NormalTextRun SCXW20673118 BCX0\" style=\"margin: 0px; padding: 0px; user-select: text; -webkit-user-drag: none; -webkit-tap-highlight-color: transparent;\">peuvent <\/span><span class=\"NormalTextRun SCXW20673118 BCX0\" style=\"margin: 0px; padding: 0px; user-select: text; -webkit-user-drag: none; -webkit-tap-highlight-color: transparent;\">d\u00e8s lors<\/span> <span class=\"NormalTextRun SCXW20673118 BCX0\" style=\"margin: 0px; padding: 0px; user-select: text; -webkit-user-drag: none; -webkit-tap-highlight-color: transparent;\">effectuer des trajets sans prendre <\/span><span class=\"NormalTextRun SCXW20673118 BCX0\" style=\"margin: 0px; padding: 0px; user-select: text; -webkit-user-drag: none; -webkit-tap-highlight-color: transparent;\">les commandes de leur v\u00e9hicule<\/span><span class=\"NormalTextRun SCXW20673118 BCX0\" style=\"margin: 0px; padding: 0px; user-select: text; -webkit-user-drag: none; -webkit-tap-highlight-color: transparent;\">.<\/span> <span class=\"NormalTextRun SCXW20673118 BCX0\" style=\"margin: 0px; padding: 0px; user-select: text; -webkit-user-drag: none; -webkit-tap-highlight-color: transparent;\">N\u00e9anmoins, cette avanc\u00e9e <\/span><span class=\"NormalTextRun SCXW20673118 BCX0\" style=\"margin: 0px; padding: 0px; user-select: text; -webkit-user-drag: none; -webkit-tap-highlight-color: transparent;\">ne <\/span><span class=\"NormalTextRun SCXW20673118 BCX0\" style=\"margin: 0px; padding: 0px; user-select: text; -webkit-user-drag: none; -webkit-tap-highlight-color: transparent;\">concerne pour l&rsquo;instant en Franc<\/span><span class=\"NormalTextRun SCXW20673118 BCX0\" style=\"margin: 0px; padding: 0px; user-select: text; -webkit-user-drag: none; -webkit-tap-highlight-color: transparent;\">e que<\/span><span class=\"NormalTextRun SCXW20673118 BCX0\" style=\"margin: 0px; padding: 0px; user-select: text; -webkit-user-drag: none; -webkit-tap-highlight-color: transparent;\"> les voitures autonomes de type 3, qui ne peuvent pas aller <\/span><span class=\"NormalTextRun SCXW20673118 BCX0\" style=\"margin: 0px; padding: 0px; user-select: text; -webkit-user-drag: none; -webkit-tap-highlight-color: transparent;\">au-del\u00e0 de 60km\/h. <\/span><\/span><\/p>\n<\/div>\n<div class=\"OutlineElement Ltr SCXW20673118 BCX0\" style=\"margin: 0px; padding: 0px; user-select: text; -webkit-user-drag: none; -webkit-tap-highlight-color: transparent; overflow: visible; cursor: text; clear: both; position: relative; direction: ltr; color: #000000;\"><span class=\"TextRun SCXW20673118 BCX0\" lang=\"FR-FR\" style=\"margin: 0px; padding: 0px; user-select: text; -webkit-user-drag: none; -webkit-tap-highlight-color: transparent; font-variant-numeric: normal; font-variant-east-asian: normal; font-size: 11pt; line-height: 19.425px; font-family: Calibri, Calibri_EmbeddedFont, Calibri_MSFontService, sans-serif;\" data-contrast=\"none\"><span class=\"NormalTextRun SCXW20673118 BCX0\" style=\"margin: 0px; padding: 0px; user-select: text; -webkit-user-drag: none; -webkit-tap-highlight-color: transparent;\">A noter que p<\/span><span class=\"NormalTextRun SCXW20673118 BCX0\" style=\"margin: 0px; padding: 0px; user-select: text; -webkit-user-drag: none; -webkit-tap-highlight-color: transparent;\">our ce type de v\u00e9hicule, le conducteur doit tout de m\u00eame rester vigilant <\/span><span class=\"NormalTextRun SCXW20673118 BCX0\" style=\"margin: 0px; padding: 0px; user-select: text; -webkit-user-drag: none; -webkit-tap-highlight-color: transparent;\">car il devra reprendre le contr\u00f4le <\/span><span class=\"NormalTextRun SCXW20673118 BCX0\" style=\"margin: 0px; padding: 0px; user-select: text; -webkit-user-drag: none; -webkit-tap-highlight-color: transparent;\">de l&rsquo;automobile <\/span><span class=\"NormalTextRun SCXW20673118 BCX0\" style=\"margin: 0px; padding: 0px; user-select: text; -webkit-user-drag: none; -webkit-tap-highlight-color: transparent;\">en cas d<\/span><span class=\"NormalTextRun SCXW20673118 BCX0\" style=\"margin: 0px; padding: 0px; user-select: text; -webkit-user-drag: none; -webkit-tap-highlight-color: transparent;\">e probl\u00e8me<\/span><span class=\"NormalTextRun SCXW20673118 BCX0\" style=\"margin: 0px; padding: 0px; user-select: text; -webkit-user-drag: none; -webkit-tap-highlight-color: transparent;\">.<\/span><span class=\"NormalTextRun SCXW20673118 BCX0\" style=\"margin: 0px; padding: 0px; user-select: text; -webkit-user-drag: none; -webkit-tap-highlight-color: transparent;\"> Cependant, sa responsabilit\u00e9 ne sera pas engag\u00e9e<\/span><span class=\"NormalTextRun SCXW20673118 BCX0\" style=\"margin: 0px; padding: 0px; user-select: text; -webkit-user-drag: none; -webkit-tap-highlight-color: transparent;\"> si un incident se produit. En e<\/span><span class=\"NormalTextRun SCXW20673118 BCX0\" style=\"margin: 0px; padding: 0px; user-select: text; -webkit-user-drag: none; -webkit-tap-highlight-color: transparent;\">ffet, c&rsquo;est le constructeur qui sera d\u00e9nomm\u00e9 responsable <\/span><span class=\"NormalTextRun SCXW20673118 BCX0\" style=\"margin: 0px; padding: 0px; user-select: text; -webkit-user-drag: none; -webkit-tap-highlight-color: transparent;\">du sinistre.<\/span><\/span><\/div>\n<div><\/div>\n<div><\/div>\n<div class=\"OutlineElement Ltr SCXW55202578 BCX0\" style=\"margin: 0px; padding: 0px; user-select: text; -webkit-user-drag: none; -webkit-tap-highlight-color: transparent; overflow: visible; cursor: text; clear: both; position: relative; direction: ltr; color: #000000;\"><span class=\"TextRun SCXW55202578 BCX0\" lang=\"FR-FR\" style=\"margin: 0px; padding: 0px; user-select: text; -webkit-user-drag: none; -webkit-tap-highlight-color: transparent; font-variant-numeric: normal; font-variant-east-asian: normal; font-size: 11pt; line-height: 19.425px; font-family: Calibri, Calibri_EmbeddedFont, Calibri_MSFontService, sans-serif; font-weight: bold;\" data-contrast=\"none\">Stationnement payant pour les 2 roues \u00e0 Paris<\/span><\/p>\n<p class=\"Paragraph SCXW55202578 BCX0\" style=\"margin-top: 0px; margin-bottom: 0px; padding: 0px; user-select: text; -webkit-user-drag: none; -webkit-tap-highlight-color: transparent; overflow-wrap: break-word; white-space: pre-wrap; vertical-align: baseline; font-kerning: none; background-color: transparent; color: windowtext;\">\n<\/div>\n<div class=\"OutlineElement Ltr SCXW55202578 BCX0\" style=\"margin: 0px; padding: 0px; user-select: text; -webkit-user-drag: none; -webkit-tap-highlight-color: transparent; overflow: visible; cursor: text; clear: both; position: relative; direction: ltr; color: #000000;\"><span class=\"TextRun SCXW55202578 BCX0\" lang=\"FR-FR\" style=\"margin: 0px; padding: 0px; user-select: text; -webkit-user-drag: none; -webkit-tap-highlight-color: transparent; font-variant-numeric: normal; font-variant-east-asian: normal; color: windowtext; font-size: 11pt; line-height: 19.425px; font-family: Calibri, Calibri_EmbeddedFont, Calibri_MSFontService, sans-serif;\" data-contrast=\"auto\"><span class=\"NormalTextRun SCXW55202578 BCX0\" style=\"margin: 0px; padding: 0px; user-select: text; -webkit-user-drag: none; -webkit-tap-highlight-color: transparent;\">Un nouveau pas a \u00e9t\u00e9 franchi dans la r\u00e9forme du stationnement mise en place \u00e0 Paris : d\u00e8s le mois de septembre, le stationnement des 2 roues motoris\u00e9s<\/span><span class=\"NormalTextRun SCXW55202578 BCX0\" style=\"margin: 0px; padding: 0px; user-select: text; -webkit-user-drag: none; -webkit-tap-highlight-color: transparent;\"> devient payant. <\/span><\/span><\/p>\n<p class=\"Paragraph SCXW55202578 BCX0\" style=\"margin-top: 0px; margin-bottom: 0px; padding: 0px; user-select: text; -webkit-user-drag: none; -webkit-tap-highlight-color: transparent; overflow-wrap: break-word; white-space: pre-wrap; vertical-align: baseline; font-kerning: none; background-color: transparent; color: windowtext;\"><span class=\"TextRun SCXW55202578 BCX0\" lang=\"FR-FR\" style=\"margin: 0px; padding: 0px; user-select: text; -webkit-user-drag: none; -webkit-tap-highlight-color: transparent; font-variant-numeric: normal; font-variant-east-asian: normal; color: windowtext; font-size: 11pt; line-height: 19.425px; font-family: Calibri, Calibri_EmbeddedFont, Calibri_MSFontService, sans-serif;\" data-contrast=\"auto\"><span class=\"NormalTextRun SCXW55202578 BCX0\" style=\"margin: 0px; padding: 0px; user-select: text; -webkit-user-drag: none; -webkit-tap-highlight-color: transparent;\">Cette mesure s&rsquo;inscrit dans un contexte d&rsquo;<\/span><span class=\"NormalTextRun SCXW55202578 BCX0\" style=\"margin: 0px; padding: 0px; user-select: text; -webkit-user-drag: none; -webkit-tap-highlight-color: transparent;\">urgence<\/span><span class=\"NormalTextRun SCXW55202578 BCX0\" style=\"margin: 0px; padding: 0px; user-select: text; -webkit-user-drag: none; -webkit-tap-highlight-color: transparent;\"> climatique, afin d&rsquo;inciter la population \u00e0 moins polluer.<\/span><\/span><\/p>\n<p class=\"Paragraph SCXW55202578 BCX0\" style=\"margin-top: 0px; margin-bottom: 0px; padding: 0px; user-select: text; -webkit-user-drag: none; -webkit-tap-highlight-color: transparent; overflow-wrap: break-word; white-space: pre-wrap; vertical-align: baseline; font-kerning: none; background-color: transparent; color: windowtext;\">Concernant le tarif du stationnement celui-ci semble diff\u00e9rent selon si on est r\u00e9sident, visiteur ou un professionnel.<br \/>\nLa Mairie de Paris donne plus de d\u00e9tails concernant les tarifs ainsi que les emplacements r\u00e9serv\u00e9s sur son <a href=\"https:\/\/www.paris.fr\/pages\/tout-savoir-sur-le-stationnement-payant-pour-les-2-roues-motorises-21304\">site internet<\/a>, et gare \u00e0 celui qui ne respecterait pas ses r\u00e8gles car l&rsquo;amende peut s&rsquo;\u00e9lever \u00e0 37.50\u20ac, en fonction de la zone.<\/p>\n<h2 class=\"Paragraph SCXW55202578 BCX0\" style=\"margin-top: 0px; margin-bottom: 0px; padding: 0px; user-select: text; -webkit-user-drag: none; -webkit-tap-highlight-color: transparent; overflow-wrap: break-word; white-space: pre-wrap; vertical-align: baseline; font-kerning: none; background-color: transparent; color: windowtext;\"><span class=\"TextRun SCXW25782895 BCX0\" lang=\"FR-FR\" style=\"margin: 0px; padding: 0px; user-select: text; -webkit-user-drag: none; -webkit-tap-highlight-color: transparent; font-variant-numeric: normal; font-variant-east-asian: normal; color: windowtext; font-size: 11pt; line-height: 19.425px; font-family: Calibri, Calibri_EmbeddedFont, Calibri_MSFontService, sans-serif; font-weight: bold;\" data-contrast=\"auto\">Mise en place de nouveaux radars<\/span><\/h2>\n<p class=\"Paragraph SCXW55202578 BCX0\" style=\"margin-top: 0px; margin-bottom: 0px; padding: 0px; user-select: text; -webkit-user-drag: none; -webkit-tap-highlight-color: transparent; overflow-wrap: break-word; white-space: pre-wrap; vertical-align: baseline; font-kerning: none; background-color: transparent; color: windowtext;\">\n<p class=\"Paragraph SCXW55202578 BCX0\" style=\"margin-top: 0px; margin-bottom: 0px; padding: 0px; user-select: text; -webkit-user-drag: none; -webkit-tap-highlight-color: transparent; overflow-wrap: break-word; white-space: pre-wrap; vertical-align: baseline; font-kerning: none; background-color: transparent; color: windowtext;\"><span class=\"TextRun SCXW79590523 BCX0\" lang=\"FR-FR\" style=\"margin: 0px; padding: 0px; user-select: text; -webkit-user-drag: none; -webkit-tap-highlight-color: transparent; font-variant-numeric: normal; font-variant-east-asian: normal; color: windowtext; font-size: 11pt; line-height: 19.425px; font-family: Calibri, Calibri_EmbeddedFont, Calibri_MSFontService, sans-serif;\" data-contrast=\"auto\">Pour la rentr\u00e9e, le gouvernement annonce la mise en place de tous nouveaux radars dot\u00e9s de syst\u00e8mes plus performants. Nous pouvons notamment citer les voitures radars, mobiles et banalis\u00e9es, ainsi que les cabines de radars am\u00e9lior\u00e9es qui flashent d\u00e9sormais pr\u00e8s de 4 fois plus qu&rsquo;un radar fixe, avec un meilleur cadrage du clich\u00e9 et un d\u00e9veloppement g\u00e9ographique plus cons\u00e9quent. En effet, l&rsquo;objectif est d&rsquo;implanter presque 300 radars suppl\u00e9mentaires pour fin 2022.<\/span><\/p>\n<p class=\"Paragraph SCXW55202578 BCX0\" style=\"margin-top: 0px; margin-bottom: 0px; padding: 0px; user-select: text; -webkit-user-drag: none; -webkit-tap-highlight-color: transparent; overflow-wrap: break-word; white-space: pre-wrap; vertical-align: baseline; font-kerning: none; background-color: transparent; color: windowtext;\">\n<div><\/div>\n<div class=\"OutlineElement Ltr SCXW140866096 BCX0\" style=\"margin: 0px; padding: 0px; user-select: text; -webkit-user-drag: none; -webkit-tap-highlight-color: transparent; overflow: visible; cursor: text; clear: both; position: relative; direction: ltr; color: #000000;\">\n<p style=\"margin-top: 1.75em; margin-bottom: 1.75em; font-size: 0.813em; line-height: 1.5em; color: #666666; font-family: Arial, Helvetica, sans-serif;\">\n<\/div>\n<\/div>\n","protected":false},"excerpt":{"rendered":"<p>De nombreuses modifications concernant le secteur de l&rsquo;automobile auront lieu au mois de septembre. On vous en dit plus sur ce qui va changer pour vous, afin de continuer \u00e0 rouler en toute tranquillit\u00e9.<\/p>\n","protected":false},"author":1,"featured_media":6022,"comment_status":"open","ping_status":"open","sticky":false,"template":"","format":"standard","meta":{"_acf_changed":false,"content-type":"","footnotes":""},"categories":[5],"tags":[90,85,74,105,108,107,73,78,96],"class_list":["post-3958","post","type-post","status-publish","format-standard","has-post-thumbnail","hentry","category-actualite-automobile","tag-autojm","tag-citroen-2","tag-dacia","tag-ds","tag-nissan","tag-opel","tag-peugeot","tag-renault","tag-volkswagen"],"acf":[],"yoast_head":"<!-- This site is optimized with the Yoast SEO plugin v27.5 - https:\/\/yoast.com\/product\/yoast-seo-wordpress\/ -->\n<title>Automobile : les changements au 1er septembre - AutoJM Mag<\/title>\n<meta name=\"description\" content=\"De nombreuses modifications concernant le secteur de l&#039;automobile auront lieu au mois de septembre comme le d\u00e9veloppement des ZFE.\" \/>\n<meta name=\"robots\" content=\"index, follow, max-snippet:-1, max-image-preview:large, max-video-preview:-1\" \/>\n<link rel=\"canonical\" href=\"https:\/\/www.autojm.fr\/blog\/automobile-les-changements-au-1er-septembre\/\" \/>\n<meta property=\"og:locale\" content=\"fr_FR\" \/>\n<meta property=\"og:type\" content=\"article\" \/>\n<meta property=\"og:title\" content=\"Automobile : les changements au 1er septembre - AutoJM Mag\" \/>\n<meta property=\"og:description\" content=\"De nombreuses modifications concernant le secteur de l&#039;automobile auront lieu au mois de septembre comme le d\u00e9veloppement des ZFE.\" \/>\n<meta property=\"og:url\" content=\"https:\/\/www.autojm.fr\/blog\/automobile-les-changements-au-1er-septembre\/\" \/>\n<meta property=\"og:site_name\" content=\"AutoJM Mag\" \/>\n<meta property=\"article:publisher\" content=\"https:\/\/www.facebook.com\/AutoJM25\" \/>\n<meta property=\"article:published_time\" content=\"2022-09-07T00:00:00+00:00\" \/>\n<meta property=\"article:modified_time\" content=\"2023-04-17T14:24:37+00:00\" \/>\n<meta property=\"og:image\" content=\"https:\/\/www.autojm.fr\/blog\/wp-content\/uploads\/2022\/10\/699.jpg\" \/>\n\t<meta property=\"og:image:width\" content=\"1200\" \/>\n\t<meta property=\"og:image:height\" content=\"600\" \/>\n\t<meta property=\"og:image:type\" content=\"image\/jpeg\" \/>\n<meta name=\"author\" content=\"Autojm\" \/>\n<meta name=\"twitter:card\" content=\"summary_large_image\" \/>\n<meta name=\"twitter:label1\" content=\"\u00c9crit par\" \/>\n\t<meta name=\"twitter:data1\" content=\"Autojm\" \/>\n\t<meta name=\"twitter:label2\" content=\"Dur\u00e9e de lecture estim\u00e9e\" \/>\n\t<meta name=\"twitter:data2\" content=\"5 minutes\" \/>\n<script type=\"application\/ld+json\" class=\"yoast-schema-graph\">{\"@context\":\"https:\\\/\\\/schema.org\",\"@graph\":[{\"@type\":\"Article\",\"@id\":\"https:\\\/\\\/www.autojm.fr\\\/blog\\\/automobile-les-changements-au-1er-septembre\\\/#article\",\"isPartOf\":{\"@id\":\"https:\\\/\\\/www.autojm.fr\\\/blog\\\/automobile-les-changements-au-1er-septembre\\\/\"},\"author\":{\"name\":\"Autojm\",\"@id\":\"https:\\\/\\\/www.autojm.fr\\\/blog\\\/#\\\/schema\\\/person\\\/9742bc77541853e0de81fc57f947e1a0\"},\"headline\":\"Automobile : les changements au 1er septembre\",\"datePublished\":\"2022-09-07T00:00:00+00:00\",\"dateModified\":\"2023-04-17T14:24:37+00:00\",\"mainEntityOfPage\":{\"@id\":\"https:\\\/\\\/www.autojm.fr\\\/blog\\\/automobile-les-changements-au-1er-septembre\\\/\"},\"wordCount\":683,\"commentCount\":0,\"publisher\":{\"@id\":\"https:\\\/\\\/www.autojm.fr\\\/blog\\\/#organization\"},\"image\":{\"@id\":\"https:\\\/\\\/www.autojm.fr\\\/blog\\\/automobile-les-changements-au-1er-septembre\\\/#primaryimage\"},\"thumbnailUrl\":\"https:\\\/\\\/www.autojm.fr\\\/blog\\\/wp-content\\\/uploads\\\/2022\\\/10\\\/699.jpg\",\"keywords\":[\"autojm\",\"Citro\u00ebn\",\"dacia\",\"DS\",\"Nissan\",\"Opel\",\"peugeot\",\"renault\",\"Volkswagen\"],\"articleSection\":[\"Actualit\u00e9 Automobile\"],\"inLanguage\":\"fr-FR\",\"potentialAction\":[{\"@type\":\"CommentAction\",\"name\":\"Comment\",\"target\":[\"https:\\\/\\\/www.autojm.fr\\\/blog\\\/automobile-les-changements-au-1er-septembre\\\/#respond\"]}]},{\"@type\":\"WebPage\",\"@id\":\"https:\\\/\\\/www.autojm.fr\\\/blog\\\/automobile-les-changements-au-1er-septembre\\\/\",\"url\":\"https:\\\/\\\/www.autojm.fr\\\/blog\\\/automobile-les-changements-au-1er-septembre\\\/\",\"name\":\"Automobile : les changements au 1er septembre - AutoJM Mag\",\"isPartOf\":{\"@id\":\"https:\\\/\\\/www.autojm.fr\\\/blog\\\/#website\"},\"primaryImageOfPage\":{\"@id\":\"https:\\\/\\\/www.autojm.fr\\\/blog\\\/automobile-les-changements-au-1er-septembre\\\/#primaryimage\"},\"image\":{\"@id\":\"https:\\\/\\\/www.autojm.fr\\\/blog\\\/automobile-les-changements-au-1er-septembre\\\/#primaryimage\"},\"thumbnailUrl\":\"https:\\\/\\\/www.autojm.fr\\\/blog\\\/wp-content\\\/uploads\\\/2022\\\/10\\\/699.jpg\",\"datePublished\":\"2022-09-07T00:00:00+00:00\",\"dateModified\":\"2023-04-17T14:24:37+00:00\",\"description\":\"De nombreuses modifications concernant le secteur de l'automobile auront lieu au mois de septembre comme le d\u00e9veloppement des ZFE.\",\"breadcrumb\":{\"@id\":\"https:\\\/\\\/www.autojm.fr\\\/blog\\\/automobile-les-changements-au-1er-septembre\\\/#breadcrumb\"},\"inLanguage\":\"fr-FR\",\"potentialAction\":[{\"@type\":\"ReadAction\",\"target\":[\"https:\\\/\\\/www.autojm.fr\\\/blog\\\/automobile-les-changements-au-1er-septembre\\\/\"]}]},{\"@type\":\"ImageObject\",\"inLanguage\":\"fr-FR\",\"@id\":\"https:\\\/\\\/www.autojm.fr\\\/blog\\\/automobile-les-changements-au-1er-septembre\\\/#primaryimage\",\"url\":\"https:\\\/\\\/www.autojm.fr\\\/blog\\\/wp-content\\\/uploads\\\/2022\\\/10\\\/699.jpg\",\"contentUrl\":\"https:\\\/\\\/www.autojm.fr\\\/blog\\\/wp-content\\\/uploads\\\/2022\\\/10\\\/699.jpg\",\"width\":1200,\"height\":600,\"caption\":\"Changements automobiles\"},{\"@type\":\"BreadcrumbList\",\"@id\":\"https:\\\/\\\/www.autojm.fr\\\/blog\\\/automobile-les-changements-au-1er-septembre\\\/#breadcrumb\",\"itemListElement\":[{\"@type\":\"ListItem\",\"position\":1,\"name\":\"Accueil\",\"item\":\"https:\\\/\\\/www.autojm.fr\\\/blog\\\/\"},{\"@type\":\"ListItem\",\"position\":2,\"name\":\"Actualit\u00e9 Automobile\",\"item\":\"https:\\\/\\\/www.autojm.fr\\\/blog\\\/actualite-automobile\\\/\"},{\"@type\":\"ListItem\",\"position\":3,\"name\":\"Automobile : les changements au 1er septembre\"}]},{\"@type\":\"WebSite\",\"@id\":\"https:\\\/\\\/www.autojm.fr\\\/blog\\\/#website\",\"url\":\"https:\\\/\\\/www.autojm.fr\\\/blog\\\/\",\"name\":\"AutoJM Mag\",\"description\":\"Toute l&#039;actu auto en 1 clic !\",\"publisher\":{\"@id\":\"https:\\\/\\\/www.autojm.fr\\\/blog\\\/#organization\"},\"potentialAction\":[{\"@type\":\"SearchAction\",\"target\":{\"@type\":\"EntryPoint\",\"urlTemplate\":\"https:\\\/\\\/www.autojm.fr\\\/blog\\\/?s={search_term_string}\"},\"query-input\":{\"@type\":\"PropertyValueSpecification\",\"valueRequired\":true,\"valueName\":\"search_term_string\"}}],\"inLanguage\":\"fr-FR\"},{\"@type\":\"Organization\",\"@id\":\"https:\\\/\\\/www.autojm.fr\\\/blog\\\/#organization\",\"name\":\"AutoJM Mag\",\"url\":\"https:\\\/\\\/www.autojm.fr\\\/blog\\\/\",\"logo\":{\"@type\":\"ImageObject\",\"inLanguage\":\"fr-FR\",\"@id\":\"https:\\\/\\\/www.autojm.fr\\\/blog\\\/#\\\/schema\\\/logo\\\/image\\\/\",\"url\":\"https:\\\/\\\/www.autojm.fr\\\/blog\\\/wp-content\\\/uploads\\\/2022\\\/12\\\/cropped-AutoJMag-png.png\",\"contentUrl\":\"https:\\\/\\\/www.autojm.fr\\\/blog\\\/wp-content\\\/uploads\\\/2022\\\/12\\\/cropped-AutoJMag-png.png\",\"width\":2834,\"height\":585,\"caption\":\"AutoJM Mag\"},\"image\":{\"@id\":\"https:\\\/\\\/www.autojm.fr\\\/blog\\\/#\\\/schema\\\/logo\\\/image\\\/\"},\"sameAs\":[\"https:\\\/\\\/www.facebook.com\\\/AutoJM25\"]},{\"@type\":\"Person\",\"@id\":\"https:\\\/\\\/www.autojm.fr\\\/blog\\\/#\\\/schema\\\/person\\\/9742bc77541853e0de81fc57f947e1a0\",\"name\":\"Autojm\",\"image\":{\"@type\":\"ImageObject\",\"inLanguage\":\"fr-FR\",\"@id\":\"https:\\\/\\\/secure.gravatar.com\\\/avatar\\\/9a959d52b758fcc232fe4b6aca7bab139182573297122cce7d6f2ee0e537b418?s=96&d=mm&r=g\",\"url\":\"https:\\\/\\\/secure.gravatar.com\\\/avatar\\\/9a959d52b758fcc232fe4b6aca7bab139182573297122cce7d6f2ee0e537b418?s=96&d=mm&r=g\",\"contentUrl\":\"https:\\\/\\\/secure.gravatar.com\\\/avatar\\\/9a959d52b758fcc232fe4b6aca7bab139182573297122cce7d6f2ee0e537b418?s=96&d=mm&r=g\",\"caption\":\"Autojm\"},\"sameAs\":[\"https:\\\/\\\/www.autojm.fr\\\/blog\"],\"url\":\"https:\\\/\\\/www.autojm.fr\\\/blog\\\/author\\\/bichoi\\\/\"}]}<\/script>\n<!-- \/ Yoast SEO plugin. -->","yoast_head_json":{"title":"Automobile : les changements au 1er septembre - AutoJM Mag","description":"De nombreuses modifications concernant le secteur de l'automobile auront lieu au mois de septembre comme le d\u00e9veloppement des ZFE.","robots":{"index":"index","follow":"follow","max-snippet":"max-snippet:-1","max-image-preview":"max-image-preview:large","max-video-preview":"max-video-preview:-1"},"canonical":"https:\/\/www.autojm.fr\/blog\/automobile-les-changements-au-1er-septembre\/","og_locale":"fr_FR","og_type":"article","og_title":"Automobile : les changements au 1er septembre - AutoJM Mag","og_description":"De nombreuses modifications concernant le secteur de l'automobile auront lieu au mois de septembre comme le d\u00e9veloppement des ZFE.","og_url":"https:\/\/www.autojm.fr\/blog\/automobile-les-changements-au-1er-septembre\/","og_site_name":"AutoJM Mag","article_publisher":"https:\/\/www.facebook.com\/AutoJM25","article_published_time":"2022-09-07T00:00:00+00:00","article_modified_time":"2023-04-17T14:24:37+00:00","og_image":[{"width":1200,"height":600,"url":"https:\/\/www.autojm.fr\/blog\/wp-content\/uploads\/2022\/10\/699.jpg","type":"image\/jpeg"}],"author":"Autojm","twitter_card":"summary_large_image","twitter_misc":{"\u00c9crit par":"Autojm","Dur\u00e9e de lecture estim\u00e9e":"5 minutes"},"schema":{"@context":"https:\/\/schema.org","@graph":[{"@type":"Article","@id":"https:\/\/www.autojm.fr\/blog\/automobile-les-changements-au-1er-septembre\/#article","isPartOf":{"@id":"https:\/\/www.autojm.fr\/blog\/automobile-les-changements-au-1er-septembre\/"},"author":{"name":"Autojm","@id":"https:\/\/www.autojm.fr\/blog\/#\/schema\/person\/9742bc77541853e0de81fc57f947e1a0"},"headline":"Automobile : les changements au 1er septembre","datePublished":"2022-09-07T00:00:00+00:00","dateModified":"2023-04-17T14:24:37+00:00","mainEntityOfPage":{"@id":"https:\/\/www.autojm.fr\/blog\/automobile-les-changements-au-1er-septembre\/"},"wordCount":683,"commentCount":0,"publisher":{"@id":"https:\/\/www.autojm.fr\/blog\/#organization"},"image":{"@id":"https:\/\/www.autojm.fr\/blog\/automobile-les-changements-au-1er-septembre\/#primaryimage"},"thumbnailUrl":"https:\/\/www.autojm.fr\/blog\/wp-content\/uploads\/2022\/10\/699.jpg","keywords":["autojm","Citro\u00ebn","dacia","DS","Nissan","Opel","peugeot","renault","Volkswagen"],"articleSection":["Actualit\u00e9 Automobile"],"inLanguage":"fr-FR","potentialAction":[{"@type":"CommentAction","name":"Comment","target":["https:\/\/www.autojm.fr\/blog\/automobile-les-changements-au-1er-septembre\/#respond"]}]},{"@type":"WebPage","@id":"https:\/\/www.autojm.fr\/blog\/automobile-les-changements-au-1er-septembre\/","url":"https:\/\/www.autojm.fr\/blog\/automobile-les-changements-au-1er-septembre\/","name":"Automobile : les changements au 1er septembre - AutoJM Mag","isPartOf":{"@id":"https:\/\/www.autojm.fr\/blog\/#website"},"primaryImageOfPage":{"@id":"https:\/\/www.autojm.fr\/blog\/automobile-les-changements-au-1er-septembre\/#primaryimage"},"image":{"@id":"https:\/\/www.autojm.fr\/blog\/automobile-les-changements-au-1er-septembre\/#primaryimage"},"thumbnailUrl":"https:\/\/www.autojm.fr\/blog\/wp-content\/uploads\/2022\/10\/699.jpg","datePublished":"2022-09-07T00:00:00+00:00","dateModified":"2023-04-17T14:24:37+00:00","description":"De nombreuses modifications concernant le secteur de l'automobile auront lieu au mois de septembre comme le d\u00e9veloppement des ZFE.","breadcrumb":{"@id":"https:\/\/www.autojm.fr\/blog\/automobile-les-changements-au-1er-septembre\/#breadcrumb"},"inLanguage":"fr-FR","potentialAction":[{"@type":"ReadAction","target":["https:\/\/www.autojm.fr\/blog\/automobile-les-changements-au-1er-septembre\/"]}]},{"@type":"ImageObject","inLanguage":"fr-FR","@id":"https:\/\/www.autojm.fr\/blog\/automobile-les-changements-au-1er-septembre\/#primaryimage","url":"https:\/\/www.autojm.fr\/blog\/wp-content\/uploads\/2022\/10\/699.jpg","contentUrl":"https:\/\/www.autojm.fr\/blog\/wp-content\/uploads\/2022\/10\/699.jpg","width":1200,"height":600,"caption":"Changements automobiles"},{"@type":"BreadcrumbList","@id":"https:\/\/www.autojm.fr\/blog\/automobile-les-changements-au-1er-septembre\/#breadcrumb","itemListElement":[{"@type":"ListItem","position":1,"name":"Accueil","item":"https:\/\/www.autojm.fr\/blog\/"},{"@type":"ListItem","position":2,"name":"Actualit\u00e9 Automobile","item":"https:\/\/www.autojm.fr\/blog\/actualite-automobile\/"},{"@type":"ListItem","position":3,"name":"Automobile : les changements au 1er septembre"}]},{"@type":"WebSite","@id":"https:\/\/www.autojm.fr\/blog\/#website","url":"https:\/\/www.autojm.fr\/blog\/","name":"AutoJM Mag","description":"Toute l&#039;actu auto en 1 clic !","publisher":{"@id":"https:\/\/www.autojm.fr\/blog\/#organization"},"potentialAction":[{"@type":"SearchAction","target":{"@type":"EntryPoint","urlTemplate":"https:\/\/www.autojm.fr\/blog\/?s={search_term_string}"},"query-input":{"@type":"PropertyValueSpecification","valueRequired":true,"valueName":"search_term_string"}}],"inLanguage":"fr-FR"},{"@type":"Organization","@id":"https:\/\/www.autojm.fr\/blog\/#organization","name":"AutoJM Mag","url":"https:\/\/www.autojm.fr\/blog\/","logo":{"@type":"ImageObject","inLanguage":"fr-FR","@id":"https:\/\/www.autojm.fr\/blog\/#\/schema\/logo\/image\/","url":"https:\/\/www.autojm.fr\/blog\/wp-content\/uploads\/2022\/12\/cropped-AutoJMag-png.png","contentUrl":"https:\/\/www.autojm.fr\/blog\/wp-content\/uploads\/2022\/12\/cropped-AutoJMag-png.png","width":2834,"height":585,"caption":"AutoJM Mag"},"image":{"@id":"https:\/\/www.autojm.fr\/blog\/#\/schema\/logo\/image\/"},"sameAs":["https:\/\/www.facebook.com\/AutoJM25"]},{"@type":"Person","@id":"https:\/\/www.autojm.fr\/blog\/#\/schema\/person\/9742bc77541853e0de81fc57f947e1a0","name":"Autojm","image":{"@type":"ImageObject","inLanguage":"fr-FR","@id":"https:\/\/secure.gravatar.com\/avatar\/9a959d52b758fcc232fe4b6aca7bab139182573297122cce7d6f2ee0e537b418?s=96&d=mm&r=g","url":"https:\/\/secure.gravatar.com\/avatar\/9a959d52b758fcc232fe4b6aca7bab139182573297122cce7d6f2ee0e537b418?s=96&d=mm&r=g","contentUrl":"https:\/\/secure.gravatar.com\/avatar\/9a959d52b758fcc232fe4b6aca7bab139182573297122cce7d6f2ee0e537b418?s=96&d=mm&r=g","caption":"Autojm"},"sameAs":["https:\/\/www.autojm.fr\/blog"],"url":"https:\/\/www.autojm.fr\/blog\/author\/bichoi\/"}]}},"_links":{"self":[{"href":"https:\/\/www.autojm.fr\/blog\/wp-json\/wp\/v2\/posts\/3958","targetHints":{"allow":["GET"]}}],"collection":[{"href":"https:\/\/www.autojm.fr\/blog\/wp-json\/wp\/v2\/posts"}],"about":[{"href":"https:\/\/www.autojm.fr\/blog\/wp-json\/wp\/v2\/types\/post"}],"author":[{"embeddable":true,"href":"https:\/\/www.autojm.fr\/blog\/wp-json\/wp\/v2\/users\/1"}],"replies":[{"embeddable":true,"href":"https:\/\/www.autojm.fr\/blog\/wp-json\/wp\/v2\/comments?post=3958"}],"version-history":[{"count":12,"href":"https:\/\/www.autojm.fr\/blog\/wp-json\/wp\/v2\/posts\/3958\/revisions"}],"predecessor-version":[{"id":9148,"href":"https:\/\/www.autojm.fr\/blog\/wp-json\/wp\/v2\/posts\/3958\/revisions\/9148"}],"wp:featuredmedia":[{"embeddable":true,"href":"https:\/\/www.autojm.fr\/blog\/wp-json\/wp\/v2\/media\/6022"}],"wp:attachment":[{"href":"https:\/\/www.autojm.fr\/blog\/wp-json\/wp\/v2\/media?parent=3958"}],"wp:term":[{"taxonomy":"category","embeddable":true,"href":"https:\/\/www.autojm.fr\/blog\/wp-json\/wp\/v2\/categories?post=3958"},{"taxonomy":"post_tag","embeddable":true,"href":"https:\/\/www.autojm.fr\/blog\/wp-json\/wp\/v2\/tags?post=3958"}],"curies":[{"name":"wp","href":"https:\/\/api.w.org\/{rel}","templated":true}]}}