{"id":3957,"date":"2022-07-29T00:00:00","date_gmt":"2022-07-29T00:00:00","guid":{"rendered":"https:\/\/www.autojm.fr\/blog\/mondial-de-lauto-de-paris-2022\/"},"modified":"2023-09-15T12:14:26","modified_gmt":"2023-09-15T12:14:26","slug":"mondial-de-lauto-de-paris-2022","status":"publish","type":"post","link":"https:\/\/www.autojm.fr\/blog\/mondial-de-lauto-de-paris-2022\/","title":{"rendered":"Mondial de l&rsquo;auto de Paris 2022"},"content":{"rendered":"<p>Apr\u00e8s une annulation en 2020 pour cause de Covid-19, le Mondial de l&rsquo;auto de Paris fait son retour cette ann\u00e9e. Les premi\u00e8res informations concernant les nouveaut\u00e9s et les constructeurs tombent. Les visiteurs impatients peuvent d\u00e9j\u00e0 prendre leurs billets ! Voici tout ce qu&rsquo;on sait d\u00e9j\u00e0 sur le plus gros \u00e9v\u00e9nement automobile de l&rsquo;ann\u00e9e en France.<\/p>\n<h2>Du c\u00f4t\u00e9 des constructeurs<\/h2>\n<p>Il y a ceux qui ont d\u00e9j\u00e0 r\u00e9serv\u00e9 leurs places, et ceux qui ont d\u00e9j\u00e0 choisi de ne pas y aller. Pour repr\u00e9senter la France, Renault, Peugeot et DS sont pr\u00e9vus au programme. On devrait \u00e9galement voir Mercedes-Benz, Smart.<\/p>\n<p>Rien n&rsquo;est r\u00e9ellement confirm\u00e9 mais des rumeurs font \u00e9tat de certaines marques automobiles majeures qui pourraient \u00eatre absentes : Citro\u00ebn, Volkswagen, Audi, Seat, Cupra, Skoda, Bentley, BMW, Mini, Rolls-Royce, Ford, Honda, Volvo, Ferrari, Hyundai, Toyota\u2026<\/p>\n<p>Des petites marques profiteront de l&rsquo;occasion pour appara\u00eetre au grand public : Hopium (marque fran\u00e7aise), NamX (marque fran\u00e7aise), Ora (marque chinoise) ou encore Fisker (marque am\u00e9ricaine).<\/p>\n<h2>Un salon automobile pour le moins moderne !<\/h2>\n<p>La soci\u00e9t\u00e9 fran\u00e7aise FlexFuel Energy Development sp\u00e9cialis\u00e9e dans les bo\u00eetiers \u00e9thanol a annonc\u00e9 sa pr\u00e9sence au mondial de l&rsquo;auto. Un choix pas si \u00e9tonnant \u00e0 l&rsquo;heure o\u00f9 la demande de conversion n&rsquo;a jamais \u00e9t\u00e9 aussi forte. En effet, avec l&rsquo;augmentation des prix des carburants, les automobilistes doivent trouver des moyens de faire des \u00e9conomies s&rsquo;ils veulent \u00e9viter une explosion de leur budget d\u00e9di\u00e9 \u00e0 l&rsquo;automobile.<\/p>\n<h2>Un circuit d&rsquo;essai pour les visiteurs<\/h2>\n<p>Parce que les salons automobiles ont pour but principal de d\u00e9clencher l&rsquo;achat de v\u00e9hicules, le mondial de l&rsquo;auto a d\u00e9cid\u00e9 d&rsquo;inaugurer un circuit d\u00e9di\u00e9 \u00e0 l&rsquo;essai de v\u00e9hicules. Les visiteurs vont pouvoir tester les voitures qui leur pla\u00eet pour tester les moteurs. Le plaisir de conduite est un crit\u00e8re indispensable \u00e0 l&rsquo;achat d&rsquo;un v\u00e9hicule, c&rsquo;est pourquoi le circuit pr\u00e9vu devrait motiver les ventes.<\/p>\n<h2>Quid des v\u00e9hicules pr\u00e9sents au mondial de l&rsquo;auto ?<\/h2>\n<p>C&rsquo;est sans surprise que ce mondial de l&rsquo;auto sera le terrain de jeu des mod\u00e8les propres. On trouvera notamment l&rsquo;Hopium Machina Vision, la berline \u00e0 hydrog\u00e8ne de la marque fran\u00e7aise Hopium. Peugeot devrait exposer la Peugeot 408, dernier mod\u00e8le r\u00e9v\u00e9l\u00e9 de la marque, avec une carrosserie m\u00ealant berline et SUV. C&rsquo;est d&rsquo;ailleurs la nouvelle mode, dans l&rsquo;automobile, des design in\u00e9dits qui reprennent des \u00e9l\u00e9ments de plusieurs types de carrosserie. On devrait donc d\u00e9couvrir dans le salon auto de Paris 2022 des v\u00e9hicules au design surprenants mais remarquables.<\/p>\n<p>Rendez-vous dans quelques semaines pour en savoir plus sur la programmation et les marques pr\u00e9sentes et v\u00e9hicules expos\u00e9s.<\/p>\n<p style=\"margin-top: 1.75em; margin-bottom: 1.75em; font-size: 0.813em; line-height: 1.5em; color: #666666; font-family: Arial, Helvetica, sans-serif;\">\n","protected":false},"excerpt":{"rendered":"<p>Apr\u00e8s une annulation en 2020 pour cause de Covid-19, le Mondial de l&rsquo;auto de Paris fait son retour cette ann\u00e9e. Les premi\u00e8res informations concernant les nouveaut\u00e9s et les constructeurs tombent. Les visiteurs impatients peuvent d\u00e9j\u00e0 prendre leurs billets !<\/p>\n","protected":false},"author":1,"featured_media":6015,"comment_status":"open","ping_status":"open","sticky":false,"template":"","format":"standard","meta":{"_acf_changed":false,"content-type":"","footnotes":""},"categories":[5],"tags":[90,85,74,105,108,107,73,78,96],"class_list":["post-3957","post","type-post","status-publish","format-standard","has-post-thumbnail","hentry","category-actualite-automobile","tag-autojm","tag-citroen-2","tag-dacia","tag-ds","tag-nissan","tag-opel","tag-peugeot","tag-renault","tag-volkswagen"],"acf":[],"yoast_head":"<!-- This site is optimized with the Yoast SEO plugin v27.5 - https:\/\/yoast.com\/product\/yoast-seo-wordpress\/ -->\n<title>Mondial de l&#039;auto de Paris 2022 - AutoJM Mag<\/title>\n<meta name=\"description\" content=\"Apr\u00e8s une annulation en 2020 pour cause de Covid-19, le Mondial de l&#039;auto de Paris fait son retour cette ann\u00e9e.\" \/>\n<meta name=\"robots\" content=\"index, follow, max-snippet:-1, max-image-preview:large, max-video-preview:-1\" \/>\n<link rel=\"canonical\" href=\"https:\/\/www.autojm.fr\/blog\/mondial-de-lauto-de-paris-2022\/\" \/>\n<meta property=\"og:locale\" content=\"fr_FR\" \/>\n<meta property=\"og:type\" content=\"article\" \/>\n<meta property=\"og:title\" content=\"Mondial de l&#039;auto de Paris 2022 - AutoJM Mag\" \/>\n<meta property=\"og:description\" content=\"Apr\u00e8s une annulation en 2020 pour cause de Covid-19, le Mondial de l&#039;auto de Paris fait son retour cette ann\u00e9e.\" \/>\n<meta property=\"og:url\" content=\"https:\/\/www.autojm.fr\/blog\/mondial-de-lauto-de-paris-2022\/\" \/>\n<meta property=\"og:site_name\" content=\"AutoJM Mag\" \/>\n<meta property=\"article:publisher\" content=\"https:\/\/www.facebook.com\/AutoJM25\" \/>\n<meta property=\"article:published_time\" content=\"2022-07-29T00:00:00+00:00\" \/>\n<meta property=\"article:modified_time\" content=\"2023-09-15T12:14:26+00:00\" \/>\n<meta property=\"og:image\" content=\"https:\/\/www.autojm.fr\/blog\/wp-content\/uploads\/2022\/10\/689.jpg\" \/>\n\t<meta property=\"og:image:width\" content=\"1024\" \/>\n\t<meta property=\"og:image:height\" content=\"465\" \/>\n\t<meta property=\"og:image:type\" content=\"image\/jpeg\" \/>\n<meta name=\"author\" content=\"Autojm\" \/>\n<meta name=\"twitter:card\" content=\"summary_large_image\" \/>\n<meta name=\"twitter:label1\" content=\"\u00c9crit par\" \/>\n\t<meta name=\"twitter:data1\" content=\"Autojm\" \/>\n\t<meta name=\"twitter:label2\" content=\"Dur\u00e9e de lecture estim\u00e9e\" \/>\n\t<meta name=\"twitter:data2\" content=\"3 minutes\" \/>\n<script type=\"application\/ld+json\" class=\"yoast-schema-graph\">{\"@context\":\"https:\\\/\\\/schema.org\",\"@graph\":[{\"@type\":\"Article\",\"@id\":\"https:\\\/\\\/www.autojm.fr\\\/blog\\\/mondial-de-lauto-de-paris-2022\\\/#article\",\"isPartOf\":{\"@id\":\"https:\\\/\\\/www.autojm.fr\\\/blog\\\/mondial-de-lauto-de-paris-2022\\\/\"},\"author\":{\"name\":\"Autojm\",\"@id\":\"https:\\\/\\\/www.autojm.fr\\\/blog\\\/#\\\/schema\\\/person\\\/9742bc77541853e0de81fc57f947e1a0\"},\"headline\":\"Mondial de l&rsquo;auto de Paris 2022\",\"datePublished\":\"2022-07-29T00:00:00+00:00\",\"dateModified\":\"2023-09-15T12:14:26+00:00\",\"mainEntityOfPage\":{\"@id\":\"https:\\\/\\\/www.autojm.fr\\\/blog\\\/mondial-de-lauto-de-paris-2022\\\/\"},\"wordCount\":459,\"commentCount\":0,\"publisher\":{\"@id\":\"https:\\\/\\\/www.autojm.fr\\\/blog\\\/#organization\"},\"image\":{\"@id\":\"https:\\\/\\\/www.autojm.fr\\\/blog\\\/mondial-de-lauto-de-paris-2022\\\/#primaryimage\"},\"thumbnailUrl\":\"https:\\\/\\\/www.autojm.fr\\\/blog\\\/wp-content\\\/uploads\\\/2022\\\/10\\\/689.jpg\",\"keywords\":[\"autojm\",\"Citro\u00ebn\",\"dacia\",\"DS\",\"Nissan\",\"Opel\",\"peugeot\",\"renault\",\"Volkswagen\"],\"articleSection\":[\"Actualit\u00e9 Automobile\"],\"inLanguage\":\"fr-FR\",\"potentialAction\":[{\"@type\":\"CommentAction\",\"name\":\"Comment\",\"target\":[\"https:\\\/\\\/www.autojm.fr\\\/blog\\\/mondial-de-lauto-de-paris-2022\\\/#respond\"]}]},{\"@type\":\"WebPage\",\"@id\":\"https:\\\/\\\/www.autojm.fr\\\/blog\\\/mondial-de-lauto-de-paris-2022\\\/\",\"url\":\"https:\\\/\\\/www.autojm.fr\\\/blog\\\/mondial-de-lauto-de-paris-2022\\\/\",\"name\":\"Mondial de l'auto de Paris 2022 - AutoJM Mag\",\"isPartOf\":{\"@id\":\"https:\\\/\\\/www.autojm.fr\\\/blog\\\/#website\"},\"primaryImageOfPage\":{\"@id\":\"https:\\\/\\\/www.autojm.fr\\\/blog\\\/mondial-de-lauto-de-paris-2022\\\/#primaryimage\"},\"image\":{\"@id\":\"https:\\\/\\\/www.autojm.fr\\\/blog\\\/mondial-de-lauto-de-paris-2022\\\/#primaryimage\"},\"thumbnailUrl\":\"https:\\\/\\\/www.autojm.fr\\\/blog\\\/wp-content\\\/uploads\\\/2022\\\/10\\\/689.jpg\",\"datePublished\":\"2022-07-29T00:00:00+00:00\",\"dateModified\":\"2023-09-15T12:14:26+00:00\",\"description\":\"Apr\u00e8s une annulation en 2020 pour cause de Covid-19, le Mondial de l'auto de Paris fait son retour cette ann\u00e9e.\",\"breadcrumb\":{\"@id\":\"https:\\\/\\\/www.autojm.fr\\\/blog\\\/mondial-de-lauto-de-paris-2022\\\/#breadcrumb\"},\"inLanguage\":\"fr-FR\",\"potentialAction\":[{\"@type\":\"ReadAction\",\"target\":[\"https:\\\/\\\/www.autojm.fr\\\/blog\\\/mondial-de-lauto-de-paris-2022\\\/\"]}]},{\"@type\":\"ImageObject\",\"inLanguage\":\"fr-FR\",\"@id\":\"https:\\\/\\\/www.autojm.fr\\\/blog\\\/mondial-de-lauto-de-paris-2022\\\/#primaryimage\",\"url\":\"https:\\\/\\\/www.autojm.fr\\\/blog\\\/wp-content\\\/uploads\\\/2022\\\/10\\\/689.jpg\",\"contentUrl\":\"https:\\\/\\\/www.autojm.fr\\\/blog\\\/wp-content\\\/uploads\\\/2022\\\/10\\\/689.jpg\",\"width\":1024,\"height\":465,\"caption\":\"Mondial de l'auto\"},{\"@type\":\"BreadcrumbList\",\"@id\":\"https:\\\/\\\/www.autojm.fr\\\/blog\\\/mondial-de-lauto-de-paris-2022\\\/#breadcrumb\",\"itemListElement\":[{\"@type\":\"ListItem\",\"position\":1,\"name\":\"Accueil\",\"item\":\"https:\\\/\\\/www.autojm.fr\\\/blog\\\/\"},{\"@type\":\"ListItem\",\"position\":2,\"name\":\"Actualit\u00e9 Automobile\",\"item\":\"https:\\\/\\\/www.autojm.fr\\\/blog\\\/actualite-automobile\\\/\"},{\"@type\":\"ListItem\",\"position\":3,\"name\":\"Mondial de l&rsquo;auto de Paris 2022\"}]},{\"@type\":\"WebSite\",\"@id\":\"https:\\\/\\\/www.autojm.fr\\\/blog\\\/#website\",\"url\":\"https:\\\/\\\/www.autojm.fr\\\/blog\\\/\",\"name\":\"AutoJM Mag\",\"description\":\"Toute l&#039;actu auto en 1 clic !\",\"publisher\":{\"@id\":\"https:\\\/\\\/www.autojm.fr\\\/blog\\\/#organization\"},\"potentialAction\":[{\"@type\":\"SearchAction\",\"target\":{\"@type\":\"EntryPoint\",\"urlTemplate\":\"https:\\\/\\\/www.autojm.fr\\\/blog\\\/?s={search_term_string}\"},\"query-input\":{\"@type\":\"PropertyValueSpecification\",\"valueRequired\":true,\"valueName\":\"search_term_string\"}}],\"inLanguage\":\"fr-FR\"},{\"@type\":\"Organization\",\"@id\":\"https:\\\/\\\/www.autojm.fr\\\/blog\\\/#organization\",\"name\":\"AutoJM Mag\",\"url\":\"https:\\\/\\\/www.autojm.fr\\\/blog\\\/\",\"logo\":{\"@type\":\"ImageObject\",\"inLanguage\":\"fr-FR\",\"@id\":\"https:\\\/\\\/www.autojm.fr\\\/blog\\\/#\\\/schema\\\/logo\\\/image\\\/\",\"url\":\"https:\\\/\\\/www.autojm.fr\\\/blog\\\/wp-content\\\/uploads\\\/2022\\\/12\\\/cropped-AutoJMag-png.png\",\"contentUrl\":\"https:\\\/\\\/www.autojm.fr\\\/blog\\\/wp-content\\\/uploads\\\/2022\\\/12\\\/cropped-AutoJMag-png.png\",\"width\":2834,\"height\":585,\"caption\":\"AutoJM Mag\"},\"image\":{\"@id\":\"https:\\\/\\\/www.autojm.fr\\\/blog\\\/#\\\/schema\\\/logo\\\/image\\\/\"},\"sameAs\":[\"https:\\\/\\\/www.facebook.com\\\/AutoJM25\"]},{\"@type\":\"Person\",\"@id\":\"https:\\\/\\\/www.autojm.fr\\\/blog\\\/#\\\/schema\\\/person\\\/9742bc77541853e0de81fc57f947e1a0\",\"name\":\"Autojm\",\"image\":{\"@type\":\"ImageObject\",\"inLanguage\":\"fr-FR\",\"@id\":\"https:\\\/\\\/secure.gravatar.com\\\/avatar\\\/9a959d52b758fcc232fe4b6aca7bab139182573297122cce7d6f2ee0e537b418?s=96&d=mm&r=g\",\"url\":\"https:\\\/\\\/secure.gravatar.com\\\/avatar\\\/9a959d52b758fcc232fe4b6aca7bab139182573297122cce7d6f2ee0e537b418?s=96&d=mm&r=g\",\"contentUrl\":\"https:\\\/\\\/secure.gravatar.com\\\/avatar\\\/9a959d52b758fcc232fe4b6aca7bab139182573297122cce7d6f2ee0e537b418?s=96&d=mm&r=g\",\"caption\":\"Autojm\"},\"sameAs\":[\"https:\\\/\\\/www.autojm.fr\\\/blog\"],\"url\":\"https:\\\/\\\/www.autojm.fr\\\/blog\\\/author\\\/bichoi\\\/\"}]}<\/script>\n<!-- \/ Yoast SEO plugin. -->","yoast_head_json":{"title":"Mondial de l'auto de Paris 2022 - AutoJM Mag","description":"Apr\u00e8s une annulation en 2020 pour cause de Covid-19, le Mondial de l'auto de Paris fait son retour cette ann\u00e9e.","robots":{"index":"index","follow":"follow","max-snippet":"max-snippet:-1","max-image-preview":"max-image-preview:large","max-video-preview":"max-video-preview:-1"},"canonical":"https:\/\/www.autojm.fr\/blog\/mondial-de-lauto-de-paris-2022\/","og_locale":"fr_FR","og_type":"article","og_title":"Mondial de l'auto de Paris 2022 - AutoJM Mag","og_description":"Apr\u00e8s une annulation en 2020 pour cause de Covid-19, le Mondial de l'auto de Paris fait son retour cette ann\u00e9e.","og_url":"https:\/\/www.autojm.fr\/blog\/mondial-de-lauto-de-paris-2022\/","og_site_name":"AutoJM Mag","article_publisher":"https:\/\/www.facebook.com\/AutoJM25","article_published_time":"2022-07-29T00:00:00+00:00","article_modified_time":"2023-09-15T12:14:26+00:00","og_image":[{"width":1024,"height":465,"url":"https:\/\/www.autojm.fr\/blog\/wp-content\/uploads\/2022\/10\/689.jpg","type":"image\/jpeg"}],"author":"Autojm","twitter_card":"summary_large_image","twitter_misc":{"\u00c9crit par":"Autojm","Dur\u00e9e de lecture estim\u00e9e":"3 minutes"},"schema":{"@context":"https:\/\/schema.org","@graph":[{"@type":"Article","@id":"https:\/\/www.autojm.fr\/blog\/mondial-de-lauto-de-paris-2022\/#article","isPartOf":{"@id":"https:\/\/www.autojm.fr\/blog\/mondial-de-lauto-de-paris-2022\/"},"author":{"name":"Autojm","@id":"https:\/\/www.autojm.fr\/blog\/#\/schema\/person\/9742bc77541853e0de81fc57f947e1a0"},"headline":"Mondial de l&rsquo;auto de Paris 2022","datePublished":"2022-07-29T00:00:00+00:00","dateModified":"2023-09-15T12:14:26+00:00","mainEntityOfPage":{"@id":"https:\/\/www.autojm.fr\/blog\/mondial-de-lauto-de-paris-2022\/"},"wordCount":459,"commentCount":0,"publisher":{"@id":"https:\/\/www.autojm.fr\/blog\/#organization"},"image":{"@id":"https:\/\/www.autojm.fr\/blog\/mondial-de-lauto-de-paris-2022\/#primaryimage"},"thumbnailUrl":"https:\/\/www.autojm.fr\/blog\/wp-content\/uploads\/2022\/10\/689.jpg","keywords":["autojm","Citro\u00ebn","dacia","DS","Nissan","Opel","peugeot","renault","Volkswagen"],"articleSection":["Actualit\u00e9 Automobile"],"inLanguage":"fr-FR","potentialAction":[{"@type":"CommentAction","name":"Comment","target":["https:\/\/www.autojm.fr\/blog\/mondial-de-lauto-de-paris-2022\/#respond"]}]},{"@type":"WebPage","@id":"https:\/\/www.autojm.fr\/blog\/mondial-de-lauto-de-paris-2022\/","url":"https:\/\/www.autojm.fr\/blog\/mondial-de-lauto-de-paris-2022\/","name":"Mondial de l'auto de Paris 2022 - AutoJM Mag","isPartOf":{"@id":"https:\/\/www.autojm.fr\/blog\/#website"},"primaryImageOfPage":{"@id":"https:\/\/www.autojm.fr\/blog\/mondial-de-lauto-de-paris-2022\/#primaryimage"},"image":{"@id":"https:\/\/www.autojm.fr\/blog\/mondial-de-lauto-de-paris-2022\/#primaryimage"},"thumbnailUrl":"https:\/\/www.autojm.fr\/blog\/wp-content\/uploads\/2022\/10\/689.jpg","datePublished":"2022-07-29T00:00:00+00:00","dateModified":"2023-09-15T12:14:26+00:00","description":"Apr\u00e8s une annulation en 2020 pour cause de Covid-19, le Mondial de l'auto de Paris fait son retour cette ann\u00e9e.","breadcrumb":{"@id":"https:\/\/www.autojm.fr\/blog\/mondial-de-lauto-de-paris-2022\/#breadcrumb"},"inLanguage":"fr-FR","potentialAction":[{"@type":"ReadAction","target":["https:\/\/www.autojm.fr\/blog\/mondial-de-lauto-de-paris-2022\/"]}]},{"@type":"ImageObject","inLanguage":"fr-FR","@id":"https:\/\/www.autojm.fr\/blog\/mondial-de-lauto-de-paris-2022\/#primaryimage","url":"https:\/\/www.autojm.fr\/blog\/wp-content\/uploads\/2022\/10\/689.jpg","contentUrl":"https:\/\/www.autojm.fr\/blog\/wp-content\/uploads\/2022\/10\/689.jpg","width":1024,"height":465,"caption":"Mondial de l'auto"},{"@type":"BreadcrumbList","@id":"https:\/\/www.autojm.fr\/blog\/mondial-de-lauto-de-paris-2022\/#breadcrumb","itemListElement":[{"@type":"ListItem","position":1,"name":"Accueil","item":"https:\/\/www.autojm.fr\/blog\/"},{"@type":"ListItem","position":2,"name":"Actualit\u00e9 Automobile","item":"https:\/\/www.autojm.fr\/blog\/actualite-automobile\/"},{"@type":"ListItem","position":3,"name":"Mondial de l&rsquo;auto de Paris 2022"}]},{"@type":"WebSite","@id":"https:\/\/www.autojm.fr\/blog\/#website","url":"https:\/\/www.autojm.fr\/blog\/","name":"AutoJM Mag","description":"Toute l&#039;actu auto en 1 clic !","publisher":{"@id":"https:\/\/www.autojm.fr\/blog\/#organization"},"potentialAction":[{"@type":"SearchAction","target":{"@type":"EntryPoint","urlTemplate":"https:\/\/www.autojm.fr\/blog\/?s={search_term_string}"},"query-input":{"@type":"PropertyValueSpecification","valueRequired":true,"valueName":"search_term_string"}}],"inLanguage":"fr-FR"},{"@type":"Organization","@id":"https:\/\/www.autojm.fr\/blog\/#organization","name":"AutoJM Mag","url":"https:\/\/www.autojm.fr\/blog\/","logo":{"@type":"ImageObject","inLanguage":"fr-FR","@id":"https:\/\/www.autojm.fr\/blog\/#\/schema\/logo\/image\/","url":"https:\/\/www.autojm.fr\/blog\/wp-content\/uploads\/2022\/12\/cropped-AutoJMag-png.png","contentUrl":"https:\/\/www.autojm.fr\/blog\/wp-content\/uploads\/2022\/12\/cropped-AutoJMag-png.png","width":2834,"height":585,"caption":"AutoJM Mag"},"image":{"@id":"https:\/\/www.autojm.fr\/blog\/#\/schema\/logo\/image\/"},"sameAs":["https:\/\/www.facebook.com\/AutoJM25"]},{"@type":"Person","@id":"https:\/\/www.autojm.fr\/blog\/#\/schema\/person\/9742bc77541853e0de81fc57f947e1a0","name":"Autojm","image":{"@type":"ImageObject","inLanguage":"fr-FR","@id":"https:\/\/secure.gravatar.com\/avatar\/9a959d52b758fcc232fe4b6aca7bab139182573297122cce7d6f2ee0e537b418?s=96&d=mm&r=g","url":"https:\/\/secure.gravatar.com\/avatar\/9a959d52b758fcc232fe4b6aca7bab139182573297122cce7d6f2ee0e537b418?s=96&d=mm&r=g","contentUrl":"https:\/\/secure.gravatar.com\/avatar\/9a959d52b758fcc232fe4b6aca7bab139182573297122cce7d6f2ee0e537b418?s=96&d=mm&r=g","caption":"Autojm"},"sameAs":["https:\/\/www.autojm.fr\/blog"],"url":"https:\/\/www.autojm.fr\/blog\/author\/bichoi\/"}]}},"_links":{"self":[{"href":"https:\/\/www.autojm.fr\/blog\/wp-json\/wp\/v2\/posts\/3957","targetHints":{"allow":["GET"]}}],"collection":[{"href":"https:\/\/www.autojm.fr\/blog\/wp-json\/wp\/v2\/posts"}],"about":[{"href":"https:\/\/www.autojm.fr\/blog\/wp-json\/wp\/v2\/types\/post"}],"author":[{"embeddable":true,"href":"https:\/\/www.autojm.fr\/blog\/wp-json\/wp\/v2\/users\/1"}],"replies":[{"embeddable":true,"href":"https:\/\/www.autojm.fr\/blog\/wp-json\/wp\/v2\/comments?post=3957"}],"version-history":[{"count":6,"href":"https:\/\/www.autojm.fr\/blog\/wp-json\/wp\/v2\/posts\/3957\/revisions"}],"predecessor-version":[{"id":12699,"href":"https:\/\/www.autojm.fr\/blog\/wp-json\/wp\/v2\/posts\/3957\/revisions\/12699"}],"wp:featuredmedia":[{"embeddable":true,"href":"https:\/\/www.autojm.fr\/blog\/wp-json\/wp\/v2\/media\/6015"}],"wp:attachment":[{"href":"https:\/\/www.autojm.fr\/blog\/wp-json\/wp\/v2\/media?parent=3957"}],"wp:term":[{"taxonomy":"category","embeddable":true,"href":"https:\/\/www.autojm.fr\/blog\/wp-json\/wp\/v2\/categories?post=3957"},{"taxonomy":"post_tag","embeddable":true,"href":"https:\/\/www.autojm.fr\/blog\/wp-json\/wp\/v2\/tags?post=3957"}],"curies":[{"name":"wp","href":"https:\/\/api.w.org\/{rel}","templated":true}]}}