{"id":3955,"date":"2022-07-19T00:00:00","date_gmt":"2022-07-19T00:00:00","guid":{"rendered":"https:\/\/www.autojm.fr\/blog\/la-boite-noire-rejoint-lautomobile\/"},"modified":"2023-04-18T06:37:22","modified_gmt":"2023-04-18T06:37:22","slug":"la-boite-noire-rejoint-lautomobile","status":"publish","type":"post","link":"https:\/\/www.autojm.fr\/blog\/la-boite-noire-rejoint-lautomobile\/","title":{"rendered":"La bo\u00eete noire rejoint l&rsquo;automobile"},"content":{"rendered":"<p>Depuis le 6 juillet 2022, les <strong>bo\u00eetes noires <\/strong>sont devenues <strong>obligatoires dans nos v\u00e9hicules<\/strong>. Plac\u00e9es sous le capot, elles sont install\u00e9es par les constructeurs sur tous les <strong><a href=\"https:\/\/www.autojm.fr\/?part=blog&amp;utm_source=articleblog190722&amp;utm_medium=blog\">v\u00e9hicules neufs<\/a><\/strong> produits en Europe. Les bo\u00eetes noires sont con\u00e7ues pour enregistrer diff\u00e9rentes donn\u00e9es sur le v\u00e9hicule et garderont notamment en m\u00e9moire les donn\u00e9es du v\u00e9hicule 30 secondes avant et 10 secondes apr\u00e8s un accident pour permettre d&rsquo;en d\u00e9terminer les circonstances.<\/p>\n<h2>Comment fonctionnent les bo\u00eetes noires automobiles ?<\/h2>\n<p>Les bo\u00eetes noires sont, \u00e0 l&rsquo;origine, des enregistreurs de donn\u00e9es (enregistreurs de vols) utilis\u00e9s depuis pr\u00e8s d&rsquo;un si\u00e8cle dans l&rsquo;a\u00e9ronautique.<br \/>\nA l&rsquo;int\u00e9rieur des v\u00e9hicules, il s&rsquo;agit tout simplement d&rsquo;un petit dispositif, une puce \u00e9lectronique embarqu\u00e9e qui a acc\u00e8s aux donn\u00e9es d&rsquo;organes sensibles telles que :<\/p>\n<p><strong>&#8211; la vitesse<br \/>\n&#8211; les phases d&rsquo;acc\u00e9l\u00e9ration ou de freinage<br \/>\n&#8211; le port ou non de la ceinture de s\u00e9curit\u00e9<br \/>\n&#8211; l&rsquo;usage du clignotant et autres \u00e9quipements de signalisation<br \/>\n&#8211; la force de la collision<br \/>\n&#8211; le r\u00e9gime moteur<br \/>\n&#8211; l&rsquo;inclinaison du v\u00e9hicule<\/strong><\/p>\n<p>Les donn\u00e9es conserv\u00e9es sont effac\u00e9es toutes les deux minutes, sauf en cas d&rsquo;accident o\u00f9 <strong>la bo\u00eete noire garde les informations enregistr\u00e9es 30 secondes avant et 10 secondes apr\u00e8s l&rsquo;accident.<\/strong> Elles peuvent servir en cas de proc\u00e9dure judiciaire, et ont pour but final de r\u00e9duire la mortalit\u00e9 routi\u00e8re.<\/p>\n<p>En r\u00e9alit\u00e9, il existe d\u00e9j\u00e0 un syst\u00e8me d&rsquo;enregistrement des donn\u00e9es \u00e0 bord des v\u00e9hicules, pr\u00e9sent depuis 2020 sur toutes les voitures neuves : <strong>On Board Fuel Consumption Monitoring<\/strong> (OBFCM). Il permet \u00e0 l&rsquo;Europe de v\u00e9rifier la consommation r\u00e9elle des v\u00e9hicules sur le continent afin de les comparer avec les r\u00e9sultats en test d&rsquo;homologation. Son utilit\u00e9 est donc bien diff\u00e9rente.<\/p>\n<h2>Quand et comment seront install\u00e9es les bo\u00eetes noires ?<\/h2>\n<p>L&rsquo;introduction des bo\u00eetes noires va se faire en deux temps. Dans un premier temps, tous les <strong>nouveaux mod\u00e8les de v\u00e9hicules neufs<\/strong> (particulier, camion, bus et utilitaire) homologu\u00e9s et lanc\u00e9s \u00e0 partir du 6 juillet 2022 seront \u00e9quip\u00e9s de ce dispositif. Dans un second temps, toutes les <strong>voitures immatricul\u00e9es<\/strong> \u00e0 partir du 6 juillet 2022 recevront une bo\u00eete noire.<\/p>\n<p>\u201c<em><strong>Les deux roues et les v\u00e9hicules d\u00e9j\u00e0 sur le march\u00e9 ne seront pas concern\u00e9s par ces enregistreurs<\/strong><\/em>\u201d, pr\u00e9cise Laure de Servigny de la Plateforme de la Fili\u00e8re Automobile (PFA). <strong>Les bo\u00eetes noires ne seront pas install\u00e9es sur les voitures d&rsquo;occasion<\/strong>. Seuls les nouveaux mod\u00e8les et les nouvelles immatriculations sont concern\u00e9s.<\/p>\n<h2>Pour ou contre ?<\/h2>\n<p>Les automobilistes se m\u00e9fient. Ils ne sont pas totalement avec la mise en place de ce dispositif. En effet, la plupart craignent d&rsquo;\u00eatre pist\u00e9 sur leurs faits et gestes ou d&rsquo;\u00eatre \u00e9cout\u00e9s dans leur propre voiture. Certains automobilistes parlent m\u00eame de la bo\u00eete noire comme d&rsquo;un \u00ab\u00a0<em><strong>mouchard embarqu\u00e9\u00a0\u00bb<\/strong><\/em>. D&rsquo;autant qu&rsquo;elle ne sera pas accessible pour les particuliers et ne pourra donc \u00eatre d\u00e9sactiv\u00e9e. Les associations d&rsquo;automobilistes pointent du doigt un dispositif de <em><strong>\u00ab\u00a0flicage\u00a0\u00bb<\/strong><\/em>.<\/p>\n<p>Seuls les enqu\u00eateurs, les autorit\u00e9s judiciaires, les instituts de recherche et dans certains cas les constructeurs automobiles, auront acc\u00e8s \u00e0 ces donn\u00e9es.<strong> Les assureurs, eux, ne pourront pas se servir des donn\u00e9es enregistr\u00e9es<\/strong> par les bo\u00eetes noires.<\/p>\n<p style=\"margin-top: 1.75em; margin-bottom: 1.75em; font-size: 0.813em; line-height: 1.5em; color: #666666; font-family: Arial, Helvetica, sans-serif;\">\n","protected":false},"excerpt":{"rendered":"<p>Depuis le 6 juillet 2022, les bo\u00eetes noires sont devenues obligatoires dans nos v\u00e9hicules. Plac\u00e9es sous le capot, elles sont install\u00e9es par les constructeurs sur tous les v\u00e9hicules neufs produits en Europe<\/p>\n","protected":false},"author":1,"featured_media":6013,"comment_status":"open","ping_status":"open","sticky":false,"template":"","format":"standard","meta":{"_acf_changed":false,"content-type":"","footnotes":""},"categories":[22],"tags":[90,85,74,105,110,108,107,73,78,96],"class_list":["post-3955","post","type-post","status-publish","format-standard","has-post-thumbnail","hentry","category-conseils-astuces","tag-autojm","tag-citroen-2","tag-dacia","tag-ds","tag-fiat","tag-nissan","tag-opel","tag-peugeot","tag-renault","tag-volkswagen"],"acf":[],"yoast_head":"<!-- This site is optimized with the Yoast SEO plugin v27.5 - https:\/\/yoast.com\/product\/yoast-seo-wordpress\/ -->\n<title>La bo\u00eete noire rejoint l&#039;automobile - AutoJM Mag<\/title>\n<meta name=\"description\" content=\"Plac\u00e9es sous le capot, les bo\u00eetes noires sont obligatoires depuis juillet 2022 et sont install\u00e9es sur tous les v\u00e9hicules produits en Europe.\" \/>\n<meta name=\"robots\" content=\"index, follow, max-snippet:-1, max-image-preview:large, max-video-preview:-1\" \/>\n<link rel=\"canonical\" href=\"https:\/\/www.autojm.fr\/blog\/la-boite-noire-rejoint-lautomobile\/\" \/>\n<meta property=\"og:locale\" content=\"fr_FR\" \/>\n<meta property=\"og:type\" content=\"article\" \/>\n<meta property=\"og:title\" content=\"La bo\u00eete noire rejoint l&#039;automobile - AutoJM Mag\" \/>\n<meta property=\"og:description\" content=\"Plac\u00e9es sous le capot, les bo\u00eetes noires sont obligatoires depuis juillet 2022 et sont install\u00e9es sur tous les v\u00e9hicules produits en Europe.\" \/>\n<meta property=\"og:url\" content=\"https:\/\/www.autojm.fr\/blog\/la-boite-noire-rejoint-lautomobile\/\" \/>\n<meta property=\"og:site_name\" content=\"AutoJM Mag\" \/>\n<meta property=\"article:publisher\" content=\"https:\/\/www.facebook.com\/AutoJM25\" \/>\n<meta property=\"article:published_time\" content=\"2022-07-19T00:00:00+00:00\" \/>\n<meta property=\"article:modified_time\" content=\"2023-04-18T06:37:22+00:00\" \/>\n<meta property=\"og:image\" content=\"https:\/\/www.autojm.fr\/blog\/wp-content\/uploads\/2022\/10\/687.jpg\" \/>\n\t<meta property=\"og:image:width\" content=\"1024\" \/>\n\t<meta property=\"og:image:height\" content=\"465\" \/>\n\t<meta property=\"og:image:type\" content=\"image\/jpeg\" \/>\n<meta name=\"author\" content=\"Autojm\" \/>\n<meta name=\"twitter:card\" content=\"summary_large_image\" \/>\n<meta name=\"twitter:label1\" content=\"\u00c9crit par\" \/>\n\t<meta name=\"twitter:data1\" content=\"Autojm\" \/>\n\t<meta name=\"twitter:label2\" content=\"Dur\u00e9e de lecture estim\u00e9e\" \/>\n\t<meta name=\"twitter:data2\" content=\"3 minutes\" \/>\n<script type=\"application\/ld+json\" class=\"yoast-schema-graph\">{\"@context\":\"https:\\\/\\\/schema.org\",\"@graph\":[{\"@type\":\"Article\",\"@id\":\"https:\\\/\\\/www.autojm.fr\\\/blog\\\/la-boite-noire-rejoint-lautomobile\\\/#article\",\"isPartOf\":{\"@id\":\"https:\\\/\\\/www.autojm.fr\\\/blog\\\/la-boite-noire-rejoint-lautomobile\\\/\"},\"author\":{\"name\":\"Autojm\",\"@id\":\"https:\\\/\\\/www.autojm.fr\\\/blog\\\/#\\\/schema\\\/person\\\/9742bc77541853e0de81fc57f947e1a0\"},\"headline\":\"La bo\u00eete noire rejoint l&rsquo;automobile\",\"datePublished\":\"2022-07-19T00:00:00+00:00\",\"dateModified\":\"2023-04-18T06:37:22+00:00\",\"mainEntityOfPage\":{\"@id\":\"https:\\\/\\\/www.autojm.fr\\\/blog\\\/la-boite-noire-rejoint-lautomobile\\\/\"},\"wordCount\":570,\"commentCount\":0,\"publisher\":{\"@id\":\"https:\\\/\\\/www.autojm.fr\\\/blog\\\/#organization\"},\"image\":{\"@id\":\"https:\\\/\\\/www.autojm.fr\\\/blog\\\/la-boite-noire-rejoint-lautomobile\\\/#primaryimage\"},\"thumbnailUrl\":\"https:\\\/\\\/www.autojm.fr\\\/blog\\\/wp-content\\\/uploads\\\/2022\\\/10\\\/687.jpg\",\"keywords\":[\"autojm\",\"Citro\u00ebn\",\"dacia\",\"DS\",\"Fiat\",\"Nissan\",\"Opel\",\"peugeot\",\"renault\",\"Volkswagen\"],\"articleSection\":[\"Conseils &amp; Astuces\"],\"inLanguage\":\"fr-FR\",\"potentialAction\":[{\"@type\":\"CommentAction\",\"name\":\"Comment\",\"target\":[\"https:\\\/\\\/www.autojm.fr\\\/blog\\\/la-boite-noire-rejoint-lautomobile\\\/#respond\"]}]},{\"@type\":\"WebPage\",\"@id\":\"https:\\\/\\\/www.autojm.fr\\\/blog\\\/la-boite-noire-rejoint-lautomobile\\\/\",\"url\":\"https:\\\/\\\/www.autojm.fr\\\/blog\\\/la-boite-noire-rejoint-lautomobile\\\/\",\"name\":\"La bo\u00eete noire rejoint l'automobile - AutoJM Mag\",\"isPartOf\":{\"@id\":\"https:\\\/\\\/www.autojm.fr\\\/blog\\\/#website\"},\"primaryImageOfPage\":{\"@id\":\"https:\\\/\\\/www.autojm.fr\\\/blog\\\/la-boite-noire-rejoint-lautomobile\\\/#primaryimage\"},\"image\":{\"@id\":\"https:\\\/\\\/www.autojm.fr\\\/blog\\\/la-boite-noire-rejoint-lautomobile\\\/#primaryimage\"},\"thumbnailUrl\":\"https:\\\/\\\/www.autojm.fr\\\/blog\\\/wp-content\\\/uploads\\\/2022\\\/10\\\/687.jpg\",\"datePublished\":\"2022-07-19T00:00:00+00:00\",\"dateModified\":\"2023-04-18T06:37:22+00:00\",\"description\":\"Plac\u00e9es sous le capot, les bo\u00eetes noires sont obligatoires depuis juillet 2022 et sont install\u00e9es sur tous les v\u00e9hicules produits en Europe.\",\"breadcrumb\":{\"@id\":\"https:\\\/\\\/www.autojm.fr\\\/blog\\\/la-boite-noire-rejoint-lautomobile\\\/#breadcrumb\"},\"inLanguage\":\"fr-FR\",\"potentialAction\":[{\"@type\":\"ReadAction\",\"target\":[\"https:\\\/\\\/www.autojm.fr\\\/blog\\\/la-boite-noire-rejoint-lautomobile\\\/\"]}]},{\"@type\":\"ImageObject\",\"inLanguage\":\"fr-FR\",\"@id\":\"https:\\\/\\\/www.autojm.fr\\\/blog\\\/la-boite-noire-rejoint-lautomobile\\\/#primaryimage\",\"url\":\"https:\\\/\\\/www.autojm.fr\\\/blog\\\/wp-content\\\/uploads\\\/2022\\\/10\\\/687.jpg\",\"contentUrl\":\"https:\\\/\\\/www.autojm.fr\\\/blog\\\/wp-content\\\/uploads\\\/2022\\\/10\\\/687.jpg\",\"width\":1024,\"height\":465,\"caption\":\"Bo\u00eete noire automobile\"},{\"@type\":\"BreadcrumbList\",\"@id\":\"https:\\\/\\\/www.autojm.fr\\\/blog\\\/la-boite-noire-rejoint-lautomobile\\\/#breadcrumb\",\"itemListElement\":[{\"@type\":\"ListItem\",\"position\":1,\"name\":\"Accueil\",\"item\":\"https:\\\/\\\/www.autojm.fr\\\/blog\\\/\"},{\"@type\":\"ListItem\",\"position\":2,\"name\":\"Conseils &amp; Astuces\",\"item\":\"https:\\\/\\\/www.autojm.fr\\\/blog\\\/conseils-astuces\\\/\"},{\"@type\":\"ListItem\",\"position\":3,\"name\":\"La bo\u00eete noire rejoint l&rsquo;automobile\"}]},{\"@type\":\"WebSite\",\"@id\":\"https:\\\/\\\/www.autojm.fr\\\/blog\\\/#website\",\"url\":\"https:\\\/\\\/www.autojm.fr\\\/blog\\\/\",\"name\":\"AutoJM Mag\",\"description\":\"Toute l&#039;actu auto en 1 clic !\",\"publisher\":{\"@id\":\"https:\\\/\\\/www.autojm.fr\\\/blog\\\/#organization\"},\"potentialAction\":[{\"@type\":\"SearchAction\",\"target\":{\"@type\":\"EntryPoint\",\"urlTemplate\":\"https:\\\/\\\/www.autojm.fr\\\/blog\\\/?s={search_term_string}\"},\"query-input\":{\"@type\":\"PropertyValueSpecification\",\"valueRequired\":true,\"valueName\":\"search_term_string\"}}],\"inLanguage\":\"fr-FR\"},{\"@type\":\"Organization\",\"@id\":\"https:\\\/\\\/www.autojm.fr\\\/blog\\\/#organization\",\"name\":\"AutoJM Mag\",\"url\":\"https:\\\/\\\/www.autojm.fr\\\/blog\\\/\",\"logo\":{\"@type\":\"ImageObject\",\"inLanguage\":\"fr-FR\",\"@id\":\"https:\\\/\\\/www.autojm.fr\\\/blog\\\/#\\\/schema\\\/logo\\\/image\\\/\",\"url\":\"https:\\\/\\\/www.autojm.fr\\\/blog\\\/wp-content\\\/uploads\\\/2022\\\/12\\\/cropped-AutoJMag-png.png\",\"contentUrl\":\"https:\\\/\\\/www.autojm.fr\\\/blog\\\/wp-content\\\/uploads\\\/2022\\\/12\\\/cropped-AutoJMag-png.png\",\"width\":2834,\"height\":585,\"caption\":\"AutoJM Mag\"},\"image\":{\"@id\":\"https:\\\/\\\/www.autojm.fr\\\/blog\\\/#\\\/schema\\\/logo\\\/image\\\/\"},\"sameAs\":[\"https:\\\/\\\/www.facebook.com\\\/AutoJM25\"]},{\"@type\":\"Person\",\"@id\":\"https:\\\/\\\/www.autojm.fr\\\/blog\\\/#\\\/schema\\\/person\\\/9742bc77541853e0de81fc57f947e1a0\",\"name\":\"Autojm\",\"image\":{\"@type\":\"ImageObject\",\"inLanguage\":\"fr-FR\",\"@id\":\"https:\\\/\\\/secure.gravatar.com\\\/avatar\\\/9a959d52b758fcc232fe4b6aca7bab139182573297122cce7d6f2ee0e537b418?s=96&d=mm&r=g\",\"url\":\"https:\\\/\\\/secure.gravatar.com\\\/avatar\\\/9a959d52b758fcc232fe4b6aca7bab139182573297122cce7d6f2ee0e537b418?s=96&d=mm&r=g\",\"contentUrl\":\"https:\\\/\\\/secure.gravatar.com\\\/avatar\\\/9a959d52b758fcc232fe4b6aca7bab139182573297122cce7d6f2ee0e537b418?s=96&d=mm&r=g\",\"caption\":\"Autojm\"},\"sameAs\":[\"https:\\\/\\\/www.autojm.fr\\\/blog\"],\"url\":\"https:\\\/\\\/www.autojm.fr\\\/blog\\\/author\\\/bichoi\\\/\"}]}<\/script>\n<!-- \/ Yoast SEO plugin. -->","yoast_head_json":{"title":"La bo\u00eete noire rejoint l'automobile - AutoJM Mag","description":"Plac\u00e9es sous le capot, les bo\u00eetes noires sont obligatoires depuis juillet 2022 et sont install\u00e9es sur tous les v\u00e9hicules produits en Europe.","robots":{"index":"index","follow":"follow","max-snippet":"max-snippet:-1","max-image-preview":"max-image-preview:large","max-video-preview":"max-video-preview:-1"},"canonical":"https:\/\/www.autojm.fr\/blog\/la-boite-noire-rejoint-lautomobile\/","og_locale":"fr_FR","og_type":"article","og_title":"La bo\u00eete noire rejoint l'automobile - AutoJM Mag","og_description":"Plac\u00e9es sous le capot, les bo\u00eetes noires sont obligatoires depuis juillet 2022 et sont install\u00e9es sur tous les v\u00e9hicules produits en Europe.","og_url":"https:\/\/www.autojm.fr\/blog\/la-boite-noire-rejoint-lautomobile\/","og_site_name":"AutoJM Mag","article_publisher":"https:\/\/www.facebook.com\/AutoJM25","article_published_time":"2022-07-19T00:00:00+00:00","article_modified_time":"2023-04-18T06:37:22+00:00","og_image":[{"width":1024,"height":465,"url":"https:\/\/www.autojm.fr\/blog\/wp-content\/uploads\/2022\/10\/687.jpg","type":"image\/jpeg"}],"author":"Autojm","twitter_card":"summary_large_image","twitter_misc":{"\u00c9crit par":"Autojm","Dur\u00e9e de lecture estim\u00e9e":"3 minutes"},"schema":{"@context":"https:\/\/schema.org","@graph":[{"@type":"Article","@id":"https:\/\/www.autojm.fr\/blog\/la-boite-noire-rejoint-lautomobile\/#article","isPartOf":{"@id":"https:\/\/www.autojm.fr\/blog\/la-boite-noire-rejoint-lautomobile\/"},"author":{"name":"Autojm","@id":"https:\/\/www.autojm.fr\/blog\/#\/schema\/person\/9742bc77541853e0de81fc57f947e1a0"},"headline":"La bo\u00eete noire rejoint l&rsquo;automobile","datePublished":"2022-07-19T00:00:00+00:00","dateModified":"2023-04-18T06:37:22+00:00","mainEntityOfPage":{"@id":"https:\/\/www.autojm.fr\/blog\/la-boite-noire-rejoint-lautomobile\/"},"wordCount":570,"commentCount":0,"publisher":{"@id":"https:\/\/www.autojm.fr\/blog\/#organization"},"image":{"@id":"https:\/\/www.autojm.fr\/blog\/la-boite-noire-rejoint-lautomobile\/#primaryimage"},"thumbnailUrl":"https:\/\/www.autojm.fr\/blog\/wp-content\/uploads\/2022\/10\/687.jpg","keywords":["autojm","Citro\u00ebn","dacia","DS","Fiat","Nissan","Opel","peugeot","renault","Volkswagen"],"articleSection":["Conseils &amp; Astuces"],"inLanguage":"fr-FR","potentialAction":[{"@type":"CommentAction","name":"Comment","target":["https:\/\/www.autojm.fr\/blog\/la-boite-noire-rejoint-lautomobile\/#respond"]}]},{"@type":"WebPage","@id":"https:\/\/www.autojm.fr\/blog\/la-boite-noire-rejoint-lautomobile\/","url":"https:\/\/www.autojm.fr\/blog\/la-boite-noire-rejoint-lautomobile\/","name":"La bo\u00eete noire rejoint l'automobile - AutoJM Mag","isPartOf":{"@id":"https:\/\/www.autojm.fr\/blog\/#website"},"primaryImageOfPage":{"@id":"https:\/\/www.autojm.fr\/blog\/la-boite-noire-rejoint-lautomobile\/#primaryimage"},"image":{"@id":"https:\/\/www.autojm.fr\/blog\/la-boite-noire-rejoint-lautomobile\/#primaryimage"},"thumbnailUrl":"https:\/\/www.autojm.fr\/blog\/wp-content\/uploads\/2022\/10\/687.jpg","datePublished":"2022-07-19T00:00:00+00:00","dateModified":"2023-04-18T06:37:22+00:00","description":"Plac\u00e9es sous le capot, les bo\u00eetes noires sont obligatoires depuis juillet 2022 et sont install\u00e9es sur tous les v\u00e9hicules produits en Europe.","breadcrumb":{"@id":"https:\/\/www.autojm.fr\/blog\/la-boite-noire-rejoint-lautomobile\/#breadcrumb"},"inLanguage":"fr-FR","potentialAction":[{"@type":"ReadAction","target":["https:\/\/www.autojm.fr\/blog\/la-boite-noire-rejoint-lautomobile\/"]}]},{"@type":"ImageObject","inLanguage":"fr-FR","@id":"https:\/\/www.autojm.fr\/blog\/la-boite-noire-rejoint-lautomobile\/#primaryimage","url":"https:\/\/www.autojm.fr\/blog\/wp-content\/uploads\/2022\/10\/687.jpg","contentUrl":"https:\/\/www.autojm.fr\/blog\/wp-content\/uploads\/2022\/10\/687.jpg","width":1024,"height":465,"caption":"Bo\u00eete noire automobile"},{"@type":"BreadcrumbList","@id":"https:\/\/www.autojm.fr\/blog\/la-boite-noire-rejoint-lautomobile\/#breadcrumb","itemListElement":[{"@type":"ListItem","position":1,"name":"Accueil","item":"https:\/\/www.autojm.fr\/blog\/"},{"@type":"ListItem","position":2,"name":"Conseils &amp; Astuces","item":"https:\/\/www.autojm.fr\/blog\/conseils-astuces\/"},{"@type":"ListItem","position":3,"name":"La bo\u00eete noire rejoint l&rsquo;automobile"}]},{"@type":"WebSite","@id":"https:\/\/www.autojm.fr\/blog\/#website","url":"https:\/\/www.autojm.fr\/blog\/","name":"AutoJM Mag","description":"Toute l&#039;actu auto en 1 clic !","publisher":{"@id":"https:\/\/www.autojm.fr\/blog\/#organization"},"potentialAction":[{"@type":"SearchAction","target":{"@type":"EntryPoint","urlTemplate":"https:\/\/www.autojm.fr\/blog\/?s={search_term_string}"},"query-input":{"@type":"PropertyValueSpecification","valueRequired":true,"valueName":"search_term_string"}}],"inLanguage":"fr-FR"},{"@type":"Organization","@id":"https:\/\/www.autojm.fr\/blog\/#organization","name":"AutoJM Mag","url":"https:\/\/www.autojm.fr\/blog\/","logo":{"@type":"ImageObject","inLanguage":"fr-FR","@id":"https:\/\/www.autojm.fr\/blog\/#\/schema\/logo\/image\/","url":"https:\/\/www.autojm.fr\/blog\/wp-content\/uploads\/2022\/12\/cropped-AutoJMag-png.png","contentUrl":"https:\/\/www.autojm.fr\/blog\/wp-content\/uploads\/2022\/12\/cropped-AutoJMag-png.png","width":2834,"height":585,"caption":"AutoJM Mag"},"image":{"@id":"https:\/\/www.autojm.fr\/blog\/#\/schema\/logo\/image\/"},"sameAs":["https:\/\/www.facebook.com\/AutoJM25"]},{"@type":"Person","@id":"https:\/\/www.autojm.fr\/blog\/#\/schema\/person\/9742bc77541853e0de81fc57f947e1a0","name":"Autojm","image":{"@type":"ImageObject","inLanguage":"fr-FR","@id":"https:\/\/secure.gravatar.com\/avatar\/9a959d52b758fcc232fe4b6aca7bab139182573297122cce7d6f2ee0e537b418?s=96&d=mm&r=g","url":"https:\/\/secure.gravatar.com\/avatar\/9a959d52b758fcc232fe4b6aca7bab139182573297122cce7d6f2ee0e537b418?s=96&d=mm&r=g","contentUrl":"https:\/\/secure.gravatar.com\/avatar\/9a959d52b758fcc232fe4b6aca7bab139182573297122cce7d6f2ee0e537b418?s=96&d=mm&r=g","caption":"Autojm"},"sameAs":["https:\/\/www.autojm.fr\/blog"],"url":"https:\/\/www.autojm.fr\/blog\/author\/bichoi\/"}]}},"_links":{"self":[{"href":"https:\/\/www.autojm.fr\/blog\/wp-json\/wp\/v2\/posts\/3955","targetHints":{"allow":["GET"]}}],"collection":[{"href":"https:\/\/www.autojm.fr\/blog\/wp-json\/wp\/v2\/posts"}],"about":[{"href":"https:\/\/www.autojm.fr\/blog\/wp-json\/wp\/v2\/types\/post"}],"author":[{"embeddable":true,"href":"https:\/\/www.autojm.fr\/blog\/wp-json\/wp\/v2\/users\/1"}],"replies":[{"embeddable":true,"href":"https:\/\/www.autojm.fr\/blog\/wp-json\/wp\/v2\/comments?post=3955"}],"version-history":[{"count":6,"href":"https:\/\/www.autojm.fr\/blog\/wp-json\/wp\/v2\/posts\/3955\/revisions"}],"predecessor-version":[{"id":9190,"href":"https:\/\/www.autojm.fr\/blog\/wp-json\/wp\/v2\/posts\/3955\/revisions\/9190"}],"wp:featuredmedia":[{"embeddable":true,"href":"https:\/\/www.autojm.fr\/blog\/wp-json\/wp\/v2\/media\/6013"}],"wp:attachment":[{"href":"https:\/\/www.autojm.fr\/blog\/wp-json\/wp\/v2\/media?parent=3955"}],"wp:term":[{"taxonomy":"category","embeddable":true,"href":"https:\/\/www.autojm.fr\/blog\/wp-json\/wp\/v2\/categories?post=3955"},{"taxonomy":"post_tag","embeddable":true,"href":"https:\/\/www.autojm.fr\/blog\/wp-json\/wp\/v2\/tags?post=3955"}],"curies":[{"name":"wp","href":"https:\/\/api.w.org\/{rel}","templated":true}]}}