{"id":3948,"date":"2022-06-09T00:00:00","date_gmt":"2022-06-09T00:00:00","guid":{"rendered":"https:\/\/www.autojm.fr\/blog\/mai-2022-12eme-mois-de-crise-pour-lautomobile\/"},"modified":"2022-12-13T09:16:57","modified_gmt":"2022-12-13T09:16:57","slug":"mai-2022-12eme-mois-de-crise-pour-lautomobile","status":"publish","type":"post","link":"https:\/\/www.autojm.fr\/blog\/mai-2022-12eme-mois-de-crise-pour-lautomobile\/","title":{"rendered":"Mai 2022 : 12\u00e8me mois de crise pour l\u2019automobile"},"content":{"rendered":"<p>Cela fait d\u00e9sormais 1 an que les ventes automobiles sont en chute libre, soit 12 mois cons\u00e9cutifs de baisse. Le mois de mai enregistre 126 819 v\u00e9hicules immatricul\u00e9s, soit 10,1% de moins qu&rsquo;en mai 2021, et surtout 34,6% de moins qu&rsquo;en mai 2019, derni\u00e8re ann\u00e9e de r\u00e9f\u00e9rence. Le point positif, c&rsquo;est que la baisse de ce mois de mai est la moins importante de l&rsquo;ann\u00e9e, ce qui pourrait indiquer une reprise de l&rsquo;activit\u00e9\u2026 On fait le point sur les chiffres du mois de mai.<\/p>\n<h2>Stellantis m\u00e8ne la danse<\/h2>\n<p>Le groupe qui rassemble PSA et FCA est premier sur le march\u00e9 Fran\u00e7ais, mais enregistre tout de m\u00eame une baisse de 9,8% d&rsquo;immatriculations pour ce mois de mai. Il est suivi par le groupe Renault, deuxi\u00e8me mais qui enregistre \u201cseulement\u201d -7,5% d&rsquo;immatriculations.<\/p>\n<h2>Du c\u00f4t\u00e9 des marques automobiles<\/h2>\n<p><strong><a href=\"https:\/\/www.autojm.fr\/mandataire-voitures-neuves-renault?part=blog&amp;utm_source=articleblog090622&amp;utm_medium=blog\">Renault<\/a><\/strong> reprend la main avec se place en t\u00eate pour ce mois de mai avec 22 971 immatriculations, suivi par <strong><a href=\"https:\/\/www.autojm.fr\/mandataire-voitures-neuves-peugeot?part=blog&amp;utm_source=articleblog090622&amp;utm_medium=blog\">Peugeot<\/a><\/strong> et ses 20 742 immatriculations. La troisi\u00e8me place n&rsquo;est cette fois-ci pas occup\u00e9e par <strong><a href=\"https:\/\/www.autojm.fr\/mandataire-voitures-neuves-renault?part=blog&amp;utm_source=articleblog090622&amp;utm_medium=blog\">Citro\u00ebn<\/a><\/strong> mais par Dacia, qui affiche 9 781 v\u00e9hicules immatricul\u00e9s alors que Citro\u00ebn n&rsquo;en compte que 8 672.<\/p>\n<p>Certaines marques ont progress\u00e9 ce mois de mai : les immatriculations ont augment\u00e9 de 4,2% pour Dacia, 30,1% pour Hyundai, 7,5% pour Mercedes, 5% pour BMW et 19,6% pour Fiat. D&rsquo;autres marques automobiles sont plus d\u00e9savantag\u00e9es : Volkswagen est \u00e0 &#8211; 32,4%, Citro\u00ebn est \u00e0 -29,5%, Renault est \u00e0 &#8211; 12,2%, Peugeot est \u00e0 &#8211; 8,3%, et Toyota est \u00e0 &#8211; 6,2%.<\/p>\n<h2>Le top des mod\u00e8les les plus vendus<\/h2>\n<p><iframe loading=\"lazy\" title=\"YouTube video player\" src=\"https:\/\/www.youtube.com\/embed\/Bl5UjUrZKNg\" width=\"100%\" height=\"315\" allowfullscreen=\"allowfullscreen\"><\/iframe><\/p>\n<p>La place de num\u00e9ro 1 semble lui \u00eatre attitr\u00e9e ! La <strong><a href=\"https:\/\/www.autojm.fr\/achat-voitures-neuves-peugeot-208-2019-5p?part=blog&amp;utm_source=articleblog090622&amp;utm_medium=blog\">Peugeot 208<\/a><\/strong> reste en t\u00eate des ventes avec 7 257 immatriculations, suivie par sa concurrente principale la <strong><a href=\"https:\/\/www.autojm.fr\/achat-voitures-neuves-renault-clio-5-5p?part=blog&amp;utm_source=articleblog090622&amp;utm_medium=blog\">Renault Clio<\/a><\/strong>, qui enregistre 6 111 immatriculations. Le Dacia Sandero arrive en 3\u00e8me place avec 4 615 immatriculations, suivi par la Peugeot 308 (4 474 v\u00e9hicules immatricul\u00e9s) et le Peugeot 2008 (3 827 v\u00e9hicules immatricul\u00e9s).<\/p>\n<h2>L&rsquo;essence reste n\u00b01 sur le march\u00e9<\/h2>\n<p>Avec une part de march\u00e9 de 36,2%, l&rsquo;essence reste l&rsquo;option favoris\u00e9e par les automobilistes fran\u00e7ais. L&rsquo;hybride essence arrive ensuite, avec 20,5% de part de march\u00e9, suivi par le diesel, qui perd encore des parts de march\u00e9 pour n&rsquo;en d\u00e9tenir que 17,6% au mois de mai 2022. L&rsquo;\u00e9lectrique continue petit \u00e0 petit de monter et occupe 12% du march\u00e9.<\/p>\n<p>Tandis que l&rsquo;hybride essence est \u00e0 + 25,9% d&rsquo;immatriculations, l&rsquo;\u00e9lectrique \u00e0 + 31,8%, le GPL \u00e0 + 8,9% et l&rsquo;hybride rechargeable diesel \u00e0 +18,6%, d&rsquo;autres motorisations sont en baisse au mois de mai : essence (- 22,2%), diesel (- 27,8%), hybride essence rechargeable (- 13,9%) et hybride diesel (- 26,4%).<\/p>\n<h2>Les top ventes hybrides et \u00e9lectriques<\/h2>\n<p>Du c\u00f4t\u00e9 des mod\u00e8les hybrides, les v\u00e9hicules Renault Arkana, Renault Captur et Toyota Yaris Cross sont en t\u00eate du classement. Du c\u00f4t\u00e9 des voitures \u00e9lectriques, la Fiat 500e s\u00e9duit les automobilistes, tout comme la Peugeot e-208 et la Renault Twingo.<\/p>\n<p><iframe loading=\"lazy\" title=\"YouTube video player\" src=\"https:\/\/www.youtube.com\/embed\/1uSH3ulge_A\" width=\"100%\" height=\"315\" allowfullscreen=\"allowfullscreen\"><\/iframe><\/p>\n<p>Sur le cumul des 5 premiers mois de l&rsquo;ann\u00e9e, les immatriculations sont au nombre de 600 934, soit 17% de moins que sur la m\u00eame p\u00e9riode en 2021, et 36% de moins qu&rsquo;en 2019. Le bilan annuel sera-t-il plus alarmant que celui de l&rsquo;ann\u00e9e 2021 ?<\/p>\n<p style=\"margin-top: 1.75em; margin-bottom: 1.75em; font-size: 0.813em; line-height: 1.5em; color: #666666; font-family: Arial, Helvetica, sans-serif;\"><br style=\"font-size: 13.008px;\" \/><span style=\"font-variant-numeric: normal; font-variant-east-asian: normal; background-color: transparent; text-align: justify; color: #000000; font-family: Arial; font-size: 14.66px; vertical-align: baseline; white-space: pre-wrap;\"><\/span><\/span><\/p>\n","protected":false},"excerpt":{"rendered":"<p>Cela fait d\u00e9sormais 1 an que les ventes automobiles sont en chute libre, soit 12 mois cons\u00e9cutifs de baisse. Le mois de mai enregistre 126 819 v\u00e9hicules immatricul\u00e9s, soit 10,1% de moins qu&rsquo;en mai 2021, et surtout 34,6% de moins qu&rsquo;en mai 2019, derni\u00e8re ann\u00e9e de r\u00e9f\u00e9rence.<\/p>\n","protected":false},"author":1,"featured_media":6006,"comment_status":"open","ping_status":"open","sticky":false,"template":"","format":"standard","meta":{"_acf_changed":false,"content-type":"","footnotes":""},"categories":[5],"tags":[90,79,74,105,108,107,73,78,96],"class_list":["post-3948","post","type-post","status-publish","format-standard","has-post-thumbnail","hentry","category-actualite-automobile","tag-autojm","tag-citroen","tag-dacia","tag-ds","tag-nissan","tag-opel","tag-peugeot","tag-renault","tag-volkswagen"],"acf":[],"yoast_head":"<!-- This site is optimized with the Yoast SEO plugin v27.5 - https:\/\/yoast.com\/product\/yoast-seo-wordpress\/ -->\n<title>Mai 2022 : 12\u00e8me mois de crise pour l\u2019automobile - AutoJM Mag<\/title>\n<meta name=\"description\" content=\"Cela fait d\u00e9sormais 1 an que les ventes automobiles sont en chute libre, soit 12 mois cons\u00e9cutifs de baisse.\" \/>\n<meta name=\"robots\" content=\"index, follow, max-snippet:-1, max-image-preview:large, max-video-preview:-1\" \/>\n<link rel=\"canonical\" href=\"https:\/\/www.autojm.fr\/blog\/mai-2022-12eme-mois-de-crise-pour-lautomobile\/\" \/>\n<meta property=\"og:locale\" content=\"fr_FR\" \/>\n<meta property=\"og:type\" content=\"article\" \/>\n<meta property=\"og:title\" content=\"Mai 2022 : 12\u00e8me mois de crise pour l\u2019automobile - AutoJM Mag\" \/>\n<meta property=\"og:description\" content=\"Cela fait d\u00e9sormais 1 an que les ventes automobiles sont en chute libre, soit 12 mois cons\u00e9cutifs de baisse.\" \/>\n<meta property=\"og:url\" content=\"https:\/\/www.autojm.fr\/blog\/mai-2022-12eme-mois-de-crise-pour-lautomobile\/\" \/>\n<meta property=\"og:site_name\" content=\"AutoJM Mag\" \/>\n<meta property=\"article:publisher\" content=\"https:\/\/www.facebook.com\/AutoJM25\" \/>\n<meta property=\"article:published_time\" content=\"2022-06-09T00:00:00+00:00\" \/>\n<meta property=\"article:modified_time\" content=\"2022-12-13T09:16:57+00:00\" \/>\n<meta property=\"og:image\" content=\"https:\/\/www.autojm.fr\/blog\/wp-content\/uploads\/2022\/10\/680-scaled.jpg\" \/>\n\t<meta property=\"og:image:width\" content=\"2560\" \/>\n\t<meta property=\"og:image:height\" content=\"1160\" \/>\n\t<meta property=\"og:image:type\" content=\"image\/jpeg\" \/>\n<meta name=\"author\" content=\"Autojm\" \/>\n<meta name=\"twitter:card\" content=\"summary_large_image\" \/>\n<meta name=\"twitter:label1\" content=\"\u00c9crit par\" \/>\n\t<meta name=\"twitter:data1\" content=\"Autojm\" \/>\n\t<meta name=\"twitter:label2\" content=\"Dur\u00e9e de lecture estim\u00e9e\" \/>\n\t<meta name=\"twitter:data2\" content=\"4 minutes\" \/>\n<script type=\"application\/ld+json\" class=\"yoast-schema-graph\">{\"@context\":\"https:\\\/\\\/schema.org\",\"@graph\":[{\"@type\":\"Article\",\"@id\":\"https:\\\/\\\/www.autojm.fr\\\/blog\\\/mai-2022-12eme-mois-de-crise-pour-lautomobile\\\/#article\",\"isPartOf\":{\"@id\":\"https:\\\/\\\/www.autojm.fr\\\/blog\\\/mai-2022-12eme-mois-de-crise-pour-lautomobile\\\/\"},\"author\":{\"name\":\"Autojm\",\"@id\":\"https:\\\/\\\/www.autojm.fr\\\/blog\\\/#\\\/schema\\\/person\\\/9742bc77541853e0de81fc57f947e1a0\"},\"headline\":\"Mai 2022 : 12\u00e8me mois de crise pour l\u2019automobile\",\"datePublished\":\"2022-06-09T00:00:00+00:00\",\"dateModified\":\"2022-12-13T09:16:57+00:00\",\"mainEntityOfPage\":{\"@id\":\"https:\\\/\\\/www.autojm.fr\\\/blog\\\/mai-2022-12eme-mois-de-crise-pour-lautomobile\\\/\"},\"wordCount\":502,\"commentCount\":0,\"publisher\":{\"@id\":\"https:\\\/\\\/www.autojm.fr\\\/blog\\\/#organization\"},\"image\":{\"@id\":\"https:\\\/\\\/www.autojm.fr\\\/blog\\\/mai-2022-12eme-mois-de-crise-pour-lautomobile\\\/#primaryimage\"},\"thumbnailUrl\":\"https:\\\/\\\/www.autojm.fr\\\/blog\\\/wp-content\\\/uploads\\\/2022\\\/10\\\/680-scaled.jpg\",\"keywords\":[\"autojm\",\"citroen\",\"dacia\",\"DS\",\"Nissan\",\"Opel\",\"peugeot\",\"renault\",\"Volkswagen\"],\"articleSection\":[\"Actualit\u00e9 Automobile\"],\"inLanguage\":\"fr-FR\",\"potentialAction\":[{\"@type\":\"CommentAction\",\"name\":\"Comment\",\"target\":[\"https:\\\/\\\/www.autojm.fr\\\/blog\\\/mai-2022-12eme-mois-de-crise-pour-lautomobile\\\/#respond\"]}]},{\"@type\":\"WebPage\",\"@id\":\"https:\\\/\\\/www.autojm.fr\\\/blog\\\/mai-2022-12eme-mois-de-crise-pour-lautomobile\\\/\",\"url\":\"https:\\\/\\\/www.autojm.fr\\\/blog\\\/mai-2022-12eme-mois-de-crise-pour-lautomobile\\\/\",\"name\":\"Mai 2022 : 12\u00e8me mois de crise pour l\u2019automobile - AutoJM Mag\",\"isPartOf\":{\"@id\":\"https:\\\/\\\/www.autojm.fr\\\/blog\\\/#website\"},\"primaryImageOfPage\":{\"@id\":\"https:\\\/\\\/www.autojm.fr\\\/blog\\\/mai-2022-12eme-mois-de-crise-pour-lautomobile\\\/#primaryimage\"},\"image\":{\"@id\":\"https:\\\/\\\/www.autojm.fr\\\/blog\\\/mai-2022-12eme-mois-de-crise-pour-lautomobile\\\/#primaryimage\"},\"thumbnailUrl\":\"https:\\\/\\\/www.autojm.fr\\\/blog\\\/wp-content\\\/uploads\\\/2022\\\/10\\\/680-scaled.jpg\",\"datePublished\":\"2022-06-09T00:00:00+00:00\",\"dateModified\":\"2022-12-13T09:16:57+00:00\",\"description\":\"Cela fait d\u00e9sormais 1 an que les ventes automobiles sont en chute libre, soit 12 mois cons\u00e9cutifs de baisse.\",\"breadcrumb\":{\"@id\":\"https:\\\/\\\/www.autojm.fr\\\/blog\\\/mai-2022-12eme-mois-de-crise-pour-lautomobile\\\/#breadcrumb\"},\"inLanguage\":\"fr-FR\",\"potentialAction\":[{\"@type\":\"ReadAction\",\"target\":[\"https:\\\/\\\/www.autojm.fr\\\/blog\\\/mai-2022-12eme-mois-de-crise-pour-lautomobile\\\/\"]}]},{\"@type\":\"ImageObject\",\"inLanguage\":\"fr-FR\",\"@id\":\"https:\\\/\\\/www.autojm.fr\\\/blog\\\/mai-2022-12eme-mois-de-crise-pour-lautomobile\\\/#primaryimage\",\"url\":\"https:\\\/\\\/www.autojm.fr\\\/blog\\\/wp-content\\\/uploads\\\/2022\\\/10\\\/680-scaled.jpg\",\"contentUrl\":\"https:\\\/\\\/www.autojm.fr\\\/blog\\\/wp-content\\\/uploads\\\/2022\\\/10\\\/680-scaled.jpg\",\"width\":2560,\"height\":1160,\"caption\":\"Crise automobile\"},{\"@type\":\"BreadcrumbList\",\"@id\":\"https:\\\/\\\/www.autojm.fr\\\/blog\\\/mai-2022-12eme-mois-de-crise-pour-lautomobile\\\/#breadcrumb\",\"itemListElement\":[{\"@type\":\"ListItem\",\"position\":1,\"name\":\"Accueil\",\"item\":\"https:\\\/\\\/www.autojm.fr\\\/blog\\\/\"},{\"@type\":\"ListItem\",\"position\":2,\"name\":\"Actualit\u00e9 Automobile\",\"item\":\"https:\\\/\\\/www.autojm.fr\\\/blog\\\/actualite-automobile\\\/\"},{\"@type\":\"ListItem\",\"position\":3,\"name\":\"Mai 2022 : 12\u00e8me mois de crise pour l\u2019automobile\"}]},{\"@type\":\"WebSite\",\"@id\":\"https:\\\/\\\/www.autojm.fr\\\/blog\\\/#website\",\"url\":\"https:\\\/\\\/www.autojm.fr\\\/blog\\\/\",\"name\":\"AutoJM Mag\",\"description\":\"Toute l&#039;actu auto en 1 clic !\",\"publisher\":{\"@id\":\"https:\\\/\\\/www.autojm.fr\\\/blog\\\/#organization\"},\"potentialAction\":[{\"@type\":\"SearchAction\",\"target\":{\"@type\":\"EntryPoint\",\"urlTemplate\":\"https:\\\/\\\/www.autojm.fr\\\/blog\\\/?s={search_term_string}\"},\"query-input\":{\"@type\":\"PropertyValueSpecification\",\"valueRequired\":true,\"valueName\":\"search_term_string\"}}],\"inLanguage\":\"fr-FR\"},{\"@type\":\"Organization\",\"@id\":\"https:\\\/\\\/www.autojm.fr\\\/blog\\\/#organization\",\"name\":\"AutoJM Mag\",\"url\":\"https:\\\/\\\/www.autojm.fr\\\/blog\\\/\",\"logo\":{\"@type\":\"ImageObject\",\"inLanguage\":\"fr-FR\",\"@id\":\"https:\\\/\\\/www.autojm.fr\\\/blog\\\/#\\\/schema\\\/logo\\\/image\\\/\",\"url\":\"https:\\\/\\\/www.autojm.fr\\\/blog\\\/wp-content\\\/uploads\\\/2022\\\/12\\\/cropped-AutoJMag-png.png\",\"contentUrl\":\"https:\\\/\\\/www.autojm.fr\\\/blog\\\/wp-content\\\/uploads\\\/2022\\\/12\\\/cropped-AutoJMag-png.png\",\"width\":2834,\"height\":585,\"caption\":\"AutoJM Mag\"},\"image\":{\"@id\":\"https:\\\/\\\/www.autojm.fr\\\/blog\\\/#\\\/schema\\\/logo\\\/image\\\/\"},\"sameAs\":[\"https:\\\/\\\/www.facebook.com\\\/AutoJM25\"]},{\"@type\":\"Person\",\"@id\":\"https:\\\/\\\/www.autojm.fr\\\/blog\\\/#\\\/schema\\\/person\\\/9742bc77541853e0de81fc57f947e1a0\",\"name\":\"Autojm\",\"image\":{\"@type\":\"ImageObject\",\"inLanguage\":\"fr-FR\",\"@id\":\"https:\\\/\\\/secure.gravatar.com\\\/avatar\\\/9a959d52b758fcc232fe4b6aca7bab139182573297122cce7d6f2ee0e537b418?s=96&d=mm&r=g\",\"url\":\"https:\\\/\\\/secure.gravatar.com\\\/avatar\\\/9a959d52b758fcc232fe4b6aca7bab139182573297122cce7d6f2ee0e537b418?s=96&d=mm&r=g\",\"contentUrl\":\"https:\\\/\\\/secure.gravatar.com\\\/avatar\\\/9a959d52b758fcc232fe4b6aca7bab139182573297122cce7d6f2ee0e537b418?s=96&d=mm&r=g\",\"caption\":\"Autojm\"},\"sameAs\":[\"https:\\\/\\\/www.autojm.fr\\\/blog\"],\"url\":\"https:\\\/\\\/www.autojm.fr\\\/blog\\\/author\\\/bichoi\\\/\"}]}<\/script>\n<!-- \/ Yoast SEO plugin. -->","yoast_head_json":{"title":"Mai 2022 : 12\u00e8me mois de crise pour l\u2019automobile - AutoJM Mag","description":"Cela fait d\u00e9sormais 1 an que les ventes automobiles sont en chute libre, soit 12 mois cons\u00e9cutifs de baisse.","robots":{"index":"index","follow":"follow","max-snippet":"max-snippet:-1","max-image-preview":"max-image-preview:large","max-video-preview":"max-video-preview:-1"},"canonical":"https:\/\/www.autojm.fr\/blog\/mai-2022-12eme-mois-de-crise-pour-lautomobile\/","og_locale":"fr_FR","og_type":"article","og_title":"Mai 2022 : 12\u00e8me mois de crise pour l\u2019automobile - AutoJM Mag","og_description":"Cela fait d\u00e9sormais 1 an que les ventes automobiles sont en chute libre, soit 12 mois cons\u00e9cutifs de baisse.","og_url":"https:\/\/www.autojm.fr\/blog\/mai-2022-12eme-mois-de-crise-pour-lautomobile\/","og_site_name":"AutoJM Mag","article_publisher":"https:\/\/www.facebook.com\/AutoJM25","article_published_time":"2022-06-09T00:00:00+00:00","article_modified_time":"2022-12-13T09:16:57+00:00","og_image":[{"width":2560,"height":1160,"url":"https:\/\/www.autojm.fr\/blog\/wp-content\/uploads\/2022\/10\/680-scaled.jpg","type":"image\/jpeg"}],"author":"Autojm","twitter_card":"summary_large_image","twitter_misc":{"\u00c9crit par":"Autojm","Dur\u00e9e de lecture estim\u00e9e":"4 minutes"},"schema":{"@context":"https:\/\/schema.org","@graph":[{"@type":"Article","@id":"https:\/\/www.autojm.fr\/blog\/mai-2022-12eme-mois-de-crise-pour-lautomobile\/#article","isPartOf":{"@id":"https:\/\/www.autojm.fr\/blog\/mai-2022-12eme-mois-de-crise-pour-lautomobile\/"},"author":{"name":"Autojm","@id":"https:\/\/www.autojm.fr\/blog\/#\/schema\/person\/9742bc77541853e0de81fc57f947e1a0"},"headline":"Mai 2022 : 12\u00e8me mois de crise pour l\u2019automobile","datePublished":"2022-06-09T00:00:00+00:00","dateModified":"2022-12-13T09:16:57+00:00","mainEntityOfPage":{"@id":"https:\/\/www.autojm.fr\/blog\/mai-2022-12eme-mois-de-crise-pour-lautomobile\/"},"wordCount":502,"commentCount":0,"publisher":{"@id":"https:\/\/www.autojm.fr\/blog\/#organization"},"image":{"@id":"https:\/\/www.autojm.fr\/blog\/mai-2022-12eme-mois-de-crise-pour-lautomobile\/#primaryimage"},"thumbnailUrl":"https:\/\/www.autojm.fr\/blog\/wp-content\/uploads\/2022\/10\/680-scaled.jpg","keywords":["autojm","citroen","dacia","DS","Nissan","Opel","peugeot","renault","Volkswagen"],"articleSection":["Actualit\u00e9 Automobile"],"inLanguage":"fr-FR","potentialAction":[{"@type":"CommentAction","name":"Comment","target":["https:\/\/www.autojm.fr\/blog\/mai-2022-12eme-mois-de-crise-pour-lautomobile\/#respond"]}]},{"@type":"WebPage","@id":"https:\/\/www.autojm.fr\/blog\/mai-2022-12eme-mois-de-crise-pour-lautomobile\/","url":"https:\/\/www.autojm.fr\/blog\/mai-2022-12eme-mois-de-crise-pour-lautomobile\/","name":"Mai 2022 : 12\u00e8me mois de crise pour l\u2019automobile - AutoJM Mag","isPartOf":{"@id":"https:\/\/www.autojm.fr\/blog\/#website"},"primaryImageOfPage":{"@id":"https:\/\/www.autojm.fr\/blog\/mai-2022-12eme-mois-de-crise-pour-lautomobile\/#primaryimage"},"image":{"@id":"https:\/\/www.autojm.fr\/blog\/mai-2022-12eme-mois-de-crise-pour-lautomobile\/#primaryimage"},"thumbnailUrl":"https:\/\/www.autojm.fr\/blog\/wp-content\/uploads\/2022\/10\/680-scaled.jpg","datePublished":"2022-06-09T00:00:00+00:00","dateModified":"2022-12-13T09:16:57+00:00","description":"Cela fait d\u00e9sormais 1 an que les ventes automobiles sont en chute libre, soit 12 mois cons\u00e9cutifs de baisse.","breadcrumb":{"@id":"https:\/\/www.autojm.fr\/blog\/mai-2022-12eme-mois-de-crise-pour-lautomobile\/#breadcrumb"},"inLanguage":"fr-FR","potentialAction":[{"@type":"ReadAction","target":["https:\/\/www.autojm.fr\/blog\/mai-2022-12eme-mois-de-crise-pour-lautomobile\/"]}]},{"@type":"ImageObject","inLanguage":"fr-FR","@id":"https:\/\/www.autojm.fr\/blog\/mai-2022-12eme-mois-de-crise-pour-lautomobile\/#primaryimage","url":"https:\/\/www.autojm.fr\/blog\/wp-content\/uploads\/2022\/10\/680-scaled.jpg","contentUrl":"https:\/\/www.autojm.fr\/blog\/wp-content\/uploads\/2022\/10\/680-scaled.jpg","width":2560,"height":1160,"caption":"Crise automobile"},{"@type":"BreadcrumbList","@id":"https:\/\/www.autojm.fr\/blog\/mai-2022-12eme-mois-de-crise-pour-lautomobile\/#breadcrumb","itemListElement":[{"@type":"ListItem","position":1,"name":"Accueil","item":"https:\/\/www.autojm.fr\/blog\/"},{"@type":"ListItem","position":2,"name":"Actualit\u00e9 Automobile","item":"https:\/\/www.autojm.fr\/blog\/actualite-automobile\/"},{"@type":"ListItem","position":3,"name":"Mai 2022 : 12\u00e8me mois de crise pour l\u2019automobile"}]},{"@type":"WebSite","@id":"https:\/\/www.autojm.fr\/blog\/#website","url":"https:\/\/www.autojm.fr\/blog\/","name":"AutoJM Mag","description":"Toute l&#039;actu auto en 1 clic !","publisher":{"@id":"https:\/\/www.autojm.fr\/blog\/#organization"},"potentialAction":[{"@type":"SearchAction","target":{"@type":"EntryPoint","urlTemplate":"https:\/\/www.autojm.fr\/blog\/?s={search_term_string}"},"query-input":{"@type":"PropertyValueSpecification","valueRequired":true,"valueName":"search_term_string"}}],"inLanguage":"fr-FR"},{"@type":"Organization","@id":"https:\/\/www.autojm.fr\/blog\/#organization","name":"AutoJM Mag","url":"https:\/\/www.autojm.fr\/blog\/","logo":{"@type":"ImageObject","inLanguage":"fr-FR","@id":"https:\/\/www.autojm.fr\/blog\/#\/schema\/logo\/image\/","url":"https:\/\/www.autojm.fr\/blog\/wp-content\/uploads\/2022\/12\/cropped-AutoJMag-png.png","contentUrl":"https:\/\/www.autojm.fr\/blog\/wp-content\/uploads\/2022\/12\/cropped-AutoJMag-png.png","width":2834,"height":585,"caption":"AutoJM Mag"},"image":{"@id":"https:\/\/www.autojm.fr\/blog\/#\/schema\/logo\/image\/"},"sameAs":["https:\/\/www.facebook.com\/AutoJM25"]},{"@type":"Person","@id":"https:\/\/www.autojm.fr\/blog\/#\/schema\/person\/9742bc77541853e0de81fc57f947e1a0","name":"Autojm","image":{"@type":"ImageObject","inLanguage":"fr-FR","@id":"https:\/\/secure.gravatar.com\/avatar\/9a959d52b758fcc232fe4b6aca7bab139182573297122cce7d6f2ee0e537b418?s=96&d=mm&r=g","url":"https:\/\/secure.gravatar.com\/avatar\/9a959d52b758fcc232fe4b6aca7bab139182573297122cce7d6f2ee0e537b418?s=96&d=mm&r=g","contentUrl":"https:\/\/secure.gravatar.com\/avatar\/9a959d52b758fcc232fe4b6aca7bab139182573297122cce7d6f2ee0e537b418?s=96&d=mm&r=g","caption":"Autojm"},"sameAs":["https:\/\/www.autojm.fr\/blog"],"url":"https:\/\/www.autojm.fr\/blog\/author\/bichoi\/"}]}},"_links":{"self":[{"href":"https:\/\/www.autojm.fr\/blog\/wp-json\/wp\/v2\/posts\/3948","targetHints":{"allow":["GET"]}}],"collection":[{"href":"https:\/\/www.autojm.fr\/blog\/wp-json\/wp\/v2\/posts"}],"about":[{"href":"https:\/\/www.autojm.fr\/blog\/wp-json\/wp\/v2\/types\/post"}],"author":[{"embeddable":true,"href":"https:\/\/www.autojm.fr\/blog\/wp-json\/wp\/v2\/users\/1"}],"replies":[{"embeddable":true,"href":"https:\/\/www.autojm.fr\/blog\/wp-json\/wp\/v2\/comments?post=3948"}],"version-history":[{"count":4,"href":"https:\/\/www.autojm.fr\/blog\/wp-json\/wp\/v2\/posts\/3948\/revisions"}],"predecessor-version":[{"id":6935,"href":"https:\/\/www.autojm.fr\/blog\/wp-json\/wp\/v2\/posts\/3948\/revisions\/6935"}],"wp:featuredmedia":[{"embeddable":true,"href":"https:\/\/www.autojm.fr\/blog\/wp-json\/wp\/v2\/media\/6006"}],"wp:attachment":[{"href":"https:\/\/www.autojm.fr\/blog\/wp-json\/wp\/v2\/media?parent=3948"}],"wp:term":[{"taxonomy":"category","embeddable":true,"href":"https:\/\/www.autojm.fr\/blog\/wp-json\/wp\/v2\/categories?post=3948"},{"taxonomy":"post_tag","embeddable":true,"href":"https:\/\/www.autojm.fr\/blog\/wp-json\/wp\/v2\/tags?post=3948"}],"curies":[{"name":"wp","href":"https:\/\/api.w.org\/{rel}","templated":true}]}}