{"id":3947,"date":"2022-05-30T00:00:00","date_gmt":"2022-05-30T00:00:00","guid":{"rendered":"https:\/\/www.autojm.fr\/blog\/baisse-du-bonus-eco-au-1er-juillet\/"},"modified":"2022-12-13T09:16:57","modified_gmt":"2022-12-13T09:16:57","slug":"baisse-du-bonus-eco-au-1er-juillet","status":"publish","type":"post","link":"https:\/\/www.autojm.fr\/blog\/baisse-du-bonus-eco-au-1er-juillet\/","title":{"rendered":"Baisse du bonus \u00e9co au 1er juillet ?"},"content":{"rendered":"<p>Apr\u00e8s de longues semaines de suspens concernant le sort du bonus \u00e9cologique au 1er juillet, l&rsquo;Etat a d\u00e9cid\u00e9 de maintenir son niveau pour continuer de soutenir l&rsquo;achat des v\u00e9hicules \u00e9cologiques. Les Fran\u00e7ais vont pouvoir b\u00e9n\u00e9ficier d&rsquo;une aide toujours aussi importante pour l&rsquo;achat de leur nouvelle voiture \u00e9lectrique. Quant aux hybrides rechargeables, ces mod\u00e8les restent pris en compte par le bonus \u00e9cologique.<\/p>\n<h2>Pas de baisse pour le bonus \u00e9cologique<\/h2>\n<p>Le nouveau gouvernement a d\u00e9sormais \u00e9t\u00e9 \u00e9lu et les premi\u00e8res d\u00e9cisions sont prises. Par chance, les changements annonc\u00e9s concernant l&rsquo;aide \u00e0 l&rsquo;achat que repr\u00e9sente le bonus \u00e9cologique n&rsquo;ont pas eu lieu. En effet, le bonus \u00e9cologique est maintenu \u00e0 6 000\u20ac pour les particuliers et 4 000\u20ac pour les personnes morales, et ce jusqu&rsquo;au 31 d\u00e9cembre 2022. Cependant, ces montants s&rsquo;appliquent d\u00e9sormais aux <strong><a href=\"http:\/\/www.autojm.fr\/recherche?energies%5B%5D=Electrique&amp;part=blog&amp;utm_source=articleblog300522&amp;utm_medium=blog\">v\u00e9hicules \u00e9lectriques <\/a><\/strong>de moins de 47 000\u20ac (contre 45 000\u20ac auparavant). Un plus qui offre la possibilit\u00e9 d&rsquo;un plus grand choix de v\u00e9hicules. Pour les voitures \u00e9lectriques de 47 000\u20ac \u00e0 60 000\u20ac, le bonus \u00e9co reste \u00e0 2 000\u20ac. Enfin, le bonus de 1 000\u20ac est maintenu pour l&rsquo;achat d&rsquo;une voiture d&rsquo;occasion \u00e9lectrique ET pour les <strong><a href=\"https:\/\/www.autojm.fr\/recherche?energies%5B%5D=Hybride%20rechargeable&amp;part=blog&amp;utm_source=articleblog300522&amp;utm_medium=blog\">v\u00e9hicules hybrides rechargeables<\/a><\/strong>, contrairement \u00e0 ce qui avait \u00e9t\u00e9 annonc\u00e9.<\/p>\n<h2>Pourquoi acheter une voiture propre ?<\/h2>\n<p>Nous sommes en 2022 et voil\u00e0 plusieurs ann\u00e9es que les voitures thermiques sont dans le collimateur des diff\u00e9rents gouvernements, en Europe et dans le monde. L&rsquo;objectif principal \u00e0 long terme est la <strong>suppression de toutes les motorisations thermiques au profit de l&rsquo;\u00e9lectrique.<\/strong><\/p>\n<p><iframe loading=\"lazy\" title=\"YouTube video player\" src=\"https:\/\/www.youtube.com\/embed\/fzJyORGSisQ\" width=\"100%\" height=\"315\" allowfullscreen=\"allowfullscreen\"><\/iframe><\/p>\n<p>Afin d&rsquo;acc\u00e9l\u00e9rer le d\u00e9veloppement des <strong>v\u00e9hicules \u00e9lectriques<\/strong>, l&rsquo;Etat soutient leur achat avec la prime \u00e0 la conversion et le bonus \u00e9cologique, qui sont d&rsquo;ailleurs cumulables. Dans le m\u00eame temps, les <strong>v\u00e9hicules thermiques<\/strong> sont soumis \u00e0 un <strong>malus \u00e9cologique<\/strong> de plus en plus s\u00e9v\u00e8re et qui concerne de plus en plus de mod\u00e8les.<\/p>\n<p>En termes d&rsquo;usage, le <strong>v\u00e9hicule \u00e9lectrique <\/strong>s&rsquo;av\u00e8re bien plus \u00e9conome. Si son prix \u00e0 l&rsquo;achat est plus \u00e9lev\u00e9 que pour une voiture essence ou diesel, l<strong>e prix d&rsquo;un plein d&rsquo;\u00e9lectricit\u00e9 est bien en dessous de celui d&rsquo;un plein d&rsquo;essence ou de gazole<\/strong> (particuli\u00e8rement depuis les augmentations de carburant).<\/p>\n<p>De plus, <strong>l&rsquo;entretien d&rsquo;un v\u00e9hicule \u00e9lectrique est limit\u00e9<\/strong> : pas de pot d&rsquo;\u00e9chappement, pas de vidange, pas d&rsquo;huile ou encore pas de filtre \u00e0 air\u2026 La voiture \u00e9lectrique dispose d&rsquo;un syst\u00e8me plus simplifi\u00e9 m\u00eame si les grosses pi\u00e8ces qui la composent sont co\u00fbteuses au remplacement comme la batterie.<\/p>\n<h2>Que faut-il pr\u00e9voir avant l&rsquo;achat d&rsquo;un v\u00e9hicule \u00e9lectrique ?<\/h2>\n<p>Un <strong>v\u00e9hicule \u00e9lectrique dispose d&rsquo;une autonomie limit\u00e9e<\/strong>. Il sera tout \u00e0 fait satisfaisant pour des trajets de proximit\u00e9 (d\u00e9placements au travail, dans les commerces, chez le m\u00e9decin, etc.), sous r\u00e9serve que ces lieux se trouvent proches de chez vous.<\/p>\n<p>Un <strong>mod\u00e8le \u00e9lectrique est con\u00e7u pour la conduite en zone urbaine<\/strong>, le freinage et les d\u00e9c\u00e9l\u00e9rations permettent une recharge naturelle par r\u00e9cup\u00e9ration d&rsquo;\u00e9nergie. Sur une conduite en autoroute, le v\u00e9hicule ne se recharge et consomme plus.<\/p>\n<p>Pour la <strong>recharge de votre v\u00e9hicule<\/strong>, les c\u00e2bles et chargeurs d&rsquo;origine sont les moins performants parmi les possibilit\u00e9s. Il faut souvent opter pour des options ou accessoires plus performants (c&rsquo;est le cas chez Peugeot par exemple).<\/p>\n<p><iframe loading=\"lazy\" title=\"YouTube video player\" src=\"https:\/\/www.youtube.com\/embed\/N41080MGF_Q\" width=\"100%\" height=\"315\" allowfullscreen=\"allowfullscreen\"><\/iframe><\/p>\n<p>Enfin, la prise domestique peut \u00eatre une solution de recharge adapt\u00e9e, si votre installation \u00e9lectrique le permet, et si vous n&rsquo;\u00eates pas press\u00e9. Pour une solution de recharge rapide, il faudra pr\u00e9voir l&rsquo;installation d&rsquo;une wallbox. Pour toutes les informations sur les v\u00e9hicules \u00e9lectriques (recharge, prix\u2026), <strong><a href=\"https:\/\/www.autojm.fr\/livre-blanc?part=blog&amp;utm_source=articleblog300522&amp;utm_medium=blog\">t\u00e9l\u00e9chargez notre guide gratuitement<\/a><\/strong>.<\/p>\n<p style=\"margin-top: 1.75em; margin-bottom: 1.75em; font-size: 0.813em; line-height: 1.5em; color: #666666; font-family: Arial, Helvetica, sans-serif;\"><br style=\"font-size: 13.008px;\" \/><span style=\"font-variant-numeric: normal; font-variant-east-asian: normal; background-color: transparent; text-align: justify; color: #000000; font-family: Arial; font-size: 14.66px; vertical-align: baseline; white-space: pre-wrap;\"><\/span><\/span><\/p>\n","protected":false},"excerpt":{"rendered":"<p>Apr\u00e8s de longues semaines de suspens concernant le sort du bonus \u00e9cologique au 1er juillet, l&rsquo;Etat a d\u00e9cid\u00e9 de maintenir son niveau pour continuer de soutenir l&rsquo;achat des v\u00e9hicules \u00e9cologiques. Les Fran\u00e7ais vont pouvoir b\u00e9n\u00e9ficier d&rsquo;une aide toujours aussi importante pour l&rsquo;achat de leur nouvelle voiture \u00e9lectrique.<\/p>\n","protected":false},"author":1,"featured_media":6005,"comment_status":"open","ping_status":"open","sticky":false,"template":"","format":"standard","meta":{"_acf_changed":false,"content-type":"","footnotes":""},"categories":[5],"tags":[90,79,74,105,108,107,73,78,96],"class_list":["post-3947","post","type-post","status-publish","format-standard","has-post-thumbnail","hentry","category-actualite-automobile","tag-autojm","tag-citroen","tag-dacia","tag-ds","tag-nissan","tag-opel","tag-peugeot","tag-renault","tag-volkswagen"],"acf":[],"yoast_head":"<!-- This site is optimized with the Yoast SEO plugin v27.5 - https:\/\/yoast.com\/product\/yoast-seo-wordpress\/ -->\n<title>Baisse du bonus \u00e9co au 1er juillet ? - AutoJM Mag<\/title>\n<meta name=\"description\" content=\"Apr\u00e8s des semaines de suspens concernant le bonus \u00e9cologique, l&#039;Etat maintient son niveau pour soutenir l&#039;achat des v\u00e9hicules \u00e9cologiques.\" \/>\n<meta name=\"robots\" content=\"index, follow, max-snippet:-1, max-image-preview:large, max-video-preview:-1\" \/>\n<link rel=\"canonical\" href=\"https:\/\/www.autojm.fr\/blog\/baisse-du-bonus-eco-au-1er-juillet\/\" \/>\n<meta property=\"og:locale\" content=\"fr_FR\" \/>\n<meta property=\"og:type\" content=\"article\" \/>\n<meta property=\"og:title\" content=\"Baisse du bonus \u00e9co au 1er juillet ? - AutoJM Mag\" \/>\n<meta property=\"og:description\" content=\"Apr\u00e8s des semaines de suspens concernant le bonus \u00e9cologique, l&#039;Etat maintient son niveau pour soutenir l&#039;achat des v\u00e9hicules \u00e9cologiques.\" \/>\n<meta property=\"og:url\" content=\"https:\/\/www.autojm.fr\/blog\/baisse-du-bonus-eco-au-1er-juillet\/\" \/>\n<meta property=\"og:site_name\" content=\"AutoJM Mag\" \/>\n<meta property=\"article:publisher\" content=\"https:\/\/www.facebook.com\/AutoJM25\" \/>\n<meta property=\"article:published_time\" content=\"2022-05-30T00:00:00+00:00\" \/>\n<meta property=\"article:modified_time\" content=\"2022-12-13T09:16:57+00:00\" \/>\n<meta property=\"og:image\" content=\"https:\/\/www.autojm.fr\/blog\/wp-content\/uploads\/2022\/10\/679.jpg\" \/>\n\t<meta property=\"og:image:width\" content=\"1024\" \/>\n\t<meta property=\"og:image:height\" content=\"465\" \/>\n\t<meta property=\"og:image:type\" content=\"image\/jpeg\" \/>\n<meta name=\"author\" content=\"Autojm\" \/>\n<meta name=\"twitter:card\" content=\"summary_large_image\" \/>\n<meta name=\"twitter:label1\" content=\"\u00c9crit par\" \/>\n\t<meta name=\"twitter:data1\" content=\"Autojm\" \/>\n\t<meta name=\"twitter:label2\" content=\"Dur\u00e9e de lecture estim\u00e9e\" \/>\n\t<meta name=\"twitter:data2\" content=\"4 minutes\" \/>\n<script type=\"application\/ld+json\" class=\"yoast-schema-graph\">{\"@context\":\"https:\\\/\\\/schema.org\",\"@graph\":[{\"@type\":\"Article\",\"@id\":\"https:\\\/\\\/www.autojm.fr\\\/blog\\\/baisse-du-bonus-eco-au-1er-juillet\\\/#article\",\"isPartOf\":{\"@id\":\"https:\\\/\\\/www.autojm.fr\\\/blog\\\/baisse-du-bonus-eco-au-1er-juillet\\\/\"},\"author\":{\"name\":\"Autojm\",\"@id\":\"https:\\\/\\\/www.autojm.fr\\\/blog\\\/#\\\/schema\\\/person\\\/9742bc77541853e0de81fc57f947e1a0\"},\"headline\":\"Baisse du bonus \u00e9co au 1er juillet ?\",\"datePublished\":\"2022-05-30T00:00:00+00:00\",\"dateModified\":\"2022-12-13T09:16:57+00:00\",\"mainEntityOfPage\":{\"@id\":\"https:\\\/\\\/www.autojm.fr\\\/blog\\\/baisse-du-bonus-eco-au-1er-juillet\\\/\"},\"wordCount\":601,\"commentCount\":0,\"publisher\":{\"@id\":\"https:\\\/\\\/www.autojm.fr\\\/blog\\\/#organization\"},\"image\":{\"@id\":\"https:\\\/\\\/www.autojm.fr\\\/blog\\\/baisse-du-bonus-eco-au-1er-juillet\\\/#primaryimage\"},\"thumbnailUrl\":\"https:\\\/\\\/www.autojm.fr\\\/blog\\\/wp-content\\\/uploads\\\/2022\\\/10\\\/679.jpg\",\"keywords\":[\"autojm\",\"citroen\",\"dacia\",\"DS\",\"Nissan\",\"Opel\",\"peugeot\",\"renault\",\"Volkswagen\"],\"articleSection\":[\"Actualit\u00e9 Automobile\"],\"inLanguage\":\"fr-FR\",\"potentialAction\":[{\"@type\":\"CommentAction\",\"name\":\"Comment\",\"target\":[\"https:\\\/\\\/www.autojm.fr\\\/blog\\\/baisse-du-bonus-eco-au-1er-juillet\\\/#respond\"]}]},{\"@type\":\"WebPage\",\"@id\":\"https:\\\/\\\/www.autojm.fr\\\/blog\\\/baisse-du-bonus-eco-au-1er-juillet\\\/\",\"url\":\"https:\\\/\\\/www.autojm.fr\\\/blog\\\/baisse-du-bonus-eco-au-1er-juillet\\\/\",\"name\":\"Baisse du bonus \u00e9co au 1er juillet ? - AutoJM Mag\",\"isPartOf\":{\"@id\":\"https:\\\/\\\/www.autojm.fr\\\/blog\\\/#website\"},\"primaryImageOfPage\":{\"@id\":\"https:\\\/\\\/www.autojm.fr\\\/blog\\\/baisse-du-bonus-eco-au-1er-juillet\\\/#primaryimage\"},\"image\":{\"@id\":\"https:\\\/\\\/www.autojm.fr\\\/blog\\\/baisse-du-bonus-eco-au-1er-juillet\\\/#primaryimage\"},\"thumbnailUrl\":\"https:\\\/\\\/www.autojm.fr\\\/blog\\\/wp-content\\\/uploads\\\/2022\\\/10\\\/679.jpg\",\"datePublished\":\"2022-05-30T00:00:00+00:00\",\"dateModified\":\"2022-12-13T09:16:57+00:00\",\"description\":\"Apr\u00e8s des semaines de suspens concernant le bonus \u00e9cologique, l'Etat maintient son niveau pour soutenir l'achat des v\u00e9hicules \u00e9cologiques.\",\"breadcrumb\":{\"@id\":\"https:\\\/\\\/www.autojm.fr\\\/blog\\\/baisse-du-bonus-eco-au-1er-juillet\\\/#breadcrumb\"},\"inLanguage\":\"fr-FR\",\"potentialAction\":[{\"@type\":\"ReadAction\",\"target\":[\"https:\\\/\\\/www.autojm.fr\\\/blog\\\/baisse-du-bonus-eco-au-1er-juillet\\\/\"]}]},{\"@type\":\"ImageObject\",\"inLanguage\":\"fr-FR\",\"@id\":\"https:\\\/\\\/www.autojm.fr\\\/blog\\\/baisse-du-bonus-eco-au-1er-juillet\\\/#primaryimage\",\"url\":\"https:\\\/\\\/www.autojm.fr\\\/blog\\\/wp-content\\\/uploads\\\/2022\\\/10\\\/679.jpg\",\"contentUrl\":\"https:\\\/\\\/www.autojm.fr\\\/blog\\\/wp-content\\\/uploads\\\/2022\\\/10\\\/679.jpg\",\"width\":1024,\"height\":465,\"caption\":\"Bonus \u00e9cologique\"},{\"@type\":\"BreadcrumbList\",\"@id\":\"https:\\\/\\\/www.autojm.fr\\\/blog\\\/baisse-du-bonus-eco-au-1er-juillet\\\/#breadcrumb\",\"itemListElement\":[{\"@type\":\"ListItem\",\"position\":1,\"name\":\"Accueil\",\"item\":\"https:\\\/\\\/www.autojm.fr\\\/blog\\\/\"},{\"@type\":\"ListItem\",\"position\":2,\"name\":\"Actualit\u00e9 Automobile\",\"item\":\"https:\\\/\\\/www.autojm.fr\\\/blog\\\/actualite-automobile\\\/\"},{\"@type\":\"ListItem\",\"position\":3,\"name\":\"Baisse du bonus \u00e9co au 1er juillet ?\"}]},{\"@type\":\"WebSite\",\"@id\":\"https:\\\/\\\/www.autojm.fr\\\/blog\\\/#website\",\"url\":\"https:\\\/\\\/www.autojm.fr\\\/blog\\\/\",\"name\":\"AutoJM Mag\",\"description\":\"Toute l&#039;actu auto en 1 clic !\",\"publisher\":{\"@id\":\"https:\\\/\\\/www.autojm.fr\\\/blog\\\/#organization\"},\"potentialAction\":[{\"@type\":\"SearchAction\",\"target\":{\"@type\":\"EntryPoint\",\"urlTemplate\":\"https:\\\/\\\/www.autojm.fr\\\/blog\\\/?s={search_term_string}\"},\"query-input\":{\"@type\":\"PropertyValueSpecification\",\"valueRequired\":true,\"valueName\":\"search_term_string\"}}],\"inLanguage\":\"fr-FR\"},{\"@type\":\"Organization\",\"@id\":\"https:\\\/\\\/www.autojm.fr\\\/blog\\\/#organization\",\"name\":\"AutoJM Mag\",\"url\":\"https:\\\/\\\/www.autojm.fr\\\/blog\\\/\",\"logo\":{\"@type\":\"ImageObject\",\"inLanguage\":\"fr-FR\",\"@id\":\"https:\\\/\\\/www.autojm.fr\\\/blog\\\/#\\\/schema\\\/logo\\\/image\\\/\",\"url\":\"https:\\\/\\\/www.autojm.fr\\\/blog\\\/wp-content\\\/uploads\\\/2022\\\/12\\\/cropped-AutoJMag-png.png\",\"contentUrl\":\"https:\\\/\\\/www.autojm.fr\\\/blog\\\/wp-content\\\/uploads\\\/2022\\\/12\\\/cropped-AutoJMag-png.png\",\"width\":2834,\"height\":585,\"caption\":\"AutoJM Mag\"},\"image\":{\"@id\":\"https:\\\/\\\/www.autojm.fr\\\/blog\\\/#\\\/schema\\\/logo\\\/image\\\/\"},\"sameAs\":[\"https:\\\/\\\/www.facebook.com\\\/AutoJM25\"]},{\"@type\":\"Person\",\"@id\":\"https:\\\/\\\/www.autojm.fr\\\/blog\\\/#\\\/schema\\\/person\\\/9742bc77541853e0de81fc57f947e1a0\",\"name\":\"Autojm\",\"image\":{\"@type\":\"ImageObject\",\"inLanguage\":\"fr-FR\",\"@id\":\"https:\\\/\\\/secure.gravatar.com\\\/avatar\\\/9a959d52b758fcc232fe4b6aca7bab139182573297122cce7d6f2ee0e537b418?s=96&d=mm&r=g\",\"url\":\"https:\\\/\\\/secure.gravatar.com\\\/avatar\\\/9a959d52b758fcc232fe4b6aca7bab139182573297122cce7d6f2ee0e537b418?s=96&d=mm&r=g\",\"contentUrl\":\"https:\\\/\\\/secure.gravatar.com\\\/avatar\\\/9a959d52b758fcc232fe4b6aca7bab139182573297122cce7d6f2ee0e537b418?s=96&d=mm&r=g\",\"caption\":\"Autojm\"},\"sameAs\":[\"https:\\\/\\\/www.autojm.fr\\\/blog\"],\"url\":\"https:\\\/\\\/www.autojm.fr\\\/blog\\\/author\\\/bichoi\\\/\"}]}<\/script>\n<!-- \/ Yoast SEO plugin. -->","yoast_head_json":{"title":"Baisse du bonus \u00e9co au 1er juillet ? - AutoJM Mag","description":"Apr\u00e8s des semaines de suspens concernant le bonus \u00e9cologique, l'Etat maintient son niveau pour soutenir l'achat des v\u00e9hicules \u00e9cologiques.","robots":{"index":"index","follow":"follow","max-snippet":"max-snippet:-1","max-image-preview":"max-image-preview:large","max-video-preview":"max-video-preview:-1"},"canonical":"https:\/\/www.autojm.fr\/blog\/baisse-du-bonus-eco-au-1er-juillet\/","og_locale":"fr_FR","og_type":"article","og_title":"Baisse du bonus \u00e9co au 1er juillet ? - AutoJM Mag","og_description":"Apr\u00e8s des semaines de suspens concernant le bonus \u00e9cologique, l'Etat maintient son niveau pour soutenir l'achat des v\u00e9hicules \u00e9cologiques.","og_url":"https:\/\/www.autojm.fr\/blog\/baisse-du-bonus-eco-au-1er-juillet\/","og_site_name":"AutoJM Mag","article_publisher":"https:\/\/www.facebook.com\/AutoJM25","article_published_time":"2022-05-30T00:00:00+00:00","article_modified_time":"2022-12-13T09:16:57+00:00","og_image":[{"width":1024,"height":465,"url":"https:\/\/www.autojm.fr\/blog\/wp-content\/uploads\/2022\/10\/679.jpg","type":"image\/jpeg"}],"author":"Autojm","twitter_card":"summary_large_image","twitter_misc":{"\u00c9crit par":"Autojm","Dur\u00e9e de lecture estim\u00e9e":"4 minutes"},"schema":{"@context":"https:\/\/schema.org","@graph":[{"@type":"Article","@id":"https:\/\/www.autojm.fr\/blog\/baisse-du-bonus-eco-au-1er-juillet\/#article","isPartOf":{"@id":"https:\/\/www.autojm.fr\/blog\/baisse-du-bonus-eco-au-1er-juillet\/"},"author":{"name":"Autojm","@id":"https:\/\/www.autojm.fr\/blog\/#\/schema\/person\/9742bc77541853e0de81fc57f947e1a0"},"headline":"Baisse du bonus \u00e9co au 1er juillet ?","datePublished":"2022-05-30T00:00:00+00:00","dateModified":"2022-12-13T09:16:57+00:00","mainEntityOfPage":{"@id":"https:\/\/www.autojm.fr\/blog\/baisse-du-bonus-eco-au-1er-juillet\/"},"wordCount":601,"commentCount":0,"publisher":{"@id":"https:\/\/www.autojm.fr\/blog\/#organization"},"image":{"@id":"https:\/\/www.autojm.fr\/blog\/baisse-du-bonus-eco-au-1er-juillet\/#primaryimage"},"thumbnailUrl":"https:\/\/www.autojm.fr\/blog\/wp-content\/uploads\/2022\/10\/679.jpg","keywords":["autojm","citroen","dacia","DS","Nissan","Opel","peugeot","renault","Volkswagen"],"articleSection":["Actualit\u00e9 Automobile"],"inLanguage":"fr-FR","potentialAction":[{"@type":"CommentAction","name":"Comment","target":["https:\/\/www.autojm.fr\/blog\/baisse-du-bonus-eco-au-1er-juillet\/#respond"]}]},{"@type":"WebPage","@id":"https:\/\/www.autojm.fr\/blog\/baisse-du-bonus-eco-au-1er-juillet\/","url":"https:\/\/www.autojm.fr\/blog\/baisse-du-bonus-eco-au-1er-juillet\/","name":"Baisse du bonus \u00e9co au 1er juillet ? - AutoJM Mag","isPartOf":{"@id":"https:\/\/www.autojm.fr\/blog\/#website"},"primaryImageOfPage":{"@id":"https:\/\/www.autojm.fr\/blog\/baisse-du-bonus-eco-au-1er-juillet\/#primaryimage"},"image":{"@id":"https:\/\/www.autojm.fr\/blog\/baisse-du-bonus-eco-au-1er-juillet\/#primaryimage"},"thumbnailUrl":"https:\/\/www.autojm.fr\/blog\/wp-content\/uploads\/2022\/10\/679.jpg","datePublished":"2022-05-30T00:00:00+00:00","dateModified":"2022-12-13T09:16:57+00:00","description":"Apr\u00e8s des semaines de suspens concernant le bonus \u00e9cologique, l'Etat maintient son niveau pour soutenir l'achat des v\u00e9hicules \u00e9cologiques.","breadcrumb":{"@id":"https:\/\/www.autojm.fr\/blog\/baisse-du-bonus-eco-au-1er-juillet\/#breadcrumb"},"inLanguage":"fr-FR","potentialAction":[{"@type":"ReadAction","target":["https:\/\/www.autojm.fr\/blog\/baisse-du-bonus-eco-au-1er-juillet\/"]}]},{"@type":"ImageObject","inLanguage":"fr-FR","@id":"https:\/\/www.autojm.fr\/blog\/baisse-du-bonus-eco-au-1er-juillet\/#primaryimage","url":"https:\/\/www.autojm.fr\/blog\/wp-content\/uploads\/2022\/10\/679.jpg","contentUrl":"https:\/\/www.autojm.fr\/blog\/wp-content\/uploads\/2022\/10\/679.jpg","width":1024,"height":465,"caption":"Bonus \u00e9cologique"},{"@type":"BreadcrumbList","@id":"https:\/\/www.autojm.fr\/blog\/baisse-du-bonus-eco-au-1er-juillet\/#breadcrumb","itemListElement":[{"@type":"ListItem","position":1,"name":"Accueil","item":"https:\/\/www.autojm.fr\/blog\/"},{"@type":"ListItem","position":2,"name":"Actualit\u00e9 Automobile","item":"https:\/\/www.autojm.fr\/blog\/actualite-automobile\/"},{"@type":"ListItem","position":3,"name":"Baisse du bonus \u00e9co au 1er juillet ?"}]},{"@type":"WebSite","@id":"https:\/\/www.autojm.fr\/blog\/#website","url":"https:\/\/www.autojm.fr\/blog\/","name":"AutoJM Mag","description":"Toute l&#039;actu auto en 1 clic !","publisher":{"@id":"https:\/\/www.autojm.fr\/blog\/#organization"},"potentialAction":[{"@type":"SearchAction","target":{"@type":"EntryPoint","urlTemplate":"https:\/\/www.autojm.fr\/blog\/?s={search_term_string}"},"query-input":{"@type":"PropertyValueSpecification","valueRequired":true,"valueName":"search_term_string"}}],"inLanguage":"fr-FR"},{"@type":"Organization","@id":"https:\/\/www.autojm.fr\/blog\/#organization","name":"AutoJM Mag","url":"https:\/\/www.autojm.fr\/blog\/","logo":{"@type":"ImageObject","inLanguage":"fr-FR","@id":"https:\/\/www.autojm.fr\/blog\/#\/schema\/logo\/image\/","url":"https:\/\/www.autojm.fr\/blog\/wp-content\/uploads\/2022\/12\/cropped-AutoJMag-png.png","contentUrl":"https:\/\/www.autojm.fr\/blog\/wp-content\/uploads\/2022\/12\/cropped-AutoJMag-png.png","width":2834,"height":585,"caption":"AutoJM Mag"},"image":{"@id":"https:\/\/www.autojm.fr\/blog\/#\/schema\/logo\/image\/"},"sameAs":["https:\/\/www.facebook.com\/AutoJM25"]},{"@type":"Person","@id":"https:\/\/www.autojm.fr\/blog\/#\/schema\/person\/9742bc77541853e0de81fc57f947e1a0","name":"Autojm","image":{"@type":"ImageObject","inLanguage":"fr-FR","@id":"https:\/\/secure.gravatar.com\/avatar\/9a959d52b758fcc232fe4b6aca7bab139182573297122cce7d6f2ee0e537b418?s=96&d=mm&r=g","url":"https:\/\/secure.gravatar.com\/avatar\/9a959d52b758fcc232fe4b6aca7bab139182573297122cce7d6f2ee0e537b418?s=96&d=mm&r=g","contentUrl":"https:\/\/secure.gravatar.com\/avatar\/9a959d52b758fcc232fe4b6aca7bab139182573297122cce7d6f2ee0e537b418?s=96&d=mm&r=g","caption":"Autojm"},"sameAs":["https:\/\/www.autojm.fr\/blog"],"url":"https:\/\/www.autojm.fr\/blog\/author\/bichoi\/"}]}},"_links":{"self":[{"href":"https:\/\/www.autojm.fr\/blog\/wp-json\/wp\/v2\/posts\/3947","targetHints":{"allow":["GET"]}}],"collection":[{"href":"https:\/\/www.autojm.fr\/blog\/wp-json\/wp\/v2\/posts"}],"about":[{"href":"https:\/\/www.autojm.fr\/blog\/wp-json\/wp\/v2\/types\/post"}],"author":[{"embeddable":true,"href":"https:\/\/www.autojm.fr\/blog\/wp-json\/wp\/v2\/users\/1"}],"replies":[{"embeddable":true,"href":"https:\/\/www.autojm.fr\/blog\/wp-json\/wp\/v2\/comments?post=3947"}],"version-history":[{"count":5,"href":"https:\/\/www.autojm.fr\/blog\/wp-json\/wp\/v2\/posts\/3947\/revisions"}],"predecessor-version":[{"id":6936,"href":"https:\/\/www.autojm.fr\/blog\/wp-json\/wp\/v2\/posts\/3947\/revisions\/6936"}],"wp:featuredmedia":[{"embeddable":true,"href":"https:\/\/www.autojm.fr\/blog\/wp-json\/wp\/v2\/media\/6005"}],"wp:attachment":[{"href":"https:\/\/www.autojm.fr\/blog\/wp-json\/wp\/v2\/media?parent=3947"}],"wp:term":[{"taxonomy":"category","embeddable":true,"href":"https:\/\/www.autojm.fr\/blog\/wp-json\/wp\/v2\/categories?post=3947"},{"taxonomy":"post_tag","embeddable":true,"href":"https:\/\/www.autojm.fr\/blog\/wp-json\/wp\/v2\/tags?post=3947"}],"curies":[{"name":"wp","href":"https:\/\/api.w.org\/{rel}","templated":true}]}}