{"id":3946,"date":"2022-05-24T00:00:00","date_gmt":"2022-05-24T00:00:00","guid":{"rendered":"https:\/\/www.autojm.fr\/blog\/pro-ou-particulier-pourquoi-passer-a-lutilitaire\/"},"modified":"2022-12-05T10:34:07","modified_gmt":"2022-12-05T10:34:07","slug":"pro-ou-particulier-pourquoi-passer-a-lutilitaire","status":"publish","type":"post","link":"https:\/\/www.autojm.fr\/blog\/pro-ou-particulier-pourquoi-passer-a-lutilitaire\/","title":{"rendered":"Pro ou particulier : pourquoi passer \u00e0 l\u2019utilitaire ?"},"content":{"rendered":"<p>Le <strong><a href=\"https:\/\/www.autojm.fr\/recherche?bodies=utilitaire&amp;part=blog&amp;utm_source=articleblog240522&amp;utm_medium=blog\">v\u00e9hicule utilitaire<\/a><\/strong>, c&rsquo;est le mod\u00e8le grande taille des v\u00e9hicules. Comme son nom l&rsquo;indique, il se doit d&rsquo;\u00eatre utile et est rest\u00e9 longtemps d\u00e9di\u00e9 aux professionnels dont l&rsquo;activit\u00e9 n\u00e9cessite un v\u00e9hicule avec un grand espace de chargement. Aujourd&rsquo;hui, les constructeurs automobiles laissent une marge de configuration qui permet aux particuliers d&rsquo;envisager <strong>l&rsquo;utilitaire<\/strong> pour le transformer en van am\u00e9nag\u00e9. Et quoi de mieux que de pouvoir partir \u00e0 la derni\u00e8re minute en week-end sans se soucier du logement ? Ici, on va rappeler quels sont les avantages des <strong>v\u00e9hicules utilitaires<\/strong> et comment il peut \u00eatre utilis\u00e9.<\/p>\n<h2>L&rsquo;utilitaire pour les particuliers<\/h2>\n<p>Depuis quelques mois, et m\u00eame quelques ann\u00e9es, la tendance est \u00e0 l&rsquo;utilitaire version van am\u00e9nag\u00e9. Pour les particuliers, l&rsquo;utilitaire repr\u00e9sente d\u00e9sormais un investissement, et pour cause : l&rsquo;espace arri\u00e8re, utilis\u00e9 pour le chargement des professionnels, est utilis\u00e9 pour cr\u00e9er un v\u00e9ritable appartement mobile, avec l&rsquo;essentiel pour \u201csurvivre\u201d.<\/p>\n<p>Am\u00e9nager la cabine d&rsquo;un utilitaire est possible, avec le n\u00e9cessaire pour la cuisine, le couchage, et parfois m\u00eame pour l&rsquo;hygi\u00e8ne. Avoir une salle de bain, une cuisine et une chambre \u00e0 coucher \u00e0 emporter avec soi, c&rsquo;est devenu le quotidien de nombreux fran\u00e7ais. Les d\u00e9parts en week-end ne sont alors plus un casse-t\u00eate ! L&rsquo;utilitaire devient une maison de vacances.<\/p>\n<p>Et le petit plus : un v\u00e9hicule qui appartient \u00e0 la gamme utilitaire est exempt\u00e9 de malus \u00e9cologique.<\/p>\n<p>Pour l&rsquo;am\u00e9nagement d&rsquo;un van, le budget moyen s&rsquo;\u00e9l\u00e8ve \u00e0 9000\u20ac (selon Wikicampers.fr). Il faut compter l&rsquo;isolation, les outils et \u00e9quipements, les circuits d&rsquo;eau, le gaz, l&rsquo;\u00e9lectricit\u00e9, la d\u00e9coration\u2026 etc.<\/p>\n<p><iframe loading=\"lazy\" title=\"YouTube video player\" src=\"https:\/\/www.youtube.com\/embed\/oFK9X5jG7uI\" width=\"100%\" height=\"315\" allowfullscreen=\"allowfullscreen\"><\/iframe><\/p>\n<h2>L&rsquo;utilitaire pour les professionnels<\/h2>\n<p>Les utilitaires sont modulables pour s&rsquo;adapter \u00e0 tous les types de professions : m\u00e9tiers de bouche, food trucks, m\u00e9tiers de d\u00e9pannage, activit\u00e9s du b\u00e2timents\u2026 etc.<\/p>\n<p>Bon \u00e0 savoir, il existe de nombreux avantages fiscaux pour un professionnel qui ach\u00e8te un utilitaire : r\u00e9cup\u00e9ration de la TVA pay\u00e9e sur le prix d&rsquo;achat du v\u00e9hicule ou sur les loyers en cas de financement LLD (Location Longue Dur\u00e9e) ou cr\u00e9dit bail, d\u00e9duction de la TVA sur les frais de r\u00e9paration et d&rsquo;entretien, amortissement du v\u00e9hicule sans limitation de montant, exon\u00e9ration de taxe sur les v\u00e9hicules de soci\u00e9t\u00e9s, TVA d\u00e9duite sur les frais de carburant (hors essence).<\/p>\n<h2>Quels crit\u00e8res pour choisir son utilitaire ?<\/h2>\n<p>Le v\u00e9hicule utilitaire peut prendre des formes et des options multiples. Il est modulable selon vos besoins : espace de chargement plus grand, plus petit, banquette 2 places ou 3 places, porte coulissante avec vitre ou non\u2026 Il y a tout de m\u00eame des options qui s&rsquo;av\u00e8rent pratiques pour tous, comme la cam\u00e9ra de recul, qui facilite les man\u0153uvres compliqu\u00e9es par la taille du mod\u00e8le.<\/p>\n<p style=\"margin-top: 1.75em; margin-bottom: 1.75em; font-size: 0.813em; line-height: 1.5em; color: #666666; font-family: Arial, Helvetica, sans-serif;\"><br style=\"font-size: 13.008px;\" \/><span style=\"font-variant-numeric: normal; font-variant-east-asian: normal; background-color: transparent; text-align: justify; color: #000000; font-family: Arial; font-size: 14.66px; vertical-align: baseline; white-space: pre-wrap;\"><\/span><\/span><\/p>\n","protected":false},"excerpt":{"rendered":"<p>Le v\u00e9hicule utilitaire, c&rsquo;est le mod\u00e8le grande taille des v\u00e9hicules. Comme son nom l&rsquo;indique, il se doit d&rsquo;\u00eatre utile et est rest\u00e9 longtemps d\u00e9di\u00e9 aux professionnels dont l&rsquo;activit\u00e9 n\u00e9cessite un v\u00e9hicule avec un grand espace de chargement.<\/p>\n","protected":false},"author":1,"featured_media":6004,"comment_status":"open","ping_status":"open","sticky":false,"template":"","format":"standard","meta":{"_acf_changed":false,"content-type":"","footnotes":""},"categories":[22],"tags":[90,85,127,125,128,126,110,129,73,119,122,124,121,123],"class_list":["post-3946","post","type-post","status-publish","format-standard","has-post-thumbnail","hentry","category-conseils-astuces","tag-autojm","tag-citroen-2","tag-citroen-berlingo-van","tag-citroen-jumper-fourgon-tole","tag-citroen-jumpy-cabine-approfondie","tag-citroen-jumpy-fg-tole","tag-fiat","tag-fiat-fiorino","tag-peugeot","tag-peugeot-boxer-fg-tole","tag-peugeot-boxer-fourgon-tole","tag-peugeot-expert-fg-tole","tag-peugeot-expert-fourgon-tole","tag-peugeot-partner-fourgon-tole"],"acf":[],"yoast_head":"<!-- This site is optimized with the Yoast SEO plugin v27.5 - https:\/\/yoast.com\/product\/yoast-seo-wordpress\/ -->\n<title>Pro ou particulier : pourquoi passer \u00e0 l\u2019utilitaire ? - AutoJM Mag<\/title>\n<meta name=\"description\" content=\"Les constructeurs laissent une marge de configuration qui permet aux particuliers d&#039;envisager l&#039;utilitaire pour l&#039;am\u00e9nager en van.\" \/>\n<meta name=\"robots\" content=\"index, follow, max-snippet:-1, max-image-preview:large, max-video-preview:-1\" \/>\n<link rel=\"canonical\" href=\"https:\/\/www.autojm.fr\/blog\/pro-ou-particulier-pourquoi-passer-a-lutilitaire\/\" \/>\n<meta property=\"og:locale\" content=\"fr_FR\" \/>\n<meta property=\"og:type\" content=\"article\" \/>\n<meta property=\"og:title\" content=\"Pro ou particulier : pourquoi passer \u00e0 l\u2019utilitaire ? - AutoJM Mag\" \/>\n<meta property=\"og:description\" content=\"Les constructeurs laissent une marge de configuration qui permet aux particuliers d&#039;envisager l&#039;utilitaire pour l&#039;am\u00e9nager en van.\" \/>\n<meta property=\"og:url\" content=\"https:\/\/www.autojm.fr\/blog\/pro-ou-particulier-pourquoi-passer-a-lutilitaire\/\" \/>\n<meta property=\"og:site_name\" content=\"AutoJM Mag\" \/>\n<meta property=\"article:publisher\" content=\"https:\/\/www.facebook.com\/AutoJM25\" \/>\n<meta property=\"article:published_time\" content=\"2022-05-24T00:00:00+00:00\" \/>\n<meta property=\"article:modified_time\" content=\"2022-12-05T10:34:07+00:00\" \/>\n<meta property=\"og:image\" content=\"https:\/\/www.autojm.fr\/blog\/wp-content\/uploads\/2022\/10\/678.jpg\" \/>\n\t<meta property=\"og:image:width\" content=\"1024\" \/>\n\t<meta property=\"og:image:height\" content=\"465\" \/>\n\t<meta property=\"og:image:type\" content=\"image\/jpeg\" \/>\n<meta name=\"author\" content=\"Autojm\" \/>\n<meta name=\"twitter:card\" content=\"summary_large_image\" \/>\n<meta name=\"twitter:label1\" content=\"\u00c9crit par\" \/>\n\t<meta name=\"twitter:data1\" content=\"Autojm\" \/>\n\t<meta name=\"twitter:label2\" content=\"Dur\u00e9e de lecture estim\u00e9e\" \/>\n\t<meta name=\"twitter:data2\" content=\"4 minutes\" \/>\n<script type=\"application\/ld+json\" class=\"yoast-schema-graph\">{\"@context\":\"https:\\\/\\\/schema.org\",\"@graph\":[{\"@type\":\"Article\",\"@id\":\"https:\\\/\\\/www.autojm.fr\\\/blog\\\/pro-ou-particulier-pourquoi-passer-a-lutilitaire\\\/#article\",\"isPartOf\":{\"@id\":\"https:\\\/\\\/www.autojm.fr\\\/blog\\\/pro-ou-particulier-pourquoi-passer-a-lutilitaire\\\/\"},\"author\":{\"name\":\"Autojm\",\"@id\":\"https:\\\/\\\/www.autojm.fr\\\/blog\\\/#\\\/schema\\\/person\\\/9742bc77541853e0de81fc57f947e1a0\"},\"headline\":\"Pro ou particulier : pourquoi passer \u00e0 l\u2019utilitaire ?\",\"datePublished\":\"2022-05-24T00:00:00+00:00\",\"dateModified\":\"2022-12-05T10:34:07+00:00\",\"mainEntityOfPage\":{\"@id\":\"https:\\\/\\\/www.autojm.fr\\\/blog\\\/pro-ou-particulier-pourquoi-passer-a-lutilitaire\\\/\"},\"wordCount\":480,\"commentCount\":0,\"publisher\":{\"@id\":\"https:\\\/\\\/www.autojm.fr\\\/blog\\\/#organization\"},\"image\":{\"@id\":\"https:\\\/\\\/www.autojm.fr\\\/blog\\\/pro-ou-particulier-pourquoi-passer-a-lutilitaire\\\/#primaryimage\"},\"thumbnailUrl\":\"https:\\\/\\\/www.autojm.fr\\\/blog\\\/wp-content\\\/uploads\\\/2022\\\/10\\\/678.jpg\",\"keywords\":[\"autojm\",\"Citro\u00ebn\",\"Citro\u00ebn Berlingo Van\",\"Citro\u00ebn Jumper Fourgon Tole\",\"Citro\u00ebn Jumpy Cabine Approfondie\",\"Citro\u00ebn Jumpy FG Tole\",\"Fiat\",\"Fiat Fiorino\",\"peugeot\",\"Peugeot Boxer FG Tole\",\"Peugeot Boxer Fourgon Tole\",\"Peugeot Expert FG Tole\",\"Peugeot Expert Fourgon Tole\",\"Peugeot Partner Fourgon Tole\"],\"articleSection\":[\"Conseils &amp; Astuces\"],\"inLanguage\":\"fr-FR\",\"potentialAction\":[{\"@type\":\"CommentAction\",\"name\":\"Comment\",\"target\":[\"https:\\\/\\\/www.autojm.fr\\\/blog\\\/pro-ou-particulier-pourquoi-passer-a-lutilitaire\\\/#respond\"]}]},{\"@type\":\"WebPage\",\"@id\":\"https:\\\/\\\/www.autojm.fr\\\/blog\\\/pro-ou-particulier-pourquoi-passer-a-lutilitaire\\\/\",\"url\":\"https:\\\/\\\/www.autojm.fr\\\/blog\\\/pro-ou-particulier-pourquoi-passer-a-lutilitaire\\\/\",\"name\":\"Pro ou particulier : pourquoi passer \u00e0 l\u2019utilitaire ? - AutoJM Mag\",\"isPartOf\":{\"@id\":\"https:\\\/\\\/www.autojm.fr\\\/blog\\\/#website\"},\"primaryImageOfPage\":{\"@id\":\"https:\\\/\\\/www.autojm.fr\\\/blog\\\/pro-ou-particulier-pourquoi-passer-a-lutilitaire\\\/#primaryimage\"},\"image\":{\"@id\":\"https:\\\/\\\/www.autojm.fr\\\/blog\\\/pro-ou-particulier-pourquoi-passer-a-lutilitaire\\\/#primaryimage\"},\"thumbnailUrl\":\"https:\\\/\\\/www.autojm.fr\\\/blog\\\/wp-content\\\/uploads\\\/2022\\\/10\\\/678.jpg\",\"datePublished\":\"2022-05-24T00:00:00+00:00\",\"dateModified\":\"2022-12-05T10:34:07+00:00\",\"description\":\"Les constructeurs laissent une marge de configuration qui permet aux particuliers d'envisager l'utilitaire pour l'am\u00e9nager en van.\",\"breadcrumb\":{\"@id\":\"https:\\\/\\\/www.autojm.fr\\\/blog\\\/pro-ou-particulier-pourquoi-passer-a-lutilitaire\\\/#breadcrumb\"},\"inLanguage\":\"fr-FR\",\"potentialAction\":[{\"@type\":\"ReadAction\",\"target\":[\"https:\\\/\\\/www.autojm.fr\\\/blog\\\/pro-ou-particulier-pourquoi-passer-a-lutilitaire\\\/\"]}]},{\"@type\":\"ImageObject\",\"inLanguage\":\"fr-FR\",\"@id\":\"https:\\\/\\\/www.autojm.fr\\\/blog\\\/pro-ou-particulier-pourquoi-passer-a-lutilitaire\\\/#primaryimage\",\"url\":\"https:\\\/\\\/www.autojm.fr\\\/blog\\\/wp-content\\\/uploads\\\/2022\\\/10\\\/678.jpg\",\"contentUrl\":\"https:\\\/\\\/www.autojm.fr\\\/blog\\\/wp-content\\\/uploads\\\/2022\\\/10\\\/678.jpg\",\"width\":1024,\"height\":465,\"caption\":\"Utilitaire\"},{\"@type\":\"BreadcrumbList\",\"@id\":\"https:\\\/\\\/www.autojm.fr\\\/blog\\\/pro-ou-particulier-pourquoi-passer-a-lutilitaire\\\/#breadcrumb\",\"itemListElement\":[{\"@type\":\"ListItem\",\"position\":1,\"name\":\"Accueil\",\"item\":\"https:\\\/\\\/www.autojm.fr\\\/blog\\\/\"},{\"@type\":\"ListItem\",\"position\":2,\"name\":\"Conseils &amp; Astuces\",\"item\":\"https:\\\/\\\/www.autojm.fr\\\/blog\\\/conseils-astuces\\\/\"},{\"@type\":\"ListItem\",\"position\":3,\"name\":\"Pro ou particulier : pourquoi passer \u00e0 l\u2019utilitaire ?\"}]},{\"@type\":\"WebSite\",\"@id\":\"https:\\\/\\\/www.autojm.fr\\\/blog\\\/#website\",\"url\":\"https:\\\/\\\/www.autojm.fr\\\/blog\\\/\",\"name\":\"AutoJM Mag\",\"description\":\"Toute l&#039;actu auto en 1 clic !\",\"publisher\":{\"@id\":\"https:\\\/\\\/www.autojm.fr\\\/blog\\\/#organization\"},\"potentialAction\":[{\"@type\":\"SearchAction\",\"target\":{\"@type\":\"EntryPoint\",\"urlTemplate\":\"https:\\\/\\\/www.autojm.fr\\\/blog\\\/?s={search_term_string}\"},\"query-input\":{\"@type\":\"PropertyValueSpecification\",\"valueRequired\":true,\"valueName\":\"search_term_string\"}}],\"inLanguage\":\"fr-FR\"},{\"@type\":\"Organization\",\"@id\":\"https:\\\/\\\/www.autojm.fr\\\/blog\\\/#organization\",\"name\":\"AutoJM Mag\",\"url\":\"https:\\\/\\\/www.autojm.fr\\\/blog\\\/\",\"logo\":{\"@type\":\"ImageObject\",\"inLanguage\":\"fr-FR\",\"@id\":\"https:\\\/\\\/www.autojm.fr\\\/blog\\\/#\\\/schema\\\/logo\\\/image\\\/\",\"url\":\"https:\\\/\\\/www.autojm.fr\\\/blog\\\/wp-content\\\/uploads\\\/2022\\\/12\\\/cropped-AutoJMag-png.png\",\"contentUrl\":\"https:\\\/\\\/www.autojm.fr\\\/blog\\\/wp-content\\\/uploads\\\/2022\\\/12\\\/cropped-AutoJMag-png.png\",\"width\":2834,\"height\":585,\"caption\":\"AutoJM Mag\"},\"image\":{\"@id\":\"https:\\\/\\\/www.autojm.fr\\\/blog\\\/#\\\/schema\\\/logo\\\/image\\\/\"},\"sameAs\":[\"https:\\\/\\\/www.facebook.com\\\/AutoJM25\"]},{\"@type\":\"Person\",\"@id\":\"https:\\\/\\\/www.autojm.fr\\\/blog\\\/#\\\/schema\\\/person\\\/9742bc77541853e0de81fc57f947e1a0\",\"name\":\"Autojm\",\"image\":{\"@type\":\"ImageObject\",\"inLanguage\":\"fr-FR\",\"@id\":\"https:\\\/\\\/secure.gravatar.com\\\/avatar\\\/9a959d52b758fcc232fe4b6aca7bab139182573297122cce7d6f2ee0e537b418?s=96&d=mm&r=g\",\"url\":\"https:\\\/\\\/secure.gravatar.com\\\/avatar\\\/9a959d52b758fcc232fe4b6aca7bab139182573297122cce7d6f2ee0e537b418?s=96&d=mm&r=g\",\"contentUrl\":\"https:\\\/\\\/secure.gravatar.com\\\/avatar\\\/9a959d52b758fcc232fe4b6aca7bab139182573297122cce7d6f2ee0e537b418?s=96&d=mm&r=g\",\"caption\":\"Autojm\"},\"sameAs\":[\"https:\\\/\\\/www.autojm.fr\\\/blog\"],\"url\":\"https:\\\/\\\/www.autojm.fr\\\/blog\\\/author\\\/bichoi\\\/\"}]}<\/script>\n<!-- \/ Yoast SEO plugin. -->","yoast_head_json":{"title":"Pro ou particulier : pourquoi passer \u00e0 l\u2019utilitaire ? - AutoJM Mag","description":"Les constructeurs laissent une marge de configuration qui permet aux particuliers d'envisager l'utilitaire pour l'am\u00e9nager en van.","robots":{"index":"index","follow":"follow","max-snippet":"max-snippet:-1","max-image-preview":"max-image-preview:large","max-video-preview":"max-video-preview:-1"},"canonical":"https:\/\/www.autojm.fr\/blog\/pro-ou-particulier-pourquoi-passer-a-lutilitaire\/","og_locale":"fr_FR","og_type":"article","og_title":"Pro ou particulier : pourquoi passer \u00e0 l\u2019utilitaire ? - AutoJM Mag","og_description":"Les constructeurs laissent une marge de configuration qui permet aux particuliers d'envisager l'utilitaire pour l'am\u00e9nager en van.","og_url":"https:\/\/www.autojm.fr\/blog\/pro-ou-particulier-pourquoi-passer-a-lutilitaire\/","og_site_name":"AutoJM Mag","article_publisher":"https:\/\/www.facebook.com\/AutoJM25","article_published_time":"2022-05-24T00:00:00+00:00","article_modified_time":"2022-12-05T10:34:07+00:00","og_image":[{"width":1024,"height":465,"url":"https:\/\/www.autojm.fr\/blog\/wp-content\/uploads\/2022\/10\/678.jpg","type":"image\/jpeg"}],"author":"Autojm","twitter_card":"summary_large_image","twitter_misc":{"\u00c9crit par":"Autojm","Dur\u00e9e de lecture estim\u00e9e":"4 minutes"},"schema":{"@context":"https:\/\/schema.org","@graph":[{"@type":"Article","@id":"https:\/\/www.autojm.fr\/blog\/pro-ou-particulier-pourquoi-passer-a-lutilitaire\/#article","isPartOf":{"@id":"https:\/\/www.autojm.fr\/blog\/pro-ou-particulier-pourquoi-passer-a-lutilitaire\/"},"author":{"name":"Autojm","@id":"https:\/\/www.autojm.fr\/blog\/#\/schema\/person\/9742bc77541853e0de81fc57f947e1a0"},"headline":"Pro ou particulier : pourquoi passer \u00e0 l\u2019utilitaire ?","datePublished":"2022-05-24T00:00:00+00:00","dateModified":"2022-12-05T10:34:07+00:00","mainEntityOfPage":{"@id":"https:\/\/www.autojm.fr\/blog\/pro-ou-particulier-pourquoi-passer-a-lutilitaire\/"},"wordCount":480,"commentCount":0,"publisher":{"@id":"https:\/\/www.autojm.fr\/blog\/#organization"},"image":{"@id":"https:\/\/www.autojm.fr\/blog\/pro-ou-particulier-pourquoi-passer-a-lutilitaire\/#primaryimage"},"thumbnailUrl":"https:\/\/www.autojm.fr\/blog\/wp-content\/uploads\/2022\/10\/678.jpg","keywords":["autojm","Citro\u00ebn","Citro\u00ebn Berlingo Van","Citro\u00ebn Jumper Fourgon Tole","Citro\u00ebn Jumpy Cabine Approfondie","Citro\u00ebn Jumpy FG Tole","Fiat","Fiat Fiorino","peugeot","Peugeot Boxer FG Tole","Peugeot Boxer Fourgon Tole","Peugeot Expert FG Tole","Peugeot Expert Fourgon Tole","Peugeot Partner Fourgon Tole"],"articleSection":["Conseils &amp; Astuces"],"inLanguage":"fr-FR","potentialAction":[{"@type":"CommentAction","name":"Comment","target":["https:\/\/www.autojm.fr\/blog\/pro-ou-particulier-pourquoi-passer-a-lutilitaire\/#respond"]}]},{"@type":"WebPage","@id":"https:\/\/www.autojm.fr\/blog\/pro-ou-particulier-pourquoi-passer-a-lutilitaire\/","url":"https:\/\/www.autojm.fr\/blog\/pro-ou-particulier-pourquoi-passer-a-lutilitaire\/","name":"Pro ou particulier : pourquoi passer \u00e0 l\u2019utilitaire ? - AutoJM Mag","isPartOf":{"@id":"https:\/\/www.autojm.fr\/blog\/#website"},"primaryImageOfPage":{"@id":"https:\/\/www.autojm.fr\/blog\/pro-ou-particulier-pourquoi-passer-a-lutilitaire\/#primaryimage"},"image":{"@id":"https:\/\/www.autojm.fr\/blog\/pro-ou-particulier-pourquoi-passer-a-lutilitaire\/#primaryimage"},"thumbnailUrl":"https:\/\/www.autojm.fr\/blog\/wp-content\/uploads\/2022\/10\/678.jpg","datePublished":"2022-05-24T00:00:00+00:00","dateModified":"2022-12-05T10:34:07+00:00","description":"Les constructeurs laissent une marge de configuration qui permet aux particuliers d'envisager l'utilitaire pour l'am\u00e9nager en van.","breadcrumb":{"@id":"https:\/\/www.autojm.fr\/blog\/pro-ou-particulier-pourquoi-passer-a-lutilitaire\/#breadcrumb"},"inLanguage":"fr-FR","potentialAction":[{"@type":"ReadAction","target":["https:\/\/www.autojm.fr\/blog\/pro-ou-particulier-pourquoi-passer-a-lutilitaire\/"]}]},{"@type":"ImageObject","inLanguage":"fr-FR","@id":"https:\/\/www.autojm.fr\/blog\/pro-ou-particulier-pourquoi-passer-a-lutilitaire\/#primaryimage","url":"https:\/\/www.autojm.fr\/blog\/wp-content\/uploads\/2022\/10\/678.jpg","contentUrl":"https:\/\/www.autojm.fr\/blog\/wp-content\/uploads\/2022\/10\/678.jpg","width":1024,"height":465,"caption":"Utilitaire"},{"@type":"BreadcrumbList","@id":"https:\/\/www.autojm.fr\/blog\/pro-ou-particulier-pourquoi-passer-a-lutilitaire\/#breadcrumb","itemListElement":[{"@type":"ListItem","position":1,"name":"Accueil","item":"https:\/\/www.autojm.fr\/blog\/"},{"@type":"ListItem","position":2,"name":"Conseils &amp; Astuces","item":"https:\/\/www.autojm.fr\/blog\/conseils-astuces\/"},{"@type":"ListItem","position":3,"name":"Pro ou particulier : pourquoi passer \u00e0 l\u2019utilitaire ?"}]},{"@type":"WebSite","@id":"https:\/\/www.autojm.fr\/blog\/#website","url":"https:\/\/www.autojm.fr\/blog\/","name":"AutoJM Mag","description":"Toute l&#039;actu auto en 1 clic !","publisher":{"@id":"https:\/\/www.autojm.fr\/blog\/#organization"},"potentialAction":[{"@type":"SearchAction","target":{"@type":"EntryPoint","urlTemplate":"https:\/\/www.autojm.fr\/blog\/?s={search_term_string}"},"query-input":{"@type":"PropertyValueSpecification","valueRequired":true,"valueName":"search_term_string"}}],"inLanguage":"fr-FR"},{"@type":"Organization","@id":"https:\/\/www.autojm.fr\/blog\/#organization","name":"AutoJM Mag","url":"https:\/\/www.autojm.fr\/blog\/","logo":{"@type":"ImageObject","inLanguage":"fr-FR","@id":"https:\/\/www.autojm.fr\/blog\/#\/schema\/logo\/image\/","url":"https:\/\/www.autojm.fr\/blog\/wp-content\/uploads\/2022\/12\/cropped-AutoJMag-png.png","contentUrl":"https:\/\/www.autojm.fr\/blog\/wp-content\/uploads\/2022\/12\/cropped-AutoJMag-png.png","width":2834,"height":585,"caption":"AutoJM Mag"},"image":{"@id":"https:\/\/www.autojm.fr\/blog\/#\/schema\/logo\/image\/"},"sameAs":["https:\/\/www.facebook.com\/AutoJM25"]},{"@type":"Person","@id":"https:\/\/www.autojm.fr\/blog\/#\/schema\/person\/9742bc77541853e0de81fc57f947e1a0","name":"Autojm","image":{"@type":"ImageObject","inLanguage":"fr-FR","@id":"https:\/\/secure.gravatar.com\/avatar\/9a959d52b758fcc232fe4b6aca7bab139182573297122cce7d6f2ee0e537b418?s=96&d=mm&r=g","url":"https:\/\/secure.gravatar.com\/avatar\/9a959d52b758fcc232fe4b6aca7bab139182573297122cce7d6f2ee0e537b418?s=96&d=mm&r=g","contentUrl":"https:\/\/secure.gravatar.com\/avatar\/9a959d52b758fcc232fe4b6aca7bab139182573297122cce7d6f2ee0e537b418?s=96&d=mm&r=g","caption":"Autojm"},"sameAs":["https:\/\/www.autojm.fr\/blog"],"url":"https:\/\/www.autojm.fr\/blog\/author\/bichoi\/"}]}},"_links":{"self":[{"href":"https:\/\/www.autojm.fr\/blog\/wp-json\/wp\/v2\/posts\/3946","targetHints":{"allow":["GET"]}}],"collection":[{"href":"https:\/\/www.autojm.fr\/blog\/wp-json\/wp\/v2\/posts"}],"about":[{"href":"https:\/\/www.autojm.fr\/blog\/wp-json\/wp\/v2\/types\/post"}],"author":[{"embeddable":true,"href":"https:\/\/www.autojm.fr\/blog\/wp-json\/wp\/v2\/users\/1"}],"replies":[{"embeddable":true,"href":"https:\/\/www.autojm.fr\/blog\/wp-json\/wp\/v2\/comments?post=3946"}],"version-history":[{"count":5,"href":"https:\/\/www.autojm.fr\/blog\/wp-json\/wp\/v2\/posts\/3946\/revisions"}],"predecessor-version":[{"id":6938,"href":"https:\/\/www.autojm.fr\/blog\/wp-json\/wp\/v2\/posts\/3946\/revisions\/6938"}],"wp:featuredmedia":[{"embeddable":true,"href":"https:\/\/www.autojm.fr\/blog\/wp-json\/wp\/v2\/media\/6004"}],"wp:attachment":[{"href":"https:\/\/www.autojm.fr\/blog\/wp-json\/wp\/v2\/media?parent=3946"}],"wp:term":[{"taxonomy":"category","embeddable":true,"href":"https:\/\/www.autojm.fr\/blog\/wp-json\/wp\/v2\/categories?post=3946"},{"taxonomy":"post_tag","embeddable":true,"href":"https:\/\/www.autojm.fr\/blog\/wp-json\/wp\/v2\/tags?post=3946"}],"curies":[{"name":"wp","href":"https:\/\/api.w.org\/{rel}","templated":true}]}}