{"id":3945,"date":"2022-05-19T00:00:00","date_gmt":"2022-05-19T00:00:00","guid":{"rendered":"https:\/\/www.autojm.fr\/blog\/le-budget-automobile-des-francais-explose\/"},"modified":"2023-04-17T14:27:55","modified_gmt":"2023-04-17T14:27:55","slug":"le-budget-automobile-des-francais-explose","status":"publish","type":"post","link":"https:\/\/www.autojm.fr\/blog\/le-budget-automobile-des-francais-explose\/","title":{"rendered":"Le budget automobile des fran\u00e7ais explose"},"content":{"rendered":"<p>Le CSA Research a r\u00e9alis\u00e9 une \u00e9tude pour l&rsquo;assureur lesfurets, afin de mettre l&rsquo;accent sur le budget des fran\u00e7ais consacr\u00e9 \u00e0 leur v\u00e9hicule. L&rsquo;inflation actuelle a bien \u00e9videmment engendr\u00e9 une hausse des d\u00e9penses automobiles et de plus en plus, les automobilistes redoublent d&rsquo;efforts pour trouver des solutions qui leur permettent d&rsquo;\u00e9conomiser.<\/p>\n<h2>Les prix des v\u00e9hicules neufs remontent<\/h2>\n<p>L&rsquo;inflation est, certes, une cause qui entra\u00eene une baisse des ventes automobiles, mais c&rsquo;est loin d&rsquo;\u00eatre la seule.<\/p>\n<p>Chronologiquement, c&rsquo;est d&rsquo;abord la crise sanitaire li\u00e9e au Covid 19 qui a instantan\u00e9ment fait chuter les ventes automobiles : avec un confinement de plusieurs semaines, et l&rsquo;arr\u00eat de la production dans les usines, les ventes automobiles ont presque \u00e9t\u00e9 gel\u00e9es. A la sortie de cette p\u00e9riode de pause, l&rsquo;Etat avait instaur\u00e9 une prime \u00e0 la conversion et un bonus \u00e9cologique exceptionnels pour relancer les ventes, ce qui avait permis une belle remont\u00e9e, mais la crise sanitaire n&rsquo;\u00e9tait pas finie et les ventes n&rsquo;ont pas r\u00e9ussi \u00e0 maintenir cette remont\u00e9e.<\/p>\n<p>Un deuxi\u00e8me probl\u00e8me majeur frappe d\u00e9sormais le march\u00e9 de l&rsquo;automobile : la p\u00e9nurie de semi-conducteurs. La production est fortement ralentie, et les constructeurs ont recours \u00e0 des d\u00e9cisions exceptionnelles pour assurer leur rentabilit\u00e9, comme privil\u00e9gier la production des mod\u00e8les haut de gamme.<\/p>\n<p>Les d\u00e9lais de production sont rallong\u00e9s, les d\u00e9lais de livraison le sont donc aussi. Un temps d&rsquo;attente plus important, des prix \u00e0 la hausse\u2026 Les v\u00e9hicules neufs ne sont pas dans leur meilleure p\u00e9riode. Et ce ph\u00e9nom\u00e8ne entra\u00eene une forte demande sur le march\u00e9 de l&rsquo;occasion, ce qui entra\u00eene une augmentation des prix ET une p\u00e9nurie sur ce march\u00e9, une situation in\u00e9dite pour le march\u00e9 automobile.<\/p>\n<h2>Les prix des carburants ne faiblissent pas<\/h2>\n<p>La hausse est presque constante depuis quelques mois, et cela n&rsquo;\u00e9chappe pas aux automobilistes. Le gazole a connu une forte hausse, tandis que le sans plomb suivait d&rsquo;un peu plus loin. Pour la premi\u00e8re fois depuis l&rsquo;augmentation, le gazole a, cette semaine, vu son prix au litre diminuer de 7 centimes par rapport \u00e0 la semaine du 7 mai. Toutefois, les tarifs restent toujours consid\u00e9rablement \u00e9lev\u00e9s.<\/p>\n<h2>Des publics divers mais nombreux \u00e0 \u00eatre touch\u00e9s par la hausse des prix<\/h2>\n<p>D&rsquo;apr\u00e8s l&rsquo;\u00e9tude men\u00e9e par le CSA Research, 67% des publics impact\u00e9s sont les 35-49 ans, et 65% sont des CSP+. Ce sont des personnes qui ont g\u00e9n\u00e9ralement plusieurs voitures pour un m\u00eame foyer et\/ou utilisent beaucoup leurs voitures pour des d\u00e9placements professionnels et personnels. Les 18-24 ans (80%), 25-34 ans (76%), les CSP- (75%) et les femmes (68%) seraient m\u00eame pr\u00eats \u00e0 r\u00e9duire leurs d\u00e9penses dans d&rsquo;autres domaines comme la sant\u00e9 ou les forfaits t\u00e9l\u00e9phone\/internet. Les personnes sond\u00e9es estiment que l&rsquo;augmentation de leur budget automobile s&rsquo;\u00e9l\u00e8ve \u00e0 149\u20ac en moyenne sur les 12 derniers mois.<\/p>\n<h2>Des solutions pour prot\u00e9ger les portefeuilles<\/h2>\n<p>Le t\u00e9l\u00e9travail, lorsqu&rsquo;il est favoris\u00e9 par les entreprises, permet de limiter ses trajets. Les automobilistes du territoire semblent aussi de plus en plus pr\u00eats \u00e0 passer au v\u00e9lo ou \u00e0 la trottinette, \u00e0 emprunter les transports en commun ou, pourquoi pas, \u00e0 faire du covoiturage. La solution d&rsquo;achat d&rsquo;un <strong><a href=\"https:\/\/www.autojm.fr\/recherche?energies%5B%5D=Electrique&amp;part=blog&amp;utm_source=articleblog190522&amp;utm_medium=blog\">v\u00e9hicule \u00e9lectrique<\/a><\/strong> ou <strong><a href=\"https:\/\/www.autojm.fr\/recherche?energies%5B%5D=Hybride%20rechargeable&amp;energies%5B%5D=Hybride&amp;part=blog&amp;utm_source=articleblog190522&amp;utm_medium=blog\">hybride<\/a><\/strong> est \u00e9galement envisag\u00e9e, tout comme celle d&rsquo;utiliser un comparateur d&rsquo;assurances pour trouver les meilleurs tarifs.<\/p>\n<p><iframe loading=\"lazy\" title=\"YouTube video player\" src=\"https:\/\/www.youtube.com\/embed\/N41080MGF_Q\" width=\"100%\" height=\"315\" allowfullscreen=\"allowfullscreen\"><\/iframe><\/p>\n<p style=\"margin-top: 1.75em; margin-bottom: 1.75em; font-size: 0.813em; line-height: 1.5em; color: #666666; font-family: Arial, Helvetica, sans-serif;\">\n","protected":false},"excerpt":{"rendered":"<p>Le CSA Research a r\u00e9alis\u00e9 une \u00e9tude pour l&rsquo;assureur lesfurets, afin de mettre l&rsquo;accent sur le budget des fran\u00e7ais consacr\u00e9 \u00e0 leur v\u00e9hicule. L&rsquo;inflation actuelle a bien \u00e9videmment engendr\u00e9 une hausse des d\u00e9penses automobiles et de plus en plus, les automobilistes redoublent d&rsquo;efforts pour trouver des solutions qui leur permettent d&rsquo;\u00e9conomiser.<\/p>\n","protected":false},"author":1,"featured_media":6003,"comment_status":"open","ping_status":"open","sticky":false,"template":"","format":"standard","meta":{"_acf_changed":false,"content-type":"","footnotes":""},"categories":[5],"tags":[90,79,74,105,110,106,108,107,73,78,96],"class_list":["post-3945","post","type-post","status-publish","format-standard","has-post-thumbnail","hentry","category-actualite-automobile","tag-autojm","tag-citroen","tag-dacia","tag-ds","tag-fiat","tag-kia","tag-nissan","tag-opel","tag-peugeot","tag-renault","tag-volkswagen"],"acf":[],"yoast_head":"<!-- This site is optimized with the Yoast SEO plugin v27.5 - https:\/\/yoast.com\/product\/yoast-seo-wordpress\/ -->\n<title>Le budget automobile des fran\u00e7ais explose - AutoJM Mag<\/title>\n<meta name=\"description\" content=\"L&#039;inflation a engendr\u00e9 une hausse des d\u00e9penses et les automobilistes redoublent d&#039;efforts pour trouver des solutions afin d&#039;\u00e9conomiser.\" \/>\n<meta name=\"robots\" content=\"index, follow, max-snippet:-1, max-image-preview:large, max-video-preview:-1\" \/>\n<link rel=\"canonical\" href=\"https:\/\/www.autojm.fr\/blog\/le-budget-automobile-des-francais-explose\/\" \/>\n<meta property=\"og:locale\" content=\"fr_FR\" \/>\n<meta property=\"og:type\" content=\"article\" \/>\n<meta property=\"og:title\" content=\"Le budget automobile des fran\u00e7ais explose - AutoJM Mag\" \/>\n<meta property=\"og:description\" content=\"L&#039;inflation a engendr\u00e9 une hausse des d\u00e9penses et les automobilistes redoublent d&#039;efforts pour trouver des solutions afin d&#039;\u00e9conomiser.\" \/>\n<meta property=\"og:url\" content=\"https:\/\/www.autojm.fr\/blog\/le-budget-automobile-des-francais-explose\/\" \/>\n<meta property=\"og:site_name\" content=\"AutoJM Mag\" \/>\n<meta property=\"article:publisher\" content=\"https:\/\/www.facebook.com\/AutoJM25\" \/>\n<meta property=\"article:published_time\" content=\"2022-05-19T00:00:00+00:00\" \/>\n<meta property=\"article:modified_time\" content=\"2023-04-17T14:27:55+00:00\" \/>\n<meta property=\"og:image\" content=\"https:\/\/www.autojm.fr\/blog\/wp-content\/uploads\/2022\/10\/677.jpg\" \/>\n\t<meta property=\"og:image:width\" content=\"1024\" \/>\n\t<meta property=\"og:image:height\" content=\"465\" \/>\n\t<meta property=\"og:image:type\" content=\"image\/jpeg\" \/>\n<meta name=\"author\" content=\"Autojm\" \/>\n<meta name=\"twitter:card\" content=\"summary_large_image\" \/>\n<meta name=\"twitter:label1\" content=\"\u00c9crit par\" \/>\n\t<meta name=\"twitter:data1\" content=\"Autojm\" \/>\n\t<meta name=\"twitter:label2\" content=\"Dur\u00e9e de lecture estim\u00e9e\" \/>\n\t<meta name=\"twitter:data2\" content=\"3 minutes\" \/>\n<script type=\"application\/ld+json\" class=\"yoast-schema-graph\">{\"@context\":\"https:\\\/\\\/schema.org\",\"@graph\":[{\"@type\":\"Article\",\"@id\":\"https:\\\/\\\/www.autojm.fr\\\/blog\\\/le-budget-automobile-des-francais-explose\\\/#article\",\"isPartOf\":{\"@id\":\"https:\\\/\\\/www.autojm.fr\\\/blog\\\/le-budget-automobile-des-francais-explose\\\/\"},\"author\":{\"name\":\"Autojm\",\"@id\":\"https:\\\/\\\/www.autojm.fr\\\/blog\\\/#\\\/schema\\\/person\\\/9742bc77541853e0de81fc57f947e1a0\"},\"headline\":\"Le budget automobile des fran\u00e7ais explose\",\"datePublished\":\"2022-05-19T00:00:00+00:00\",\"dateModified\":\"2023-04-17T14:27:55+00:00\",\"mainEntityOfPage\":{\"@id\":\"https:\\\/\\\/www.autojm.fr\\\/blog\\\/le-budget-automobile-des-francais-explose\\\/\"},\"wordCount\":574,\"commentCount\":0,\"publisher\":{\"@id\":\"https:\\\/\\\/www.autojm.fr\\\/blog\\\/#organization\"},\"image\":{\"@id\":\"https:\\\/\\\/www.autojm.fr\\\/blog\\\/le-budget-automobile-des-francais-explose\\\/#primaryimage\"},\"thumbnailUrl\":\"https:\\\/\\\/www.autojm.fr\\\/blog\\\/wp-content\\\/uploads\\\/2022\\\/10\\\/677.jpg\",\"keywords\":[\"autojm\",\"citroen\",\"dacia\",\"DS\",\"Fiat\",\"Kia\",\"Nissan\",\"Opel\",\"peugeot\",\"renault\",\"Volkswagen\"],\"articleSection\":[\"Actualit\u00e9 Automobile\"],\"inLanguage\":\"fr-FR\",\"potentialAction\":[{\"@type\":\"CommentAction\",\"name\":\"Comment\",\"target\":[\"https:\\\/\\\/www.autojm.fr\\\/blog\\\/le-budget-automobile-des-francais-explose\\\/#respond\"]}]},{\"@type\":\"WebPage\",\"@id\":\"https:\\\/\\\/www.autojm.fr\\\/blog\\\/le-budget-automobile-des-francais-explose\\\/\",\"url\":\"https:\\\/\\\/www.autojm.fr\\\/blog\\\/le-budget-automobile-des-francais-explose\\\/\",\"name\":\"Le budget automobile des fran\u00e7ais explose - AutoJM Mag\",\"isPartOf\":{\"@id\":\"https:\\\/\\\/www.autojm.fr\\\/blog\\\/#website\"},\"primaryImageOfPage\":{\"@id\":\"https:\\\/\\\/www.autojm.fr\\\/blog\\\/le-budget-automobile-des-francais-explose\\\/#primaryimage\"},\"image\":{\"@id\":\"https:\\\/\\\/www.autojm.fr\\\/blog\\\/le-budget-automobile-des-francais-explose\\\/#primaryimage\"},\"thumbnailUrl\":\"https:\\\/\\\/www.autojm.fr\\\/blog\\\/wp-content\\\/uploads\\\/2022\\\/10\\\/677.jpg\",\"datePublished\":\"2022-05-19T00:00:00+00:00\",\"dateModified\":\"2023-04-17T14:27:55+00:00\",\"description\":\"L'inflation a engendr\u00e9 une hausse des d\u00e9penses et les automobilistes redoublent d'efforts pour trouver des solutions afin d'\u00e9conomiser.\",\"breadcrumb\":{\"@id\":\"https:\\\/\\\/www.autojm.fr\\\/blog\\\/le-budget-automobile-des-francais-explose\\\/#breadcrumb\"},\"inLanguage\":\"fr-FR\",\"potentialAction\":[{\"@type\":\"ReadAction\",\"target\":[\"https:\\\/\\\/www.autojm.fr\\\/blog\\\/le-budget-automobile-des-francais-explose\\\/\"]}]},{\"@type\":\"ImageObject\",\"inLanguage\":\"fr-FR\",\"@id\":\"https:\\\/\\\/www.autojm.fr\\\/blog\\\/le-budget-automobile-des-francais-explose\\\/#primaryimage\",\"url\":\"https:\\\/\\\/www.autojm.fr\\\/blog\\\/wp-content\\\/uploads\\\/2022\\\/10\\\/677.jpg\",\"contentUrl\":\"https:\\\/\\\/www.autojm.fr\\\/blog\\\/wp-content\\\/uploads\\\/2022\\\/10\\\/677.jpg\",\"width\":1024,\"height\":465,\"caption\":\"Budget automobile\"},{\"@type\":\"BreadcrumbList\",\"@id\":\"https:\\\/\\\/www.autojm.fr\\\/blog\\\/le-budget-automobile-des-francais-explose\\\/#breadcrumb\",\"itemListElement\":[{\"@type\":\"ListItem\",\"position\":1,\"name\":\"Accueil\",\"item\":\"https:\\\/\\\/www.autojm.fr\\\/blog\\\/\"},{\"@type\":\"ListItem\",\"position\":2,\"name\":\"Actualit\u00e9 Automobile\",\"item\":\"https:\\\/\\\/www.autojm.fr\\\/blog\\\/actualite-automobile\\\/\"},{\"@type\":\"ListItem\",\"position\":3,\"name\":\"Le budget automobile des fran\u00e7ais explose\"}]},{\"@type\":\"WebSite\",\"@id\":\"https:\\\/\\\/www.autojm.fr\\\/blog\\\/#website\",\"url\":\"https:\\\/\\\/www.autojm.fr\\\/blog\\\/\",\"name\":\"AutoJM Mag\",\"description\":\"Toute l&#039;actu auto en 1 clic !\",\"publisher\":{\"@id\":\"https:\\\/\\\/www.autojm.fr\\\/blog\\\/#organization\"},\"potentialAction\":[{\"@type\":\"SearchAction\",\"target\":{\"@type\":\"EntryPoint\",\"urlTemplate\":\"https:\\\/\\\/www.autojm.fr\\\/blog\\\/?s={search_term_string}\"},\"query-input\":{\"@type\":\"PropertyValueSpecification\",\"valueRequired\":true,\"valueName\":\"search_term_string\"}}],\"inLanguage\":\"fr-FR\"},{\"@type\":\"Organization\",\"@id\":\"https:\\\/\\\/www.autojm.fr\\\/blog\\\/#organization\",\"name\":\"AutoJM Mag\",\"url\":\"https:\\\/\\\/www.autojm.fr\\\/blog\\\/\",\"logo\":{\"@type\":\"ImageObject\",\"inLanguage\":\"fr-FR\",\"@id\":\"https:\\\/\\\/www.autojm.fr\\\/blog\\\/#\\\/schema\\\/logo\\\/image\\\/\",\"url\":\"https:\\\/\\\/www.autojm.fr\\\/blog\\\/wp-content\\\/uploads\\\/2022\\\/12\\\/cropped-AutoJMag-png.png\",\"contentUrl\":\"https:\\\/\\\/www.autojm.fr\\\/blog\\\/wp-content\\\/uploads\\\/2022\\\/12\\\/cropped-AutoJMag-png.png\",\"width\":2834,\"height\":585,\"caption\":\"AutoJM Mag\"},\"image\":{\"@id\":\"https:\\\/\\\/www.autojm.fr\\\/blog\\\/#\\\/schema\\\/logo\\\/image\\\/\"},\"sameAs\":[\"https:\\\/\\\/www.facebook.com\\\/AutoJM25\"]},{\"@type\":\"Person\",\"@id\":\"https:\\\/\\\/www.autojm.fr\\\/blog\\\/#\\\/schema\\\/person\\\/9742bc77541853e0de81fc57f947e1a0\",\"name\":\"Autojm\",\"image\":{\"@type\":\"ImageObject\",\"inLanguage\":\"fr-FR\",\"@id\":\"https:\\\/\\\/secure.gravatar.com\\\/avatar\\\/9a959d52b758fcc232fe4b6aca7bab139182573297122cce7d6f2ee0e537b418?s=96&d=mm&r=g\",\"url\":\"https:\\\/\\\/secure.gravatar.com\\\/avatar\\\/9a959d52b758fcc232fe4b6aca7bab139182573297122cce7d6f2ee0e537b418?s=96&d=mm&r=g\",\"contentUrl\":\"https:\\\/\\\/secure.gravatar.com\\\/avatar\\\/9a959d52b758fcc232fe4b6aca7bab139182573297122cce7d6f2ee0e537b418?s=96&d=mm&r=g\",\"caption\":\"Autojm\"},\"sameAs\":[\"https:\\\/\\\/www.autojm.fr\\\/blog\"],\"url\":\"https:\\\/\\\/www.autojm.fr\\\/blog\\\/author\\\/bichoi\\\/\"}]}<\/script>\n<!-- \/ Yoast SEO plugin. -->","yoast_head_json":{"title":"Le budget automobile des fran\u00e7ais explose - AutoJM Mag","description":"L'inflation a engendr\u00e9 une hausse des d\u00e9penses et les automobilistes redoublent d'efforts pour trouver des solutions afin d'\u00e9conomiser.","robots":{"index":"index","follow":"follow","max-snippet":"max-snippet:-1","max-image-preview":"max-image-preview:large","max-video-preview":"max-video-preview:-1"},"canonical":"https:\/\/www.autojm.fr\/blog\/le-budget-automobile-des-francais-explose\/","og_locale":"fr_FR","og_type":"article","og_title":"Le budget automobile des fran\u00e7ais explose - AutoJM Mag","og_description":"L'inflation a engendr\u00e9 une hausse des d\u00e9penses et les automobilistes redoublent d'efforts pour trouver des solutions afin d'\u00e9conomiser.","og_url":"https:\/\/www.autojm.fr\/blog\/le-budget-automobile-des-francais-explose\/","og_site_name":"AutoJM Mag","article_publisher":"https:\/\/www.facebook.com\/AutoJM25","article_published_time":"2022-05-19T00:00:00+00:00","article_modified_time":"2023-04-17T14:27:55+00:00","og_image":[{"width":1024,"height":465,"url":"https:\/\/www.autojm.fr\/blog\/wp-content\/uploads\/2022\/10\/677.jpg","type":"image\/jpeg"}],"author":"Autojm","twitter_card":"summary_large_image","twitter_misc":{"\u00c9crit par":"Autojm","Dur\u00e9e de lecture estim\u00e9e":"3 minutes"},"schema":{"@context":"https:\/\/schema.org","@graph":[{"@type":"Article","@id":"https:\/\/www.autojm.fr\/blog\/le-budget-automobile-des-francais-explose\/#article","isPartOf":{"@id":"https:\/\/www.autojm.fr\/blog\/le-budget-automobile-des-francais-explose\/"},"author":{"name":"Autojm","@id":"https:\/\/www.autojm.fr\/blog\/#\/schema\/person\/9742bc77541853e0de81fc57f947e1a0"},"headline":"Le budget automobile des fran\u00e7ais explose","datePublished":"2022-05-19T00:00:00+00:00","dateModified":"2023-04-17T14:27:55+00:00","mainEntityOfPage":{"@id":"https:\/\/www.autojm.fr\/blog\/le-budget-automobile-des-francais-explose\/"},"wordCount":574,"commentCount":0,"publisher":{"@id":"https:\/\/www.autojm.fr\/blog\/#organization"},"image":{"@id":"https:\/\/www.autojm.fr\/blog\/le-budget-automobile-des-francais-explose\/#primaryimage"},"thumbnailUrl":"https:\/\/www.autojm.fr\/blog\/wp-content\/uploads\/2022\/10\/677.jpg","keywords":["autojm","citroen","dacia","DS","Fiat","Kia","Nissan","Opel","peugeot","renault","Volkswagen"],"articleSection":["Actualit\u00e9 Automobile"],"inLanguage":"fr-FR","potentialAction":[{"@type":"CommentAction","name":"Comment","target":["https:\/\/www.autojm.fr\/blog\/le-budget-automobile-des-francais-explose\/#respond"]}]},{"@type":"WebPage","@id":"https:\/\/www.autojm.fr\/blog\/le-budget-automobile-des-francais-explose\/","url":"https:\/\/www.autojm.fr\/blog\/le-budget-automobile-des-francais-explose\/","name":"Le budget automobile des fran\u00e7ais explose - AutoJM Mag","isPartOf":{"@id":"https:\/\/www.autojm.fr\/blog\/#website"},"primaryImageOfPage":{"@id":"https:\/\/www.autojm.fr\/blog\/le-budget-automobile-des-francais-explose\/#primaryimage"},"image":{"@id":"https:\/\/www.autojm.fr\/blog\/le-budget-automobile-des-francais-explose\/#primaryimage"},"thumbnailUrl":"https:\/\/www.autojm.fr\/blog\/wp-content\/uploads\/2022\/10\/677.jpg","datePublished":"2022-05-19T00:00:00+00:00","dateModified":"2023-04-17T14:27:55+00:00","description":"L'inflation a engendr\u00e9 une hausse des d\u00e9penses et les automobilistes redoublent d'efforts pour trouver des solutions afin d'\u00e9conomiser.","breadcrumb":{"@id":"https:\/\/www.autojm.fr\/blog\/le-budget-automobile-des-francais-explose\/#breadcrumb"},"inLanguage":"fr-FR","potentialAction":[{"@type":"ReadAction","target":["https:\/\/www.autojm.fr\/blog\/le-budget-automobile-des-francais-explose\/"]}]},{"@type":"ImageObject","inLanguage":"fr-FR","@id":"https:\/\/www.autojm.fr\/blog\/le-budget-automobile-des-francais-explose\/#primaryimage","url":"https:\/\/www.autojm.fr\/blog\/wp-content\/uploads\/2022\/10\/677.jpg","contentUrl":"https:\/\/www.autojm.fr\/blog\/wp-content\/uploads\/2022\/10\/677.jpg","width":1024,"height":465,"caption":"Budget automobile"},{"@type":"BreadcrumbList","@id":"https:\/\/www.autojm.fr\/blog\/le-budget-automobile-des-francais-explose\/#breadcrumb","itemListElement":[{"@type":"ListItem","position":1,"name":"Accueil","item":"https:\/\/www.autojm.fr\/blog\/"},{"@type":"ListItem","position":2,"name":"Actualit\u00e9 Automobile","item":"https:\/\/www.autojm.fr\/blog\/actualite-automobile\/"},{"@type":"ListItem","position":3,"name":"Le budget automobile des fran\u00e7ais explose"}]},{"@type":"WebSite","@id":"https:\/\/www.autojm.fr\/blog\/#website","url":"https:\/\/www.autojm.fr\/blog\/","name":"AutoJM Mag","description":"Toute l&#039;actu auto en 1 clic !","publisher":{"@id":"https:\/\/www.autojm.fr\/blog\/#organization"},"potentialAction":[{"@type":"SearchAction","target":{"@type":"EntryPoint","urlTemplate":"https:\/\/www.autojm.fr\/blog\/?s={search_term_string}"},"query-input":{"@type":"PropertyValueSpecification","valueRequired":true,"valueName":"search_term_string"}}],"inLanguage":"fr-FR"},{"@type":"Organization","@id":"https:\/\/www.autojm.fr\/blog\/#organization","name":"AutoJM Mag","url":"https:\/\/www.autojm.fr\/blog\/","logo":{"@type":"ImageObject","inLanguage":"fr-FR","@id":"https:\/\/www.autojm.fr\/blog\/#\/schema\/logo\/image\/","url":"https:\/\/www.autojm.fr\/blog\/wp-content\/uploads\/2022\/12\/cropped-AutoJMag-png.png","contentUrl":"https:\/\/www.autojm.fr\/blog\/wp-content\/uploads\/2022\/12\/cropped-AutoJMag-png.png","width":2834,"height":585,"caption":"AutoJM Mag"},"image":{"@id":"https:\/\/www.autojm.fr\/blog\/#\/schema\/logo\/image\/"},"sameAs":["https:\/\/www.facebook.com\/AutoJM25"]},{"@type":"Person","@id":"https:\/\/www.autojm.fr\/blog\/#\/schema\/person\/9742bc77541853e0de81fc57f947e1a0","name":"Autojm","image":{"@type":"ImageObject","inLanguage":"fr-FR","@id":"https:\/\/secure.gravatar.com\/avatar\/9a959d52b758fcc232fe4b6aca7bab139182573297122cce7d6f2ee0e537b418?s=96&d=mm&r=g","url":"https:\/\/secure.gravatar.com\/avatar\/9a959d52b758fcc232fe4b6aca7bab139182573297122cce7d6f2ee0e537b418?s=96&d=mm&r=g","contentUrl":"https:\/\/secure.gravatar.com\/avatar\/9a959d52b758fcc232fe4b6aca7bab139182573297122cce7d6f2ee0e537b418?s=96&d=mm&r=g","caption":"Autojm"},"sameAs":["https:\/\/www.autojm.fr\/blog"],"url":"https:\/\/www.autojm.fr\/blog\/author\/bichoi\/"}]}},"_links":{"self":[{"href":"https:\/\/www.autojm.fr\/blog\/wp-json\/wp\/v2\/posts\/3945","targetHints":{"allow":["GET"]}}],"collection":[{"href":"https:\/\/www.autojm.fr\/blog\/wp-json\/wp\/v2\/posts"}],"about":[{"href":"https:\/\/www.autojm.fr\/blog\/wp-json\/wp\/v2\/types\/post"}],"author":[{"embeddable":true,"href":"https:\/\/www.autojm.fr\/blog\/wp-json\/wp\/v2\/users\/1"}],"replies":[{"embeddable":true,"href":"https:\/\/www.autojm.fr\/blog\/wp-json\/wp\/v2\/comments?post=3945"}],"version-history":[{"count":5,"href":"https:\/\/www.autojm.fr\/blog\/wp-json\/wp\/v2\/posts\/3945\/revisions"}],"predecessor-version":[{"id":9154,"href":"https:\/\/www.autojm.fr\/blog\/wp-json\/wp\/v2\/posts\/3945\/revisions\/9154"}],"wp:featuredmedia":[{"embeddable":true,"href":"https:\/\/www.autojm.fr\/blog\/wp-json\/wp\/v2\/media\/6003"}],"wp:attachment":[{"href":"https:\/\/www.autojm.fr\/blog\/wp-json\/wp\/v2\/media?parent=3945"}],"wp:term":[{"taxonomy":"category","embeddable":true,"href":"https:\/\/www.autojm.fr\/blog\/wp-json\/wp\/v2\/categories?post=3945"},{"taxonomy":"post_tag","embeddable":true,"href":"https:\/\/www.autojm.fr\/blog\/wp-json\/wp\/v2\/tags?post=3945"}],"curies":[{"name":"wp","href":"https:\/\/api.w.org\/{rel}","templated":true}]}}