{"id":3942,"date":"2022-04-28T00:00:00","date_gmt":"2022-04-28T00:00:00","guid":{"rendered":"https:\/\/www.autojm.fr\/blog\/ou-en-est-la-voiture-autonome\/"},"modified":"2023-04-17T14:28:23","modified_gmt":"2023-04-17T14:28:23","slug":"ou-en-est-la-voiture-autonome","status":"publish","type":"post","link":"https:\/\/www.autojm.fr\/blog\/ou-en-est-la-voiture-autonome\/","title":{"rendered":"O\u00f9 en est la voiture autonome ?"},"content":{"rendered":"<p>La voiture autonome semble mettre plus de temps que pr\u00e9vu \u00e0 arriver sur les routes. En effet, pour devenir accessible, elle se doit d&rsquo;\u00eatre irr\u00e9prochable en mati\u00e8re de s\u00e9curit\u00e9, et il est co\u00fbteux de fabriquer un <strong><a href=\"https:\/\/www.autojm.fr\/?part=blog&amp;utm_source=articleblog280422&amp;utm_medium=blog\">v\u00e9hicule<\/a><\/strong> capable \u00e0 lui seul de respecter les vitesses, prendre les intersections, actionner un clignotant, etc. Malgr\u00e9 tout, l&rsquo;Europe se d\u00e9marque sur le sujet avec de beaux r\u00e9sultats niveau technologies, m\u00eame si elle est encore d\u00e9pendante c\u00f4t\u00e9 m\u00e9canique avec les semi-conducteurs qui se fabriquent sur les continents Am\u00e9ricain et Asiatique. Voici les derni\u00e8res informations concernant la voiture autonome.<\/p>\n<h2>L&rsquo;Europe en pole position de l&rsquo;Intelligence Artificielle (IA)<\/h2>\n<p>L&rsquo;ACEA (Association des Constructeurs Europ\u00e9ens d&rsquo;Automobiles) a r\u00e9alis\u00e9 des statistiques qui ont permis de mettre en avant l&rsquo;implication de l&rsquo;Europe dans la recherche pour l&rsquo;IA. Dans le domaine de la conduite autonome, l&rsquo;Europe d\u00e9tient 33,4% des brevets d\u00e9pos\u00e9s alors que les Etats-Unis sont \u00e0 30% et le Japon \u00e0 11,5%. Les soci\u00e9t\u00e9s sp\u00e9cialis\u00e9es dans l&rsquo;IA sont toutefois au nombre de 5933 pour l&rsquo;Europe, loin derri\u00e8re la Chine et ses 11 362 soci\u00e9t\u00e9s, ou les Etats-Unis et ses 13 770 soci\u00e9t\u00e9s. L&rsquo;Allemagne avait un coup d&rsquo;avance en la mati\u00e8re en \u00e9tant le premier pays \u00e0 autoriser la conduite autonome de niveau 3 sur route ouverte, pour Mercedes.<\/p>\n<h2>Bosch fait l&rsquo;acquisition de Five<\/h2>\n<p>Five, c&rsquo;est une start-up britannique sp\u00e9cialis\u00e9e dans les logiciels de pointe et solutions bas\u00e9es sur l&rsquo;intelligence artificielle pour la conduite autonome. Apr\u00e8s son association avec Volkswagen, la marque Bosch s&rsquo;offre d\u00e9sormais les comp\u00e9tences d&rsquo;une start-up sp\u00e9cialis\u00e9e dans l&rsquo;IA pour avoir un coup d&rsquo;avance en mati\u00e8re d&rsquo;ind\u00e9pendance. En effet, \u201cL&rsquo;entreprise affirme qu&rsquo;elle sera la seule capable d&rsquo;offrir l&rsquo;ensemble des \u00e9l\u00e9ments de base n\u00e9cessaires \u00e0 la conduite autonome \u00e0 partir d&rsquo;une seule source, que ce soit des capteurs, des cartes logiciels ou encore l&rsquo;environnement d&rsquo;ing\u00e9nierie.\u201d peut-on lire sur un article de l&rsquo;Eclaireur FNAC. Five travaille actuellement sur une plateforme capable de \u201ccr\u00e9er des sc\u00e9narios de test avanc\u00e9s et un environnement de simulation afin d&rsquo;\u00e9valuer et de valider le comportement d&rsquo;un syst\u00e8me \u00e0 tr\u00e8s grande \u00e9chelle.\u201d<\/p>\n<h2>Le Royaume-Uni pr\u00eat \u00e0 autoriser la t\u00e9l\u00e9 au volant ?<\/h2>\n<p>La mise \u00e0 jour du code de la route pourrait int\u00e9grer un article autorisant les propri\u00e9taires de v\u00e9hicules autonomes \u00e0 regarder la t\u00e9l\u00e9vision au volant. Ce sont les \u00e9crans int\u00e9gr\u00e9s au v\u00e9hicule qui seraient utilis\u00e9s comme t\u00e9l\u00e9vision, et cette option ne serait autoris\u00e9e que lorsque le syst\u00e8me de conduite autonome sera enclench\u00e9. Cependant, l&rsquo;usage du t\u00e9l\u00e9phone au volant restera interdit, consid\u00e9r\u00e9 plus distrayant et donc plus dangereux.<\/p>\n<h2>La 5G dans les voitures autonomes ?<\/h2>\n<p>C&rsquo;est autour de cette th\u00e9matique, entre autres, que va s&rsquo;articuler le programme 5G Open Road. Il a pour objectif de d\u00e9montrer les usages de la 5G qui permettront de justifier son d\u00e9ploiement. Le projet s&rsquo;\u00e9tendra sur 3 ans, avec un budget de 90 millions d&rsquo;euros et des partenaires importants y participent : Bouygues Telecom, Nokia, Renault, Valeo, PFA\u2026 etc.<\/p>\n<p><strong>Cet article vous a int\u00e9ress\u00e9 ? N&rsquo;h\u00e9sitez pas \u00e0 commenter et \u00e0 le partager avec vos proches.<\/strong><br \/>\n<strong>ET SURTOUT<\/strong><\/p>\n<p><a href=\"https:\/\/www.facebook.com\/AutoJm25\"><img loading=\"lazy\" decoding=\"async\" class=\"\" src=\"https:\/\/www.autojm.fr\/blog\/assets\/kcfinder\/upload\/images\/facebook.png\" alt=\"Facebook AutoJM\" width=\"97\" height=\"97\" \/><\/a><a href=\"https:\/\/www.instagram.com\/autojm\"><img loading=\"lazy\" decoding=\"async\" class=\"\" src=\"https:\/\/www.autojm.fr\/blog\/assets\/kcfinder\/upload\/images\/instagram.png\" alt=\"Facebook Instagram\" width=\"99\" height=\"99\" \/><\/a><a href=\"https:\/\/www.youtube.com\/user\/AutomobilesJM\"><img loading=\"lazy\" decoding=\"async\" class=\"\" src=\"https:\/\/www.autojm.fr\/blog\/assets\/kcfinder\/upload\/images\/youtube.png\" alt=\"Facebook Youtube\" width=\"103\" height=\"103\" \/><\/a><a href=\"https:\/\/www.linkedin.com\/company\/autojm\"><img loading=\"lazy\" decoding=\"async\" class=\"\" src=\"https:\/\/www.autojm.fr\/blog\/assets\/kcfinder\/upload\/images\/linkedin.png\" alt=\"Facebook LinkedIN\" width=\"104\" height=\"104\" \/><\/a><\/p>\n<p style=\"margin-top: 1.75em; margin-bottom: 1.75em; font-size: 0.813em; line-height: 1.5em; color: #666666; font-family: Arial, Helvetica, sans-serif;\">\n","protected":false},"excerpt":{"rendered":"<p>La voiture autonome semble mettre plus de temps que pr\u00e9vu \u00e0 arriver sur les routes. En effet, pour devenir accessible, elle se doit d&rsquo;\u00eatre irr\u00e9prochable en mati\u00e8re de s\u00e9curit\u00e9, et il est co\u00fbteux de fabriquer un v\u00e9hicule capable \u00e0 lui seul de respecter les vitesses, prendre les intersections, actionner un clignotant, etc.<\/p>\n","protected":false},"author":1,"featured_media":6000,"comment_status":"open","ping_status":"open","sticky":false,"template":"","format":"standard","meta":{"_acf_changed":false,"content-type":"","footnotes":""},"categories":[5],"tags":[90,79,74,105,108,107,73,78,96],"class_list":["post-3942","post","type-post","status-publish","format-standard","has-post-thumbnail","hentry","category-actualite-automobile","tag-autojm","tag-citroen","tag-dacia","tag-ds","tag-nissan","tag-opel","tag-peugeot","tag-renault","tag-volkswagen"],"acf":[],"yoast_head":"<!-- This site is optimized with the Yoast SEO plugin v27.5 - https:\/\/yoast.com\/product\/yoast-seo-wordpress\/ -->\n<title>O\u00f9 en est la voiture autonome ? - AutoJM Mag<\/title>\n<meta name=\"description\" content=\"La voiture autonome semble mettre plus de temps que pr\u00e9vu \u00e0 arriver sur les routes. En effet, pour devenir accessible, elle se doit...\" \/>\n<meta name=\"robots\" content=\"index, follow, max-snippet:-1, max-image-preview:large, max-video-preview:-1\" \/>\n<link rel=\"canonical\" href=\"https:\/\/www.autojm.fr\/blog\/ou-en-est-la-voiture-autonome\/\" \/>\n<meta property=\"og:locale\" content=\"fr_FR\" \/>\n<meta property=\"og:type\" content=\"article\" \/>\n<meta property=\"og:title\" content=\"O\u00f9 en est la voiture autonome ? - AutoJM Mag\" \/>\n<meta property=\"og:description\" content=\"La voiture autonome semble mettre plus de temps que pr\u00e9vu \u00e0 arriver sur les routes. En effet, pour devenir accessible, elle se doit...\" \/>\n<meta property=\"og:url\" content=\"https:\/\/www.autojm.fr\/blog\/ou-en-est-la-voiture-autonome\/\" \/>\n<meta property=\"og:site_name\" content=\"AutoJM Mag\" \/>\n<meta property=\"article:publisher\" content=\"https:\/\/www.facebook.com\/AutoJM25\" \/>\n<meta property=\"article:published_time\" content=\"2022-04-28T00:00:00+00:00\" \/>\n<meta property=\"article:modified_time\" content=\"2023-04-17T14:28:23+00:00\" \/>\n<meta property=\"og:image\" content=\"https:\/\/www.autojm.fr\/blog\/wp-content\/uploads\/2022\/10\/674.jpg\" \/>\n\t<meta property=\"og:image:width\" content=\"1024\" \/>\n\t<meta property=\"og:image:height\" content=\"465\" \/>\n\t<meta property=\"og:image:type\" content=\"image\/jpeg\" \/>\n<meta name=\"author\" content=\"Autojm\" \/>\n<meta name=\"twitter:card\" content=\"summary_large_image\" \/>\n<meta name=\"twitter:label1\" content=\"\u00c9crit par\" \/>\n\t<meta name=\"twitter:data1\" content=\"Autojm\" \/>\n\t<meta name=\"twitter:label2\" content=\"Dur\u00e9e de lecture estim\u00e9e\" \/>\n\t<meta name=\"twitter:data2\" content=\"4 minutes\" \/>\n<script type=\"application\/ld+json\" class=\"yoast-schema-graph\">{\"@context\":\"https:\\\/\\\/schema.org\",\"@graph\":[{\"@type\":\"Article\",\"@id\":\"https:\\\/\\\/www.autojm.fr\\\/blog\\\/ou-en-est-la-voiture-autonome\\\/#article\",\"isPartOf\":{\"@id\":\"https:\\\/\\\/www.autojm.fr\\\/blog\\\/ou-en-est-la-voiture-autonome\\\/\"},\"author\":{\"name\":\"Autojm\",\"@id\":\"https:\\\/\\\/www.autojm.fr\\\/blog\\\/#\\\/schema\\\/person\\\/9742bc77541853e0de81fc57f947e1a0\"},\"headline\":\"O\u00f9 en est la voiture autonome ?\",\"datePublished\":\"2022-04-28T00:00:00+00:00\",\"dateModified\":\"2023-04-17T14:28:23+00:00\",\"mainEntityOfPage\":{\"@id\":\"https:\\\/\\\/www.autojm.fr\\\/blog\\\/ou-en-est-la-voiture-autonome\\\/\"},\"wordCount\":549,\"commentCount\":0,\"publisher\":{\"@id\":\"https:\\\/\\\/www.autojm.fr\\\/blog\\\/#organization\"},\"image\":{\"@id\":\"https:\\\/\\\/www.autojm.fr\\\/blog\\\/ou-en-est-la-voiture-autonome\\\/#primaryimage\"},\"thumbnailUrl\":\"https:\\\/\\\/www.autojm.fr\\\/blog\\\/wp-content\\\/uploads\\\/2022\\\/10\\\/674.jpg\",\"keywords\":[\"autojm\",\"citroen\",\"dacia\",\"DS\",\"Nissan\",\"Opel\",\"peugeot\",\"renault\",\"Volkswagen\"],\"articleSection\":[\"Actualit\u00e9 Automobile\"],\"inLanguage\":\"fr-FR\",\"potentialAction\":[{\"@type\":\"CommentAction\",\"name\":\"Comment\",\"target\":[\"https:\\\/\\\/www.autojm.fr\\\/blog\\\/ou-en-est-la-voiture-autonome\\\/#respond\"]}]},{\"@type\":\"WebPage\",\"@id\":\"https:\\\/\\\/www.autojm.fr\\\/blog\\\/ou-en-est-la-voiture-autonome\\\/\",\"url\":\"https:\\\/\\\/www.autojm.fr\\\/blog\\\/ou-en-est-la-voiture-autonome\\\/\",\"name\":\"O\u00f9 en est la voiture autonome ? - AutoJM Mag\",\"isPartOf\":{\"@id\":\"https:\\\/\\\/www.autojm.fr\\\/blog\\\/#website\"},\"primaryImageOfPage\":{\"@id\":\"https:\\\/\\\/www.autojm.fr\\\/blog\\\/ou-en-est-la-voiture-autonome\\\/#primaryimage\"},\"image\":{\"@id\":\"https:\\\/\\\/www.autojm.fr\\\/blog\\\/ou-en-est-la-voiture-autonome\\\/#primaryimage\"},\"thumbnailUrl\":\"https:\\\/\\\/www.autojm.fr\\\/blog\\\/wp-content\\\/uploads\\\/2022\\\/10\\\/674.jpg\",\"datePublished\":\"2022-04-28T00:00:00+00:00\",\"dateModified\":\"2023-04-17T14:28:23+00:00\",\"description\":\"La voiture autonome semble mettre plus de temps que pr\u00e9vu \u00e0 arriver sur les routes. En effet, pour devenir accessible, elle se doit...\",\"breadcrumb\":{\"@id\":\"https:\\\/\\\/www.autojm.fr\\\/blog\\\/ou-en-est-la-voiture-autonome\\\/#breadcrumb\"},\"inLanguage\":\"fr-FR\",\"potentialAction\":[{\"@type\":\"ReadAction\",\"target\":[\"https:\\\/\\\/www.autojm.fr\\\/blog\\\/ou-en-est-la-voiture-autonome\\\/\"]}]},{\"@type\":\"ImageObject\",\"inLanguage\":\"fr-FR\",\"@id\":\"https:\\\/\\\/www.autojm.fr\\\/blog\\\/ou-en-est-la-voiture-autonome\\\/#primaryimage\",\"url\":\"https:\\\/\\\/www.autojm.fr\\\/blog\\\/wp-content\\\/uploads\\\/2022\\\/10\\\/674.jpg\",\"contentUrl\":\"https:\\\/\\\/www.autojm.fr\\\/blog\\\/wp-content\\\/uploads\\\/2022\\\/10\\\/674.jpg\",\"width\":1024,\"height\":465,\"caption\":\"Voiture autonome\"},{\"@type\":\"BreadcrumbList\",\"@id\":\"https:\\\/\\\/www.autojm.fr\\\/blog\\\/ou-en-est-la-voiture-autonome\\\/#breadcrumb\",\"itemListElement\":[{\"@type\":\"ListItem\",\"position\":1,\"name\":\"Accueil\",\"item\":\"https:\\\/\\\/www.autojm.fr\\\/blog\\\/\"},{\"@type\":\"ListItem\",\"position\":2,\"name\":\"Actualit\u00e9 Automobile\",\"item\":\"https:\\\/\\\/www.autojm.fr\\\/blog\\\/actualite-automobile\\\/\"},{\"@type\":\"ListItem\",\"position\":3,\"name\":\"O\u00f9 en est la voiture autonome ?\"}]},{\"@type\":\"WebSite\",\"@id\":\"https:\\\/\\\/www.autojm.fr\\\/blog\\\/#website\",\"url\":\"https:\\\/\\\/www.autojm.fr\\\/blog\\\/\",\"name\":\"AutoJM Mag\",\"description\":\"Toute l&#039;actu auto en 1 clic !\",\"publisher\":{\"@id\":\"https:\\\/\\\/www.autojm.fr\\\/blog\\\/#organization\"},\"potentialAction\":[{\"@type\":\"SearchAction\",\"target\":{\"@type\":\"EntryPoint\",\"urlTemplate\":\"https:\\\/\\\/www.autojm.fr\\\/blog\\\/?s={search_term_string}\"},\"query-input\":{\"@type\":\"PropertyValueSpecification\",\"valueRequired\":true,\"valueName\":\"search_term_string\"}}],\"inLanguage\":\"fr-FR\"},{\"@type\":\"Organization\",\"@id\":\"https:\\\/\\\/www.autojm.fr\\\/blog\\\/#organization\",\"name\":\"AutoJM Mag\",\"url\":\"https:\\\/\\\/www.autojm.fr\\\/blog\\\/\",\"logo\":{\"@type\":\"ImageObject\",\"inLanguage\":\"fr-FR\",\"@id\":\"https:\\\/\\\/www.autojm.fr\\\/blog\\\/#\\\/schema\\\/logo\\\/image\\\/\",\"url\":\"https:\\\/\\\/www.autojm.fr\\\/blog\\\/wp-content\\\/uploads\\\/2022\\\/12\\\/cropped-AutoJMag-png.png\",\"contentUrl\":\"https:\\\/\\\/www.autojm.fr\\\/blog\\\/wp-content\\\/uploads\\\/2022\\\/12\\\/cropped-AutoJMag-png.png\",\"width\":2834,\"height\":585,\"caption\":\"AutoJM Mag\"},\"image\":{\"@id\":\"https:\\\/\\\/www.autojm.fr\\\/blog\\\/#\\\/schema\\\/logo\\\/image\\\/\"},\"sameAs\":[\"https:\\\/\\\/www.facebook.com\\\/AutoJM25\"]},{\"@type\":\"Person\",\"@id\":\"https:\\\/\\\/www.autojm.fr\\\/blog\\\/#\\\/schema\\\/person\\\/9742bc77541853e0de81fc57f947e1a0\",\"name\":\"Autojm\",\"image\":{\"@type\":\"ImageObject\",\"inLanguage\":\"fr-FR\",\"@id\":\"https:\\\/\\\/secure.gravatar.com\\\/avatar\\\/9a959d52b758fcc232fe4b6aca7bab139182573297122cce7d6f2ee0e537b418?s=96&d=mm&r=g\",\"url\":\"https:\\\/\\\/secure.gravatar.com\\\/avatar\\\/9a959d52b758fcc232fe4b6aca7bab139182573297122cce7d6f2ee0e537b418?s=96&d=mm&r=g\",\"contentUrl\":\"https:\\\/\\\/secure.gravatar.com\\\/avatar\\\/9a959d52b758fcc232fe4b6aca7bab139182573297122cce7d6f2ee0e537b418?s=96&d=mm&r=g\",\"caption\":\"Autojm\"},\"sameAs\":[\"https:\\\/\\\/www.autojm.fr\\\/blog\"],\"url\":\"https:\\\/\\\/www.autojm.fr\\\/blog\\\/author\\\/bichoi\\\/\"}]}<\/script>\n<!-- \/ Yoast SEO plugin. -->","yoast_head_json":{"title":"O\u00f9 en est la voiture autonome ? - AutoJM Mag","description":"La voiture autonome semble mettre plus de temps que pr\u00e9vu \u00e0 arriver sur les routes. En effet, pour devenir accessible, elle se doit...","robots":{"index":"index","follow":"follow","max-snippet":"max-snippet:-1","max-image-preview":"max-image-preview:large","max-video-preview":"max-video-preview:-1"},"canonical":"https:\/\/www.autojm.fr\/blog\/ou-en-est-la-voiture-autonome\/","og_locale":"fr_FR","og_type":"article","og_title":"O\u00f9 en est la voiture autonome ? - AutoJM Mag","og_description":"La voiture autonome semble mettre plus de temps que pr\u00e9vu \u00e0 arriver sur les routes. En effet, pour devenir accessible, elle se doit...","og_url":"https:\/\/www.autojm.fr\/blog\/ou-en-est-la-voiture-autonome\/","og_site_name":"AutoJM Mag","article_publisher":"https:\/\/www.facebook.com\/AutoJM25","article_published_time":"2022-04-28T00:00:00+00:00","article_modified_time":"2023-04-17T14:28:23+00:00","og_image":[{"width":1024,"height":465,"url":"https:\/\/www.autojm.fr\/blog\/wp-content\/uploads\/2022\/10\/674.jpg","type":"image\/jpeg"}],"author":"Autojm","twitter_card":"summary_large_image","twitter_misc":{"\u00c9crit par":"Autojm","Dur\u00e9e de lecture estim\u00e9e":"4 minutes"},"schema":{"@context":"https:\/\/schema.org","@graph":[{"@type":"Article","@id":"https:\/\/www.autojm.fr\/blog\/ou-en-est-la-voiture-autonome\/#article","isPartOf":{"@id":"https:\/\/www.autojm.fr\/blog\/ou-en-est-la-voiture-autonome\/"},"author":{"name":"Autojm","@id":"https:\/\/www.autojm.fr\/blog\/#\/schema\/person\/9742bc77541853e0de81fc57f947e1a0"},"headline":"O\u00f9 en est la voiture autonome ?","datePublished":"2022-04-28T00:00:00+00:00","dateModified":"2023-04-17T14:28:23+00:00","mainEntityOfPage":{"@id":"https:\/\/www.autojm.fr\/blog\/ou-en-est-la-voiture-autonome\/"},"wordCount":549,"commentCount":0,"publisher":{"@id":"https:\/\/www.autojm.fr\/blog\/#organization"},"image":{"@id":"https:\/\/www.autojm.fr\/blog\/ou-en-est-la-voiture-autonome\/#primaryimage"},"thumbnailUrl":"https:\/\/www.autojm.fr\/blog\/wp-content\/uploads\/2022\/10\/674.jpg","keywords":["autojm","citroen","dacia","DS","Nissan","Opel","peugeot","renault","Volkswagen"],"articleSection":["Actualit\u00e9 Automobile"],"inLanguage":"fr-FR","potentialAction":[{"@type":"CommentAction","name":"Comment","target":["https:\/\/www.autojm.fr\/blog\/ou-en-est-la-voiture-autonome\/#respond"]}]},{"@type":"WebPage","@id":"https:\/\/www.autojm.fr\/blog\/ou-en-est-la-voiture-autonome\/","url":"https:\/\/www.autojm.fr\/blog\/ou-en-est-la-voiture-autonome\/","name":"O\u00f9 en est la voiture autonome ? - AutoJM Mag","isPartOf":{"@id":"https:\/\/www.autojm.fr\/blog\/#website"},"primaryImageOfPage":{"@id":"https:\/\/www.autojm.fr\/blog\/ou-en-est-la-voiture-autonome\/#primaryimage"},"image":{"@id":"https:\/\/www.autojm.fr\/blog\/ou-en-est-la-voiture-autonome\/#primaryimage"},"thumbnailUrl":"https:\/\/www.autojm.fr\/blog\/wp-content\/uploads\/2022\/10\/674.jpg","datePublished":"2022-04-28T00:00:00+00:00","dateModified":"2023-04-17T14:28:23+00:00","description":"La voiture autonome semble mettre plus de temps que pr\u00e9vu \u00e0 arriver sur les routes. En effet, pour devenir accessible, elle se doit...","breadcrumb":{"@id":"https:\/\/www.autojm.fr\/blog\/ou-en-est-la-voiture-autonome\/#breadcrumb"},"inLanguage":"fr-FR","potentialAction":[{"@type":"ReadAction","target":["https:\/\/www.autojm.fr\/blog\/ou-en-est-la-voiture-autonome\/"]}]},{"@type":"ImageObject","inLanguage":"fr-FR","@id":"https:\/\/www.autojm.fr\/blog\/ou-en-est-la-voiture-autonome\/#primaryimage","url":"https:\/\/www.autojm.fr\/blog\/wp-content\/uploads\/2022\/10\/674.jpg","contentUrl":"https:\/\/www.autojm.fr\/blog\/wp-content\/uploads\/2022\/10\/674.jpg","width":1024,"height":465,"caption":"Voiture autonome"},{"@type":"BreadcrumbList","@id":"https:\/\/www.autojm.fr\/blog\/ou-en-est-la-voiture-autonome\/#breadcrumb","itemListElement":[{"@type":"ListItem","position":1,"name":"Accueil","item":"https:\/\/www.autojm.fr\/blog\/"},{"@type":"ListItem","position":2,"name":"Actualit\u00e9 Automobile","item":"https:\/\/www.autojm.fr\/blog\/actualite-automobile\/"},{"@type":"ListItem","position":3,"name":"O\u00f9 en est la voiture autonome ?"}]},{"@type":"WebSite","@id":"https:\/\/www.autojm.fr\/blog\/#website","url":"https:\/\/www.autojm.fr\/blog\/","name":"AutoJM Mag","description":"Toute l&#039;actu auto en 1 clic !","publisher":{"@id":"https:\/\/www.autojm.fr\/blog\/#organization"},"potentialAction":[{"@type":"SearchAction","target":{"@type":"EntryPoint","urlTemplate":"https:\/\/www.autojm.fr\/blog\/?s={search_term_string}"},"query-input":{"@type":"PropertyValueSpecification","valueRequired":true,"valueName":"search_term_string"}}],"inLanguage":"fr-FR"},{"@type":"Organization","@id":"https:\/\/www.autojm.fr\/blog\/#organization","name":"AutoJM Mag","url":"https:\/\/www.autojm.fr\/blog\/","logo":{"@type":"ImageObject","inLanguage":"fr-FR","@id":"https:\/\/www.autojm.fr\/blog\/#\/schema\/logo\/image\/","url":"https:\/\/www.autojm.fr\/blog\/wp-content\/uploads\/2022\/12\/cropped-AutoJMag-png.png","contentUrl":"https:\/\/www.autojm.fr\/blog\/wp-content\/uploads\/2022\/12\/cropped-AutoJMag-png.png","width":2834,"height":585,"caption":"AutoJM Mag"},"image":{"@id":"https:\/\/www.autojm.fr\/blog\/#\/schema\/logo\/image\/"},"sameAs":["https:\/\/www.facebook.com\/AutoJM25"]},{"@type":"Person","@id":"https:\/\/www.autojm.fr\/blog\/#\/schema\/person\/9742bc77541853e0de81fc57f947e1a0","name":"Autojm","image":{"@type":"ImageObject","inLanguage":"fr-FR","@id":"https:\/\/secure.gravatar.com\/avatar\/9a959d52b758fcc232fe4b6aca7bab139182573297122cce7d6f2ee0e537b418?s=96&d=mm&r=g","url":"https:\/\/secure.gravatar.com\/avatar\/9a959d52b758fcc232fe4b6aca7bab139182573297122cce7d6f2ee0e537b418?s=96&d=mm&r=g","contentUrl":"https:\/\/secure.gravatar.com\/avatar\/9a959d52b758fcc232fe4b6aca7bab139182573297122cce7d6f2ee0e537b418?s=96&d=mm&r=g","caption":"Autojm"},"sameAs":["https:\/\/www.autojm.fr\/blog"],"url":"https:\/\/www.autojm.fr\/blog\/author\/bichoi\/"}]}},"_links":{"self":[{"href":"https:\/\/www.autojm.fr\/blog\/wp-json\/wp\/v2\/posts\/3942","targetHints":{"allow":["GET"]}}],"collection":[{"href":"https:\/\/www.autojm.fr\/blog\/wp-json\/wp\/v2\/posts"}],"about":[{"href":"https:\/\/www.autojm.fr\/blog\/wp-json\/wp\/v2\/types\/post"}],"author":[{"embeddable":true,"href":"https:\/\/www.autojm.fr\/blog\/wp-json\/wp\/v2\/users\/1"}],"replies":[{"embeddable":true,"href":"https:\/\/www.autojm.fr\/blog\/wp-json\/wp\/v2\/comments?post=3942"}],"version-history":[{"count":6,"href":"https:\/\/www.autojm.fr\/blog\/wp-json\/wp\/v2\/posts\/3942\/revisions"}],"predecessor-version":[{"id":9156,"href":"https:\/\/www.autojm.fr\/blog\/wp-json\/wp\/v2\/posts\/3942\/revisions\/9156"}],"wp:featuredmedia":[{"embeddable":true,"href":"https:\/\/www.autojm.fr\/blog\/wp-json\/wp\/v2\/media\/6000"}],"wp:attachment":[{"href":"https:\/\/www.autojm.fr\/blog\/wp-json\/wp\/v2\/media?parent=3942"}],"wp:term":[{"taxonomy":"category","embeddable":true,"href":"https:\/\/www.autojm.fr\/blog\/wp-json\/wp\/v2\/categories?post=3942"},{"taxonomy":"post_tag","embeddable":true,"href":"https:\/\/www.autojm.fr\/blog\/wp-json\/wp\/v2\/tags?post=3942"}],"curies":[{"name":"wp","href":"https:\/\/api.w.org\/{rel}","templated":true}]}}