{"id":3941,"date":"2022-04-22T00:00:00","date_gmt":"2022-04-22T00:00:00","guid":{"rendered":"https:\/\/www.autojm.fr\/blog\/automobile-le-marche-europeen-en-grande-difficulte\/"},"modified":"2022-12-13T09:16:58","modified_gmt":"2022-12-13T09:16:58","slug":"automobile-le-marche-europeen-en-grande-difficulte","status":"publish","type":"post","link":"https:\/\/www.autojm.fr\/blog\/automobile-le-marche-europeen-en-grande-difficulte\/","title":{"rendered":"Automobile : le march\u00e9 europ\u00e9en en grande difficult\u00e9"},"content":{"rendered":"<p>Le march\u00e9 de l&rsquo;automobile ne cesse de voir des obstacles sur son chemin. Apr\u00e8s la crise sanitaire et la p\u00e9nurie de semi-conducteurs, c&rsquo;est maintenant la guerre en Ukraine qui affaiblit les ventes, avec des usines de sous-traitance \u00e0 l&rsquo;arr\u00eat, ce qui met encore plus les constructeurs automobiles en difficult\u00e9. 844 187 voitures ont \u00e9t\u00e9 immatricul\u00e9es au mois de mars, soit 20,5% de moins qu&rsquo;en mars 2021.<\/p>\n<h2>Les principaux march\u00e9s auto d&rsquo;Europe sont affaiblis<\/h2>\n<p>Avec un apport moins cons\u00e9quent au niveau des pi\u00e8ces, les v\u00e9hicules peinent \u00e0 passer en production et les d\u00e9lais de livraison s&rsquo;allongent, au d\u00e9triment des clients impatients qui attendent leur v\u00e9hicule depuis plusieurs mois d\u00e9j\u00e0. Les pays Europ\u00e9ens sont tous concern\u00e9s par les probl\u00e9matiques actuelles du march\u00e9 automobile, en t\u00e9moignent les chiffres de ce mois de mars 2022 : -19,5% d&rsquo;immatriculation pour la France, -17,5% pour l&rsquo;Allemagne, -30,2% pour l&rsquo;Espagne, -29,7% pour l&rsquo;Italie, 38,4% pour le Danemark, -39,5% pour la Su\u00e8de. Le Royaume-Uni, qui est l&rsquo;un des principaux march\u00e9s automobile d&rsquo;Europe, est \u00e0 -14,3%.<\/p>\n<h2>Les constructeurs automobiles voient rouge<\/h2>\n<h3>Une majorit\u00e9 de malchanceux, une minorit\u00e9 de miraculeux<\/h3>\n<p>Et la baisse se confirme chez une majorit\u00e9 de marques automobiles : Hyundai avec -1,6%, <strong><a href=\"https:\/\/www.autojm.fr\/mandataire-voitures-neuves-renault?part=blog&amp;utm_source=articleblog220422&amp;utm_medium=blog\">Renault<\/a><\/strong> avec -26,9%, <strong><a href=\"https:\/\/www.autojm.fr\/mandataire-voitures-neuves-citroen?part=blog&amp;utm_source=articleblog220422&amp;utm_medium=blog\">Citro\u00ebn<\/a><\/strong> avec -30,5%, Volvo avec -34,2%, Jeep avec -36,2%, Audi avec -10%, Peugeot avec -31,3%, <strong><a href=\"https:\/\/www.autojm.fr\/achat-voitures-neuves-opel-nouvelle-corsa-5p?part=blog&amp;utm_source=articleblog220422&amp;utm_medium=blog\">Opel<\/a><\/strong> avec -28,7% ou encore Fiat avec -32,8%. On note quand m\u00eame la progression de quelques chanceux dont <strong><a href=\"https:\/\/www.autojm.fr\/mandataire-voitures-neuves-kia?part=blog&amp;utm_source=articleblog220422&amp;utm_medium=blog\">Kia<\/a><\/strong>, qui augmente ses ventes de 21,6%, Dacia de 17,9% et Honda de 7,2%.<\/p>\n<p><iframe loading=\"lazy\" title=\"YouTube video player\" src=\"https:\/\/www.youtube.com\/embed\/Us2tv4ikoW4\" width=\"100%\" height=\"315\" allowfullscreen=\"allowfullscreen\"><\/iframe><\/p>\n<h3>Volkswagen num\u00e9ro 1 en Europe<\/h3>\n<p>En termes de chiffres, c&rsquo;est Volkswagen qui est en t\u00eate de liste avec 103 180 immatriculations, suivi par Toyota et ses 69 827 immatriculations, et Audi et ses 65 247 immatriculations. Dans la suite du classement, on retrouve Mercedes-Benz avec 65 486 immatriculations et BMW avec 64 158 immatriculations.<\/p>\n<h2>Quelles cons\u00e9quences \u00e0 la p\u00e9nurie des semi-conducteurs ?<\/h2>\n<p>La p\u00e9nurie de semi-conducteurs pourrait perdurer jusqu&rsquo;\u00e0 la fin de l&rsquo;ann\u00e9e 2022. Une probl\u00e9matique lourde de cons\u00e9quence avec un effet boule de neige : les usines ne peuvent plus s&rsquo;approvisionner en quantit\u00e9 suffisante et voient donc la production ralentir fortement. D&rsquo;un c\u00f4t\u00e9, les v\u00e9hicules command\u00e9s mettent plus longtemps \u00e0 \u00eatre livr\u00e9s, de l&rsquo;autre, les emplois sont menac\u00e9s par la r\u00e9duction de la charge de travail. Du c\u00f4t\u00e9 des ventes automobiles, les retards de livraison entra\u00eenent un m\u00e9contentement g\u00e9n\u00e9ral chez les clients qui ont command\u00e9 leur v\u00e9hicule, et dissuadent les potentiels acheteurs qui voient les d\u00e9lais de livraison s&rsquo;allonger.<\/p>\n<p><iframe loading=\"lazy\" title=\"YouTube video player\" src=\"https:\/\/www.youtube.com\/embed\/LcjWiwVdhEs\" width=\"100%\" height=\"315\" allowfullscreen=\"allowfullscreen\"><\/iframe><\/p>\n<p>Tant que les semi-conducteurs ne seront pas \u00e0 nouveau livr\u00e9s en quantit\u00e9 suffisante et que les usines de sous-traitance en Ukraine seront \u00e0 l&rsquo;arr\u00eat, la vente automobile ne pourra reprendre sa dynamique de 2019, avant le d\u00e9but de la crise sanitaire. Et avec des ventes automobiles en baisse constante, le march\u00e9 automobile pourrait \u00eatre s\u00e9rieusement menac\u00e9 si les probl\u00e9matiques actuelles ne disparaissent pas.<\/p>\n<p style=\"margin-top: 1.75em; margin-bottom: 1.75em; font-size: 0.813em; line-height: 1.5em; color: #666666; font-family: Arial, Helvetica, sans-serif;\"><br style=\"font-size: 13.008px;\" \/><span style=\"font-variant-numeric: normal; font-variant-east-asian: normal; background-color: transparent; text-align: justify; color: #000000; font-family: Arial; font-size: 14.66px; vertical-align: baseline; white-space: pre-wrap;\"><\/span><\/span><\/p>\n","protected":false},"excerpt":{"rendered":"<p>Le march\u00e9 de l&rsquo;automobile ne cesse de voir des obstacles sur son chemin. Apr\u00e8s la crise sanitaire et la p\u00e9nurie de semi-conducteurs, c&rsquo;est maintenant la guerre en Ukraine qui affaiblit les ventes, avec des usines de sous-traitance \u00e0 l&rsquo;arr\u00eat, ce qui met encore plus les constructeurs automobiles en difficult\u00e9.<\/p>\n","protected":false},"author":1,"featured_media":5999,"comment_status":"open","ping_status":"open","sticky":false,"template":"","format":"standard","meta":{"_acf_changed":false,"content-type":"","footnotes":""},"categories":[5],"tags":[90,79,74,105,108,107,73,78,96],"class_list":["post-3941","post","type-post","status-publish","format-standard","has-post-thumbnail","hentry","category-actualite-automobile","tag-autojm","tag-citroen","tag-dacia","tag-ds","tag-nissan","tag-opel","tag-peugeot","tag-renault","tag-volkswagen"],"acf":[],"yoast_head":"<!-- This site is optimized with the Yoast SEO plugin v27.5 - https:\/\/yoast.com\/product\/yoast-seo-wordpress\/ -->\n<title>Automobile : le march\u00e9 europ\u00e9en en grande difficult\u00e9 - AutoJM Mag<\/title>\n<meta name=\"description\" content=\"Le march\u00e9 de l&#039;automobile ne cesse de voir des obstacles sur son chemin. Apr\u00e8s la crise sanitaire et la p\u00e9nurie de semi-conducteurs...\" \/>\n<meta name=\"robots\" content=\"index, follow, max-snippet:-1, max-image-preview:large, max-video-preview:-1\" \/>\n<link rel=\"canonical\" href=\"https:\/\/www.autojm.fr\/blog\/automobile-le-marche-europeen-en-grande-difficulte\/\" \/>\n<meta property=\"og:locale\" content=\"fr_FR\" \/>\n<meta property=\"og:type\" content=\"article\" \/>\n<meta property=\"og:title\" content=\"Automobile : le march\u00e9 europ\u00e9en en grande difficult\u00e9 - AutoJM Mag\" \/>\n<meta property=\"og:description\" content=\"Le march\u00e9 de l&#039;automobile ne cesse de voir des obstacles sur son chemin. Apr\u00e8s la crise sanitaire et la p\u00e9nurie de semi-conducteurs...\" \/>\n<meta property=\"og:url\" content=\"https:\/\/www.autojm.fr\/blog\/automobile-le-marche-europeen-en-grande-difficulte\/\" \/>\n<meta property=\"og:site_name\" content=\"AutoJM Mag\" \/>\n<meta property=\"article:publisher\" content=\"https:\/\/www.facebook.com\/AutoJM25\" \/>\n<meta property=\"article:published_time\" content=\"2022-04-22T00:00:00+00:00\" \/>\n<meta property=\"article:modified_time\" content=\"2022-12-13T09:16:58+00:00\" \/>\n<meta property=\"og:image\" content=\"https:\/\/www.autojm.fr\/blog\/wp-content\/uploads\/2022\/10\/673.jpg\" \/>\n\t<meta property=\"og:image:width\" content=\"1024\" \/>\n\t<meta property=\"og:image:height\" content=\"465\" \/>\n\t<meta property=\"og:image:type\" content=\"image\/jpeg\" \/>\n<meta name=\"author\" content=\"Autojm\" \/>\n<meta name=\"twitter:card\" content=\"summary_large_image\" \/>\n<meta name=\"twitter:label1\" content=\"\u00c9crit par\" \/>\n\t<meta name=\"twitter:data1\" content=\"Autojm\" \/>\n\t<meta name=\"twitter:label2\" content=\"Dur\u00e9e de lecture estim\u00e9e\" \/>\n\t<meta name=\"twitter:data2\" content=\"4 minutes\" \/>\n<script type=\"application\/ld+json\" class=\"yoast-schema-graph\">{\"@context\":\"https:\\\/\\\/schema.org\",\"@graph\":[{\"@type\":\"Article\",\"@id\":\"https:\\\/\\\/www.autojm.fr\\\/blog\\\/automobile-le-marche-europeen-en-grande-difficulte\\\/#article\",\"isPartOf\":{\"@id\":\"https:\\\/\\\/www.autojm.fr\\\/blog\\\/automobile-le-marche-europeen-en-grande-difficulte\\\/\"},\"author\":{\"name\":\"Autojm\",\"@id\":\"https:\\\/\\\/www.autojm.fr\\\/blog\\\/#\\\/schema\\\/person\\\/9742bc77541853e0de81fc57f947e1a0\"},\"headline\":\"Automobile : le march\u00e9 europ\u00e9en en grande difficult\u00e9\",\"datePublished\":\"2022-04-22T00:00:00+00:00\",\"dateModified\":\"2022-12-13T09:16:58+00:00\",\"mainEntityOfPage\":{\"@id\":\"https:\\\/\\\/www.autojm.fr\\\/blog\\\/automobile-le-marche-europeen-en-grande-difficulte\\\/\"},\"wordCount\":489,\"commentCount\":0,\"publisher\":{\"@id\":\"https:\\\/\\\/www.autojm.fr\\\/blog\\\/#organization\"},\"image\":{\"@id\":\"https:\\\/\\\/www.autojm.fr\\\/blog\\\/automobile-le-marche-europeen-en-grande-difficulte\\\/#primaryimage\"},\"thumbnailUrl\":\"https:\\\/\\\/www.autojm.fr\\\/blog\\\/wp-content\\\/uploads\\\/2022\\\/10\\\/673.jpg\",\"keywords\":[\"autojm\",\"citroen\",\"dacia\",\"DS\",\"Nissan\",\"Opel\",\"peugeot\",\"renault\",\"Volkswagen\"],\"articleSection\":[\"Actualit\u00e9 Automobile\"],\"inLanguage\":\"fr-FR\",\"potentialAction\":[{\"@type\":\"CommentAction\",\"name\":\"Comment\",\"target\":[\"https:\\\/\\\/www.autojm.fr\\\/blog\\\/automobile-le-marche-europeen-en-grande-difficulte\\\/#respond\"]}]},{\"@type\":\"WebPage\",\"@id\":\"https:\\\/\\\/www.autojm.fr\\\/blog\\\/automobile-le-marche-europeen-en-grande-difficulte\\\/\",\"url\":\"https:\\\/\\\/www.autojm.fr\\\/blog\\\/automobile-le-marche-europeen-en-grande-difficulte\\\/\",\"name\":\"Automobile : le march\u00e9 europ\u00e9en en grande difficult\u00e9 - AutoJM Mag\",\"isPartOf\":{\"@id\":\"https:\\\/\\\/www.autojm.fr\\\/blog\\\/#website\"},\"primaryImageOfPage\":{\"@id\":\"https:\\\/\\\/www.autojm.fr\\\/blog\\\/automobile-le-marche-europeen-en-grande-difficulte\\\/#primaryimage\"},\"image\":{\"@id\":\"https:\\\/\\\/www.autojm.fr\\\/blog\\\/automobile-le-marche-europeen-en-grande-difficulte\\\/#primaryimage\"},\"thumbnailUrl\":\"https:\\\/\\\/www.autojm.fr\\\/blog\\\/wp-content\\\/uploads\\\/2022\\\/10\\\/673.jpg\",\"datePublished\":\"2022-04-22T00:00:00+00:00\",\"dateModified\":\"2022-12-13T09:16:58+00:00\",\"description\":\"Le march\u00e9 de l'automobile ne cesse de voir des obstacles sur son chemin. Apr\u00e8s la crise sanitaire et la p\u00e9nurie de semi-conducteurs...\",\"breadcrumb\":{\"@id\":\"https:\\\/\\\/www.autojm.fr\\\/blog\\\/automobile-le-marche-europeen-en-grande-difficulte\\\/#breadcrumb\"},\"inLanguage\":\"fr-FR\",\"potentialAction\":[{\"@type\":\"ReadAction\",\"target\":[\"https:\\\/\\\/www.autojm.fr\\\/blog\\\/automobile-le-marche-europeen-en-grande-difficulte\\\/\"]}]},{\"@type\":\"ImageObject\",\"inLanguage\":\"fr-FR\",\"@id\":\"https:\\\/\\\/www.autojm.fr\\\/blog\\\/automobile-le-marche-europeen-en-grande-difficulte\\\/#primaryimage\",\"url\":\"https:\\\/\\\/www.autojm.fr\\\/blog\\\/wp-content\\\/uploads\\\/2022\\\/10\\\/673.jpg\",\"contentUrl\":\"https:\\\/\\\/www.autojm.fr\\\/blog\\\/wp-content\\\/uploads\\\/2022\\\/10\\\/673.jpg\",\"width\":1024,\"height\":465,\"caption\":\"March\u00e9 automobile\"},{\"@type\":\"BreadcrumbList\",\"@id\":\"https:\\\/\\\/www.autojm.fr\\\/blog\\\/automobile-le-marche-europeen-en-grande-difficulte\\\/#breadcrumb\",\"itemListElement\":[{\"@type\":\"ListItem\",\"position\":1,\"name\":\"Accueil\",\"item\":\"https:\\\/\\\/www.autojm.fr\\\/blog\\\/\"},{\"@type\":\"ListItem\",\"position\":2,\"name\":\"Actualit\u00e9 Automobile\",\"item\":\"https:\\\/\\\/www.autojm.fr\\\/blog\\\/actualite-automobile\\\/\"},{\"@type\":\"ListItem\",\"position\":3,\"name\":\"Automobile : le march\u00e9 europ\u00e9en en grande difficult\u00e9\"}]},{\"@type\":\"WebSite\",\"@id\":\"https:\\\/\\\/www.autojm.fr\\\/blog\\\/#website\",\"url\":\"https:\\\/\\\/www.autojm.fr\\\/blog\\\/\",\"name\":\"AutoJM Mag\",\"description\":\"Toute l&#039;actu auto en 1 clic !\",\"publisher\":{\"@id\":\"https:\\\/\\\/www.autojm.fr\\\/blog\\\/#organization\"},\"potentialAction\":[{\"@type\":\"SearchAction\",\"target\":{\"@type\":\"EntryPoint\",\"urlTemplate\":\"https:\\\/\\\/www.autojm.fr\\\/blog\\\/?s={search_term_string}\"},\"query-input\":{\"@type\":\"PropertyValueSpecification\",\"valueRequired\":true,\"valueName\":\"search_term_string\"}}],\"inLanguage\":\"fr-FR\"},{\"@type\":\"Organization\",\"@id\":\"https:\\\/\\\/www.autojm.fr\\\/blog\\\/#organization\",\"name\":\"AutoJM Mag\",\"url\":\"https:\\\/\\\/www.autojm.fr\\\/blog\\\/\",\"logo\":{\"@type\":\"ImageObject\",\"inLanguage\":\"fr-FR\",\"@id\":\"https:\\\/\\\/www.autojm.fr\\\/blog\\\/#\\\/schema\\\/logo\\\/image\\\/\",\"url\":\"https:\\\/\\\/www.autojm.fr\\\/blog\\\/wp-content\\\/uploads\\\/2022\\\/12\\\/cropped-AutoJMag-png.png\",\"contentUrl\":\"https:\\\/\\\/www.autojm.fr\\\/blog\\\/wp-content\\\/uploads\\\/2022\\\/12\\\/cropped-AutoJMag-png.png\",\"width\":2834,\"height\":585,\"caption\":\"AutoJM Mag\"},\"image\":{\"@id\":\"https:\\\/\\\/www.autojm.fr\\\/blog\\\/#\\\/schema\\\/logo\\\/image\\\/\"},\"sameAs\":[\"https:\\\/\\\/www.facebook.com\\\/AutoJM25\"]},{\"@type\":\"Person\",\"@id\":\"https:\\\/\\\/www.autojm.fr\\\/blog\\\/#\\\/schema\\\/person\\\/9742bc77541853e0de81fc57f947e1a0\",\"name\":\"Autojm\",\"image\":{\"@type\":\"ImageObject\",\"inLanguage\":\"fr-FR\",\"@id\":\"https:\\\/\\\/secure.gravatar.com\\\/avatar\\\/9a959d52b758fcc232fe4b6aca7bab139182573297122cce7d6f2ee0e537b418?s=96&d=mm&r=g\",\"url\":\"https:\\\/\\\/secure.gravatar.com\\\/avatar\\\/9a959d52b758fcc232fe4b6aca7bab139182573297122cce7d6f2ee0e537b418?s=96&d=mm&r=g\",\"contentUrl\":\"https:\\\/\\\/secure.gravatar.com\\\/avatar\\\/9a959d52b758fcc232fe4b6aca7bab139182573297122cce7d6f2ee0e537b418?s=96&d=mm&r=g\",\"caption\":\"Autojm\"},\"sameAs\":[\"https:\\\/\\\/www.autojm.fr\\\/blog\"],\"url\":\"https:\\\/\\\/www.autojm.fr\\\/blog\\\/author\\\/bichoi\\\/\"}]}<\/script>\n<!-- \/ Yoast SEO plugin. -->","yoast_head_json":{"title":"Automobile : le march\u00e9 europ\u00e9en en grande difficult\u00e9 - AutoJM Mag","description":"Le march\u00e9 de l'automobile ne cesse de voir des obstacles sur son chemin. Apr\u00e8s la crise sanitaire et la p\u00e9nurie de semi-conducteurs...","robots":{"index":"index","follow":"follow","max-snippet":"max-snippet:-1","max-image-preview":"max-image-preview:large","max-video-preview":"max-video-preview:-1"},"canonical":"https:\/\/www.autojm.fr\/blog\/automobile-le-marche-europeen-en-grande-difficulte\/","og_locale":"fr_FR","og_type":"article","og_title":"Automobile : le march\u00e9 europ\u00e9en en grande difficult\u00e9 - AutoJM Mag","og_description":"Le march\u00e9 de l'automobile ne cesse de voir des obstacles sur son chemin. Apr\u00e8s la crise sanitaire et la p\u00e9nurie de semi-conducteurs...","og_url":"https:\/\/www.autojm.fr\/blog\/automobile-le-marche-europeen-en-grande-difficulte\/","og_site_name":"AutoJM Mag","article_publisher":"https:\/\/www.facebook.com\/AutoJM25","article_published_time":"2022-04-22T00:00:00+00:00","article_modified_time":"2022-12-13T09:16:58+00:00","og_image":[{"width":1024,"height":465,"url":"https:\/\/www.autojm.fr\/blog\/wp-content\/uploads\/2022\/10\/673.jpg","type":"image\/jpeg"}],"author":"Autojm","twitter_card":"summary_large_image","twitter_misc":{"\u00c9crit par":"Autojm","Dur\u00e9e de lecture estim\u00e9e":"4 minutes"},"schema":{"@context":"https:\/\/schema.org","@graph":[{"@type":"Article","@id":"https:\/\/www.autojm.fr\/blog\/automobile-le-marche-europeen-en-grande-difficulte\/#article","isPartOf":{"@id":"https:\/\/www.autojm.fr\/blog\/automobile-le-marche-europeen-en-grande-difficulte\/"},"author":{"name":"Autojm","@id":"https:\/\/www.autojm.fr\/blog\/#\/schema\/person\/9742bc77541853e0de81fc57f947e1a0"},"headline":"Automobile : le march\u00e9 europ\u00e9en en grande difficult\u00e9","datePublished":"2022-04-22T00:00:00+00:00","dateModified":"2022-12-13T09:16:58+00:00","mainEntityOfPage":{"@id":"https:\/\/www.autojm.fr\/blog\/automobile-le-marche-europeen-en-grande-difficulte\/"},"wordCount":489,"commentCount":0,"publisher":{"@id":"https:\/\/www.autojm.fr\/blog\/#organization"},"image":{"@id":"https:\/\/www.autojm.fr\/blog\/automobile-le-marche-europeen-en-grande-difficulte\/#primaryimage"},"thumbnailUrl":"https:\/\/www.autojm.fr\/blog\/wp-content\/uploads\/2022\/10\/673.jpg","keywords":["autojm","citroen","dacia","DS","Nissan","Opel","peugeot","renault","Volkswagen"],"articleSection":["Actualit\u00e9 Automobile"],"inLanguage":"fr-FR","potentialAction":[{"@type":"CommentAction","name":"Comment","target":["https:\/\/www.autojm.fr\/blog\/automobile-le-marche-europeen-en-grande-difficulte\/#respond"]}]},{"@type":"WebPage","@id":"https:\/\/www.autojm.fr\/blog\/automobile-le-marche-europeen-en-grande-difficulte\/","url":"https:\/\/www.autojm.fr\/blog\/automobile-le-marche-europeen-en-grande-difficulte\/","name":"Automobile : le march\u00e9 europ\u00e9en en grande difficult\u00e9 - AutoJM Mag","isPartOf":{"@id":"https:\/\/www.autojm.fr\/blog\/#website"},"primaryImageOfPage":{"@id":"https:\/\/www.autojm.fr\/blog\/automobile-le-marche-europeen-en-grande-difficulte\/#primaryimage"},"image":{"@id":"https:\/\/www.autojm.fr\/blog\/automobile-le-marche-europeen-en-grande-difficulte\/#primaryimage"},"thumbnailUrl":"https:\/\/www.autojm.fr\/blog\/wp-content\/uploads\/2022\/10\/673.jpg","datePublished":"2022-04-22T00:00:00+00:00","dateModified":"2022-12-13T09:16:58+00:00","description":"Le march\u00e9 de l'automobile ne cesse de voir des obstacles sur son chemin. Apr\u00e8s la crise sanitaire et la p\u00e9nurie de semi-conducteurs...","breadcrumb":{"@id":"https:\/\/www.autojm.fr\/blog\/automobile-le-marche-europeen-en-grande-difficulte\/#breadcrumb"},"inLanguage":"fr-FR","potentialAction":[{"@type":"ReadAction","target":["https:\/\/www.autojm.fr\/blog\/automobile-le-marche-europeen-en-grande-difficulte\/"]}]},{"@type":"ImageObject","inLanguage":"fr-FR","@id":"https:\/\/www.autojm.fr\/blog\/automobile-le-marche-europeen-en-grande-difficulte\/#primaryimage","url":"https:\/\/www.autojm.fr\/blog\/wp-content\/uploads\/2022\/10\/673.jpg","contentUrl":"https:\/\/www.autojm.fr\/blog\/wp-content\/uploads\/2022\/10\/673.jpg","width":1024,"height":465,"caption":"March\u00e9 automobile"},{"@type":"BreadcrumbList","@id":"https:\/\/www.autojm.fr\/blog\/automobile-le-marche-europeen-en-grande-difficulte\/#breadcrumb","itemListElement":[{"@type":"ListItem","position":1,"name":"Accueil","item":"https:\/\/www.autojm.fr\/blog\/"},{"@type":"ListItem","position":2,"name":"Actualit\u00e9 Automobile","item":"https:\/\/www.autojm.fr\/blog\/actualite-automobile\/"},{"@type":"ListItem","position":3,"name":"Automobile : le march\u00e9 europ\u00e9en en grande difficult\u00e9"}]},{"@type":"WebSite","@id":"https:\/\/www.autojm.fr\/blog\/#website","url":"https:\/\/www.autojm.fr\/blog\/","name":"AutoJM Mag","description":"Toute l&#039;actu auto en 1 clic !","publisher":{"@id":"https:\/\/www.autojm.fr\/blog\/#organization"},"potentialAction":[{"@type":"SearchAction","target":{"@type":"EntryPoint","urlTemplate":"https:\/\/www.autojm.fr\/blog\/?s={search_term_string}"},"query-input":{"@type":"PropertyValueSpecification","valueRequired":true,"valueName":"search_term_string"}}],"inLanguage":"fr-FR"},{"@type":"Organization","@id":"https:\/\/www.autojm.fr\/blog\/#organization","name":"AutoJM Mag","url":"https:\/\/www.autojm.fr\/blog\/","logo":{"@type":"ImageObject","inLanguage":"fr-FR","@id":"https:\/\/www.autojm.fr\/blog\/#\/schema\/logo\/image\/","url":"https:\/\/www.autojm.fr\/blog\/wp-content\/uploads\/2022\/12\/cropped-AutoJMag-png.png","contentUrl":"https:\/\/www.autojm.fr\/blog\/wp-content\/uploads\/2022\/12\/cropped-AutoJMag-png.png","width":2834,"height":585,"caption":"AutoJM Mag"},"image":{"@id":"https:\/\/www.autojm.fr\/blog\/#\/schema\/logo\/image\/"},"sameAs":["https:\/\/www.facebook.com\/AutoJM25"]},{"@type":"Person","@id":"https:\/\/www.autojm.fr\/blog\/#\/schema\/person\/9742bc77541853e0de81fc57f947e1a0","name":"Autojm","image":{"@type":"ImageObject","inLanguage":"fr-FR","@id":"https:\/\/secure.gravatar.com\/avatar\/9a959d52b758fcc232fe4b6aca7bab139182573297122cce7d6f2ee0e537b418?s=96&d=mm&r=g","url":"https:\/\/secure.gravatar.com\/avatar\/9a959d52b758fcc232fe4b6aca7bab139182573297122cce7d6f2ee0e537b418?s=96&d=mm&r=g","contentUrl":"https:\/\/secure.gravatar.com\/avatar\/9a959d52b758fcc232fe4b6aca7bab139182573297122cce7d6f2ee0e537b418?s=96&d=mm&r=g","caption":"Autojm"},"sameAs":["https:\/\/www.autojm.fr\/blog"],"url":"https:\/\/www.autojm.fr\/blog\/author\/bichoi\/"}]}},"_links":{"self":[{"href":"https:\/\/www.autojm.fr\/blog\/wp-json\/wp\/v2\/posts\/3941","targetHints":{"allow":["GET"]}}],"collection":[{"href":"https:\/\/www.autojm.fr\/blog\/wp-json\/wp\/v2\/posts"}],"about":[{"href":"https:\/\/www.autojm.fr\/blog\/wp-json\/wp\/v2\/types\/post"}],"author":[{"embeddable":true,"href":"https:\/\/www.autojm.fr\/blog\/wp-json\/wp\/v2\/users\/1"}],"replies":[{"embeddable":true,"href":"https:\/\/www.autojm.fr\/blog\/wp-json\/wp\/v2\/comments?post=3941"}],"version-history":[{"count":4,"href":"https:\/\/www.autojm.fr\/blog\/wp-json\/wp\/v2\/posts\/3941\/revisions"}],"predecessor-version":[{"id":6944,"href":"https:\/\/www.autojm.fr\/blog\/wp-json\/wp\/v2\/posts\/3941\/revisions\/6944"}],"wp:featuredmedia":[{"embeddable":true,"href":"https:\/\/www.autojm.fr\/blog\/wp-json\/wp\/v2\/media\/5999"}],"wp:attachment":[{"href":"https:\/\/www.autojm.fr\/blog\/wp-json\/wp\/v2\/media?parent=3941"}],"wp:term":[{"taxonomy":"category","embeddable":true,"href":"https:\/\/www.autojm.fr\/blog\/wp-json\/wp\/v2\/categories?post=3941"},{"taxonomy":"post_tag","embeddable":true,"href":"https:\/\/www.autojm.fr\/blog\/wp-json\/wp\/v2\/tags?post=3941"}],"curies":[{"name":"wp","href":"https:\/\/api.w.org\/{rel}","templated":true}]}}