{"id":3939,"date":"2022-03-31T00:00:00","date_gmt":"2022-03-31T00:00:00","guid":{"rendered":"https:\/\/www.autojm.fr\/blog\/presidentielles-2022-quid-de-lautomobile\/"},"modified":"2023-04-17T14:29:27","modified_gmt":"2023-04-17T14:29:27","slug":"presidentielles-2022-quid-de-lautomobile","status":"publish","type":"post","link":"https:\/\/www.autojm.fr\/blog\/presidentielles-2022-quid-de-lautomobile\/","title":{"rendered":"Pr\u00e9sidentielles 2022 : quid de l&rsquo;automobile ?"},"content":{"rendered":"<p>\u00c0 quelques semaines du premier tour des \u00e9lections, les candidats d\u00e9voilent de plus en plus leur programme et, le lundi 14 mars, les \u00e9quipes de Mobilians, la PFA (Plateforme Automobile), la FIEV (syndicat professionnel des \u00e9quipementiers\u2026) et la CSIAM (Chambre Syndicale des Importateurs d&rsquo;Automobiles et de Motocycles) ont pu s&rsquo;entretenir avec les porte-parole des candidats pour en conna\u00eetre plus sur leurs projections concernant le domaine de l&rsquo;<strong><a href=\"https:\/\/www.autojm.fr\/?part=blog&amp;utm_source=articleblog310322&amp;utm_medium=blog\">automobile<\/a><\/strong>.<\/p>\n<h2>Jean-Luc M\u00e9lenchon, candidat de <em>La France Insoumise<\/em><\/h2>\n<p>Le parti d&rsquo;extr\u00eame gauche, La France Insoumise, repr\u00e9sent\u00e9 par le candidat Jean-Luc M\u00e9lenchon, se positionne sur l&rsquo;<strong>objectif z\u00e9ro \u00e9mission<\/strong>.<\/p>\n<p>Au programme, le d\u00e9veloppement du covoiturage, des transports en commun et de l&rsquo;auto-partage.<\/p>\n<p>Le candidat de La France Insoumise veut \u201crenforcer la <strong>prime \u00e0 la conversion<\/strong>\u201d et mettre en avant le r\u00e9trofit, qui consiste \u00e0 convertir un <strong><a href=\"https:\/\/www.autojm.fr\/recherche?energies%5B%5D=Diesel&amp;energies%5B%5D=Essence&amp;part=blog&amp;utm_source=articleblog310322&amp;utm_medium=blog\">v\u00e9hicule thermique<\/a><\/strong> en \u00e9lectrique. Cette technologie est encore peu connue et reste co\u00fbteuse.<\/p>\n<p>Il remet en cause l&rsquo;existence des ZFE (Zones \u00e0 Faibles \u00e9missions) et pourrait les faire dispara\u00eetre.<\/p>\n<p>Jean-Luc M\u00e9lenchon pr\u00f4ne une production automobile made in France et se positionne en d\u00e9faveur de la d\u00e9localisation.<\/p>\n<p>Enfin, il veut limiter le <strong>prix du carburant<\/strong> \u00e0 1,40\u20ac, soit une grosse baisse par rapport \u00e0 l&rsquo;\u00e9tat actuel des prix de l&rsquo;essence et du diesel.<\/p>\n<h2>Marine Le Pen, candidate du <em>Rassemblement National<\/em><\/h2>\n<p>Du c\u00f4t\u00e9 du Rassemblement National, l&rsquo;\u00e9lectrification acc\u00e9l\u00e9r\u00e9e n&rsquo;est pas bien vue. Les <strong>v\u00e9hicules hybrides<\/strong> doivent \u00eatre favoris\u00e9s, pour \u00e9viter de ne garder que le 100% \u00e9lectrique qui est co\u00fbteux.<\/p>\n<p>Une nouvelle aide \u00e0 l&rsquo;achat de 1 000\u20ac pourrait \u00e9galement \u00eatre mise en place pour le passage de son v\u00e9hicule au <strong>bio\u00e9thanol<\/strong>.<\/p>\n<p>Comme son concurrent de l&rsquo;extr\u00eame gauche, Marine Le Pen remet en cause les ZFE et les supprimera.<\/p>\n<p>Le prix des carburants est une probl\u00e9matique que le Rassemblement National souhaite r\u00e9soudre en supprimant les taxes sur le carburant.<\/p>\n<p>La <strong>nationalisation des autoroutes<\/strong> est \u00e9galement au programme : l&rsquo;id\u00e9e est alors de r\u00e9cup\u00e9rer les parcelles d&rsquo;autoroutes g\u00e9r\u00e9es par les soci\u00e9t\u00e9s priv\u00e9es afin d&rsquo;avoir la d\u00e9cision des tarifs des p\u00e9ages.<\/p>\n<p>Le parti du Rassemblement National souhaite aussi soutenir les jeunes en apprentissage avec 200 \u00e0 300\u20ac de plus par mois.<\/p>\n<p>Marine Le Pen soutient fortement l&rsquo;<strong>hydrog\u00e8n<\/strong>e, la neutralit\u00e9 technologique avec le libre choix des technologies pour la production automobile, ainsi que les <strong>zones franches industrielles<\/strong> et la cr\u00e9ation d&rsquo;une agence nationale de ma\u00eetrise des m\u00e9taux lourds et rares.<\/p>\n<h2>Emmanuel Macron, candidat de <em>Ensemble Citoyens !<\/em><\/h2>\n<p>Les objectifs de l&rsquo;actuel pr\u00e9sident restent les m\u00eames : passer l&rsquo;automobile \u00e0 l&rsquo;\u00e9lectrique. Un des objectifs principaux est d&rsquo;investir dans la <strong>production de batteries<\/strong> avec des usines implant\u00e9es sur le territoire.<\/p>\n<p>Emmanuel Macron favorise \u00e9galement la neutralit\u00e9 technologique et souhaite baisser les imp\u00f4ts de production pour soutenir les acteurs de l&rsquo;\u00e9lectrique.<\/p>\n<p><strong>Le bonus \u00e9cologique et la prime \u00e0 la conversion<\/strong> seront maintenus \u00e0 leur niveau actuel le plus longtemps possible.<\/p>\n<p>Un \u201c<strong>leasing social<\/strong>\u201d serait \u00e9galement mis en place pour prendre en charge une partie des loyers afin qu&rsquo;il ne d\u00e9passe pas les 100\u20ac.<\/p>\n<p>Avant les \u00e9lections, le candidat du parti Ensemble Citoyens ! a annonc\u00e9 qu&rsquo;\u00e0 compter du 1er avril, tous les fran\u00e7ais b\u00e9n\u00e9ficieront d&rsquo;une remise de 15 \u00e0 18 centimes par litre de <strong>carburant<\/strong>.<\/p>\n<h2>Eric Zemmour, candidat de <em>Reconqu\u00eate<\/em><\/h2>\n<p>D\u00e9favorable \u00e0 la d\u00e9localisation, le parti Reconqu\u00eate pr\u00e9voit une baisse de 30 milliards d&rsquo;euros des <strong>imp\u00f4ts de production<\/strong>, avec la suppression de deux taxes : la C3S et la CVAE.<\/p>\n<p>Dans la lign\u00e9e de cette mesure, des <strong>zones franches industrielles<\/strong> seraient cr\u00e9\u00e9es, avec des soci\u00e9t\u00e9s qui ne paieraient pas d&rsquo;imp\u00f4ts et des salari\u00e9s exon\u00e9r\u00e9s de cotisations sociales pendant les 2 ann\u00e9es suivant leur recrutement.<\/p>\n<p>Eric Zemmour propose l&rsquo;<strong>arr\u00eat du permis \u00e0 points<\/strong>.<\/p>\n<p>Sa premi\u00e8re mesure concerne la suppression des ZFE qui, selon lui, emp\u00eache des fran\u00e7ais de circuler dans leur propre agglom\u00e9ration.<\/p>\n<p>Le parti de la Reconqu\u00eate souhaite imposer aux maires la limitation de 50 km\/h en ville, et op\u00e9rer le retour \u00e0 90 km\/h sur la totalit\u00e9 du r\u00e9seau routier.<\/p>\n<p>Le <strong>contr\u00f4le technique<\/strong> passerait \u00e0 une validit\u00e9 de 3 ans au lieu de 2 ans actuellement.<\/p>\n<p>Le candidat de Reconqu\u00eate souhaite bloquer les tarifs des <strong>carburants<\/strong> autour de 1,80\u20ac. Les \u201cfran\u00e7ais qui ont besoin de leur voiture\u201d pourraient eux b\u00e9n\u00e9ficier d&rsquo;une prise en charge jusqu&rsquo;\u00e0 40\u20ac par mois de leurs frais de carburant par leur entreprise.<\/p>\n<h2>Fabien Roussel, candidat du <em>Parti Communiste Fran\u00e7ais<\/em><\/h2>\n<p>Le candidat du Parti Communiste Fran\u00e7ais encourage la d\u00e9carbonation et propose la <strong>gratuit\u00e9 des transports publics<\/strong>.<\/p>\n<p>Il souhaite que les constructeurs aient l&rsquo;obligation d&rsquo;installer un syst\u00e8me d&rsquo;aspiration de particules de freins sur les voitures.<\/p>\n<p>Le <strong>prix des carburants<\/strong> serait plafonn\u00e9 \u00e0 1,70\u20ac, avec une prime de 10 000\u20ac pour l&rsquo;achat d&rsquo;un v\u00e9hicule Crit&rsquo;Air 1 ou 2 (m\u00eame thermique).<\/p>\n<p>Fabien Roussel souhaite \u00e9galement d\u00e9velopper et am\u00e9liorer les pistes cyclables.<\/p>\n<p>Le <strong>permis de conduire<\/strong> deviendrait gratuit pour les moins de 25 ans.<\/p>\n<h2>Jean Lassalle, candidat de <em>R\u00e9sistons<\/em><\/h2>\n<p>Le candidat s&rsquo;oppose \u00e0 l&rsquo;arr\u00eat des motorisations thermiques, qui devront perdurer en parall\u00e8le des nouvelles motorisations.<\/p>\n<p>Il pr\u00e9voit le d\u00e9veloppement des <strong>moyens de transport<\/strong> sur l&rsquo;axe Est-Ouest du pays.<\/p>\n<p>Jean Lassalle est en faveur du <strong>retour \u00e0 90 km\/h<\/strong>, de la suppression du permis \u00e0 points et \u00e0 la suspension du permis pour 6 mois (contre 36 mois actuellement).<\/p>\n<p>Il pr\u00e9voit une formation plus ax\u00e9e sur les math\u00e9matiques et les sciences pour faire face \u00e0 la production des voitures \u00e9lectriques qui n\u00e9cessite moins de main d&rsquo;\u0153uvre.<\/p>\n<h2>Anne Hidalgo, candidate du <em>Parti Socialiste<\/em><\/h2>\n<p>La candidate souhaite un d\u00e9ploiement des infrastructures telles que les <strong>bornes de recharge et stations hydrog\u00e8ne<\/strong>, mais \u00e9galement la mise en avant du r\u00e9trofit et une aide pour le leasing auto.<\/p>\n<p>Elle pr\u00f4ne la <strong>fin du Diesel dans Paris<\/strong> d\u00e8s 2024, et la mise en place d&rsquo;un leasing social pour les v\u00e9hicules \u00e9lectriques.<\/p>\n<p>La <strong>TVA <\/strong>sur les <strong>carburants<\/strong> serait abaiss\u00e9e \u00e0 5,5% et les prix hors-taxe plafonn\u00e9s.<\/p>\n<h2>Yannick Jadot, candidat de <em>Europe Ecologie Les Verts<\/em><\/h2>\n<p>Il programme la fin des motorisations thermiques \u00e0 l&rsquo;horizon 2030 avec impossibilit\u00e9 d&rsquo;en vendre au-del\u00e0 de la date butoir.<\/p>\n<p>Le parti Europe Ecologie Les Verts souhaite d\u00e9velopper l&rsquo;<strong>autopartage<\/strong> et mettre \u00e0 disposition de tous des <strong>v\u00e9hicules \u00e9lectriques<\/strong> \u00e0 l&rsquo;entr\u00e9e des zones rurales.<\/p>\n<p>La mise en place d&rsquo;un pass Libert\u00e9 Climat serait opt\u00e9e pour un acc\u00e8s illimit\u00e9 \u00e0 tous les transports d\u00e8s l&rsquo;\u00e2ge de 16 ans.<\/p>\n<p>Le parti est favorable au principe de la voiture partag\u00e9e et au d\u00e9veloppement du r\u00e9trofit.<\/p>\n<h2>Val\u00e9rie P\u00e9cresse, candidate de <em>Les R\u00e9publicains<\/em><\/h2>\n<p>La candidate du parti Les R\u00e9publicains est favorable aux <strong>motorisations hybrides<\/strong> qui pourront continuer d&rsquo;\u00eatre commercialis\u00e9es apr\u00e8s 2035.<\/p>\n<p>Elle souhaite mettre en place un pr\u00eat \u00e0 taux z\u00e9ro pour l&rsquo;achat d&rsquo;un <a href=\"https:\/\/www.autojm.fr\/recherche?energies%5B%5D=Hybride%20rechargeable&amp;energies%5B%5D=Electrique&amp;energies%5B%5D=Hybride&amp;part=blog&amp;utm_source=articleblog310322&amp;utm_medium=blog\"><strong>v\u00e9hicule hybride ou \u00e9lectrique<\/strong><\/a>, et la location de voitures \u00e0 1\u20ac par jour pour favoriser le retour \u00e0 l&#8217;emploi.<\/p>\n<p>Val\u00e9rie P\u00e9cresse soutient la production sur le territoire et opterait pour un rapatriement de cette derni\u00e8re. Elle soutiendrait l&rsquo;automobile en g\u00e9n\u00e9ral et la formation aux m\u00e9tiers de la mobilit\u00e9.<\/p>\n<p style=\"margin-top: 1.75em; margin-bottom: 1.75em; font-size: 0.813em; line-height: 1.5em; color: #666666; font-family: Arial, Helvetica, sans-serif;\">\n","protected":false},"excerpt":{"rendered":"<p>\u00c0 quelques semaines du premier tour des \u00e9lections, les candidats d\u00e9voilent de plus en plus leur programme et, le lundi 14 mars, les \u00e9quipes de Mobilians, la PFA (Plateforme Automobile), la FIEV (syndicat professionnel des \u00e9quipementiers\u2026) et la CSIAM (Chambre Syndicale des Importateurs d&rsquo;Automobiles et de Motocycles) ont pu s&rsquo;entretenir avec les porte-parole des candidats pour en conna\u00eetre plus sur leurs projections concernant le domaine de l&rsquo;automobile.<\/p>\n","protected":false},"author":1,"featured_media":5997,"comment_status":"open","ping_status":"open","sticky":false,"template":"","format":"standard","meta":{"_acf_changed":false,"content-type":"","footnotes":""},"categories":[5],"tags":[90,79,74,105,108,107,73,78,96],"class_list":["post-3939","post","type-post","status-publish","format-standard","has-post-thumbnail","hentry","category-actualite-automobile","tag-autojm","tag-citroen","tag-dacia","tag-ds","tag-nissan","tag-opel","tag-peugeot","tag-renault","tag-volkswagen"],"acf":[],"yoast_head":"<!-- This site is optimized with the Yoast SEO plugin v27.5 - https:\/\/yoast.com\/product\/yoast-seo-wordpress\/ -->\n<title>Pr\u00e9sidentielles 2022 : quid de l&#039;automobile ? - AutoJM Mag<\/title>\n<meta name=\"description\" content=\"A quelques semaines du premier tour des \u00e9lections, les candidats d\u00e9voilent de plus en plus leur programme concernant le secteur automobile.\" \/>\n<meta name=\"robots\" content=\"index, follow, max-snippet:-1, max-image-preview:large, max-video-preview:-1\" \/>\n<link rel=\"canonical\" href=\"https:\/\/www.autojm.fr\/blog\/presidentielles-2022-quid-de-lautomobile\/\" \/>\n<meta property=\"og:locale\" content=\"fr_FR\" \/>\n<meta property=\"og:type\" content=\"article\" \/>\n<meta property=\"og:title\" content=\"Pr\u00e9sidentielles 2022 : quid de l&#039;automobile ? - AutoJM Mag\" \/>\n<meta property=\"og:description\" content=\"A quelques semaines du premier tour des \u00e9lections, les candidats d\u00e9voilent de plus en plus leur programme concernant le secteur automobile.\" \/>\n<meta property=\"og:url\" content=\"https:\/\/www.autojm.fr\/blog\/presidentielles-2022-quid-de-lautomobile\/\" \/>\n<meta property=\"og:site_name\" content=\"AutoJM Mag\" \/>\n<meta property=\"article:publisher\" content=\"https:\/\/www.facebook.com\/AutoJM25\" \/>\n<meta property=\"article:published_time\" content=\"2022-03-31T00:00:00+00:00\" \/>\n<meta property=\"article:modified_time\" content=\"2023-04-17T14:29:27+00:00\" \/>\n<meta property=\"og:image\" content=\"https:\/\/www.autojm.fr\/blog\/wp-content\/uploads\/2022\/10\/671.jpg\" \/>\n\t<meta property=\"og:image:width\" content=\"1024\" \/>\n\t<meta property=\"og:image:height\" content=\"465\" \/>\n\t<meta property=\"og:image:type\" content=\"image\/jpeg\" \/>\n<meta name=\"author\" content=\"Autojm\" \/>\n<meta name=\"twitter:card\" content=\"summary_large_image\" \/>\n<meta name=\"twitter:label1\" content=\"\u00c9crit par\" \/>\n\t<meta name=\"twitter:data1\" content=\"Autojm\" \/>\n\t<meta name=\"twitter:label2\" content=\"Dur\u00e9e de lecture estim\u00e9e\" \/>\n\t<meta name=\"twitter:data2\" content=\"7 minutes\" \/>\n<script type=\"application\/ld+json\" class=\"yoast-schema-graph\">{\"@context\":\"https:\\\/\\\/schema.org\",\"@graph\":[{\"@type\":\"Article\",\"@id\":\"https:\\\/\\\/www.autojm.fr\\\/blog\\\/presidentielles-2022-quid-de-lautomobile\\\/#article\",\"isPartOf\":{\"@id\":\"https:\\\/\\\/www.autojm.fr\\\/blog\\\/presidentielles-2022-quid-de-lautomobile\\\/\"},\"author\":{\"name\":\"Autojm\",\"@id\":\"https:\\\/\\\/www.autojm.fr\\\/blog\\\/#\\\/schema\\\/person\\\/9742bc77541853e0de81fc57f947e1a0\"},\"headline\":\"Pr\u00e9sidentielles 2022 : quid de l&rsquo;automobile ?\",\"datePublished\":\"2022-03-31T00:00:00+00:00\",\"dateModified\":\"2023-04-17T14:29:27+00:00\",\"mainEntityOfPage\":{\"@id\":\"https:\\\/\\\/www.autojm.fr\\\/blog\\\/presidentielles-2022-quid-de-lautomobile\\\/\"},\"wordCount\":1199,\"commentCount\":0,\"publisher\":{\"@id\":\"https:\\\/\\\/www.autojm.fr\\\/blog\\\/#organization\"},\"image\":{\"@id\":\"https:\\\/\\\/www.autojm.fr\\\/blog\\\/presidentielles-2022-quid-de-lautomobile\\\/#primaryimage\"},\"thumbnailUrl\":\"https:\\\/\\\/www.autojm.fr\\\/blog\\\/wp-content\\\/uploads\\\/2022\\\/10\\\/671.jpg\",\"keywords\":[\"autojm\",\"citroen\",\"dacia\",\"DS\",\"Nissan\",\"Opel\",\"peugeot\",\"renault\",\"Volkswagen\"],\"articleSection\":[\"Actualit\u00e9 Automobile\"],\"inLanguage\":\"fr-FR\",\"potentialAction\":[{\"@type\":\"CommentAction\",\"name\":\"Comment\",\"target\":[\"https:\\\/\\\/www.autojm.fr\\\/blog\\\/presidentielles-2022-quid-de-lautomobile\\\/#respond\"]}]},{\"@type\":\"WebPage\",\"@id\":\"https:\\\/\\\/www.autojm.fr\\\/blog\\\/presidentielles-2022-quid-de-lautomobile\\\/\",\"url\":\"https:\\\/\\\/www.autojm.fr\\\/blog\\\/presidentielles-2022-quid-de-lautomobile\\\/\",\"name\":\"Pr\u00e9sidentielles 2022 : quid de l'automobile ? - AutoJM Mag\",\"isPartOf\":{\"@id\":\"https:\\\/\\\/www.autojm.fr\\\/blog\\\/#website\"},\"primaryImageOfPage\":{\"@id\":\"https:\\\/\\\/www.autojm.fr\\\/blog\\\/presidentielles-2022-quid-de-lautomobile\\\/#primaryimage\"},\"image\":{\"@id\":\"https:\\\/\\\/www.autojm.fr\\\/blog\\\/presidentielles-2022-quid-de-lautomobile\\\/#primaryimage\"},\"thumbnailUrl\":\"https:\\\/\\\/www.autojm.fr\\\/blog\\\/wp-content\\\/uploads\\\/2022\\\/10\\\/671.jpg\",\"datePublished\":\"2022-03-31T00:00:00+00:00\",\"dateModified\":\"2023-04-17T14:29:27+00:00\",\"description\":\"A quelques semaines du premier tour des \u00e9lections, les candidats d\u00e9voilent de plus en plus leur programme concernant le secteur automobile.\",\"breadcrumb\":{\"@id\":\"https:\\\/\\\/www.autojm.fr\\\/blog\\\/presidentielles-2022-quid-de-lautomobile\\\/#breadcrumb\"},\"inLanguage\":\"fr-FR\",\"potentialAction\":[{\"@type\":\"ReadAction\",\"target\":[\"https:\\\/\\\/www.autojm.fr\\\/blog\\\/presidentielles-2022-quid-de-lautomobile\\\/\"]}]},{\"@type\":\"ImageObject\",\"inLanguage\":\"fr-FR\",\"@id\":\"https:\\\/\\\/www.autojm.fr\\\/blog\\\/presidentielles-2022-quid-de-lautomobile\\\/#primaryimage\",\"url\":\"https:\\\/\\\/www.autojm.fr\\\/blog\\\/wp-content\\\/uploads\\\/2022\\\/10\\\/671.jpg\",\"contentUrl\":\"https:\\\/\\\/www.autojm.fr\\\/blog\\\/wp-content\\\/uploads\\\/2022\\\/10\\\/671.jpg\",\"width\":1024,\"height\":465,\"caption\":\"Pr\u00e9sidentielles\"},{\"@type\":\"BreadcrumbList\",\"@id\":\"https:\\\/\\\/www.autojm.fr\\\/blog\\\/presidentielles-2022-quid-de-lautomobile\\\/#breadcrumb\",\"itemListElement\":[{\"@type\":\"ListItem\",\"position\":1,\"name\":\"Accueil\",\"item\":\"https:\\\/\\\/www.autojm.fr\\\/blog\\\/\"},{\"@type\":\"ListItem\",\"position\":2,\"name\":\"Actualit\u00e9 Automobile\",\"item\":\"https:\\\/\\\/www.autojm.fr\\\/blog\\\/actualite-automobile\\\/\"},{\"@type\":\"ListItem\",\"position\":3,\"name\":\"Pr\u00e9sidentielles 2022 : quid de l&rsquo;automobile ?\"}]},{\"@type\":\"WebSite\",\"@id\":\"https:\\\/\\\/www.autojm.fr\\\/blog\\\/#website\",\"url\":\"https:\\\/\\\/www.autojm.fr\\\/blog\\\/\",\"name\":\"AutoJM Mag\",\"description\":\"Toute l&#039;actu auto en 1 clic !\",\"publisher\":{\"@id\":\"https:\\\/\\\/www.autojm.fr\\\/blog\\\/#organization\"},\"potentialAction\":[{\"@type\":\"SearchAction\",\"target\":{\"@type\":\"EntryPoint\",\"urlTemplate\":\"https:\\\/\\\/www.autojm.fr\\\/blog\\\/?s={search_term_string}\"},\"query-input\":{\"@type\":\"PropertyValueSpecification\",\"valueRequired\":true,\"valueName\":\"search_term_string\"}}],\"inLanguage\":\"fr-FR\"},{\"@type\":\"Organization\",\"@id\":\"https:\\\/\\\/www.autojm.fr\\\/blog\\\/#organization\",\"name\":\"AutoJM Mag\",\"url\":\"https:\\\/\\\/www.autojm.fr\\\/blog\\\/\",\"logo\":{\"@type\":\"ImageObject\",\"inLanguage\":\"fr-FR\",\"@id\":\"https:\\\/\\\/www.autojm.fr\\\/blog\\\/#\\\/schema\\\/logo\\\/image\\\/\",\"url\":\"https:\\\/\\\/www.autojm.fr\\\/blog\\\/wp-content\\\/uploads\\\/2022\\\/12\\\/cropped-AutoJMag-png.png\",\"contentUrl\":\"https:\\\/\\\/www.autojm.fr\\\/blog\\\/wp-content\\\/uploads\\\/2022\\\/12\\\/cropped-AutoJMag-png.png\",\"width\":2834,\"height\":585,\"caption\":\"AutoJM Mag\"},\"image\":{\"@id\":\"https:\\\/\\\/www.autojm.fr\\\/blog\\\/#\\\/schema\\\/logo\\\/image\\\/\"},\"sameAs\":[\"https:\\\/\\\/www.facebook.com\\\/AutoJM25\"]},{\"@type\":\"Person\",\"@id\":\"https:\\\/\\\/www.autojm.fr\\\/blog\\\/#\\\/schema\\\/person\\\/9742bc77541853e0de81fc57f947e1a0\",\"name\":\"Autojm\",\"image\":{\"@type\":\"ImageObject\",\"inLanguage\":\"fr-FR\",\"@id\":\"https:\\\/\\\/secure.gravatar.com\\\/avatar\\\/9a959d52b758fcc232fe4b6aca7bab139182573297122cce7d6f2ee0e537b418?s=96&d=mm&r=g\",\"url\":\"https:\\\/\\\/secure.gravatar.com\\\/avatar\\\/9a959d52b758fcc232fe4b6aca7bab139182573297122cce7d6f2ee0e537b418?s=96&d=mm&r=g\",\"contentUrl\":\"https:\\\/\\\/secure.gravatar.com\\\/avatar\\\/9a959d52b758fcc232fe4b6aca7bab139182573297122cce7d6f2ee0e537b418?s=96&d=mm&r=g\",\"caption\":\"Autojm\"},\"sameAs\":[\"https:\\\/\\\/www.autojm.fr\\\/blog\"],\"url\":\"https:\\\/\\\/www.autojm.fr\\\/blog\\\/author\\\/bichoi\\\/\"}]}<\/script>\n<!-- \/ Yoast SEO plugin. -->","yoast_head_json":{"title":"Pr\u00e9sidentielles 2022 : quid de l'automobile ? - AutoJM Mag","description":"A quelques semaines du premier tour des \u00e9lections, les candidats d\u00e9voilent de plus en plus leur programme concernant le secteur automobile.","robots":{"index":"index","follow":"follow","max-snippet":"max-snippet:-1","max-image-preview":"max-image-preview:large","max-video-preview":"max-video-preview:-1"},"canonical":"https:\/\/www.autojm.fr\/blog\/presidentielles-2022-quid-de-lautomobile\/","og_locale":"fr_FR","og_type":"article","og_title":"Pr\u00e9sidentielles 2022 : quid de l'automobile ? - AutoJM Mag","og_description":"A quelques semaines du premier tour des \u00e9lections, les candidats d\u00e9voilent de plus en plus leur programme concernant le secteur automobile.","og_url":"https:\/\/www.autojm.fr\/blog\/presidentielles-2022-quid-de-lautomobile\/","og_site_name":"AutoJM Mag","article_publisher":"https:\/\/www.facebook.com\/AutoJM25","article_published_time":"2022-03-31T00:00:00+00:00","article_modified_time":"2023-04-17T14:29:27+00:00","og_image":[{"width":1024,"height":465,"url":"https:\/\/www.autojm.fr\/blog\/wp-content\/uploads\/2022\/10\/671.jpg","type":"image\/jpeg"}],"author":"Autojm","twitter_card":"summary_large_image","twitter_misc":{"\u00c9crit par":"Autojm","Dur\u00e9e de lecture estim\u00e9e":"7 minutes"},"schema":{"@context":"https:\/\/schema.org","@graph":[{"@type":"Article","@id":"https:\/\/www.autojm.fr\/blog\/presidentielles-2022-quid-de-lautomobile\/#article","isPartOf":{"@id":"https:\/\/www.autojm.fr\/blog\/presidentielles-2022-quid-de-lautomobile\/"},"author":{"name":"Autojm","@id":"https:\/\/www.autojm.fr\/blog\/#\/schema\/person\/9742bc77541853e0de81fc57f947e1a0"},"headline":"Pr\u00e9sidentielles 2022 : quid de l&rsquo;automobile ?","datePublished":"2022-03-31T00:00:00+00:00","dateModified":"2023-04-17T14:29:27+00:00","mainEntityOfPage":{"@id":"https:\/\/www.autojm.fr\/blog\/presidentielles-2022-quid-de-lautomobile\/"},"wordCount":1199,"commentCount":0,"publisher":{"@id":"https:\/\/www.autojm.fr\/blog\/#organization"},"image":{"@id":"https:\/\/www.autojm.fr\/blog\/presidentielles-2022-quid-de-lautomobile\/#primaryimage"},"thumbnailUrl":"https:\/\/www.autojm.fr\/blog\/wp-content\/uploads\/2022\/10\/671.jpg","keywords":["autojm","citroen","dacia","DS","Nissan","Opel","peugeot","renault","Volkswagen"],"articleSection":["Actualit\u00e9 Automobile"],"inLanguage":"fr-FR","potentialAction":[{"@type":"CommentAction","name":"Comment","target":["https:\/\/www.autojm.fr\/blog\/presidentielles-2022-quid-de-lautomobile\/#respond"]}]},{"@type":"WebPage","@id":"https:\/\/www.autojm.fr\/blog\/presidentielles-2022-quid-de-lautomobile\/","url":"https:\/\/www.autojm.fr\/blog\/presidentielles-2022-quid-de-lautomobile\/","name":"Pr\u00e9sidentielles 2022 : quid de l'automobile ? - AutoJM Mag","isPartOf":{"@id":"https:\/\/www.autojm.fr\/blog\/#website"},"primaryImageOfPage":{"@id":"https:\/\/www.autojm.fr\/blog\/presidentielles-2022-quid-de-lautomobile\/#primaryimage"},"image":{"@id":"https:\/\/www.autojm.fr\/blog\/presidentielles-2022-quid-de-lautomobile\/#primaryimage"},"thumbnailUrl":"https:\/\/www.autojm.fr\/blog\/wp-content\/uploads\/2022\/10\/671.jpg","datePublished":"2022-03-31T00:00:00+00:00","dateModified":"2023-04-17T14:29:27+00:00","description":"A quelques semaines du premier tour des \u00e9lections, les candidats d\u00e9voilent de plus en plus leur programme concernant le secteur automobile.","breadcrumb":{"@id":"https:\/\/www.autojm.fr\/blog\/presidentielles-2022-quid-de-lautomobile\/#breadcrumb"},"inLanguage":"fr-FR","potentialAction":[{"@type":"ReadAction","target":["https:\/\/www.autojm.fr\/blog\/presidentielles-2022-quid-de-lautomobile\/"]}]},{"@type":"ImageObject","inLanguage":"fr-FR","@id":"https:\/\/www.autojm.fr\/blog\/presidentielles-2022-quid-de-lautomobile\/#primaryimage","url":"https:\/\/www.autojm.fr\/blog\/wp-content\/uploads\/2022\/10\/671.jpg","contentUrl":"https:\/\/www.autojm.fr\/blog\/wp-content\/uploads\/2022\/10\/671.jpg","width":1024,"height":465,"caption":"Pr\u00e9sidentielles"},{"@type":"BreadcrumbList","@id":"https:\/\/www.autojm.fr\/blog\/presidentielles-2022-quid-de-lautomobile\/#breadcrumb","itemListElement":[{"@type":"ListItem","position":1,"name":"Accueil","item":"https:\/\/www.autojm.fr\/blog\/"},{"@type":"ListItem","position":2,"name":"Actualit\u00e9 Automobile","item":"https:\/\/www.autojm.fr\/blog\/actualite-automobile\/"},{"@type":"ListItem","position":3,"name":"Pr\u00e9sidentielles 2022 : quid de l&rsquo;automobile ?"}]},{"@type":"WebSite","@id":"https:\/\/www.autojm.fr\/blog\/#website","url":"https:\/\/www.autojm.fr\/blog\/","name":"AutoJM Mag","description":"Toute l&#039;actu auto en 1 clic !","publisher":{"@id":"https:\/\/www.autojm.fr\/blog\/#organization"},"potentialAction":[{"@type":"SearchAction","target":{"@type":"EntryPoint","urlTemplate":"https:\/\/www.autojm.fr\/blog\/?s={search_term_string}"},"query-input":{"@type":"PropertyValueSpecification","valueRequired":true,"valueName":"search_term_string"}}],"inLanguage":"fr-FR"},{"@type":"Organization","@id":"https:\/\/www.autojm.fr\/blog\/#organization","name":"AutoJM Mag","url":"https:\/\/www.autojm.fr\/blog\/","logo":{"@type":"ImageObject","inLanguage":"fr-FR","@id":"https:\/\/www.autojm.fr\/blog\/#\/schema\/logo\/image\/","url":"https:\/\/www.autojm.fr\/blog\/wp-content\/uploads\/2022\/12\/cropped-AutoJMag-png.png","contentUrl":"https:\/\/www.autojm.fr\/blog\/wp-content\/uploads\/2022\/12\/cropped-AutoJMag-png.png","width":2834,"height":585,"caption":"AutoJM Mag"},"image":{"@id":"https:\/\/www.autojm.fr\/blog\/#\/schema\/logo\/image\/"},"sameAs":["https:\/\/www.facebook.com\/AutoJM25"]},{"@type":"Person","@id":"https:\/\/www.autojm.fr\/blog\/#\/schema\/person\/9742bc77541853e0de81fc57f947e1a0","name":"Autojm","image":{"@type":"ImageObject","inLanguage":"fr-FR","@id":"https:\/\/secure.gravatar.com\/avatar\/9a959d52b758fcc232fe4b6aca7bab139182573297122cce7d6f2ee0e537b418?s=96&d=mm&r=g","url":"https:\/\/secure.gravatar.com\/avatar\/9a959d52b758fcc232fe4b6aca7bab139182573297122cce7d6f2ee0e537b418?s=96&d=mm&r=g","contentUrl":"https:\/\/secure.gravatar.com\/avatar\/9a959d52b758fcc232fe4b6aca7bab139182573297122cce7d6f2ee0e537b418?s=96&d=mm&r=g","caption":"Autojm"},"sameAs":["https:\/\/www.autojm.fr\/blog"],"url":"https:\/\/www.autojm.fr\/blog\/author\/bichoi\/"}]}},"_links":{"self":[{"href":"https:\/\/www.autojm.fr\/blog\/wp-json\/wp\/v2\/posts\/3939","targetHints":{"allow":["GET"]}}],"collection":[{"href":"https:\/\/www.autojm.fr\/blog\/wp-json\/wp\/v2\/posts"}],"about":[{"href":"https:\/\/www.autojm.fr\/blog\/wp-json\/wp\/v2\/types\/post"}],"author":[{"embeddable":true,"href":"https:\/\/www.autojm.fr\/blog\/wp-json\/wp\/v2\/users\/1"}],"replies":[{"embeddable":true,"href":"https:\/\/www.autojm.fr\/blog\/wp-json\/wp\/v2\/comments?post=3939"}],"version-history":[{"count":5,"href":"https:\/\/www.autojm.fr\/blog\/wp-json\/wp\/v2\/posts\/3939\/revisions"}],"predecessor-version":[{"id":9158,"href":"https:\/\/www.autojm.fr\/blog\/wp-json\/wp\/v2\/posts\/3939\/revisions\/9158"}],"wp:featuredmedia":[{"embeddable":true,"href":"https:\/\/www.autojm.fr\/blog\/wp-json\/wp\/v2\/media\/5997"}],"wp:attachment":[{"href":"https:\/\/www.autojm.fr\/blog\/wp-json\/wp\/v2\/media?parent=3939"}],"wp:term":[{"taxonomy":"category","embeddable":true,"href":"https:\/\/www.autojm.fr\/blog\/wp-json\/wp\/v2\/categories?post=3939"},{"taxonomy":"post_tag","embeddable":true,"href":"https:\/\/www.autojm.fr\/blog\/wp-json\/wp\/v2\/tags?post=3939"}],"curies":[{"name":"wp","href":"https:\/\/api.w.org\/{rel}","templated":true}]}}